{"id":146900,"date":"2024-10-24T22:15:41","date_gmt":"2024-10-25T01:15:41","guid":{"rendered":"https:\/\/noticiasmercedinas.com\/site\/?p=146900"},"modified":"2024-10-24T22:15:41","modified_gmt":"2024-10-25T01:15:41","slug":"walter-villa-seleccionado-entre-los-mejores-en-certamen-fotografico-participa-en-pinta-baphoto-2024","status":"publish","type":"post","link":"https:\/\/noticiasmercedinas.com\/site\/2024\/10\/24\/walter-villa-seleccionado-entre-los-mejores-en-certamen-fotografico-participa-en-pinta-baphoto-2024\/","title":{"rendered":"Walter Villa, seleccionado entre los mejores en certamen fotogr\u00e1fico, participa en Pinta BAphoto 2024"},"content":{"rendered":"<p><img loading=\"lazy\" decoding=\"async\" class=\"alignnone size-full wp-image-146901\" src=\"https:\/\/noticiasmercedinas.com\/site\/wp-content\/uploads\/2024\/10\/lluvia-estacion-copia-scaled.jpg\" alt=\"\" width=\"2560\" height=\"1829\" srcset=\"https:\/\/noticiasmercedinas.com\/site\/wp-content\/uploads\/2024\/10\/lluvia-estacion-copia-scaled.jpg 2560w, https:\/\/noticiasmercedinas.com\/site\/wp-content\/uploads\/2024\/10\/lluvia-estacion-copia-300x214.jpg 300w, https:\/\/noticiasmercedinas.com\/site\/wp-content\/uploads\/2024\/10\/lluvia-estacion-copia-1024x731.jpg 1024w, https:\/\/noticiasmercedinas.com\/site\/wp-content\/uploads\/2024\/10\/lluvia-estacion-copia-768x549.jpg 768w, https:\/\/noticiasmercedinas.com\/site\/wp-content\/uploads\/2024\/10\/lluvia-estacion-copia-1536x1097.jpg 1536w, https:\/\/noticiasmercedinas.com\/site\/wp-content\/uploads\/2024\/10\/lluvia-estacion-copia-2048x1463.jpg 2048w, https:\/\/noticiasmercedinas.com\/site\/wp-content\/uploads\/2024\/10\/lluvia-estacion-copia-640x457.jpg 640w, https:\/\/noticiasmercedinas.com\/site\/wp-content\/uploads\/2024\/10\/lluvia-estacion-copia-1280x914.jpg 1280w, https:\/\/noticiasmercedinas.com\/site\/wp-content\/uploads\/2024\/10\/lluvia-estacion-copia-681x486.jpg 681w, https:\/\/noticiasmercedinas.com\/site\/wp-content\/uploads\/2024\/10\/lluvia-estacion-copia-1362x973.jpg 1362w\" sizes=\"auto, (max-width: 2560px) 100vw, 2560px\" \/><\/p>\n<p>El fot\u00f3grafo mercedino <strong>Walter Villa<\/strong> ha sido destacado en el certamen \u00abZ\u00farich: La mirada de protecci\u00f3n que nos representa\u00bb, logrando posicionar dos de sus obras entre las diez mejores im\u00e1genes del concurso. Esta selecci\u00f3n refuerza la trayectoria de Villa en el mundo de la fotograf\u00eda, consolidando su presencia en eventos de gran envergadura como Pinta BAphoto 2024.<\/p>\n<p>Pinta BAphoto, la feria de arte especializada en fotograf\u00eda m\u00e1s influyente de Latinoam\u00e9rica, celebra este a\u00f1o su 20\u00ba aniversario en la Ciudad de Buenos Aires. Desde su creaci\u00f3n en 2005, este evento ha sido un punto de encuentro clave para artistas, curadores, cr\u00edticos y coleccionistas de todo el mundo, promoviendo el desarrollo y visibilidad de la fotograf\u00eda en el \u00e1mbito art\u00edstico internacional.<\/p>\n<p>La feria, que cuenta con un programa diverso y curado por reconocidos especialistas, incluye secciones como \u00abNEXT | Fuera de Foco\u00bb, \u00abArtista Homenaje\u00bb, \u00abSpecial Project\u00bb, y la nueva \u00abSecci\u00f3n RADAR\u00bb, que explora el arte como hecho social. Adem\u00e1s, el Programa FORO fomenta el debate entre invitados destacados, y el sector editorial a\u00f1ade un enfoque intelectual a la propuesta.<\/p>\n<p>Con su participaci\u00f3n en Pinta BAphoto 2024, Walter Villa se suma a una plataforma que celebra la evoluci\u00f3n del mercado y la profesionalizaci\u00f3n de la fotograf\u00eda, tanto a nivel local como internacional. Este reconocimiento refuerza el compromiso de Villa con la fotograf\u00eda como una forma de arte disruptiva y culturalmente significativa, en l\u00ednea con el esp\u00edritu de la feria.<\/p>\n<p><img loading=\"lazy\" decoding=\"async\" class=\"alignnone size-full wp-image-146902\" src=\"https:\/\/noticiasmercedinas.com\/site\/wp-content\/uploads\/2024\/10\/483950b0-c790-49df-b276-a2f15a1c0215.jpeg\" alt=\"\" width=\"1280\" height=\"914\" srcset=\"https:\/\/noticiasmercedinas.com\/site\/wp-content\/uploads\/2024\/10\/483950b0-c790-49df-b276-a2f15a1c0215.jpeg 1280w, https:\/\/noticiasmercedinas.com\/site\/wp-content\/uploads\/2024\/10\/483950b0-c790-49df-b276-a2f15a1c0215-300x214.jpeg 300w, https:\/\/noticiasmercedinas.com\/site\/wp-content\/uploads\/2024\/10\/483950b0-c790-49df-b276-a2f15a1c0215-1024x731.jpeg 1024w, https:\/\/noticiasmercedinas.com\/site\/wp-content\/uploads\/2024\/10\/483950b0-c790-49df-b276-a2f15a1c0215-768x548.jpeg 768w, https:\/\/noticiasmercedinas.com\/site\/wp-content\/uploads\/2024\/10\/483950b0-c790-49df-b276-a2f15a1c0215-640x457.jpeg 640w, https:\/\/noticiasmercedinas.com\/site\/wp-content\/uploads\/2024\/10\/483950b0-c790-49df-b276-a2f15a1c0215-681x486.jpeg 681w\" sizes=\"auto, (max-width: 1280px) 100vw, 1280px\" \/><\/p>\n","protected":false},"excerpt":{"rendered":"<p>\u25a0 Ha sido destacado en el certamen \u00abZ\u00farich: La mirada de protecci\u00f3n que nos representa\u00bb, logrando posicionar dos de sus obras entre las diez mejores im\u00e1genes<\/p>\n","protected":false},"author":16,"featured_media":146901,"comment_status":"closed","ping_status":"closed","sticky":false,"template":"","format":"standard","meta":{"footnotes":""},"categories":[4],"tags":[558,19032,557,19031],"class_list":["post-146900","post","type-post","status-publish","format-standard","has-post-thumbnail","hentry","category-cultura","tag-fotografia","tag-pinta-baphoto-2024","tag-walter-villa","tag-zurich"],"yoast_head":"<!-- This site is optimized with the Yoast SEO plugin v27.4 - https:\/\/yoast.com\/product\/yoast-seo-wordpress\/ -->\n<title>Walter Villa, seleccionado entre los mejores en certamen fotogr\u00e1fico, participa en Pinta BAphoto 2024<\/title>\n<meta name=\"robots\" content=\"index, follow, max-snippet:-1, max-image-preview:large, max-video-preview:-1\" \/>\n<link rel=\"canonical\" href=\"https:\/\/noticiasmercedinas.com\/site\/2024\/10\/24\/walter-villa-seleccionado-entre-los-mejores-en-certamen-fotografico-participa-en-pinta-baphoto-2024\/\" \/>\n<meta property=\"og:locale\" content=\"es_ES\" \/>\n<meta property=\"og:type\" content=\"article\" \/>\n<meta property=\"og:title\" content=\"Walter Villa, seleccionado entre los mejores en certamen fotogr\u00e1fico, participa en Pinta BAphoto 2024\" \/>\n<meta property=\"og:description\" content=\"\u25a0 Ha sido destacado en el certamen &quot;Z\u00farich: La mirada de protecci\u00f3n que nos representa&quot;, logrando posicionar dos de sus obras entre las diez mejores im\u00e1genes\" \/>\n<meta property=\"og:url\" content=\"https:\/\/noticiasmercedinas.com\/site\/2024\/10\/24\/walter-villa-seleccionado-entre-los-mejores-en-certamen-fotografico-participa-en-pinta-baphoto-2024\/\" \/>\n<meta property=\"og:site_name\" content=\"NOTICIASMERCEDINAS.COM\" \/>\n<meta property=\"article:publisher\" content=\"https:\/\/www.facebook.com\/noticiasmercedinas\/\" \/>\n<meta property=\"article:published_time\" content=\"2024-10-25T01:15:41+00:00\" \/>\n<meta property=\"og:image\" content=\"https:\/\/noticiasmercedinas.com\/site\/wp-content\/uploads\/2024\/10\/lluvia-estacion-copia-scaled.jpg\" \/>\n\t<meta property=\"og:image:width\" content=\"2560\" \/>\n\t<meta property=\"og:image:height\" content=\"1829\" \/>\n\t<meta property=\"og:image:type\" content=\"image\/jpeg\" \/>\n<meta name=\"author\" content=\"NOTICIASMERCEDINAS.COM\" \/>\n<meta name=\"twitter:card\" content=\"summary_large_image\" \/>\n<meta name=\"twitter:creator\" content=\"@notmercedinas\" \/>\n<meta name=\"twitter:site\" content=\"@notmercedinas\" \/>\n<meta name=\"twitter:label1\" content=\"Escrito por\" \/>\n\t<meta name=\"twitter:data1\" content=\"NOTICIASMERCEDINAS.COM\" \/>\n\t<meta name=\"twitter:label2\" content=\"Tiempo de lectura\" \/>\n\t<meta name=\"twitter:data2\" content=\"1 minuto\" \/>\n<script type=\"application\/ld+json\" class=\"yoast-schema-graph\">{\"@context\":\"https:\\\/\\\/schema.org\",\"@graph\":[{\"@type\":\"Article\",\"@id\":\"https:\\\/\\\/noticiasmercedinas.com\\\/site\\\/2024\\\/10\\\/24\\\/walter-villa-seleccionado-entre-los-mejores-en-certamen-fotografico-participa-en-pinta-baphoto-2024\\\/#article\",\"isPartOf\":{\"@id\":\"https:\\\/\\\/noticiasmercedinas.com\\\/site\\\/2024\\\/10\\\/24\\\/walter-villa-seleccionado-entre-los-mejores-en-certamen-fotografico-participa-en-pinta-baphoto-2024\\\/\"},\"author\":{\"name\":\"NOTICIASMERCEDINAS.COM\",\"@id\":\"https:\\\/\\\/noticiasmercedinas.com\\\/site\\\/#\\\/schema\\\/person\\\/84b59c099c28ff2e8b77d4ceec5d8063\"},\"headline\":\"Walter Villa, seleccionado entre los mejores en certamen fotogr\u00e1fico, participa en Pinta BAphoto 2024\",\"datePublished\":\"2024-10-25T01:15:41+00:00\",\"mainEntityOfPage\":{\"@id\":\"https:\\\/\\\/noticiasmercedinas.com\\\/site\\\/2024\\\/10\\\/24\\\/walter-villa-seleccionado-entre-los-mejores-en-certamen-fotografico-participa-en-pinta-baphoto-2024\\\/\"},\"wordCount\":269,\"publisher\":{\"@id\":\"https:\\\/\\\/noticiasmercedinas.com\\\/site\\\/#organization\"},\"image\":{\"@id\":\"https:\\\/\\\/noticiasmercedinas.com\\\/site\\\/2024\\\/10\\\/24\\\/walter-villa-seleccionado-entre-los-mejores-en-certamen-fotografico-participa-en-pinta-baphoto-2024\\\/#primaryimage\"},\"thumbnailUrl\":\"https:\\\/\\\/noticiasmercedinas.com\\\/site\\\/wp-content\\\/uploads\\\/2024\\\/10\\\/lluvia-estacion-copia-scaled.jpg\",\"keywords\":[\"fotografia\",\"Pinta BAphoto 2024\",\"walter villa\",\"zurich\"],\"articleSection\":[\"Cultura\"],\"inLanguage\":\"es\"},{\"@type\":\"WebPage\",\"@id\":\"https:\\\/\\\/noticiasmercedinas.com\\\/site\\\/2024\\\/10\\\/24\\\/walter-villa-seleccionado-entre-los-mejores-en-certamen-fotografico-participa-en-pinta-baphoto-2024\\\/\",\"url\":\"https:\\\/\\\/noticiasmercedinas.com\\\/site\\\/2024\\\/10\\\/24\\\/walter-villa-seleccionado-entre-los-mejores-en-certamen-fotografico-participa-en-pinta-baphoto-2024\\\/\",\"name\":\"Walter Villa, seleccionado entre los mejores en certamen fotogr\u00e1fico, participa en Pinta BAphoto 2024\",\"isPartOf\":{\"@id\":\"https:\\\/\\\/noticiasmercedinas.com\\\/site\\\/#website\"},\"primaryImageOfPage\":{\"@id\":\"https:\\\/\\\/noticiasmercedinas.com\\\/site\\\/2024\\\/10\\\/24\\\/walter-villa-seleccionado-entre-los-mejores-en-certamen-fotografico-participa-en-pinta-baphoto-2024\\\/#primaryimage\"},\"image\":{\"@id\":\"https:\\\/\\\/noticiasmercedinas.com\\\/site\\\/2024\\\/10\\\/24\\\/walter-villa-seleccionado-entre-los-mejores-en-certamen-fotografico-participa-en-pinta-baphoto-2024\\\/#primaryimage\"},\"thumbnailUrl\":\"https:\\\/\\\/noticiasmercedinas.com\\\/site\\\/wp-content\\\/uploads\\\/2024\\\/10\\\/lluvia-estacion-copia-scaled.jpg\",\"datePublished\":\"2024-10-25T01:15:41+00:00\",\"breadcrumb\":{\"@id\":\"https:\\\/\\\/noticiasmercedinas.com\\\/site\\\/2024\\\/10\\\/24\\\/walter-villa-seleccionado-entre-los-mejores-en-certamen-fotografico-participa-en-pinta-baphoto-2024\\\/#breadcrumb\"},\"inLanguage\":\"es\",\"potentialAction\":[{\"@type\":\"ReadAction\",\"target\":[\"https:\\\/\\\/noticiasmercedinas.com\\\/site\\\/2024\\\/10\\\/24\\\/walter-villa-seleccionado-entre-los-mejores-en-certamen-fotografico-participa-en-pinta-baphoto-2024\\\/\"]}]},{\"@type\":\"ImageObject\",\"inLanguage\":\"es\",\"@id\":\"https:\\\/\\\/noticiasmercedinas.com\\\/site\\\/2024\\\/10\\\/24\\\/walter-villa-seleccionado-entre-los-mejores-en-certamen-fotografico-participa-en-pinta-baphoto-2024\\\/#primaryimage\",\"url\":\"https:\\\/\\\/noticiasmercedinas.com\\\/site\\\/wp-content\\\/uploads\\\/2024\\\/10\\\/lluvia-estacion-copia-scaled.jpg\",\"contentUrl\":\"https:\\\/\\\/noticiasmercedinas.com\\\/site\\\/wp-content\\\/uploads\\\/2024\\\/10\\\/lluvia-estacion-copia-scaled.jpg\",\"width\":2560,\"height\":1829},{\"@type\":\"BreadcrumbList\",\"@id\":\"https:\\\/\\\/noticiasmercedinas.com\\\/site\\\/2024\\\/10\\\/24\\\/walter-villa-seleccionado-entre-los-mejores-en-certamen-fotografico-participa-en-pinta-baphoto-2024\\\/#breadcrumb\",\"itemListElement\":[{\"@type\":\"ListItem\",\"position\":1,\"name\":\"Portada\",\"item\":\"https:\\\/\\\/noticiasmercedinas.com\\\/site\\\/\"},{\"@type\":\"ListItem\",\"position\":2,\"name\":\"Walter Villa, seleccionado entre los mejores en certamen fotogr\u00e1fico, participa en Pinta BAphoto 2024\"}]},{\"@type\":\"WebSite\",\"@id\":\"https:\\\/\\\/noticiasmercedinas.com\\\/site\\\/#website\",\"url\":\"https:\\\/\\\/noticiasmercedinas.com\\\/site\\\/\",\"name\":\"NOTICIASMERCEDINAS.COM\",\"description\":\"Mercedes, Buenos Aires, Argentina\",\"publisher\":{\"@id\":\"https:\\\/\\\/noticiasmercedinas.com\\\/site\\\/#organization\"},\"potentialAction\":[{\"@type\":\"SearchAction\",\"target\":{\"@type\":\"EntryPoint\",\"urlTemplate\":\"https:\\\/\\\/noticiasmercedinas.com\\\/site\\\/?s={search_term_string}\"},\"query-input\":{\"@type\":\"PropertyValueSpecification\",\"valueRequired\":true,\"valueName\":\"search_term_string\"}}],\"inLanguage\":\"es\"},{\"@type\":\"Organization\",\"@id\":\"https:\\\/\\\/noticiasmercedinas.com\\\/site\\\/#organization\",\"name\":\"NOTICIASMERCEDINAS.COM\",\"url\":\"https:\\\/\\\/noticiasmercedinas.com\\\/site\\\/\",\"logo\":{\"@type\":\"ImageObject\",\"inLanguage\":\"es\",\"@id\":\"https:\\\/\\\/noticiasmercedinas.com\\\/site\\\/#\\\/schema\\\/logo\\\/image\\\/\",\"url\":\"https:\\\/\\\/noticiasmercedinas.com\\\/site\\\/wp-content\\\/uploads\\\/2020\\\/06\\\/LOGO-512.jpg\",\"contentUrl\":\"https:\\\/\\\/noticiasmercedinas.com\\\/site\\\/wp-content\\\/uploads\\\/2020\\\/06\\\/LOGO-512.jpg\",\"width\":512,\"height\":512,\"caption\":\"NOTICIASMERCEDINAS.COM\"},\"image\":{\"@id\":\"https:\\\/\\\/noticiasmercedinas.com\\\/site\\\/#\\\/schema\\\/logo\\\/image\\\/\"},\"sameAs\":[\"https:\\\/\\\/www.facebook.com\\\/noticiasmercedinas\\\/\",\"https:\\\/\\\/x.com\\\/notmercedinas\",\"https:\\\/\\\/www.instagram.com\\\/noticiasmercedinas\\\/\"]},{\"@type\":\"Person\",\"@id\":\"https:\\\/\\\/noticiasmercedinas.com\\\/site\\\/#\\\/schema\\\/person\\\/84b59c099c28ff2e8b77d4ceec5d8063\",\"name\":\"NOTICIASMERCEDINAS.COM\",\"image\":{\"@type\":\"ImageObject\",\"inLanguage\":\"es\",\"@id\":\"https:\\\/\\\/secure.gravatar.com\\\/avatar\\\/4dfbf16b4d17945bfb6341b2d19043457132fcf478a5ee04f42e959fd8f5df0a?s=96&d=mm&r=g\",\"url\":\"https:\\\/\\\/secure.gravatar.com\\\/avatar\\\/4dfbf16b4d17945bfb6341b2d19043457132fcf478a5ee04f42e959fd8f5df0a?s=96&d=mm&r=g\",\"contentUrl\":\"https:\\\/\\\/secure.gravatar.com\\\/avatar\\\/4dfbf16b4d17945bfb6341b2d19043457132fcf478a5ee04f42e959fd8f5df0a?s=96&d=mm&r=g\",\"caption\":\"NOTICIASMERCEDINAS.COM\"},\"url\":\"https:\\\/\\\/noticiasmercedinas.com\\\/site\\\/author\\\/anonimo\\\/\"}]}<\/script>\n<!-- \/ Yoast SEO plugin. -->","yoast_head_json":{"title":"Walter Villa, seleccionado entre los mejores en certamen fotogr\u00e1fico, participa en Pinta BAphoto 2024","robots":{"index":"index","follow":"follow","max-snippet":"max-snippet:-1","max-image-preview":"max-image-preview:large","max-video-preview":"max-video-preview:-1"},"canonical":"https:\/\/noticiasmercedinas.com\/site\/2024\/10\/24\/walter-villa-seleccionado-entre-los-mejores-en-certamen-fotografico-participa-en-pinta-baphoto-2024\/","og_locale":"es_ES","og_type":"article","og_title":"Walter Villa, seleccionado entre los mejores en certamen fotogr\u00e1fico, participa en Pinta BAphoto 2024","og_description":"\u25a0 Ha sido destacado en el certamen \"Z\u00farich: La mirada de protecci\u00f3n que nos representa\", logrando posicionar dos de sus obras entre las diez mejores im\u00e1genes","og_url":"https:\/\/noticiasmercedinas.com\/site\/2024\/10\/24\/walter-villa-seleccionado-entre-los-mejores-en-certamen-fotografico-participa-en-pinta-baphoto-2024\/","og_site_name":"NOTICIASMERCEDINAS.COM","article_publisher":"https:\/\/www.facebook.com\/noticiasmercedinas\/","article_published_time":"2024-10-25T01:15:41+00:00","og_image":[{"width":2560,"height":1829,"url":"https:\/\/noticiasmercedinas.com\/site\/wp-content\/uploads\/2024\/10\/lluvia-estacion-copia-scaled.jpg","type":"image\/jpeg"}],"author":"NOTICIASMERCEDINAS.COM","twitter_card":"summary_large_image","twitter_creator":"@notmercedinas","twitter_site":"@notmercedinas","twitter_misc":{"Escrito por":"NOTICIASMERCEDINAS.COM","Tiempo de lectura":"1 minuto"},"schema":{"@context":"https:\/\/schema.org","@graph":[{"@type":"Article","@id":"https:\/\/noticiasmercedinas.com\/site\/2024\/10\/24\/walter-villa-seleccionado-entre-los-mejores-en-certamen-fotografico-participa-en-pinta-baphoto-2024\/#article","isPartOf":{"@id":"https:\/\/noticiasmercedinas.com\/site\/2024\/10\/24\/walter-villa-seleccionado-entre-los-mejores-en-certamen-fotografico-participa-en-pinta-baphoto-2024\/"},"author":{"name":"NOTICIASMERCEDINAS.COM","@id":"https:\/\/noticiasmercedinas.com\/site\/#\/schema\/person\/84b59c099c28ff2e8b77d4ceec5d8063"},"headline":"Walter Villa, seleccionado entre los mejores en certamen fotogr\u00e1fico, participa en Pinta BAphoto 2024","datePublished":"2024-10-25T01:15:41+00:00","mainEntityOfPage":{"@id":"https:\/\/noticiasmercedinas.com\/site\/2024\/10\/24\/walter-villa-seleccionado-entre-los-mejores-en-certamen-fotografico-participa-en-pinta-baphoto-2024\/"},"wordCount":269,"publisher":{"@id":"https:\/\/noticiasmercedinas.com\/site\/#organization"},"image":{"@id":"https:\/\/noticiasmercedinas.com\/site\/2024\/10\/24\/walter-villa-seleccionado-entre-los-mejores-en-certamen-fotografico-participa-en-pinta-baphoto-2024\/#primaryimage"},"thumbnailUrl":"https:\/\/noticiasmercedinas.com\/site\/wp-content\/uploads\/2024\/10\/lluvia-estacion-copia-scaled.jpg","keywords":["fotografia","Pinta BAphoto 2024","walter villa","zurich"],"articleSection":["Cultura"],"inLanguage":"es"},{"@type":"WebPage","@id":"https:\/\/noticiasmercedinas.com\/site\/2024\/10\/24\/walter-villa-seleccionado-entre-los-mejores-en-certamen-fotografico-participa-en-pinta-baphoto-2024\/","url":"https:\/\/noticiasmercedinas.com\/site\/2024\/10\/24\/walter-villa-seleccionado-entre-los-mejores-en-certamen-fotografico-participa-en-pinta-baphoto-2024\/","name":"Walter Villa, seleccionado entre los mejores en certamen fotogr\u00e1fico, participa en Pinta BAphoto 2024","isPartOf":{"@id":"https:\/\/noticiasmercedinas.com\/site\/#website"},"primaryImageOfPage":{"@id":"https:\/\/noticiasmercedinas.com\/site\/2024\/10\/24\/walter-villa-seleccionado-entre-los-mejores-en-certamen-fotografico-participa-en-pinta-baphoto-2024\/#primaryimage"},"image":{"@id":"https:\/\/noticiasmercedinas.com\/site\/2024\/10\/24\/walter-villa-seleccionado-entre-los-mejores-en-certamen-fotografico-participa-en-pinta-baphoto-2024\/#primaryimage"},"thumbnailUrl":"https:\/\/noticiasmercedinas.com\/site\/wp-content\/uploads\/2024\/10\/lluvia-estacion-copia-scaled.jpg","datePublished":"2024-10-25T01:15:41+00:00","breadcrumb":{"@id":"https:\/\/noticiasmercedinas.com\/site\/2024\/10\/24\/walter-villa-seleccionado-entre-los-mejores-en-certamen-fotografico-participa-en-pinta-baphoto-2024\/#breadcrumb"},"inLanguage":"es","potentialAction":[{"@type":"ReadAction","target":["https:\/\/noticiasmercedinas.com\/site\/2024\/10\/24\/walter-villa-seleccionado-entre-los-mejores-en-certamen-fotografico-participa-en-pinta-baphoto-2024\/"]}]},{"@type":"ImageObject","inLanguage":"es","@id":"https:\/\/noticiasmercedinas.com\/site\/2024\/10\/24\/walter-villa-seleccionado-entre-los-mejores-en-certamen-fotografico-participa-en-pinta-baphoto-2024\/#primaryimage","url":"https:\/\/noticiasmercedinas.com\/site\/wp-content\/uploads\/2024\/10\/lluvia-estacion-copia-scaled.jpg","contentUrl":"https:\/\/noticiasmercedinas.com\/site\/wp-content\/uploads\/2024\/10\/lluvia-estacion-copia-scaled.jpg","width":2560,"height":1829},{"@type":"BreadcrumbList","@id":"https:\/\/noticiasmercedinas.com\/site\/2024\/10\/24\/walter-villa-seleccionado-entre-los-mejores-en-certamen-fotografico-participa-en-pinta-baphoto-2024\/#breadcrumb","itemListElement":[{"@type":"ListItem","position":1,"name":"Portada","item":"https:\/\/noticiasmercedinas.com\/site\/"},{"@type":"ListItem","position":2,"name":"Walter Villa, seleccionado entre los mejores en certamen fotogr\u00e1fico, participa en Pinta BAphoto 2024"}]},{"@type":"WebSite","@id":"https:\/\/noticiasmercedinas.com\/site\/#website","url":"https:\/\/noticiasmercedinas.com\/site\/","name":"NOTICIASMERCEDINAS.COM","description":"Mercedes, Buenos Aires, Argentina","publisher":{"@id":"https:\/\/noticiasmercedinas.com\/site\/#organization"},"potentialAction":[{"@type":"SearchAction","target":{"@type":"EntryPoint","urlTemplate":"https:\/\/noticiasmercedinas.com\/site\/?s={search_term_string}"},"query-input":{"@type":"PropertyValueSpecification","valueRequired":true,"valueName":"search_term_string"}}],"inLanguage":"es"},{"@type":"Organization","@id":"https:\/\/noticiasmercedinas.com\/site\/#organization","name":"NOTICIASMERCEDINAS.COM","url":"https:\/\/noticiasmercedinas.com\/site\/","logo":{"@type":"ImageObject","inLanguage":"es","@id":"https:\/\/noticiasmercedinas.com\/site\/#\/schema\/logo\/image\/","url":"https:\/\/noticiasmercedinas.com\/site\/wp-content\/uploads\/2020\/06\/LOGO-512.jpg","contentUrl":"https:\/\/noticiasmercedinas.com\/site\/wp-content\/uploads\/2020\/06\/LOGO-512.jpg","width":512,"height":512,"caption":"NOTICIASMERCEDINAS.COM"},"image":{"@id":"https:\/\/noticiasmercedinas.com\/site\/#\/schema\/logo\/image\/"},"sameAs":["https:\/\/www.facebook.com\/noticiasmercedinas\/","https:\/\/x.com\/notmercedinas","https:\/\/www.instagram.com\/noticiasmercedinas\/"]},{"@type":"Person","@id":"https:\/\/noticiasmercedinas.com\/site\/#\/schema\/person\/84b59c099c28ff2e8b77d4ceec5d8063","name":"NOTICIASMERCEDINAS.COM","image":{"@type":"ImageObject","inLanguage":"es","@id":"https:\/\/secure.gravatar.com\/avatar\/4dfbf16b4d17945bfb6341b2d19043457132fcf478a5ee04f42e959fd8f5df0a?s=96&d=mm&r=g","url":"https:\/\/secure.gravatar.com\/avatar\/4dfbf16b4d17945bfb6341b2d19043457132fcf478a5ee04f42e959fd8f5df0a?s=96&d=mm&r=g","contentUrl":"https:\/\/secure.gravatar.com\/avatar\/4dfbf16b4d17945bfb6341b2d19043457132fcf478a5ee04f42e959fd8f5df0a?s=96&d=mm&r=g","caption":"NOTICIASMERCEDINAS.COM"},"url":"https:\/\/noticiasmercedinas.com\/site\/author\/anonimo\/"}]}},"amp_enabled":true,"_links":{"self":[{"href":"https:\/\/noticiasmercedinas.com\/site\/wp-json\/wp\/v2\/posts\/146900","targetHints":{"allow":["GET"]}}],"collection":[{"href":"https:\/\/noticiasmercedinas.com\/site\/wp-json\/wp\/v2\/posts"}],"about":[{"href":"https:\/\/noticiasmercedinas.com\/site\/wp-json\/wp\/v2\/types\/post"}],"author":[{"embeddable":true,"href":"https:\/\/noticiasmercedinas.com\/site\/wp-json\/wp\/v2\/users\/16"}],"replies":[{"embeddable":true,"href":"https:\/\/noticiasmercedinas.com\/site\/wp-json\/wp\/v2\/comments?post=146900"}],"version-history":[{"count":1,"href":"https:\/\/noticiasmercedinas.com\/site\/wp-json\/wp\/v2\/posts\/146900\/revisions"}],"predecessor-version":[{"id":146903,"href":"https:\/\/noticiasmercedinas.com\/site\/wp-json\/wp\/v2\/posts\/146900\/revisions\/146903"}],"wp:featuredmedia":[{"embeddable":true,"href":"https:\/\/noticiasmercedinas.com\/site\/wp-json\/wp\/v2\/media\/146901"}],"wp:attachment":[{"href":"https:\/\/noticiasmercedinas.com\/site\/wp-json\/wp\/v2\/media?parent=146900"}],"wp:term":[{"taxonomy":"category","embeddable":true,"href":"https:\/\/noticiasmercedinas.com\/site\/wp-json\/wp\/v2\/categories?post=146900"},{"taxonomy":"post_tag","embeddable":true,"href":"https:\/\/noticiasmercedinas.com\/site\/wp-json\/wp\/v2\/tags?post=146900"}],"curies":[{"name":"wp","href":"https:\/\/api.w.org\/{rel}","templated":true}]}}