{"id":147051,"date":"2024-10-28T11:57:50","date_gmt":"2024-10-28T14:57:50","guid":{"rendered":"https:\/\/noticiasmercedinas.com\/site\/?p=147051"},"modified":"2024-10-28T21:33:17","modified_gmt":"2024-10-29T00:33:17","slug":"se-va-definiendo-quienes-seran-los-seis-clasificados","status":"publish","type":"post","link":"https:\/\/noticiasmercedinas.com\/site\/2024\/10\/28\/se-va-definiendo-quienes-seran-los-seis-clasificados\/","title":{"rendered":"Se va definiendo qui\u00e9nes ser\u00e1n los seis clasificados"},"content":{"rendered":"<figure id=\"attachment_147052\" aria-describedby=\"caption-attachment-147052\" style=\"width: 640px\" class=\"wp-caption alignnone\"><img loading=\"lazy\" decoding=\"async\" class=\"wp-image-147052 size-full\" src=\"https:\/\/noticiasmercedinas.com\/site\/wp-content\/uploads\/2024\/10\/union.jpg\" alt=\"\" width=\"640\" height=\"441\" srcset=\"https:\/\/noticiasmercedinas.com\/site\/wp-content\/uploads\/2024\/10\/union.jpg 640w, https:\/\/noticiasmercedinas.com\/site\/wp-content\/uploads\/2024\/10\/union-300x207.jpg 300w\" sizes=\"auto, (max-width: 640px) 100vw, 640px\" \/><figcaption id=\"caption-attachment-147052\" class=\"wp-caption-text\">Uni\u00f3n gole\u00f3 y se ilusiona con clasificar. (Foto Uni\u00f3n Femenino).<\/figcaption><\/figure>\n<p>Por la und\u00e9cima fecha de Primera en el f\u00fatbol Femenino s\u00f3lo qued\u00f3 suspendido Defensores vs. Club Mercedes, todo en medio de una jornada donde no jugaron Pabell\u00f3n y La Tijera, puntero el equipo de Marcos Paz al que se le acerc\u00f3 Flandria que gole\u00f3 en J\u00e1uregui a Palometas.<\/p>\n<p>Destacada fue la goleada de Uni\u00f3n, sobre Social y Deportivo Nicol\u00e1s, meti\u00e9ndose el club mercedino en la zona de clasificaci\u00f3n y quedando a la espera del resultado, con ello sabr\u00e1 si estar\u00e1 entre los seis del Reducido, mientras tanto complet\u00f3 el fixture de la fase regular.<\/p>\n<p>Otro de los ganadores del fin de semana es El Tim\u00f3n. Frente a Trocha y en San Andr\u00e9s de Giles fue la goleada de El Front\u00f3n que lo pone en la puerta de llegar a la clasificaci\u00f3n, quedan s\u00f3lo dos fechas para cerrar la fase regular en la Primera Femenina.<\/p>\n<p><strong>Flandria 4: <\/strong>Stefan\u00eda Gatica y Angela Guerrero 3.<br \/>\n<strong>Palometas 0<\/strong>.<\/p>\n<p><strong>Uni\u00f3n 5:<\/strong> Guadalupe Rojas 2, Tamara Ortubia y Candela Gaiera.<br \/>\n<strong>Social y Deportivo Nicol\u00e1s 0<\/strong>.<\/p>\n<p><strong>El Tim\u00f3n 3: <\/strong>Emilia Mu\u00f1oz 2 y Agustina Bengochea.<strong><br \/>\nTrocha 0.<br \/>\n<\/strong><br \/>\n<strong>El Front\u00f3n 4:<\/strong> Vilma Maggio 3 y Faustina Vachetti.<br \/>\n<strong>Atl\u00e9tico Rodr\u00edguez 0<\/strong>.<\/p>\n<p><img loading=\"lazy\" decoding=\"async\" class=\"alignnone size-full wp-image-147053\" src=\"https:\/\/noticiasmercedinas.com\/site\/wp-content\/uploads\/2024\/10\/Primera-femenino-6.jpg\" alt=\"\" width=\"640\" height=\"387\" srcset=\"https:\/\/noticiasmercedinas.com\/site\/wp-content\/uploads\/2024\/10\/Primera-femenino-6.jpg 640w, https:\/\/noticiasmercedinas.com\/site\/wp-content\/uploads\/2024\/10\/Primera-femenino-6-300x181.jpg 300w\" sizes=\"auto, (max-width: 640px) 100vw, 640px\" \/><br \/>\n<strong><br \/>\nPr\u00f3xima fecha<\/strong><br \/>\nAtl\u00e9tico Rodr\u00edguez vs. Defensores Juniors.<br \/>\nTrocha vs. Flandria.<br \/>\nLa Tijera vs. El Front\u00f3n.<br \/>\nClub Mercedes vs. El Tim\u00f3n.<br \/>\nSocial y Deportivo Nicol\u00e1s vs. Pabell\u00f3n.<br \/>\n<strong>Libres:<\/strong> Uni\u00f3n y Palometas.<\/p>\n","protected":false},"excerpt":{"rendered":"<p>\u25a0 El torneo Femenino de Primera afront\u00f3 12\u00b0 jornada quedando sin disputa Defensores vs. Club Mercedes. Pese a quedar libre sigue liderando Pabell\u00f3n. Gole\u00f3 Uni\u00f3n para completar el fixture y espera por si ingresar\u00e1 al Reducido.<\/p>\n","protected":false},"author":6,"featured_media":147052,"comment_status":"closed","ping_status":"closed","sticky":false,"template":"","format":"standard","meta":{"footnotes":""},"categories":[5],"tags":[751,15882,14177],"class_list":["post-147051","post","type-post","status-publish","format-standard","has-post-thumbnail","hentry","category-deportes","tag-futbol-femenino","tag-liga-mercedina-de-basquet","tag-primera-division"],"yoast_head":"<!-- This site is optimized with the Yoast SEO plugin v27.4 - https:\/\/yoast.com\/product\/yoast-seo-wordpress\/ -->\n<title>Se va definiendo qui\u00e9nes ser\u00e1n los seis clasificados<\/title>\n<meta name=\"robots\" content=\"index, follow, max-snippet:-1, max-image-preview:large, max-video-preview:-1\" \/>\n<link rel=\"canonical\" href=\"https:\/\/noticiasmercedinas.com\/site\/2024\/10\/28\/se-va-definiendo-quienes-seran-los-seis-clasificados\/\" \/>\n<meta property=\"og:locale\" content=\"es_ES\" \/>\n<meta property=\"og:type\" content=\"article\" \/>\n<meta property=\"og:title\" content=\"Se va definiendo qui\u00e9nes ser\u00e1n los seis clasificados\" \/>\n<meta property=\"og:description\" content=\"\u25a0 El torneo Femenino de Primera afront\u00f3 12\u00b0 jornada quedando sin disputa Defensores vs. Club Mercedes. Pese a quedar libre sigue liderando Pabell\u00f3n. Gole\u00f3 Uni\u00f3n para completar el fixture y espera por si ingresar\u00e1 al Reducido.\" \/>\n<meta property=\"og:url\" content=\"https:\/\/noticiasmercedinas.com\/site\/2024\/10\/28\/se-va-definiendo-quienes-seran-los-seis-clasificados\/\" \/>\n<meta property=\"og:site_name\" content=\"NOTICIASMERCEDINAS.COM\" \/>\n<meta property=\"article:publisher\" content=\"https:\/\/www.facebook.com\/noticiasmercedinas\/\" \/>\n<meta property=\"article:published_time\" content=\"2024-10-28T14:57:50+00:00\" \/>\n<meta property=\"article:modified_time\" content=\"2024-10-29T00:33:17+00:00\" \/>\n<meta property=\"og:image\" content=\"https:\/\/noticiasmercedinas.com\/site\/wp-content\/uploads\/2024\/10\/union.jpg\" \/>\n\t<meta property=\"og:image:width\" content=\"640\" \/>\n\t<meta property=\"og:image:height\" content=\"441\" \/>\n\t<meta property=\"og:image:type\" content=\"image\/jpeg\" \/>\n<meta name=\"author\" content=\"Juan Dagnino NOTICIASMERCEDINAS.COM\" \/>\n<meta name=\"twitter:card\" content=\"summary_large_image\" \/>\n<meta name=\"twitter:creator\" content=\"@notmercedinas\" \/>\n<meta name=\"twitter:site\" content=\"@notmercedinas\" \/>\n<meta name=\"twitter:label1\" content=\"Escrito por\" \/>\n\t<meta name=\"twitter:data1\" content=\"Juan Dagnino NOTICIASMERCEDINAS.COM\" \/>\n\t<meta name=\"twitter:label2\" content=\"Tiempo de lectura\" \/>\n\t<meta name=\"twitter:data2\" content=\"1 minuto\" \/>\n<script type=\"application\/ld+json\" class=\"yoast-schema-graph\">{\"@context\":\"https:\\\/\\\/schema.org\",\"@graph\":[{\"@type\":\"Article\",\"@id\":\"https:\\\/\\\/noticiasmercedinas.com\\\/site\\\/2024\\\/10\\\/28\\\/se-va-definiendo-quienes-seran-los-seis-clasificados\\\/#article\",\"isPartOf\":{\"@id\":\"https:\\\/\\\/noticiasmercedinas.com\\\/site\\\/2024\\\/10\\\/28\\\/se-va-definiendo-quienes-seran-los-seis-clasificados\\\/\"},\"author\":{\"name\":\"Juan Dagnino NOTICIASMERCEDINAS.COM\",\"@id\":\"https:\\\/\\\/noticiasmercedinas.com\\\/site\\\/#\\\/schema\\\/person\\\/8f2f09d666ef40986eba4a5e6f2a06f9\"},\"headline\":\"Se va definiendo qui\u00e9nes ser\u00e1n los seis clasificados\",\"datePublished\":\"2024-10-28T14:57:50+00:00\",\"dateModified\":\"2024-10-29T00:33:17+00:00\",\"mainEntityOfPage\":{\"@id\":\"https:\\\/\\\/noticiasmercedinas.com\\\/site\\\/2024\\\/10\\\/28\\\/se-va-definiendo-quienes-seran-los-seis-clasificados\\\/\"},\"wordCount\":269,\"publisher\":{\"@id\":\"https:\\\/\\\/noticiasmercedinas.com\\\/site\\\/#organization\"},\"image\":{\"@id\":\"https:\\\/\\\/noticiasmercedinas.com\\\/site\\\/2024\\\/10\\\/28\\\/se-va-definiendo-quienes-seran-los-seis-clasificados\\\/#primaryimage\"},\"thumbnailUrl\":\"https:\\\/\\\/noticiasmercedinas.com\\\/site\\\/wp-content\\\/uploads\\\/2024\\\/10\\\/union.jpg\",\"keywords\":[\"f\u00fatbol femenino\",\"liga mercedina de basquet\",\"primera divisi\u00f3n\"],\"articleSection\":[\"Deportes\"],\"inLanguage\":\"es\"},{\"@type\":\"WebPage\",\"@id\":\"https:\\\/\\\/noticiasmercedinas.com\\\/site\\\/2024\\\/10\\\/28\\\/se-va-definiendo-quienes-seran-los-seis-clasificados\\\/\",\"url\":\"https:\\\/\\\/noticiasmercedinas.com\\\/site\\\/2024\\\/10\\\/28\\\/se-va-definiendo-quienes-seran-los-seis-clasificados\\\/\",\"name\":\"Se va definiendo qui\u00e9nes ser\u00e1n los seis clasificados\",\"isPartOf\":{\"@id\":\"https:\\\/\\\/noticiasmercedinas.com\\\/site\\\/#website\"},\"primaryImageOfPage\":{\"@id\":\"https:\\\/\\\/noticiasmercedinas.com\\\/site\\\/2024\\\/10\\\/28\\\/se-va-definiendo-quienes-seran-los-seis-clasificados\\\/#primaryimage\"},\"image\":{\"@id\":\"https:\\\/\\\/noticiasmercedinas.com\\\/site\\\/2024\\\/10\\\/28\\\/se-va-definiendo-quienes-seran-los-seis-clasificados\\\/#primaryimage\"},\"thumbnailUrl\":\"https:\\\/\\\/noticiasmercedinas.com\\\/site\\\/wp-content\\\/uploads\\\/2024\\\/10\\\/union.jpg\",\"datePublished\":\"2024-10-28T14:57:50+00:00\",\"dateModified\":\"2024-10-29T00:33:17+00:00\",\"breadcrumb\":{\"@id\":\"https:\\\/\\\/noticiasmercedinas.com\\\/site\\\/2024\\\/10\\\/28\\\/se-va-definiendo-quienes-seran-los-seis-clasificados\\\/#breadcrumb\"},\"inLanguage\":\"es\",\"potentialAction\":[{\"@type\":\"ReadAction\",\"target\":[\"https:\\\/\\\/noticiasmercedinas.com\\\/site\\\/2024\\\/10\\\/28\\\/se-va-definiendo-quienes-seran-los-seis-clasificados\\\/\"]}]},{\"@type\":\"ImageObject\",\"inLanguage\":\"es\",\"@id\":\"https:\\\/\\\/noticiasmercedinas.com\\\/site\\\/2024\\\/10\\\/28\\\/se-va-definiendo-quienes-seran-los-seis-clasificados\\\/#primaryimage\",\"url\":\"https:\\\/\\\/noticiasmercedinas.com\\\/site\\\/wp-content\\\/uploads\\\/2024\\\/10\\\/union.jpg\",\"contentUrl\":\"https:\\\/\\\/noticiasmercedinas.com\\\/site\\\/wp-content\\\/uploads\\\/2024\\\/10\\\/union.jpg\",\"width\":640,\"height\":441},{\"@type\":\"BreadcrumbList\",\"@id\":\"https:\\\/\\\/noticiasmercedinas.com\\\/site\\\/2024\\\/10\\\/28\\\/se-va-definiendo-quienes-seran-los-seis-clasificados\\\/#breadcrumb\",\"itemListElement\":[{\"@type\":\"ListItem\",\"position\":1,\"name\":\"Portada\",\"item\":\"https:\\\/\\\/noticiasmercedinas.com\\\/site\\\/\"},{\"@type\":\"ListItem\",\"position\":2,\"name\":\"Se va definiendo qui\u00e9nes ser\u00e1n los seis clasificados\"}]},{\"@type\":\"WebSite\",\"@id\":\"https:\\\/\\\/noticiasmercedinas.com\\\/site\\\/#website\",\"url\":\"https:\\\/\\\/noticiasmercedinas.com\\\/site\\\/\",\"name\":\"NOTICIASMERCEDINAS.COM\",\"description\":\"Mercedes, Buenos Aires, Argentina\",\"publisher\":{\"@id\":\"https:\\\/\\\/noticiasmercedinas.com\\\/site\\\/#organization\"},\"potentialAction\":[{\"@type\":\"SearchAction\",\"target\":{\"@type\":\"EntryPoint\",\"urlTemplate\":\"https:\\\/\\\/noticiasmercedinas.com\\\/site\\\/?s={search_term_string}\"},\"query-input\":{\"@type\":\"PropertyValueSpecification\",\"valueRequired\":true,\"valueName\":\"search_term_string\"}}],\"inLanguage\":\"es\"},{\"@type\":\"Organization\",\"@id\":\"https:\\\/\\\/noticiasmercedinas.com\\\/site\\\/#organization\",\"name\":\"NOTICIASMERCEDINAS.COM\",\"url\":\"https:\\\/\\\/noticiasmercedinas.com\\\/site\\\/\",\"logo\":{\"@type\":\"ImageObject\",\"inLanguage\":\"es\",\"@id\":\"https:\\\/\\\/noticiasmercedinas.com\\\/site\\\/#\\\/schema\\\/logo\\\/image\\\/\",\"url\":\"https:\\\/\\\/noticiasmercedinas.com\\\/site\\\/wp-content\\\/uploads\\\/2020\\\/06\\\/LOGO-512.jpg\",\"contentUrl\":\"https:\\\/\\\/noticiasmercedinas.com\\\/site\\\/wp-content\\\/uploads\\\/2020\\\/06\\\/LOGO-512.jpg\",\"width\":512,\"height\":512,\"caption\":\"NOTICIASMERCEDINAS.COM\"},\"image\":{\"@id\":\"https:\\\/\\\/noticiasmercedinas.com\\\/site\\\/#\\\/schema\\\/logo\\\/image\\\/\"},\"sameAs\":[\"https:\\\/\\\/www.facebook.com\\\/noticiasmercedinas\\\/\",\"https:\\\/\\\/x.com\\\/notmercedinas\",\"https:\\\/\\\/www.instagram.com\\\/noticiasmercedinas\\\/\"]},{\"@type\":\"Person\",\"@id\":\"https:\\\/\\\/noticiasmercedinas.com\\\/site\\\/#\\\/schema\\\/person\\\/8f2f09d666ef40986eba4a5e6f2a06f9\",\"name\":\"Juan Dagnino NOTICIASMERCEDINAS.COM\",\"image\":{\"@type\":\"ImageObject\",\"inLanguage\":\"es\",\"@id\":\"https:\\\/\\\/secure.gravatar.com\\\/avatar\\\/fc7059a769f5a3cae65fadb228a3e4accf3a64b4b2305020d0a27e6d5333c91b?s=96&d=mm&r=g\",\"url\":\"https:\\\/\\\/secure.gravatar.com\\\/avatar\\\/fc7059a769f5a3cae65fadb228a3e4accf3a64b4b2305020d0a27e6d5333c91b?s=96&d=mm&r=g\",\"contentUrl\":\"https:\\\/\\\/secure.gravatar.com\\\/avatar\\\/fc7059a769f5a3cae65fadb228a3e4accf3a64b4b2305020d0a27e6d5333c91b?s=96&d=mm&r=g\",\"caption\":\"Juan Dagnino NOTICIASMERCEDINAS.COM\"},\"url\":\"https:\\\/\\\/noticiasmercedinas.com\\\/site\\\/author\\\/juandagnino\\\/\"}]}<\/script>\n<!-- \/ Yoast SEO plugin. -->","yoast_head_json":{"title":"Se va definiendo qui\u00e9nes ser\u00e1n los seis clasificados","robots":{"index":"index","follow":"follow","max-snippet":"max-snippet:-1","max-image-preview":"max-image-preview:large","max-video-preview":"max-video-preview:-1"},"canonical":"https:\/\/noticiasmercedinas.com\/site\/2024\/10\/28\/se-va-definiendo-quienes-seran-los-seis-clasificados\/","og_locale":"es_ES","og_type":"article","og_title":"Se va definiendo qui\u00e9nes ser\u00e1n los seis clasificados","og_description":"\u25a0 El torneo Femenino de Primera afront\u00f3 12\u00b0 jornada quedando sin disputa Defensores vs. Club Mercedes. Pese a quedar libre sigue liderando Pabell\u00f3n. Gole\u00f3 Uni\u00f3n para completar el fixture y espera por si ingresar\u00e1 al Reducido.","og_url":"https:\/\/noticiasmercedinas.com\/site\/2024\/10\/28\/se-va-definiendo-quienes-seran-los-seis-clasificados\/","og_site_name":"NOTICIASMERCEDINAS.COM","article_publisher":"https:\/\/www.facebook.com\/noticiasmercedinas\/","article_published_time":"2024-10-28T14:57:50+00:00","article_modified_time":"2024-10-29T00:33:17+00:00","og_image":[{"width":640,"height":441,"url":"https:\/\/noticiasmercedinas.com\/site\/wp-content\/uploads\/2024\/10\/union.jpg","type":"image\/jpeg"}],"author":"Juan Dagnino NOTICIASMERCEDINAS.COM","twitter_card":"summary_large_image","twitter_creator":"@notmercedinas","twitter_site":"@notmercedinas","twitter_misc":{"Escrito por":"Juan Dagnino NOTICIASMERCEDINAS.COM","Tiempo de lectura":"1 minuto"},"schema":{"@context":"https:\/\/schema.org","@graph":[{"@type":"Article","@id":"https:\/\/noticiasmercedinas.com\/site\/2024\/10\/28\/se-va-definiendo-quienes-seran-los-seis-clasificados\/#article","isPartOf":{"@id":"https:\/\/noticiasmercedinas.com\/site\/2024\/10\/28\/se-va-definiendo-quienes-seran-los-seis-clasificados\/"},"author":{"name":"Juan Dagnino NOTICIASMERCEDINAS.COM","@id":"https:\/\/noticiasmercedinas.com\/site\/#\/schema\/person\/8f2f09d666ef40986eba4a5e6f2a06f9"},"headline":"Se va definiendo qui\u00e9nes ser\u00e1n los seis clasificados","datePublished":"2024-10-28T14:57:50+00:00","dateModified":"2024-10-29T00:33:17+00:00","mainEntityOfPage":{"@id":"https:\/\/noticiasmercedinas.com\/site\/2024\/10\/28\/se-va-definiendo-quienes-seran-los-seis-clasificados\/"},"wordCount":269,"publisher":{"@id":"https:\/\/noticiasmercedinas.com\/site\/#organization"},"image":{"@id":"https:\/\/noticiasmercedinas.com\/site\/2024\/10\/28\/se-va-definiendo-quienes-seran-los-seis-clasificados\/#primaryimage"},"thumbnailUrl":"https:\/\/noticiasmercedinas.com\/site\/wp-content\/uploads\/2024\/10\/union.jpg","keywords":["f\u00fatbol femenino","liga mercedina de basquet","primera divisi\u00f3n"],"articleSection":["Deportes"],"inLanguage":"es"},{"@type":"WebPage","@id":"https:\/\/noticiasmercedinas.com\/site\/2024\/10\/28\/se-va-definiendo-quienes-seran-los-seis-clasificados\/","url":"https:\/\/noticiasmercedinas.com\/site\/2024\/10\/28\/se-va-definiendo-quienes-seran-los-seis-clasificados\/","name":"Se va definiendo qui\u00e9nes ser\u00e1n los seis clasificados","isPartOf":{"@id":"https:\/\/noticiasmercedinas.com\/site\/#website"},"primaryImageOfPage":{"@id":"https:\/\/noticiasmercedinas.com\/site\/2024\/10\/28\/se-va-definiendo-quienes-seran-los-seis-clasificados\/#primaryimage"},"image":{"@id":"https:\/\/noticiasmercedinas.com\/site\/2024\/10\/28\/se-va-definiendo-quienes-seran-los-seis-clasificados\/#primaryimage"},"thumbnailUrl":"https:\/\/noticiasmercedinas.com\/site\/wp-content\/uploads\/2024\/10\/union.jpg","datePublished":"2024-10-28T14:57:50+00:00","dateModified":"2024-10-29T00:33:17+00:00","breadcrumb":{"@id":"https:\/\/noticiasmercedinas.com\/site\/2024\/10\/28\/se-va-definiendo-quienes-seran-los-seis-clasificados\/#breadcrumb"},"inLanguage":"es","potentialAction":[{"@type":"ReadAction","target":["https:\/\/noticiasmercedinas.com\/site\/2024\/10\/28\/se-va-definiendo-quienes-seran-los-seis-clasificados\/"]}]},{"@type":"ImageObject","inLanguage":"es","@id":"https:\/\/noticiasmercedinas.com\/site\/2024\/10\/28\/se-va-definiendo-quienes-seran-los-seis-clasificados\/#primaryimage","url":"https:\/\/noticiasmercedinas.com\/site\/wp-content\/uploads\/2024\/10\/union.jpg","contentUrl":"https:\/\/noticiasmercedinas.com\/site\/wp-content\/uploads\/2024\/10\/union.jpg","width":640,"height":441},{"@type":"BreadcrumbList","@id":"https:\/\/noticiasmercedinas.com\/site\/2024\/10\/28\/se-va-definiendo-quienes-seran-los-seis-clasificados\/#breadcrumb","itemListElement":[{"@type":"ListItem","position":1,"name":"Portada","item":"https:\/\/noticiasmercedinas.com\/site\/"},{"@type":"ListItem","position":2,"name":"Se va definiendo qui\u00e9nes ser\u00e1n los seis clasificados"}]},{"@type":"WebSite","@id":"https:\/\/noticiasmercedinas.com\/site\/#website","url":"https:\/\/noticiasmercedinas.com\/site\/","name":"NOTICIASMERCEDINAS.COM","description":"Mercedes, Buenos Aires, Argentina","publisher":{"@id":"https:\/\/noticiasmercedinas.com\/site\/#organization"},"potentialAction":[{"@type":"SearchAction","target":{"@type":"EntryPoint","urlTemplate":"https:\/\/noticiasmercedinas.com\/site\/?s={search_term_string}"},"query-input":{"@type":"PropertyValueSpecification","valueRequired":true,"valueName":"search_term_string"}}],"inLanguage":"es"},{"@type":"Organization","@id":"https:\/\/noticiasmercedinas.com\/site\/#organization","name":"NOTICIASMERCEDINAS.COM","url":"https:\/\/noticiasmercedinas.com\/site\/","logo":{"@type":"ImageObject","inLanguage":"es","@id":"https:\/\/noticiasmercedinas.com\/site\/#\/schema\/logo\/image\/","url":"https:\/\/noticiasmercedinas.com\/site\/wp-content\/uploads\/2020\/06\/LOGO-512.jpg","contentUrl":"https:\/\/noticiasmercedinas.com\/site\/wp-content\/uploads\/2020\/06\/LOGO-512.jpg","width":512,"height":512,"caption":"NOTICIASMERCEDINAS.COM"},"image":{"@id":"https:\/\/noticiasmercedinas.com\/site\/#\/schema\/logo\/image\/"},"sameAs":["https:\/\/www.facebook.com\/noticiasmercedinas\/","https:\/\/x.com\/notmercedinas","https:\/\/www.instagram.com\/noticiasmercedinas\/"]},{"@type":"Person","@id":"https:\/\/noticiasmercedinas.com\/site\/#\/schema\/person\/8f2f09d666ef40986eba4a5e6f2a06f9","name":"Juan Dagnino NOTICIASMERCEDINAS.COM","image":{"@type":"ImageObject","inLanguage":"es","@id":"https:\/\/secure.gravatar.com\/avatar\/fc7059a769f5a3cae65fadb228a3e4accf3a64b4b2305020d0a27e6d5333c91b?s=96&d=mm&r=g","url":"https:\/\/secure.gravatar.com\/avatar\/fc7059a769f5a3cae65fadb228a3e4accf3a64b4b2305020d0a27e6d5333c91b?s=96&d=mm&r=g","contentUrl":"https:\/\/secure.gravatar.com\/avatar\/fc7059a769f5a3cae65fadb228a3e4accf3a64b4b2305020d0a27e6d5333c91b?s=96&d=mm&r=g","caption":"Juan Dagnino NOTICIASMERCEDINAS.COM"},"url":"https:\/\/noticiasmercedinas.com\/site\/author\/juandagnino\/"}]}},"amp_enabled":true,"_links":{"self":[{"href":"https:\/\/noticiasmercedinas.com\/site\/wp-json\/wp\/v2\/posts\/147051","targetHints":{"allow":["GET"]}}],"collection":[{"href":"https:\/\/noticiasmercedinas.com\/site\/wp-json\/wp\/v2\/posts"}],"about":[{"href":"https:\/\/noticiasmercedinas.com\/site\/wp-json\/wp\/v2\/types\/post"}],"author":[{"embeddable":true,"href":"https:\/\/noticiasmercedinas.com\/site\/wp-json\/wp\/v2\/users\/6"}],"replies":[{"embeddable":true,"href":"https:\/\/noticiasmercedinas.com\/site\/wp-json\/wp\/v2\/comments?post=147051"}],"version-history":[{"count":5,"href":"https:\/\/noticiasmercedinas.com\/site\/wp-json\/wp\/v2\/posts\/147051\/revisions"}],"predecessor-version":[{"id":147133,"href":"https:\/\/noticiasmercedinas.com\/site\/wp-json\/wp\/v2\/posts\/147051\/revisions\/147133"}],"wp:featuredmedia":[{"embeddable":true,"href":"https:\/\/noticiasmercedinas.com\/site\/wp-json\/wp\/v2\/media\/147052"}],"wp:attachment":[{"href":"https:\/\/noticiasmercedinas.com\/site\/wp-json\/wp\/v2\/media?parent=147051"}],"wp:term":[{"taxonomy":"category","embeddable":true,"href":"https:\/\/noticiasmercedinas.com\/site\/wp-json\/wp\/v2\/categories?post=147051"},{"taxonomy":"post_tag","embeddable":true,"href":"https:\/\/noticiasmercedinas.com\/site\/wp-json\/wp\/v2\/tags?post=147051"}],"curies":[{"name":"wp","href":"https:\/\/api.w.org\/{rel}","templated":true}]}}