{"id":147057,"date":"2024-10-28T12:28:05","date_gmt":"2024-10-28T15:28:05","guid":{"rendered":"https:\/\/noticiasmercedinas.com\/site\/?p=147057"},"modified":"2024-10-28T12:28:39","modified_gmt":"2024-10-28T15:28:39","slug":"se-complica-el-fixture-del-infanto-juvenil","status":"publish","type":"post","link":"https:\/\/noticiasmercedinas.com\/site\/2024\/10\/28\/se-complica-el-fixture-del-infanto-juvenil\/","title":{"rendered":"Se complica el fixture del Infanto Juvenil"},"content":{"rendered":"<figure id=\"attachment_147058\" aria-describedby=\"caption-attachment-147058\" style=\"width: 640px\" class=\"wp-caption alignnone\"><img loading=\"lazy\" decoding=\"async\" class=\"wp-image-147058 size-full\" src=\"https:\/\/noticiasmercedinas.com\/site\/wp-content\/uploads\/2024\/10\/IMG_1538.jpg\" alt=\"\" width=\"640\" height=\"400\" srcset=\"https:\/\/noticiasmercedinas.com\/site\/wp-content\/uploads\/2024\/10\/IMG_1538.jpg 640w, https:\/\/noticiasmercedinas.com\/site\/wp-content\/uploads\/2024\/10\/IMG_1538-300x188.jpg 300w\" sizes=\"auto, (max-width: 640px) 100vw, 640px\" \/><figcaption id=\"caption-attachment-147058\" class=\"wp-caption-text\">Ateneo y La Tijera en al Quinta Divisi\u00f3n.<\/figcaption><\/figure>\n<p>En el Infanto Juvenil de la Liga Mercedina de F\u00fatbol quedan seis fechas para darle cierre al Clausura, aunque partidos pendientes hacen que el torneo entre en una instancia donde las tablas de posiciones pueden cambiar con estos cruces adeudados. El a\u00f1o calendario se va agotando y en medio de ello hay anunciadas lluvias para el fin se semana, m\u00e1s complicaciones.<\/p>\n<p>De la und\u00e9cima fecha tras la lluvia de d\u00edas pasados fueron suspendidos Holanda vs. V\u00e9lez, El Front\u00f3n vs. Carteros cancha en cancha de 11 (aunque luego se jug\u00f3 Reserva) y Gowland vs. Estudiantes. En medio de todo reaparecieron inconvenientes con espectadores que no hacen m\u00e1s que entorpecer\u00a0 un s\u00e1bado de categor\u00edas menores.<\/p>\n<p>Mientras tanto estos son los resultados que dej\u00f3 el s\u00e1bado:<\/p>\n<p><strong>Categor\u00eda 2014<\/strong><br \/>\nQuilmes 1 \u2013 Palometas 2.<br \/>\nEl Front\u00f3n 1 \u2013 Carteros 2.<br \/>\nVilla Manchi 0 \u2013 Uni\u00f3n 0.<br \/>\nTalleres 0 \u2013 Trocha 4.<br \/>\nJuventud 3 \u2013 Mercedes .2<\/p>\n<p><strong>Categor\u00eda 2013<br \/>\n<\/strong>Quilmes 5 \u2013 Palometas 0.<br \/>\nEl Front\u00f3n 2 \u2013 Carteros 0.<br \/>\nVilla Manchi 1 \u2013 Uni\u00f3n 1.<br \/>\nTalleres 0 \u2013 Trocha 3.<br \/>\nJuventud 0 \u2013 Mercedes 4.<\/p>\n<p><strong>Categor\u00eda 2012<\/strong><br \/>\nQuilmes 1 \u2013 Palometas 2.<br \/>\nVilla Manchi 1 \u2013 Uni\u00f3n 1.<br \/>\nDefensores 0 \u2013 Pabell\u00f3n Argentino 0.<br \/>\nTalleres 6 \u2013 Trocha 0.<br \/>\nJuventud 0 \u2013 Mercedes 0.<br \/>\nAteneo 1 \u2013 \u00a0La Tijera 1.<\/p>\n<p><strong>Categor\u00eda 2011<br \/>\n<\/strong>Quilmes 1 \u2013 Palometas 1.<br \/>\nVilla Manchi 1 \u2013 Uni\u00f3n 1.<br \/>\nDefensores 1 \u2013 Pabell\u00f3n Argentino 2.<br \/>\nEl Tim\u00f3n 3 \u2013 Trocha 0.<br \/>\nJuventud 0 \u2013 Mercedes 4.<\/p>\n<p><img loading=\"lazy\" decoding=\"async\" class=\"alignnone size-full wp-image-147059\" src=\"https:\/\/noticiasmercedinas.com\/site\/wp-content\/uploads\/2024\/10\/IMG_1518.jpg\" alt=\"\" width=\"640\" height=\"427\" srcset=\"https:\/\/noticiasmercedinas.com\/site\/wp-content\/uploads\/2024\/10\/IMG_1518.jpg 640w, https:\/\/noticiasmercedinas.com\/site\/wp-content\/uploads\/2024\/10\/IMG_1518-300x200.jpg 300w\" sizes=\"auto, (max-width: 640px) 100vw, 640px\" \/><br \/>\n<strong><br \/>\nCategor\u00eda 2010<br \/>\n<\/strong>Quilmes 1 \u2013 Palometas 0.<br \/>\nVilla Manchi 0 \u2013 Uni\u00f3n 1.<br \/>\nDefensores 1 \u2013 Pabell\u00f3n Argentino 1.<br \/>\nEl Tim\u00f3n 6 \u2013 Trocha 0.<br \/>\nJuventud 1 \u2013 Mercedes 1.<br \/>\nAteneo 2 \u2013 La Tijera 0.<\/p>\n<p><strong>Categor\u00eda 2009<br \/>\n<\/strong>Villa Manchi 1 \u2013 Uni\u00f3n 3.<br \/>\nDefensores 3 \u2013 Pabell\u00f3n Argentino 1.<br \/>\nEl Tim\u00f3n 6 \u2013 Trocha 0.<br \/>\nJuventud 1 \u2013 Mercedes 4.<\/p>\n<p><strong>Quinta Divisi\u00f3n<\/strong><br \/>\nQuilmes 1 \u2013 Palometas 1.<br \/>\nVilla Manchi 1 \u2013 Uni\u00f3n 0.<br \/>\nGowland 0 \u2013 Estudiantes 6.<br \/>\nDefensores 0 \u2013 Pabell\u00f3n Argentino 1.<br \/>\nEl Tim\u00f3n 1 \u2013 Trocha 0.<br \/>\nJuventud 1 \u2013 Mercedes 0.<br \/>\nAteneo 1 \u2013 La Tijera 1.<\/p>\n<p><strong>Pr\u00f3xima fecha<\/strong><br \/>\nClub Mercedes vs. Ateneo.<br \/>\nTalleres \u2013 El Tim\u00f3n vs. Juventud.<br \/>\nTrocha vs. Holanda.<br \/>\nV\u00e9lez vs. Quilmes.<br \/>\nPalometas vs. Defensores.<br \/>\nPabell\u00f3n vs. Villa Manchi.<br \/>\nUni\u00f3n vs. Carteros.<br \/>\nEl Front\u00f3n vs. Gowland.<br \/>\nLa Tijera vs. Estudiantes.<\/p>\n<p>Ampliaremos con posiciones<\/p>\n","protected":false},"excerpt":{"rendered":"<p>\u25a0 Con partidos pendientes que dej\u00f3 la pasada jornada y otros de anteriores fechas el certamen no est\u00e1 al d\u00eda. El s\u00e1bado fue el turno de la und\u00e9cima fecha. Quedan seis por delante y todo los cruces que se adeudan.<\/p>\n","protected":false},"author":6,"featured_media":147059,"comment_status":"closed","ping_status":"closed","sticky":false,"template":"","format":"standard","meta":{"footnotes":""},"categories":[5],"tags":[766,3346],"class_list":["post-147057","post","type-post","status-publish","format-standard","has-post-thumbnail","hentry","category-deportes","tag-infanto-juvenil","tag-liga-mercedina-de-futbol"],"yoast_head":"<!-- This site is optimized with the Yoast SEO plugin v27.5 - https:\/\/yoast.com\/product\/yoast-seo-wordpress\/ -->\n<title>Se complica el fixture del Infanto Juvenil<\/title>\n<meta name=\"robots\" content=\"index, follow, max-snippet:-1, max-image-preview:large, max-video-preview:-1\" \/>\n<link rel=\"canonical\" href=\"https:\/\/noticiasmercedinas.com\/site\/2024\/10\/28\/se-complica-el-fixture-del-infanto-juvenil\/\" \/>\n<meta property=\"og:locale\" content=\"es_ES\" \/>\n<meta property=\"og:type\" content=\"article\" \/>\n<meta property=\"og:title\" content=\"Se complica el fixture del Infanto Juvenil\" \/>\n<meta property=\"og:description\" content=\"\u25a0 Con partidos pendientes que dej\u00f3 la pasada jornada y otros de anteriores fechas el certamen no est\u00e1 al d\u00eda. El s\u00e1bado fue el turno de la und\u00e9cima fecha. Quedan seis por delante y todo los cruces que se adeudan.\" \/>\n<meta property=\"og:url\" content=\"https:\/\/noticiasmercedinas.com\/site\/2024\/10\/28\/se-complica-el-fixture-del-infanto-juvenil\/\" \/>\n<meta property=\"og:site_name\" content=\"NOTICIASMERCEDINAS.COM\" \/>\n<meta property=\"article:publisher\" content=\"https:\/\/www.facebook.com\/noticiasmercedinas\/\" \/>\n<meta property=\"article:published_time\" content=\"2024-10-28T15:28:05+00:00\" \/>\n<meta property=\"article:modified_time\" content=\"2024-10-28T15:28:39+00:00\" \/>\n<meta property=\"og:image\" content=\"https:\/\/noticiasmercedinas.com\/site\/wp-content\/uploads\/2024\/10\/IMG_1518.jpg\" \/>\n\t<meta property=\"og:image:width\" content=\"640\" \/>\n\t<meta property=\"og:image:height\" content=\"427\" \/>\n\t<meta property=\"og:image:type\" content=\"image\/jpeg\" \/>\n<meta name=\"author\" content=\"Juan Dagnino NOTICIASMERCEDINAS.COM\" \/>\n<meta name=\"twitter:card\" content=\"summary_large_image\" \/>\n<meta name=\"twitter:creator\" content=\"@notmercedinas\" \/>\n<meta name=\"twitter:site\" content=\"@notmercedinas\" \/>\n<meta name=\"twitter:label1\" content=\"Escrito por\" \/>\n\t<meta name=\"twitter:data1\" content=\"Juan Dagnino NOTICIASMERCEDINAS.COM\" \/>\n\t<meta name=\"twitter:label2\" content=\"Tiempo de lectura\" \/>\n\t<meta name=\"twitter:data2\" content=\"2 minutos\" \/>\n<script type=\"application\/ld+json\" class=\"yoast-schema-graph\">{\"@context\":\"https:\\\/\\\/schema.org\",\"@graph\":[{\"@type\":\"Article\",\"@id\":\"https:\\\/\\\/noticiasmercedinas.com\\\/site\\\/2024\\\/10\\\/28\\\/se-complica-el-fixture-del-infanto-juvenil\\\/#article\",\"isPartOf\":{\"@id\":\"https:\\\/\\\/noticiasmercedinas.com\\\/site\\\/2024\\\/10\\\/28\\\/se-complica-el-fixture-del-infanto-juvenil\\\/\"},\"author\":{\"name\":\"Juan Dagnino NOTICIASMERCEDINAS.COM\",\"@id\":\"https:\\\/\\\/noticiasmercedinas.com\\\/site\\\/#\\\/schema\\\/person\\\/8f2f09d666ef40986eba4a5e6f2a06f9\"},\"headline\":\"Se complica el fixture del Infanto Juvenil\",\"datePublished\":\"2024-10-28T15:28:05+00:00\",\"dateModified\":\"2024-10-28T15:28:39+00:00\",\"mainEntityOfPage\":{\"@id\":\"https:\\\/\\\/noticiasmercedinas.com\\\/site\\\/2024\\\/10\\\/28\\\/se-complica-el-fixture-del-infanto-juvenil\\\/\"},\"wordCount\":330,\"publisher\":{\"@id\":\"https:\\\/\\\/noticiasmercedinas.com\\\/site\\\/#organization\"},\"image\":{\"@id\":\"https:\\\/\\\/noticiasmercedinas.com\\\/site\\\/2024\\\/10\\\/28\\\/se-complica-el-fixture-del-infanto-juvenil\\\/#primaryimage\"},\"thumbnailUrl\":\"https:\\\/\\\/noticiasmercedinas.com\\\/site\\\/wp-content\\\/uploads\\\/2024\\\/10\\\/IMG_1518.jpg\",\"keywords\":[\"infanto juvenil\",\"Liga Mercedina de F\u00fatbol\"],\"articleSection\":[\"Deportes\"],\"inLanguage\":\"es\"},{\"@type\":\"WebPage\",\"@id\":\"https:\\\/\\\/noticiasmercedinas.com\\\/site\\\/2024\\\/10\\\/28\\\/se-complica-el-fixture-del-infanto-juvenil\\\/\",\"url\":\"https:\\\/\\\/noticiasmercedinas.com\\\/site\\\/2024\\\/10\\\/28\\\/se-complica-el-fixture-del-infanto-juvenil\\\/\",\"name\":\"Se complica el fixture del Infanto Juvenil\",\"isPartOf\":{\"@id\":\"https:\\\/\\\/noticiasmercedinas.com\\\/site\\\/#website\"},\"primaryImageOfPage\":{\"@id\":\"https:\\\/\\\/noticiasmercedinas.com\\\/site\\\/2024\\\/10\\\/28\\\/se-complica-el-fixture-del-infanto-juvenil\\\/#primaryimage\"},\"image\":{\"@id\":\"https:\\\/\\\/noticiasmercedinas.com\\\/site\\\/2024\\\/10\\\/28\\\/se-complica-el-fixture-del-infanto-juvenil\\\/#primaryimage\"},\"thumbnailUrl\":\"https:\\\/\\\/noticiasmercedinas.com\\\/site\\\/wp-content\\\/uploads\\\/2024\\\/10\\\/IMG_1518.jpg\",\"datePublished\":\"2024-10-28T15:28:05+00:00\",\"dateModified\":\"2024-10-28T15:28:39+00:00\",\"breadcrumb\":{\"@id\":\"https:\\\/\\\/noticiasmercedinas.com\\\/site\\\/2024\\\/10\\\/28\\\/se-complica-el-fixture-del-infanto-juvenil\\\/#breadcrumb\"},\"inLanguage\":\"es\",\"potentialAction\":[{\"@type\":\"ReadAction\",\"target\":[\"https:\\\/\\\/noticiasmercedinas.com\\\/site\\\/2024\\\/10\\\/28\\\/se-complica-el-fixture-del-infanto-juvenil\\\/\"]}]},{\"@type\":\"ImageObject\",\"inLanguage\":\"es\",\"@id\":\"https:\\\/\\\/noticiasmercedinas.com\\\/site\\\/2024\\\/10\\\/28\\\/se-complica-el-fixture-del-infanto-juvenil\\\/#primaryimage\",\"url\":\"https:\\\/\\\/noticiasmercedinas.com\\\/site\\\/wp-content\\\/uploads\\\/2024\\\/10\\\/IMG_1518.jpg\",\"contentUrl\":\"https:\\\/\\\/noticiasmercedinas.com\\\/site\\\/wp-content\\\/uploads\\\/2024\\\/10\\\/IMG_1518.jpg\",\"width\":640,\"height\":427},{\"@type\":\"BreadcrumbList\",\"@id\":\"https:\\\/\\\/noticiasmercedinas.com\\\/site\\\/2024\\\/10\\\/28\\\/se-complica-el-fixture-del-infanto-juvenil\\\/#breadcrumb\",\"itemListElement\":[{\"@type\":\"ListItem\",\"position\":1,\"name\":\"Portada\",\"item\":\"https:\\\/\\\/noticiasmercedinas.com\\\/site\\\/\"},{\"@type\":\"ListItem\",\"position\":2,\"name\":\"Se complica el fixture del Infanto Juvenil\"}]},{\"@type\":\"WebSite\",\"@id\":\"https:\\\/\\\/noticiasmercedinas.com\\\/site\\\/#website\",\"url\":\"https:\\\/\\\/noticiasmercedinas.com\\\/site\\\/\",\"name\":\"NOTICIASMERCEDINAS.COM\",\"description\":\"Mercedes, Buenos Aires, Argentina\",\"publisher\":{\"@id\":\"https:\\\/\\\/noticiasmercedinas.com\\\/site\\\/#organization\"},\"potentialAction\":[{\"@type\":\"SearchAction\",\"target\":{\"@type\":\"EntryPoint\",\"urlTemplate\":\"https:\\\/\\\/noticiasmercedinas.com\\\/site\\\/?s={search_term_string}\"},\"query-input\":{\"@type\":\"PropertyValueSpecification\",\"valueRequired\":true,\"valueName\":\"search_term_string\"}}],\"inLanguage\":\"es\"},{\"@type\":\"Organization\",\"@id\":\"https:\\\/\\\/noticiasmercedinas.com\\\/site\\\/#organization\",\"name\":\"NOTICIASMERCEDINAS.COM\",\"url\":\"https:\\\/\\\/noticiasmercedinas.com\\\/site\\\/\",\"logo\":{\"@type\":\"ImageObject\",\"inLanguage\":\"es\",\"@id\":\"https:\\\/\\\/noticiasmercedinas.com\\\/site\\\/#\\\/schema\\\/logo\\\/image\\\/\",\"url\":\"https:\\\/\\\/noticiasmercedinas.com\\\/site\\\/wp-content\\\/uploads\\\/2020\\\/06\\\/LOGO-512.jpg\",\"contentUrl\":\"https:\\\/\\\/noticiasmercedinas.com\\\/site\\\/wp-content\\\/uploads\\\/2020\\\/06\\\/LOGO-512.jpg\",\"width\":512,\"height\":512,\"caption\":\"NOTICIASMERCEDINAS.COM\"},\"image\":{\"@id\":\"https:\\\/\\\/noticiasmercedinas.com\\\/site\\\/#\\\/schema\\\/logo\\\/image\\\/\"},\"sameAs\":[\"https:\\\/\\\/www.facebook.com\\\/noticiasmercedinas\\\/\",\"https:\\\/\\\/x.com\\\/notmercedinas\",\"https:\\\/\\\/www.instagram.com\\\/noticiasmercedinas\\\/\"]},{\"@type\":\"Person\",\"@id\":\"https:\\\/\\\/noticiasmercedinas.com\\\/site\\\/#\\\/schema\\\/person\\\/8f2f09d666ef40986eba4a5e6f2a06f9\",\"name\":\"Juan Dagnino NOTICIASMERCEDINAS.COM\",\"image\":{\"@type\":\"ImageObject\",\"inLanguage\":\"es\",\"@id\":\"https:\\\/\\\/secure.gravatar.com\\\/avatar\\\/fc7059a769f5a3cae65fadb228a3e4accf3a64b4b2305020d0a27e6d5333c91b?s=96&d=mm&r=g\",\"url\":\"https:\\\/\\\/secure.gravatar.com\\\/avatar\\\/fc7059a769f5a3cae65fadb228a3e4accf3a64b4b2305020d0a27e6d5333c91b?s=96&d=mm&r=g\",\"contentUrl\":\"https:\\\/\\\/secure.gravatar.com\\\/avatar\\\/fc7059a769f5a3cae65fadb228a3e4accf3a64b4b2305020d0a27e6d5333c91b?s=96&d=mm&r=g\",\"caption\":\"Juan Dagnino NOTICIASMERCEDINAS.COM\"},\"url\":\"https:\\\/\\\/noticiasmercedinas.com\\\/site\\\/author\\\/juandagnino\\\/\"}]}<\/script>\n<!-- \/ Yoast SEO plugin. -->","yoast_head_json":{"title":"Se complica el fixture del Infanto Juvenil","robots":{"index":"index","follow":"follow","max-snippet":"max-snippet:-1","max-image-preview":"max-image-preview:large","max-video-preview":"max-video-preview:-1"},"canonical":"https:\/\/noticiasmercedinas.com\/site\/2024\/10\/28\/se-complica-el-fixture-del-infanto-juvenil\/","og_locale":"es_ES","og_type":"article","og_title":"Se complica el fixture del Infanto Juvenil","og_description":"\u25a0 Con partidos pendientes que dej\u00f3 la pasada jornada y otros de anteriores fechas el certamen no est\u00e1 al d\u00eda. El s\u00e1bado fue el turno de la und\u00e9cima fecha. Quedan seis por delante y todo los cruces que se adeudan.","og_url":"https:\/\/noticiasmercedinas.com\/site\/2024\/10\/28\/se-complica-el-fixture-del-infanto-juvenil\/","og_site_name":"NOTICIASMERCEDINAS.COM","article_publisher":"https:\/\/www.facebook.com\/noticiasmercedinas\/","article_published_time":"2024-10-28T15:28:05+00:00","article_modified_time":"2024-10-28T15:28:39+00:00","og_image":[{"width":640,"height":427,"url":"https:\/\/noticiasmercedinas.com\/site\/wp-content\/uploads\/2024\/10\/IMG_1518.jpg","type":"image\/jpeg"}],"author":"Juan Dagnino NOTICIASMERCEDINAS.COM","twitter_card":"summary_large_image","twitter_creator":"@notmercedinas","twitter_site":"@notmercedinas","twitter_misc":{"Escrito por":"Juan Dagnino NOTICIASMERCEDINAS.COM","Tiempo de lectura":"2 minutos"},"schema":{"@context":"https:\/\/schema.org","@graph":[{"@type":"Article","@id":"https:\/\/noticiasmercedinas.com\/site\/2024\/10\/28\/se-complica-el-fixture-del-infanto-juvenil\/#article","isPartOf":{"@id":"https:\/\/noticiasmercedinas.com\/site\/2024\/10\/28\/se-complica-el-fixture-del-infanto-juvenil\/"},"author":{"name":"Juan Dagnino NOTICIASMERCEDINAS.COM","@id":"https:\/\/noticiasmercedinas.com\/site\/#\/schema\/person\/8f2f09d666ef40986eba4a5e6f2a06f9"},"headline":"Se complica el fixture del Infanto Juvenil","datePublished":"2024-10-28T15:28:05+00:00","dateModified":"2024-10-28T15:28:39+00:00","mainEntityOfPage":{"@id":"https:\/\/noticiasmercedinas.com\/site\/2024\/10\/28\/se-complica-el-fixture-del-infanto-juvenil\/"},"wordCount":330,"publisher":{"@id":"https:\/\/noticiasmercedinas.com\/site\/#organization"},"image":{"@id":"https:\/\/noticiasmercedinas.com\/site\/2024\/10\/28\/se-complica-el-fixture-del-infanto-juvenil\/#primaryimage"},"thumbnailUrl":"https:\/\/noticiasmercedinas.com\/site\/wp-content\/uploads\/2024\/10\/IMG_1518.jpg","keywords":["infanto juvenil","Liga Mercedina de F\u00fatbol"],"articleSection":["Deportes"],"inLanguage":"es"},{"@type":"WebPage","@id":"https:\/\/noticiasmercedinas.com\/site\/2024\/10\/28\/se-complica-el-fixture-del-infanto-juvenil\/","url":"https:\/\/noticiasmercedinas.com\/site\/2024\/10\/28\/se-complica-el-fixture-del-infanto-juvenil\/","name":"Se complica el fixture del Infanto Juvenil","isPartOf":{"@id":"https:\/\/noticiasmercedinas.com\/site\/#website"},"primaryImageOfPage":{"@id":"https:\/\/noticiasmercedinas.com\/site\/2024\/10\/28\/se-complica-el-fixture-del-infanto-juvenil\/#primaryimage"},"image":{"@id":"https:\/\/noticiasmercedinas.com\/site\/2024\/10\/28\/se-complica-el-fixture-del-infanto-juvenil\/#primaryimage"},"thumbnailUrl":"https:\/\/noticiasmercedinas.com\/site\/wp-content\/uploads\/2024\/10\/IMG_1518.jpg","datePublished":"2024-10-28T15:28:05+00:00","dateModified":"2024-10-28T15:28:39+00:00","breadcrumb":{"@id":"https:\/\/noticiasmercedinas.com\/site\/2024\/10\/28\/se-complica-el-fixture-del-infanto-juvenil\/#breadcrumb"},"inLanguage":"es","potentialAction":[{"@type":"ReadAction","target":["https:\/\/noticiasmercedinas.com\/site\/2024\/10\/28\/se-complica-el-fixture-del-infanto-juvenil\/"]}]},{"@type":"ImageObject","inLanguage":"es","@id":"https:\/\/noticiasmercedinas.com\/site\/2024\/10\/28\/se-complica-el-fixture-del-infanto-juvenil\/#primaryimage","url":"https:\/\/noticiasmercedinas.com\/site\/wp-content\/uploads\/2024\/10\/IMG_1518.jpg","contentUrl":"https:\/\/noticiasmercedinas.com\/site\/wp-content\/uploads\/2024\/10\/IMG_1518.jpg","width":640,"height":427},{"@type":"BreadcrumbList","@id":"https:\/\/noticiasmercedinas.com\/site\/2024\/10\/28\/se-complica-el-fixture-del-infanto-juvenil\/#breadcrumb","itemListElement":[{"@type":"ListItem","position":1,"name":"Portada","item":"https:\/\/noticiasmercedinas.com\/site\/"},{"@type":"ListItem","position":2,"name":"Se complica el fixture del Infanto Juvenil"}]},{"@type":"WebSite","@id":"https:\/\/noticiasmercedinas.com\/site\/#website","url":"https:\/\/noticiasmercedinas.com\/site\/","name":"NOTICIASMERCEDINAS.COM","description":"Mercedes, Buenos Aires, Argentina","publisher":{"@id":"https:\/\/noticiasmercedinas.com\/site\/#organization"},"potentialAction":[{"@type":"SearchAction","target":{"@type":"EntryPoint","urlTemplate":"https:\/\/noticiasmercedinas.com\/site\/?s={search_term_string}"},"query-input":{"@type":"PropertyValueSpecification","valueRequired":true,"valueName":"search_term_string"}}],"inLanguage":"es"},{"@type":"Organization","@id":"https:\/\/noticiasmercedinas.com\/site\/#organization","name":"NOTICIASMERCEDINAS.COM","url":"https:\/\/noticiasmercedinas.com\/site\/","logo":{"@type":"ImageObject","inLanguage":"es","@id":"https:\/\/noticiasmercedinas.com\/site\/#\/schema\/logo\/image\/","url":"https:\/\/noticiasmercedinas.com\/site\/wp-content\/uploads\/2020\/06\/LOGO-512.jpg","contentUrl":"https:\/\/noticiasmercedinas.com\/site\/wp-content\/uploads\/2020\/06\/LOGO-512.jpg","width":512,"height":512,"caption":"NOTICIASMERCEDINAS.COM"},"image":{"@id":"https:\/\/noticiasmercedinas.com\/site\/#\/schema\/logo\/image\/"},"sameAs":["https:\/\/www.facebook.com\/noticiasmercedinas\/","https:\/\/x.com\/notmercedinas","https:\/\/www.instagram.com\/noticiasmercedinas\/"]},{"@type":"Person","@id":"https:\/\/noticiasmercedinas.com\/site\/#\/schema\/person\/8f2f09d666ef40986eba4a5e6f2a06f9","name":"Juan Dagnino NOTICIASMERCEDINAS.COM","image":{"@type":"ImageObject","inLanguage":"es","@id":"https:\/\/secure.gravatar.com\/avatar\/fc7059a769f5a3cae65fadb228a3e4accf3a64b4b2305020d0a27e6d5333c91b?s=96&d=mm&r=g","url":"https:\/\/secure.gravatar.com\/avatar\/fc7059a769f5a3cae65fadb228a3e4accf3a64b4b2305020d0a27e6d5333c91b?s=96&d=mm&r=g","contentUrl":"https:\/\/secure.gravatar.com\/avatar\/fc7059a769f5a3cae65fadb228a3e4accf3a64b4b2305020d0a27e6d5333c91b?s=96&d=mm&r=g","caption":"Juan Dagnino NOTICIASMERCEDINAS.COM"},"url":"https:\/\/noticiasmercedinas.com\/site\/author\/juandagnino\/"}]}},"amp_enabled":true,"_links":{"self":[{"href":"https:\/\/noticiasmercedinas.com\/site\/wp-json\/wp\/v2\/posts\/147057","targetHints":{"allow":["GET"]}}],"collection":[{"href":"https:\/\/noticiasmercedinas.com\/site\/wp-json\/wp\/v2\/posts"}],"about":[{"href":"https:\/\/noticiasmercedinas.com\/site\/wp-json\/wp\/v2\/types\/post"}],"author":[{"embeddable":true,"href":"https:\/\/noticiasmercedinas.com\/site\/wp-json\/wp\/v2\/users\/6"}],"replies":[{"embeddable":true,"href":"https:\/\/noticiasmercedinas.com\/site\/wp-json\/wp\/v2\/comments?post=147057"}],"version-history":[{"count":1,"href":"https:\/\/noticiasmercedinas.com\/site\/wp-json\/wp\/v2\/posts\/147057\/revisions"}],"predecessor-version":[{"id":147060,"href":"https:\/\/noticiasmercedinas.com\/site\/wp-json\/wp\/v2\/posts\/147057\/revisions\/147060"}],"wp:featuredmedia":[{"embeddable":true,"href":"https:\/\/noticiasmercedinas.com\/site\/wp-json\/wp\/v2\/media\/147059"}],"wp:attachment":[{"href":"https:\/\/noticiasmercedinas.com\/site\/wp-json\/wp\/v2\/media?parent=147057"}],"wp:term":[{"taxonomy":"category","embeddable":true,"href":"https:\/\/noticiasmercedinas.com\/site\/wp-json\/wp\/v2\/categories?post=147057"},{"taxonomy":"post_tag","embeddable":true,"href":"https:\/\/noticiasmercedinas.com\/site\/wp-json\/wp\/v2\/tags?post=147057"}],"curies":[{"name":"wp","href":"https:\/\/api.w.org\/{rel}","templated":true}]}}