{"id":147248,"date":"2024-10-30T15:43:52","date_gmt":"2024-10-30T18:43:52","guid":{"rendered":"https:\/\/noticiasmercedinas.com\/site\/?p=147248"},"modified":"2024-10-30T15:44:24","modified_gmt":"2024-10-30T18:44:24","slug":"6600-microcerveceria-abre-agenda-para-despedidas-de-fin-de-ano-en-mercedes","status":"publish","type":"post","link":"https:\/\/noticiasmercedinas.com\/site\/2024\/10\/30\/6600-microcerveceria-abre-agenda-para-despedidas-de-fin-de-ano-en-mercedes\/","title":{"rendered":"6600 Microcervecer\u00eda abre agenda para despedidas de fin de a\u00f1o en Mercedes"},"content":{"rendered":"<p><img loading=\"lazy\" decoding=\"async\" class=\"alignnone wp-image-147249 size-full\" src=\"https:\/\/noticiasmercedinas.com\/site\/wp-content\/uploads\/2024\/10\/6600-e1730313741612.jpg\" alt=\"\" width=\"1080\" height=\"892\" srcset=\"https:\/\/noticiasmercedinas.com\/site\/wp-content\/uploads\/2024\/10\/6600-e1730313741612.jpg 1080w, https:\/\/noticiasmercedinas.com\/site\/wp-content\/uploads\/2024\/10\/6600-e1730313741612-300x248.jpg 300w, https:\/\/noticiasmercedinas.com\/site\/wp-content\/uploads\/2024\/10\/6600-e1730313741612-1024x846.jpg 1024w, https:\/\/noticiasmercedinas.com\/site\/wp-content\/uploads\/2024\/10\/6600-e1730313741612-768x634.jpg 768w, https:\/\/noticiasmercedinas.com\/site\/wp-content\/uploads\/2024\/10\/6600-e1730313741612-640x529.jpg 640w, https:\/\/noticiasmercedinas.com\/site\/wp-content\/uploads\/2024\/10\/6600-e1730313741612-681x562.jpg 681w\" sizes=\"auto, (max-width: 1080px) 100vw, 1080px\" \/><\/p>\n<p>Con la llegada de las fiestas de fin de a\u00f1o, <strong>6600 Microcervecer\u00eda<\/strong> abre sus puertas para quienes buscan celebrar en un ambiente distendido y sin preocupaciones. Ubicada en Mercedes, esta cervecer\u00eda artesanal ofrece un espacio ideal para despedidas de a\u00f1o, brindando una experiencia completa con cerveza, comida y ambientaci\u00f3n a medida para sus eventos.<\/p>\n<p>El espacio de 6600 cuenta con capacidad para hasta 60 personas y est\u00e1 disponible todos los d\u00edas de la semana, con horarios amplios y flexibles que se ajustan a las necesidades de cada grupo. Entre las comodidades y opciones destacadas, ofrece m\u00fasica en vivo, DJ, sector para fumadores y un men\u00fa especial con pizzas y empanadas.<\/p>\n<p><strong>Arturo Puga<\/strong>, representante de 6600 Microcervecer\u00eda, destac\u00f3: \u201cLas personas valoran la calidez y originalidad de esta propuesta, que brinda privacidad y una atenci\u00f3n de primera calidad.\u201d Adem\u00e1s, durante los fines de semana, el bar mantiene sus puertas abiertas al p\u00fablico general y ofrece especialidades a la parrilla.<\/p>\n<blockquote><p>Entre las comodidades y opciones destacadas, 6600 ofrece m\u00fasica en vivo, DJ, sector para fumadores y un men\u00fa especial con pizzas y empanadas.<\/p><\/blockquote>\n<p>Para quienes deseen llevar un toque de 6600 a sus propias reuniones, la cervecer\u00eda tambi\u00e9n alquila choperas y barriles de 20, 30 y 50 litros.<\/p>\n<p>Con pocos lugares disponibles, 6600 Microcervecer\u00eda invita a realizar reservas anticipadas para asegurar un espacio en sus eventos de fin de a\u00f1o, prometiendo una experiencia \u00fanica y libre de estr\u00e9s para quienes quieran simplemente disfrutar.<\/p>\n<p><strong>Sobre Cervecer\u00eda 6600<br \/>\n<\/strong>Con a\u00f1os de experiencia y una s\u00f3lida reputaci\u00f3n en la producci\u00f3n de cervezas artesanales, Cervecer\u00eda 6600 se ha consolidado como un referente en Mercedes y la regi\u00f3n. Su compromiso con la calidad y la innovaci\u00f3n contin\u00faa atrayendo a amantes de la cerveza y organizadores de eventos por igual.<\/p>\n<p><strong>Contacto:<\/strong><br \/>\n<strong>Cervecer\u00eda 6600<\/strong><br \/>\n<strong>Colectora Ruta 5 y calle 600, acceso a Mercedes<\/strong><br \/>\n<strong>Tel\u00e9fono: l\u00ednea cervecera 2324-506600<\/strong><br \/>\n<strong>Redes sociales: usuario @6600microcerveceria en\u00a0<a href=\"https:\/\/www.instagram.com\/6600microcerveceria\/\">Instagram<\/a>\u00a0y en\u00a0<a href=\"https:\/\/www.facebook.com\/profile.php?id=100063713373399\">Facebook<\/a>.<\/strong><\/p>\n<p>&nbsp;<\/p>\n","protected":false},"excerpt":{"rendered":"<p>Con la llegada de las fiestas de fin de a\u00f1o, 6600 Microcervecer\u00eda abre sus puertas para quienes buscan celebrar en un ambiente distendido y sin preocupaciones. Ubicada en Mercedes, esta cervecer\u00eda artesanal ofrece un espacio ideal para despedidas de a\u00f1o, brindando una experiencia completa con cerveza, comida y ambientaci\u00f3n a medida para sus eventos. El [&hellip;]<\/p>\n","protected":false},"author":16,"featured_media":147249,"comment_status":"closed","ping_status":"closed","sticky":false,"template":"","format":"standard","meta":{"footnotes":""},"categories":[74],"tags":[999,10853,3034,19050,19051],"class_list":["post-147248","post","type-post","status-publish","format-standard","has-post-thumbnail","hentry","category-emprendimientos","tag-999","tag-6600-microcerveceria","tag-cerveza","tag-despedida-de-ano","tag-salon-de-fiestas"],"yoast_head":"<!-- This site is optimized with the Yoast SEO plugin v27.5 - https:\/\/yoast.com\/product\/yoast-seo-wordpress\/ -->\n<title>6600 Microcervecer\u00eda abre agenda para despedidas de fin de a\u00f1o en Mercedes<\/title>\n<meta name=\"robots\" content=\"index, follow, max-snippet:-1, max-image-preview:large, max-video-preview:-1\" \/>\n<link rel=\"canonical\" href=\"https:\/\/noticiasmercedinas.com\/site\/2024\/10\/30\/6600-microcerveceria-abre-agenda-para-despedidas-de-fin-de-ano-en-mercedes\/\" \/>\n<meta property=\"og:locale\" content=\"es_ES\" \/>\n<meta property=\"og:type\" content=\"article\" \/>\n<meta property=\"og:title\" content=\"6600 Microcervecer\u00eda abre agenda para despedidas de fin de a\u00f1o en Mercedes\" \/>\n<meta property=\"og:description\" content=\"Con la llegada de las fiestas de fin de a\u00f1o, 6600 Microcervecer\u00eda abre sus puertas para quienes buscan celebrar en un ambiente distendido y sin preocupaciones. Ubicada en Mercedes, esta cervecer\u00eda artesanal ofrece un espacio ideal para despedidas de a\u00f1o, brindando una experiencia completa con cerveza, comida y ambientaci\u00f3n a medida para sus eventos. El [&hellip;]\" \/>\n<meta property=\"og:url\" content=\"https:\/\/noticiasmercedinas.com\/site\/2024\/10\/30\/6600-microcerveceria-abre-agenda-para-despedidas-de-fin-de-ano-en-mercedes\/\" \/>\n<meta property=\"og:site_name\" content=\"NOTICIASMERCEDINAS.COM\" \/>\n<meta property=\"article:publisher\" content=\"https:\/\/www.facebook.com\/noticiasmercedinas\/\" \/>\n<meta property=\"article:published_time\" content=\"2024-10-30T18:43:52+00:00\" \/>\n<meta property=\"article:modified_time\" content=\"2024-10-30T18:44:24+00:00\" \/>\n<meta property=\"og:image\" content=\"https:\/\/noticiasmercedinas.com\/site\/wp-content\/uploads\/2024\/10\/6600-e1730313741612.jpg\" \/>\n\t<meta property=\"og:image:width\" content=\"1080\" \/>\n\t<meta property=\"og:image:height\" content=\"892\" \/>\n\t<meta property=\"og:image:type\" content=\"image\/jpeg\" \/>\n<meta name=\"author\" content=\"NOTICIASMERCEDINAS.COM\" \/>\n<meta name=\"twitter:card\" content=\"summary_large_image\" \/>\n<meta name=\"twitter:creator\" content=\"@notmercedinas\" \/>\n<meta name=\"twitter:site\" content=\"@notmercedinas\" \/>\n<meta name=\"twitter:label1\" content=\"Escrito por\" \/>\n\t<meta name=\"twitter:data1\" content=\"NOTICIASMERCEDINAS.COM\" \/>\n\t<meta name=\"twitter:label2\" content=\"Tiempo de lectura\" \/>\n\t<meta name=\"twitter:data2\" content=\"2 minutos\" \/>\n<script type=\"application\/ld+json\" class=\"yoast-schema-graph\">{\"@context\":\"https:\\\/\\\/schema.org\",\"@graph\":[{\"@type\":\"Article\",\"@id\":\"https:\\\/\\\/noticiasmercedinas.com\\\/site\\\/2024\\\/10\\\/30\\\/6600-microcerveceria-abre-agenda-para-despedidas-de-fin-de-ano-en-mercedes\\\/#article\",\"isPartOf\":{\"@id\":\"https:\\\/\\\/noticiasmercedinas.com\\\/site\\\/2024\\\/10\\\/30\\\/6600-microcerveceria-abre-agenda-para-despedidas-de-fin-de-ano-en-mercedes\\\/\"},\"author\":{\"name\":\"NOTICIASMERCEDINAS.COM\",\"@id\":\"https:\\\/\\\/noticiasmercedinas.com\\\/site\\\/#\\\/schema\\\/person\\\/84b59c099c28ff2e8b77d4ceec5d8063\"},\"headline\":\"6600 Microcervecer\u00eda abre agenda para despedidas de fin de a\u00f1o en Mercedes\",\"datePublished\":\"2024-10-30T18:43:52+00:00\",\"dateModified\":\"2024-10-30T18:44:24+00:00\",\"mainEntityOfPage\":{\"@id\":\"https:\\\/\\\/noticiasmercedinas.com\\\/site\\\/2024\\\/10\\\/30\\\/6600-microcerveceria-abre-agenda-para-despedidas-de-fin-de-ano-en-mercedes\\\/\"},\"wordCount\":344,\"publisher\":{\"@id\":\"https:\\\/\\\/noticiasmercedinas.com\\\/site\\\/#organization\"},\"image\":{\"@id\":\"https:\\\/\\\/noticiasmercedinas.com\\\/site\\\/2024\\\/10\\\/30\\\/6600-microcerveceria-abre-agenda-para-despedidas-de-fin-de-ano-en-mercedes\\\/#primaryimage\"},\"thumbnailUrl\":\"https:\\\/\\\/noticiasmercedinas.com\\\/site\\\/wp-content\\\/uploads\\\/2024\\\/10\\\/6600-e1730313741612.jpg\",\"keywords\":[\"6600\",\"6600 Microcerveceria\",\"Cerveza\",\"despedida de a\u00f1o\",\"salon de fiestas\"],\"articleSection\":[\"Emprendimientos\"],\"inLanguage\":\"es\"},{\"@type\":\"WebPage\",\"@id\":\"https:\\\/\\\/noticiasmercedinas.com\\\/site\\\/2024\\\/10\\\/30\\\/6600-microcerveceria-abre-agenda-para-despedidas-de-fin-de-ano-en-mercedes\\\/\",\"url\":\"https:\\\/\\\/noticiasmercedinas.com\\\/site\\\/2024\\\/10\\\/30\\\/6600-microcerveceria-abre-agenda-para-despedidas-de-fin-de-ano-en-mercedes\\\/\",\"name\":\"6600 Microcervecer\u00eda abre agenda para despedidas de fin de a\u00f1o en Mercedes\",\"isPartOf\":{\"@id\":\"https:\\\/\\\/noticiasmercedinas.com\\\/site\\\/#website\"},\"primaryImageOfPage\":{\"@id\":\"https:\\\/\\\/noticiasmercedinas.com\\\/site\\\/2024\\\/10\\\/30\\\/6600-microcerveceria-abre-agenda-para-despedidas-de-fin-de-ano-en-mercedes\\\/#primaryimage\"},\"image\":{\"@id\":\"https:\\\/\\\/noticiasmercedinas.com\\\/site\\\/2024\\\/10\\\/30\\\/6600-microcerveceria-abre-agenda-para-despedidas-de-fin-de-ano-en-mercedes\\\/#primaryimage\"},\"thumbnailUrl\":\"https:\\\/\\\/noticiasmercedinas.com\\\/site\\\/wp-content\\\/uploads\\\/2024\\\/10\\\/6600-e1730313741612.jpg\",\"datePublished\":\"2024-10-30T18:43:52+00:00\",\"dateModified\":\"2024-10-30T18:44:24+00:00\",\"breadcrumb\":{\"@id\":\"https:\\\/\\\/noticiasmercedinas.com\\\/site\\\/2024\\\/10\\\/30\\\/6600-microcerveceria-abre-agenda-para-despedidas-de-fin-de-ano-en-mercedes\\\/#breadcrumb\"},\"inLanguage\":\"es\",\"potentialAction\":[{\"@type\":\"ReadAction\",\"target\":[\"https:\\\/\\\/noticiasmercedinas.com\\\/site\\\/2024\\\/10\\\/30\\\/6600-microcerveceria-abre-agenda-para-despedidas-de-fin-de-ano-en-mercedes\\\/\"]}]},{\"@type\":\"ImageObject\",\"inLanguage\":\"es\",\"@id\":\"https:\\\/\\\/noticiasmercedinas.com\\\/site\\\/2024\\\/10\\\/30\\\/6600-microcerveceria-abre-agenda-para-despedidas-de-fin-de-ano-en-mercedes\\\/#primaryimage\",\"url\":\"https:\\\/\\\/noticiasmercedinas.com\\\/site\\\/wp-content\\\/uploads\\\/2024\\\/10\\\/6600-e1730313741612.jpg\",\"contentUrl\":\"https:\\\/\\\/noticiasmercedinas.com\\\/site\\\/wp-content\\\/uploads\\\/2024\\\/10\\\/6600-e1730313741612.jpg\",\"width\":1080,\"height\":892},{\"@type\":\"BreadcrumbList\",\"@id\":\"https:\\\/\\\/noticiasmercedinas.com\\\/site\\\/2024\\\/10\\\/30\\\/6600-microcerveceria-abre-agenda-para-despedidas-de-fin-de-ano-en-mercedes\\\/#breadcrumb\",\"itemListElement\":[{\"@type\":\"ListItem\",\"position\":1,\"name\":\"Portada\",\"item\":\"https:\\\/\\\/noticiasmercedinas.com\\\/site\\\/\"},{\"@type\":\"ListItem\",\"position\":2,\"name\":\"6600 Microcervecer\u00eda abre agenda para despedidas de fin de a\u00f1o en Mercedes\"}]},{\"@type\":\"WebSite\",\"@id\":\"https:\\\/\\\/noticiasmercedinas.com\\\/site\\\/#website\",\"url\":\"https:\\\/\\\/noticiasmercedinas.com\\\/site\\\/\",\"name\":\"NOTICIASMERCEDINAS.COM\",\"description\":\"Mercedes, Buenos Aires, Argentina\",\"publisher\":{\"@id\":\"https:\\\/\\\/noticiasmercedinas.com\\\/site\\\/#organization\"},\"potentialAction\":[{\"@type\":\"SearchAction\",\"target\":{\"@type\":\"EntryPoint\",\"urlTemplate\":\"https:\\\/\\\/noticiasmercedinas.com\\\/site\\\/?s={search_term_string}\"},\"query-input\":{\"@type\":\"PropertyValueSpecification\",\"valueRequired\":true,\"valueName\":\"search_term_string\"}}],\"inLanguage\":\"es\"},{\"@type\":\"Organization\",\"@id\":\"https:\\\/\\\/noticiasmercedinas.com\\\/site\\\/#organization\",\"name\":\"NOTICIASMERCEDINAS.COM\",\"url\":\"https:\\\/\\\/noticiasmercedinas.com\\\/site\\\/\",\"logo\":{\"@type\":\"ImageObject\",\"inLanguage\":\"es\",\"@id\":\"https:\\\/\\\/noticiasmercedinas.com\\\/site\\\/#\\\/schema\\\/logo\\\/image\\\/\",\"url\":\"https:\\\/\\\/noticiasmercedinas.com\\\/site\\\/wp-content\\\/uploads\\\/2020\\\/06\\\/LOGO-512.jpg\",\"contentUrl\":\"https:\\\/\\\/noticiasmercedinas.com\\\/site\\\/wp-content\\\/uploads\\\/2020\\\/06\\\/LOGO-512.jpg\",\"width\":512,\"height\":512,\"caption\":\"NOTICIASMERCEDINAS.COM\"},\"image\":{\"@id\":\"https:\\\/\\\/noticiasmercedinas.com\\\/site\\\/#\\\/schema\\\/logo\\\/image\\\/\"},\"sameAs\":[\"https:\\\/\\\/www.facebook.com\\\/noticiasmercedinas\\\/\",\"https:\\\/\\\/x.com\\\/notmercedinas\",\"https:\\\/\\\/www.instagram.com\\\/noticiasmercedinas\\\/\"]},{\"@type\":\"Person\",\"@id\":\"https:\\\/\\\/noticiasmercedinas.com\\\/site\\\/#\\\/schema\\\/person\\\/84b59c099c28ff2e8b77d4ceec5d8063\",\"name\":\"NOTICIASMERCEDINAS.COM\",\"image\":{\"@type\":\"ImageObject\",\"inLanguage\":\"es\",\"@id\":\"https:\\\/\\\/secure.gravatar.com\\\/avatar\\\/4dfbf16b4d17945bfb6341b2d19043457132fcf478a5ee04f42e959fd8f5df0a?s=96&d=mm&r=g\",\"url\":\"https:\\\/\\\/secure.gravatar.com\\\/avatar\\\/4dfbf16b4d17945bfb6341b2d19043457132fcf478a5ee04f42e959fd8f5df0a?s=96&d=mm&r=g\",\"contentUrl\":\"https:\\\/\\\/secure.gravatar.com\\\/avatar\\\/4dfbf16b4d17945bfb6341b2d19043457132fcf478a5ee04f42e959fd8f5df0a?s=96&d=mm&r=g\",\"caption\":\"NOTICIASMERCEDINAS.COM\"},\"url\":\"https:\\\/\\\/noticiasmercedinas.com\\\/site\\\/author\\\/anonimo\\\/\"}]}<\/script>\n<!-- \/ Yoast SEO plugin. -->","yoast_head_json":{"title":"6600 Microcervecer\u00eda abre agenda para despedidas de fin de a\u00f1o en Mercedes","robots":{"index":"index","follow":"follow","max-snippet":"max-snippet:-1","max-image-preview":"max-image-preview:large","max-video-preview":"max-video-preview:-1"},"canonical":"https:\/\/noticiasmercedinas.com\/site\/2024\/10\/30\/6600-microcerveceria-abre-agenda-para-despedidas-de-fin-de-ano-en-mercedes\/","og_locale":"es_ES","og_type":"article","og_title":"6600 Microcervecer\u00eda abre agenda para despedidas de fin de a\u00f1o en Mercedes","og_description":"Con la llegada de las fiestas de fin de a\u00f1o, 6600 Microcervecer\u00eda abre sus puertas para quienes buscan celebrar en un ambiente distendido y sin preocupaciones. Ubicada en Mercedes, esta cervecer\u00eda artesanal ofrece un espacio ideal para despedidas de a\u00f1o, brindando una experiencia completa con cerveza, comida y ambientaci\u00f3n a medida para sus eventos. El [&hellip;]","og_url":"https:\/\/noticiasmercedinas.com\/site\/2024\/10\/30\/6600-microcerveceria-abre-agenda-para-despedidas-de-fin-de-ano-en-mercedes\/","og_site_name":"NOTICIASMERCEDINAS.COM","article_publisher":"https:\/\/www.facebook.com\/noticiasmercedinas\/","article_published_time":"2024-10-30T18:43:52+00:00","article_modified_time":"2024-10-30T18:44:24+00:00","og_image":[{"width":1080,"height":892,"url":"https:\/\/noticiasmercedinas.com\/site\/wp-content\/uploads\/2024\/10\/6600-e1730313741612.jpg","type":"image\/jpeg"}],"author":"NOTICIASMERCEDINAS.COM","twitter_card":"summary_large_image","twitter_creator":"@notmercedinas","twitter_site":"@notmercedinas","twitter_misc":{"Escrito por":"NOTICIASMERCEDINAS.COM","Tiempo de lectura":"2 minutos"},"schema":{"@context":"https:\/\/schema.org","@graph":[{"@type":"Article","@id":"https:\/\/noticiasmercedinas.com\/site\/2024\/10\/30\/6600-microcerveceria-abre-agenda-para-despedidas-de-fin-de-ano-en-mercedes\/#article","isPartOf":{"@id":"https:\/\/noticiasmercedinas.com\/site\/2024\/10\/30\/6600-microcerveceria-abre-agenda-para-despedidas-de-fin-de-ano-en-mercedes\/"},"author":{"name":"NOTICIASMERCEDINAS.COM","@id":"https:\/\/noticiasmercedinas.com\/site\/#\/schema\/person\/84b59c099c28ff2e8b77d4ceec5d8063"},"headline":"6600 Microcervecer\u00eda abre agenda para despedidas de fin de a\u00f1o en Mercedes","datePublished":"2024-10-30T18:43:52+00:00","dateModified":"2024-10-30T18:44:24+00:00","mainEntityOfPage":{"@id":"https:\/\/noticiasmercedinas.com\/site\/2024\/10\/30\/6600-microcerveceria-abre-agenda-para-despedidas-de-fin-de-ano-en-mercedes\/"},"wordCount":344,"publisher":{"@id":"https:\/\/noticiasmercedinas.com\/site\/#organization"},"image":{"@id":"https:\/\/noticiasmercedinas.com\/site\/2024\/10\/30\/6600-microcerveceria-abre-agenda-para-despedidas-de-fin-de-ano-en-mercedes\/#primaryimage"},"thumbnailUrl":"https:\/\/noticiasmercedinas.com\/site\/wp-content\/uploads\/2024\/10\/6600-e1730313741612.jpg","keywords":["6600","6600 Microcerveceria","Cerveza","despedida de a\u00f1o","salon de fiestas"],"articleSection":["Emprendimientos"],"inLanguage":"es"},{"@type":"WebPage","@id":"https:\/\/noticiasmercedinas.com\/site\/2024\/10\/30\/6600-microcerveceria-abre-agenda-para-despedidas-de-fin-de-ano-en-mercedes\/","url":"https:\/\/noticiasmercedinas.com\/site\/2024\/10\/30\/6600-microcerveceria-abre-agenda-para-despedidas-de-fin-de-ano-en-mercedes\/","name":"6600 Microcervecer\u00eda abre agenda para despedidas de fin de a\u00f1o en Mercedes","isPartOf":{"@id":"https:\/\/noticiasmercedinas.com\/site\/#website"},"primaryImageOfPage":{"@id":"https:\/\/noticiasmercedinas.com\/site\/2024\/10\/30\/6600-microcerveceria-abre-agenda-para-despedidas-de-fin-de-ano-en-mercedes\/#primaryimage"},"image":{"@id":"https:\/\/noticiasmercedinas.com\/site\/2024\/10\/30\/6600-microcerveceria-abre-agenda-para-despedidas-de-fin-de-ano-en-mercedes\/#primaryimage"},"thumbnailUrl":"https:\/\/noticiasmercedinas.com\/site\/wp-content\/uploads\/2024\/10\/6600-e1730313741612.jpg","datePublished":"2024-10-30T18:43:52+00:00","dateModified":"2024-10-30T18:44:24+00:00","breadcrumb":{"@id":"https:\/\/noticiasmercedinas.com\/site\/2024\/10\/30\/6600-microcerveceria-abre-agenda-para-despedidas-de-fin-de-ano-en-mercedes\/#breadcrumb"},"inLanguage":"es","potentialAction":[{"@type":"ReadAction","target":["https:\/\/noticiasmercedinas.com\/site\/2024\/10\/30\/6600-microcerveceria-abre-agenda-para-despedidas-de-fin-de-ano-en-mercedes\/"]}]},{"@type":"ImageObject","inLanguage":"es","@id":"https:\/\/noticiasmercedinas.com\/site\/2024\/10\/30\/6600-microcerveceria-abre-agenda-para-despedidas-de-fin-de-ano-en-mercedes\/#primaryimage","url":"https:\/\/noticiasmercedinas.com\/site\/wp-content\/uploads\/2024\/10\/6600-e1730313741612.jpg","contentUrl":"https:\/\/noticiasmercedinas.com\/site\/wp-content\/uploads\/2024\/10\/6600-e1730313741612.jpg","width":1080,"height":892},{"@type":"BreadcrumbList","@id":"https:\/\/noticiasmercedinas.com\/site\/2024\/10\/30\/6600-microcerveceria-abre-agenda-para-despedidas-de-fin-de-ano-en-mercedes\/#breadcrumb","itemListElement":[{"@type":"ListItem","position":1,"name":"Portada","item":"https:\/\/noticiasmercedinas.com\/site\/"},{"@type":"ListItem","position":2,"name":"6600 Microcervecer\u00eda abre agenda para despedidas de fin de a\u00f1o en Mercedes"}]},{"@type":"WebSite","@id":"https:\/\/noticiasmercedinas.com\/site\/#website","url":"https:\/\/noticiasmercedinas.com\/site\/","name":"NOTICIASMERCEDINAS.COM","description":"Mercedes, Buenos Aires, Argentina","publisher":{"@id":"https:\/\/noticiasmercedinas.com\/site\/#organization"},"potentialAction":[{"@type":"SearchAction","target":{"@type":"EntryPoint","urlTemplate":"https:\/\/noticiasmercedinas.com\/site\/?s={search_term_string}"},"query-input":{"@type":"PropertyValueSpecification","valueRequired":true,"valueName":"search_term_string"}}],"inLanguage":"es"},{"@type":"Organization","@id":"https:\/\/noticiasmercedinas.com\/site\/#organization","name":"NOTICIASMERCEDINAS.COM","url":"https:\/\/noticiasmercedinas.com\/site\/","logo":{"@type":"ImageObject","inLanguage":"es","@id":"https:\/\/noticiasmercedinas.com\/site\/#\/schema\/logo\/image\/","url":"https:\/\/noticiasmercedinas.com\/site\/wp-content\/uploads\/2020\/06\/LOGO-512.jpg","contentUrl":"https:\/\/noticiasmercedinas.com\/site\/wp-content\/uploads\/2020\/06\/LOGO-512.jpg","width":512,"height":512,"caption":"NOTICIASMERCEDINAS.COM"},"image":{"@id":"https:\/\/noticiasmercedinas.com\/site\/#\/schema\/logo\/image\/"},"sameAs":["https:\/\/www.facebook.com\/noticiasmercedinas\/","https:\/\/x.com\/notmercedinas","https:\/\/www.instagram.com\/noticiasmercedinas\/"]},{"@type":"Person","@id":"https:\/\/noticiasmercedinas.com\/site\/#\/schema\/person\/84b59c099c28ff2e8b77d4ceec5d8063","name":"NOTICIASMERCEDINAS.COM","image":{"@type":"ImageObject","inLanguage":"es","@id":"https:\/\/secure.gravatar.com\/avatar\/4dfbf16b4d17945bfb6341b2d19043457132fcf478a5ee04f42e959fd8f5df0a?s=96&d=mm&r=g","url":"https:\/\/secure.gravatar.com\/avatar\/4dfbf16b4d17945bfb6341b2d19043457132fcf478a5ee04f42e959fd8f5df0a?s=96&d=mm&r=g","contentUrl":"https:\/\/secure.gravatar.com\/avatar\/4dfbf16b4d17945bfb6341b2d19043457132fcf478a5ee04f42e959fd8f5df0a?s=96&d=mm&r=g","caption":"NOTICIASMERCEDINAS.COM"},"url":"https:\/\/noticiasmercedinas.com\/site\/author\/anonimo\/"}]}},"amp_enabled":true,"_links":{"self":[{"href":"https:\/\/noticiasmercedinas.com\/site\/wp-json\/wp\/v2\/posts\/147248","targetHints":{"allow":["GET"]}}],"collection":[{"href":"https:\/\/noticiasmercedinas.com\/site\/wp-json\/wp\/v2\/posts"}],"about":[{"href":"https:\/\/noticiasmercedinas.com\/site\/wp-json\/wp\/v2\/types\/post"}],"author":[{"embeddable":true,"href":"https:\/\/noticiasmercedinas.com\/site\/wp-json\/wp\/v2\/users\/16"}],"replies":[{"embeddable":true,"href":"https:\/\/noticiasmercedinas.com\/site\/wp-json\/wp\/v2\/comments?post=147248"}],"version-history":[{"count":2,"href":"https:\/\/noticiasmercedinas.com\/site\/wp-json\/wp\/v2\/posts\/147248\/revisions"}],"predecessor-version":[{"id":147251,"href":"https:\/\/noticiasmercedinas.com\/site\/wp-json\/wp\/v2\/posts\/147248\/revisions\/147251"}],"wp:featuredmedia":[{"embeddable":true,"href":"https:\/\/noticiasmercedinas.com\/site\/wp-json\/wp\/v2\/media\/147249"}],"wp:attachment":[{"href":"https:\/\/noticiasmercedinas.com\/site\/wp-json\/wp\/v2\/media?parent=147248"}],"wp:term":[{"taxonomy":"category","embeddable":true,"href":"https:\/\/noticiasmercedinas.com\/site\/wp-json\/wp\/v2\/categories?post=147248"},{"taxonomy":"post_tag","embeddable":true,"href":"https:\/\/noticiasmercedinas.com\/site\/wp-json\/wp\/v2\/tags?post=147248"}],"curies":[{"name":"wp","href":"https:\/\/api.w.org\/{rel}","templated":true}]}}