{"id":14729,"date":"2019-03-23T19:27:20","date_gmt":"2019-03-23T22:27:20","guid":{"rendered":"https:\/\/noticiasmercedinas.com\/site\/?p=14729"},"modified":"2019-03-23T23:22:00","modified_gmt":"2019-03-24T02:22:00","slug":"federico-lagoa-asumio-en-chivilcoy","status":"publish","type":"post","link":"https:\/\/noticiasmercedinas.com\/site\/2019\/03\/23\/federico-lagoa-asumio-en-chivilcoy\/","title":{"rendered":"Federico Lagoa asumi\u00f3 en Chivilcoy"},"content":{"rendered":"<p><img loading=\"lazy\" decoding=\"async\" class=\"alignnone wp-image-14732 size-full\" src=\"https:\/\/noticiasmercedinas.com\/site\/wp-content\/uploads\/2019\/03\/IMG_20190323_192429_843-1.jpg\" width=\"1697\" height=\"1027\" srcset=\"https:\/\/noticiasmercedinas.com\/site\/wp-content\/uploads\/2019\/03\/IMG_20190323_192429_843-1.jpg 1697w, https:\/\/noticiasmercedinas.com\/site\/wp-content\/uploads\/2019\/03\/IMG_20190323_192429_843-1-300x182.jpg 300w, https:\/\/noticiasmercedinas.com\/site\/wp-content\/uploads\/2019\/03\/IMG_20190323_192429_843-1-768x465.jpg 768w, https:\/\/noticiasmercedinas.com\/site\/wp-content\/uploads\/2019\/03\/IMG_20190323_192429_843-1-1024x620.jpg 1024w, https:\/\/noticiasmercedinas.com\/site\/wp-content\/uploads\/2019\/03\/IMG_20190323_192429_843-1-640x387.jpg 640w, https:\/\/noticiasmercedinas.com\/site\/wp-content\/uploads\/2019\/03\/IMG_20190323_192429_843-1-1280x775.jpg 1280w, https:\/\/noticiasmercedinas.com\/site\/wp-content\/uploads\/2019\/03\/IMG_20190323_192429_843-1-681x412.jpg 681w, https:\/\/noticiasmercedinas.com\/site\/wp-content\/uploads\/2019\/03\/IMG_20190323_192429_843-1-1362x824.jpg 1362w\" sizes=\"auto, (max-width: 1697px) 100vw, 1697px\" \/><\/p>\n<p>En la parroquia San Pedro Ap\u00f3stol este s\u00e1bado por la noche con una misa presidida por monse\u00f1or Agustin Radrizzani, asumi\u00f3 quien fuera p\u00e1rroco en la Iglesia Catedral de Mercedes, el presb\u00edtero Federico Lagoa.<\/p>\n<p>En su provisi\u00f3n de oficio se lo design\u00f3 a Lagoa en esa comunidad por parte del arzobispo, como p\u00e1rroco por el t\u00e9rmino de seis a\u00f1os.<\/p>\n<p>\u00abLe encomendamos continuar el camino de su antecesor, la atenci\u00f3n de los m\u00e1s pobres, necesitados y de los enfermos\u00bb, sostuvo Radrizzani a trav\u00e9s de un escrito en la previa de la promesa, que fue le\u00eddo por el padre Agust\u00edn Fern\u00e1ndez.<\/p>\n<p><img loading=\"lazy\" decoding=\"async\" class=\"alignnone wp-image-14747 size-full\" src=\"https:\/\/noticiasmercedinas.com\/site\/wp-content\/uploads\/2019\/03\/IMG_20190323_200423-2.jpg\" width=\"2560\" height=\"1440\" srcset=\"https:\/\/noticiasmercedinas.com\/site\/wp-content\/uploads\/2019\/03\/IMG_20190323_200423-2.jpg 2560w, https:\/\/noticiasmercedinas.com\/site\/wp-content\/uploads\/2019\/03\/IMG_20190323_200423-2-300x169.jpg 300w, https:\/\/noticiasmercedinas.com\/site\/wp-content\/uploads\/2019\/03\/IMG_20190323_200423-2-768x432.jpg 768w, https:\/\/noticiasmercedinas.com\/site\/wp-content\/uploads\/2019\/03\/IMG_20190323_200423-2-1024x576.jpg 1024w, https:\/\/noticiasmercedinas.com\/site\/wp-content\/uploads\/2019\/03\/IMG_20190323_200423-2-640x360.jpg 640w, https:\/\/noticiasmercedinas.com\/site\/wp-content\/uploads\/2019\/03\/IMG_20190323_200423-2-1280x720.jpg 1280w, https:\/\/noticiasmercedinas.com\/site\/wp-content\/uploads\/2019\/03\/IMG_20190323_200423-2-681x383.jpg 681w, https:\/\/noticiasmercedinas.com\/site\/wp-content\/uploads\/2019\/03\/IMG_20190323_200423-2-1362x766.jpg 1362w\" sizes=\"auto, (max-width: 2560px) 100vw, 2560px\" \/><\/p>\n<p>Ante un templo colmado y con muchos mercedinos que se llegaron a la vecina ciudad bonaerense para acompa\u00f1ar a Lagoa, la ceremonia cont\u00f3 con importante presencia de sacerdotes, entre los que tambi\u00e9n estuvo Juan Carlos Bouzou, actual p\u00e1rroco de la Bas\u00edlica de Mercedes.<\/p>\n<p>Lagoa recibi\u00f3 de Radrizzani el libro de los Evangelios y el sacerdote designado procedi\u00f3 a su proclamaci\u00f3n ante la asamblea.<\/p>\n<p><img loading=\"lazy\" decoding=\"async\" class=\"alignnone size-full wp-image-14737\" src=\"https:\/\/noticiasmercedinas.com\/site\/wp-content\/uploads\/2019\/03\/IMG_20190323_193339_810-1.jpg\" width=\"2103\" height=\"1153\" srcset=\"https:\/\/noticiasmercedinas.com\/site\/wp-content\/uploads\/2019\/03\/IMG_20190323_193339_810-1.jpg 2103w, https:\/\/noticiasmercedinas.com\/site\/wp-content\/uploads\/2019\/03\/IMG_20190323_193339_810-1-300x164.jpg 300w, https:\/\/noticiasmercedinas.com\/site\/wp-content\/uploads\/2019\/03\/IMG_20190323_193339_810-1-768x421.jpg 768w, https:\/\/noticiasmercedinas.com\/site\/wp-content\/uploads\/2019\/03\/IMG_20190323_193339_810-1-1024x561.jpg 1024w, https:\/\/noticiasmercedinas.com\/site\/wp-content\/uploads\/2019\/03\/IMG_20190323_193339_810-1-640x351.jpg 640w, https:\/\/noticiasmercedinas.com\/site\/wp-content\/uploads\/2019\/03\/IMG_20190323_193339_810-1-1280x702.jpg 1280w, https:\/\/noticiasmercedinas.com\/site\/wp-content\/uploads\/2019\/03\/IMG_20190323_193339_810-1-681x373.jpg 681w, https:\/\/noticiasmercedinas.com\/site\/wp-content\/uploads\/2019\/03\/IMG_20190323_193339_810-1-1362x747.jpg 1362w\" sizes=\"auto, (max-width: 2103px) 100vw, 2103px\" \/><\/p>\n<p>Radrizzani destac\u00f3 que \u00ablos cambios revitalizan a las comunidades\u00bb e indic\u00f3 que la llegada de Lagoa, oriundo de Chivilcoy, era mas que importante. A su vez el arzobispo record\u00f3 su paso por Neuqu\u00e9n, \u00aben las manos de Dios\u00bb, y salud\u00f3 la presencia del intendente Britos, en la primera fila del templo. Adem\u00e1s pidi\u00f3 ayuda a la comunidad para Lagoa.<\/p>\n<p>Luego el sacerdote hizo su profesi\u00f3n de fe y su promesa de fidelidad en el ejercicio del ministerio que le fue confiado, y recibi\u00f3 aplausos.<\/p>\n<p><img loading=\"lazy\" decoding=\"async\" class=\"alignnone wp-image-14742 size-full\" src=\"https:\/\/noticiasmercedinas.com\/site\/wp-content\/uploads\/2019\/03\/IMG_20190323_195257_634-1.jpg\" width=\"1381\" height=\"884\" srcset=\"https:\/\/noticiasmercedinas.com\/site\/wp-content\/uploads\/2019\/03\/IMG_20190323_195257_634-1.jpg 1381w, https:\/\/noticiasmercedinas.com\/site\/wp-content\/uploads\/2019\/03\/IMG_20190323_195257_634-1-300x192.jpg 300w, https:\/\/noticiasmercedinas.com\/site\/wp-content\/uploads\/2019\/03\/IMG_20190323_195257_634-1-768x492.jpg 768w, https:\/\/noticiasmercedinas.com\/site\/wp-content\/uploads\/2019\/03\/IMG_20190323_195257_634-1-1024x655.jpg 1024w, https:\/\/noticiasmercedinas.com\/site\/wp-content\/uploads\/2019\/03\/IMG_20190323_195257_634-1-640x410.jpg 640w, https:\/\/noticiasmercedinas.com\/site\/wp-content\/uploads\/2019\/03\/IMG_20190323_195257_634-1-1280x819.jpg 1280w, https:\/\/noticiasmercedinas.com\/site\/wp-content\/uploads\/2019\/03\/IMG_20190323_195257_634-1-681x436.jpg 681w, https:\/\/noticiasmercedinas.com\/site\/wp-content\/uploads\/2019\/03\/IMG_20190323_195257_634-1-1362x872.jpg 1362w\" sizes=\"auto, (max-width: 1381px) 100vw, 1381px\" \/><\/p>\n<p>Tras la eucarist\u00eda, monse\u00f1or Radrizzani entreg\u00f3 a Lagoa la llave del Sagrario del templo, y volvieron los aplausos.<\/p>\n<p>Al cierre de la ceremonia, fue el turno de Lagoa de decir unas palabras. \u00abAgradezco a Dios todo este tiempo, lo que estoy viviendo\u00bb, dijo y comparti\u00f3 su alegr\u00eda de volver a su comunidad, algo que, dijo, nunca pens\u00f3. Luego nombr\u00f3 uno a uno a los sacerdotes presentes, detallando sus procedencias y puestos en cada parroquia o comunidad de la arquidi\u00f3cesis.<\/p>\n<p>\u00abCuando me dijeron que ven\u00eda a Chivilcoy pens\u00e9 en mi familia, en mi infancia, mis amigos de siempre, la ciudad en que he nacido\u00bb, agreg\u00f3 Lagoa y mencion\u00f3 lugares de su infancia y adolescencia, mencion\u00f3 a varios de sus antecesores en la Iglesia local y record\u00f3 a sus discernimientos y dudas vocacionales en sus comienzos. Asimismo, se mostr\u00f3 muy a gusto en su cumplea\u00f1os 16 de celebrar su primera misa en el mismo lugar en que hoy asum\u00eda.<\/p>\n<p>Salud\u00f3 especialmente a todos los mercedinos y destac\u00f3 su formaci\u00f3n en el Seminario y su sacerdocio en San Jos\u00e9 y en Catedral. En este punto se emocion\u00f3 y le cost\u00f3 seguir con sus palabras.<\/p>\n<p>Al t\u00e9rmino de la ceremonia hubo un \u00e1gape a la canasta en el atrio.<\/p>\n<p><img loading=\"lazy\" decoding=\"async\" class=\"alignnone size-full wp-image-14750\" src=\"https:\/\/noticiasmercedinas.com\/site\/wp-content\/uploads\/2019\/03\/IMG_20190323_201835_061-1.jpg\" width=\"1704\" height=\"1109\" srcset=\"https:\/\/noticiasmercedinas.com\/site\/wp-content\/uploads\/2019\/03\/IMG_20190323_201835_061-1.jpg 1704w, https:\/\/noticiasmercedinas.com\/site\/wp-content\/uploads\/2019\/03\/IMG_20190323_201835_061-1-300x194.jpg 300w, https:\/\/noticiasmercedinas.com\/site\/wp-content\/uploads\/2019\/03\/IMG_20190323_201835_061-1-768x500.jpg 768w, https:\/\/noticiasmercedinas.com\/site\/wp-content\/uploads\/2019\/03\/IMG_20190323_201835_061-1-1024x666.jpg 1024w, https:\/\/noticiasmercedinas.com\/site\/wp-content\/uploads\/2019\/03\/IMG_20190323_201835_061-1-640x417.jpg 640w, https:\/\/noticiasmercedinas.com\/site\/wp-content\/uploads\/2019\/03\/IMG_20190323_201835_061-1-1280x833.jpg 1280w, https:\/\/noticiasmercedinas.com\/site\/wp-content\/uploads\/2019\/03\/IMG_20190323_201835_061-1-681x443.jpg 681w, https:\/\/noticiasmercedinas.com\/site\/wp-content\/uploads\/2019\/03\/IMG_20190323_201835_061-1-1362x886.jpg 1362w\" sizes=\"auto, (max-width: 1704px) 100vw, 1704px\" \/><\/p>\n","protected":false},"excerpt":{"rendered":"<p>En la parroquia San Pedro Ap\u00f3stol este s\u00e1bado por la noche con una misa presidida por monse\u00f1or Agustin Radrizzani, asumi\u00f3 quien fuera p\u00e1rroco en la Iglesia Catedral de Mercedes, el presb\u00edtero Federico Lagoa. En su provisi\u00f3n de oficio se lo design\u00f3 a Lagoa en esa comunidad por parte del arzobispo, como p\u00e1rroco por el t\u00e9rmino [&hellip;]<\/p>\n","protected":false},"author":2,"featured_media":14732,"comment_status":"open","ping_status":"open","sticky":false,"template":"","format":"standard","meta":{"footnotes":""},"categories":[3],"tags":[203,398],"class_list":["post-14729","post","type-post","status-publish","format-standard","has-post-thumbnail","hentry","category-sociedad","tag-chivilcoy","tag-federico-lagoa"],"yoast_head":"<!-- This site is optimized with the Yoast SEO plugin v27.4 - https:\/\/yoast.com\/product\/yoast-seo-wordpress\/ -->\n<title>Federico Lagoa asumi\u00f3 en Chivilcoy<\/title>\n<meta name=\"robots\" content=\"index, follow, max-snippet:-1, max-image-preview:large, max-video-preview:-1\" \/>\n<link rel=\"canonical\" href=\"https:\/\/noticiasmercedinas.com\/site\/2019\/03\/23\/federico-lagoa-asumio-en-chivilcoy\/\" \/>\n<meta property=\"og:locale\" content=\"es_ES\" \/>\n<meta property=\"og:type\" content=\"article\" \/>\n<meta property=\"og:title\" content=\"Federico Lagoa asumi\u00f3 en Chivilcoy\" \/>\n<meta property=\"og:description\" content=\"En la parroquia San Pedro Ap\u00f3stol este s\u00e1bado por la noche con una misa presidida por monse\u00f1or Agustin Radrizzani, asumi\u00f3 quien fuera p\u00e1rroco en la Iglesia Catedral de Mercedes, el presb\u00edtero Federico Lagoa. En su provisi\u00f3n de oficio se lo design\u00f3 a Lagoa en esa comunidad por parte del arzobispo, como p\u00e1rroco por el t\u00e9rmino [&hellip;]\" \/>\n<meta property=\"og:url\" content=\"https:\/\/noticiasmercedinas.com\/site\/2019\/03\/23\/federico-lagoa-asumio-en-chivilcoy\/\" \/>\n<meta property=\"og:site_name\" content=\"NOTICIASMERCEDINAS.COM\" \/>\n<meta property=\"article:publisher\" content=\"https:\/\/www.facebook.com\/noticiasmercedinas\/\" \/>\n<meta property=\"article:author\" content=\"https:\/\/www.facebook.com\/cristian.falabella\" \/>\n<meta property=\"article:published_time\" content=\"2019-03-23T22:27:20+00:00\" \/>\n<meta property=\"article:modified_time\" content=\"2019-03-24T02:22:00+00:00\" \/>\n<meta property=\"og:image\" content=\"https:\/\/noticiasmercedinas.com\/site\/wp-content\/uploads\/2019\/03\/IMG_20190323_192429_843-1.jpg\" \/>\n\t<meta property=\"og:image:width\" content=\"1697\" \/>\n\t<meta property=\"og:image:height\" content=\"1027\" \/>\n\t<meta property=\"og:image:type\" content=\"image\/jpeg\" \/>\n<meta name=\"author\" content=\"Cristian Falabella NOTICIASMERCEDINAS.COM\" \/>\n<meta name=\"twitter:card\" content=\"summary_large_image\" \/>\n<meta name=\"twitter:creator\" content=\"@https:\/\/twitter.com\/NOTMERCEDINAS\" \/>\n<meta name=\"twitter:site\" content=\"@notmercedinas\" \/>\n<meta name=\"twitter:label1\" content=\"Escrito por\" \/>\n\t<meta name=\"twitter:data1\" content=\"Cristian Falabella NOTICIASMERCEDINAS.COM\" \/>\n\t<meta name=\"twitter:label2\" content=\"Tiempo de lectura\" \/>\n\t<meta name=\"twitter:data2\" content=\"2 minutos\" \/>\n<script type=\"application\/ld+json\" class=\"yoast-schema-graph\">{\"@context\":\"https:\\\/\\\/schema.org\",\"@graph\":[{\"@type\":\"Article\",\"@id\":\"https:\\\/\\\/noticiasmercedinas.com\\\/site\\\/2019\\\/03\\\/23\\\/federico-lagoa-asumio-en-chivilcoy\\\/#article\",\"isPartOf\":{\"@id\":\"https:\\\/\\\/noticiasmercedinas.com\\\/site\\\/2019\\\/03\\\/23\\\/federico-lagoa-asumio-en-chivilcoy\\\/\"},\"author\":{\"name\":\"Cristian Falabella NOTICIASMERCEDINAS.COM\",\"@id\":\"https:\\\/\\\/noticiasmercedinas.com\\\/site\\\/#\\\/schema\\\/person\\\/d481a9696a5feaec13a60e2bbd991a6a\"},\"headline\":\"Federico Lagoa asumi\u00f3 en Chivilcoy\",\"datePublished\":\"2019-03-23T22:27:20+00:00\",\"dateModified\":\"2019-03-24T02:22:00+00:00\",\"mainEntityOfPage\":{\"@id\":\"https:\\\/\\\/noticiasmercedinas.com\\\/site\\\/2019\\\/03\\\/23\\\/federico-lagoa-asumio-en-chivilcoy\\\/\"},\"wordCount\":486,\"commentCount\":0,\"publisher\":{\"@id\":\"https:\\\/\\\/noticiasmercedinas.com\\\/site\\\/#organization\"},\"image\":{\"@id\":\"https:\\\/\\\/noticiasmercedinas.com\\\/site\\\/2019\\\/03\\\/23\\\/federico-lagoa-asumio-en-chivilcoy\\\/#primaryimage\"},\"thumbnailUrl\":\"https:\\\/\\\/noticiasmercedinas.com\\\/site\\\/wp-content\\\/uploads\\\/2019\\\/03\\\/IMG_20190323_192429_843-1.jpg\",\"keywords\":[\"chivilcoy\",\"federico lagoa\"],\"articleSection\":[\"Sociedad\"],\"inLanguage\":\"es\",\"potentialAction\":[{\"@type\":\"CommentAction\",\"name\":\"Comment\",\"target\":[\"https:\\\/\\\/noticiasmercedinas.com\\\/site\\\/2019\\\/03\\\/23\\\/federico-lagoa-asumio-en-chivilcoy\\\/#respond\"]}]},{\"@type\":\"WebPage\",\"@id\":\"https:\\\/\\\/noticiasmercedinas.com\\\/site\\\/2019\\\/03\\\/23\\\/federico-lagoa-asumio-en-chivilcoy\\\/\",\"url\":\"https:\\\/\\\/noticiasmercedinas.com\\\/site\\\/2019\\\/03\\\/23\\\/federico-lagoa-asumio-en-chivilcoy\\\/\",\"name\":\"Federico Lagoa asumi\u00f3 en Chivilcoy\",\"isPartOf\":{\"@id\":\"https:\\\/\\\/noticiasmercedinas.com\\\/site\\\/#website\"},\"primaryImageOfPage\":{\"@id\":\"https:\\\/\\\/noticiasmercedinas.com\\\/site\\\/2019\\\/03\\\/23\\\/federico-lagoa-asumio-en-chivilcoy\\\/#primaryimage\"},\"image\":{\"@id\":\"https:\\\/\\\/noticiasmercedinas.com\\\/site\\\/2019\\\/03\\\/23\\\/federico-lagoa-asumio-en-chivilcoy\\\/#primaryimage\"},\"thumbnailUrl\":\"https:\\\/\\\/noticiasmercedinas.com\\\/site\\\/wp-content\\\/uploads\\\/2019\\\/03\\\/IMG_20190323_192429_843-1.jpg\",\"datePublished\":\"2019-03-23T22:27:20+00:00\",\"dateModified\":\"2019-03-24T02:22:00+00:00\",\"breadcrumb\":{\"@id\":\"https:\\\/\\\/noticiasmercedinas.com\\\/site\\\/2019\\\/03\\\/23\\\/federico-lagoa-asumio-en-chivilcoy\\\/#breadcrumb\"},\"inLanguage\":\"es\",\"potentialAction\":[{\"@type\":\"ReadAction\",\"target\":[\"https:\\\/\\\/noticiasmercedinas.com\\\/site\\\/2019\\\/03\\\/23\\\/federico-lagoa-asumio-en-chivilcoy\\\/\"]}]},{\"@type\":\"ImageObject\",\"inLanguage\":\"es\",\"@id\":\"https:\\\/\\\/noticiasmercedinas.com\\\/site\\\/2019\\\/03\\\/23\\\/federico-lagoa-asumio-en-chivilcoy\\\/#primaryimage\",\"url\":\"https:\\\/\\\/noticiasmercedinas.com\\\/site\\\/wp-content\\\/uploads\\\/2019\\\/03\\\/IMG_20190323_192429_843-1.jpg\",\"contentUrl\":\"https:\\\/\\\/noticiasmercedinas.com\\\/site\\\/wp-content\\\/uploads\\\/2019\\\/03\\\/IMG_20190323_192429_843-1.jpg\",\"width\":1697,\"height\":1027},{\"@type\":\"BreadcrumbList\",\"@id\":\"https:\\\/\\\/noticiasmercedinas.com\\\/site\\\/2019\\\/03\\\/23\\\/federico-lagoa-asumio-en-chivilcoy\\\/#breadcrumb\",\"itemListElement\":[{\"@type\":\"ListItem\",\"position\":1,\"name\":\"Portada\",\"item\":\"https:\\\/\\\/noticiasmercedinas.com\\\/site\\\/\"},{\"@type\":\"ListItem\",\"position\":2,\"name\":\"Federico Lagoa asumi\u00f3 en Chivilcoy\"}]},{\"@type\":\"WebSite\",\"@id\":\"https:\\\/\\\/noticiasmercedinas.com\\\/site\\\/#website\",\"url\":\"https:\\\/\\\/noticiasmercedinas.com\\\/site\\\/\",\"name\":\"NOTICIASMERCEDINAS.COM\",\"description\":\"Mercedes, Buenos Aires, Argentina\",\"publisher\":{\"@id\":\"https:\\\/\\\/noticiasmercedinas.com\\\/site\\\/#organization\"},\"potentialAction\":[{\"@type\":\"SearchAction\",\"target\":{\"@type\":\"EntryPoint\",\"urlTemplate\":\"https:\\\/\\\/noticiasmercedinas.com\\\/site\\\/?s={search_term_string}\"},\"query-input\":{\"@type\":\"PropertyValueSpecification\",\"valueRequired\":true,\"valueName\":\"search_term_string\"}}],\"inLanguage\":\"es\"},{\"@type\":\"Organization\",\"@id\":\"https:\\\/\\\/noticiasmercedinas.com\\\/site\\\/#organization\",\"name\":\"NOTICIASMERCEDINAS.COM\",\"url\":\"https:\\\/\\\/noticiasmercedinas.com\\\/site\\\/\",\"logo\":{\"@type\":\"ImageObject\",\"inLanguage\":\"es\",\"@id\":\"https:\\\/\\\/noticiasmercedinas.com\\\/site\\\/#\\\/schema\\\/logo\\\/image\\\/\",\"url\":\"https:\\\/\\\/noticiasmercedinas.com\\\/site\\\/wp-content\\\/uploads\\\/2020\\\/06\\\/LOGO-512.jpg\",\"contentUrl\":\"https:\\\/\\\/noticiasmercedinas.com\\\/site\\\/wp-content\\\/uploads\\\/2020\\\/06\\\/LOGO-512.jpg\",\"width\":512,\"height\":512,\"caption\":\"NOTICIASMERCEDINAS.COM\"},\"image\":{\"@id\":\"https:\\\/\\\/noticiasmercedinas.com\\\/site\\\/#\\\/schema\\\/logo\\\/image\\\/\"},\"sameAs\":[\"https:\\\/\\\/www.facebook.com\\\/noticiasmercedinas\\\/\",\"https:\\\/\\\/x.com\\\/notmercedinas\",\"https:\\\/\\\/www.instagram.com\\\/noticiasmercedinas\\\/\"]},{\"@type\":\"Person\",\"@id\":\"https:\\\/\\\/noticiasmercedinas.com\\\/site\\\/#\\\/schema\\\/person\\\/d481a9696a5feaec13a60e2bbd991a6a\",\"name\":\"Cristian Falabella NOTICIASMERCEDINAS.COM\",\"image\":{\"@type\":\"ImageObject\",\"inLanguage\":\"es\",\"@id\":\"https:\\\/\\\/secure.gravatar.com\\\/avatar\\\/0dbbfc45970cc46bcd0e57766228574ff3511d6eed045b182f536f0f478c1f06?s=96&d=mm&r=g\",\"url\":\"https:\\\/\\\/secure.gravatar.com\\\/avatar\\\/0dbbfc45970cc46bcd0e57766228574ff3511d6eed045b182f536f0f478c1f06?s=96&d=mm&r=g\",\"contentUrl\":\"https:\\\/\\\/secure.gravatar.com\\\/avatar\\\/0dbbfc45970cc46bcd0e57766228574ff3511d6eed045b182f536f0f478c1f06?s=96&d=mm&r=g\",\"caption\":\"Cristian Falabella NOTICIASMERCEDINAS.COM\"},\"description\":\"Periodista, editor de Noticias Mercedinas. Pas\u00f3 por varias redacciones y emprendimientos de prensa, en distintos formatos y \u00e9pocas. Se especializ\u00f3 --y sigue haci\u00e9ndolo-- en comunicaci\u00f3n en la web y en junio de 2006 fund\u00f3 este diario digital.\",\"sameAs\":[\"https:\\\/\\\/noticiasmercedinas.com\",\"https:\\\/\\\/www.facebook.com\\\/cristian.falabella\",\"https:\\\/\\\/www.instagram.com\\\/noticiasmercedinas\\\/\",\"https:\\\/\\\/x.com\\\/https:\\\/\\\/twitter.com\\\/NOTMERCEDINAS\"],\"url\":\"https:\\\/\\\/noticiasmercedinas.com\\\/site\\\/author\\\/as000384\\\/\"}]}<\/script>\n<!-- \/ Yoast SEO plugin. -->","yoast_head_json":{"title":"Federico Lagoa asumi\u00f3 en Chivilcoy","robots":{"index":"index","follow":"follow","max-snippet":"max-snippet:-1","max-image-preview":"max-image-preview:large","max-video-preview":"max-video-preview:-1"},"canonical":"https:\/\/noticiasmercedinas.com\/site\/2019\/03\/23\/federico-lagoa-asumio-en-chivilcoy\/","og_locale":"es_ES","og_type":"article","og_title":"Federico Lagoa asumi\u00f3 en Chivilcoy","og_description":"En la parroquia San Pedro Ap\u00f3stol este s\u00e1bado por la noche con una misa presidida por monse\u00f1or Agustin Radrizzani, asumi\u00f3 quien fuera p\u00e1rroco en la Iglesia Catedral de Mercedes, el presb\u00edtero Federico Lagoa. En su provisi\u00f3n de oficio se lo design\u00f3 a Lagoa en esa comunidad por parte del arzobispo, como p\u00e1rroco por el t\u00e9rmino [&hellip;]","og_url":"https:\/\/noticiasmercedinas.com\/site\/2019\/03\/23\/federico-lagoa-asumio-en-chivilcoy\/","og_site_name":"NOTICIASMERCEDINAS.COM","article_publisher":"https:\/\/www.facebook.com\/noticiasmercedinas\/","article_author":"https:\/\/www.facebook.com\/cristian.falabella","article_published_time":"2019-03-23T22:27:20+00:00","article_modified_time":"2019-03-24T02:22:00+00:00","og_image":[{"width":1697,"height":1027,"url":"https:\/\/noticiasmercedinas.com\/site\/wp-content\/uploads\/2019\/03\/IMG_20190323_192429_843-1.jpg","type":"image\/jpeg"}],"author":"Cristian Falabella NOTICIASMERCEDINAS.COM","twitter_card":"summary_large_image","twitter_creator":"@https:\/\/twitter.com\/NOTMERCEDINAS","twitter_site":"@notmercedinas","twitter_misc":{"Escrito por":"Cristian Falabella NOTICIASMERCEDINAS.COM","Tiempo de lectura":"2 minutos"},"schema":{"@context":"https:\/\/schema.org","@graph":[{"@type":"Article","@id":"https:\/\/noticiasmercedinas.com\/site\/2019\/03\/23\/federico-lagoa-asumio-en-chivilcoy\/#article","isPartOf":{"@id":"https:\/\/noticiasmercedinas.com\/site\/2019\/03\/23\/federico-lagoa-asumio-en-chivilcoy\/"},"author":{"name":"Cristian Falabella NOTICIASMERCEDINAS.COM","@id":"https:\/\/noticiasmercedinas.com\/site\/#\/schema\/person\/d481a9696a5feaec13a60e2bbd991a6a"},"headline":"Federico Lagoa asumi\u00f3 en Chivilcoy","datePublished":"2019-03-23T22:27:20+00:00","dateModified":"2019-03-24T02:22:00+00:00","mainEntityOfPage":{"@id":"https:\/\/noticiasmercedinas.com\/site\/2019\/03\/23\/federico-lagoa-asumio-en-chivilcoy\/"},"wordCount":486,"commentCount":0,"publisher":{"@id":"https:\/\/noticiasmercedinas.com\/site\/#organization"},"image":{"@id":"https:\/\/noticiasmercedinas.com\/site\/2019\/03\/23\/federico-lagoa-asumio-en-chivilcoy\/#primaryimage"},"thumbnailUrl":"https:\/\/noticiasmercedinas.com\/site\/wp-content\/uploads\/2019\/03\/IMG_20190323_192429_843-1.jpg","keywords":["chivilcoy","federico lagoa"],"articleSection":["Sociedad"],"inLanguage":"es","potentialAction":[{"@type":"CommentAction","name":"Comment","target":["https:\/\/noticiasmercedinas.com\/site\/2019\/03\/23\/federico-lagoa-asumio-en-chivilcoy\/#respond"]}]},{"@type":"WebPage","@id":"https:\/\/noticiasmercedinas.com\/site\/2019\/03\/23\/federico-lagoa-asumio-en-chivilcoy\/","url":"https:\/\/noticiasmercedinas.com\/site\/2019\/03\/23\/federico-lagoa-asumio-en-chivilcoy\/","name":"Federico Lagoa asumi\u00f3 en Chivilcoy","isPartOf":{"@id":"https:\/\/noticiasmercedinas.com\/site\/#website"},"primaryImageOfPage":{"@id":"https:\/\/noticiasmercedinas.com\/site\/2019\/03\/23\/federico-lagoa-asumio-en-chivilcoy\/#primaryimage"},"image":{"@id":"https:\/\/noticiasmercedinas.com\/site\/2019\/03\/23\/federico-lagoa-asumio-en-chivilcoy\/#primaryimage"},"thumbnailUrl":"https:\/\/noticiasmercedinas.com\/site\/wp-content\/uploads\/2019\/03\/IMG_20190323_192429_843-1.jpg","datePublished":"2019-03-23T22:27:20+00:00","dateModified":"2019-03-24T02:22:00+00:00","breadcrumb":{"@id":"https:\/\/noticiasmercedinas.com\/site\/2019\/03\/23\/federico-lagoa-asumio-en-chivilcoy\/#breadcrumb"},"inLanguage":"es","potentialAction":[{"@type":"ReadAction","target":["https:\/\/noticiasmercedinas.com\/site\/2019\/03\/23\/federico-lagoa-asumio-en-chivilcoy\/"]}]},{"@type":"ImageObject","inLanguage":"es","@id":"https:\/\/noticiasmercedinas.com\/site\/2019\/03\/23\/federico-lagoa-asumio-en-chivilcoy\/#primaryimage","url":"https:\/\/noticiasmercedinas.com\/site\/wp-content\/uploads\/2019\/03\/IMG_20190323_192429_843-1.jpg","contentUrl":"https:\/\/noticiasmercedinas.com\/site\/wp-content\/uploads\/2019\/03\/IMG_20190323_192429_843-1.jpg","width":1697,"height":1027},{"@type":"BreadcrumbList","@id":"https:\/\/noticiasmercedinas.com\/site\/2019\/03\/23\/federico-lagoa-asumio-en-chivilcoy\/#breadcrumb","itemListElement":[{"@type":"ListItem","position":1,"name":"Portada","item":"https:\/\/noticiasmercedinas.com\/site\/"},{"@type":"ListItem","position":2,"name":"Federico Lagoa asumi\u00f3 en Chivilcoy"}]},{"@type":"WebSite","@id":"https:\/\/noticiasmercedinas.com\/site\/#website","url":"https:\/\/noticiasmercedinas.com\/site\/","name":"NOTICIASMERCEDINAS.COM","description":"Mercedes, Buenos Aires, Argentina","publisher":{"@id":"https:\/\/noticiasmercedinas.com\/site\/#organization"},"potentialAction":[{"@type":"SearchAction","target":{"@type":"EntryPoint","urlTemplate":"https:\/\/noticiasmercedinas.com\/site\/?s={search_term_string}"},"query-input":{"@type":"PropertyValueSpecification","valueRequired":true,"valueName":"search_term_string"}}],"inLanguage":"es"},{"@type":"Organization","@id":"https:\/\/noticiasmercedinas.com\/site\/#organization","name":"NOTICIASMERCEDINAS.COM","url":"https:\/\/noticiasmercedinas.com\/site\/","logo":{"@type":"ImageObject","inLanguage":"es","@id":"https:\/\/noticiasmercedinas.com\/site\/#\/schema\/logo\/image\/","url":"https:\/\/noticiasmercedinas.com\/site\/wp-content\/uploads\/2020\/06\/LOGO-512.jpg","contentUrl":"https:\/\/noticiasmercedinas.com\/site\/wp-content\/uploads\/2020\/06\/LOGO-512.jpg","width":512,"height":512,"caption":"NOTICIASMERCEDINAS.COM"},"image":{"@id":"https:\/\/noticiasmercedinas.com\/site\/#\/schema\/logo\/image\/"},"sameAs":["https:\/\/www.facebook.com\/noticiasmercedinas\/","https:\/\/x.com\/notmercedinas","https:\/\/www.instagram.com\/noticiasmercedinas\/"]},{"@type":"Person","@id":"https:\/\/noticiasmercedinas.com\/site\/#\/schema\/person\/d481a9696a5feaec13a60e2bbd991a6a","name":"Cristian Falabella NOTICIASMERCEDINAS.COM","image":{"@type":"ImageObject","inLanguage":"es","@id":"https:\/\/secure.gravatar.com\/avatar\/0dbbfc45970cc46bcd0e57766228574ff3511d6eed045b182f536f0f478c1f06?s=96&d=mm&r=g","url":"https:\/\/secure.gravatar.com\/avatar\/0dbbfc45970cc46bcd0e57766228574ff3511d6eed045b182f536f0f478c1f06?s=96&d=mm&r=g","contentUrl":"https:\/\/secure.gravatar.com\/avatar\/0dbbfc45970cc46bcd0e57766228574ff3511d6eed045b182f536f0f478c1f06?s=96&d=mm&r=g","caption":"Cristian Falabella NOTICIASMERCEDINAS.COM"},"description":"Periodista, editor de Noticias Mercedinas. Pas\u00f3 por varias redacciones y emprendimientos de prensa, en distintos formatos y \u00e9pocas. Se especializ\u00f3 --y sigue haci\u00e9ndolo-- en comunicaci\u00f3n en la web y en junio de 2006 fund\u00f3 este diario digital.","sameAs":["https:\/\/noticiasmercedinas.com","https:\/\/www.facebook.com\/cristian.falabella","https:\/\/www.instagram.com\/noticiasmercedinas\/","https:\/\/x.com\/https:\/\/twitter.com\/NOTMERCEDINAS"],"url":"https:\/\/noticiasmercedinas.com\/site\/author\/as000384\/"}]}},"amp_enabled":true,"_links":{"self":[{"href":"https:\/\/noticiasmercedinas.com\/site\/wp-json\/wp\/v2\/posts\/14729","targetHints":{"allow":["GET"]}}],"collection":[{"href":"https:\/\/noticiasmercedinas.com\/site\/wp-json\/wp\/v2\/posts"}],"about":[{"href":"https:\/\/noticiasmercedinas.com\/site\/wp-json\/wp\/v2\/types\/post"}],"author":[{"embeddable":true,"href":"https:\/\/noticiasmercedinas.com\/site\/wp-json\/wp\/v2\/users\/2"}],"replies":[{"embeddable":true,"href":"https:\/\/noticiasmercedinas.com\/site\/wp-json\/wp\/v2\/comments?post=14729"}],"version-history":[{"count":16,"href":"https:\/\/noticiasmercedinas.com\/site\/wp-json\/wp\/v2\/posts\/14729\/revisions"}],"predecessor-version":[{"id":14758,"href":"https:\/\/noticiasmercedinas.com\/site\/wp-json\/wp\/v2\/posts\/14729\/revisions\/14758"}],"wp:featuredmedia":[{"embeddable":true,"href":"https:\/\/noticiasmercedinas.com\/site\/wp-json\/wp\/v2\/media\/14732"}],"wp:attachment":[{"href":"https:\/\/noticiasmercedinas.com\/site\/wp-json\/wp\/v2\/media?parent=14729"}],"wp:term":[{"taxonomy":"category","embeddable":true,"href":"https:\/\/noticiasmercedinas.com\/site\/wp-json\/wp\/v2\/categories?post=14729"},{"taxonomy":"post_tag","embeddable":true,"href":"https:\/\/noticiasmercedinas.com\/site\/wp-json\/wp\/v2\/tags?post=14729"}],"curies":[{"name":"wp","href":"https:\/\/api.w.org\/{rel}","templated":true}]}}