{"id":147430,"date":"2024-11-02T10:56:10","date_gmt":"2024-11-02T13:56:10","guid":{"rendered":"https:\/\/noticiasmercedinas.com\/site\/?p=147430"},"modified":"2024-11-02T10:56:10","modified_gmt":"2024-11-02T13:56:10","slug":"se-celebraron-los-primeros-7-anos-del-espacio-de-primera-infancia-del-barrio-facundo-quiroga","status":"publish","type":"post","link":"https:\/\/noticiasmercedinas.com\/site\/2024\/11\/02\/se-celebraron-los-primeros-7-anos-del-espacio-de-primera-infancia-del-barrio-facundo-quiroga\/","title":{"rendered":"Se celebraron los primeros 7 a\u00f1os del Espacio de Primera Infancia del barrio Facundo Quiroga"},"content":{"rendered":"<p><img loading=\"lazy\" decoding=\"async\" class=\"alignnone size-full wp-image-147432\" src=\"https:\/\/noticiasmercedinas.com\/site\/wp-content\/uploads\/2024\/11\/464625835_1092640845551315_916201116947676912_n.jpg\" alt=\"\" width=\"1600\" height=\"1200\" srcset=\"https:\/\/noticiasmercedinas.com\/site\/wp-content\/uploads\/2024\/11\/464625835_1092640845551315_916201116947676912_n.jpg 1600w, https:\/\/noticiasmercedinas.com\/site\/wp-content\/uploads\/2024\/11\/464625835_1092640845551315_916201116947676912_n-300x225.jpg 300w, https:\/\/noticiasmercedinas.com\/site\/wp-content\/uploads\/2024\/11\/464625835_1092640845551315_916201116947676912_n-1024x768.jpg 1024w, https:\/\/noticiasmercedinas.com\/site\/wp-content\/uploads\/2024\/11\/464625835_1092640845551315_916201116947676912_n-768x576.jpg 768w, https:\/\/noticiasmercedinas.com\/site\/wp-content\/uploads\/2024\/11\/464625835_1092640845551315_916201116947676912_n-1536x1152.jpg 1536w, https:\/\/noticiasmercedinas.com\/site\/wp-content\/uploads\/2024\/11\/464625835_1092640845551315_916201116947676912_n-80x60.jpg 80w, https:\/\/noticiasmercedinas.com\/site\/wp-content\/uploads\/2024\/11\/464625835_1092640845551315_916201116947676912_n-160x120.jpg 160w, https:\/\/noticiasmercedinas.com\/site\/wp-content\/uploads\/2024\/11\/464625835_1092640845551315_916201116947676912_n-100x75.jpg 100w, https:\/\/noticiasmercedinas.com\/site\/wp-content\/uploads\/2024\/11\/464625835_1092640845551315_916201116947676912_n-200x150.jpg 200w, https:\/\/noticiasmercedinas.com\/site\/wp-content\/uploads\/2024\/11\/464625835_1092640845551315_916201116947676912_n-180x135.jpg 180w, https:\/\/noticiasmercedinas.com\/site\/wp-content\/uploads\/2024\/11\/464625835_1092640845551315_916201116947676912_n-360x270.jpg 360w, https:\/\/noticiasmercedinas.com\/site\/wp-content\/uploads\/2024\/11\/464625835_1092640845551315_916201116947676912_n-238x178.jpg 238w, https:\/\/noticiasmercedinas.com\/site\/wp-content\/uploads\/2024\/11\/464625835_1092640845551315_916201116947676912_n-476x356.jpg 476w, https:\/\/noticiasmercedinas.com\/site\/wp-content\/uploads\/2024\/11\/464625835_1092640845551315_916201116947676912_n-640x480.jpg 640w, https:\/\/noticiasmercedinas.com\/site\/wp-content\/uploads\/2024\/11\/464625835_1092640845551315_916201116947676912_n-1280x960.jpg 1280w, https:\/\/noticiasmercedinas.com\/site\/wp-content\/uploads\/2024\/11\/464625835_1092640845551315_916201116947676912_n-681x511.jpg 681w, https:\/\/noticiasmercedinas.com\/site\/wp-content\/uploads\/2024\/11\/464625835_1092640845551315_916201116947676912_n-1362x1022.jpg 1362w\" sizes=\"auto, (max-width: 1600px) 100vw, 1600px\" \/><\/p>\n<p>El Espacio de Primera Infancia (EPI) del barrio Facundo Quiroga celebr\u00f3 su s\u00e9ptimo aniversario, consolid\u00e1ndose como un espacio esencial en el acompa\u00f1amiento y desarrollo de los ni\u00f1os y ni\u00f1as de la comunidad.<\/p>\n<p>La celebraci\u00f3n reuni\u00f3 a familias, trabajadores y autoridades, quienes compartieron una jornada emotiva en reconocimiento al rol fundamental que cumplen estos centros en Mercedes.<\/p>\n<p>El intendente Juan Ignacio Ustarroz destac\u00f3 el compromiso del EPI y expres\u00f3 su agradecimiento hacia las familias y el personal que d\u00eda a d\u00eda contribuyen a construir este espacio de contenci\u00f3n y aprendizaje. \u201cNos encanta celebrar junto a ustedes un nuevo a\u00f1o en este gran espacio de acompa\u00f1amiento a las y los m\u00e1s peque\u00f1os\u201d, expres\u00f3 el jefe comunal, quien ha respaldado desde el inicio el desarrollo de estos centros educativos y de cuidado.<\/p>\n<p>Los EPIs, gestionados por la Secretar\u00eda de Desarrollo Social, son espacios destinados a la atenci\u00f3n integral de la primera infancia y en ellos participan gran cantidad de ni\u00f1os y ni\u00f1as en distintos puntos de la ciudad, como Marchetti, San Mart\u00edn, Facundo Quiroga, Blandengues, Mutti, Malvinas y San Justo.<\/p>\n<p>Desde Desarrollo Social se ha remarcado siempre la importancia de estos centros como parte de la pol\u00edtica de ni\u00f1ez que impulsa el municipio, ya que los EPIs brindan un importante acompa\u00f1amiento, garantizando una atenci\u00f3n integral en un entorno seguro y enriquecedor. Por ello cada EPI cuenta con un equipo conformado por dos gu\u00edas docentes y un auxiliar por sala, as\u00ed como personal de cocina, administrativo y un equipo t\u00e9cnico multidisciplinario compuesto por coordinadores, estimuladores tempranos, trabajadores sociales, psic\u00f3logos y nutricionistas.<\/p>\n<p>Este aniversario del EPI de Facundo Quiroga representa un logro en el desarrollo de espacios de contenci\u00f3n para la primera infancia en Mercedes, y reafirma el compromiso de la comunidad en la construcci\u00f3n de un futuro m\u00e1s inclusivo para las nuevas generaciones.<\/p>\n<p><img loading=\"lazy\" decoding=\"async\" class=\"alignnone size-full wp-image-147431\" src=\"https:\/\/noticiasmercedinas.com\/site\/wp-content\/uploads\/2024\/11\/465115012_1092642478884485_1414878130566362145_n.jpg\" alt=\"\" width=\"2048\" height=\"1365\" srcset=\"https:\/\/noticiasmercedinas.com\/site\/wp-content\/uploads\/2024\/11\/465115012_1092642478884485_1414878130566362145_n.jpg 2048w, https:\/\/noticiasmercedinas.com\/site\/wp-content\/uploads\/2024\/11\/465115012_1092642478884485_1414878130566362145_n-300x200.jpg 300w, https:\/\/noticiasmercedinas.com\/site\/wp-content\/uploads\/2024\/11\/465115012_1092642478884485_1414878130566362145_n-1024x683.jpg 1024w, https:\/\/noticiasmercedinas.com\/site\/wp-content\/uploads\/2024\/11\/465115012_1092642478884485_1414878130566362145_n-768x512.jpg 768w, https:\/\/noticiasmercedinas.com\/site\/wp-content\/uploads\/2024\/11\/465115012_1092642478884485_1414878130566362145_n-1536x1024.jpg 1536w, https:\/\/noticiasmercedinas.com\/site\/wp-content\/uploads\/2024\/11\/465115012_1092642478884485_1414878130566362145_n-640x427.jpg 640w, https:\/\/noticiasmercedinas.com\/site\/wp-content\/uploads\/2024\/11\/465115012_1092642478884485_1414878130566362145_n-1280x853.jpg 1280w, https:\/\/noticiasmercedinas.com\/site\/wp-content\/uploads\/2024\/11\/465115012_1092642478884485_1414878130566362145_n-681x454.jpg 681w, https:\/\/noticiasmercedinas.com\/site\/wp-content\/uploads\/2024\/11\/465115012_1092642478884485_1414878130566362145_n-1362x908.jpg 1362w\" sizes=\"auto, (max-width: 2048px) 100vw, 2048px\" \/><\/p>\n","protected":false},"excerpt":{"rendered":"<p>\u25a0 La celebraci\u00f3n reuni\u00f3 a familias, trabajadores y autoridades, quienes compartieron una jornada emotiva en reconocimiento al rol fundamental que cumplen estos centros en Mercedes.<\/p>\n","protected":false},"author":16,"featured_media":147432,"comment_status":"closed","ping_status":"closed","sticky":false,"template":"","format":"standard","meta":{"footnotes":""},"categories":[3],"tags":[6148,44,1579,2951],"class_list":["post-147430","post","type-post","status-publish","format-standard","has-post-thumbnail","hentry","category-sociedad","tag-barrio-facundo-quiroga","tag-desarrollo-social","tag-epi","tag-primera-infancia"],"yoast_head":"<!-- This site is optimized with the Yoast SEO plugin v27.5 - https:\/\/yoast.com\/product\/yoast-seo-wordpress\/ -->\n<title>Se celebraron los primeros 7 a\u00f1os del Espacio de Primera Infancia del barrio Facundo Quiroga<\/title>\n<meta name=\"robots\" content=\"index, follow, max-snippet:-1, max-image-preview:large, max-video-preview:-1\" \/>\n<link rel=\"canonical\" href=\"https:\/\/noticiasmercedinas.com\/site\/2024\/11\/02\/se-celebraron-los-primeros-7-anos-del-espacio-de-primera-infancia-del-barrio-facundo-quiroga\/\" \/>\n<meta property=\"og:locale\" content=\"es_ES\" \/>\n<meta property=\"og:type\" content=\"article\" \/>\n<meta property=\"og:title\" content=\"Se celebraron los primeros 7 a\u00f1os del Espacio de Primera Infancia del barrio Facundo Quiroga\" \/>\n<meta property=\"og:description\" content=\"\u25a0 La celebraci\u00f3n reuni\u00f3 a familias, trabajadores y autoridades, quienes compartieron una jornada emotiva en reconocimiento al rol fundamental que cumplen estos centros en Mercedes.\" \/>\n<meta property=\"og:url\" content=\"https:\/\/noticiasmercedinas.com\/site\/2024\/11\/02\/se-celebraron-los-primeros-7-anos-del-espacio-de-primera-infancia-del-barrio-facundo-quiroga\/\" \/>\n<meta property=\"og:site_name\" content=\"NOTICIASMERCEDINAS.COM\" \/>\n<meta property=\"article:publisher\" content=\"https:\/\/www.facebook.com\/noticiasmercedinas\/\" \/>\n<meta property=\"article:published_time\" content=\"2024-11-02T13:56:10+00:00\" \/>\n<meta property=\"og:image\" content=\"https:\/\/noticiasmercedinas.com\/site\/wp-content\/uploads\/2024\/11\/464625835_1092640845551315_916201116947676912_n.jpg\" \/>\n\t<meta property=\"og:image:width\" content=\"1600\" \/>\n\t<meta property=\"og:image:height\" content=\"1200\" \/>\n\t<meta property=\"og:image:type\" content=\"image\/jpeg\" \/>\n<meta name=\"author\" content=\"NOTICIASMERCEDINAS.COM\" \/>\n<meta name=\"twitter:card\" content=\"summary_large_image\" \/>\n<meta name=\"twitter:creator\" content=\"@notmercedinas\" \/>\n<meta name=\"twitter:site\" content=\"@notmercedinas\" \/>\n<meta name=\"twitter:label1\" content=\"Escrito por\" \/>\n\t<meta name=\"twitter:data1\" content=\"NOTICIASMERCEDINAS.COM\" \/>\n\t<meta name=\"twitter:label2\" content=\"Tiempo de lectura\" \/>\n\t<meta name=\"twitter:data2\" content=\"2 minutos\" \/>\n<script type=\"application\/ld+json\" class=\"yoast-schema-graph\">{\"@context\":\"https:\\\/\\\/schema.org\",\"@graph\":[{\"@type\":\"Article\",\"@id\":\"https:\\\/\\\/noticiasmercedinas.com\\\/site\\\/2024\\\/11\\\/02\\\/se-celebraron-los-primeros-7-anos-del-espacio-de-primera-infancia-del-barrio-facundo-quiroga\\\/#article\",\"isPartOf\":{\"@id\":\"https:\\\/\\\/noticiasmercedinas.com\\\/site\\\/2024\\\/11\\\/02\\\/se-celebraron-los-primeros-7-anos-del-espacio-de-primera-infancia-del-barrio-facundo-quiroga\\\/\"},\"author\":{\"name\":\"NOTICIASMERCEDINAS.COM\",\"@id\":\"https:\\\/\\\/noticiasmercedinas.com\\\/site\\\/#\\\/schema\\\/person\\\/84b59c099c28ff2e8b77d4ceec5d8063\"},\"headline\":\"Se celebraron los primeros 7 a\u00f1os del Espacio de Primera Infancia del barrio Facundo Quiroga\",\"datePublished\":\"2024-11-02T13:56:10+00:00\",\"mainEntityOfPage\":{\"@id\":\"https:\\\/\\\/noticiasmercedinas.com\\\/site\\\/2024\\\/11\\\/02\\\/se-celebraron-los-primeros-7-anos-del-espacio-de-primera-infancia-del-barrio-facundo-quiroga\\\/\"},\"wordCount\":342,\"publisher\":{\"@id\":\"https:\\\/\\\/noticiasmercedinas.com\\\/site\\\/#organization\"},\"image\":{\"@id\":\"https:\\\/\\\/noticiasmercedinas.com\\\/site\\\/2024\\\/11\\\/02\\\/se-celebraron-los-primeros-7-anos-del-espacio-de-primera-infancia-del-barrio-facundo-quiroga\\\/#primaryimage\"},\"thumbnailUrl\":\"https:\\\/\\\/noticiasmercedinas.com\\\/site\\\/wp-content\\\/uploads\\\/2024\\\/11\\\/464625835_1092640845551315_916201116947676912_n.jpg\",\"keywords\":[\"barrio Facundo Quiroga\",\"desarrollo social\",\"epi\",\"primera infancia\"],\"articleSection\":[\"Sociedad\"],\"inLanguage\":\"es\"},{\"@type\":\"WebPage\",\"@id\":\"https:\\\/\\\/noticiasmercedinas.com\\\/site\\\/2024\\\/11\\\/02\\\/se-celebraron-los-primeros-7-anos-del-espacio-de-primera-infancia-del-barrio-facundo-quiroga\\\/\",\"url\":\"https:\\\/\\\/noticiasmercedinas.com\\\/site\\\/2024\\\/11\\\/02\\\/se-celebraron-los-primeros-7-anos-del-espacio-de-primera-infancia-del-barrio-facundo-quiroga\\\/\",\"name\":\"Se celebraron los primeros 7 a\u00f1os del Espacio de Primera Infancia del barrio Facundo Quiroga\",\"isPartOf\":{\"@id\":\"https:\\\/\\\/noticiasmercedinas.com\\\/site\\\/#website\"},\"primaryImageOfPage\":{\"@id\":\"https:\\\/\\\/noticiasmercedinas.com\\\/site\\\/2024\\\/11\\\/02\\\/se-celebraron-los-primeros-7-anos-del-espacio-de-primera-infancia-del-barrio-facundo-quiroga\\\/#primaryimage\"},\"image\":{\"@id\":\"https:\\\/\\\/noticiasmercedinas.com\\\/site\\\/2024\\\/11\\\/02\\\/se-celebraron-los-primeros-7-anos-del-espacio-de-primera-infancia-del-barrio-facundo-quiroga\\\/#primaryimage\"},\"thumbnailUrl\":\"https:\\\/\\\/noticiasmercedinas.com\\\/site\\\/wp-content\\\/uploads\\\/2024\\\/11\\\/464625835_1092640845551315_916201116947676912_n.jpg\",\"datePublished\":\"2024-11-02T13:56:10+00:00\",\"breadcrumb\":{\"@id\":\"https:\\\/\\\/noticiasmercedinas.com\\\/site\\\/2024\\\/11\\\/02\\\/se-celebraron-los-primeros-7-anos-del-espacio-de-primera-infancia-del-barrio-facundo-quiroga\\\/#breadcrumb\"},\"inLanguage\":\"es\",\"potentialAction\":[{\"@type\":\"ReadAction\",\"target\":[\"https:\\\/\\\/noticiasmercedinas.com\\\/site\\\/2024\\\/11\\\/02\\\/se-celebraron-los-primeros-7-anos-del-espacio-de-primera-infancia-del-barrio-facundo-quiroga\\\/\"]}]},{\"@type\":\"ImageObject\",\"inLanguage\":\"es\",\"@id\":\"https:\\\/\\\/noticiasmercedinas.com\\\/site\\\/2024\\\/11\\\/02\\\/se-celebraron-los-primeros-7-anos-del-espacio-de-primera-infancia-del-barrio-facundo-quiroga\\\/#primaryimage\",\"url\":\"https:\\\/\\\/noticiasmercedinas.com\\\/site\\\/wp-content\\\/uploads\\\/2024\\\/11\\\/464625835_1092640845551315_916201116947676912_n.jpg\",\"contentUrl\":\"https:\\\/\\\/noticiasmercedinas.com\\\/site\\\/wp-content\\\/uploads\\\/2024\\\/11\\\/464625835_1092640845551315_916201116947676912_n.jpg\",\"width\":1600,\"height\":1200},{\"@type\":\"BreadcrumbList\",\"@id\":\"https:\\\/\\\/noticiasmercedinas.com\\\/site\\\/2024\\\/11\\\/02\\\/se-celebraron-los-primeros-7-anos-del-espacio-de-primera-infancia-del-barrio-facundo-quiroga\\\/#breadcrumb\",\"itemListElement\":[{\"@type\":\"ListItem\",\"position\":1,\"name\":\"Portada\",\"item\":\"https:\\\/\\\/noticiasmercedinas.com\\\/site\\\/\"},{\"@type\":\"ListItem\",\"position\":2,\"name\":\"Se celebraron los primeros 7 a\u00f1os del Espacio de Primera Infancia del barrio Facundo Quiroga\"}]},{\"@type\":\"WebSite\",\"@id\":\"https:\\\/\\\/noticiasmercedinas.com\\\/site\\\/#website\",\"url\":\"https:\\\/\\\/noticiasmercedinas.com\\\/site\\\/\",\"name\":\"NOTICIASMERCEDINAS.COM\",\"description\":\"Mercedes, Buenos Aires, Argentina\",\"publisher\":{\"@id\":\"https:\\\/\\\/noticiasmercedinas.com\\\/site\\\/#organization\"},\"potentialAction\":[{\"@type\":\"SearchAction\",\"target\":{\"@type\":\"EntryPoint\",\"urlTemplate\":\"https:\\\/\\\/noticiasmercedinas.com\\\/site\\\/?s={search_term_string}\"},\"query-input\":{\"@type\":\"PropertyValueSpecification\",\"valueRequired\":true,\"valueName\":\"search_term_string\"}}],\"inLanguage\":\"es\"},{\"@type\":\"Organization\",\"@id\":\"https:\\\/\\\/noticiasmercedinas.com\\\/site\\\/#organization\",\"name\":\"NOTICIASMERCEDINAS.COM\",\"url\":\"https:\\\/\\\/noticiasmercedinas.com\\\/site\\\/\",\"logo\":{\"@type\":\"ImageObject\",\"inLanguage\":\"es\",\"@id\":\"https:\\\/\\\/noticiasmercedinas.com\\\/site\\\/#\\\/schema\\\/logo\\\/image\\\/\",\"url\":\"https:\\\/\\\/noticiasmercedinas.com\\\/site\\\/wp-content\\\/uploads\\\/2020\\\/06\\\/LOGO-512.jpg\",\"contentUrl\":\"https:\\\/\\\/noticiasmercedinas.com\\\/site\\\/wp-content\\\/uploads\\\/2020\\\/06\\\/LOGO-512.jpg\",\"width\":512,\"height\":512,\"caption\":\"NOTICIASMERCEDINAS.COM\"},\"image\":{\"@id\":\"https:\\\/\\\/noticiasmercedinas.com\\\/site\\\/#\\\/schema\\\/logo\\\/image\\\/\"},\"sameAs\":[\"https:\\\/\\\/www.facebook.com\\\/noticiasmercedinas\\\/\",\"https:\\\/\\\/x.com\\\/notmercedinas\",\"https:\\\/\\\/www.instagram.com\\\/noticiasmercedinas\\\/\"]},{\"@type\":\"Person\",\"@id\":\"https:\\\/\\\/noticiasmercedinas.com\\\/site\\\/#\\\/schema\\\/person\\\/84b59c099c28ff2e8b77d4ceec5d8063\",\"name\":\"NOTICIASMERCEDINAS.COM\",\"image\":{\"@type\":\"ImageObject\",\"inLanguage\":\"es\",\"@id\":\"https:\\\/\\\/secure.gravatar.com\\\/avatar\\\/4dfbf16b4d17945bfb6341b2d19043457132fcf478a5ee04f42e959fd8f5df0a?s=96&d=mm&r=g\",\"url\":\"https:\\\/\\\/secure.gravatar.com\\\/avatar\\\/4dfbf16b4d17945bfb6341b2d19043457132fcf478a5ee04f42e959fd8f5df0a?s=96&d=mm&r=g\",\"contentUrl\":\"https:\\\/\\\/secure.gravatar.com\\\/avatar\\\/4dfbf16b4d17945bfb6341b2d19043457132fcf478a5ee04f42e959fd8f5df0a?s=96&d=mm&r=g\",\"caption\":\"NOTICIASMERCEDINAS.COM\"},\"url\":\"https:\\\/\\\/noticiasmercedinas.com\\\/site\\\/author\\\/anonimo\\\/\"}]}<\/script>\n<!-- \/ Yoast SEO plugin. -->","yoast_head_json":{"title":"Se celebraron los primeros 7 a\u00f1os del Espacio de Primera Infancia del barrio Facundo Quiroga","robots":{"index":"index","follow":"follow","max-snippet":"max-snippet:-1","max-image-preview":"max-image-preview:large","max-video-preview":"max-video-preview:-1"},"canonical":"https:\/\/noticiasmercedinas.com\/site\/2024\/11\/02\/se-celebraron-los-primeros-7-anos-del-espacio-de-primera-infancia-del-barrio-facundo-quiroga\/","og_locale":"es_ES","og_type":"article","og_title":"Se celebraron los primeros 7 a\u00f1os del Espacio de Primera Infancia del barrio Facundo Quiroga","og_description":"\u25a0 La celebraci\u00f3n reuni\u00f3 a familias, trabajadores y autoridades, quienes compartieron una jornada emotiva en reconocimiento al rol fundamental que cumplen estos centros en Mercedes.","og_url":"https:\/\/noticiasmercedinas.com\/site\/2024\/11\/02\/se-celebraron-los-primeros-7-anos-del-espacio-de-primera-infancia-del-barrio-facundo-quiroga\/","og_site_name":"NOTICIASMERCEDINAS.COM","article_publisher":"https:\/\/www.facebook.com\/noticiasmercedinas\/","article_published_time":"2024-11-02T13:56:10+00:00","og_image":[{"width":1600,"height":1200,"url":"https:\/\/noticiasmercedinas.com\/site\/wp-content\/uploads\/2024\/11\/464625835_1092640845551315_916201116947676912_n.jpg","type":"image\/jpeg"}],"author":"NOTICIASMERCEDINAS.COM","twitter_card":"summary_large_image","twitter_creator":"@notmercedinas","twitter_site":"@notmercedinas","twitter_misc":{"Escrito por":"NOTICIASMERCEDINAS.COM","Tiempo de lectura":"2 minutos"},"schema":{"@context":"https:\/\/schema.org","@graph":[{"@type":"Article","@id":"https:\/\/noticiasmercedinas.com\/site\/2024\/11\/02\/se-celebraron-los-primeros-7-anos-del-espacio-de-primera-infancia-del-barrio-facundo-quiroga\/#article","isPartOf":{"@id":"https:\/\/noticiasmercedinas.com\/site\/2024\/11\/02\/se-celebraron-los-primeros-7-anos-del-espacio-de-primera-infancia-del-barrio-facundo-quiroga\/"},"author":{"name":"NOTICIASMERCEDINAS.COM","@id":"https:\/\/noticiasmercedinas.com\/site\/#\/schema\/person\/84b59c099c28ff2e8b77d4ceec5d8063"},"headline":"Se celebraron los primeros 7 a\u00f1os del Espacio de Primera Infancia del barrio Facundo Quiroga","datePublished":"2024-11-02T13:56:10+00:00","mainEntityOfPage":{"@id":"https:\/\/noticiasmercedinas.com\/site\/2024\/11\/02\/se-celebraron-los-primeros-7-anos-del-espacio-de-primera-infancia-del-barrio-facundo-quiroga\/"},"wordCount":342,"publisher":{"@id":"https:\/\/noticiasmercedinas.com\/site\/#organization"},"image":{"@id":"https:\/\/noticiasmercedinas.com\/site\/2024\/11\/02\/se-celebraron-los-primeros-7-anos-del-espacio-de-primera-infancia-del-barrio-facundo-quiroga\/#primaryimage"},"thumbnailUrl":"https:\/\/noticiasmercedinas.com\/site\/wp-content\/uploads\/2024\/11\/464625835_1092640845551315_916201116947676912_n.jpg","keywords":["barrio Facundo Quiroga","desarrollo social","epi","primera infancia"],"articleSection":["Sociedad"],"inLanguage":"es"},{"@type":"WebPage","@id":"https:\/\/noticiasmercedinas.com\/site\/2024\/11\/02\/se-celebraron-los-primeros-7-anos-del-espacio-de-primera-infancia-del-barrio-facundo-quiroga\/","url":"https:\/\/noticiasmercedinas.com\/site\/2024\/11\/02\/se-celebraron-los-primeros-7-anos-del-espacio-de-primera-infancia-del-barrio-facundo-quiroga\/","name":"Se celebraron los primeros 7 a\u00f1os del Espacio de Primera Infancia del barrio Facundo Quiroga","isPartOf":{"@id":"https:\/\/noticiasmercedinas.com\/site\/#website"},"primaryImageOfPage":{"@id":"https:\/\/noticiasmercedinas.com\/site\/2024\/11\/02\/se-celebraron-los-primeros-7-anos-del-espacio-de-primera-infancia-del-barrio-facundo-quiroga\/#primaryimage"},"image":{"@id":"https:\/\/noticiasmercedinas.com\/site\/2024\/11\/02\/se-celebraron-los-primeros-7-anos-del-espacio-de-primera-infancia-del-barrio-facundo-quiroga\/#primaryimage"},"thumbnailUrl":"https:\/\/noticiasmercedinas.com\/site\/wp-content\/uploads\/2024\/11\/464625835_1092640845551315_916201116947676912_n.jpg","datePublished":"2024-11-02T13:56:10+00:00","breadcrumb":{"@id":"https:\/\/noticiasmercedinas.com\/site\/2024\/11\/02\/se-celebraron-los-primeros-7-anos-del-espacio-de-primera-infancia-del-barrio-facundo-quiroga\/#breadcrumb"},"inLanguage":"es","potentialAction":[{"@type":"ReadAction","target":["https:\/\/noticiasmercedinas.com\/site\/2024\/11\/02\/se-celebraron-los-primeros-7-anos-del-espacio-de-primera-infancia-del-barrio-facundo-quiroga\/"]}]},{"@type":"ImageObject","inLanguage":"es","@id":"https:\/\/noticiasmercedinas.com\/site\/2024\/11\/02\/se-celebraron-los-primeros-7-anos-del-espacio-de-primera-infancia-del-barrio-facundo-quiroga\/#primaryimage","url":"https:\/\/noticiasmercedinas.com\/site\/wp-content\/uploads\/2024\/11\/464625835_1092640845551315_916201116947676912_n.jpg","contentUrl":"https:\/\/noticiasmercedinas.com\/site\/wp-content\/uploads\/2024\/11\/464625835_1092640845551315_916201116947676912_n.jpg","width":1600,"height":1200},{"@type":"BreadcrumbList","@id":"https:\/\/noticiasmercedinas.com\/site\/2024\/11\/02\/se-celebraron-los-primeros-7-anos-del-espacio-de-primera-infancia-del-barrio-facundo-quiroga\/#breadcrumb","itemListElement":[{"@type":"ListItem","position":1,"name":"Portada","item":"https:\/\/noticiasmercedinas.com\/site\/"},{"@type":"ListItem","position":2,"name":"Se celebraron los primeros 7 a\u00f1os del Espacio de Primera Infancia del barrio Facundo Quiroga"}]},{"@type":"WebSite","@id":"https:\/\/noticiasmercedinas.com\/site\/#website","url":"https:\/\/noticiasmercedinas.com\/site\/","name":"NOTICIASMERCEDINAS.COM","description":"Mercedes, Buenos Aires, Argentina","publisher":{"@id":"https:\/\/noticiasmercedinas.com\/site\/#organization"},"potentialAction":[{"@type":"SearchAction","target":{"@type":"EntryPoint","urlTemplate":"https:\/\/noticiasmercedinas.com\/site\/?s={search_term_string}"},"query-input":{"@type":"PropertyValueSpecification","valueRequired":true,"valueName":"search_term_string"}}],"inLanguage":"es"},{"@type":"Organization","@id":"https:\/\/noticiasmercedinas.com\/site\/#organization","name":"NOTICIASMERCEDINAS.COM","url":"https:\/\/noticiasmercedinas.com\/site\/","logo":{"@type":"ImageObject","inLanguage":"es","@id":"https:\/\/noticiasmercedinas.com\/site\/#\/schema\/logo\/image\/","url":"https:\/\/noticiasmercedinas.com\/site\/wp-content\/uploads\/2020\/06\/LOGO-512.jpg","contentUrl":"https:\/\/noticiasmercedinas.com\/site\/wp-content\/uploads\/2020\/06\/LOGO-512.jpg","width":512,"height":512,"caption":"NOTICIASMERCEDINAS.COM"},"image":{"@id":"https:\/\/noticiasmercedinas.com\/site\/#\/schema\/logo\/image\/"},"sameAs":["https:\/\/www.facebook.com\/noticiasmercedinas\/","https:\/\/x.com\/notmercedinas","https:\/\/www.instagram.com\/noticiasmercedinas\/"]},{"@type":"Person","@id":"https:\/\/noticiasmercedinas.com\/site\/#\/schema\/person\/84b59c099c28ff2e8b77d4ceec5d8063","name":"NOTICIASMERCEDINAS.COM","image":{"@type":"ImageObject","inLanguage":"es","@id":"https:\/\/secure.gravatar.com\/avatar\/4dfbf16b4d17945bfb6341b2d19043457132fcf478a5ee04f42e959fd8f5df0a?s=96&d=mm&r=g","url":"https:\/\/secure.gravatar.com\/avatar\/4dfbf16b4d17945bfb6341b2d19043457132fcf478a5ee04f42e959fd8f5df0a?s=96&d=mm&r=g","contentUrl":"https:\/\/secure.gravatar.com\/avatar\/4dfbf16b4d17945bfb6341b2d19043457132fcf478a5ee04f42e959fd8f5df0a?s=96&d=mm&r=g","caption":"NOTICIASMERCEDINAS.COM"},"url":"https:\/\/noticiasmercedinas.com\/site\/author\/anonimo\/"}]}},"amp_enabled":true,"_links":{"self":[{"href":"https:\/\/noticiasmercedinas.com\/site\/wp-json\/wp\/v2\/posts\/147430","targetHints":{"allow":["GET"]}}],"collection":[{"href":"https:\/\/noticiasmercedinas.com\/site\/wp-json\/wp\/v2\/posts"}],"about":[{"href":"https:\/\/noticiasmercedinas.com\/site\/wp-json\/wp\/v2\/types\/post"}],"author":[{"embeddable":true,"href":"https:\/\/noticiasmercedinas.com\/site\/wp-json\/wp\/v2\/users\/16"}],"replies":[{"embeddable":true,"href":"https:\/\/noticiasmercedinas.com\/site\/wp-json\/wp\/v2\/comments?post=147430"}],"version-history":[{"count":1,"href":"https:\/\/noticiasmercedinas.com\/site\/wp-json\/wp\/v2\/posts\/147430\/revisions"}],"predecessor-version":[{"id":147433,"href":"https:\/\/noticiasmercedinas.com\/site\/wp-json\/wp\/v2\/posts\/147430\/revisions\/147433"}],"wp:featuredmedia":[{"embeddable":true,"href":"https:\/\/noticiasmercedinas.com\/site\/wp-json\/wp\/v2\/media\/147432"}],"wp:attachment":[{"href":"https:\/\/noticiasmercedinas.com\/site\/wp-json\/wp\/v2\/media?parent=147430"}],"wp:term":[{"taxonomy":"category","embeddable":true,"href":"https:\/\/noticiasmercedinas.com\/site\/wp-json\/wp\/v2\/categories?post=147430"},{"taxonomy":"post_tag","embeddable":true,"href":"https:\/\/noticiasmercedinas.com\/site\/wp-json\/wp\/v2\/tags?post=147430"}],"curies":[{"name":"wp","href":"https:\/\/api.w.org\/{rel}","templated":true}]}}