{"id":147684,"date":"2024-11-05T15:52:34","date_gmt":"2024-11-05T18:52:34","guid":{"rendered":"https:\/\/noticiasmercedinas.com\/site\/?p=147684"},"modified":"2024-11-05T15:54:47","modified_gmt":"2024-11-05T18:54:47","slug":"preocupacion-y-denuncias-por-la-situacion-de-la-obra-social-ioma-en-mercedes","status":"publish","type":"post","link":"https:\/\/noticiasmercedinas.com\/site\/2024\/11\/05\/preocupacion-y-denuncias-por-la-situacion-de-la-obra-social-ioma-en-mercedes\/","title":{"rendered":"Preocupaci\u00f3n y denuncias por la situaci\u00f3n de la obra social IOMA en Mercedes"},"content":{"rendered":"<p><img loading=\"lazy\" decoding=\"async\" class=\"alignnone size-full wp-image-147685\" src=\"https:\/\/noticiasmercedinas.com\/site\/wp-content\/uploads\/2024\/11\/IOMAIVALDIS.jpg\" alt=\"\" width=\"640\" height=\"424\" srcset=\"https:\/\/noticiasmercedinas.com\/site\/wp-content\/uploads\/2024\/11\/IOMAIVALDIS.jpg 640w, https:\/\/noticiasmercedinas.com\/site\/wp-content\/uploads\/2024\/11\/IOMAIVALDIS-300x199.jpg 300w\" sizes=\"auto, (max-width: 640px) 100vw, 640px\" \/><\/p>\n<p>Los concejales de la Uni\u00f3n C\u00edvica Radical (UCR) en Mercedes, Daniel Ivaldis, Aida Laporta y D\u00e9bora Lacasa, han presentado un proyecto de resoluci\u00f3n en el Concejo Deliberante para solicitar respuestas ante la preocupante situaci\u00f3n de IOMA en la ciudad. A la par, la Asociaci\u00f3n M\u00e9dica de Mercedes (AMM) ha salido p\u00fablicamente a denunciar lo que consideran un abandono y desprotecci\u00f3n a los 14.000 afiliados locales de la obra social provincial, as\u00ed como una deuda millonaria que, seg\u00fan informan, se extiende desde hace varios a\u00f1os.<\/p>\n<p>Daniel Ivaldis detall\u00f3 que los afiliados a IOMA enfrentan crecientes dificultades para acceder a consultas y tratamientos m\u00e9dicos, incluyendo especialidades como psiquiatr\u00eda, psicolog\u00eda y odontolog\u00eda, donde ya no existen convenios vigentes. Esto obliga a los afiliados a cubrir de su bolsillo el costo total de las consultas, cuyo valor ronda los 20.000 pesos, pese a que contin\u00faan aportando regularmente a la obra social. \u201cLos afiliados cumplen con sus aportes, pero IOMA no responde en consecuencia, lo que resulta injusto y afecta directamente su acceso a la salud\u201d, subray\u00f3 el concejal.<\/p>\n<p>Los concejales radicales han anticipado que en la pr\u00f3xima sesi\u00f3n del Concejo Deliberante solicitar\u00e1n la intervenci\u00f3n del municipio ante el gobierno provincial para que se den respuestas a los afiliados y se evite una crisis sanitaria en Mercedes.<\/p>\n<p>\u201cSi no se toman medidas pronto, el hospital local podr\u00eda colapsar, y muchos afiliados quedar\u00edan sin acceso a servicios m\u00e9dicos esenciales\u201d, alert\u00f3 Ivaldis.<\/p>\n<blockquote><p>La problem\u00e1tica que afecta a los afiliados de Mercedes tambi\u00e9n se observa en localidades vecinas como Navarro, donde el hospital local ha colapsado debido a la falta de convenios entre IOMA y FEMEBA<\/p><\/blockquote>\n<p>Ivaldis tambi\u00e9n destac\u00f3 que la falta de convenios y la demora en autorizaciones para cirug\u00edas urgentes complican a\u00fan m\u00e1s el panorama, llevando a algunos afiliados a considerar medidas legales para obtener atenci\u00f3n. Sin embargo, la falta de respuesta formal por parte de IOMA impide, en muchos casos, avanzar con recursos legales.<\/p>\n<p>La problem\u00e1tica que afecta a los afiliados de Mercedes tambi\u00e9n se observa en localidades vecinas como Navarro, donde el hospital local ha colapsado debido a la falta de convenios entre IOMA y FEMEBA, la entidad que agrupa a los m\u00e9dicos de la Provincia de Buenos Aires. De persistir esta situaci\u00f3n, el hospital de Mercedes podr\u00eda enfrentar un panorama similar, dada la cantidad de afiliados que dependen de IOMA en la regi\u00f3n.<\/p>\n<p>Ante este contexto, los concejales radicales solicitar\u00e1n en la pr\u00f3xima sesi\u00f3n del Concejo Deliberante que el municipio intervenga ante el gobierno provincial para obtener respuestas y evitar una crisis sanitaria en la ciudad. \u201cNos preocupa que, de no mediar una soluci\u00f3n, los afiliados y las prestaciones m\u00e9dicas de IOMA se vean a\u00fan m\u00e1s afectadas en el futuro\u201d, concluy\u00f3 Ivaldis.<\/p>\n<blockquote><p>Desde la Asociaci\u00f3n M\u00e9dica sostienen que la rescisi\u00f3n de convenios ha sido m\u00e1s frecuente en distritos alineados con el gobernador provincial, por lo que no descartan que Mercedes pueda ser una de las pr\u00f3ximas en verse afectada<\/p><\/blockquote>\n<p><strong>Cr\u00edticas de los profesionales<\/strong><br \/>\nA esta situaci\u00f3n, la Asociaci\u00f3n M\u00e9dica de Mercedes a\u00f1adi\u00f3 una cr\u00edtica directa, se\u00f1alando que desde 2021 IOMA ha firmado contratos directos con policonsultorios, sanatorios y cl\u00ednicas en toda la provincia, lo que ha llevado al cierre de muchas de estas entidades debido a la falta de pago y de apoyo. En el \u00faltimo tiempo, IOMA comenz\u00f3 a rescindir convenios con la Federaci\u00f3n M\u00e9dica de la Provincia de Buenos Aires (FEMEBA), afectando a 21 localidades, entre ellas Navarro, donde el hospital local ya se encuentra colapsado por la falta de opciones de atenci\u00f3n para los afiliados.<\/p>\n<p>Desde la Asociaci\u00f3n M\u00e9dica sostienen que la rescisi\u00f3n de convenios ha sido m\u00e1s frecuente en distritos alineados con el gobernador provincial, por lo que no descartan que Mercedes pueda ser una de las pr\u00f3ximas en verse afectada.<\/p>\n<p>\u201cLos principales perjudicados son los afiliados, pero los m\u00e9dicos tambi\u00e9n enfrentan una situaci\u00f3n cr\u00edtica, al igual que las entidades primarias de salud\u201d, afirmaron desde la AMM. Adem\u00e1s, se\u00f1alaron que la deuda acumulada de IOMA con FEMEBA supera los 8.000 millones de pesos, sin una perspectiva de pago en el corto plazo.<\/p>\n<p><img loading=\"lazy\" decoding=\"async\" class=\"alignnone size-full wp-image-147686\" src=\"https:\/\/noticiasmercedinas.com\/site\/wp-content\/uploads\/2024\/11\/CESE-DE-ACTIVIDADES.jpg\" alt=\"\" width=\"1080\" height=\"1350\" srcset=\"https:\/\/noticiasmercedinas.com\/site\/wp-content\/uploads\/2024\/11\/CESE-DE-ACTIVIDADES.jpg 1080w, https:\/\/noticiasmercedinas.com\/site\/wp-content\/uploads\/2024\/11\/CESE-DE-ACTIVIDADES-240x300.jpg 240w, https:\/\/noticiasmercedinas.com\/site\/wp-content\/uploads\/2024\/11\/CESE-DE-ACTIVIDADES-819x1024.jpg 819w, https:\/\/noticiasmercedinas.com\/site\/wp-content\/uploads\/2024\/11\/CESE-DE-ACTIVIDADES-768x960.jpg 768w, https:\/\/noticiasmercedinas.com\/site\/wp-content\/uploads\/2024\/11\/CESE-DE-ACTIVIDADES-640x800.jpg 640w, https:\/\/noticiasmercedinas.com\/site\/wp-content\/uploads\/2024\/11\/CESE-DE-ACTIVIDADES-681x851.jpg 681w\" sizes=\"auto, (max-width: 1080px) 100vw, 1080px\" \/><\/p>\n<p>&nbsp;<\/p>\n","protected":false},"excerpt":{"rendered":"<p>\u25a0 Concejales de la UCR y autoridades de la Asociaci\u00f3n M\u00e9dica alertan sobre una posible crisis sanitaria. \u00abLos principales perjudicados son los afiliados, pero los m\u00e9dicos tambi\u00e9n\u00bb, se\u00f1alan desde la AMM<\/p>\n","protected":false},"author":16,"featured_media":147685,"comment_status":"closed","ping_status":"closed","sticky":false,"template":"","format":"standard","meta":{"footnotes":""},"categories":[3],"tags":[9543,10468,296,71,1002],"class_list":["post-147684","post","type-post","status-publish","format-standard","has-post-thumbnail","hentry","category-sociedad","tag-asociacion-medica-de-mercedes","tag-femeba","tag-ioma","tag-salud","tag-ucr"],"yoast_head":"<!-- This site is optimized with the Yoast SEO plugin v27.4 - https:\/\/yoast.com\/product\/yoast-seo-wordpress\/ -->\n<title>Preocupaci\u00f3n y denuncias por la situaci\u00f3n de la obra social IOMA en Mercedes<\/title>\n<meta name=\"robots\" content=\"index, follow, max-snippet:-1, max-image-preview:large, max-video-preview:-1\" \/>\n<link rel=\"canonical\" href=\"https:\/\/noticiasmercedinas.com\/site\/2024\/11\/05\/preocupacion-y-denuncias-por-la-situacion-de-la-obra-social-ioma-en-mercedes\/\" \/>\n<meta property=\"og:locale\" content=\"es_ES\" \/>\n<meta property=\"og:type\" content=\"article\" \/>\n<meta property=\"og:title\" content=\"Preocupaci\u00f3n y denuncias por la situaci\u00f3n de la obra social IOMA en Mercedes\" \/>\n<meta property=\"og:description\" content=\"\u25a0 Concejales de la UCR y autoridades de la Asociaci\u00f3n M\u00e9dica alertan sobre una posible crisis sanitaria. &quot;Los principales perjudicados son los afiliados, pero los m\u00e9dicos tambi\u00e9n&quot;, se\u00f1alan desde la AMM\" \/>\n<meta property=\"og:url\" content=\"https:\/\/noticiasmercedinas.com\/site\/2024\/11\/05\/preocupacion-y-denuncias-por-la-situacion-de-la-obra-social-ioma-en-mercedes\/\" \/>\n<meta property=\"og:site_name\" content=\"NOTICIASMERCEDINAS.COM\" \/>\n<meta property=\"article:publisher\" content=\"https:\/\/www.facebook.com\/noticiasmercedinas\/\" \/>\n<meta property=\"article:published_time\" content=\"2024-11-05T18:52:34+00:00\" \/>\n<meta property=\"article:modified_time\" content=\"2024-11-05T18:54:47+00:00\" \/>\n<meta property=\"og:image\" content=\"https:\/\/noticiasmercedinas.com\/site\/wp-content\/uploads\/2024\/11\/IOMAIVALDIS.jpg\" \/>\n\t<meta property=\"og:image:width\" content=\"640\" \/>\n\t<meta property=\"og:image:height\" content=\"424\" \/>\n\t<meta property=\"og:image:type\" content=\"image\/jpeg\" \/>\n<meta name=\"author\" content=\"NOTICIASMERCEDINAS.COM\" \/>\n<meta name=\"twitter:card\" content=\"summary_large_image\" \/>\n<meta name=\"twitter:creator\" content=\"@notmercedinas\" \/>\n<meta name=\"twitter:site\" content=\"@notmercedinas\" \/>\n<meta name=\"twitter:label1\" content=\"Escrito por\" \/>\n\t<meta name=\"twitter:data1\" content=\"NOTICIASMERCEDINAS.COM\" \/>\n\t<meta name=\"twitter:label2\" content=\"Tiempo de lectura\" \/>\n\t<meta name=\"twitter:data2\" content=\"4 minutos\" \/>\n<script type=\"application\/ld+json\" class=\"yoast-schema-graph\">{\"@context\":\"https:\\\/\\\/schema.org\",\"@graph\":[{\"@type\":\"Article\",\"@id\":\"https:\\\/\\\/noticiasmercedinas.com\\\/site\\\/2024\\\/11\\\/05\\\/preocupacion-y-denuncias-por-la-situacion-de-la-obra-social-ioma-en-mercedes\\\/#article\",\"isPartOf\":{\"@id\":\"https:\\\/\\\/noticiasmercedinas.com\\\/site\\\/2024\\\/11\\\/05\\\/preocupacion-y-denuncias-por-la-situacion-de-la-obra-social-ioma-en-mercedes\\\/\"},\"author\":{\"name\":\"NOTICIASMERCEDINAS.COM\",\"@id\":\"https:\\\/\\\/noticiasmercedinas.com\\\/site\\\/#\\\/schema\\\/person\\\/84b59c099c28ff2e8b77d4ceec5d8063\"},\"headline\":\"Preocupaci\u00f3n y denuncias por la situaci\u00f3n de la obra social IOMA en Mercedes\",\"datePublished\":\"2024-11-05T18:52:34+00:00\",\"dateModified\":\"2024-11-05T18:54:47+00:00\",\"mainEntityOfPage\":{\"@id\":\"https:\\\/\\\/noticiasmercedinas.com\\\/site\\\/2024\\\/11\\\/05\\\/preocupacion-y-denuncias-por-la-situacion-de-la-obra-social-ioma-en-mercedes\\\/\"},\"wordCount\":754,\"publisher\":{\"@id\":\"https:\\\/\\\/noticiasmercedinas.com\\\/site\\\/#organization\"},\"image\":{\"@id\":\"https:\\\/\\\/noticiasmercedinas.com\\\/site\\\/2024\\\/11\\\/05\\\/preocupacion-y-denuncias-por-la-situacion-de-la-obra-social-ioma-en-mercedes\\\/#primaryimage\"},\"thumbnailUrl\":\"https:\\\/\\\/noticiasmercedinas.com\\\/site\\\/wp-content\\\/uploads\\\/2024\\\/11\\\/IOMAIVALDIS.jpg\",\"keywords\":[\"Asociaci\u00f3n M\u00e9dica de Mercedes\",\"femeba\",\"ioma\",\"salud\",\"Ucr\"],\"articleSection\":[\"Sociedad\"],\"inLanguage\":\"es\"},{\"@type\":\"WebPage\",\"@id\":\"https:\\\/\\\/noticiasmercedinas.com\\\/site\\\/2024\\\/11\\\/05\\\/preocupacion-y-denuncias-por-la-situacion-de-la-obra-social-ioma-en-mercedes\\\/\",\"url\":\"https:\\\/\\\/noticiasmercedinas.com\\\/site\\\/2024\\\/11\\\/05\\\/preocupacion-y-denuncias-por-la-situacion-de-la-obra-social-ioma-en-mercedes\\\/\",\"name\":\"Preocupaci\u00f3n y denuncias por la situaci\u00f3n de la obra social IOMA en Mercedes\",\"isPartOf\":{\"@id\":\"https:\\\/\\\/noticiasmercedinas.com\\\/site\\\/#website\"},\"primaryImageOfPage\":{\"@id\":\"https:\\\/\\\/noticiasmercedinas.com\\\/site\\\/2024\\\/11\\\/05\\\/preocupacion-y-denuncias-por-la-situacion-de-la-obra-social-ioma-en-mercedes\\\/#primaryimage\"},\"image\":{\"@id\":\"https:\\\/\\\/noticiasmercedinas.com\\\/site\\\/2024\\\/11\\\/05\\\/preocupacion-y-denuncias-por-la-situacion-de-la-obra-social-ioma-en-mercedes\\\/#primaryimage\"},\"thumbnailUrl\":\"https:\\\/\\\/noticiasmercedinas.com\\\/site\\\/wp-content\\\/uploads\\\/2024\\\/11\\\/IOMAIVALDIS.jpg\",\"datePublished\":\"2024-11-05T18:52:34+00:00\",\"dateModified\":\"2024-11-05T18:54:47+00:00\",\"breadcrumb\":{\"@id\":\"https:\\\/\\\/noticiasmercedinas.com\\\/site\\\/2024\\\/11\\\/05\\\/preocupacion-y-denuncias-por-la-situacion-de-la-obra-social-ioma-en-mercedes\\\/#breadcrumb\"},\"inLanguage\":\"es\",\"potentialAction\":[{\"@type\":\"ReadAction\",\"target\":[\"https:\\\/\\\/noticiasmercedinas.com\\\/site\\\/2024\\\/11\\\/05\\\/preocupacion-y-denuncias-por-la-situacion-de-la-obra-social-ioma-en-mercedes\\\/\"]}]},{\"@type\":\"ImageObject\",\"inLanguage\":\"es\",\"@id\":\"https:\\\/\\\/noticiasmercedinas.com\\\/site\\\/2024\\\/11\\\/05\\\/preocupacion-y-denuncias-por-la-situacion-de-la-obra-social-ioma-en-mercedes\\\/#primaryimage\",\"url\":\"https:\\\/\\\/noticiasmercedinas.com\\\/site\\\/wp-content\\\/uploads\\\/2024\\\/11\\\/IOMAIVALDIS.jpg\",\"contentUrl\":\"https:\\\/\\\/noticiasmercedinas.com\\\/site\\\/wp-content\\\/uploads\\\/2024\\\/11\\\/IOMAIVALDIS.jpg\",\"width\":640,\"height\":424},{\"@type\":\"BreadcrumbList\",\"@id\":\"https:\\\/\\\/noticiasmercedinas.com\\\/site\\\/2024\\\/11\\\/05\\\/preocupacion-y-denuncias-por-la-situacion-de-la-obra-social-ioma-en-mercedes\\\/#breadcrumb\",\"itemListElement\":[{\"@type\":\"ListItem\",\"position\":1,\"name\":\"Portada\",\"item\":\"https:\\\/\\\/noticiasmercedinas.com\\\/site\\\/\"},{\"@type\":\"ListItem\",\"position\":2,\"name\":\"Preocupaci\u00f3n y denuncias por la situaci\u00f3n de la obra social IOMA en Mercedes\"}]},{\"@type\":\"WebSite\",\"@id\":\"https:\\\/\\\/noticiasmercedinas.com\\\/site\\\/#website\",\"url\":\"https:\\\/\\\/noticiasmercedinas.com\\\/site\\\/\",\"name\":\"NOTICIASMERCEDINAS.COM\",\"description\":\"Mercedes, Buenos Aires, Argentina\",\"publisher\":{\"@id\":\"https:\\\/\\\/noticiasmercedinas.com\\\/site\\\/#organization\"},\"potentialAction\":[{\"@type\":\"SearchAction\",\"target\":{\"@type\":\"EntryPoint\",\"urlTemplate\":\"https:\\\/\\\/noticiasmercedinas.com\\\/site\\\/?s={search_term_string}\"},\"query-input\":{\"@type\":\"PropertyValueSpecification\",\"valueRequired\":true,\"valueName\":\"search_term_string\"}}],\"inLanguage\":\"es\"},{\"@type\":\"Organization\",\"@id\":\"https:\\\/\\\/noticiasmercedinas.com\\\/site\\\/#organization\",\"name\":\"NOTICIASMERCEDINAS.COM\",\"url\":\"https:\\\/\\\/noticiasmercedinas.com\\\/site\\\/\",\"logo\":{\"@type\":\"ImageObject\",\"inLanguage\":\"es\",\"@id\":\"https:\\\/\\\/noticiasmercedinas.com\\\/site\\\/#\\\/schema\\\/logo\\\/image\\\/\",\"url\":\"https:\\\/\\\/noticiasmercedinas.com\\\/site\\\/wp-content\\\/uploads\\\/2020\\\/06\\\/LOGO-512.jpg\",\"contentUrl\":\"https:\\\/\\\/noticiasmercedinas.com\\\/site\\\/wp-content\\\/uploads\\\/2020\\\/06\\\/LOGO-512.jpg\",\"width\":512,\"height\":512,\"caption\":\"NOTICIASMERCEDINAS.COM\"},\"image\":{\"@id\":\"https:\\\/\\\/noticiasmercedinas.com\\\/site\\\/#\\\/schema\\\/logo\\\/image\\\/\"},\"sameAs\":[\"https:\\\/\\\/www.facebook.com\\\/noticiasmercedinas\\\/\",\"https:\\\/\\\/x.com\\\/notmercedinas\",\"https:\\\/\\\/www.instagram.com\\\/noticiasmercedinas\\\/\"]},{\"@type\":\"Person\",\"@id\":\"https:\\\/\\\/noticiasmercedinas.com\\\/site\\\/#\\\/schema\\\/person\\\/84b59c099c28ff2e8b77d4ceec5d8063\",\"name\":\"NOTICIASMERCEDINAS.COM\",\"image\":{\"@type\":\"ImageObject\",\"inLanguage\":\"es\",\"@id\":\"https:\\\/\\\/secure.gravatar.com\\\/avatar\\\/4dfbf16b4d17945bfb6341b2d19043457132fcf478a5ee04f42e959fd8f5df0a?s=96&d=mm&r=g\",\"url\":\"https:\\\/\\\/secure.gravatar.com\\\/avatar\\\/4dfbf16b4d17945bfb6341b2d19043457132fcf478a5ee04f42e959fd8f5df0a?s=96&d=mm&r=g\",\"contentUrl\":\"https:\\\/\\\/secure.gravatar.com\\\/avatar\\\/4dfbf16b4d17945bfb6341b2d19043457132fcf478a5ee04f42e959fd8f5df0a?s=96&d=mm&r=g\",\"caption\":\"NOTICIASMERCEDINAS.COM\"},\"url\":\"https:\\\/\\\/noticiasmercedinas.com\\\/site\\\/author\\\/anonimo\\\/\"}]}<\/script>\n<!-- \/ Yoast SEO plugin. -->","yoast_head_json":{"title":"Preocupaci\u00f3n y denuncias por la situaci\u00f3n de la obra social IOMA en Mercedes","robots":{"index":"index","follow":"follow","max-snippet":"max-snippet:-1","max-image-preview":"max-image-preview:large","max-video-preview":"max-video-preview:-1"},"canonical":"https:\/\/noticiasmercedinas.com\/site\/2024\/11\/05\/preocupacion-y-denuncias-por-la-situacion-de-la-obra-social-ioma-en-mercedes\/","og_locale":"es_ES","og_type":"article","og_title":"Preocupaci\u00f3n y denuncias por la situaci\u00f3n de la obra social IOMA en Mercedes","og_description":"\u25a0 Concejales de la UCR y autoridades de la Asociaci\u00f3n M\u00e9dica alertan sobre una posible crisis sanitaria. \"Los principales perjudicados son los afiliados, pero los m\u00e9dicos tambi\u00e9n\", se\u00f1alan desde la AMM","og_url":"https:\/\/noticiasmercedinas.com\/site\/2024\/11\/05\/preocupacion-y-denuncias-por-la-situacion-de-la-obra-social-ioma-en-mercedes\/","og_site_name":"NOTICIASMERCEDINAS.COM","article_publisher":"https:\/\/www.facebook.com\/noticiasmercedinas\/","article_published_time":"2024-11-05T18:52:34+00:00","article_modified_time":"2024-11-05T18:54:47+00:00","og_image":[{"width":640,"height":424,"url":"https:\/\/noticiasmercedinas.com\/site\/wp-content\/uploads\/2024\/11\/IOMAIVALDIS.jpg","type":"image\/jpeg"}],"author":"NOTICIASMERCEDINAS.COM","twitter_card":"summary_large_image","twitter_creator":"@notmercedinas","twitter_site":"@notmercedinas","twitter_misc":{"Escrito por":"NOTICIASMERCEDINAS.COM","Tiempo de lectura":"4 minutos"},"schema":{"@context":"https:\/\/schema.org","@graph":[{"@type":"Article","@id":"https:\/\/noticiasmercedinas.com\/site\/2024\/11\/05\/preocupacion-y-denuncias-por-la-situacion-de-la-obra-social-ioma-en-mercedes\/#article","isPartOf":{"@id":"https:\/\/noticiasmercedinas.com\/site\/2024\/11\/05\/preocupacion-y-denuncias-por-la-situacion-de-la-obra-social-ioma-en-mercedes\/"},"author":{"name":"NOTICIASMERCEDINAS.COM","@id":"https:\/\/noticiasmercedinas.com\/site\/#\/schema\/person\/84b59c099c28ff2e8b77d4ceec5d8063"},"headline":"Preocupaci\u00f3n y denuncias por la situaci\u00f3n de la obra social IOMA en Mercedes","datePublished":"2024-11-05T18:52:34+00:00","dateModified":"2024-11-05T18:54:47+00:00","mainEntityOfPage":{"@id":"https:\/\/noticiasmercedinas.com\/site\/2024\/11\/05\/preocupacion-y-denuncias-por-la-situacion-de-la-obra-social-ioma-en-mercedes\/"},"wordCount":754,"publisher":{"@id":"https:\/\/noticiasmercedinas.com\/site\/#organization"},"image":{"@id":"https:\/\/noticiasmercedinas.com\/site\/2024\/11\/05\/preocupacion-y-denuncias-por-la-situacion-de-la-obra-social-ioma-en-mercedes\/#primaryimage"},"thumbnailUrl":"https:\/\/noticiasmercedinas.com\/site\/wp-content\/uploads\/2024\/11\/IOMAIVALDIS.jpg","keywords":["Asociaci\u00f3n M\u00e9dica de Mercedes","femeba","ioma","salud","Ucr"],"articleSection":["Sociedad"],"inLanguage":"es"},{"@type":"WebPage","@id":"https:\/\/noticiasmercedinas.com\/site\/2024\/11\/05\/preocupacion-y-denuncias-por-la-situacion-de-la-obra-social-ioma-en-mercedes\/","url":"https:\/\/noticiasmercedinas.com\/site\/2024\/11\/05\/preocupacion-y-denuncias-por-la-situacion-de-la-obra-social-ioma-en-mercedes\/","name":"Preocupaci\u00f3n y denuncias por la situaci\u00f3n de la obra social IOMA en Mercedes","isPartOf":{"@id":"https:\/\/noticiasmercedinas.com\/site\/#website"},"primaryImageOfPage":{"@id":"https:\/\/noticiasmercedinas.com\/site\/2024\/11\/05\/preocupacion-y-denuncias-por-la-situacion-de-la-obra-social-ioma-en-mercedes\/#primaryimage"},"image":{"@id":"https:\/\/noticiasmercedinas.com\/site\/2024\/11\/05\/preocupacion-y-denuncias-por-la-situacion-de-la-obra-social-ioma-en-mercedes\/#primaryimage"},"thumbnailUrl":"https:\/\/noticiasmercedinas.com\/site\/wp-content\/uploads\/2024\/11\/IOMAIVALDIS.jpg","datePublished":"2024-11-05T18:52:34+00:00","dateModified":"2024-11-05T18:54:47+00:00","breadcrumb":{"@id":"https:\/\/noticiasmercedinas.com\/site\/2024\/11\/05\/preocupacion-y-denuncias-por-la-situacion-de-la-obra-social-ioma-en-mercedes\/#breadcrumb"},"inLanguage":"es","potentialAction":[{"@type":"ReadAction","target":["https:\/\/noticiasmercedinas.com\/site\/2024\/11\/05\/preocupacion-y-denuncias-por-la-situacion-de-la-obra-social-ioma-en-mercedes\/"]}]},{"@type":"ImageObject","inLanguage":"es","@id":"https:\/\/noticiasmercedinas.com\/site\/2024\/11\/05\/preocupacion-y-denuncias-por-la-situacion-de-la-obra-social-ioma-en-mercedes\/#primaryimage","url":"https:\/\/noticiasmercedinas.com\/site\/wp-content\/uploads\/2024\/11\/IOMAIVALDIS.jpg","contentUrl":"https:\/\/noticiasmercedinas.com\/site\/wp-content\/uploads\/2024\/11\/IOMAIVALDIS.jpg","width":640,"height":424},{"@type":"BreadcrumbList","@id":"https:\/\/noticiasmercedinas.com\/site\/2024\/11\/05\/preocupacion-y-denuncias-por-la-situacion-de-la-obra-social-ioma-en-mercedes\/#breadcrumb","itemListElement":[{"@type":"ListItem","position":1,"name":"Portada","item":"https:\/\/noticiasmercedinas.com\/site\/"},{"@type":"ListItem","position":2,"name":"Preocupaci\u00f3n y denuncias por la situaci\u00f3n de la obra social IOMA en Mercedes"}]},{"@type":"WebSite","@id":"https:\/\/noticiasmercedinas.com\/site\/#website","url":"https:\/\/noticiasmercedinas.com\/site\/","name":"NOTICIASMERCEDINAS.COM","description":"Mercedes, Buenos Aires, Argentina","publisher":{"@id":"https:\/\/noticiasmercedinas.com\/site\/#organization"},"potentialAction":[{"@type":"SearchAction","target":{"@type":"EntryPoint","urlTemplate":"https:\/\/noticiasmercedinas.com\/site\/?s={search_term_string}"},"query-input":{"@type":"PropertyValueSpecification","valueRequired":true,"valueName":"search_term_string"}}],"inLanguage":"es"},{"@type":"Organization","@id":"https:\/\/noticiasmercedinas.com\/site\/#organization","name":"NOTICIASMERCEDINAS.COM","url":"https:\/\/noticiasmercedinas.com\/site\/","logo":{"@type":"ImageObject","inLanguage":"es","@id":"https:\/\/noticiasmercedinas.com\/site\/#\/schema\/logo\/image\/","url":"https:\/\/noticiasmercedinas.com\/site\/wp-content\/uploads\/2020\/06\/LOGO-512.jpg","contentUrl":"https:\/\/noticiasmercedinas.com\/site\/wp-content\/uploads\/2020\/06\/LOGO-512.jpg","width":512,"height":512,"caption":"NOTICIASMERCEDINAS.COM"},"image":{"@id":"https:\/\/noticiasmercedinas.com\/site\/#\/schema\/logo\/image\/"},"sameAs":["https:\/\/www.facebook.com\/noticiasmercedinas\/","https:\/\/x.com\/notmercedinas","https:\/\/www.instagram.com\/noticiasmercedinas\/"]},{"@type":"Person","@id":"https:\/\/noticiasmercedinas.com\/site\/#\/schema\/person\/84b59c099c28ff2e8b77d4ceec5d8063","name":"NOTICIASMERCEDINAS.COM","image":{"@type":"ImageObject","inLanguage":"es","@id":"https:\/\/secure.gravatar.com\/avatar\/4dfbf16b4d17945bfb6341b2d19043457132fcf478a5ee04f42e959fd8f5df0a?s=96&d=mm&r=g","url":"https:\/\/secure.gravatar.com\/avatar\/4dfbf16b4d17945bfb6341b2d19043457132fcf478a5ee04f42e959fd8f5df0a?s=96&d=mm&r=g","contentUrl":"https:\/\/secure.gravatar.com\/avatar\/4dfbf16b4d17945bfb6341b2d19043457132fcf478a5ee04f42e959fd8f5df0a?s=96&d=mm&r=g","caption":"NOTICIASMERCEDINAS.COM"},"url":"https:\/\/noticiasmercedinas.com\/site\/author\/anonimo\/"}]}},"amp_enabled":true,"_links":{"self":[{"href":"https:\/\/noticiasmercedinas.com\/site\/wp-json\/wp\/v2\/posts\/147684","targetHints":{"allow":["GET"]}}],"collection":[{"href":"https:\/\/noticiasmercedinas.com\/site\/wp-json\/wp\/v2\/posts"}],"about":[{"href":"https:\/\/noticiasmercedinas.com\/site\/wp-json\/wp\/v2\/types\/post"}],"author":[{"embeddable":true,"href":"https:\/\/noticiasmercedinas.com\/site\/wp-json\/wp\/v2\/users\/16"}],"replies":[{"embeddable":true,"href":"https:\/\/noticiasmercedinas.com\/site\/wp-json\/wp\/v2\/comments?post=147684"}],"version-history":[{"count":3,"href":"https:\/\/noticiasmercedinas.com\/site\/wp-json\/wp\/v2\/posts\/147684\/revisions"}],"predecessor-version":[{"id":147689,"href":"https:\/\/noticiasmercedinas.com\/site\/wp-json\/wp\/v2\/posts\/147684\/revisions\/147689"}],"wp:featuredmedia":[{"embeddable":true,"href":"https:\/\/noticiasmercedinas.com\/site\/wp-json\/wp\/v2\/media\/147685"}],"wp:attachment":[{"href":"https:\/\/noticiasmercedinas.com\/site\/wp-json\/wp\/v2\/media?parent=147684"}],"wp:term":[{"taxonomy":"category","embeddable":true,"href":"https:\/\/noticiasmercedinas.com\/site\/wp-json\/wp\/v2\/categories?post=147684"},{"taxonomy":"post_tag","embeddable":true,"href":"https:\/\/noticiasmercedinas.com\/site\/wp-json\/wp\/v2\/tags?post=147684"}],"curies":[{"name":"wp","href":"https:\/\/api.w.org\/{rel}","templated":true}]}}