{"id":147832,"date":"2024-11-07T10:22:45","date_gmt":"2024-11-07T13:22:45","guid":{"rendered":"https:\/\/noticiasmercedinas.com\/site\/?p=147832"},"modified":"2024-11-07T20:20:03","modified_gmt":"2024-11-07T23:20:03","slug":"saldo-positivo-para-club-mercedes-en-el-federacion-norte","status":"publish","type":"post","link":"https:\/\/noticiasmercedinas.com\/site\/2024\/11\/07\/saldo-positivo-para-club-mercedes-en-el-federacion-norte\/","title":{"rendered":"Saldo positivo para Club Mercedes en el Federaci\u00f3n Norte"},"content":{"rendered":"<figure id=\"attachment_147833\" aria-describedby=\"caption-attachment-147833\" style=\"width: 640px\" class=\"wp-caption alignnone\"><img loading=\"lazy\" decoding=\"async\" class=\"wp-image-147833 size-full\" src=\"https:\/\/noticiasmercedinas.com\/site\/wp-content\/uploads\/2024\/11\/IMG_1925.jpg\" alt=\"\" width=\"640\" height=\"427\" srcset=\"https:\/\/noticiasmercedinas.com\/site\/wp-content\/uploads\/2024\/11\/IMG_1925.jpg 640w, https:\/\/noticiasmercedinas.com\/site\/wp-content\/uploads\/2024\/11\/IMG_1925-300x200.jpg 300w\" sizes=\"auto, (max-width: 640px) 100vw, 640px\" \/><figcaption id=\"caption-attachment-147833\" class=\"wp-caption-text\">Club Mercedes Sub 13 (foto archivo).<\/figcaption><\/figure>\n<p>El Torneo Federaci\u00f3n Norte de f\u00fatbol a tenido en la jornada del pasado mi\u00e9rcoles 6 la realizaci\u00f3n de los encuentros de ida entre Hurac\u00e1n y Club Mercedes, celebrado en la cancha del primero en Chivilcoy.<\/p>\n<p>Fue empate en la Sub 13 y triunfo de la Sub 15, regresando a la ciudad con marcadores favorables sabiendo que por delante est\u00e1n las revanchas a jugarse la venidera semana<\/p>\n<p><strong>Sub 13<\/strong><br \/>\n<strong>Hurac\u00e1n 2: <\/strong>Dominico Martorelli y Mat\u00edas Prince.<strong><br \/>\nClub Mercedes 2:<\/strong> Salvador D\u2019Andrea y Mart\u00edn Casaretto.<\/p>\n<p><strong>Sub 15<\/strong><br \/>\n<strong>Hurac\u00e1n 2: <\/strong>Tiago Monges y Mat\u00edas Zunino.<strong><br \/>\nClub Mercedes 3:<\/strong> Musante, De Rosas y Lagos.<\/p>\n","protected":false},"excerpt":{"rendered":"<p>\u25a0 Por la ida la Sub 13 empat\u00f3 ante Hurac\u00e1n mientras que fue triunfo de la Sub 15. Ambos juegos se disputaron en horas de la tarde en Chivilcoy. Queda la revancha por delante en busca de la semifinal.<\/p>\n","protected":false},"author":6,"featured_media":147833,"comment_status":"closed","ping_status":"closed","sticky":false,"template":"","format":"standard","meta":{"footnotes":""},"categories":[5],"tags":[530,4422,3410],"class_list":["post-147832","post","type-post","status-publish","format-standard","has-post-thumbnail","hentry","category-deportes","tag-sub-13","tag-sub-15","tag-torneo-federacion-norte"],"yoast_head":"<!-- This site is optimized with the Yoast SEO plugin v27.4 - https:\/\/yoast.com\/product\/yoast-seo-wordpress\/ -->\n<title>Saldo positivo para Club Mercedes en el Federaci\u00f3n Norte<\/title>\n<meta name=\"robots\" content=\"index, follow, max-snippet:-1, max-image-preview:large, max-video-preview:-1\" \/>\n<link rel=\"canonical\" href=\"https:\/\/noticiasmercedinas.com\/site\/2024\/11\/07\/saldo-positivo-para-club-mercedes-en-el-federacion-norte\/\" \/>\n<meta property=\"og:locale\" content=\"es_ES\" \/>\n<meta property=\"og:type\" content=\"article\" \/>\n<meta property=\"og:title\" content=\"Saldo positivo para Club Mercedes en el Federaci\u00f3n Norte\" \/>\n<meta property=\"og:description\" content=\"\u25a0 Por la ida la Sub 13 empat\u00f3 ante Hurac\u00e1n mientras que fue triunfo de la Sub 15. Ambos juegos se disputaron en horas de la tarde en Chivilcoy. Queda la revancha por delante en busca de la semifinal.\" \/>\n<meta property=\"og:url\" content=\"https:\/\/noticiasmercedinas.com\/site\/2024\/11\/07\/saldo-positivo-para-club-mercedes-en-el-federacion-norte\/\" \/>\n<meta property=\"og:site_name\" content=\"NOTICIASMERCEDINAS.COM\" \/>\n<meta property=\"article:publisher\" content=\"https:\/\/www.facebook.com\/noticiasmercedinas\/\" \/>\n<meta property=\"article:published_time\" content=\"2024-11-07T13:22:45+00:00\" \/>\n<meta property=\"article:modified_time\" content=\"2024-11-07T23:20:03+00:00\" \/>\n<meta property=\"og:image\" content=\"https:\/\/noticiasmercedinas.com\/site\/wp-content\/uploads\/2024\/11\/IMG_1925.jpg\" \/>\n\t<meta property=\"og:image:width\" content=\"640\" \/>\n\t<meta property=\"og:image:height\" content=\"427\" \/>\n\t<meta property=\"og:image:type\" content=\"image\/jpeg\" \/>\n<meta name=\"author\" content=\"Juan Dagnino NOTICIASMERCEDINAS.COM\" \/>\n<meta name=\"twitter:card\" content=\"summary_large_image\" \/>\n<meta name=\"twitter:creator\" content=\"@notmercedinas\" \/>\n<meta name=\"twitter:site\" content=\"@notmercedinas\" \/>\n<meta name=\"twitter:label1\" content=\"Escrito por\" \/>\n\t<meta name=\"twitter:data1\" content=\"Juan Dagnino NOTICIASMERCEDINAS.COM\" \/>\n\t<meta name=\"twitter:label2\" content=\"Tiempo de lectura\" \/>\n\t<meta name=\"twitter:data2\" content=\"1 minuto\" \/>\n<script type=\"application\/ld+json\" class=\"yoast-schema-graph\">{\"@context\":\"https:\\\/\\\/schema.org\",\"@graph\":[{\"@type\":\"Article\",\"@id\":\"https:\\\/\\\/noticiasmercedinas.com\\\/site\\\/2024\\\/11\\\/07\\\/saldo-positivo-para-club-mercedes-en-el-federacion-norte\\\/#article\",\"isPartOf\":{\"@id\":\"https:\\\/\\\/noticiasmercedinas.com\\\/site\\\/2024\\\/11\\\/07\\\/saldo-positivo-para-club-mercedes-en-el-federacion-norte\\\/\"},\"author\":{\"name\":\"Juan Dagnino NOTICIASMERCEDINAS.COM\",\"@id\":\"https:\\\/\\\/noticiasmercedinas.com\\\/site\\\/#\\\/schema\\\/person\\\/8f2f09d666ef40986eba4a5e6f2a06f9\"},\"headline\":\"Saldo positivo para Club Mercedes en el Federaci\u00f3n Norte\",\"datePublished\":\"2024-11-07T13:22:45+00:00\",\"dateModified\":\"2024-11-07T23:20:03+00:00\",\"mainEntityOfPage\":{\"@id\":\"https:\\\/\\\/noticiasmercedinas.com\\\/site\\\/2024\\\/11\\\/07\\\/saldo-positivo-para-club-mercedes-en-el-federacion-norte\\\/\"},\"wordCount\":125,\"publisher\":{\"@id\":\"https:\\\/\\\/noticiasmercedinas.com\\\/site\\\/#organization\"},\"image\":{\"@id\":\"https:\\\/\\\/noticiasmercedinas.com\\\/site\\\/2024\\\/11\\\/07\\\/saldo-positivo-para-club-mercedes-en-el-federacion-norte\\\/#primaryimage\"},\"thumbnailUrl\":\"https:\\\/\\\/noticiasmercedinas.com\\\/site\\\/wp-content\\\/uploads\\\/2024\\\/11\\\/IMG_1925.jpg\",\"keywords\":[\"sub 13\",\"Sub 15\",\"Torneo Federaci\u00f3n Norte\"],\"articleSection\":[\"Deportes\"],\"inLanguage\":\"es\"},{\"@type\":\"WebPage\",\"@id\":\"https:\\\/\\\/noticiasmercedinas.com\\\/site\\\/2024\\\/11\\\/07\\\/saldo-positivo-para-club-mercedes-en-el-federacion-norte\\\/\",\"url\":\"https:\\\/\\\/noticiasmercedinas.com\\\/site\\\/2024\\\/11\\\/07\\\/saldo-positivo-para-club-mercedes-en-el-federacion-norte\\\/\",\"name\":\"Saldo positivo para Club Mercedes en el Federaci\u00f3n Norte\",\"isPartOf\":{\"@id\":\"https:\\\/\\\/noticiasmercedinas.com\\\/site\\\/#website\"},\"primaryImageOfPage\":{\"@id\":\"https:\\\/\\\/noticiasmercedinas.com\\\/site\\\/2024\\\/11\\\/07\\\/saldo-positivo-para-club-mercedes-en-el-federacion-norte\\\/#primaryimage\"},\"image\":{\"@id\":\"https:\\\/\\\/noticiasmercedinas.com\\\/site\\\/2024\\\/11\\\/07\\\/saldo-positivo-para-club-mercedes-en-el-federacion-norte\\\/#primaryimage\"},\"thumbnailUrl\":\"https:\\\/\\\/noticiasmercedinas.com\\\/site\\\/wp-content\\\/uploads\\\/2024\\\/11\\\/IMG_1925.jpg\",\"datePublished\":\"2024-11-07T13:22:45+00:00\",\"dateModified\":\"2024-11-07T23:20:03+00:00\",\"breadcrumb\":{\"@id\":\"https:\\\/\\\/noticiasmercedinas.com\\\/site\\\/2024\\\/11\\\/07\\\/saldo-positivo-para-club-mercedes-en-el-federacion-norte\\\/#breadcrumb\"},\"inLanguage\":\"es\",\"potentialAction\":[{\"@type\":\"ReadAction\",\"target\":[\"https:\\\/\\\/noticiasmercedinas.com\\\/site\\\/2024\\\/11\\\/07\\\/saldo-positivo-para-club-mercedes-en-el-federacion-norte\\\/\"]}]},{\"@type\":\"ImageObject\",\"inLanguage\":\"es\",\"@id\":\"https:\\\/\\\/noticiasmercedinas.com\\\/site\\\/2024\\\/11\\\/07\\\/saldo-positivo-para-club-mercedes-en-el-federacion-norte\\\/#primaryimage\",\"url\":\"https:\\\/\\\/noticiasmercedinas.com\\\/site\\\/wp-content\\\/uploads\\\/2024\\\/11\\\/IMG_1925.jpg\",\"contentUrl\":\"https:\\\/\\\/noticiasmercedinas.com\\\/site\\\/wp-content\\\/uploads\\\/2024\\\/11\\\/IMG_1925.jpg\",\"width\":640,\"height\":427},{\"@type\":\"BreadcrumbList\",\"@id\":\"https:\\\/\\\/noticiasmercedinas.com\\\/site\\\/2024\\\/11\\\/07\\\/saldo-positivo-para-club-mercedes-en-el-federacion-norte\\\/#breadcrumb\",\"itemListElement\":[{\"@type\":\"ListItem\",\"position\":1,\"name\":\"Portada\",\"item\":\"https:\\\/\\\/noticiasmercedinas.com\\\/site\\\/\"},{\"@type\":\"ListItem\",\"position\":2,\"name\":\"Saldo positivo para Club Mercedes en el Federaci\u00f3n Norte\"}]},{\"@type\":\"WebSite\",\"@id\":\"https:\\\/\\\/noticiasmercedinas.com\\\/site\\\/#website\",\"url\":\"https:\\\/\\\/noticiasmercedinas.com\\\/site\\\/\",\"name\":\"NOTICIASMERCEDINAS.COM\",\"description\":\"Mercedes, Buenos Aires, Argentina\",\"publisher\":{\"@id\":\"https:\\\/\\\/noticiasmercedinas.com\\\/site\\\/#organization\"},\"potentialAction\":[{\"@type\":\"SearchAction\",\"target\":{\"@type\":\"EntryPoint\",\"urlTemplate\":\"https:\\\/\\\/noticiasmercedinas.com\\\/site\\\/?s={search_term_string}\"},\"query-input\":{\"@type\":\"PropertyValueSpecification\",\"valueRequired\":true,\"valueName\":\"search_term_string\"}}],\"inLanguage\":\"es\"},{\"@type\":\"Organization\",\"@id\":\"https:\\\/\\\/noticiasmercedinas.com\\\/site\\\/#organization\",\"name\":\"NOTICIASMERCEDINAS.COM\",\"url\":\"https:\\\/\\\/noticiasmercedinas.com\\\/site\\\/\",\"logo\":{\"@type\":\"ImageObject\",\"inLanguage\":\"es\",\"@id\":\"https:\\\/\\\/noticiasmercedinas.com\\\/site\\\/#\\\/schema\\\/logo\\\/image\\\/\",\"url\":\"https:\\\/\\\/noticiasmercedinas.com\\\/site\\\/wp-content\\\/uploads\\\/2020\\\/06\\\/LOGO-512.jpg\",\"contentUrl\":\"https:\\\/\\\/noticiasmercedinas.com\\\/site\\\/wp-content\\\/uploads\\\/2020\\\/06\\\/LOGO-512.jpg\",\"width\":512,\"height\":512,\"caption\":\"NOTICIASMERCEDINAS.COM\"},\"image\":{\"@id\":\"https:\\\/\\\/noticiasmercedinas.com\\\/site\\\/#\\\/schema\\\/logo\\\/image\\\/\"},\"sameAs\":[\"https:\\\/\\\/www.facebook.com\\\/noticiasmercedinas\\\/\",\"https:\\\/\\\/x.com\\\/notmercedinas\",\"https:\\\/\\\/www.instagram.com\\\/noticiasmercedinas\\\/\"]},{\"@type\":\"Person\",\"@id\":\"https:\\\/\\\/noticiasmercedinas.com\\\/site\\\/#\\\/schema\\\/person\\\/8f2f09d666ef40986eba4a5e6f2a06f9\",\"name\":\"Juan Dagnino NOTICIASMERCEDINAS.COM\",\"image\":{\"@type\":\"ImageObject\",\"inLanguage\":\"es\",\"@id\":\"https:\\\/\\\/secure.gravatar.com\\\/avatar\\\/fc7059a769f5a3cae65fadb228a3e4accf3a64b4b2305020d0a27e6d5333c91b?s=96&d=mm&r=g\",\"url\":\"https:\\\/\\\/secure.gravatar.com\\\/avatar\\\/fc7059a769f5a3cae65fadb228a3e4accf3a64b4b2305020d0a27e6d5333c91b?s=96&d=mm&r=g\",\"contentUrl\":\"https:\\\/\\\/secure.gravatar.com\\\/avatar\\\/fc7059a769f5a3cae65fadb228a3e4accf3a64b4b2305020d0a27e6d5333c91b?s=96&d=mm&r=g\",\"caption\":\"Juan Dagnino NOTICIASMERCEDINAS.COM\"},\"url\":\"https:\\\/\\\/noticiasmercedinas.com\\\/site\\\/author\\\/juandagnino\\\/\"}]}<\/script>\n<!-- \/ Yoast SEO plugin. -->","yoast_head_json":{"title":"Saldo positivo para Club Mercedes en el Federaci\u00f3n Norte","robots":{"index":"index","follow":"follow","max-snippet":"max-snippet:-1","max-image-preview":"max-image-preview:large","max-video-preview":"max-video-preview:-1"},"canonical":"https:\/\/noticiasmercedinas.com\/site\/2024\/11\/07\/saldo-positivo-para-club-mercedes-en-el-federacion-norte\/","og_locale":"es_ES","og_type":"article","og_title":"Saldo positivo para Club Mercedes en el Federaci\u00f3n Norte","og_description":"\u25a0 Por la ida la Sub 13 empat\u00f3 ante Hurac\u00e1n mientras que fue triunfo de la Sub 15. Ambos juegos se disputaron en horas de la tarde en Chivilcoy. Queda la revancha por delante en busca de la semifinal.","og_url":"https:\/\/noticiasmercedinas.com\/site\/2024\/11\/07\/saldo-positivo-para-club-mercedes-en-el-federacion-norte\/","og_site_name":"NOTICIASMERCEDINAS.COM","article_publisher":"https:\/\/www.facebook.com\/noticiasmercedinas\/","article_published_time":"2024-11-07T13:22:45+00:00","article_modified_time":"2024-11-07T23:20:03+00:00","og_image":[{"width":640,"height":427,"url":"https:\/\/noticiasmercedinas.com\/site\/wp-content\/uploads\/2024\/11\/IMG_1925.jpg","type":"image\/jpeg"}],"author":"Juan Dagnino NOTICIASMERCEDINAS.COM","twitter_card":"summary_large_image","twitter_creator":"@notmercedinas","twitter_site":"@notmercedinas","twitter_misc":{"Escrito por":"Juan Dagnino NOTICIASMERCEDINAS.COM","Tiempo de lectura":"1 minuto"},"schema":{"@context":"https:\/\/schema.org","@graph":[{"@type":"Article","@id":"https:\/\/noticiasmercedinas.com\/site\/2024\/11\/07\/saldo-positivo-para-club-mercedes-en-el-federacion-norte\/#article","isPartOf":{"@id":"https:\/\/noticiasmercedinas.com\/site\/2024\/11\/07\/saldo-positivo-para-club-mercedes-en-el-federacion-norte\/"},"author":{"name":"Juan Dagnino NOTICIASMERCEDINAS.COM","@id":"https:\/\/noticiasmercedinas.com\/site\/#\/schema\/person\/8f2f09d666ef40986eba4a5e6f2a06f9"},"headline":"Saldo positivo para Club Mercedes en el Federaci\u00f3n Norte","datePublished":"2024-11-07T13:22:45+00:00","dateModified":"2024-11-07T23:20:03+00:00","mainEntityOfPage":{"@id":"https:\/\/noticiasmercedinas.com\/site\/2024\/11\/07\/saldo-positivo-para-club-mercedes-en-el-federacion-norte\/"},"wordCount":125,"publisher":{"@id":"https:\/\/noticiasmercedinas.com\/site\/#organization"},"image":{"@id":"https:\/\/noticiasmercedinas.com\/site\/2024\/11\/07\/saldo-positivo-para-club-mercedes-en-el-federacion-norte\/#primaryimage"},"thumbnailUrl":"https:\/\/noticiasmercedinas.com\/site\/wp-content\/uploads\/2024\/11\/IMG_1925.jpg","keywords":["sub 13","Sub 15","Torneo Federaci\u00f3n Norte"],"articleSection":["Deportes"],"inLanguage":"es"},{"@type":"WebPage","@id":"https:\/\/noticiasmercedinas.com\/site\/2024\/11\/07\/saldo-positivo-para-club-mercedes-en-el-federacion-norte\/","url":"https:\/\/noticiasmercedinas.com\/site\/2024\/11\/07\/saldo-positivo-para-club-mercedes-en-el-federacion-norte\/","name":"Saldo positivo para Club Mercedes en el Federaci\u00f3n Norte","isPartOf":{"@id":"https:\/\/noticiasmercedinas.com\/site\/#website"},"primaryImageOfPage":{"@id":"https:\/\/noticiasmercedinas.com\/site\/2024\/11\/07\/saldo-positivo-para-club-mercedes-en-el-federacion-norte\/#primaryimage"},"image":{"@id":"https:\/\/noticiasmercedinas.com\/site\/2024\/11\/07\/saldo-positivo-para-club-mercedes-en-el-federacion-norte\/#primaryimage"},"thumbnailUrl":"https:\/\/noticiasmercedinas.com\/site\/wp-content\/uploads\/2024\/11\/IMG_1925.jpg","datePublished":"2024-11-07T13:22:45+00:00","dateModified":"2024-11-07T23:20:03+00:00","breadcrumb":{"@id":"https:\/\/noticiasmercedinas.com\/site\/2024\/11\/07\/saldo-positivo-para-club-mercedes-en-el-federacion-norte\/#breadcrumb"},"inLanguage":"es","potentialAction":[{"@type":"ReadAction","target":["https:\/\/noticiasmercedinas.com\/site\/2024\/11\/07\/saldo-positivo-para-club-mercedes-en-el-federacion-norte\/"]}]},{"@type":"ImageObject","inLanguage":"es","@id":"https:\/\/noticiasmercedinas.com\/site\/2024\/11\/07\/saldo-positivo-para-club-mercedes-en-el-federacion-norte\/#primaryimage","url":"https:\/\/noticiasmercedinas.com\/site\/wp-content\/uploads\/2024\/11\/IMG_1925.jpg","contentUrl":"https:\/\/noticiasmercedinas.com\/site\/wp-content\/uploads\/2024\/11\/IMG_1925.jpg","width":640,"height":427},{"@type":"BreadcrumbList","@id":"https:\/\/noticiasmercedinas.com\/site\/2024\/11\/07\/saldo-positivo-para-club-mercedes-en-el-federacion-norte\/#breadcrumb","itemListElement":[{"@type":"ListItem","position":1,"name":"Portada","item":"https:\/\/noticiasmercedinas.com\/site\/"},{"@type":"ListItem","position":2,"name":"Saldo positivo para Club Mercedes en el Federaci\u00f3n Norte"}]},{"@type":"WebSite","@id":"https:\/\/noticiasmercedinas.com\/site\/#website","url":"https:\/\/noticiasmercedinas.com\/site\/","name":"NOTICIASMERCEDINAS.COM","description":"Mercedes, Buenos Aires, Argentina","publisher":{"@id":"https:\/\/noticiasmercedinas.com\/site\/#organization"},"potentialAction":[{"@type":"SearchAction","target":{"@type":"EntryPoint","urlTemplate":"https:\/\/noticiasmercedinas.com\/site\/?s={search_term_string}"},"query-input":{"@type":"PropertyValueSpecification","valueRequired":true,"valueName":"search_term_string"}}],"inLanguage":"es"},{"@type":"Organization","@id":"https:\/\/noticiasmercedinas.com\/site\/#organization","name":"NOTICIASMERCEDINAS.COM","url":"https:\/\/noticiasmercedinas.com\/site\/","logo":{"@type":"ImageObject","inLanguage":"es","@id":"https:\/\/noticiasmercedinas.com\/site\/#\/schema\/logo\/image\/","url":"https:\/\/noticiasmercedinas.com\/site\/wp-content\/uploads\/2020\/06\/LOGO-512.jpg","contentUrl":"https:\/\/noticiasmercedinas.com\/site\/wp-content\/uploads\/2020\/06\/LOGO-512.jpg","width":512,"height":512,"caption":"NOTICIASMERCEDINAS.COM"},"image":{"@id":"https:\/\/noticiasmercedinas.com\/site\/#\/schema\/logo\/image\/"},"sameAs":["https:\/\/www.facebook.com\/noticiasmercedinas\/","https:\/\/x.com\/notmercedinas","https:\/\/www.instagram.com\/noticiasmercedinas\/"]},{"@type":"Person","@id":"https:\/\/noticiasmercedinas.com\/site\/#\/schema\/person\/8f2f09d666ef40986eba4a5e6f2a06f9","name":"Juan Dagnino NOTICIASMERCEDINAS.COM","image":{"@type":"ImageObject","inLanguage":"es","@id":"https:\/\/secure.gravatar.com\/avatar\/fc7059a769f5a3cae65fadb228a3e4accf3a64b4b2305020d0a27e6d5333c91b?s=96&d=mm&r=g","url":"https:\/\/secure.gravatar.com\/avatar\/fc7059a769f5a3cae65fadb228a3e4accf3a64b4b2305020d0a27e6d5333c91b?s=96&d=mm&r=g","contentUrl":"https:\/\/secure.gravatar.com\/avatar\/fc7059a769f5a3cae65fadb228a3e4accf3a64b4b2305020d0a27e6d5333c91b?s=96&d=mm&r=g","caption":"Juan Dagnino NOTICIASMERCEDINAS.COM"},"url":"https:\/\/noticiasmercedinas.com\/site\/author\/juandagnino\/"}]}},"amp_enabled":true,"_links":{"self":[{"href":"https:\/\/noticiasmercedinas.com\/site\/wp-json\/wp\/v2\/posts\/147832","targetHints":{"allow":["GET"]}}],"collection":[{"href":"https:\/\/noticiasmercedinas.com\/site\/wp-json\/wp\/v2\/posts"}],"about":[{"href":"https:\/\/noticiasmercedinas.com\/site\/wp-json\/wp\/v2\/types\/post"}],"author":[{"embeddable":true,"href":"https:\/\/noticiasmercedinas.com\/site\/wp-json\/wp\/v2\/users\/6"}],"replies":[{"embeddable":true,"href":"https:\/\/noticiasmercedinas.com\/site\/wp-json\/wp\/v2\/comments?post=147832"}],"version-history":[{"count":4,"href":"https:\/\/noticiasmercedinas.com\/site\/wp-json\/wp\/v2\/posts\/147832\/revisions"}],"predecessor-version":[{"id":147896,"href":"https:\/\/noticiasmercedinas.com\/site\/wp-json\/wp\/v2\/posts\/147832\/revisions\/147896"}],"wp:featuredmedia":[{"embeddable":true,"href":"https:\/\/noticiasmercedinas.com\/site\/wp-json\/wp\/v2\/media\/147833"}],"wp:attachment":[{"href":"https:\/\/noticiasmercedinas.com\/site\/wp-json\/wp\/v2\/media?parent=147832"}],"wp:term":[{"taxonomy":"category","embeddable":true,"href":"https:\/\/noticiasmercedinas.com\/site\/wp-json\/wp\/v2\/categories?post=147832"},{"taxonomy":"post_tag","embeddable":true,"href":"https:\/\/noticiasmercedinas.com\/site\/wp-json\/wp\/v2\/tags?post=147832"}],"curies":[{"name":"wp","href":"https:\/\/api.w.org\/{rel}","templated":true}]}}