{"id":148186,"date":"2024-11-12T15:42:17","date_gmt":"2024-11-12T18:42:17","guid":{"rendered":"https:\/\/noticiasmercedinas.com\/site\/?p=148186"},"modified":"2024-11-12T15:42:17","modified_gmt":"2024-11-12T18:42:17","slug":"amantes-de-los-autos-reconocen-a-diego-maru-en-el-101o-aniversario-del-museo-de-lujan","status":"publish","type":"post","link":"https:\/\/noticiasmercedinas.com\/site\/2024\/11\/12\/amantes-de-los-autos-reconocen-a-diego-maru-en-el-101o-aniversario-del-museo-de-lujan\/","title":{"rendered":"Amantes de los autos reconocen a Diego Mar\u00fa en el 101\u00ba aniversario del Museo de Luj\u00e1n"},"content":{"rendered":"<p><img loading=\"lazy\" decoding=\"async\" class=\"alignnone size-full wp-image-148187\" src=\"https:\/\/noticiasmercedinas.com\/site\/wp-content\/uploads\/2024\/11\/IMG-20241112-WA0044.jpg\" alt=\"\" width=\"1600\" height=\"959\" srcset=\"https:\/\/noticiasmercedinas.com\/site\/wp-content\/uploads\/2024\/11\/IMG-20241112-WA0044.jpg 1600w, https:\/\/noticiasmercedinas.com\/site\/wp-content\/uploads\/2024\/11\/IMG-20241112-WA0044-300x180.jpg 300w, https:\/\/noticiasmercedinas.com\/site\/wp-content\/uploads\/2024\/11\/IMG-20241112-WA0044-1024x614.jpg 1024w, https:\/\/noticiasmercedinas.com\/site\/wp-content\/uploads\/2024\/11\/IMG-20241112-WA0044-768x460.jpg 768w, https:\/\/noticiasmercedinas.com\/site\/wp-content\/uploads\/2024\/11\/IMG-20241112-WA0044-1536x921.jpg 1536w, https:\/\/noticiasmercedinas.com\/site\/wp-content\/uploads\/2024\/11\/IMG-20241112-WA0044-640x384.jpg 640w, https:\/\/noticiasmercedinas.com\/site\/wp-content\/uploads\/2024\/11\/IMG-20241112-WA0044-1280x767.jpg 1280w, https:\/\/noticiasmercedinas.com\/site\/wp-content\/uploads\/2024\/11\/IMG-20241112-WA0044-681x408.jpg 681w, https:\/\/noticiasmercedinas.com\/site\/wp-content\/uploads\/2024\/11\/IMG-20241112-WA0044-1362x816.jpg 1362w\" sizes=\"auto, (max-width: 1600px) 100vw, 1600px\" \/><\/p>\n<p>En el marco del 101\u00ba aniversario del Complejo Museogr\u00e1fico \u201cEnrique Udaondo\u201d, la ciudad de Luj\u00e1n celebr\u00f3 con una serie de actividades culturales y exposiciones de veh\u00edculos cl\u00e1sicos. El evento, que incluy\u00f3 una importante muestra de autos antiguos, tuvo como protagonistas a figuras legendarias del automovilismo y a entusiastas de los veh\u00edculos hist\u00f3ricos, destac\u00e1ndose la presencia del mercedino Diego Mar\u00fa, reconocido por su labor como organizador de caravanas de autos cl\u00e1sicos y su contribuci\u00f3n al coleccionismo y restauraci\u00f3n de veh\u00edculos.<\/p>\n<p>La jornada comenz\u00f3 el s\u00e1bado con una exposici\u00f3n de autos dentro del Museo del Autom\u00f3vil y en la Plaza Belgrano, que se extendi\u00f3 hasta la noche, y continu\u00f3 con la celebraci\u00f3n de \u201cLa Noche de los Museos\u201d. A lo largo de todo el fin de semana, Luj\u00e1n fue el epicentro de la pasi\u00f3n por el automovilismo, con diversas actividades culturales y una destacada conferencia a cargo del periodista deportivo Mauricio \u201cDamon\u201d Gallardo, quien cautiv\u00f3 al p\u00fablico con historias y an\u00e9cdotas sobre los corredores Carlos Reutemann y Ayrton Senna.<\/p>\n<p>Uno de los momentos m\u00e1s esperados fue la presencia de Cacho Franco, piloto oriundo de Azul, quien represent\u00f3 a Argentina en el circuito alem\u00e1n de N\u00fcrburgring hace 55 a\u00f1os. En el evento, se destac\u00f3 la exposici\u00f3n de la ic\u00f3nica coup\u00e9 Torino 2, propiedad de Mario Su\u00e1rez, quien tuvo la gentileza de traerla especialmente para la ocasi\u00f3n. Este veh\u00edculo, que hab\u00eda competido en N\u00fcrburgring, se convirti\u00f3 en uno de los grandes atractivos del evento, junto con el Fast Chevrolet \u201cTrueno Naranja\u201d de Eduardo Bouvier, ex presidente de la F\u00f3rmula Renault.<\/p>\n<p>El domingo, la celebraci\u00f3n culmin\u00f3 con una caravana de autos que recorri\u00f3 los Tres Cruces del R\u00edo Luj\u00e1n, un evento que reuni\u00f3 a cientos de lujanenses y visitantes, quienes disfrutaron del desfile de veh\u00edculos cl\u00e1sicos, incluyendo la participaci\u00f3n de figuras como Carlos y Roberto Arrausi y el mec\u00e1nico Rodolfo \u201cFichi\u201d Bertini.<\/p>\n<p>Uno de los momentos m\u00e1s emotivos fue el reconocimiento a Diego Mar\u00fa, quien recibi\u00f3 un homenaje por su destacada trayectoria en la organizaci\u00f3n de caravanas de autos cl\u00e1sicos en Mercedes, su aporte al coleccionismo y su dedicaci\u00f3n en la restauraci\u00f3n de veh\u00edculos hist\u00f3ricos. Mar\u00fa, quien lleva casi 20 a\u00f1os promoviendo estos eventos, fue aplaudido por su incansable esfuerzo en la difusi\u00f3n de la cultura del autom\u00f3vil.<\/p>\n<p>El evento tambi\u00e9n cont\u00f3 con la participaci\u00f3n de Carlos Pasini, un mec\u00e1nico especializado en autos de alta gama como Ferrari, Lamborghini y Porsche, quien viaj\u00f3 desde Texas exclusivamente para la ocasi\u00f3n. Adem\u00e1s, Cristian Valls, fabricante de los cascos NA helmets, reconocidos por haber sido utilizados por los pilotos de Torino en N\u00fcrburgring, tambi\u00e9n estuvo presente, brindando un toque de historia y prestigio al encuentro.<\/p>\n<p>La jornada finaliz\u00f3 con la entrega de menciones especiales a quienes contribuyeron al \u00e9xito del evento, y la conferencia de Mauricio \u201cDamon\u201d Gallardo, quien, con su estilo \u00fanico y cercano, ofreci\u00f3 un relato ameno y lleno de an\u00e9cdotas sobre los grandes pilotos de la historia del automovilismo.<\/p>\n<p>El 101\u00ba aniversario del Museo de Luj\u00e1n no solo celebr\u00f3 los veh\u00edculos cl\u00e1sicos, sino tambi\u00e9n el esp\u00edritu de camarader\u00eda, la historia del automovilismo y el amor por los autos que sigue vivo en cada uno de los asistentes a este inolvidable encuentro.<\/p>\n","protected":false},"excerpt":{"rendered":"<p>En el marco del 101\u00ba aniversario del Complejo Museogr\u00e1fico \u201cEnrique Udaondo\u201d, la ciudad de Luj\u00e1n celebr\u00f3 con una serie de actividades culturales y exposiciones de veh\u00edculos cl\u00e1sicos. El evento, que incluy\u00f3 una importante muestra de autos antiguos, tuvo como protagonistas a figuras legendarias del automovilismo y a entusiastas de los veh\u00edculos hist\u00f3ricos, destac\u00e1ndose la presencia [&hellip;]<\/p>\n","protected":false},"author":16,"featured_media":148187,"comment_status":"closed","ping_status":"closed","sticky":false,"template":"","format":"standard","meta":{"footnotes":""},"categories":[139],"tags":[2242,2244,40,15592],"class_list":["post-148186","post","type-post","status-publish","format-standard","has-post-thumbnail","hentry","category-regionales","tag-autos","tag-diego-maru","tag-lujan","tag-torino"],"yoast_head":"<!-- This site is optimized with the Yoast SEO plugin v27.5 - https:\/\/yoast.com\/product\/yoast-seo-wordpress\/ -->\n<title>Amantes de los autos reconocen a Diego Mar\u00fa en el 101\u00ba aniversario del Museo de Luj\u00e1n<\/title>\n<meta name=\"robots\" content=\"index, follow, max-snippet:-1, max-image-preview:large, max-video-preview:-1\" \/>\n<link rel=\"canonical\" href=\"https:\/\/noticiasmercedinas.com\/site\/2024\/11\/12\/amantes-de-los-autos-reconocen-a-diego-maru-en-el-101o-aniversario-del-museo-de-lujan\/\" \/>\n<meta property=\"og:locale\" content=\"es_ES\" \/>\n<meta property=\"og:type\" content=\"article\" \/>\n<meta property=\"og:title\" content=\"Amantes de los autos reconocen a Diego Mar\u00fa en el 101\u00ba aniversario del Museo de Luj\u00e1n\" \/>\n<meta property=\"og:description\" content=\"En el marco del 101\u00ba aniversario del Complejo Museogr\u00e1fico \u201cEnrique Udaondo\u201d, la ciudad de Luj\u00e1n celebr\u00f3 con una serie de actividades culturales y exposiciones de veh\u00edculos cl\u00e1sicos. El evento, que incluy\u00f3 una importante muestra de autos antiguos, tuvo como protagonistas a figuras legendarias del automovilismo y a entusiastas de los veh\u00edculos hist\u00f3ricos, destac\u00e1ndose la presencia [&hellip;]\" \/>\n<meta property=\"og:url\" content=\"https:\/\/noticiasmercedinas.com\/site\/2024\/11\/12\/amantes-de-los-autos-reconocen-a-diego-maru-en-el-101o-aniversario-del-museo-de-lujan\/\" \/>\n<meta property=\"og:site_name\" content=\"NOTICIASMERCEDINAS.COM\" \/>\n<meta property=\"article:publisher\" content=\"https:\/\/www.facebook.com\/noticiasmercedinas\/\" \/>\n<meta property=\"article:published_time\" content=\"2024-11-12T18:42:17+00:00\" \/>\n<meta property=\"og:image\" content=\"https:\/\/noticiasmercedinas.com\/site\/wp-content\/uploads\/2024\/11\/IMG-20241112-WA0044.jpg\" \/>\n\t<meta property=\"og:image:width\" content=\"1600\" \/>\n\t<meta property=\"og:image:height\" content=\"959\" \/>\n\t<meta property=\"og:image:type\" content=\"image\/jpeg\" \/>\n<meta name=\"author\" content=\"NOTICIASMERCEDINAS.COM\" \/>\n<meta name=\"twitter:card\" content=\"summary_large_image\" \/>\n<meta name=\"twitter:creator\" content=\"@notmercedinas\" \/>\n<meta name=\"twitter:site\" content=\"@notmercedinas\" \/>\n<meta name=\"twitter:label1\" content=\"Escrito por\" \/>\n\t<meta name=\"twitter:data1\" content=\"NOTICIASMERCEDINAS.COM\" \/>\n\t<meta name=\"twitter:label2\" content=\"Tiempo de lectura\" \/>\n\t<meta name=\"twitter:data2\" content=\"3 minutos\" \/>\n<script type=\"application\/ld+json\" class=\"yoast-schema-graph\">{\"@context\":\"https:\\\/\\\/schema.org\",\"@graph\":[{\"@type\":\"Article\",\"@id\":\"https:\\\/\\\/noticiasmercedinas.com\\\/site\\\/2024\\\/11\\\/12\\\/amantes-de-los-autos-reconocen-a-diego-maru-en-el-101o-aniversario-del-museo-de-lujan\\\/#article\",\"isPartOf\":{\"@id\":\"https:\\\/\\\/noticiasmercedinas.com\\\/site\\\/2024\\\/11\\\/12\\\/amantes-de-los-autos-reconocen-a-diego-maru-en-el-101o-aniversario-del-museo-de-lujan\\\/\"},\"author\":{\"name\":\"NOTICIASMERCEDINAS.COM\",\"@id\":\"https:\\\/\\\/noticiasmercedinas.com\\\/site\\\/#\\\/schema\\\/person\\\/84b59c099c28ff2e8b77d4ceec5d8063\"},\"headline\":\"Amantes de los autos reconocen a Diego Mar\u00fa en el 101\u00ba aniversario del Museo de Luj\u00e1n\",\"datePublished\":\"2024-11-12T18:42:17+00:00\",\"mainEntityOfPage\":{\"@id\":\"https:\\\/\\\/noticiasmercedinas.com\\\/site\\\/2024\\\/11\\\/12\\\/amantes-de-los-autos-reconocen-a-diego-maru-en-el-101o-aniversario-del-museo-de-lujan\\\/\"},\"wordCount\":599,\"publisher\":{\"@id\":\"https:\\\/\\\/noticiasmercedinas.com\\\/site\\\/#organization\"},\"image\":{\"@id\":\"https:\\\/\\\/noticiasmercedinas.com\\\/site\\\/2024\\\/11\\\/12\\\/amantes-de-los-autos-reconocen-a-diego-maru-en-el-101o-aniversario-del-museo-de-lujan\\\/#primaryimage\"},\"thumbnailUrl\":\"https:\\\/\\\/noticiasmercedinas.com\\\/site\\\/wp-content\\\/uploads\\\/2024\\\/11\\\/IMG-20241112-WA0044.jpg\",\"keywords\":[\"autos\",\"diego maru\",\"lujan\",\"torino\"],\"articleSection\":[\"Regionales\"],\"inLanguage\":\"es\"},{\"@type\":\"WebPage\",\"@id\":\"https:\\\/\\\/noticiasmercedinas.com\\\/site\\\/2024\\\/11\\\/12\\\/amantes-de-los-autos-reconocen-a-diego-maru-en-el-101o-aniversario-del-museo-de-lujan\\\/\",\"url\":\"https:\\\/\\\/noticiasmercedinas.com\\\/site\\\/2024\\\/11\\\/12\\\/amantes-de-los-autos-reconocen-a-diego-maru-en-el-101o-aniversario-del-museo-de-lujan\\\/\",\"name\":\"Amantes de los autos reconocen a Diego Mar\u00fa en el 101\u00ba aniversario del Museo de Luj\u00e1n\",\"isPartOf\":{\"@id\":\"https:\\\/\\\/noticiasmercedinas.com\\\/site\\\/#website\"},\"primaryImageOfPage\":{\"@id\":\"https:\\\/\\\/noticiasmercedinas.com\\\/site\\\/2024\\\/11\\\/12\\\/amantes-de-los-autos-reconocen-a-diego-maru-en-el-101o-aniversario-del-museo-de-lujan\\\/#primaryimage\"},\"image\":{\"@id\":\"https:\\\/\\\/noticiasmercedinas.com\\\/site\\\/2024\\\/11\\\/12\\\/amantes-de-los-autos-reconocen-a-diego-maru-en-el-101o-aniversario-del-museo-de-lujan\\\/#primaryimage\"},\"thumbnailUrl\":\"https:\\\/\\\/noticiasmercedinas.com\\\/site\\\/wp-content\\\/uploads\\\/2024\\\/11\\\/IMG-20241112-WA0044.jpg\",\"datePublished\":\"2024-11-12T18:42:17+00:00\",\"breadcrumb\":{\"@id\":\"https:\\\/\\\/noticiasmercedinas.com\\\/site\\\/2024\\\/11\\\/12\\\/amantes-de-los-autos-reconocen-a-diego-maru-en-el-101o-aniversario-del-museo-de-lujan\\\/#breadcrumb\"},\"inLanguage\":\"es\",\"potentialAction\":[{\"@type\":\"ReadAction\",\"target\":[\"https:\\\/\\\/noticiasmercedinas.com\\\/site\\\/2024\\\/11\\\/12\\\/amantes-de-los-autos-reconocen-a-diego-maru-en-el-101o-aniversario-del-museo-de-lujan\\\/\"]}]},{\"@type\":\"ImageObject\",\"inLanguage\":\"es\",\"@id\":\"https:\\\/\\\/noticiasmercedinas.com\\\/site\\\/2024\\\/11\\\/12\\\/amantes-de-los-autos-reconocen-a-diego-maru-en-el-101o-aniversario-del-museo-de-lujan\\\/#primaryimage\",\"url\":\"https:\\\/\\\/noticiasmercedinas.com\\\/site\\\/wp-content\\\/uploads\\\/2024\\\/11\\\/IMG-20241112-WA0044.jpg\",\"contentUrl\":\"https:\\\/\\\/noticiasmercedinas.com\\\/site\\\/wp-content\\\/uploads\\\/2024\\\/11\\\/IMG-20241112-WA0044.jpg\",\"width\":1600,\"height\":959},{\"@type\":\"BreadcrumbList\",\"@id\":\"https:\\\/\\\/noticiasmercedinas.com\\\/site\\\/2024\\\/11\\\/12\\\/amantes-de-los-autos-reconocen-a-diego-maru-en-el-101o-aniversario-del-museo-de-lujan\\\/#breadcrumb\",\"itemListElement\":[{\"@type\":\"ListItem\",\"position\":1,\"name\":\"Portada\",\"item\":\"https:\\\/\\\/noticiasmercedinas.com\\\/site\\\/\"},{\"@type\":\"ListItem\",\"position\":2,\"name\":\"Amantes de los autos reconocen a Diego Mar\u00fa en el 101\u00ba aniversario del Museo de Luj\u00e1n\"}]},{\"@type\":\"WebSite\",\"@id\":\"https:\\\/\\\/noticiasmercedinas.com\\\/site\\\/#website\",\"url\":\"https:\\\/\\\/noticiasmercedinas.com\\\/site\\\/\",\"name\":\"NOTICIASMERCEDINAS.COM\",\"description\":\"Mercedes, Buenos Aires, Argentina\",\"publisher\":{\"@id\":\"https:\\\/\\\/noticiasmercedinas.com\\\/site\\\/#organization\"},\"potentialAction\":[{\"@type\":\"SearchAction\",\"target\":{\"@type\":\"EntryPoint\",\"urlTemplate\":\"https:\\\/\\\/noticiasmercedinas.com\\\/site\\\/?s={search_term_string}\"},\"query-input\":{\"@type\":\"PropertyValueSpecification\",\"valueRequired\":true,\"valueName\":\"search_term_string\"}}],\"inLanguage\":\"es\"},{\"@type\":\"Organization\",\"@id\":\"https:\\\/\\\/noticiasmercedinas.com\\\/site\\\/#organization\",\"name\":\"NOTICIASMERCEDINAS.COM\",\"url\":\"https:\\\/\\\/noticiasmercedinas.com\\\/site\\\/\",\"logo\":{\"@type\":\"ImageObject\",\"inLanguage\":\"es\",\"@id\":\"https:\\\/\\\/noticiasmercedinas.com\\\/site\\\/#\\\/schema\\\/logo\\\/image\\\/\",\"url\":\"https:\\\/\\\/noticiasmercedinas.com\\\/site\\\/wp-content\\\/uploads\\\/2020\\\/06\\\/LOGO-512.jpg\",\"contentUrl\":\"https:\\\/\\\/noticiasmercedinas.com\\\/site\\\/wp-content\\\/uploads\\\/2020\\\/06\\\/LOGO-512.jpg\",\"width\":512,\"height\":512,\"caption\":\"NOTICIASMERCEDINAS.COM\"},\"image\":{\"@id\":\"https:\\\/\\\/noticiasmercedinas.com\\\/site\\\/#\\\/schema\\\/logo\\\/image\\\/\"},\"sameAs\":[\"https:\\\/\\\/www.facebook.com\\\/noticiasmercedinas\\\/\",\"https:\\\/\\\/x.com\\\/notmercedinas\",\"https:\\\/\\\/www.instagram.com\\\/noticiasmercedinas\\\/\"]},{\"@type\":\"Person\",\"@id\":\"https:\\\/\\\/noticiasmercedinas.com\\\/site\\\/#\\\/schema\\\/person\\\/84b59c099c28ff2e8b77d4ceec5d8063\",\"name\":\"NOTICIASMERCEDINAS.COM\",\"image\":{\"@type\":\"ImageObject\",\"inLanguage\":\"es\",\"@id\":\"https:\\\/\\\/secure.gravatar.com\\\/avatar\\\/4dfbf16b4d17945bfb6341b2d19043457132fcf478a5ee04f42e959fd8f5df0a?s=96&d=mm&r=g\",\"url\":\"https:\\\/\\\/secure.gravatar.com\\\/avatar\\\/4dfbf16b4d17945bfb6341b2d19043457132fcf478a5ee04f42e959fd8f5df0a?s=96&d=mm&r=g\",\"contentUrl\":\"https:\\\/\\\/secure.gravatar.com\\\/avatar\\\/4dfbf16b4d17945bfb6341b2d19043457132fcf478a5ee04f42e959fd8f5df0a?s=96&d=mm&r=g\",\"caption\":\"NOTICIASMERCEDINAS.COM\"},\"url\":\"https:\\\/\\\/noticiasmercedinas.com\\\/site\\\/author\\\/anonimo\\\/\"}]}<\/script>\n<!-- \/ Yoast SEO plugin. -->","yoast_head_json":{"title":"Amantes de los autos reconocen a Diego Mar\u00fa en el 101\u00ba aniversario del Museo de Luj\u00e1n","robots":{"index":"index","follow":"follow","max-snippet":"max-snippet:-1","max-image-preview":"max-image-preview:large","max-video-preview":"max-video-preview:-1"},"canonical":"https:\/\/noticiasmercedinas.com\/site\/2024\/11\/12\/amantes-de-los-autos-reconocen-a-diego-maru-en-el-101o-aniversario-del-museo-de-lujan\/","og_locale":"es_ES","og_type":"article","og_title":"Amantes de los autos reconocen a Diego Mar\u00fa en el 101\u00ba aniversario del Museo de Luj\u00e1n","og_description":"En el marco del 101\u00ba aniversario del Complejo Museogr\u00e1fico \u201cEnrique Udaondo\u201d, la ciudad de Luj\u00e1n celebr\u00f3 con una serie de actividades culturales y exposiciones de veh\u00edculos cl\u00e1sicos. El evento, que incluy\u00f3 una importante muestra de autos antiguos, tuvo como protagonistas a figuras legendarias del automovilismo y a entusiastas de los veh\u00edculos hist\u00f3ricos, destac\u00e1ndose la presencia [&hellip;]","og_url":"https:\/\/noticiasmercedinas.com\/site\/2024\/11\/12\/amantes-de-los-autos-reconocen-a-diego-maru-en-el-101o-aniversario-del-museo-de-lujan\/","og_site_name":"NOTICIASMERCEDINAS.COM","article_publisher":"https:\/\/www.facebook.com\/noticiasmercedinas\/","article_published_time":"2024-11-12T18:42:17+00:00","og_image":[{"width":1600,"height":959,"url":"https:\/\/noticiasmercedinas.com\/site\/wp-content\/uploads\/2024\/11\/IMG-20241112-WA0044.jpg","type":"image\/jpeg"}],"author":"NOTICIASMERCEDINAS.COM","twitter_card":"summary_large_image","twitter_creator":"@notmercedinas","twitter_site":"@notmercedinas","twitter_misc":{"Escrito por":"NOTICIASMERCEDINAS.COM","Tiempo de lectura":"3 minutos"},"schema":{"@context":"https:\/\/schema.org","@graph":[{"@type":"Article","@id":"https:\/\/noticiasmercedinas.com\/site\/2024\/11\/12\/amantes-de-los-autos-reconocen-a-diego-maru-en-el-101o-aniversario-del-museo-de-lujan\/#article","isPartOf":{"@id":"https:\/\/noticiasmercedinas.com\/site\/2024\/11\/12\/amantes-de-los-autos-reconocen-a-diego-maru-en-el-101o-aniversario-del-museo-de-lujan\/"},"author":{"name":"NOTICIASMERCEDINAS.COM","@id":"https:\/\/noticiasmercedinas.com\/site\/#\/schema\/person\/84b59c099c28ff2e8b77d4ceec5d8063"},"headline":"Amantes de los autos reconocen a Diego Mar\u00fa en el 101\u00ba aniversario del Museo de Luj\u00e1n","datePublished":"2024-11-12T18:42:17+00:00","mainEntityOfPage":{"@id":"https:\/\/noticiasmercedinas.com\/site\/2024\/11\/12\/amantes-de-los-autos-reconocen-a-diego-maru-en-el-101o-aniversario-del-museo-de-lujan\/"},"wordCount":599,"publisher":{"@id":"https:\/\/noticiasmercedinas.com\/site\/#organization"},"image":{"@id":"https:\/\/noticiasmercedinas.com\/site\/2024\/11\/12\/amantes-de-los-autos-reconocen-a-diego-maru-en-el-101o-aniversario-del-museo-de-lujan\/#primaryimage"},"thumbnailUrl":"https:\/\/noticiasmercedinas.com\/site\/wp-content\/uploads\/2024\/11\/IMG-20241112-WA0044.jpg","keywords":["autos","diego maru","lujan","torino"],"articleSection":["Regionales"],"inLanguage":"es"},{"@type":"WebPage","@id":"https:\/\/noticiasmercedinas.com\/site\/2024\/11\/12\/amantes-de-los-autos-reconocen-a-diego-maru-en-el-101o-aniversario-del-museo-de-lujan\/","url":"https:\/\/noticiasmercedinas.com\/site\/2024\/11\/12\/amantes-de-los-autos-reconocen-a-diego-maru-en-el-101o-aniversario-del-museo-de-lujan\/","name":"Amantes de los autos reconocen a Diego Mar\u00fa en el 101\u00ba aniversario del Museo de Luj\u00e1n","isPartOf":{"@id":"https:\/\/noticiasmercedinas.com\/site\/#website"},"primaryImageOfPage":{"@id":"https:\/\/noticiasmercedinas.com\/site\/2024\/11\/12\/amantes-de-los-autos-reconocen-a-diego-maru-en-el-101o-aniversario-del-museo-de-lujan\/#primaryimage"},"image":{"@id":"https:\/\/noticiasmercedinas.com\/site\/2024\/11\/12\/amantes-de-los-autos-reconocen-a-diego-maru-en-el-101o-aniversario-del-museo-de-lujan\/#primaryimage"},"thumbnailUrl":"https:\/\/noticiasmercedinas.com\/site\/wp-content\/uploads\/2024\/11\/IMG-20241112-WA0044.jpg","datePublished":"2024-11-12T18:42:17+00:00","breadcrumb":{"@id":"https:\/\/noticiasmercedinas.com\/site\/2024\/11\/12\/amantes-de-los-autos-reconocen-a-diego-maru-en-el-101o-aniversario-del-museo-de-lujan\/#breadcrumb"},"inLanguage":"es","potentialAction":[{"@type":"ReadAction","target":["https:\/\/noticiasmercedinas.com\/site\/2024\/11\/12\/amantes-de-los-autos-reconocen-a-diego-maru-en-el-101o-aniversario-del-museo-de-lujan\/"]}]},{"@type":"ImageObject","inLanguage":"es","@id":"https:\/\/noticiasmercedinas.com\/site\/2024\/11\/12\/amantes-de-los-autos-reconocen-a-diego-maru-en-el-101o-aniversario-del-museo-de-lujan\/#primaryimage","url":"https:\/\/noticiasmercedinas.com\/site\/wp-content\/uploads\/2024\/11\/IMG-20241112-WA0044.jpg","contentUrl":"https:\/\/noticiasmercedinas.com\/site\/wp-content\/uploads\/2024\/11\/IMG-20241112-WA0044.jpg","width":1600,"height":959},{"@type":"BreadcrumbList","@id":"https:\/\/noticiasmercedinas.com\/site\/2024\/11\/12\/amantes-de-los-autos-reconocen-a-diego-maru-en-el-101o-aniversario-del-museo-de-lujan\/#breadcrumb","itemListElement":[{"@type":"ListItem","position":1,"name":"Portada","item":"https:\/\/noticiasmercedinas.com\/site\/"},{"@type":"ListItem","position":2,"name":"Amantes de los autos reconocen a Diego Mar\u00fa en el 101\u00ba aniversario del Museo de Luj\u00e1n"}]},{"@type":"WebSite","@id":"https:\/\/noticiasmercedinas.com\/site\/#website","url":"https:\/\/noticiasmercedinas.com\/site\/","name":"NOTICIASMERCEDINAS.COM","description":"Mercedes, Buenos Aires, Argentina","publisher":{"@id":"https:\/\/noticiasmercedinas.com\/site\/#organization"},"potentialAction":[{"@type":"SearchAction","target":{"@type":"EntryPoint","urlTemplate":"https:\/\/noticiasmercedinas.com\/site\/?s={search_term_string}"},"query-input":{"@type":"PropertyValueSpecification","valueRequired":true,"valueName":"search_term_string"}}],"inLanguage":"es"},{"@type":"Organization","@id":"https:\/\/noticiasmercedinas.com\/site\/#organization","name":"NOTICIASMERCEDINAS.COM","url":"https:\/\/noticiasmercedinas.com\/site\/","logo":{"@type":"ImageObject","inLanguage":"es","@id":"https:\/\/noticiasmercedinas.com\/site\/#\/schema\/logo\/image\/","url":"https:\/\/noticiasmercedinas.com\/site\/wp-content\/uploads\/2020\/06\/LOGO-512.jpg","contentUrl":"https:\/\/noticiasmercedinas.com\/site\/wp-content\/uploads\/2020\/06\/LOGO-512.jpg","width":512,"height":512,"caption":"NOTICIASMERCEDINAS.COM"},"image":{"@id":"https:\/\/noticiasmercedinas.com\/site\/#\/schema\/logo\/image\/"},"sameAs":["https:\/\/www.facebook.com\/noticiasmercedinas\/","https:\/\/x.com\/notmercedinas","https:\/\/www.instagram.com\/noticiasmercedinas\/"]},{"@type":"Person","@id":"https:\/\/noticiasmercedinas.com\/site\/#\/schema\/person\/84b59c099c28ff2e8b77d4ceec5d8063","name":"NOTICIASMERCEDINAS.COM","image":{"@type":"ImageObject","inLanguage":"es","@id":"https:\/\/secure.gravatar.com\/avatar\/4dfbf16b4d17945bfb6341b2d19043457132fcf478a5ee04f42e959fd8f5df0a?s=96&d=mm&r=g","url":"https:\/\/secure.gravatar.com\/avatar\/4dfbf16b4d17945bfb6341b2d19043457132fcf478a5ee04f42e959fd8f5df0a?s=96&d=mm&r=g","contentUrl":"https:\/\/secure.gravatar.com\/avatar\/4dfbf16b4d17945bfb6341b2d19043457132fcf478a5ee04f42e959fd8f5df0a?s=96&d=mm&r=g","caption":"NOTICIASMERCEDINAS.COM"},"url":"https:\/\/noticiasmercedinas.com\/site\/author\/anonimo\/"}]}},"amp_enabled":true,"_links":{"self":[{"href":"https:\/\/noticiasmercedinas.com\/site\/wp-json\/wp\/v2\/posts\/148186","targetHints":{"allow":["GET"]}}],"collection":[{"href":"https:\/\/noticiasmercedinas.com\/site\/wp-json\/wp\/v2\/posts"}],"about":[{"href":"https:\/\/noticiasmercedinas.com\/site\/wp-json\/wp\/v2\/types\/post"}],"author":[{"embeddable":true,"href":"https:\/\/noticiasmercedinas.com\/site\/wp-json\/wp\/v2\/users\/16"}],"replies":[{"embeddable":true,"href":"https:\/\/noticiasmercedinas.com\/site\/wp-json\/wp\/v2\/comments?post=148186"}],"version-history":[{"count":1,"href":"https:\/\/noticiasmercedinas.com\/site\/wp-json\/wp\/v2\/posts\/148186\/revisions"}],"predecessor-version":[{"id":148188,"href":"https:\/\/noticiasmercedinas.com\/site\/wp-json\/wp\/v2\/posts\/148186\/revisions\/148188"}],"wp:featuredmedia":[{"embeddable":true,"href":"https:\/\/noticiasmercedinas.com\/site\/wp-json\/wp\/v2\/media\/148187"}],"wp:attachment":[{"href":"https:\/\/noticiasmercedinas.com\/site\/wp-json\/wp\/v2\/media?parent=148186"}],"wp:term":[{"taxonomy":"category","embeddable":true,"href":"https:\/\/noticiasmercedinas.com\/site\/wp-json\/wp\/v2\/categories?post=148186"},{"taxonomy":"post_tag","embeddable":true,"href":"https:\/\/noticiasmercedinas.com\/site\/wp-json\/wp\/v2\/tags?post=148186"}],"curies":[{"name":"wp","href":"https:\/\/api.w.org\/{rel}","templated":true}]}}