{"id":148484,"date":"2024-11-17T13:08:31","date_gmt":"2024-11-17T16:08:31","guid":{"rendered":"https:\/\/noticiasmercedinas.com\/site\/?p=148484"},"modified":"2024-11-17T13:32:03","modified_gmt":"2024-11-17T16:32:03","slug":"encuentro-de-pueblos-fumigados-asamblea-por-la-agroecologia-y-el-buen-vivir-en-vedia","status":"publish","type":"post","link":"https:\/\/noticiasmercedinas.com\/site\/2024\/11\/17\/encuentro-de-pueblos-fumigados-asamblea-por-la-agroecologia-y-el-buen-vivir-en-vedia\/","title":{"rendered":"Encuentro de Pueblos Fumigados: Asamblea por la Agroecolog\u00eda y el Buen Vivir en Vedia"},"content":{"rendered":"<p><img loading=\"lazy\" decoding=\"async\" class=\"alignnone size-full wp-image-148486\" src=\"https:\/\/noticiasmercedinas.com\/site\/wp-content\/uploads\/2024\/11\/20241109180926_encuentro-pueblos-fumigados-vedia.jpg\" alt=\"\" width=\"880\" height=\"512\" srcset=\"https:\/\/noticiasmercedinas.com\/site\/wp-content\/uploads\/2024\/11\/20241109180926_encuentro-pueblos-fumigados-vedia.jpg 880w, https:\/\/noticiasmercedinas.com\/site\/wp-content\/uploads\/2024\/11\/20241109180926_encuentro-pueblos-fumigados-vedia-300x175.jpg 300w, https:\/\/noticiasmercedinas.com\/site\/wp-content\/uploads\/2024\/11\/20241109180926_encuentro-pueblos-fumigados-vedia-768x447.jpg 768w, https:\/\/noticiasmercedinas.com\/site\/wp-content\/uploads\/2024\/11\/20241109180926_encuentro-pueblos-fumigados-vedia-640x372.jpg 640w, https:\/\/noticiasmercedinas.com\/site\/wp-content\/uploads\/2024\/11\/20241109180926_encuentro-pueblos-fumigados-vedia-681x396.jpg 681w\" sizes=\"auto, (max-width: 880px) 100vw, 880px\" \/><\/p>\n<p>Del 29 de noviembre al 1 de diciembre, el Balneario Municipal de Vedia ser\u00e1 el escenario del Encuentro de Pueblos Fumigados de la provincia de Buenos Aires. Este evento tiene como objetivo promover la agroecolog\u00eda y el buen vivir en un marco de debate, reflexi\u00f3n y actividades comunitarias.<\/p>\n<p>La convocatoria invita a participar en un espacio ideal, que cuenta con laguna, servicios completos y la posibilidad de acampar desde el viernes por la tarde.<\/p>\n<p><strong>Actividades destacadas<\/strong><\/p>\n<p>Viernes 29 de noviembre, 21:00 horas: Proyecci\u00f3n de El agr\u00f3nomo, pel\u00edcula dirigida por Mart\u00edn Turnes, en el Centro Cultural Arturo Jauretche (Avenida Dunkler 132).<\/p>\n<p>S\u00e1bado 30 de noviembre:<\/p>\n<p>9:00 horas: Acreditaci\u00f3n en el Balneario Municipal.<\/p>\n<p>Cena colectiva por la noche, donde cada participante podr\u00e1 traer alimentos para compartir y su propio juego de vajilla.<\/p>\n<p>21:00 horas: Festival de M\u00fasica de los Pueblos Fumigados, con presentaciones de artistas como Pescado Para Todxs, Jerem\u00edas Chauque &#8211; Pewu, Appesta y Dom.<\/p>\n<p>Domingo 1 de diciembre: Finalizaci\u00f3n del encuentro alrededor de las 16:00 horas.<\/p>\n<p><strong>Informaci\u00f3n adicional<\/strong><\/p>\n<p>El evento se realizar\u00e1 sin interrupciones, incluso en caso de lluvia. Para quienes viajen en transporte p\u00fablico, se podr\u00e1 coordinar el traslado al balneario con la organizaci\u00f3n. Adem\u00e1s, se solicita un aporte voluntario para colaborar con los costos del encuentro.<\/p>\n<p>Este espacio busca fortalecer los lazos entre las comunidades afectadas por las fumigaciones y fomentar pr\u00e1cticas agroecol\u00f3gicas en toda la provincia.<\/p>\n<div class=\"WaaZC\">\n<div class=\"RJPOee EIJn2\">\n<div class=\"rPeykc\" data-hveid=\"CAMQAQ\" data-ved=\"2ahUKEwj79NeI3OOJAxV0RLgEHXF7Ny8Qo_EKegQIAxAB\">El Encuentro de Pueblos Fumigados (EPF) es un\u00a0<mark class=\"QVRyCf\">espacio de democracia comunitaria que re\u00fane a organizaciones y asambleas que luchan contra los agrot\u00f3xicos y por un modelo agroalimentario que proteja la salud y el ambiente<\/mark>.\u00a0El pr\u00f3ximo EPF se realizar\u00e1 en la provincia de Buenos Aires del 29 de noviembre al 1 de diciembre de 2024 en la localidad de Vedia.<span class=\"UV3uM\">\u00a0<\/span><\/div>\n<div data-hveid=\"CAMQAQ\" data-ved=\"2ahUKEwj79NeI3OOJAxV0RLgEHXF7Ny8Qo_EKegQIAxAB\"><\/div>\n<\/div>\n<\/div>\n<div class=\"WaaZC\">\n<div class=\"RJPOee EIJn2\">\n<div class=\"rPeykc uP58nb\" data-hveid=\"CAoQAQ\" data-ved=\"2ahUKEwj79NeI3OOJAxV0RLgEHXF7Ny8Qo_EKegQIChAB\"><span role=\"heading\" aria-level=\"2\">El EPF tiene como objetivos:<\/span><\/div>\n<\/div>\n<\/div>\n<div class=\"WaaZC\">\n<div class=\"RJPOee EIJn2\">\n<ul class=\"zVKf0d\">\n<li>Promover un modelo agroalimentario que proteja la salud, el ambiente y la biodiversidad<span class=\"UV3uM\">\u00a0<\/span><\/li>\n<li>Transformar el modelo agroindustrial<span class=\"UV3uM\">\u00a0<\/span><\/li>\n<li>Exigir pol\u00edticas de Estado que consideren las bases de la Agroecolog\u00eda<span class=\"UV3uM\">\u00a0<\/span><\/li>\n<li>Reconciliar el sistema alimentario con la tierra y la biodiversidad<span class=\"UV3uM\">\u00a0<\/span><\/li>\n<\/ul>\n<\/div>\n<\/div>\n<div class=\"WaaZC\">\n<div class=\"RJPOee EIJn2\">\n<div class=\"rPeykc\" data-hveid=\"CBsQAQ\" data-ved=\"2ahUKEwj79NeI3OOJAxV0RLgEHXF7Ny8Qo_EKegQIGxAB\">En los encuentros se re\u00fanen asamble\u00edstas, productores de la agricultura familiar, trabajadores de la econom\u00eda social, agr\u00f3nomos, docentes, investigadores y vecinos.<\/div>\n<div data-hveid=\"CBsQAQ\" data-ved=\"2ahUKEwj79NeI3OOJAxV0RLgEHXF7Ny8Qo_EKegQIGxAB\"><\/div>\n<div class=\"rPeykc\" data-hveid=\"CBsQAQ\" data-ved=\"2ahUKEwj79NeI3OOJAxV0RLgEHXF7Ny8Qo_EKegQIGxAB\">En 2010 se llev\u00f3 a cabo el primer encuentro de m\u00e9dicos de pueblos fumigados en la Universidad Nacional de C\u00f3rdoba. En ese encuentro se analiz\u00f3 y difundi\u00f3 la situaci\u00f3n sanitaria que viven miles de argentinos de zonas rurales y periurbanas.<span class=\"UV3uM\">\u00a0<\/span><\/div>\n<\/div>\n<\/div>\n","protected":false},"excerpt":{"rendered":"<p>Del 29 de noviembre al 1 de diciembre, el Balneario Municipal de Vedia ser\u00e1 el escenario del Encuentro de Pueblos Fumigados de la provincia de Buenos Aires. Este evento tiene como objetivo promover la agroecolog\u00eda y el buen vivir en un marco de debate, reflexi\u00f3n y actividades comunitarias. La convocatoria invita a participar en un [&hellip;]<\/p>\n","protected":false},"author":16,"featured_media":148486,"comment_status":"closed","ping_status":"closed","sticky":false,"template":"","format":"standard","meta":{"footnotes":""},"categories":[5754,7919],"tags":[7916,1655,3710],"class_list":["post-148484","post","type-post","status-publish","format-standard","has-post-thumbnail","hentry","category-medio-ambiente","category-provinciales","tag-encuentro-de-pueblos-fumigados","tag-fumigacion","tag-vedia"],"yoast_head":"<!-- This site is optimized with the Yoast SEO plugin v27.4 - https:\/\/yoast.com\/product\/yoast-seo-wordpress\/ -->\n<title>Encuentro de Pueblos Fumigados: Asamblea por la Agroecolog\u00eda y el Buen Vivir en Vedia<\/title>\n<meta name=\"robots\" content=\"index, follow, max-snippet:-1, max-image-preview:large, max-video-preview:-1\" \/>\n<link rel=\"canonical\" href=\"https:\/\/noticiasmercedinas.com\/site\/2024\/11\/17\/encuentro-de-pueblos-fumigados-asamblea-por-la-agroecologia-y-el-buen-vivir-en-vedia\/\" \/>\n<meta property=\"og:locale\" content=\"es_ES\" \/>\n<meta property=\"og:type\" content=\"article\" \/>\n<meta property=\"og:title\" content=\"Encuentro de Pueblos Fumigados: Asamblea por la Agroecolog\u00eda y el Buen Vivir en Vedia\" \/>\n<meta property=\"og:description\" content=\"Del 29 de noviembre al 1 de diciembre, el Balneario Municipal de Vedia ser\u00e1 el escenario del Encuentro de Pueblos Fumigados de la provincia de Buenos Aires. Este evento tiene como objetivo promover la agroecolog\u00eda y el buen vivir en un marco de debate, reflexi\u00f3n y actividades comunitarias. La convocatoria invita a participar en un [&hellip;]\" \/>\n<meta property=\"og:url\" content=\"https:\/\/noticiasmercedinas.com\/site\/2024\/11\/17\/encuentro-de-pueblos-fumigados-asamblea-por-la-agroecologia-y-el-buen-vivir-en-vedia\/\" \/>\n<meta property=\"og:site_name\" content=\"NOTICIASMERCEDINAS.COM\" \/>\n<meta property=\"article:publisher\" content=\"https:\/\/www.facebook.com\/noticiasmercedinas\/\" \/>\n<meta property=\"article:published_time\" content=\"2024-11-17T16:08:31+00:00\" \/>\n<meta property=\"article:modified_time\" content=\"2024-11-17T16:32:03+00:00\" \/>\n<meta property=\"og:image\" content=\"https:\/\/noticiasmercedinas.com\/site\/wp-content\/uploads\/2024\/11\/20241109180926_encuentro-pueblos-fumigados-vedia.jpg\" \/>\n\t<meta property=\"og:image:width\" content=\"880\" \/>\n\t<meta property=\"og:image:height\" content=\"512\" \/>\n\t<meta property=\"og:image:type\" content=\"image\/jpeg\" \/>\n<meta name=\"author\" content=\"NOTICIASMERCEDINAS.COM\" \/>\n<meta name=\"twitter:card\" content=\"summary_large_image\" \/>\n<meta name=\"twitter:creator\" content=\"@notmercedinas\" \/>\n<meta name=\"twitter:site\" content=\"@notmercedinas\" \/>\n<meta name=\"twitter:label1\" content=\"Escrito por\" \/>\n\t<meta name=\"twitter:data1\" content=\"NOTICIASMERCEDINAS.COM\" \/>\n\t<meta name=\"twitter:label2\" content=\"Tiempo de lectura\" \/>\n\t<meta name=\"twitter:data2\" content=\"2 minutos\" \/>\n<script type=\"application\/ld+json\" class=\"yoast-schema-graph\">{\"@context\":\"https:\\\/\\\/schema.org\",\"@graph\":[{\"@type\":\"Article\",\"@id\":\"https:\\\/\\\/noticiasmercedinas.com\\\/site\\\/2024\\\/11\\\/17\\\/encuentro-de-pueblos-fumigados-asamblea-por-la-agroecologia-y-el-buen-vivir-en-vedia\\\/#article\",\"isPartOf\":{\"@id\":\"https:\\\/\\\/noticiasmercedinas.com\\\/site\\\/2024\\\/11\\\/17\\\/encuentro-de-pueblos-fumigados-asamblea-por-la-agroecologia-y-el-buen-vivir-en-vedia\\\/\"},\"author\":{\"name\":\"NOTICIASMERCEDINAS.COM\",\"@id\":\"https:\\\/\\\/noticiasmercedinas.com\\\/site\\\/#\\\/schema\\\/person\\\/84b59c099c28ff2e8b77d4ceec5d8063\"},\"headline\":\"Encuentro de Pueblos Fumigados: Asamblea por la Agroecolog\u00eda y el Buen Vivir en Vedia\",\"datePublished\":\"2024-11-17T16:08:31+00:00\",\"dateModified\":\"2024-11-17T16:32:03+00:00\",\"mainEntityOfPage\":{\"@id\":\"https:\\\/\\\/noticiasmercedinas.com\\\/site\\\/2024\\\/11\\\/17\\\/encuentro-de-pueblos-fumigados-asamblea-por-la-agroecologia-y-el-buen-vivir-en-vedia\\\/\"},\"wordCount\":424,\"publisher\":{\"@id\":\"https:\\\/\\\/noticiasmercedinas.com\\\/site\\\/#organization\"},\"image\":{\"@id\":\"https:\\\/\\\/noticiasmercedinas.com\\\/site\\\/2024\\\/11\\\/17\\\/encuentro-de-pueblos-fumigados-asamblea-por-la-agroecologia-y-el-buen-vivir-en-vedia\\\/#primaryimage\"},\"thumbnailUrl\":\"https:\\\/\\\/noticiasmercedinas.com\\\/site\\\/wp-content\\\/uploads\\\/2024\\\/11\\\/20241109180926_encuentro-pueblos-fumigados-vedia.jpg\",\"keywords\":[\"Encuentro de Pueblos Fumigados\",\"fumigacion\",\"Vedia\"],\"articleSection\":[\"Ambiente\",\"Provinciales\"],\"inLanguage\":\"es\"},{\"@type\":\"WebPage\",\"@id\":\"https:\\\/\\\/noticiasmercedinas.com\\\/site\\\/2024\\\/11\\\/17\\\/encuentro-de-pueblos-fumigados-asamblea-por-la-agroecologia-y-el-buen-vivir-en-vedia\\\/\",\"url\":\"https:\\\/\\\/noticiasmercedinas.com\\\/site\\\/2024\\\/11\\\/17\\\/encuentro-de-pueblos-fumigados-asamblea-por-la-agroecologia-y-el-buen-vivir-en-vedia\\\/\",\"name\":\"Encuentro de Pueblos Fumigados: Asamblea por la Agroecolog\u00eda y el Buen Vivir en Vedia\",\"isPartOf\":{\"@id\":\"https:\\\/\\\/noticiasmercedinas.com\\\/site\\\/#website\"},\"primaryImageOfPage\":{\"@id\":\"https:\\\/\\\/noticiasmercedinas.com\\\/site\\\/2024\\\/11\\\/17\\\/encuentro-de-pueblos-fumigados-asamblea-por-la-agroecologia-y-el-buen-vivir-en-vedia\\\/#primaryimage\"},\"image\":{\"@id\":\"https:\\\/\\\/noticiasmercedinas.com\\\/site\\\/2024\\\/11\\\/17\\\/encuentro-de-pueblos-fumigados-asamblea-por-la-agroecologia-y-el-buen-vivir-en-vedia\\\/#primaryimage\"},\"thumbnailUrl\":\"https:\\\/\\\/noticiasmercedinas.com\\\/site\\\/wp-content\\\/uploads\\\/2024\\\/11\\\/20241109180926_encuentro-pueblos-fumigados-vedia.jpg\",\"datePublished\":\"2024-11-17T16:08:31+00:00\",\"dateModified\":\"2024-11-17T16:32:03+00:00\",\"breadcrumb\":{\"@id\":\"https:\\\/\\\/noticiasmercedinas.com\\\/site\\\/2024\\\/11\\\/17\\\/encuentro-de-pueblos-fumigados-asamblea-por-la-agroecologia-y-el-buen-vivir-en-vedia\\\/#breadcrumb\"},\"inLanguage\":\"es\",\"potentialAction\":[{\"@type\":\"ReadAction\",\"target\":[\"https:\\\/\\\/noticiasmercedinas.com\\\/site\\\/2024\\\/11\\\/17\\\/encuentro-de-pueblos-fumigados-asamblea-por-la-agroecologia-y-el-buen-vivir-en-vedia\\\/\"]}]},{\"@type\":\"ImageObject\",\"inLanguage\":\"es\",\"@id\":\"https:\\\/\\\/noticiasmercedinas.com\\\/site\\\/2024\\\/11\\\/17\\\/encuentro-de-pueblos-fumigados-asamblea-por-la-agroecologia-y-el-buen-vivir-en-vedia\\\/#primaryimage\",\"url\":\"https:\\\/\\\/noticiasmercedinas.com\\\/site\\\/wp-content\\\/uploads\\\/2024\\\/11\\\/20241109180926_encuentro-pueblos-fumigados-vedia.jpg\",\"contentUrl\":\"https:\\\/\\\/noticiasmercedinas.com\\\/site\\\/wp-content\\\/uploads\\\/2024\\\/11\\\/20241109180926_encuentro-pueblos-fumigados-vedia.jpg\",\"width\":880,\"height\":512},{\"@type\":\"BreadcrumbList\",\"@id\":\"https:\\\/\\\/noticiasmercedinas.com\\\/site\\\/2024\\\/11\\\/17\\\/encuentro-de-pueblos-fumigados-asamblea-por-la-agroecologia-y-el-buen-vivir-en-vedia\\\/#breadcrumb\",\"itemListElement\":[{\"@type\":\"ListItem\",\"position\":1,\"name\":\"Portada\",\"item\":\"https:\\\/\\\/noticiasmercedinas.com\\\/site\\\/\"},{\"@type\":\"ListItem\",\"position\":2,\"name\":\"Encuentro de Pueblos Fumigados: Asamblea por la Agroecolog\u00eda y el Buen Vivir en Vedia\"}]},{\"@type\":\"WebSite\",\"@id\":\"https:\\\/\\\/noticiasmercedinas.com\\\/site\\\/#website\",\"url\":\"https:\\\/\\\/noticiasmercedinas.com\\\/site\\\/\",\"name\":\"NOTICIASMERCEDINAS.COM\",\"description\":\"Mercedes, Buenos Aires, Argentina\",\"publisher\":{\"@id\":\"https:\\\/\\\/noticiasmercedinas.com\\\/site\\\/#organization\"},\"potentialAction\":[{\"@type\":\"SearchAction\",\"target\":{\"@type\":\"EntryPoint\",\"urlTemplate\":\"https:\\\/\\\/noticiasmercedinas.com\\\/site\\\/?s={search_term_string}\"},\"query-input\":{\"@type\":\"PropertyValueSpecification\",\"valueRequired\":true,\"valueName\":\"search_term_string\"}}],\"inLanguage\":\"es\"},{\"@type\":\"Organization\",\"@id\":\"https:\\\/\\\/noticiasmercedinas.com\\\/site\\\/#organization\",\"name\":\"NOTICIASMERCEDINAS.COM\",\"url\":\"https:\\\/\\\/noticiasmercedinas.com\\\/site\\\/\",\"logo\":{\"@type\":\"ImageObject\",\"inLanguage\":\"es\",\"@id\":\"https:\\\/\\\/noticiasmercedinas.com\\\/site\\\/#\\\/schema\\\/logo\\\/image\\\/\",\"url\":\"https:\\\/\\\/noticiasmercedinas.com\\\/site\\\/wp-content\\\/uploads\\\/2020\\\/06\\\/LOGO-512.jpg\",\"contentUrl\":\"https:\\\/\\\/noticiasmercedinas.com\\\/site\\\/wp-content\\\/uploads\\\/2020\\\/06\\\/LOGO-512.jpg\",\"width\":512,\"height\":512,\"caption\":\"NOTICIASMERCEDINAS.COM\"},\"image\":{\"@id\":\"https:\\\/\\\/noticiasmercedinas.com\\\/site\\\/#\\\/schema\\\/logo\\\/image\\\/\"},\"sameAs\":[\"https:\\\/\\\/www.facebook.com\\\/noticiasmercedinas\\\/\",\"https:\\\/\\\/x.com\\\/notmercedinas\",\"https:\\\/\\\/www.instagram.com\\\/noticiasmercedinas\\\/\"]},{\"@type\":\"Person\",\"@id\":\"https:\\\/\\\/noticiasmercedinas.com\\\/site\\\/#\\\/schema\\\/person\\\/84b59c099c28ff2e8b77d4ceec5d8063\",\"name\":\"NOTICIASMERCEDINAS.COM\",\"image\":{\"@type\":\"ImageObject\",\"inLanguage\":\"es\",\"@id\":\"https:\\\/\\\/secure.gravatar.com\\\/avatar\\\/4dfbf16b4d17945bfb6341b2d19043457132fcf478a5ee04f42e959fd8f5df0a?s=96&d=mm&r=g\",\"url\":\"https:\\\/\\\/secure.gravatar.com\\\/avatar\\\/4dfbf16b4d17945bfb6341b2d19043457132fcf478a5ee04f42e959fd8f5df0a?s=96&d=mm&r=g\",\"contentUrl\":\"https:\\\/\\\/secure.gravatar.com\\\/avatar\\\/4dfbf16b4d17945bfb6341b2d19043457132fcf478a5ee04f42e959fd8f5df0a?s=96&d=mm&r=g\",\"caption\":\"NOTICIASMERCEDINAS.COM\"},\"url\":\"https:\\\/\\\/noticiasmercedinas.com\\\/site\\\/author\\\/anonimo\\\/\"}]}<\/script>\n<!-- \/ Yoast SEO plugin. -->","yoast_head_json":{"title":"Encuentro de Pueblos Fumigados: Asamblea por la Agroecolog\u00eda y el Buen Vivir en Vedia","robots":{"index":"index","follow":"follow","max-snippet":"max-snippet:-1","max-image-preview":"max-image-preview:large","max-video-preview":"max-video-preview:-1"},"canonical":"https:\/\/noticiasmercedinas.com\/site\/2024\/11\/17\/encuentro-de-pueblos-fumigados-asamblea-por-la-agroecologia-y-el-buen-vivir-en-vedia\/","og_locale":"es_ES","og_type":"article","og_title":"Encuentro de Pueblos Fumigados: Asamblea por la Agroecolog\u00eda y el Buen Vivir en Vedia","og_description":"Del 29 de noviembre al 1 de diciembre, el Balneario Municipal de Vedia ser\u00e1 el escenario del Encuentro de Pueblos Fumigados de la provincia de Buenos Aires. Este evento tiene como objetivo promover la agroecolog\u00eda y el buen vivir en un marco de debate, reflexi\u00f3n y actividades comunitarias. La convocatoria invita a participar en un [&hellip;]","og_url":"https:\/\/noticiasmercedinas.com\/site\/2024\/11\/17\/encuentro-de-pueblos-fumigados-asamblea-por-la-agroecologia-y-el-buen-vivir-en-vedia\/","og_site_name":"NOTICIASMERCEDINAS.COM","article_publisher":"https:\/\/www.facebook.com\/noticiasmercedinas\/","article_published_time":"2024-11-17T16:08:31+00:00","article_modified_time":"2024-11-17T16:32:03+00:00","og_image":[{"width":880,"height":512,"url":"https:\/\/noticiasmercedinas.com\/site\/wp-content\/uploads\/2024\/11\/20241109180926_encuentro-pueblos-fumigados-vedia.jpg","type":"image\/jpeg"}],"author":"NOTICIASMERCEDINAS.COM","twitter_card":"summary_large_image","twitter_creator":"@notmercedinas","twitter_site":"@notmercedinas","twitter_misc":{"Escrito por":"NOTICIASMERCEDINAS.COM","Tiempo de lectura":"2 minutos"},"schema":{"@context":"https:\/\/schema.org","@graph":[{"@type":"Article","@id":"https:\/\/noticiasmercedinas.com\/site\/2024\/11\/17\/encuentro-de-pueblos-fumigados-asamblea-por-la-agroecologia-y-el-buen-vivir-en-vedia\/#article","isPartOf":{"@id":"https:\/\/noticiasmercedinas.com\/site\/2024\/11\/17\/encuentro-de-pueblos-fumigados-asamblea-por-la-agroecologia-y-el-buen-vivir-en-vedia\/"},"author":{"name":"NOTICIASMERCEDINAS.COM","@id":"https:\/\/noticiasmercedinas.com\/site\/#\/schema\/person\/84b59c099c28ff2e8b77d4ceec5d8063"},"headline":"Encuentro de Pueblos Fumigados: Asamblea por la Agroecolog\u00eda y el Buen Vivir en Vedia","datePublished":"2024-11-17T16:08:31+00:00","dateModified":"2024-11-17T16:32:03+00:00","mainEntityOfPage":{"@id":"https:\/\/noticiasmercedinas.com\/site\/2024\/11\/17\/encuentro-de-pueblos-fumigados-asamblea-por-la-agroecologia-y-el-buen-vivir-en-vedia\/"},"wordCount":424,"publisher":{"@id":"https:\/\/noticiasmercedinas.com\/site\/#organization"},"image":{"@id":"https:\/\/noticiasmercedinas.com\/site\/2024\/11\/17\/encuentro-de-pueblos-fumigados-asamblea-por-la-agroecologia-y-el-buen-vivir-en-vedia\/#primaryimage"},"thumbnailUrl":"https:\/\/noticiasmercedinas.com\/site\/wp-content\/uploads\/2024\/11\/20241109180926_encuentro-pueblos-fumigados-vedia.jpg","keywords":["Encuentro de Pueblos Fumigados","fumigacion","Vedia"],"articleSection":["Ambiente","Provinciales"],"inLanguage":"es"},{"@type":"WebPage","@id":"https:\/\/noticiasmercedinas.com\/site\/2024\/11\/17\/encuentro-de-pueblos-fumigados-asamblea-por-la-agroecologia-y-el-buen-vivir-en-vedia\/","url":"https:\/\/noticiasmercedinas.com\/site\/2024\/11\/17\/encuentro-de-pueblos-fumigados-asamblea-por-la-agroecologia-y-el-buen-vivir-en-vedia\/","name":"Encuentro de Pueblos Fumigados: Asamblea por la Agroecolog\u00eda y el Buen Vivir en Vedia","isPartOf":{"@id":"https:\/\/noticiasmercedinas.com\/site\/#website"},"primaryImageOfPage":{"@id":"https:\/\/noticiasmercedinas.com\/site\/2024\/11\/17\/encuentro-de-pueblos-fumigados-asamblea-por-la-agroecologia-y-el-buen-vivir-en-vedia\/#primaryimage"},"image":{"@id":"https:\/\/noticiasmercedinas.com\/site\/2024\/11\/17\/encuentro-de-pueblos-fumigados-asamblea-por-la-agroecologia-y-el-buen-vivir-en-vedia\/#primaryimage"},"thumbnailUrl":"https:\/\/noticiasmercedinas.com\/site\/wp-content\/uploads\/2024\/11\/20241109180926_encuentro-pueblos-fumigados-vedia.jpg","datePublished":"2024-11-17T16:08:31+00:00","dateModified":"2024-11-17T16:32:03+00:00","breadcrumb":{"@id":"https:\/\/noticiasmercedinas.com\/site\/2024\/11\/17\/encuentro-de-pueblos-fumigados-asamblea-por-la-agroecologia-y-el-buen-vivir-en-vedia\/#breadcrumb"},"inLanguage":"es","potentialAction":[{"@type":"ReadAction","target":["https:\/\/noticiasmercedinas.com\/site\/2024\/11\/17\/encuentro-de-pueblos-fumigados-asamblea-por-la-agroecologia-y-el-buen-vivir-en-vedia\/"]}]},{"@type":"ImageObject","inLanguage":"es","@id":"https:\/\/noticiasmercedinas.com\/site\/2024\/11\/17\/encuentro-de-pueblos-fumigados-asamblea-por-la-agroecologia-y-el-buen-vivir-en-vedia\/#primaryimage","url":"https:\/\/noticiasmercedinas.com\/site\/wp-content\/uploads\/2024\/11\/20241109180926_encuentro-pueblos-fumigados-vedia.jpg","contentUrl":"https:\/\/noticiasmercedinas.com\/site\/wp-content\/uploads\/2024\/11\/20241109180926_encuentro-pueblos-fumigados-vedia.jpg","width":880,"height":512},{"@type":"BreadcrumbList","@id":"https:\/\/noticiasmercedinas.com\/site\/2024\/11\/17\/encuentro-de-pueblos-fumigados-asamblea-por-la-agroecologia-y-el-buen-vivir-en-vedia\/#breadcrumb","itemListElement":[{"@type":"ListItem","position":1,"name":"Portada","item":"https:\/\/noticiasmercedinas.com\/site\/"},{"@type":"ListItem","position":2,"name":"Encuentro de Pueblos Fumigados: Asamblea por la Agroecolog\u00eda y el Buen Vivir en Vedia"}]},{"@type":"WebSite","@id":"https:\/\/noticiasmercedinas.com\/site\/#website","url":"https:\/\/noticiasmercedinas.com\/site\/","name":"NOTICIASMERCEDINAS.COM","description":"Mercedes, Buenos Aires, Argentina","publisher":{"@id":"https:\/\/noticiasmercedinas.com\/site\/#organization"},"potentialAction":[{"@type":"SearchAction","target":{"@type":"EntryPoint","urlTemplate":"https:\/\/noticiasmercedinas.com\/site\/?s={search_term_string}"},"query-input":{"@type":"PropertyValueSpecification","valueRequired":true,"valueName":"search_term_string"}}],"inLanguage":"es"},{"@type":"Organization","@id":"https:\/\/noticiasmercedinas.com\/site\/#organization","name":"NOTICIASMERCEDINAS.COM","url":"https:\/\/noticiasmercedinas.com\/site\/","logo":{"@type":"ImageObject","inLanguage":"es","@id":"https:\/\/noticiasmercedinas.com\/site\/#\/schema\/logo\/image\/","url":"https:\/\/noticiasmercedinas.com\/site\/wp-content\/uploads\/2020\/06\/LOGO-512.jpg","contentUrl":"https:\/\/noticiasmercedinas.com\/site\/wp-content\/uploads\/2020\/06\/LOGO-512.jpg","width":512,"height":512,"caption":"NOTICIASMERCEDINAS.COM"},"image":{"@id":"https:\/\/noticiasmercedinas.com\/site\/#\/schema\/logo\/image\/"},"sameAs":["https:\/\/www.facebook.com\/noticiasmercedinas\/","https:\/\/x.com\/notmercedinas","https:\/\/www.instagram.com\/noticiasmercedinas\/"]},{"@type":"Person","@id":"https:\/\/noticiasmercedinas.com\/site\/#\/schema\/person\/84b59c099c28ff2e8b77d4ceec5d8063","name":"NOTICIASMERCEDINAS.COM","image":{"@type":"ImageObject","inLanguage":"es","@id":"https:\/\/secure.gravatar.com\/avatar\/4dfbf16b4d17945bfb6341b2d19043457132fcf478a5ee04f42e959fd8f5df0a?s=96&d=mm&r=g","url":"https:\/\/secure.gravatar.com\/avatar\/4dfbf16b4d17945bfb6341b2d19043457132fcf478a5ee04f42e959fd8f5df0a?s=96&d=mm&r=g","contentUrl":"https:\/\/secure.gravatar.com\/avatar\/4dfbf16b4d17945bfb6341b2d19043457132fcf478a5ee04f42e959fd8f5df0a?s=96&d=mm&r=g","caption":"NOTICIASMERCEDINAS.COM"},"url":"https:\/\/noticiasmercedinas.com\/site\/author\/anonimo\/"}]}},"amp_enabled":true,"_links":{"self":[{"href":"https:\/\/noticiasmercedinas.com\/site\/wp-json\/wp\/v2\/posts\/148484","targetHints":{"allow":["GET"]}}],"collection":[{"href":"https:\/\/noticiasmercedinas.com\/site\/wp-json\/wp\/v2\/posts"}],"about":[{"href":"https:\/\/noticiasmercedinas.com\/site\/wp-json\/wp\/v2\/types\/post"}],"author":[{"embeddable":true,"href":"https:\/\/noticiasmercedinas.com\/site\/wp-json\/wp\/v2\/users\/16"}],"replies":[{"embeddable":true,"href":"https:\/\/noticiasmercedinas.com\/site\/wp-json\/wp\/v2\/comments?post=148484"}],"version-history":[{"count":4,"href":"https:\/\/noticiasmercedinas.com\/site\/wp-json\/wp\/v2\/posts\/148484\/revisions"}],"predecessor-version":[{"id":148489,"href":"https:\/\/noticiasmercedinas.com\/site\/wp-json\/wp\/v2\/posts\/148484\/revisions\/148489"}],"wp:featuredmedia":[{"embeddable":true,"href":"https:\/\/noticiasmercedinas.com\/site\/wp-json\/wp\/v2\/media\/148486"}],"wp:attachment":[{"href":"https:\/\/noticiasmercedinas.com\/site\/wp-json\/wp\/v2\/media?parent=148484"}],"wp:term":[{"taxonomy":"category","embeddable":true,"href":"https:\/\/noticiasmercedinas.com\/site\/wp-json\/wp\/v2\/categories?post=148484"},{"taxonomy":"post_tag","embeddable":true,"href":"https:\/\/noticiasmercedinas.com\/site\/wp-json\/wp\/v2\/tags?post=148484"}],"curies":[{"name":"wp","href":"https:\/\/api.w.org\/{rel}","templated":true}]}}