{"id":14871,"date":"2019-03-24T21:24:43","date_gmt":"2019-03-25T00:24:43","guid":{"rendered":"https:\/\/noticiasmercedinas.com\/site\/?p=14871"},"modified":"2019-03-24T21:24:43","modified_gmt":"2019-03-25T00:24:43","slug":"circuito-de-tenis-mercedino-ya-tiene-a-sus-semifinalistas","status":"publish","type":"post","link":"https:\/\/noticiasmercedinas.com\/site\/2019\/03\/24\/circuito-de-tenis-mercedino-ya-tiene-a-sus-semifinalistas\/","title":{"rendered":"Circuito de Tenis Mercedino ya tiene a sus semifinalistas"},"content":{"rendered":"<p><img loading=\"lazy\" decoding=\"async\" class=\"alignnone size-full wp-image-14887\" src=\"https:\/\/noticiasmercedinas.com\/site\/wp-content\/uploads\/2019\/03\/54516938_10215965507544123_3372537324456902656_n.jpg\" alt=\"\" width=\"640\" height=\"378\" srcset=\"https:\/\/noticiasmercedinas.com\/site\/wp-content\/uploads\/2019\/03\/54516938_10215965507544123_3372537324456902656_n.jpg 640w, https:\/\/noticiasmercedinas.com\/site\/wp-content\/uploads\/2019\/03\/54516938_10215965507544123_3372537324456902656_n-300x177.jpg 300w\" sizes=\"auto, (max-width: 640px) 100vw, 640px\" \/><\/p>\n<p>Este domingo se definieron, tras los respectivos cotejos, los semifinalistas en todas las categor\u00edas del Circuito de Tenis Mercedino, por lo que tras interesantes partidos en un muy disputado certamen en las canchas del Club Mercedes, se comienza a transitar la etapa de definiciones en la A, la intermedia y la B.<\/p>\n<p>En categor\u00eda B Gustavo Anovelli (tras vencer a Martin Ocampo) enfrentar\u00e1 a Daniel Schenone (que venci\u00f3 a Esteban Doratti) en un lado de la llave, mientras que en el otra lado del cuadro Santiago Brandoni (que derrot\u00f3 a Oscar Coronel) se encontrar\u00e1 con Manuel Rodr\u00edguez (vencedor de Fabio Lettieri en cuartos). De los cuatro mencionados saldr\u00e1 el campe\u00f3n en esta categor\u00eda que registr\u00f3 12 inscriptos.<\/p>\n<p>En tanto, en la competitiva Intermedia una de las semifinales ser\u00e1 entre Juan Santos (derrot\u00f3 a Luis Vivas, Ricardo Iribarne y Sergio Perez, sucesivamente) y Walter Perruelo (que venci\u00f3 a Maximo Cazenave, Juan Barconte y Pablo Villareal). La otra semi se jugar\u00e1 entre Hugo Pescio (le gan\u00f3 a Jaun Carlos Almada, Manuel Risso y Nestor Suarez) y Juan Mazzola (que derrot\u00f3 a Benjam\u00edn Hassan, Pedro Blanco y Lucas Montoya). En esta categor\u00eda hubo 36 jugadores inscriptos.<\/p>\n<p>Por \u00faltimo, en la Categor\u00eda A, que tuvo 27 tenistas que fueron de la partida, los duelos en semifinales ser\u00e1n entre Augusto Rodr\u00edguez (super\u00f3 a Luis Bonamino y Tomas Russi) y Pablo Rodr\u00edguez (le gan\u00f3 a Sebasti\u00e1n Caberzacio y Javier Barandiar\u00e1n) y entre Ivan Marquez (venci\u00f3 a Lucas Latorre y Mart\u00edn Falabella) y El\u00edas Karp (que le gan\u00f3 a Germ\u00e1n Santos y a Juan Matthys).<\/p>\n<p>M\u00e1s que atrapante resulta este torneo para los aficionados a este deporte y la conclusi\u00f3n del mismo se dar\u00e1 seguramente el fin de semana pr\u00f3ximo.<\/p>\n","protected":false},"excerpt":{"rendered":"<p>Este domingo se definieron, tras los respectivos cotejos, los semifinalistas en todas las categor\u00edas del Circuito de Tenis Mercedino, por lo que tras interesantes partidos en un muy disputado certamen en las canchas del Club Mercedes, se comienza a transitar la etapa de definiciones en la A, la intermedia y la B. En categor\u00eda B [&hellip;]<\/p>\n","protected":false},"author":2,"featured_media":14887,"comment_status":"open","ping_status":"open","sticky":false,"template":"","format":"standard","meta":{"footnotes":""},"categories":[5],"tags":[3903,135,133],"class_list":["post-14871","post","type-post","status-publish","format-standard","has-post-thumbnail","hentry","category-deportes","tag-circuito-de-tenis","tag-club-mercedes","tag-tenis"],"yoast_head":"<!-- This site is optimized with the Yoast SEO plugin v27.4 - https:\/\/yoast.com\/product\/yoast-seo-wordpress\/ -->\n<title>Circuito de Tenis Mercedino ya tiene a sus semifinalistas<\/title>\n<meta name=\"robots\" content=\"index, follow, max-snippet:-1, max-image-preview:large, max-video-preview:-1\" \/>\n<link rel=\"canonical\" href=\"https:\/\/noticiasmercedinas.com\/site\/2019\/03\/24\/circuito-de-tenis-mercedino-ya-tiene-a-sus-semifinalistas\/\" \/>\n<meta property=\"og:locale\" content=\"es_ES\" \/>\n<meta property=\"og:type\" content=\"article\" \/>\n<meta property=\"og:title\" content=\"Circuito de Tenis Mercedino ya tiene a sus semifinalistas\" \/>\n<meta property=\"og:description\" content=\"Este domingo se definieron, tras los respectivos cotejos, los semifinalistas en todas las categor\u00edas del Circuito de Tenis Mercedino, por lo que tras interesantes partidos en un muy disputado certamen en las canchas del Club Mercedes, se comienza a transitar la etapa de definiciones en la A, la intermedia y la B. En categor\u00eda B [&hellip;]\" \/>\n<meta property=\"og:url\" content=\"https:\/\/noticiasmercedinas.com\/site\/2019\/03\/24\/circuito-de-tenis-mercedino-ya-tiene-a-sus-semifinalistas\/\" \/>\n<meta property=\"og:site_name\" content=\"NOTICIASMERCEDINAS.COM\" \/>\n<meta property=\"article:publisher\" content=\"https:\/\/www.facebook.com\/noticiasmercedinas\/\" \/>\n<meta property=\"article:author\" content=\"https:\/\/www.facebook.com\/cristian.falabella\" \/>\n<meta property=\"article:published_time\" content=\"2019-03-25T00:24:43+00:00\" \/>\n<meta property=\"og:image\" content=\"https:\/\/noticiasmercedinas.com\/site\/wp-content\/uploads\/2019\/03\/54516938_10215965507544123_3372537324456902656_n.jpg\" \/>\n\t<meta property=\"og:image:width\" content=\"640\" \/>\n\t<meta property=\"og:image:height\" content=\"378\" \/>\n\t<meta property=\"og:image:type\" content=\"image\/jpeg\" \/>\n<meta name=\"author\" content=\"Cristian Falabella NOTICIASMERCEDINAS.COM\" \/>\n<meta name=\"twitter:card\" content=\"summary_large_image\" \/>\n<meta name=\"twitter:creator\" content=\"@https:\/\/twitter.com\/NOTMERCEDINAS\" \/>\n<meta name=\"twitter:site\" content=\"@notmercedinas\" \/>\n<meta name=\"twitter:label1\" content=\"Escrito por\" \/>\n\t<meta name=\"twitter:data1\" content=\"Cristian Falabella NOTICIASMERCEDINAS.COM\" \/>\n\t<meta name=\"twitter:label2\" content=\"Tiempo de lectura\" \/>\n\t<meta name=\"twitter:data2\" content=\"1 minuto\" \/>\n<script type=\"application\/ld+json\" class=\"yoast-schema-graph\">{\"@context\":\"https:\\\/\\\/schema.org\",\"@graph\":[{\"@type\":\"Article\",\"@id\":\"https:\\\/\\\/noticiasmercedinas.com\\\/site\\\/2019\\\/03\\\/24\\\/circuito-de-tenis-mercedino-ya-tiene-a-sus-semifinalistas\\\/#article\",\"isPartOf\":{\"@id\":\"https:\\\/\\\/noticiasmercedinas.com\\\/site\\\/2019\\\/03\\\/24\\\/circuito-de-tenis-mercedino-ya-tiene-a-sus-semifinalistas\\\/\"},\"author\":{\"name\":\"Cristian Falabella NOTICIASMERCEDINAS.COM\",\"@id\":\"https:\\\/\\\/noticiasmercedinas.com\\\/site\\\/#\\\/schema\\\/person\\\/d481a9696a5feaec13a60e2bbd991a6a\"},\"headline\":\"Circuito de Tenis Mercedino ya tiene a sus semifinalistas\",\"datePublished\":\"2019-03-25T00:24:43+00:00\",\"mainEntityOfPage\":{\"@id\":\"https:\\\/\\\/noticiasmercedinas.com\\\/site\\\/2019\\\/03\\\/24\\\/circuito-de-tenis-mercedino-ya-tiene-a-sus-semifinalistas\\\/\"},\"wordCount\":308,\"commentCount\":0,\"publisher\":{\"@id\":\"https:\\\/\\\/noticiasmercedinas.com\\\/site\\\/#organization\"},\"image\":{\"@id\":\"https:\\\/\\\/noticiasmercedinas.com\\\/site\\\/2019\\\/03\\\/24\\\/circuito-de-tenis-mercedino-ya-tiene-a-sus-semifinalistas\\\/#primaryimage\"},\"thumbnailUrl\":\"https:\\\/\\\/noticiasmercedinas.com\\\/site\\\/wp-content\\\/uploads\\\/2019\\\/03\\\/54516938_10215965507544123_3372537324456902656_n.jpg\",\"keywords\":[\"circuito de tenis\",\"club mercedes\",\"tenis\"],\"articleSection\":[\"Deportes\"],\"inLanguage\":\"es\",\"potentialAction\":[{\"@type\":\"CommentAction\",\"name\":\"Comment\",\"target\":[\"https:\\\/\\\/noticiasmercedinas.com\\\/site\\\/2019\\\/03\\\/24\\\/circuito-de-tenis-mercedino-ya-tiene-a-sus-semifinalistas\\\/#respond\"]}]},{\"@type\":\"WebPage\",\"@id\":\"https:\\\/\\\/noticiasmercedinas.com\\\/site\\\/2019\\\/03\\\/24\\\/circuito-de-tenis-mercedino-ya-tiene-a-sus-semifinalistas\\\/\",\"url\":\"https:\\\/\\\/noticiasmercedinas.com\\\/site\\\/2019\\\/03\\\/24\\\/circuito-de-tenis-mercedino-ya-tiene-a-sus-semifinalistas\\\/\",\"name\":\"Circuito de Tenis Mercedino ya tiene a sus semifinalistas\",\"isPartOf\":{\"@id\":\"https:\\\/\\\/noticiasmercedinas.com\\\/site\\\/#website\"},\"primaryImageOfPage\":{\"@id\":\"https:\\\/\\\/noticiasmercedinas.com\\\/site\\\/2019\\\/03\\\/24\\\/circuito-de-tenis-mercedino-ya-tiene-a-sus-semifinalistas\\\/#primaryimage\"},\"image\":{\"@id\":\"https:\\\/\\\/noticiasmercedinas.com\\\/site\\\/2019\\\/03\\\/24\\\/circuito-de-tenis-mercedino-ya-tiene-a-sus-semifinalistas\\\/#primaryimage\"},\"thumbnailUrl\":\"https:\\\/\\\/noticiasmercedinas.com\\\/site\\\/wp-content\\\/uploads\\\/2019\\\/03\\\/54516938_10215965507544123_3372537324456902656_n.jpg\",\"datePublished\":\"2019-03-25T00:24:43+00:00\",\"breadcrumb\":{\"@id\":\"https:\\\/\\\/noticiasmercedinas.com\\\/site\\\/2019\\\/03\\\/24\\\/circuito-de-tenis-mercedino-ya-tiene-a-sus-semifinalistas\\\/#breadcrumb\"},\"inLanguage\":\"es\",\"potentialAction\":[{\"@type\":\"ReadAction\",\"target\":[\"https:\\\/\\\/noticiasmercedinas.com\\\/site\\\/2019\\\/03\\\/24\\\/circuito-de-tenis-mercedino-ya-tiene-a-sus-semifinalistas\\\/\"]}]},{\"@type\":\"ImageObject\",\"inLanguage\":\"es\",\"@id\":\"https:\\\/\\\/noticiasmercedinas.com\\\/site\\\/2019\\\/03\\\/24\\\/circuito-de-tenis-mercedino-ya-tiene-a-sus-semifinalistas\\\/#primaryimage\",\"url\":\"https:\\\/\\\/noticiasmercedinas.com\\\/site\\\/wp-content\\\/uploads\\\/2019\\\/03\\\/54516938_10215965507544123_3372537324456902656_n.jpg\",\"contentUrl\":\"https:\\\/\\\/noticiasmercedinas.com\\\/site\\\/wp-content\\\/uploads\\\/2019\\\/03\\\/54516938_10215965507544123_3372537324456902656_n.jpg\",\"width\":640,\"height\":378},{\"@type\":\"BreadcrumbList\",\"@id\":\"https:\\\/\\\/noticiasmercedinas.com\\\/site\\\/2019\\\/03\\\/24\\\/circuito-de-tenis-mercedino-ya-tiene-a-sus-semifinalistas\\\/#breadcrumb\",\"itemListElement\":[{\"@type\":\"ListItem\",\"position\":1,\"name\":\"Portada\",\"item\":\"https:\\\/\\\/noticiasmercedinas.com\\\/site\\\/\"},{\"@type\":\"ListItem\",\"position\":2,\"name\":\"Circuito de Tenis Mercedino ya tiene a sus semifinalistas\"}]},{\"@type\":\"WebSite\",\"@id\":\"https:\\\/\\\/noticiasmercedinas.com\\\/site\\\/#website\",\"url\":\"https:\\\/\\\/noticiasmercedinas.com\\\/site\\\/\",\"name\":\"NOTICIASMERCEDINAS.COM\",\"description\":\"Mercedes, Buenos Aires, Argentina\",\"publisher\":{\"@id\":\"https:\\\/\\\/noticiasmercedinas.com\\\/site\\\/#organization\"},\"potentialAction\":[{\"@type\":\"SearchAction\",\"target\":{\"@type\":\"EntryPoint\",\"urlTemplate\":\"https:\\\/\\\/noticiasmercedinas.com\\\/site\\\/?s={search_term_string}\"},\"query-input\":{\"@type\":\"PropertyValueSpecification\",\"valueRequired\":true,\"valueName\":\"search_term_string\"}}],\"inLanguage\":\"es\"},{\"@type\":\"Organization\",\"@id\":\"https:\\\/\\\/noticiasmercedinas.com\\\/site\\\/#organization\",\"name\":\"NOTICIASMERCEDINAS.COM\",\"url\":\"https:\\\/\\\/noticiasmercedinas.com\\\/site\\\/\",\"logo\":{\"@type\":\"ImageObject\",\"inLanguage\":\"es\",\"@id\":\"https:\\\/\\\/noticiasmercedinas.com\\\/site\\\/#\\\/schema\\\/logo\\\/image\\\/\",\"url\":\"https:\\\/\\\/noticiasmercedinas.com\\\/site\\\/wp-content\\\/uploads\\\/2020\\\/06\\\/LOGO-512.jpg\",\"contentUrl\":\"https:\\\/\\\/noticiasmercedinas.com\\\/site\\\/wp-content\\\/uploads\\\/2020\\\/06\\\/LOGO-512.jpg\",\"width\":512,\"height\":512,\"caption\":\"NOTICIASMERCEDINAS.COM\"},\"image\":{\"@id\":\"https:\\\/\\\/noticiasmercedinas.com\\\/site\\\/#\\\/schema\\\/logo\\\/image\\\/\"},\"sameAs\":[\"https:\\\/\\\/www.facebook.com\\\/noticiasmercedinas\\\/\",\"https:\\\/\\\/x.com\\\/notmercedinas\",\"https:\\\/\\\/www.instagram.com\\\/noticiasmercedinas\\\/\"]},{\"@type\":\"Person\",\"@id\":\"https:\\\/\\\/noticiasmercedinas.com\\\/site\\\/#\\\/schema\\\/person\\\/d481a9696a5feaec13a60e2bbd991a6a\",\"name\":\"Cristian Falabella NOTICIASMERCEDINAS.COM\",\"image\":{\"@type\":\"ImageObject\",\"inLanguage\":\"es\",\"@id\":\"https:\\\/\\\/secure.gravatar.com\\\/avatar\\\/0dbbfc45970cc46bcd0e57766228574ff3511d6eed045b182f536f0f478c1f06?s=96&d=mm&r=g\",\"url\":\"https:\\\/\\\/secure.gravatar.com\\\/avatar\\\/0dbbfc45970cc46bcd0e57766228574ff3511d6eed045b182f536f0f478c1f06?s=96&d=mm&r=g\",\"contentUrl\":\"https:\\\/\\\/secure.gravatar.com\\\/avatar\\\/0dbbfc45970cc46bcd0e57766228574ff3511d6eed045b182f536f0f478c1f06?s=96&d=mm&r=g\",\"caption\":\"Cristian Falabella NOTICIASMERCEDINAS.COM\"},\"description\":\"Periodista, editor de Noticias Mercedinas. Pas\u00f3 por varias redacciones y emprendimientos de prensa, en distintos formatos y \u00e9pocas. Se especializ\u00f3 --y sigue haci\u00e9ndolo-- en comunicaci\u00f3n en la web y en junio de 2006 fund\u00f3 este diario digital.\",\"sameAs\":[\"https:\\\/\\\/noticiasmercedinas.com\",\"https:\\\/\\\/www.facebook.com\\\/cristian.falabella\",\"https:\\\/\\\/www.instagram.com\\\/noticiasmercedinas\\\/\",\"https:\\\/\\\/x.com\\\/https:\\\/\\\/twitter.com\\\/NOTMERCEDINAS\"],\"url\":\"https:\\\/\\\/noticiasmercedinas.com\\\/site\\\/author\\\/as000384\\\/\"}]}<\/script>\n<!-- \/ Yoast SEO plugin. -->","yoast_head_json":{"title":"Circuito de Tenis Mercedino ya tiene a sus semifinalistas","robots":{"index":"index","follow":"follow","max-snippet":"max-snippet:-1","max-image-preview":"max-image-preview:large","max-video-preview":"max-video-preview:-1"},"canonical":"https:\/\/noticiasmercedinas.com\/site\/2019\/03\/24\/circuito-de-tenis-mercedino-ya-tiene-a-sus-semifinalistas\/","og_locale":"es_ES","og_type":"article","og_title":"Circuito de Tenis Mercedino ya tiene a sus semifinalistas","og_description":"Este domingo se definieron, tras los respectivos cotejos, los semifinalistas en todas las categor\u00edas del Circuito de Tenis Mercedino, por lo que tras interesantes partidos en un muy disputado certamen en las canchas del Club Mercedes, se comienza a transitar la etapa de definiciones en la A, la intermedia y la B. En categor\u00eda B [&hellip;]","og_url":"https:\/\/noticiasmercedinas.com\/site\/2019\/03\/24\/circuito-de-tenis-mercedino-ya-tiene-a-sus-semifinalistas\/","og_site_name":"NOTICIASMERCEDINAS.COM","article_publisher":"https:\/\/www.facebook.com\/noticiasmercedinas\/","article_author":"https:\/\/www.facebook.com\/cristian.falabella","article_published_time":"2019-03-25T00:24:43+00:00","og_image":[{"width":640,"height":378,"url":"https:\/\/noticiasmercedinas.com\/site\/wp-content\/uploads\/2019\/03\/54516938_10215965507544123_3372537324456902656_n.jpg","type":"image\/jpeg"}],"author":"Cristian Falabella NOTICIASMERCEDINAS.COM","twitter_card":"summary_large_image","twitter_creator":"@https:\/\/twitter.com\/NOTMERCEDINAS","twitter_site":"@notmercedinas","twitter_misc":{"Escrito por":"Cristian Falabella NOTICIASMERCEDINAS.COM","Tiempo de lectura":"1 minuto"},"schema":{"@context":"https:\/\/schema.org","@graph":[{"@type":"Article","@id":"https:\/\/noticiasmercedinas.com\/site\/2019\/03\/24\/circuito-de-tenis-mercedino-ya-tiene-a-sus-semifinalistas\/#article","isPartOf":{"@id":"https:\/\/noticiasmercedinas.com\/site\/2019\/03\/24\/circuito-de-tenis-mercedino-ya-tiene-a-sus-semifinalistas\/"},"author":{"name":"Cristian Falabella NOTICIASMERCEDINAS.COM","@id":"https:\/\/noticiasmercedinas.com\/site\/#\/schema\/person\/d481a9696a5feaec13a60e2bbd991a6a"},"headline":"Circuito de Tenis Mercedino ya tiene a sus semifinalistas","datePublished":"2019-03-25T00:24:43+00:00","mainEntityOfPage":{"@id":"https:\/\/noticiasmercedinas.com\/site\/2019\/03\/24\/circuito-de-tenis-mercedino-ya-tiene-a-sus-semifinalistas\/"},"wordCount":308,"commentCount":0,"publisher":{"@id":"https:\/\/noticiasmercedinas.com\/site\/#organization"},"image":{"@id":"https:\/\/noticiasmercedinas.com\/site\/2019\/03\/24\/circuito-de-tenis-mercedino-ya-tiene-a-sus-semifinalistas\/#primaryimage"},"thumbnailUrl":"https:\/\/noticiasmercedinas.com\/site\/wp-content\/uploads\/2019\/03\/54516938_10215965507544123_3372537324456902656_n.jpg","keywords":["circuito de tenis","club mercedes","tenis"],"articleSection":["Deportes"],"inLanguage":"es","potentialAction":[{"@type":"CommentAction","name":"Comment","target":["https:\/\/noticiasmercedinas.com\/site\/2019\/03\/24\/circuito-de-tenis-mercedino-ya-tiene-a-sus-semifinalistas\/#respond"]}]},{"@type":"WebPage","@id":"https:\/\/noticiasmercedinas.com\/site\/2019\/03\/24\/circuito-de-tenis-mercedino-ya-tiene-a-sus-semifinalistas\/","url":"https:\/\/noticiasmercedinas.com\/site\/2019\/03\/24\/circuito-de-tenis-mercedino-ya-tiene-a-sus-semifinalistas\/","name":"Circuito de Tenis Mercedino ya tiene a sus semifinalistas","isPartOf":{"@id":"https:\/\/noticiasmercedinas.com\/site\/#website"},"primaryImageOfPage":{"@id":"https:\/\/noticiasmercedinas.com\/site\/2019\/03\/24\/circuito-de-tenis-mercedino-ya-tiene-a-sus-semifinalistas\/#primaryimage"},"image":{"@id":"https:\/\/noticiasmercedinas.com\/site\/2019\/03\/24\/circuito-de-tenis-mercedino-ya-tiene-a-sus-semifinalistas\/#primaryimage"},"thumbnailUrl":"https:\/\/noticiasmercedinas.com\/site\/wp-content\/uploads\/2019\/03\/54516938_10215965507544123_3372537324456902656_n.jpg","datePublished":"2019-03-25T00:24:43+00:00","breadcrumb":{"@id":"https:\/\/noticiasmercedinas.com\/site\/2019\/03\/24\/circuito-de-tenis-mercedino-ya-tiene-a-sus-semifinalistas\/#breadcrumb"},"inLanguage":"es","potentialAction":[{"@type":"ReadAction","target":["https:\/\/noticiasmercedinas.com\/site\/2019\/03\/24\/circuito-de-tenis-mercedino-ya-tiene-a-sus-semifinalistas\/"]}]},{"@type":"ImageObject","inLanguage":"es","@id":"https:\/\/noticiasmercedinas.com\/site\/2019\/03\/24\/circuito-de-tenis-mercedino-ya-tiene-a-sus-semifinalistas\/#primaryimage","url":"https:\/\/noticiasmercedinas.com\/site\/wp-content\/uploads\/2019\/03\/54516938_10215965507544123_3372537324456902656_n.jpg","contentUrl":"https:\/\/noticiasmercedinas.com\/site\/wp-content\/uploads\/2019\/03\/54516938_10215965507544123_3372537324456902656_n.jpg","width":640,"height":378},{"@type":"BreadcrumbList","@id":"https:\/\/noticiasmercedinas.com\/site\/2019\/03\/24\/circuito-de-tenis-mercedino-ya-tiene-a-sus-semifinalistas\/#breadcrumb","itemListElement":[{"@type":"ListItem","position":1,"name":"Portada","item":"https:\/\/noticiasmercedinas.com\/site\/"},{"@type":"ListItem","position":2,"name":"Circuito de Tenis Mercedino ya tiene a sus semifinalistas"}]},{"@type":"WebSite","@id":"https:\/\/noticiasmercedinas.com\/site\/#website","url":"https:\/\/noticiasmercedinas.com\/site\/","name":"NOTICIASMERCEDINAS.COM","description":"Mercedes, Buenos Aires, Argentina","publisher":{"@id":"https:\/\/noticiasmercedinas.com\/site\/#organization"},"potentialAction":[{"@type":"SearchAction","target":{"@type":"EntryPoint","urlTemplate":"https:\/\/noticiasmercedinas.com\/site\/?s={search_term_string}"},"query-input":{"@type":"PropertyValueSpecification","valueRequired":true,"valueName":"search_term_string"}}],"inLanguage":"es"},{"@type":"Organization","@id":"https:\/\/noticiasmercedinas.com\/site\/#organization","name":"NOTICIASMERCEDINAS.COM","url":"https:\/\/noticiasmercedinas.com\/site\/","logo":{"@type":"ImageObject","inLanguage":"es","@id":"https:\/\/noticiasmercedinas.com\/site\/#\/schema\/logo\/image\/","url":"https:\/\/noticiasmercedinas.com\/site\/wp-content\/uploads\/2020\/06\/LOGO-512.jpg","contentUrl":"https:\/\/noticiasmercedinas.com\/site\/wp-content\/uploads\/2020\/06\/LOGO-512.jpg","width":512,"height":512,"caption":"NOTICIASMERCEDINAS.COM"},"image":{"@id":"https:\/\/noticiasmercedinas.com\/site\/#\/schema\/logo\/image\/"},"sameAs":["https:\/\/www.facebook.com\/noticiasmercedinas\/","https:\/\/x.com\/notmercedinas","https:\/\/www.instagram.com\/noticiasmercedinas\/"]},{"@type":"Person","@id":"https:\/\/noticiasmercedinas.com\/site\/#\/schema\/person\/d481a9696a5feaec13a60e2bbd991a6a","name":"Cristian Falabella NOTICIASMERCEDINAS.COM","image":{"@type":"ImageObject","inLanguage":"es","@id":"https:\/\/secure.gravatar.com\/avatar\/0dbbfc45970cc46bcd0e57766228574ff3511d6eed045b182f536f0f478c1f06?s=96&d=mm&r=g","url":"https:\/\/secure.gravatar.com\/avatar\/0dbbfc45970cc46bcd0e57766228574ff3511d6eed045b182f536f0f478c1f06?s=96&d=mm&r=g","contentUrl":"https:\/\/secure.gravatar.com\/avatar\/0dbbfc45970cc46bcd0e57766228574ff3511d6eed045b182f536f0f478c1f06?s=96&d=mm&r=g","caption":"Cristian Falabella NOTICIASMERCEDINAS.COM"},"description":"Periodista, editor de Noticias Mercedinas. Pas\u00f3 por varias redacciones y emprendimientos de prensa, en distintos formatos y \u00e9pocas. Se especializ\u00f3 --y sigue haci\u00e9ndolo-- en comunicaci\u00f3n en la web y en junio de 2006 fund\u00f3 este diario digital.","sameAs":["https:\/\/noticiasmercedinas.com","https:\/\/www.facebook.com\/cristian.falabella","https:\/\/www.instagram.com\/noticiasmercedinas\/","https:\/\/x.com\/https:\/\/twitter.com\/NOTMERCEDINAS"],"url":"https:\/\/noticiasmercedinas.com\/site\/author\/as000384\/"}]}},"amp_enabled":true,"_links":{"self":[{"href":"https:\/\/noticiasmercedinas.com\/site\/wp-json\/wp\/v2\/posts\/14871","targetHints":{"allow":["GET"]}}],"collection":[{"href":"https:\/\/noticiasmercedinas.com\/site\/wp-json\/wp\/v2\/posts"}],"about":[{"href":"https:\/\/noticiasmercedinas.com\/site\/wp-json\/wp\/v2\/types\/post"}],"author":[{"embeddable":true,"href":"https:\/\/noticiasmercedinas.com\/site\/wp-json\/wp\/v2\/users\/2"}],"replies":[{"embeddable":true,"href":"https:\/\/noticiasmercedinas.com\/site\/wp-json\/wp\/v2\/comments?post=14871"}],"version-history":[{"count":1,"href":"https:\/\/noticiasmercedinas.com\/site\/wp-json\/wp\/v2\/posts\/14871\/revisions"}],"predecessor-version":[{"id":14889,"href":"https:\/\/noticiasmercedinas.com\/site\/wp-json\/wp\/v2\/posts\/14871\/revisions\/14889"}],"wp:featuredmedia":[{"embeddable":true,"href":"https:\/\/noticiasmercedinas.com\/site\/wp-json\/wp\/v2\/media\/14887"}],"wp:attachment":[{"href":"https:\/\/noticiasmercedinas.com\/site\/wp-json\/wp\/v2\/media?parent=14871"}],"wp:term":[{"taxonomy":"category","embeddable":true,"href":"https:\/\/noticiasmercedinas.com\/site\/wp-json\/wp\/v2\/categories?post=14871"},{"taxonomy":"post_tag","embeddable":true,"href":"https:\/\/noticiasmercedinas.com\/site\/wp-json\/wp\/v2\/tags?post=14871"}],"curies":[{"name":"wp","href":"https:\/\/api.w.org\/{rel}","templated":true}]}}