{"id":148712,"date":"2024-11-20T16:56:05","date_gmt":"2024-11-20T19:56:05","guid":{"rendered":"https:\/\/noticiasmercedinas.com\/site\/?p=148712"},"modified":"2024-11-20T16:56:05","modified_gmt":"2024-11-20T19:56:05","slug":"natalia-facciolo-celebra-su-enriquecedor-viaje-de-capacitacion-en-china","status":"publish","type":"post","link":"https:\/\/noticiasmercedinas.com\/site\/2024\/11\/20\/natalia-facciolo-celebra-su-enriquecedor-viaje-de-capacitacion-en-china\/","title":{"rendered":"Natalia Facciolo celebra su enriquecedor viaje de capacitaci\u00f3n en China"},"content":{"rendered":"<p><img loading=\"lazy\" decoding=\"async\" class=\"alignnone size-full wp-image-148713\" src=\"https:\/\/noticiasmercedinas.com\/site\/wp-content\/uploads\/2024\/11\/NAFA2.jpg\" alt=\"\" width=\"833\" height=\"729\" srcset=\"https:\/\/noticiasmercedinas.com\/site\/wp-content\/uploads\/2024\/11\/NAFA2.jpg 833w, https:\/\/noticiasmercedinas.com\/site\/wp-content\/uploads\/2024\/11\/NAFA2-300x263.jpg 300w, https:\/\/noticiasmercedinas.com\/site\/wp-content\/uploads\/2024\/11\/NAFA2-768x672.jpg 768w, https:\/\/noticiasmercedinas.com\/site\/wp-content\/uploads\/2024\/11\/NAFA2-640x560.jpg 640w, https:\/\/noticiasmercedinas.com\/site\/wp-content\/uploads\/2024\/11\/NAFA2-681x596.jpg 681w\" sizes=\"auto, (max-width: 833px) 100vw, 833px\" \/><\/p>\n<p>La empresaria mercedina <strong>Natalia Facciolo<\/strong>, fundadora de LUDMARC y presidenta de Mujeres Empresarias de la Federaci\u00f3n Econ\u00f3mica de la Provincia de Buenos Aires (MEFEBA), comparti\u00f3 su experiencia de viaje en el marco de un exclusivo programa de capacitaci\u00f3n en comercio electr\u00f3nico y econom\u00eda digital en China. Este encuentro fue organizado por el Ministerio de Comercio de China en colaboraci\u00f3n con eTrade for Women y la Academia para Oficiales de Negocios Internacionales de China (AIBO).<\/p>\n<p>Facciolo fue la \u00fanica representante argentina entre las 35 participantes provenientes de Asia, \u00c1frica y Am\u00e9rica Latina. Durante dos semanas, recorri\u00f3 Beijing y Shangh\u00e1i, sumergi\u00e9ndose en el din\u00e1mico ecosistema digital chino a trav\u00e9s de talleres, visitas a empresas tecnol\u00f3gicas, exposiciones y reuniones estrat\u00e9gicas con l\u00edderes empresariales y pol\u00edticos.<\/p>\n<p>\u201cLa experiencia fue transformadora. Pude adquirir conocimientos y explorar enfoques innovadores que planeo aplicar en LUDMARC y compartir con la comunidad de mujeres emprendedoras que integro\u201d, expres\u00f3. Adem\u00e1s, destac\u00f3 el valor de las conexiones generadas con empresarias de otros pa\u00edses y sectores. \u201cEs mi anhelo seguir trabajando en sinergia con ellas, fortaleciendo nuestros negocios y comunidades\u201d, agreg\u00f3.<\/p>\n<p>El programa incluy\u00f3 la asistencia a la China International Import Expo (CIIE), uno de los eventos m\u00e1s relevantes del sector, donde Facciolo pudo intercambiar ideas con figuras clave del comercio global. Tambi\u00e9n particip\u00f3 en charlas sobre liderazgo, sostenibilidad y equidad de g\u00e9nero.<\/p>\n<p>Facciolo agradeci\u00f3 a su equipo de LUDMARC, a su familia y a quienes la acompa\u00f1aron en este recorrido. \u201cEsto es un antes y un despu\u00e9s para mi negocio y mi desarrollo personal. Es un reconocimiento al trabajo que hacemos en LUDMARC por la innovaci\u00f3n, la sostenibilidad y la transformaci\u00f3n digital\u201d, afirm\u00f3.<\/p>\n<p>LUDMARC, empresa fundada en 2018 en Mercedes, se ha consolidado como referente en soluciones de comercio electr\u00f3nico, con un marcado crecimiento durante la pandemia. Facciolo proyecta que esta capacitaci\u00f3n le permitir\u00e1 impulsar a\u00fan m\u00e1s su impacto en el mercado digital y en la comunidad local.<\/p>\n<p><img loading=\"lazy\" decoding=\"async\" class=\"alignnone size-full wp-image-148714\" src=\"https:\/\/noticiasmercedinas.com\/site\/wp-content\/uploads\/2024\/11\/NAFA1.jpg\" alt=\"\" width=\"640\" height=\"656\" srcset=\"https:\/\/noticiasmercedinas.com\/site\/wp-content\/uploads\/2024\/11\/NAFA1.jpg 640w, https:\/\/noticiasmercedinas.com\/site\/wp-content\/uploads\/2024\/11\/NAFA1-293x300.jpg 293w\" sizes=\"auto, (max-width: 640px) 100vw, 640px\" \/><\/p>\n","protected":false},"excerpt":{"rendered":"<p>La empresaria mercedina Natalia Facciolo, fundadora de LUDMARC y presidenta de Mujeres Empresarias de la Federaci\u00f3n Econ\u00f3mica de la Provincia de Buenos Aires (MEFEBA), comparti\u00f3 su experiencia de viaje en el marco de un exclusivo programa de capacitaci\u00f3n en comercio electr\u00f3nico y econom\u00eda digital en China. Este encuentro fue organizado por el Ministerio de Comercio [&hellip;]<\/p>\n","protected":false},"author":16,"featured_media":148713,"comment_status":"closed","ping_status":"closed","sticky":false,"template":"","format":"standard","meta":{"footnotes":""},"categories":[74],"tags":[7809,18879,4043],"class_list":["post-148712","post","type-post","status-publish","format-standard","has-post-thumbnail","hentry","category-emprendimientos","tag-china","tag-ludamarc","tag-natalia-facciolo"],"yoast_head":"<!-- This site is optimized with the Yoast SEO plugin v27.5 - https:\/\/yoast.com\/product\/yoast-seo-wordpress\/ -->\n<title>Natalia Facciolo celebra su enriquecedor viaje de capacitaci\u00f3n en China<\/title>\n<meta name=\"robots\" content=\"index, follow, max-snippet:-1, max-image-preview:large, max-video-preview:-1\" \/>\n<link rel=\"canonical\" href=\"https:\/\/noticiasmercedinas.com\/site\/2024\/11\/20\/natalia-facciolo-celebra-su-enriquecedor-viaje-de-capacitacion-en-china\/\" \/>\n<meta property=\"og:locale\" content=\"es_ES\" \/>\n<meta property=\"og:type\" content=\"article\" \/>\n<meta property=\"og:title\" content=\"Natalia Facciolo celebra su enriquecedor viaje de capacitaci\u00f3n en China\" \/>\n<meta property=\"og:description\" content=\"La empresaria mercedina Natalia Facciolo, fundadora de LUDMARC y presidenta de Mujeres Empresarias de la Federaci\u00f3n Econ\u00f3mica de la Provincia de Buenos Aires (MEFEBA), comparti\u00f3 su experiencia de viaje en el marco de un exclusivo programa de capacitaci\u00f3n en comercio electr\u00f3nico y econom\u00eda digital en China. Este encuentro fue organizado por el Ministerio de Comercio [&hellip;]\" \/>\n<meta property=\"og:url\" content=\"https:\/\/noticiasmercedinas.com\/site\/2024\/11\/20\/natalia-facciolo-celebra-su-enriquecedor-viaje-de-capacitacion-en-china\/\" \/>\n<meta property=\"og:site_name\" content=\"NOTICIASMERCEDINAS.COM\" \/>\n<meta property=\"article:publisher\" content=\"https:\/\/www.facebook.com\/noticiasmercedinas\/\" \/>\n<meta property=\"article:published_time\" content=\"2024-11-20T19:56:05+00:00\" \/>\n<meta property=\"og:image\" content=\"https:\/\/noticiasmercedinas.com\/site\/wp-content\/uploads\/2024\/11\/NAFA2.jpg\" \/>\n\t<meta property=\"og:image:width\" content=\"833\" \/>\n\t<meta property=\"og:image:height\" content=\"729\" \/>\n\t<meta property=\"og:image:type\" content=\"image\/jpeg\" \/>\n<meta name=\"author\" content=\"NOTICIASMERCEDINAS.COM\" \/>\n<meta name=\"twitter:card\" content=\"summary_large_image\" \/>\n<meta name=\"twitter:creator\" content=\"@notmercedinas\" \/>\n<meta name=\"twitter:site\" content=\"@notmercedinas\" \/>\n<meta name=\"twitter:label1\" content=\"Escrito por\" \/>\n\t<meta name=\"twitter:data1\" content=\"NOTICIASMERCEDINAS.COM\" \/>\n\t<meta name=\"twitter:label2\" content=\"Tiempo de lectura\" \/>\n\t<meta name=\"twitter:data2\" content=\"2 minutos\" \/>\n<script type=\"application\/ld+json\" class=\"yoast-schema-graph\">{\"@context\":\"https:\\\/\\\/schema.org\",\"@graph\":[{\"@type\":\"Article\",\"@id\":\"https:\\\/\\\/noticiasmercedinas.com\\\/site\\\/2024\\\/11\\\/20\\\/natalia-facciolo-celebra-su-enriquecedor-viaje-de-capacitacion-en-china\\\/#article\",\"isPartOf\":{\"@id\":\"https:\\\/\\\/noticiasmercedinas.com\\\/site\\\/2024\\\/11\\\/20\\\/natalia-facciolo-celebra-su-enriquecedor-viaje-de-capacitacion-en-china\\\/\"},\"author\":{\"name\":\"NOTICIASMERCEDINAS.COM\",\"@id\":\"https:\\\/\\\/noticiasmercedinas.com\\\/site\\\/#\\\/schema\\\/person\\\/84b59c099c28ff2e8b77d4ceec5d8063\"},\"headline\":\"Natalia Facciolo celebra su enriquecedor viaje de capacitaci\u00f3n en China\",\"datePublished\":\"2024-11-20T19:56:05+00:00\",\"mainEntityOfPage\":{\"@id\":\"https:\\\/\\\/noticiasmercedinas.com\\\/site\\\/2024\\\/11\\\/20\\\/natalia-facciolo-celebra-su-enriquecedor-viaje-de-capacitacion-en-china\\\/\"},\"wordCount\":354,\"publisher\":{\"@id\":\"https:\\\/\\\/noticiasmercedinas.com\\\/site\\\/#organization\"},\"image\":{\"@id\":\"https:\\\/\\\/noticiasmercedinas.com\\\/site\\\/2024\\\/11\\\/20\\\/natalia-facciolo-celebra-su-enriquecedor-viaje-de-capacitacion-en-china\\\/#primaryimage\"},\"thumbnailUrl\":\"https:\\\/\\\/noticiasmercedinas.com\\\/site\\\/wp-content\\\/uploads\\\/2024\\\/11\\\/NAFA2.jpg\",\"keywords\":[\"china\",\"ludamarc\",\"natalia facciolo\"],\"articleSection\":[\"Emprendimientos\"],\"inLanguage\":\"es\"},{\"@type\":\"WebPage\",\"@id\":\"https:\\\/\\\/noticiasmercedinas.com\\\/site\\\/2024\\\/11\\\/20\\\/natalia-facciolo-celebra-su-enriquecedor-viaje-de-capacitacion-en-china\\\/\",\"url\":\"https:\\\/\\\/noticiasmercedinas.com\\\/site\\\/2024\\\/11\\\/20\\\/natalia-facciolo-celebra-su-enriquecedor-viaje-de-capacitacion-en-china\\\/\",\"name\":\"Natalia Facciolo celebra su enriquecedor viaje de capacitaci\u00f3n en China\",\"isPartOf\":{\"@id\":\"https:\\\/\\\/noticiasmercedinas.com\\\/site\\\/#website\"},\"primaryImageOfPage\":{\"@id\":\"https:\\\/\\\/noticiasmercedinas.com\\\/site\\\/2024\\\/11\\\/20\\\/natalia-facciolo-celebra-su-enriquecedor-viaje-de-capacitacion-en-china\\\/#primaryimage\"},\"image\":{\"@id\":\"https:\\\/\\\/noticiasmercedinas.com\\\/site\\\/2024\\\/11\\\/20\\\/natalia-facciolo-celebra-su-enriquecedor-viaje-de-capacitacion-en-china\\\/#primaryimage\"},\"thumbnailUrl\":\"https:\\\/\\\/noticiasmercedinas.com\\\/site\\\/wp-content\\\/uploads\\\/2024\\\/11\\\/NAFA2.jpg\",\"datePublished\":\"2024-11-20T19:56:05+00:00\",\"breadcrumb\":{\"@id\":\"https:\\\/\\\/noticiasmercedinas.com\\\/site\\\/2024\\\/11\\\/20\\\/natalia-facciolo-celebra-su-enriquecedor-viaje-de-capacitacion-en-china\\\/#breadcrumb\"},\"inLanguage\":\"es\",\"potentialAction\":[{\"@type\":\"ReadAction\",\"target\":[\"https:\\\/\\\/noticiasmercedinas.com\\\/site\\\/2024\\\/11\\\/20\\\/natalia-facciolo-celebra-su-enriquecedor-viaje-de-capacitacion-en-china\\\/\"]}]},{\"@type\":\"ImageObject\",\"inLanguage\":\"es\",\"@id\":\"https:\\\/\\\/noticiasmercedinas.com\\\/site\\\/2024\\\/11\\\/20\\\/natalia-facciolo-celebra-su-enriquecedor-viaje-de-capacitacion-en-china\\\/#primaryimage\",\"url\":\"https:\\\/\\\/noticiasmercedinas.com\\\/site\\\/wp-content\\\/uploads\\\/2024\\\/11\\\/NAFA2.jpg\",\"contentUrl\":\"https:\\\/\\\/noticiasmercedinas.com\\\/site\\\/wp-content\\\/uploads\\\/2024\\\/11\\\/NAFA2.jpg\",\"width\":833,\"height\":729},{\"@type\":\"BreadcrumbList\",\"@id\":\"https:\\\/\\\/noticiasmercedinas.com\\\/site\\\/2024\\\/11\\\/20\\\/natalia-facciolo-celebra-su-enriquecedor-viaje-de-capacitacion-en-china\\\/#breadcrumb\",\"itemListElement\":[{\"@type\":\"ListItem\",\"position\":1,\"name\":\"Portada\",\"item\":\"https:\\\/\\\/noticiasmercedinas.com\\\/site\\\/\"},{\"@type\":\"ListItem\",\"position\":2,\"name\":\"Natalia Facciolo celebra su enriquecedor viaje de capacitaci\u00f3n en China\"}]},{\"@type\":\"WebSite\",\"@id\":\"https:\\\/\\\/noticiasmercedinas.com\\\/site\\\/#website\",\"url\":\"https:\\\/\\\/noticiasmercedinas.com\\\/site\\\/\",\"name\":\"NOTICIASMERCEDINAS.COM\",\"description\":\"Mercedes, Buenos Aires, Argentina\",\"publisher\":{\"@id\":\"https:\\\/\\\/noticiasmercedinas.com\\\/site\\\/#organization\"},\"potentialAction\":[{\"@type\":\"SearchAction\",\"target\":{\"@type\":\"EntryPoint\",\"urlTemplate\":\"https:\\\/\\\/noticiasmercedinas.com\\\/site\\\/?s={search_term_string}\"},\"query-input\":{\"@type\":\"PropertyValueSpecification\",\"valueRequired\":true,\"valueName\":\"search_term_string\"}}],\"inLanguage\":\"es\"},{\"@type\":\"Organization\",\"@id\":\"https:\\\/\\\/noticiasmercedinas.com\\\/site\\\/#organization\",\"name\":\"NOTICIASMERCEDINAS.COM\",\"url\":\"https:\\\/\\\/noticiasmercedinas.com\\\/site\\\/\",\"logo\":{\"@type\":\"ImageObject\",\"inLanguage\":\"es\",\"@id\":\"https:\\\/\\\/noticiasmercedinas.com\\\/site\\\/#\\\/schema\\\/logo\\\/image\\\/\",\"url\":\"https:\\\/\\\/noticiasmercedinas.com\\\/site\\\/wp-content\\\/uploads\\\/2020\\\/06\\\/LOGO-512.jpg\",\"contentUrl\":\"https:\\\/\\\/noticiasmercedinas.com\\\/site\\\/wp-content\\\/uploads\\\/2020\\\/06\\\/LOGO-512.jpg\",\"width\":512,\"height\":512,\"caption\":\"NOTICIASMERCEDINAS.COM\"},\"image\":{\"@id\":\"https:\\\/\\\/noticiasmercedinas.com\\\/site\\\/#\\\/schema\\\/logo\\\/image\\\/\"},\"sameAs\":[\"https:\\\/\\\/www.facebook.com\\\/noticiasmercedinas\\\/\",\"https:\\\/\\\/x.com\\\/notmercedinas\",\"https:\\\/\\\/www.instagram.com\\\/noticiasmercedinas\\\/\"]},{\"@type\":\"Person\",\"@id\":\"https:\\\/\\\/noticiasmercedinas.com\\\/site\\\/#\\\/schema\\\/person\\\/84b59c099c28ff2e8b77d4ceec5d8063\",\"name\":\"NOTICIASMERCEDINAS.COM\",\"image\":{\"@type\":\"ImageObject\",\"inLanguage\":\"es\",\"@id\":\"https:\\\/\\\/secure.gravatar.com\\\/avatar\\\/4dfbf16b4d17945bfb6341b2d19043457132fcf478a5ee04f42e959fd8f5df0a?s=96&d=mm&r=g\",\"url\":\"https:\\\/\\\/secure.gravatar.com\\\/avatar\\\/4dfbf16b4d17945bfb6341b2d19043457132fcf478a5ee04f42e959fd8f5df0a?s=96&d=mm&r=g\",\"contentUrl\":\"https:\\\/\\\/secure.gravatar.com\\\/avatar\\\/4dfbf16b4d17945bfb6341b2d19043457132fcf478a5ee04f42e959fd8f5df0a?s=96&d=mm&r=g\",\"caption\":\"NOTICIASMERCEDINAS.COM\"},\"url\":\"https:\\\/\\\/noticiasmercedinas.com\\\/site\\\/author\\\/anonimo\\\/\"}]}<\/script>\n<!-- \/ Yoast SEO plugin. -->","yoast_head_json":{"title":"Natalia Facciolo celebra su enriquecedor viaje de capacitaci\u00f3n en China","robots":{"index":"index","follow":"follow","max-snippet":"max-snippet:-1","max-image-preview":"max-image-preview:large","max-video-preview":"max-video-preview:-1"},"canonical":"https:\/\/noticiasmercedinas.com\/site\/2024\/11\/20\/natalia-facciolo-celebra-su-enriquecedor-viaje-de-capacitacion-en-china\/","og_locale":"es_ES","og_type":"article","og_title":"Natalia Facciolo celebra su enriquecedor viaje de capacitaci\u00f3n en China","og_description":"La empresaria mercedina Natalia Facciolo, fundadora de LUDMARC y presidenta de Mujeres Empresarias de la Federaci\u00f3n Econ\u00f3mica de la Provincia de Buenos Aires (MEFEBA), comparti\u00f3 su experiencia de viaje en el marco de un exclusivo programa de capacitaci\u00f3n en comercio electr\u00f3nico y econom\u00eda digital en China. Este encuentro fue organizado por el Ministerio de Comercio [&hellip;]","og_url":"https:\/\/noticiasmercedinas.com\/site\/2024\/11\/20\/natalia-facciolo-celebra-su-enriquecedor-viaje-de-capacitacion-en-china\/","og_site_name":"NOTICIASMERCEDINAS.COM","article_publisher":"https:\/\/www.facebook.com\/noticiasmercedinas\/","article_published_time":"2024-11-20T19:56:05+00:00","og_image":[{"width":833,"height":729,"url":"https:\/\/noticiasmercedinas.com\/site\/wp-content\/uploads\/2024\/11\/NAFA2.jpg","type":"image\/jpeg"}],"author":"NOTICIASMERCEDINAS.COM","twitter_card":"summary_large_image","twitter_creator":"@notmercedinas","twitter_site":"@notmercedinas","twitter_misc":{"Escrito por":"NOTICIASMERCEDINAS.COM","Tiempo de lectura":"2 minutos"},"schema":{"@context":"https:\/\/schema.org","@graph":[{"@type":"Article","@id":"https:\/\/noticiasmercedinas.com\/site\/2024\/11\/20\/natalia-facciolo-celebra-su-enriquecedor-viaje-de-capacitacion-en-china\/#article","isPartOf":{"@id":"https:\/\/noticiasmercedinas.com\/site\/2024\/11\/20\/natalia-facciolo-celebra-su-enriquecedor-viaje-de-capacitacion-en-china\/"},"author":{"name":"NOTICIASMERCEDINAS.COM","@id":"https:\/\/noticiasmercedinas.com\/site\/#\/schema\/person\/84b59c099c28ff2e8b77d4ceec5d8063"},"headline":"Natalia Facciolo celebra su enriquecedor viaje de capacitaci\u00f3n en China","datePublished":"2024-11-20T19:56:05+00:00","mainEntityOfPage":{"@id":"https:\/\/noticiasmercedinas.com\/site\/2024\/11\/20\/natalia-facciolo-celebra-su-enriquecedor-viaje-de-capacitacion-en-china\/"},"wordCount":354,"publisher":{"@id":"https:\/\/noticiasmercedinas.com\/site\/#organization"},"image":{"@id":"https:\/\/noticiasmercedinas.com\/site\/2024\/11\/20\/natalia-facciolo-celebra-su-enriquecedor-viaje-de-capacitacion-en-china\/#primaryimage"},"thumbnailUrl":"https:\/\/noticiasmercedinas.com\/site\/wp-content\/uploads\/2024\/11\/NAFA2.jpg","keywords":["china","ludamarc","natalia facciolo"],"articleSection":["Emprendimientos"],"inLanguage":"es"},{"@type":"WebPage","@id":"https:\/\/noticiasmercedinas.com\/site\/2024\/11\/20\/natalia-facciolo-celebra-su-enriquecedor-viaje-de-capacitacion-en-china\/","url":"https:\/\/noticiasmercedinas.com\/site\/2024\/11\/20\/natalia-facciolo-celebra-su-enriquecedor-viaje-de-capacitacion-en-china\/","name":"Natalia Facciolo celebra su enriquecedor viaje de capacitaci\u00f3n en China","isPartOf":{"@id":"https:\/\/noticiasmercedinas.com\/site\/#website"},"primaryImageOfPage":{"@id":"https:\/\/noticiasmercedinas.com\/site\/2024\/11\/20\/natalia-facciolo-celebra-su-enriquecedor-viaje-de-capacitacion-en-china\/#primaryimage"},"image":{"@id":"https:\/\/noticiasmercedinas.com\/site\/2024\/11\/20\/natalia-facciolo-celebra-su-enriquecedor-viaje-de-capacitacion-en-china\/#primaryimage"},"thumbnailUrl":"https:\/\/noticiasmercedinas.com\/site\/wp-content\/uploads\/2024\/11\/NAFA2.jpg","datePublished":"2024-11-20T19:56:05+00:00","breadcrumb":{"@id":"https:\/\/noticiasmercedinas.com\/site\/2024\/11\/20\/natalia-facciolo-celebra-su-enriquecedor-viaje-de-capacitacion-en-china\/#breadcrumb"},"inLanguage":"es","potentialAction":[{"@type":"ReadAction","target":["https:\/\/noticiasmercedinas.com\/site\/2024\/11\/20\/natalia-facciolo-celebra-su-enriquecedor-viaje-de-capacitacion-en-china\/"]}]},{"@type":"ImageObject","inLanguage":"es","@id":"https:\/\/noticiasmercedinas.com\/site\/2024\/11\/20\/natalia-facciolo-celebra-su-enriquecedor-viaje-de-capacitacion-en-china\/#primaryimage","url":"https:\/\/noticiasmercedinas.com\/site\/wp-content\/uploads\/2024\/11\/NAFA2.jpg","contentUrl":"https:\/\/noticiasmercedinas.com\/site\/wp-content\/uploads\/2024\/11\/NAFA2.jpg","width":833,"height":729},{"@type":"BreadcrumbList","@id":"https:\/\/noticiasmercedinas.com\/site\/2024\/11\/20\/natalia-facciolo-celebra-su-enriquecedor-viaje-de-capacitacion-en-china\/#breadcrumb","itemListElement":[{"@type":"ListItem","position":1,"name":"Portada","item":"https:\/\/noticiasmercedinas.com\/site\/"},{"@type":"ListItem","position":2,"name":"Natalia Facciolo celebra su enriquecedor viaje de capacitaci\u00f3n en China"}]},{"@type":"WebSite","@id":"https:\/\/noticiasmercedinas.com\/site\/#website","url":"https:\/\/noticiasmercedinas.com\/site\/","name":"NOTICIASMERCEDINAS.COM","description":"Mercedes, Buenos Aires, Argentina","publisher":{"@id":"https:\/\/noticiasmercedinas.com\/site\/#organization"},"potentialAction":[{"@type":"SearchAction","target":{"@type":"EntryPoint","urlTemplate":"https:\/\/noticiasmercedinas.com\/site\/?s={search_term_string}"},"query-input":{"@type":"PropertyValueSpecification","valueRequired":true,"valueName":"search_term_string"}}],"inLanguage":"es"},{"@type":"Organization","@id":"https:\/\/noticiasmercedinas.com\/site\/#organization","name":"NOTICIASMERCEDINAS.COM","url":"https:\/\/noticiasmercedinas.com\/site\/","logo":{"@type":"ImageObject","inLanguage":"es","@id":"https:\/\/noticiasmercedinas.com\/site\/#\/schema\/logo\/image\/","url":"https:\/\/noticiasmercedinas.com\/site\/wp-content\/uploads\/2020\/06\/LOGO-512.jpg","contentUrl":"https:\/\/noticiasmercedinas.com\/site\/wp-content\/uploads\/2020\/06\/LOGO-512.jpg","width":512,"height":512,"caption":"NOTICIASMERCEDINAS.COM"},"image":{"@id":"https:\/\/noticiasmercedinas.com\/site\/#\/schema\/logo\/image\/"},"sameAs":["https:\/\/www.facebook.com\/noticiasmercedinas\/","https:\/\/x.com\/notmercedinas","https:\/\/www.instagram.com\/noticiasmercedinas\/"]},{"@type":"Person","@id":"https:\/\/noticiasmercedinas.com\/site\/#\/schema\/person\/84b59c099c28ff2e8b77d4ceec5d8063","name":"NOTICIASMERCEDINAS.COM","image":{"@type":"ImageObject","inLanguage":"es","@id":"https:\/\/secure.gravatar.com\/avatar\/4dfbf16b4d17945bfb6341b2d19043457132fcf478a5ee04f42e959fd8f5df0a?s=96&d=mm&r=g","url":"https:\/\/secure.gravatar.com\/avatar\/4dfbf16b4d17945bfb6341b2d19043457132fcf478a5ee04f42e959fd8f5df0a?s=96&d=mm&r=g","contentUrl":"https:\/\/secure.gravatar.com\/avatar\/4dfbf16b4d17945bfb6341b2d19043457132fcf478a5ee04f42e959fd8f5df0a?s=96&d=mm&r=g","caption":"NOTICIASMERCEDINAS.COM"},"url":"https:\/\/noticiasmercedinas.com\/site\/author\/anonimo\/"}]}},"amp_enabled":true,"_links":{"self":[{"href":"https:\/\/noticiasmercedinas.com\/site\/wp-json\/wp\/v2\/posts\/148712","targetHints":{"allow":["GET"]}}],"collection":[{"href":"https:\/\/noticiasmercedinas.com\/site\/wp-json\/wp\/v2\/posts"}],"about":[{"href":"https:\/\/noticiasmercedinas.com\/site\/wp-json\/wp\/v2\/types\/post"}],"author":[{"embeddable":true,"href":"https:\/\/noticiasmercedinas.com\/site\/wp-json\/wp\/v2\/users\/16"}],"replies":[{"embeddable":true,"href":"https:\/\/noticiasmercedinas.com\/site\/wp-json\/wp\/v2\/comments?post=148712"}],"version-history":[{"count":1,"href":"https:\/\/noticiasmercedinas.com\/site\/wp-json\/wp\/v2\/posts\/148712\/revisions"}],"predecessor-version":[{"id":148715,"href":"https:\/\/noticiasmercedinas.com\/site\/wp-json\/wp\/v2\/posts\/148712\/revisions\/148715"}],"wp:featuredmedia":[{"embeddable":true,"href":"https:\/\/noticiasmercedinas.com\/site\/wp-json\/wp\/v2\/media\/148713"}],"wp:attachment":[{"href":"https:\/\/noticiasmercedinas.com\/site\/wp-json\/wp\/v2\/media?parent=148712"}],"wp:term":[{"taxonomy":"category","embeddable":true,"href":"https:\/\/noticiasmercedinas.com\/site\/wp-json\/wp\/v2\/categories?post=148712"},{"taxonomy":"post_tag","embeddable":true,"href":"https:\/\/noticiasmercedinas.com\/site\/wp-json\/wp\/v2\/tags?post=148712"}],"curies":[{"name":"wp","href":"https:\/\/api.w.org\/{rel}","templated":true}]}}