{"id":148722,"date":"2024-11-20T20:12:08","date_gmt":"2024-11-20T23:12:08","guid":{"rendered":"https:\/\/noticiasmercedinas.com\/site\/?p=148722"},"modified":"2024-11-20T20:12:08","modified_gmt":"2024-11-20T23:12:08","slug":"camilo-guinot-participa-en-una-destacada-residencia-artistica-en-uruguay","status":"publish","type":"post","link":"https:\/\/noticiasmercedinas.com\/site\/2024\/11\/20\/camilo-guinot-participa-en-una-destacada-residencia-artistica-en-uruguay\/","title":{"rendered":"Camilo Guinot participa en una destacada residencia art\u00edstica en Uruguay"},"content":{"rendered":"<p><img loading=\"lazy\" decoding=\"async\" class=\"alignnone size-full wp-image-148723\" src=\"https:\/\/noticiasmercedinas.com\/site\/wp-content\/uploads\/2024\/11\/CAMILOGUINOT.jpg\" alt=\"\" width=\"640\" height=\"444\" srcset=\"https:\/\/noticiasmercedinas.com\/site\/wp-content\/uploads\/2024\/11\/CAMILOGUINOT.jpg 640w, https:\/\/noticiasmercedinas.com\/site\/wp-content\/uploads\/2024\/11\/CAMILOGUINOT-300x208.jpg 300w\" sizes=\"auto, (max-width: 640px) 100vw, 640px\" \/><\/p>\n<p>El artista mercedino <strong>Camilo Guinot<\/strong> ha sido seleccionado para participar en la sexta edici\u00f3n del programa de residencias art\u00edsticas \u00abSolanas Art Experience\u00bb (SAE), un prestigioso espacio dedicado a la investigaci\u00f3n y producci\u00f3n en arte contempor\u00e1neo, ubicado en el complejo Solanas de Punta del Este, Uruguay.<\/p>\n<p>La residencia, dirigida por <strong>Natasha Ygel<\/strong> y coordinada por <strong>Natalia Revale<\/strong>, se orienta a explorar los v\u00ednculos entre arte, arquitectura, naturaleza, tecnolog\u00eda y dise\u00f1o. Junto a Guinot, la chivilcoyana <strong>Marcolina Dipierro<\/strong> tambi\u00e9n fue seleccionada para esta edici\u00f3n, que se lleva a cabo del 4 de noviembre al 1 de diciembre de 2024.<\/p>\n<p>Guinot, nacido en Mercedes en 1970, ha construido una s\u00f3lida trayectoria art\u00edstica caracterizada por la resignificaci\u00f3n de objetos cotidianos y la exploraci\u00f3n de la relaci\u00f3n entre producci\u00f3n humana y naturaleza. Su obra, que abarca instalaciones, esculturas, dibujos, videos y acciones, ha sido reconocida con premios como el \u00abSemana del Arte\u00bb (2023) y el \u00abPremio Adquisici\u00f3n Ministerio de Producci\u00f3n de Buenos Aires\u00bb (2021). Adem\u00e1s, cuenta con becas de instituciones como la \u00abPollock-Krasner Foundation\u00bb (2024) y el \u00abFondo Nacional de las Artes\u00bb.<\/p>\n<p>\u201cDesde la potencia de la abstracci\u00f3n, varias de mis obras dibujan composiciones que combinan aspectos de la arquitectura moderna con diversas formas y materialidades, explorando la intersecci\u00f3n entre arte funcional y aut\u00f3nomo\u201d, se\u00f1ala el artista al describir su proceso creativo.<\/p>\n<p>El programa, que recibe anualmente a ocho artistas latinoamericanos, ofrece hospedaje, traslados, un estipendio econ\u00f3mico y un taller individual. Durante un mes, los residentes desarrollan proyectos de investigaci\u00f3n y producci\u00f3n en estrecha relaci\u00f3n con el entorno natural de Punta Ballena. Los trabajos culminan en una exhibici\u00f3n en el *galp\u00f3n SAE*, prevista para enero de 2025.<\/p>\n<p>La residencia busca fomentar la experimentaci\u00f3n art\u00edstica y la difusi\u00f3n del arte latinoamericano. Como parte de su compromiso, los artistas donan una obra producida durante la estancia, contribuyendo a la colecci\u00f3n de SAE.<\/p>\n<p>Camilo Guinot, con su propuesta que conjuga procesos, formas y percepciones, contin\u00faa representando a Mercedes en el escenario art\u00edstico internacional, consolid\u00e1ndose como un referente de la producci\u00f3n contempor\u00e1nea en la regi\u00f3n.<\/p>\n","protected":false},"excerpt":{"rendered":"<p>\u25a0 Con su propuesta que conjuga procesos, formas y percepciones, contin\u00faa representando a Mercedes en el escenario art\u00edstico internacional, consolid\u00e1ndose como un referente de la producci\u00f3n contempor\u00e1nea.<\/p>\n","protected":false},"author":16,"featured_media":148723,"comment_status":"closed","ping_status":"closed","sticky":false,"template":"","format":"standard","meta":{"footnotes":""},"categories":[4],"tags":[4053,16721,18049,8919,19188,1204],"class_list":["post-148722","post","type-post","status-publish","format-standard","has-post-thumbnail","hentry","category-cultura","tag-camilo-guinot","tag-punta-del-este","tag-residencia","tag-sae","tag-solanas","tag-uruguay"],"yoast_head":"<!-- This site is optimized with the Yoast SEO plugin v27.5 - https:\/\/yoast.com\/product\/yoast-seo-wordpress\/ -->\n<title>Camilo Guinot participa en una destacada residencia art\u00edstica en Uruguay<\/title>\n<meta name=\"robots\" content=\"index, follow, max-snippet:-1, max-image-preview:large, max-video-preview:-1\" \/>\n<link rel=\"canonical\" href=\"https:\/\/noticiasmercedinas.com\/site\/2024\/11\/20\/camilo-guinot-participa-en-una-destacada-residencia-artistica-en-uruguay\/\" \/>\n<meta property=\"og:locale\" content=\"es_ES\" \/>\n<meta property=\"og:type\" content=\"article\" \/>\n<meta property=\"og:title\" content=\"Camilo Guinot participa en una destacada residencia art\u00edstica en Uruguay\" \/>\n<meta property=\"og:description\" content=\"\u25a0 Con su propuesta que conjuga procesos, formas y percepciones, contin\u00faa representando a Mercedes en el escenario art\u00edstico internacional, consolid\u00e1ndose como un referente de la producci\u00f3n contempor\u00e1nea.\" \/>\n<meta property=\"og:url\" content=\"https:\/\/noticiasmercedinas.com\/site\/2024\/11\/20\/camilo-guinot-participa-en-una-destacada-residencia-artistica-en-uruguay\/\" \/>\n<meta property=\"og:site_name\" content=\"NOTICIASMERCEDINAS.COM\" \/>\n<meta property=\"article:publisher\" content=\"https:\/\/www.facebook.com\/noticiasmercedinas\/\" \/>\n<meta property=\"article:published_time\" content=\"2024-11-20T23:12:08+00:00\" \/>\n<meta property=\"og:image\" content=\"https:\/\/noticiasmercedinas.com\/site\/wp-content\/uploads\/2024\/11\/CAMILOGUINOT.jpg\" \/>\n\t<meta property=\"og:image:width\" content=\"640\" \/>\n\t<meta property=\"og:image:height\" content=\"444\" \/>\n\t<meta property=\"og:image:type\" content=\"image\/jpeg\" \/>\n<meta name=\"author\" content=\"NOTICIASMERCEDINAS.COM\" \/>\n<meta name=\"twitter:card\" content=\"summary_large_image\" \/>\n<meta name=\"twitter:creator\" content=\"@notmercedinas\" \/>\n<meta name=\"twitter:site\" content=\"@notmercedinas\" \/>\n<meta name=\"twitter:label1\" content=\"Escrito por\" \/>\n\t<meta name=\"twitter:data1\" content=\"NOTICIASMERCEDINAS.COM\" \/>\n\t<meta name=\"twitter:label2\" content=\"Tiempo de lectura\" \/>\n\t<meta name=\"twitter:data2\" content=\"2 minutos\" \/>\n<script type=\"application\/ld+json\" class=\"yoast-schema-graph\">{\"@context\":\"https:\\\/\\\/schema.org\",\"@graph\":[{\"@type\":\"Article\",\"@id\":\"https:\\\/\\\/noticiasmercedinas.com\\\/site\\\/2024\\\/11\\\/20\\\/camilo-guinot-participa-en-una-destacada-residencia-artistica-en-uruguay\\\/#article\",\"isPartOf\":{\"@id\":\"https:\\\/\\\/noticiasmercedinas.com\\\/site\\\/2024\\\/11\\\/20\\\/camilo-guinot-participa-en-una-destacada-residencia-artistica-en-uruguay\\\/\"},\"author\":{\"name\":\"NOTICIASMERCEDINAS.COM\",\"@id\":\"https:\\\/\\\/noticiasmercedinas.com\\\/site\\\/#\\\/schema\\\/person\\\/84b59c099c28ff2e8b77d4ceec5d8063\"},\"headline\":\"Camilo Guinot participa en una destacada residencia art\u00edstica en Uruguay\",\"datePublished\":\"2024-11-20T23:12:08+00:00\",\"mainEntityOfPage\":{\"@id\":\"https:\\\/\\\/noticiasmercedinas.com\\\/site\\\/2024\\\/11\\\/20\\\/camilo-guinot-participa-en-una-destacada-residencia-artistica-en-uruguay\\\/\"},\"wordCount\":378,\"publisher\":{\"@id\":\"https:\\\/\\\/noticiasmercedinas.com\\\/site\\\/#organization\"},\"image\":{\"@id\":\"https:\\\/\\\/noticiasmercedinas.com\\\/site\\\/2024\\\/11\\\/20\\\/camilo-guinot-participa-en-una-destacada-residencia-artistica-en-uruguay\\\/#primaryimage\"},\"thumbnailUrl\":\"https:\\\/\\\/noticiasmercedinas.com\\\/site\\\/wp-content\\\/uploads\\\/2024\\\/11\\\/CAMILOGUINOT.jpg\",\"keywords\":[\"camilo guinot\",\"punta del este\",\"residencia\",\"Sae\",\"solanas\",\"uruguay\"],\"articleSection\":[\"Cultura\"],\"inLanguage\":\"es\"},{\"@type\":\"WebPage\",\"@id\":\"https:\\\/\\\/noticiasmercedinas.com\\\/site\\\/2024\\\/11\\\/20\\\/camilo-guinot-participa-en-una-destacada-residencia-artistica-en-uruguay\\\/\",\"url\":\"https:\\\/\\\/noticiasmercedinas.com\\\/site\\\/2024\\\/11\\\/20\\\/camilo-guinot-participa-en-una-destacada-residencia-artistica-en-uruguay\\\/\",\"name\":\"Camilo Guinot participa en una destacada residencia art\u00edstica en Uruguay\",\"isPartOf\":{\"@id\":\"https:\\\/\\\/noticiasmercedinas.com\\\/site\\\/#website\"},\"primaryImageOfPage\":{\"@id\":\"https:\\\/\\\/noticiasmercedinas.com\\\/site\\\/2024\\\/11\\\/20\\\/camilo-guinot-participa-en-una-destacada-residencia-artistica-en-uruguay\\\/#primaryimage\"},\"image\":{\"@id\":\"https:\\\/\\\/noticiasmercedinas.com\\\/site\\\/2024\\\/11\\\/20\\\/camilo-guinot-participa-en-una-destacada-residencia-artistica-en-uruguay\\\/#primaryimage\"},\"thumbnailUrl\":\"https:\\\/\\\/noticiasmercedinas.com\\\/site\\\/wp-content\\\/uploads\\\/2024\\\/11\\\/CAMILOGUINOT.jpg\",\"datePublished\":\"2024-11-20T23:12:08+00:00\",\"breadcrumb\":{\"@id\":\"https:\\\/\\\/noticiasmercedinas.com\\\/site\\\/2024\\\/11\\\/20\\\/camilo-guinot-participa-en-una-destacada-residencia-artistica-en-uruguay\\\/#breadcrumb\"},\"inLanguage\":\"es\",\"potentialAction\":[{\"@type\":\"ReadAction\",\"target\":[\"https:\\\/\\\/noticiasmercedinas.com\\\/site\\\/2024\\\/11\\\/20\\\/camilo-guinot-participa-en-una-destacada-residencia-artistica-en-uruguay\\\/\"]}]},{\"@type\":\"ImageObject\",\"inLanguage\":\"es\",\"@id\":\"https:\\\/\\\/noticiasmercedinas.com\\\/site\\\/2024\\\/11\\\/20\\\/camilo-guinot-participa-en-una-destacada-residencia-artistica-en-uruguay\\\/#primaryimage\",\"url\":\"https:\\\/\\\/noticiasmercedinas.com\\\/site\\\/wp-content\\\/uploads\\\/2024\\\/11\\\/CAMILOGUINOT.jpg\",\"contentUrl\":\"https:\\\/\\\/noticiasmercedinas.com\\\/site\\\/wp-content\\\/uploads\\\/2024\\\/11\\\/CAMILOGUINOT.jpg\",\"width\":640,\"height\":444},{\"@type\":\"BreadcrumbList\",\"@id\":\"https:\\\/\\\/noticiasmercedinas.com\\\/site\\\/2024\\\/11\\\/20\\\/camilo-guinot-participa-en-una-destacada-residencia-artistica-en-uruguay\\\/#breadcrumb\",\"itemListElement\":[{\"@type\":\"ListItem\",\"position\":1,\"name\":\"Portada\",\"item\":\"https:\\\/\\\/noticiasmercedinas.com\\\/site\\\/\"},{\"@type\":\"ListItem\",\"position\":2,\"name\":\"Camilo Guinot participa en una destacada residencia art\u00edstica en Uruguay\"}]},{\"@type\":\"WebSite\",\"@id\":\"https:\\\/\\\/noticiasmercedinas.com\\\/site\\\/#website\",\"url\":\"https:\\\/\\\/noticiasmercedinas.com\\\/site\\\/\",\"name\":\"NOTICIASMERCEDINAS.COM\",\"description\":\"Mercedes, Buenos Aires, Argentina\",\"publisher\":{\"@id\":\"https:\\\/\\\/noticiasmercedinas.com\\\/site\\\/#organization\"},\"potentialAction\":[{\"@type\":\"SearchAction\",\"target\":{\"@type\":\"EntryPoint\",\"urlTemplate\":\"https:\\\/\\\/noticiasmercedinas.com\\\/site\\\/?s={search_term_string}\"},\"query-input\":{\"@type\":\"PropertyValueSpecification\",\"valueRequired\":true,\"valueName\":\"search_term_string\"}}],\"inLanguage\":\"es\"},{\"@type\":\"Organization\",\"@id\":\"https:\\\/\\\/noticiasmercedinas.com\\\/site\\\/#organization\",\"name\":\"NOTICIASMERCEDINAS.COM\",\"url\":\"https:\\\/\\\/noticiasmercedinas.com\\\/site\\\/\",\"logo\":{\"@type\":\"ImageObject\",\"inLanguage\":\"es\",\"@id\":\"https:\\\/\\\/noticiasmercedinas.com\\\/site\\\/#\\\/schema\\\/logo\\\/image\\\/\",\"url\":\"https:\\\/\\\/noticiasmercedinas.com\\\/site\\\/wp-content\\\/uploads\\\/2020\\\/06\\\/LOGO-512.jpg\",\"contentUrl\":\"https:\\\/\\\/noticiasmercedinas.com\\\/site\\\/wp-content\\\/uploads\\\/2020\\\/06\\\/LOGO-512.jpg\",\"width\":512,\"height\":512,\"caption\":\"NOTICIASMERCEDINAS.COM\"},\"image\":{\"@id\":\"https:\\\/\\\/noticiasmercedinas.com\\\/site\\\/#\\\/schema\\\/logo\\\/image\\\/\"},\"sameAs\":[\"https:\\\/\\\/www.facebook.com\\\/noticiasmercedinas\\\/\",\"https:\\\/\\\/x.com\\\/notmercedinas\",\"https:\\\/\\\/www.instagram.com\\\/noticiasmercedinas\\\/\"]},{\"@type\":\"Person\",\"@id\":\"https:\\\/\\\/noticiasmercedinas.com\\\/site\\\/#\\\/schema\\\/person\\\/84b59c099c28ff2e8b77d4ceec5d8063\",\"name\":\"NOTICIASMERCEDINAS.COM\",\"image\":{\"@type\":\"ImageObject\",\"inLanguage\":\"es\",\"@id\":\"https:\\\/\\\/secure.gravatar.com\\\/avatar\\\/4dfbf16b4d17945bfb6341b2d19043457132fcf478a5ee04f42e959fd8f5df0a?s=96&d=mm&r=g\",\"url\":\"https:\\\/\\\/secure.gravatar.com\\\/avatar\\\/4dfbf16b4d17945bfb6341b2d19043457132fcf478a5ee04f42e959fd8f5df0a?s=96&d=mm&r=g\",\"contentUrl\":\"https:\\\/\\\/secure.gravatar.com\\\/avatar\\\/4dfbf16b4d17945bfb6341b2d19043457132fcf478a5ee04f42e959fd8f5df0a?s=96&d=mm&r=g\",\"caption\":\"NOTICIASMERCEDINAS.COM\"},\"url\":\"https:\\\/\\\/noticiasmercedinas.com\\\/site\\\/author\\\/anonimo\\\/\"}]}<\/script>\n<!-- \/ Yoast SEO plugin. -->","yoast_head_json":{"title":"Camilo Guinot participa en una destacada residencia art\u00edstica en Uruguay","robots":{"index":"index","follow":"follow","max-snippet":"max-snippet:-1","max-image-preview":"max-image-preview:large","max-video-preview":"max-video-preview:-1"},"canonical":"https:\/\/noticiasmercedinas.com\/site\/2024\/11\/20\/camilo-guinot-participa-en-una-destacada-residencia-artistica-en-uruguay\/","og_locale":"es_ES","og_type":"article","og_title":"Camilo Guinot participa en una destacada residencia art\u00edstica en Uruguay","og_description":"\u25a0 Con su propuesta que conjuga procesos, formas y percepciones, contin\u00faa representando a Mercedes en el escenario art\u00edstico internacional, consolid\u00e1ndose como un referente de la producci\u00f3n contempor\u00e1nea.","og_url":"https:\/\/noticiasmercedinas.com\/site\/2024\/11\/20\/camilo-guinot-participa-en-una-destacada-residencia-artistica-en-uruguay\/","og_site_name":"NOTICIASMERCEDINAS.COM","article_publisher":"https:\/\/www.facebook.com\/noticiasmercedinas\/","article_published_time":"2024-11-20T23:12:08+00:00","og_image":[{"width":640,"height":444,"url":"https:\/\/noticiasmercedinas.com\/site\/wp-content\/uploads\/2024\/11\/CAMILOGUINOT.jpg","type":"image\/jpeg"}],"author":"NOTICIASMERCEDINAS.COM","twitter_card":"summary_large_image","twitter_creator":"@notmercedinas","twitter_site":"@notmercedinas","twitter_misc":{"Escrito por":"NOTICIASMERCEDINAS.COM","Tiempo de lectura":"2 minutos"},"schema":{"@context":"https:\/\/schema.org","@graph":[{"@type":"Article","@id":"https:\/\/noticiasmercedinas.com\/site\/2024\/11\/20\/camilo-guinot-participa-en-una-destacada-residencia-artistica-en-uruguay\/#article","isPartOf":{"@id":"https:\/\/noticiasmercedinas.com\/site\/2024\/11\/20\/camilo-guinot-participa-en-una-destacada-residencia-artistica-en-uruguay\/"},"author":{"name":"NOTICIASMERCEDINAS.COM","@id":"https:\/\/noticiasmercedinas.com\/site\/#\/schema\/person\/84b59c099c28ff2e8b77d4ceec5d8063"},"headline":"Camilo Guinot participa en una destacada residencia art\u00edstica en Uruguay","datePublished":"2024-11-20T23:12:08+00:00","mainEntityOfPage":{"@id":"https:\/\/noticiasmercedinas.com\/site\/2024\/11\/20\/camilo-guinot-participa-en-una-destacada-residencia-artistica-en-uruguay\/"},"wordCount":378,"publisher":{"@id":"https:\/\/noticiasmercedinas.com\/site\/#organization"},"image":{"@id":"https:\/\/noticiasmercedinas.com\/site\/2024\/11\/20\/camilo-guinot-participa-en-una-destacada-residencia-artistica-en-uruguay\/#primaryimage"},"thumbnailUrl":"https:\/\/noticiasmercedinas.com\/site\/wp-content\/uploads\/2024\/11\/CAMILOGUINOT.jpg","keywords":["camilo guinot","punta del este","residencia","Sae","solanas","uruguay"],"articleSection":["Cultura"],"inLanguage":"es"},{"@type":"WebPage","@id":"https:\/\/noticiasmercedinas.com\/site\/2024\/11\/20\/camilo-guinot-participa-en-una-destacada-residencia-artistica-en-uruguay\/","url":"https:\/\/noticiasmercedinas.com\/site\/2024\/11\/20\/camilo-guinot-participa-en-una-destacada-residencia-artistica-en-uruguay\/","name":"Camilo Guinot participa en una destacada residencia art\u00edstica en Uruguay","isPartOf":{"@id":"https:\/\/noticiasmercedinas.com\/site\/#website"},"primaryImageOfPage":{"@id":"https:\/\/noticiasmercedinas.com\/site\/2024\/11\/20\/camilo-guinot-participa-en-una-destacada-residencia-artistica-en-uruguay\/#primaryimage"},"image":{"@id":"https:\/\/noticiasmercedinas.com\/site\/2024\/11\/20\/camilo-guinot-participa-en-una-destacada-residencia-artistica-en-uruguay\/#primaryimage"},"thumbnailUrl":"https:\/\/noticiasmercedinas.com\/site\/wp-content\/uploads\/2024\/11\/CAMILOGUINOT.jpg","datePublished":"2024-11-20T23:12:08+00:00","breadcrumb":{"@id":"https:\/\/noticiasmercedinas.com\/site\/2024\/11\/20\/camilo-guinot-participa-en-una-destacada-residencia-artistica-en-uruguay\/#breadcrumb"},"inLanguage":"es","potentialAction":[{"@type":"ReadAction","target":["https:\/\/noticiasmercedinas.com\/site\/2024\/11\/20\/camilo-guinot-participa-en-una-destacada-residencia-artistica-en-uruguay\/"]}]},{"@type":"ImageObject","inLanguage":"es","@id":"https:\/\/noticiasmercedinas.com\/site\/2024\/11\/20\/camilo-guinot-participa-en-una-destacada-residencia-artistica-en-uruguay\/#primaryimage","url":"https:\/\/noticiasmercedinas.com\/site\/wp-content\/uploads\/2024\/11\/CAMILOGUINOT.jpg","contentUrl":"https:\/\/noticiasmercedinas.com\/site\/wp-content\/uploads\/2024\/11\/CAMILOGUINOT.jpg","width":640,"height":444},{"@type":"BreadcrumbList","@id":"https:\/\/noticiasmercedinas.com\/site\/2024\/11\/20\/camilo-guinot-participa-en-una-destacada-residencia-artistica-en-uruguay\/#breadcrumb","itemListElement":[{"@type":"ListItem","position":1,"name":"Portada","item":"https:\/\/noticiasmercedinas.com\/site\/"},{"@type":"ListItem","position":2,"name":"Camilo Guinot participa en una destacada residencia art\u00edstica en Uruguay"}]},{"@type":"WebSite","@id":"https:\/\/noticiasmercedinas.com\/site\/#website","url":"https:\/\/noticiasmercedinas.com\/site\/","name":"NOTICIASMERCEDINAS.COM","description":"Mercedes, Buenos Aires, Argentina","publisher":{"@id":"https:\/\/noticiasmercedinas.com\/site\/#organization"},"potentialAction":[{"@type":"SearchAction","target":{"@type":"EntryPoint","urlTemplate":"https:\/\/noticiasmercedinas.com\/site\/?s={search_term_string}"},"query-input":{"@type":"PropertyValueSpecification","valueRequired":true,"valueName":"search_term_string"}}],"inLanguage":"es"},{"@type":"Organization","@id":"https:\/\/noticiasmercedinas.com\/site\/#organization","name":"NOTICIASMERCEDINAS.COM","url":"https:\/\/noticiasmercedinas.com\/site\/","logo":{"@type":"ImageObject","inLanguage":"es","@id":"https:\/\/noticiasmercedinas.com\/site\/#\/schema\/logo\/image\/","url":"https:\/\/noticiasmercedinas.com\/site\/wp-content\/uploads\/2020\/06\/LOGO-512.jpg","contentUrl":"https:\/\/noticiasmercedinas.com\/site\/wp-content\/uploads\/2020\/06\/LOGO-512.jpg","width":512,"height":512,"caption":"NOTICIASMERCEDINAS.COM"},"image":{"@id":"https:\/\/noticiasmercedinas.com\/site\/#\/schema\/logo\/image\/"},"sameAs":["https:\/\/www.facebook.com\/noticiasmercedinas\/","https:\/\/x.com\/notmercedinas","https:\/\/www.instagram.com\/noticiasmercedinas\/"]},{"@type":"Person","@id":"https:\/\/noticiasmercedinas.com\/site\/#\/schema\/person\/84b59c099c28ff2e8b77d4ceec5d8063","name":"NOTICIASMERCEDINAS.COM","image":{"@type":"ImageObject","inLanguage":"es","@id":"https:\/\/secure.gravatar.com\/avatar\/4dfbf16b4d17945bfb6341b2d19043457132fcf478a5ee04f42e959fd8f5df0a?s=96&d=mm&r=g","url":"https:\/\/secure.gravatar.com\/avatar\/4dfbf16b4d17945bfb6341b2d19043457132fcf478a5ee04f42e959fd8f5df0a?s=96&d=mm&r=g","contentUrl":"https:\/\/secure.gravatar.com\/avatar\/4dfbf16b4d17945bfb6341b2d19043457132fcf478a5ee04f42e959fd8f5df0a?s=96&d=mm&r=g","caption":"NOTICIASMERCEDINAS.COM"},"url":"https:\/\/noticiasmercedinas.com\/site\/author\/anonimo\/"}]}},"amp_enabled":true,"_links":{"self":[{"href":"https:\/\/noticiasmercedinas.com\/site\/wp-json\/wp\/v2\/posts\/148722","targetHints":{"allow":["GET"]}}],"collection":[{"href":"https:\/\/noticiasmercedinas.com\/site\/wp-json\/wp\/v2\/posts"}],"about":[{"href":"https:\/\/noticiasmercedinas.com\/site\/wp-json\/wp\/v2\/types\/post"}],"author":[{"embeddable":true,"href":"https:\/\/noticiasmercedinas.com\/site\/wp-json\/wp\/v2\/users\/16"}],"replies":[{"embeddable":true,"href":"https:\/\/noticiasmercedinas.com\/site\/wp-json\/wp\/v2\/comments?post=148722"}],"version-history":[{"count":1,"href":"https:\/\/noticiasmercedinas.com\/site\/wp-json\/wp\/v2\/posts\/148722\/revisions"}],"predecessor-version":[{"id":148724,"href":"https:\/\/noticiasmercedinas.com\/site\/wp-json\/wp\/v2\/posts\/148722\/revisions\/148724"}],"wp:featuredmedia":[{"embeddable":true,"href":"https:\/\/noticiasmercedinas.com\/site\/wp-json\/wp\/v2\/media\/148723"}],"wp:attachment":[{"href":"https:\/\/noticiasmercedinas.com\/site\/wp-json\/wp\/v2\/media?parent=148722"}],"wp:term":[{"taxonomy":"category","embeddable":true,"href":"https:\/\/noticiasmercedinas.com\/site\/wp-json\/wp\/v2\/categories?post=148722"},{"taxonomy":"post_tag","embeddable":true,"href":"https:\/\/noticiasmercedinas.com\/site\/wp-json\/wp\/v2\/tags?post=148722"}],"curies":[{"name":"wp","href":"https:\/\/api.w.org\/{rel}","templated":true}]}}