{"id":148759,"date":"2024-11-21T07:11:13","date_gmt":"2024-11-21T10:11:13","guid":{"rendered":"https:\/\/noticiasmercedinas.com\/site\/?p=148759"},"modified":"2024-11-21T08:42:02","modified_gmt":"2024-11-21T11:42:02","slug":"incendio-en-la-planta-de-agrale-en-mercedes-agradecimientos-y-continuidad-operativa","status":"publish","type":"post","link":"https:\/\/noticiasmercedinas.com\/site\/2024\/11\/21\/incendio-en-la-planta-de-agrale-en-mercedes-agradecimientos-y-continuidad-operativa\/","title":{"rendered":"Incendio en la planta de Agrale en Mercedes: agradecen y aseguran continuidad operativa"},"content":{"rendered":"<p><img loading=\"lazy\" decoding=\"async\" class=\"alignnone size-full wp-image-148744\" src=\"https:\/\/noticiasmercedinas.com\/site\/wp-content\/uploads\/2024\/11\/5668992b-f822-44e0-8b87-58ad45f72c60.jpeg\" alt=\"\" width=\"1600\" height=\"1063\" srcset=\"https:\/\/noticiasmercedinas.com\/site\/wp-content\/uploads\/2024\/11\/5668992b-f822-44e0-8b87-58ad45f72c60.jpeg 1600w, https:\/\/noticiasmercedinas.com\/site\/wp-content\/uploads\/2024\/11\/5668992b-f822-44e0-8b87-58ad45f72c60-300x199.jpeg 300w, https:\/\/noticiasmercedinas.com\/site\/wp-content\/uploads\/2024\/11\/5668992b-f822-44e0-8b87-58ad45f72c60-1024x680.jpeg 1024w, https:\/\/noticiasmercedinas.com\/site\/wp-content\/uploads\/2024\/11\/5668992b-f822-44e0-8b87-58ad45f72c60-768x510.jpeg 768w, https:\/\/noticiasmercedinas.com\/site\/wp-content\/uploads\/2024\/11\/5668992b-f822-44e0-8b87-58ad45f72c60-1536x1020.jpeg 1536w, https:\/\/noticiasmercedinas.com\/site\/wp-content\/uploads\/2024\/11\/5668992b-f822-44e0-8b87-58ad45f72c60-640x425.jpeg 640w, https:\/\/noticiasmercedinas.com\/site\/wp-content\/uploads\/2024\/11\/5668992b-f822-44e0-8b87-58ad45f72c60-1280x850.jpeg 1280w, https:\/\/noticiasmercedinas.com\/site\/wp-content\/uploads\/2024\/11\/5668992b-f822-44e0-8b87-58ad45f72c60-681x452.jpeg 681w, https:\/\/noticiasmercedinas.com\/site\/wp-content\/uploads\/2024\/11\/5668992b-f822-44e0-8b87-58ad45f72c60-1362x905.jpeg 1362w\" sizes=\"auto, (max-width: 1600px) 100vw, 1600px\" \/><\/p>\n<p>Anoche, alrededor de las 19:30 horas, se registr\u00f3 un incendio en la planta industrial de Agrale Argentina, ubicada en la Ruta Nacional N.\u00ba 5, cercana a la ciudad de Mercedes (Buenos Aires). Seg\u00fan el comunicado oficial de la empresa, el fuego afect\u00f3 la parte exterior de una nave industrial donde se almacenaban cubiertas, componentes y combustibles, lo que gener\u00f3 una densa humareda visible desde la distancia.<\/p>\n<p>Gracias a la r\u00e1pida intervenci\u00f3n de dotaciones de bomberos de Mercedes, Luj\u00e1n y San Andr\u00e9s de Giles, el incendio pudo ser controlado y extinguido antes de que se propagara al interior de las instalaciones. Por fortuna, no se reportaron heridos ni da\u00f1os personales, ya que el siniestro ocurri\u00f3 fuera del horario laboral. Sin embargo, se registraron da\u00f1os materiales en las \u00e1reas externas afectadas.<\/p>\n<blockquote class=\"td_quote_box td_box_center\"><p>Ver m\u00e1s<br \/>\n<a href=\"https:\/\/noticiasmercedinas.com\/site\/2024\/11\/20\/incendio-en-la-planta-de-agrale-en-mercedes-moviliza-a-bomberos-y-proteccion-civil\/\">Incendio en la planta de Agrale en Mercedes moviliza a bomberos y Protecci\u00f3n Civil<\/a><\/p><\/blockquote>\n<p>Agrale destac\u00f3 que hoy retomar\u00e1 sus actividades con normalidad, siguiendo un esquema ajustado para garantizar la continuidad operativa mientras se realizan peritajes que determinen las causas del incendio.<\/p>\n<p>La empresa expres\u00f3 su agradecimiento a los bomberos que trabajaron para controlar la emergencia, as\u00ed como a los funcionarios, autoridades locales, clientes, proveedores y amigos que ofrecieron su apoyo. Adem\u00e1s, reconoci\u00f3 la labor de la prensa por la cobertura inmediata de lo sucedido.<\/p>\n<p>Desde Agrale, aseguraron su compromiso con la comunidad y con la pronta evaluaci\u00f3n de los da\u00f1os materiales para avanzar con las soluciones necesarias.<\/p>\n<p><img loading=\"lazy\" decoding=\"async\" class=\"alignnone size-full wp-image-148760\" src=\"https:\/\/noticiasmercedinas.com\/site\/wp-content\/uploads\/2024\/11\/a7a0ecd9c3b74c48879fd19ef3b16a10.jpg\" alt=\"\" width=\"968\" height=\"1280\" srcset=\"https:\/\/noticiasmercedinas.com\/site\/wp-content\/uploads\/2024\/11\/a7a0ecd9c3b74c48879fd19ef3b16a10.jpg 968w, https:\/\/noticiasmercedinas.com\/site\/wp-content\/uploads\/2024\/11\/a7a0ecd9c3b74c48879fd19ef3b16a10-227x300.jpg 227w, https:\/\/noticiasmercedinas.com\/site\/wp-content\/uploads\/2024\/11\/a7a0ecd9c3b74c48879fd19ef3b16a10-774x1024.jpg 774w, https:\/\/noticiasmercedinas.com\/site\/wp-content\/uploads\/2024\/11\/a7a0ecd9c3b74c48879fd19ef3b16a10-768x1016.jpg 768w, https:\/\/noticiasmercedinas.com\/site\/wp-content\/uploads\/2024\/11\/a7a0ecd9c3b74c48879fd19ef3b16a10-640x846.jpg 640w, https:\/\/noticiasmercedinas.com\/site\/wp-content\/uploads\/2024\/11\/a7a0ecd9c3b74c48879fd19ef3b16a10-681x900.jpg 681w\" sizes=\"auto, (max-width: 968px) 100vw, 968px\" \/><\/p>\n","protected":false},"excerpt":{"rendered":"<p>Anoche, alrededor de las 19:30 horas, se registr\u00f3 un incendio en la planta industrial de Agrale Argentina, ubicada en la Ruta Nacional N.\u00ba 5, cercana a la ciudad de Mercedes (Buenos Aires). Seg\u00fan el comunicado oficial de la empresa, el fuego afect\u00f3 la parte exterior de una nave industrial donde se almacenaban cubiertas, componentes y [&hellip;]<\/p>\n","protected":false},"author":16,"featured_media":148744,"comment_status":"closed","ping_status":"closed","sticky":false,"template":"","format":"standard","meta":{"footnotes":""},"categories":[7],"tags":[120,1746],"class_list":["post-148759","post","type-post","status-publish","format-standard","has-post-thumbnail","hentry","category-policiales","tag-agrale","tag-incendio"],"yoast_head":"<!-- This site is optimized with the Yoast SEO plugin v27.4 - https:\/\/yoast.com\/product\/yoast-seo-wordpress\/ -->\n<title>Incendio en la planta de Agrale en Mercedes: agradecen y aseguran continuidad operativa<\/title>\n<meta name=\"robots\" content=\"index, follow, max-snippet:-1, max-image-preview:large, max-video-preview:-1\" \/>\n<link rel=\"canonical\" href=\"https:\/\/noticiasmercedinas.com\/site\/2024\/11\/21\/incendio-en-la-planta-de-agrale-en-mercedes-agradecimientos-y-continuidad-operativa\/\" \/>\n<meta property=\"og:locale\" content=\"es_ES\" \/>\n<meta property=\"og:type\" content=\"article\" \/>\n<meta property=\"og:title\" content=\"Incendio en la planta de Agrale en Mercedes: agradecen y aseguran continuidad operativa\" \/>\n<meta property=\"og:description\" content=\"Anoche, alrededor de las 19:30 horas, se registr\u00f3 un incendio en la planta industrial de Agrale Argentina, ubicada en la Ruta Nacional N.\u00ba 5, cercana a la ciudad de Mercedes (Buenos Aires). Seg\u00fan el comunicado oficial de la empresa, el fuego afect\u00f3 la parte exterior de una nave industrial donde se almacenaban cubiertas, componentes y [&hellip;]\" \/>\n<meta property=\"og:url\" content=\"https:\/\/noticiasmercedinas.com\/site\/2024\/11\/21\/incendio-en-la-planta-de-agrale-en-mercedes-agradecimientos-y-continuidad-operativa\/\" \/>\n<meta property=\"og:site_name\" content=\"NOTICIASMERCEDINAS.COM\" \/>\n<meta property=\"article:publisher\" content=\"https:\/\/www.facebook.com\/noticiasmercedinas\/\" \/>\n<meta property=\"article:published_time\" content=\"2024-11-21T10:11:13+00:00\" \/>\n<meta property=\"article:modified_time\" content=\"2024-11-21T11:42:02+00:00\" \/>\n<meta property=\"og:image\" content=\"https:\/\/noticiasmercedinas.com\/site\/wp-content\/uploads\/2024\/11\/5668992b-f822-44e0-8b87-58ad45f72c60.jpeg\" \/>\n\t<meta property=\"og:image:width\" content=\"1600\" \/>\n\t<meta property=\"og:image:height\" content=\"1063\" \/>\n\t<meta property=\"og:image:type\" content=\"image\/jpeg\" \/>\n<meta name=\"author\" content=\"NOTICIASMERCEDINAS.COM\" \/>\n<meta name=\"twitter:card\" content=\"summary_large_image\" \/>\n<meta name=\"twitter:creator\" content=\"@notmercedinas\" \/>\n<meta name=\"twitter:site\" content=\"@notmercedinas\" \/>\n<meta name=\"twitter:label1\" content=\"Escrito por\" \/>\n\t<meta name=\"twitter:data1\" content=\"NOTICIASMERCEDINAS.COM\" \/>\n\t<meta name=\"twitter:label2\" content=\"Tiempo de lectura\" \/>\n\t<meta name=\"twitter:data2\" content=\"1 minuto\" \/>\n<script type=\"application\/ld+json\" class=\"yoast-schema-graph\">{\"@context\":\"https:\\\/\\\/schema.org\",\"@graph\":[{\"@type\":\"Article\",\"@id\":\"https:\\\/\\\/noticiasmercedinas.com\\\/site\\\/2024\\\/11\\\/21\\\/incendio-en-la-planta-de-agrale-en-mercedes-agradecimientos-y-continuidad-operativa\\\/#article\",\"isPartOf\":{\"@id\":\"https:\\\/\\\/noticiasmercedinas.com\\\/site\\\/2024\\\/11\\\/21\\\/incendio-en-la-planta-de-agrale-en-mercedes-agradecimientos-y-continuidad-operativa\\\/\"},\"author\":{\"name\":\"NOTICIASMERCEDINAS.COM\",\"@id\":\"https:\\\/\\\/noticiasmercedinas.com\\\/site\\\/#\\\/schema\\\/person\\\/84b59c099c28ff2e8b77d4ceec5d8063\"},\"headline\":\"Incendio en la planta de Agrale en Mercedes: agradecen y aseguran continuidad operativa\",\"datePublished\":\"2024-11-21T10:11:13+00:00\",\"dateModified\":\"2024-11-21T11:42:02+00:00\",\"mainEntityOfPage\":{\"@id\":\"https:\\\/\\\/noticiasmercedinas.com\\\/site\\\/2024\\\/11\\\/21\\\/incendio-en-la-planta-de-agrale-en-mercedes-agradecimientos-y-continuidad-operativa\\\/\"},\"wordCount\":262,\"publisher\":{\"@id\":\"https:\\\/\\\/noticiasmercedinas.com\\\/site\\\/#organization\"},\"image\":{\"@id\":\"https:\\\/\\\/noticiasmercedinas.com\\\/site\\\/2024\\\/11\\\/21\\\/incendio-en-la-planta-de-agrale-en-mercedes-agradecimientos-y-continuidad-operativa\\\/#primaryimage\"},\"thumbnailUrl\":\"https:\\\/\\\/noticiasmercedinas.com\\\/site\\\/wp-content\\\/uploads\\\/2024\\\/11\\\/5668992b-f822-44e0-8b87-58ad45f72c60.jpeg\",\"keywords\":[\"agrale\",\"incendio\"],\"articleSection\":[\"Seguridad\"],\"inLanguage\":\"es\"},{\"@type\":\"WebPage\",\"@id\":\"https:\\\/\\\/noticiasmercedinas.com\\\/site\\\/2024\\\/11\\\/21\\\/incendio-en-la-planta-de-agrale-en-mercedes-agradecimientos-y-continuidad-operativa\\\/\",\"url\":\"https:\\\/\\\/noticiasmercedinas.com\\\/site\\\/2024\\\/11\\\/21\\\/incendio-en-la-planta-de-agrale-en-mercedes-agradecimientos-y-continuidad-operativa\\\/\",\"name\":\"Incendio en la planta de Agrale en Mercedes: agradecen y aseguran continuidad operativa\",\"isPartOf\":{\"@id\":\"https:\\\/\\\/noticiasmercedinas.com\\\/site\\\/#website\"},\"primaryImageOfPage\":{\"@id\":\"https:\\\/\\\/noticiasmercedinas.com\\\/site\\\/2024\\\/11\\\/21\\\/incendio-en-la-planta-de-agrale-en-mercedes-agradecimientos-y-continuidad-operativa\\\/#primaryimage\"},\"image\":{\"@id\":\"https:\\\/\\\/noticiasmercedinas.com\\\/site\\\/2024\\\/11\\\/21\\\/incendio-en-la-planta-de-agrale-en-mercedes-agradecimientos-y-continuidad-operativa\\\/#primaryimage\"},\"thumbnailUrl\":\"https:\\\/\\\/noticiasmercedinas.com\\\/site\\\/wp-content\\\/uploads\\\/2024\\\/11\\\/5668992b-f822-44e0-8b87-58ad45f72c60.jpeg\",\"datePublished\":\"2024-11-21T10:11:13+00:00\",\"dateModified\":\"2024-11-21T11:42:02+00:00\",\"breadcrumb\":{\"@id\":\"https:\\\/\\\/noticiasmercedinas.com\\\/site\\\/2024\\\/11\\\/21\\\/incendio-en-la-planta-de-agrale-en-mercedes-agradecimientos-y-continuidad-operativa\\\/#breadcrumb\"},\"inLanguage\":\"es\",\"potentialAction\":[{\"@type\":\"ReadAction\",\"target\":[\"https:\\\/\\\/noticiasmercedinas.com\\\/site\\\/2024\\\/11\\\/21\\\/incendio-en-la-planta-de-agrale-en-mercedes-agradecimientos-y-continuidad-operativa\\\/\"]}]},{\"@type\":\"ImageObject\",\"inLanguage\":\"es\",\"@id\":\"https:\\\/\\\/noticiasmercedinas.com\\\/site\\\/2024\\\/11\\\/21\\\/incendio-en-la-planta-de-agrale-en-mercedes-agradecimientos-y-continuidad-operativa\\\/#primaryimage\",\"url\":\"https:\\\/\\\/noticiasmercedinas.com\\\/site\\\/wp-content\\\/uploads\\\/2024\\\/11\\\/5668992b-f822-44e0-8b87-58ad45f72c60.jpeg\",\"contentUrl\":\"https:\\\/\\\/noticiasmercedinas.com\\\/site\\\/wp-content\\\/uploads\\\/2024\\\/11\\\/5668992b-f822-44e0-8b87-58ad45f72c60.jpeg\",\"width\":1600,\"height\":1063},{\"@type\":\"BreadcrumbList\",\"@id\":\"https:\\\/\\\/noticiasmercedinas.com\\\/site\\\/2024\\\/11\\\/21\\\/incendio-en-la-planta-de-agrale-en-mercedes-agradecimientos-y-continuidad-operativa\\\/#breadcrumb\",\"itemListElement\":[{\"@type\":\"ListItem\",\"position\":1,\"name\":\"Portada\",\"item\":\"https:\\\/\\\/noticiasmercedinas.com\\\/site\\\/\"},{\"@type\":\"ListItem\",\"position\":2,\"name\":\"Incendio en la planta de Agrale en Mercedes: agradecen y aseguran continuidad operativa\"}]},{\"@type\":\"WebSite\",\"@id\":\"https:\\\/\\\/noticiasmercedinas.com\\\/site\\\/#website\",\"url\":\"https:\\\/\\\/noticiasmercedinas.com\\\/site\\\/\",\"name\":\"NOTICIASMERCEDINAS.COM\",\"description\":\"Mercedes, Buenos Aires, Argentina\",\"publisher\":{\"@id\":\"https:\\\/\\\/noticiasmercedinas.com\\\/site\\\/#organization\"},\"potentialAction\":[{\"@type\":\"SearchAction\",\"target\":{\"@type\":\"EntryPoint\",\"urlTemplate\":\"https:\\\/\\\/noticiasmercedinas.com\\\/site\\\/?s={search_term_string}\"},\"query-input\":{\"@type\":\"PropertyValueSpecification\",\"valueRequired\":true,\"valueName\":\"search_term_string\"}}],\"inLanguage\":\"es\"},{\"@type\":\"Organization\",\"@id\":\"https:\\\/\\\/noticiasmercedinas.com\\\/site\\\/#organization\",\"name\":\"NOTICIASMERCEDINAS.COM\",\"url\":\"https:\\\/\\\/noticiasmercedinas.com\\\/site\\\/\",\"logo\":{\"@type\":\"ImageObject\",\"inLanguage\":\"es\",\"@id\":\"https:\\\/\\\/noticiasmercedinas.com\\\/site\\\/#\\\/schema\\\/logo\\\/image\\\/\",\"url\":\"https:\\\/\\\/noticiasmercedinas.com\\\/site\\\/wp-content\\\/uploads\\\/2020\\\/06\\\/LOGO-512.jpg\",\"contentUrl\":\"https:\\\/\\\/noticiasmercedinas.com\\\/site\\\/wp-content\\\/uploads\\\/2020\\\/06\\\/LOGO-512.jpg\",\"width\":512,\"height\":512,\"caption\":\"NOTICIASMERCEDINAS.COM\"},\"image\":{\"@id\":\"https:\\\/\\\/noticiasmercedinas.com\\\/site\\\/#\\\/schema\\\/logo\\\/image\\\/\"},\"sameAs\":[\"https:\\\/\\\/www.facebook.com\\\/noticiasmercedinas\\\/\",\"https:\\\/\\\/x.com\\\/notmercedinas\",\"https:\\\/\\\/www.instagram.com\\\/noticiasmercedinas\\\/\"]},{\"@type\":\"Person\",\"@id\":\"https:\\\/\\\/noticiasmercedinas.com\\\/site\\\/#\\\/schema\\\/person\\\/84b59c099c28ff2e8b77d4ceec5d8063\",\"name\":\"NOTICIASMERCEDINAS.COM\",\"image\":{\"@type\":\"ImageObject\",\"inLanguage\":\"es\",\"@id\":\"https:\\\/\\\/secure.gravatar.com\\\/avatar\\\/4dfbf16b4d17945bfb6341b2d19043457132fcf478a5ee04f42e959fd8f5df0a?s=96&d=mm&r=g\",\"url\":\"https:\\\/\\\/secure.gravatar.com\\\/avatar\\\/4dfbf16b4d17945bfb6341b2d19043457132fcf478a5ee04f42e959fd8f5df0a?s=96&d=mm&r=g\",\"contentUrl\":\"https:\\\/\\\/secure.gravatar.com\\\/avatar\\\/4dfbf16b4d17945bfb6341b2d19043457132fcf478a5ee04f42e959fd8f5df0a?s=96&d=mm&r=g\",\"caption\":\"NOTICIASMERCEDINAS.COM\"},\"url\":\"https:\\\/\\\/noticiasmercedinas.com\\\/site\\\/author\\\/anonimo\\\/\"}]}<\/script>\n<!-- \/ Yoast SEO plugin. -->","yoast_head_json":{"title":"Incendio en la planta de Agrale en Mercedes: agradecen y aseguran continuidad operativa","robots":{"index":"index","follow":"follow","max-snippet":"max-snippet:-1","max-image-preview":"max-image-preview:large","max-video-preview":"max-video-preview:-1"},"canonical":"https:\/\/noticiasmercedinas.com\/site\/2024\/11\/21\/incendio-en-la-planta-de-agrale-en-mercedes-agradecimientos-y-continuidad-operativa\/","og_locale":"es_ES","og_type":"article","og_title":"Incendio en la planta de Agrale en Mercedes: agradecen y aseguran continuidad operativa","og_description":"Anoche, alrededor de las 19:30 horas, se registr\u00f3 un incendio en la planta industrial de Agrale Argentina, ubicada en la Ruta Nacional N.\u00ba 5, cercana a la ciudad de Mercedes (Buenos Aires). Seg\u00fan el comunicado oficial de la empresa, el fuego afect\u00f3 la parte exterior de una nave industrial donde se almacenaban cubiertas, componentes y [&hellip;]","og_url":"https:\/\/noticiasmercedinas.com\/site\/2024\/11\/21\/incendio-en-la-planta-de-agrale-en-mercedes-agradecimientos-y-continuidad-operativa\/","og_site_name":"NOTICIASMERCEDINAS.COM","article_publisher":"https:\/\/www.facebook.com\/noticiasmercedinas\/","article_published_time":"2024-11-21T10:11:13+00:00","article_modified_time":"2024-11-21T11:42:02+00:00","og_image":[{"width":1600,"height":1063,"url":"https:\/\/noticiasmercedinas.com\/site\/wp-content\/uploads\/2024\/11\/5668992b-f822-44e0-8b87-58ad45f72c60.jpeg","type":"image\/jpeg"}],"author":"NOTICIASMERCEDINAS.COM","twitter_card":"summary_large_image","twitter_creator":"@notmercedinas","twitter_site":"@notmercedinas","twitter_misc":{"Escrito por":"NOTICIASMERCEDINAS.COM","Tiempo de lectura":"1 minuto"},"schema":{"@context":"https:\/\/schema.org","@graph":[{"@type":"Article","@id":"https:\/\/noticiasmercedinas.com\/site\/2024\/11\/21\/incendio-en-la-planta-de-agrale-en-mercedes-agradecimientos-y-continuidad-operativa\/#article","isPartOf":{"@id":"https:\/\/noticiasmercedinas.com\/site\/2024\/11\/21\/incendio-en-la-planta-de-agrale-en-mercedes-agradecimientos-y-continuidad-operativa\/"},"author":{"name":"NOTICIASMERCEDINAS.COM","@id":"https:\/\/noticiasmercedinas.com\/site\/#\/schema\/person\/84b59c099c28ff2e8b77d4ceec5d8063"},"headline":"Incendio en la planta de Agrale en Mercedes: agradecen y aseguran continuidad operativa","datePublished":"2024-11-21T10:11:13+00:00","dateModified":"2024-11-21T11:42:02+00:00","mainEntityOfPage":{"@id":"https:\/\/noticiasmercedinas.com\/site\/2024\/11\/21\/incendio-en-la-planta-de-agrale-en-mercedes-agradecimientos-y-continuidad-operativa\/"},"wordCount":262,"publisher":{"@id":"https:\/\/noticiasmercedinas.com\/site\/#organization"},"image":{"@id":"https:\/\/noticiasmercedinas.com\/site\/2024\/11\/21\/incendio-en-la-planta-de-agrale-en-mercedes-agradecimientos-y-continuidad-operativa\/#primaryimage"},"thumbnailUrl":"https:\/\/noticiasmercedinas.com\/site\/wp-content\/uploads\/2024\/11\/5668992b-f822-44e0-8b87-58ad45f72c60.jpeg","keywords":["agrale","incendio"],"articleSection":["Seguridad"],"inLanguage":"es"},{"@type":"WebPage","@id":"https:\/\/noticiasmercedinas.com\/site\/2024\/11\/21\/incendio-en-la-planta-de-agrale-en-mercedes-agradecimientos-y-continuidad-operativa\/","url":"https:\/\/noticiasmercedinas.com\/site\/2024\/11\/21\/incendio-en-la-planta-de-agrale-en-mercedes-agradecimientos-y-continuidad-operativa\/","name":"Incendio en la planta de Agrale en Mercedes: agradecen y aseguran continuidad operativa","isPartOf":{"@id":"https:\/\/noticiasmercedinas.com\/site\/#website"},"primaryImageOfPage":{"@id":"https:\/\/noticiasmercedinas.com\/site\/2024\/11\/21\/incendio-en-la-planta-de-agrale-en-mercedes-agradecimientos-y-continuidad-operativa\/#primaryimage"},"image":{"@id":"https:\/\/noticiasmercedinas.com\/site\/2024\/11\/21\/incendio-en-la-planta-de-agrale-en-mercedes-agradecimientos-y-continuidad-operativa\/#primaryimage"},"thumbnailUrl":"https:\/\/noticiasmercedinas.com\/site\/wp-content\/uploads\/2024\/11\/5668992b-f822-44e0-8b87-58ad45f72c60.jpeg","datePublished":"2024-11-21T10:11:13+00:00","dateModified":"2024-11-21T11:42:02+00:00","breadcrumb":{"@id":"https:\/\/noticiasmercedinas.com\/site\/2024\/11\/21\/incendio-en-la-planta-de-agrale-en-mercedes-agradecimientos-y-continuidad-operativa\/#breadcrumb"},"inLanguage":"es","potentialAction":[{"@type":"ReadAction","target":["https:\/\/noticiasmercedinas.com\/site\/2024\/11\/21\/incendio-en-la-planta-de-agrale-en-mercedes-agradecimientos-y-continuidad-operativa\/"]}]},{"@type":"ImageObject","inLanguage":"es","@id":"https:\/\/noticiasmercedinas.com\/site\/2024\/11\/21\/incendio-en-la-planta-de-agrale-en-mercedes-agradecimientos-y-continuidad-operativa\/#primaryimage","url":"https:\/\/noticiasmercedinas.com\/site\/wp-content\/uploads\/2024\/11\/5668992b-f822-44e0-8b87-58ad45f72c60.jpeg","contentUrl":"https:\/\/noticiasmercedinas.com\/site\/wp-content\/uploads\/2024\/11\/5668992b-f822-44e0-8b87-58ad45f72c60.jpeg","width":1600,"height":1063},{"@type":"BreadcrumbList","@id":"https:\/\/noticiasmercedinas.com\/site\/2024\/11\/21\/incendio-en-la-planta-de-agrale-en-mercedes-agradecimientos-y-continuidad-operativa\/#breadcrumb","itemListElement":[{"@type":"ListItem","position":1,"name":"Portada","item":"https:\/\/noticiasmercedinas.com\/site\/"},{"@type":"ListItem","position":2,"name":"Incendio en la planta de Agrale en Mercedes: agradecen y aseguran continuidad operativa"}]},{"@type":"WebSite","@id":"https:\/\/noticiasmercedinas.com\/site\/#website","url":"https:\/\/noticiasmercedinas.com\/site\/","name":"NOTICIASMERCEDINAS.COM","description":"Mercedes, Buenos Aires, Argentina","publisher":{"@id":"https:\/\/noticiasmercedinas.com\/site\/#organization"},"potentialAction":[{"@type":"SearchAction","target":{"@type":"EntryPoint","urlTemplate":"https:\/\/noticiasmercedinas.com\/site\/?s={search_term_string}"},"query-input":{"@type":"PropertyValueSpecification","valueRequired":true,"valueName":"search_term_string"}}],"inLanguage":"es"},{"@type":"Organization","@id":"https:\/\/noticiasmercedinas.com\/site\/#organization","name":"NOTICIASMERCEDINAS.COM","url":"https:\/\/noticiasmercedinas.com\/site\/","logo":{"@type":"ImageObject","inLanguage":"es","@id":"https:\/\/noticiasmercedinas.com\/site\/#\/schema\/logo\/image\/","url":"https:\/\/noticiasmercedinas.com\/site\/wp-content\/uploads\/2020\/06\/LOGO-512.jpg","contentUrl":"https:\/\/noticiasmercedinas.com\/site\/wp-content\/uploads\/2020\/06\/LOGO-512.jpg","width":512,"height":512,"caption":"NOTICIASMERCEDINAS.COM"},"image":{"@id":"https:\/\/noticiasmercedinas.com\/site\/#\/schema\/logo\/image\/"},"sameAs":["https:\/\/www.facebook.com\/noticiasmercedinas\/","https:\/\/x.com\/notmercedinas","https:\/\/www.instagram.com\/noticiasmercedinas\/"]},{"@type":"Person","@id":"https:\/\/noticiasmercedinas.com\/site\/#\/schema\/person\/84b59c099c28ff2e8b77d4ceec5d8063","name":"NOTICIASMERCEDINAS.COM","image":{"@type":"ImageObject","inLanguage":"es","@id":"https:\/\/secure.gravatar.com\/avatar\/4dfbf16b4d17945bfb6341b2d19043457132fcf478a5ee04f42e959fd8f5df0a?s=96&d=mm&r=g","url":"https:\/\/secure.gravatar.com\/avatar\/4dfbf16b4d17945bfb6341b2d19043457132fcf478a5ee04f42e959fd8f5df0a?s=96&d=mm&r=g","contentUrl":"https:\/\/secure.gravatar.com\/avatar\/4dfbf16b4d17945bfb6341b2d19043457132fcf478a5ee04f42e959fd8f5df0a?s=96&d=mm&r=g","caption":"NOTICIASMERCEDINAS.COM"},"url":"https:\/\/noticiasmercedinas.com\/site\/author\/anonimo\/"}]}},"amp_enabled":true,"_links":{"self":[{"href":"https:\/\/noticiasmercedinas.com\/site\/wp-json\/wp\/v2\/posts\/148759","targetHints":{"allow":["GET"]}}],"collection":[{"href":"https:\/\/noticiasmercedinas.com\/site\/wp-json\/wp\/v2\/posts"}],"about":[{"href":"https:\/\/noticiasmercedinas.com\/site\/wp-json\/wp\/v2\/types\/post"}],"author":[{"embeddable":true,"href":"https:\/\/noticiasmercedinas.com\/site\/wp-json\/wp\/v2\/users\/16"}],"replies":[{"embeddable":true,"href":"https:\/\/noticiasmercedinas.com\/site\/wp-json\/wp\/v2\/comments?post=148759"}],"version-history":[{"count":3,"href":"https:\/\/noticiasmercedinas.com\/site\/wp-json\/wp\/v2\/posts\/148759\/revisions"}],"predecessor-version":[{"id":148769,"href":"https:\/\/noticiasmercedinas.com\/site\/wp-json\/wp\/v2\/posts\/148759\/revisions\/148769"}],"wp:featuredmedia":[{"embeddable":true,"href":"https:\/\/noticiasmercedinas.com\/site\/wp-json\/wp\/v2\/media\/148744"}],"wp:attachment":[{"href":"https:\/\/noticiasmercedinas.com\/site\/wp-json\/wp\/v2\/media?parent=148759"}],"wp:term":[{"taxonomy":"category","embeddable":true,"href":"https:\/\/noticiasmercedinas.com\/site\/wp-json\/wp\/v2\/categories?post=148759"},{"taxonomy":"post_tag","embeddable":true,"href":"https:\/\/noticiasmercedinas.com\/site\/wp-json\/wp\/v2\/tags?post=148759"}],"curies":[{"name":"wp","href":"https:\/\/api.w.org\/{rel}","templated":true}]}}