{"id":148794,"date":"2024-11-21T16:26:31","date_gmt":"2024-11-21T19:26:31","guid":{"rendered":"https:\/\/noticiasmercedinas.com\/site\/?p=148794"},"modified":"2024-11-21T16:26:31","modified_gmt":"2024-11-21T19:26:31","slug":"obras-en-autopista-5-la-decision-politica-de-terminar-lo-empezado-esta","status":"publish","type":"post","link":"https:\/\/noticiasmercedinas.com\/site\/2024\/11\/21\/obras-en-autopista-5-la-decision-politica-de-terminar-lo-empezado-esta\/","title":{"rendered":"Obras en Autopista 5: \u00abLa decisi\u00f3n pol\u00edtica de terminar lo empezado est\u00e1\u00bb"},"content":{"rendered":"<p><img loading=\"lazy\" decoding=\"async\" class=\"alignnone size-full wp-image-148795\" src=\"https:\/\/noticiasmercedinas.com\/site\/wp-content\/uploads\/2024\/11\/INFORMMM.jpg\" alt=\"\" width=\"683\" height=\"458\" srcset=\"https:\/\/noticiasmercedinas.com\/site\/wp-content\/uploads\/2024\/11\/INFORMMM.jpg 683w, https:\/\/noticiasmercedinas.com\/site\/wp-content\/uploads\/2024\/11\/INFORMMM-300x201.jpg 300w, https:\/\/noticiasmercedinas.com\/site\/wp-content\/uploads\/2024\/11\/INFORMMM-537x360.jpg 537w, https:\/\/noticiasmercedinas.com\/site\/wp-content\/uploads\/2024\/11\/INFORMMM-640x429.jpg 640w, https:\/\/noticiasmercedinas.com\/site\/wp-content\/uploads\/2024\/11\/INFORMMM-681x457.jpg 681w\" sizes=\"auto, (max-width: 683px) 100vw, 683px\" \/><\/p>\n<p>Intendentes de la Cuarta Secci\u00f3n Electoral se reunieron este mi\u00e9rcoles en la Ciudad Aut\u00f3noma de Buenos Aires con autoridades del Gobierno Nacional para abordar el avance de las obras en la Ruta Nacional 5, una demanda hist\u00f3rica de la regi\u00f3n. El encuentro tuvo lugar en la sede de Vialidad Nacional, donde los jefes comunales dialogaron con V\u00edctor Farr\u00e9, gerente ejecutivo de Proyectos y Obras, sobre las etapas pendientes de esta autopista estrat\u00e9gica.<\/p>\n<p>Guillermo Britos, intendente vecinalista de Chivilcoy, expres\u00f3 a <em>Noticias Mercedinas<\/em> que, si bien mantiene cautela, percibe se\u00f1ales positivas: \u201cLlevamos 30 a\u00f1os de mentiras con la Ruta 5, pero seg\u00fan lo que nos inform\u00f3 el ingeniero Farr\u00e9, existe una decisi\u00f3n pol\u00edtica de terminar lo que est\u00e1 empezado. Nos asegur\u00f3 que ya se firm\u00f3 el contrato para completar el tramo desde la rotonda de Mercedes hasta el Acceso Sur, y para avanzar en la continuidad de la obra en ejecuci\u00f3n hasta la variante de Suipacha\u201d, explic\u00f3 Britos.<\/p>\n<p>La reuni\u00f3n cont\u00f3 con la participaci\u00f3n de cinco intendentes de distintos partidos pol\u00edticos, quienes unificaron sus reclamos. Adem\u00e1s de Britos, estuvieron presentes Daniel Stadnik (Carlos Casares), Germ\u00e1n Lago (Alberti), Sergio Barenghi (Bragado) y Mar\u00eda Jos\u00e9 Gentile (Nueve de Julio).<\/p>\n<p><strong>Avances concretos en el tramo Mercedes-Suipacha<\/strong><br \/>\nEn la reuni\u00f3n, se inform\u00f3 que la Secretar\u00eda de Transporte de la Naci\u00f3n est\u00e1 tramitando la convalidaci\u00f3n del plazo neutralizado para el tramo que conecta Mercedes con Suipacha, un trayecto de 24 kil\u00f3metros. Seg\u00fan Vialidad Nacional, ya se est\u00e1n movilizando equipos a la zona, se activ\u00f3 la compra de combustible para los trabajos viales, y la empresa contratista est\u00e1 completando estudios m\u00e9dicos preocupacionales para el personal que participar\u00e1 en las obras.<\/p>\n<p>Por su parte, los intendentes remarcaron la necesidad de acelerar la ejecuci\u00f3n de los tramos pendientes y garantizar la continuidad de las obras en 2025. Este reclamo se alinea con un nuevo esquema de operaci\u00f3n y mantenimiento que implementar\u00e1 el Gobierno Nacional mediante la licitaci\u00f3n de una Red Federal de Concesiones Viales.<\/p>\n<p>\u201cLos intendentes seguiremos exigiendo la autopista\u201d, concluy\u00f3 Britos, destacando la importancia de la obra para la seguridad vial y el desarrollo de la regi\u00f3n.<\/p>\n<p>La Ruta Nacional 5 sigue siendo una prioridad para las comunidades de la regi\u00f3n, que esperan que esta vez los compromisos asumidos se transformen en hechos concretos.<\/p>\n","protected":false},"excerpt":{"rendered":"<p>\u25a0\u00a0El intendente de Chivilcoy, Guillermo Britos, destac\u00f3 avances en el proyecto tras una reuni\u00f3n con autoridades de Vialidad Nacional. Intendentes de la Cuarta Secci\u00f3n pidieron por la continuidad de las obras.<\/p>\n","protected":false},"author":16,"featured_media":148795,"comment_status":"closed","ping_status":"closed","sticky":false,"template":"","format":"standard","meta":{"footnotes":""},"categories":[3],"tags":[19194,203,837,23,36,665,1095],"class_list":["post-148794","post","type-post","status-publish","format-standard","has-post-thumbnail","hentry","category-sociedad","tag-autopsta","tag-chivilcoy","tag-guillermo-britos","tag-mercedes","tag-obras","tag-ruta-5","tag-suipacha"],"yoast_head":"<!-- This site is optimized with the Yoast SEO plugin v27.4 - https:\/\/yoast.com\/product\/yoast-seo-wordpress\/ -->\n<title>Obras en Autopista 5: &quot;La decisi\u00f3n pol\u00edtica de terminar lo empezado est\u00e1&quot;<\/title>\n<meta name=\"robots\" content=\"index, follow, max-snippet:-1, max-image-preview:large, max-video-preview:-1\" \/>\n<link rel=\"canonical\" href=\"https:\/\/noticiasmercedinas.com\/site\/2024\/11\/21\/obras-en-autopista-5-la-decision-politica-de-terminar-lo-empezado-esta\/\" \/>\n<meta property=\"og:locale\" content=\"es_ES\" \/>\n<meta property=\"og:type\" content=\"article\" \/>\n<meta property=\"og:title\" content=\"Obras en Autopista 5: &quot;La decisi\u00f3n pol\u00edtica de terminar lo empezado est\u00e1&quot;\" \/>\n<meta property=\"og:description\" content=\"\u25a0\u00a0El intendente de Chivilcoy, Guillermo Britos, destac\u00f3 avances en el proyecto tras una reuni\u00f3n con autoridades de Vialidad Nacional. Intendentes de la Cuarta Secci\u00f3n pidieron por la continuidad de las obras.\" \/>\n<meta property=\"og:url\" content=\"https:\/\/noticiasmercedinas.com\/site\/2024\/11\/21\/obras-en-autopista-5-la-decision-politica-de-terminar-lo-empezado-esta\/\" \/>\n<meta property=\"og:site_name\" content=\"NOTICIASMERCEDINAS.COM\" \/>\n<meta property=\"article:publisher\" content=\"https:\/\/www.facebook.com\/noticiasmercedinas\/\" \/>\n<meta property=\"article:published_time\" content=\"2024-11-21T19:26:31+00:00\" \/>\n<meta property=\"og:image\" content=\"https:\/\/noticiasmercedinas.com\/site\/wp-content\/uploads\/2024\/11\/INFORMMM.jpg\" \/>\n\t<meta property=\"og:image:width\" content=\"683\" \/>\n\t<meta property=\"og:image:height\" content=\"458\" \/>\n\t<meta property=\"og:image:type\" content=\"image\/jpeg\" \/>\n<meta name=\"author\" content=\"NOTICIASMERCEDINAS.COM\" \/>\n<meta name=\"twitter:card\" content=\"summary_large_image\" \/>\n<meta name=\"twitter:creator\" content=\"@notmercedinas\" \/>\n<meta name=\"twitter:site\" content=\"@notmercedinas\" \/>\n<meta name=\"twitter:label1\" content=\"Escrito por\" \/>\n\t<meta name=\"twitter:data1\" content=\"NOTICIASMERCEDINAS.COM\" \/>\n\t<meta name=\"twitter:label2\" content=\"Tiempo de lectura\" \/>\n\t<meta name=\"twitter:data2\" content=\"2 minutos\" \/>\n<script type=\"application\/ld+json\" class=\"yoast-schema-graph\">{\"@context\":\"https:\\\/\\\/schema.org\",\"@graph\":[{\"@type\":\"Article\",\"@id\":\"https:\\\/\\\/noticiasmercedinas.com\\\/site\\\/2024\\\/11\\\/21\\\/obras-en-autopista-5-la-decision-politica-de-terminar-lo-empezado-esta\\\/#article\",\"isPartOf\":{\"@id\":\"https:\\\/\\\/noticiasmercedinas.com\\\/site\\\/2024\\\/11\\\/21\\\/obras-en-autopista-5-la-decision-politica-de-terminar-lo-empezado-esta\\\/\"},\"author\":{\"name\":\"NOTICIASMERCEDINAS.COM\",\"@id\":\"https:\\\/\\\/noticiasmercedinas.com\\\/site\\\/#\\\/schema\\\/person\\\/84b59c099c28ff2e8b77d4ceec5d8063\"},\"headline\":\"Obras en Autopista 5: \u00abLa decisi\u00f3n pol\u00edtica de terminar lo empezado est\u00e1\u00bb\",\"datePublished\":\"2024-11-21T19:26:31+00:00\",\"mainEntityOfPage\":{\"@id\":\"https:\\\/\\\/noticiasmercedinas.com\\\/site\\\/2024\\\/11\\\/21\\\/obras-en-autopista-5-la-decision-politica-de-terminar-lo-empezado-esta\\\/\"},\"wordCount\":415,\"publisher\":{\"@id\":\"https:\\\/\\\/noticiasmercedinas.com\\\/site\\\/#organization\"},\"image\":{\"@id\":\"https:\\\/\\\/noticiasmercedinas.com\\\/site\\\/2024\\\/11\\\/21\\\/obras-en-autopista-5-la-decision-politica-de-terminar-lo-empezado-esta\\\/#primaryimage\"},\"thumbnailUrl\":\"https:\\\/\\\/noticiasmercedinas.com\\\/site\\\/wp-content\\\/uploads\\\/2024\\\/11\\\/INFORMMM.jpg\",\"keywords\":[\"autopsta\",\"chivilcoy\",\"Guillermo Britos\",\"mercedes\",\"obras\",\"ruta 5\",\"suipacha\"],\"articleSection\":[\"Sociedad\"],\"inLanguage\":\"es\"},{\"@type\":\"WebPage\",\"@id\":\"https:\\\/\\\/noticiasmercedinas.com\\\/site\\\/2024\\\/11\\\/21\\\/obras-en-autopista-5-la-decision-politica-de-terminar-lo-empezado-esta\\\/\",\"url\":\"https:\\\/\\\/noticiasmercedinas.com\\\/site\\\/2024\\\/11\\\/21\\\/obras-en-autopista-5-la-decision-politica-de-terminar-lo-empezado-esta\\\/\",\"name\":\"Obras en Autopista 5: \\\"La decisi\u00f3n pol\u00edtica de terminar lo empezado est\u00e1\\\"\",\"isPartOf\":{\"@id\":\"https:\\\/\\\/noticiasmercedinas.com\\\/site\\\/#website\"},\"primaryImageOfPage\":{\"@id\":\"https:\\\/\\\/noticiasmercedinas.com\\\/site\\\/2024\\\/11\\\/21\\\/obras-en-autopista-5-la-decision-politica-de-terminar-lo-empezado-esta\\\/#primaryimage\"},\"image\":{\"@id\":\"https:\\\/\\\/noticiasmercedinas.com\\\/site\\\/2024\\\/11\\\/21\\\/obras-en-autopista-5-la-decision-politica-de-terminar-lo-empezado-esta\\\/#primaryimage\"},\"thumbnailUrl\":\"https:\\\/\\\/noticiasmercedinas.com\\\/site\\\/wp-content\\\/uploads\\\/2024\\\/11\\\/INFORMMM.jpg\",\"datePublished\":\"2024-11-21T19:26:31+00:00\",\"breadcrumb\":{\"@id\":\"https:\\\/\\\/noticiasmercedinas.com\\\/site\\\/2024\\\/11\\\/21\\\/obras-en-autopista-5-la-decision-politica-de-terminar-lo-empezado-esta\\\/#breadcrumb\"},\"inLanguage\":\"es\",\"potentialAction\":[{\"@type\":\"ReadAction\",\"target\":[\"https:\\\/\\\/noticiasmercedinas.com\\\/site\\\/2024\\\/11\\\/21\\\/obras-en-autopista-5-la-decision-politica-de-terminar-lo-empezado-esta\\\/\"]}]},{\"@type\":\"ImageObject\",\"inLanguage\":\"es\",\"@id\":\"https:\\\/\\\/noticiasmercedinas.com\\\/site\\\/2024\\\/11\\\/21\\\/obras-en-autopista-5-la-decision-politica-de-terminar-lo-empezado-esta\\\/#primaryimage\",\"url\":\"https:\\\/\\\/noticiasmercedinas.com\\\/site\\\/wp-content\\\/uploads\\\/2024\\\/11\\\/INFORMMM.jpg\",\"contentUrl\":\"https:\\\/\\\/noticiasmercedinas.com\\\/site\\\/wp-content\\\/uploads\\\/2024\\\/11\\\/INFORMMM.jpg\",\"width\":683,\"height\":458},{\"@type\":\"BreadcrumbList\",\"@id\":\"https:\\\/\\\/noticiasmercedinas.com\\\/site\\\/2024\\\/11\\\/21\\\/obras-en-autopista-5-la-decision-politica-de-terminar-lo-empezado-esta\\\/#breadcrumb\",\"itemListElement\":[{\"@type\":\"ListItem\",\"position\":1,\"name\":\"Portada\",\"item\":\"https:\\\/\\\/noticiasmercedinas.com\\\/site\\\/\"},{\"@type\":\"ListItem\",\"position\":2,\"name\":\"Obras en Autopista 5: \u00abLa decisi\u00f3n pol\u00edtica de terminar lo empezado est\u00e1\u00bb\"}]},{\"@type\":\"WebSite\",\"@id\":\"https:\\\/\\\/noticiasmercedinas.com\\\/site\\\/#website\",\"url\":\"https:\\\/\\\/noticiasmercedinas.com\\\/site\\\/\",\"name\":\"NOTICIASMERCEDINAS.COM\",\"description\":\"Mercedes, Buenos Aires, Argentina\",\"publisher\":{\"@id\":\"https:\\\/\\\/noticiasmercedinas.com\\\/site\\\/#organization\"},\"potentialAction\":[{\"@type\":\"SearchAction\",\"target\":{\"@type\":\"EntryPoint\",\"urlTemplate\":\"https:\\\/\\\/noticiasmercedinas.com\\\/site\\\/?s={search_term_string}\"},\"query-input\":{\"@type\":\"PropertyValueSpecification\",\"valueRequired\":true,\"valueName\":\"search_term_string\"}}],\"inLanguage\":\"es\"},{\"@type\":\"Organization\",\"@id\":\"https:\\\/\\\/noticiasmercedinas.com\\\/site\\\/#organization\",\"name\":\"NOTICIASMERCEDINAS.COM\",\"url\":\"https:\\\/\\\/noticiasmercedinas.com\\\/site\\\/\",\"logo\":{\"@type\":\"ImageObject\",\"inLanguage\":\"es\",\"@id\":\"https:\\\/\\\/noticiasmercedinas.com\\\/site\\\/#\\\/schema\\\/logo\\\/image\\\/\",\"url\":\"https:\\\/\\\/noticiasmercedinas.com\\\/site\\\/wp-content\\\/uploads\\\/2020\\\/06\\\/LOGO-512.jpg\",\"contentUrl\":\"https:\\\/\\\/noticiasmercedinas.com\\\/site\\\/wp-content\\\/uploads\\\/2020\\\/06\\\/LOGO-512.jpg\",\"width\":512,\"height\":512,\"caption\":\"NOTICIASMERCEDINAS.COM\"},\"image\":{\"@id\":\"https:\\\/\\\/noticiasmercedinas.com\\\/site\\\/#\\\/schema\\\/logo\\\/image\\\/\"},\"sameAs\":[\"https:\\\/\\\/www.facebook.com\\\/noticiasmercedinas\\\/\",\"https:\\\/\\\/x.com\\\/notmercedinas\",\"https:\\\/\\\/www.instagram.com\\\/noticiasmercedinas\\\/\"]},{\"@type\":\"Person\",\"@id\":\"https:\\\/\\\/noticiasmercedinas.com\\\/site\\\/#\\\/schema\\\/person\\\/84b59c099c28ff2e8b77d4ceec5d8063\",\"name\":\"NOTICIASMERCEDINAS.COM\",\"image\":{\"@type\":\"ImageObject\",\"inLanguage\":\"es\",\"@id\":\"https:\\\/\\\/secure.gravatar.com\\\/avatar\\\/4dfbf16b4d17945bfb6341b2d19043457132fcf478a5ee04f42e959fd8f5df0a?s=96&d=mm&r=g\",\"url\":\"https:\\\/\\\/secure.gravatar.com\\\/avatar\\\/4dfbf16b4d17945bfb6341b2d19043457132fcf478a5ee04f42e959fd8f5df0a?s=96&d=mm&r=g\",\"contentUrl\":\"https:\\\/\\\/secure.gravatar.com\\\/avatar\\\/4dfbf16b4d17945bfb6341b2d19043457132fcf478a5ee04f42e959fd8f5df0a?s=96&d=mm&r=g\",\"caption\":\"NOTICIASMERCEDINAS.COM\"},\"url\":\"https:\\\/\\\/noticiasmercedinas.com\\\/site\\\/author\\\/anonimo\\\/\"}]}<\/script>\n<!-- \/ Yoast SEO plugin. -->","yoast_head_json":{"title":"Obras en Autopista 5: \"La decisi\u00f3n pol\u00edtica de terminar lo empezado est\u00e1\"","robots":{"index":"index","follow":"follow","max-snippet":"max-snippet:-1","max-image-preview":"max-image-preview:large","max-video-preview":"max-video-preview:-1"},"canonical":"https:\/\/noticiasmercedinas.com\/site\/2024\/11\/21\/obras-en-autopista-5-la-decision-politica-de-terminar-lo-empezado-esta\/","og_locale":"es_ES","og_type":"article","og_title":"Obras en Autopista 5: \"La decisi\u00f3n pol\u00edtica de terminar lo empezado est\u00e1\"","og_description":"\u25a0\u00a0El intendente de Chivilcoy, Guillermo Britos, destac\u00f3 avances en el proyecto tras una reuni\u00f3n con autoridades de Vialidad Nacional. Intendentes de la Cuarta Secci\u00f3n pidieron por la continuidad de las obras.","og_url":"https:\/\/noticiasmercedinas.com\/site\/2024\/11\/21\/obras-en-autopista-5-la-decision-politica-de-terminar-lo-empezado-esta\/","og_site_name":"NOTICIASMERCEDINAS.COM","article_publisher":"https:\/\/www.facebook.com\/noticiasmercedinas\/","article_published_time":"2024-11-21T19:26:31+00:00","og_image":[{"width":683,"height":458,"url":"https:\/\/noticiasmercedinas.com\/site\/wp-content\/uploads\/2024\/11\/INFORMMM.jpg","type":"image\/jpeg"}],"author":"NOTICIASMERCEDINAS.COM","twitter_card":"summary_large_image","twitter_creator":"@notmercedinas","twitter_site":"@notmercedinas","twitter_misc":{"Escrito por":"NOTICIASMERCEDINAS.COM","Tiempo de lectura":"2 minutos"},"schema":{"@context":"https:\/\/schema.org","@graph":[{"@type":"Article","@id":"https:\/\/noticiasmercedinas.com\/site\/2024\/11\/21\/obras-en-autopista-5-la-decision-politica-de-terminar-lo-empezado-esta\/#article","isPartOf":{"@id":"https:\/\/noticiasmercedinas.com\/site\/2024\/11\/21\/obras-en-autopista-5-la-decision-politica-de-terminar-lo-empezado-esta\/"},"author":{"name":"NOTICIASMERCEDINAS.COM","@id":"https:\/\/noticiasmercedinas.com\/site\/#\/schema\/person\/84b59c099c28ff2e8b77d4ceec5d8063"},"headline":"Obras en Autopista 5: \u00abLa decisi\u00f3n pol\u00edtica de terminar lo empezado est\u00e1\u00bb","datePublished":"2024-11-21T19:26:31+00:00","mainEntityOfPage":{"@id":"https:\/\/noticiasmercedinas.com\/site\/2024\/11\/21\/obras-en-autopista-5-la-decision-politica-de-terminar-lo-empezado-esta\/"},"wordCount":415,"publisher":{"@id":"https:\/\/noticiasmercedinas.com\/site\/#organization"},"image":{"@id":"https:\/\/noticiasmercedinas.com\/site\/2024\/11\/21\/obras-en-autopista-5-la-decision-politica-de-terminar-lo-empezado-esta\/#primaryimage"},"thumbnailUrl":"https:\/\/noticiasmercedinas.com\/site\/wp-content\/uploads\/2024\/11\/INFORMMM.jpg","keywords":["autopsta","chivilcoy","Guillermo Britos","mercedes","obras","ruta 5","suipacha"],"articleSection":["Sociedad"],"inLanguage":"es"},{"@type":"WebPage","@id":"https:\/\/noticiasmercedinas.com\/site\/2024\/11\/21\/obras-en-autopista-5-la-decision-politica-de-terminar-lo-empezado-esta\/","url":"https:\/\/noticiasmercedinas.com\/site\/2024\/11\/21\/obras-en-autopista-5-la-decision-politica-de-terminar-lo-empezado-esta\/","name":"Obras en Autopista 5: \"La decisi\u00f3n pol\u00edtica de terminar lo empezado est\u00e1\"","isPartOf":{"@id":"https:\/\/noticiasmercedinas.com\/site\/#website"},"primaryImageOfPage":{"@id":"https:\/\/noticiasmercedinas.com\/site\/2024\/11\/21\/obras-en-autopista-5-la-decision-politica-de-terminar-lo-empezado-esta\/#primaryimage"},"image":{"@id":"https:\/\/noticiasmercedinas.com\/site\/2024\/11\/21\/obras-en-autopista-5-la-decision-politica-de-terminar-lo-empezado-esta\/#primaryimage"},"thumbnailUrl":"https:\/\/noticiasmercedinas.com\/site\/wp-content\/uploads\/2024\/11\/INFORMMM.jpg","datePublished":"2024-11-21T19:26:31+00:00","breadcrumb":{"@id":"https:\/\/noticiasmercedinas.com\/site\/2024\/11\/21\/obras-en-autopista-5-la-decision-politica-de-terminar-lo-empezado-esta\/#breadcrumb"},"inLanguage":"es","potentialAction":[{"@type":"ReadAction","target":["https:\/\/noticiasmercedinas.com\/site\/2024\/11\/21\/obras-en-autopista-5-la-decision-politica-de-terminar-lo-empezado-esta\/"]}]},{"@type":"ImageObject","inLanguage":"es","@id":"https:\/\/noticiasmercedinas.com\/site\/2024\/11\/21\/obras-en-autopista-5-la-decision-politica-de-terminar-lo-empezado-esta\/#primaryimage","url":"https:\/\/noticiasmercedinas.com\/site\/wp-content\/uploads\/2024\/11\/INFORMMM.jpg","contentUrl":"https:\/\/noticiasmercedinas.com\/site\/wp-content\/uploads\/2024\/11\/INFORMMM.jpg","width":683,"height":458},{"@type":"BreadcrumbList","@id":"https:\/\/noticiasmercedinas.com\/site\/2024\/11\/21\/obras-en-autopista-5-la-decision-politica-de-terminar-lo-empezado-esta\/#breadcrumb","itemListElement":[{"@type":"ListItem","position":1,"name":"Portada","item":"https:\/\/noticiasmercedinas.com\/site\/"},{"@type":"ListItem","position":2,"name":"Obras en Autopista 5: \u00abLa decisi\u00f3n pol\u00edtica de terminar lo empezado est\u00e1\u00bb"}]},{"@type":"WebSite","@id":"https:\/\/noticiasmercedinas.com\/site\/#website","url":"https:\/\/noticiasmercedinas.com\/site\/","name":"NOTICIASMERCEDINAS.COM","description":"Mercedes, Buenos Aires, Argentina","publisher":{"@id":"https:\/\/noticiasmercedinas.com\/site\/#organization"},"potentialAction":[{"@type":"SearchAction","target":{"@type":"EntryPoint","urlTemplate":"https:\/\/noticiasmercedinas.com\/site\/?s={search_term_string}"},"query-input":{"@type":"PropertyValueSpecification","valueRequired":true,"valueName":"search_term_string"}}],"inLanguage":"es"},{"@type":"Organization","@id":"https:\/\/noticiasmercedinas.com\/site\/#organization","name":"NOTICIASMERCEDINAS.COM","url":"https:\/\/noticiasmercedinas.com\/site\/","logo":{"@type":"ImageObject","inLanguage":"es","@id":"https:\/\/noticiasmercedinas.com\/site\/#\/schema\/logo\/image\/","url":"https:\/\/noticiasmercedinas.com\/site\/wp-content\/uploads\/2020\/06\/LOGO-512.jpg","contentUrl":"https:\/\/noticiasmercedinas.com\/site\/wp-content\/uploads\/2020\/06\/LOGO-512.jpg","width":512,"height":512,"caption":"NOTICIASMERCEDINAS.COM"},"image":{"@id":"https:\/\/noticiasmercedinas.com\/site\/#\/schema\/logo\/image\/"},"sameAs":["https:\/\/www.facebook.com\/noticiasmercedinas\/","https:\/\/x.com\/notmercedinas","https:\/\/www.instagram.com\/noticiasmercedinas\/"]},{"@type":"Person","@id":"https:\/\/noticiasmercedinas.com\/site\/#\/schema\/person\/84b59c099c28ff2e8b77d4ceec5d8063","name":"NOTICIASMERCEDINAS.COM","image":{"@type":"ImageObject","inLanguage":"es","@id":"https:\/\/secure.gravatar.com\/avatar\/4dfbf16b4d17945bfb6341b2d19043457132fcf478a5ee04f42e959fd8f5df0a?s=96&d=mm&r=g","url":"https:\/\/secure.gravatar.com\/avatar\/4dfbf16b4d17945bfb6341b2d19043457132fcf478a5ee04f42e959fd8f5df0a?s=96&d=mm&r=g","contentUrl":"https:\/\/secure.gravatar.com\/avatar\/4dfbf16b4d17945bfb6341b2d19043457132fcf478a5ee04f42e959fd8f5df0a?s=96&d=mm&r=g","caption":"NOTICIASMERCEDINAS.COM"},"url":"https:\/\/noticiasmercedinas.com\/site\/author\/anonimo\/"}]}},"amp_enabled":true,"_links":{"self":[{"href":"https:\/\/noticiasmercedinas.com\/site\/wp-json\/wp\/v2\/posts\/148794","targetHints":{"allow":["GET"]}}],"collection":[{"href":"https:\/\/noticiasmercedinas.com\/site\/wp-json\/wp\/v2\/posts"}],"about":[{"href":"https:\/\/noticiasmercedinas.com\/site\/wp-json\/wp\/v2\/types\/post"}],"author":[{"embeddable":true,"href":"https:\/\/noticiasmercedinas.com\/site\/wp-json\/wp\/v2\/users\/16"}],"replies":[{"embeddable":true,"href":"https:\/\/noticiasmercedinas.com\/site\/wp-json\/wp\/v2\/comments?post=148794"}],"version-history":[{"count":1,"href":"https:\/\/noticiasmercedinas.com\/site\/wp-json\/wp\/v2\/posts\/148794\/revisions"}],"predecessor-version":[{"id":148796,"href":"https:\/\/noticiasmercedinas.com\/site\/wp-json\/wp\/v2\/posts\/148794\/revisions\/148796"}],"wp:featuredmedia":[{"embeddable":true,"href":"https:\/\/noticiasmercedinas.com\/site\/wp-json\/wp\/v2\/media\/148795"}],"wp:attachment":[{"href":"https:\/\/noticiasmercedinas.com\/site\/wp-json\/wp\/v2\/media?parent=148794"}],"wp:term":[{"taxonomy":"category","embeddable":true,"href":"https:\/\/noticiasmercedinas.com\/site\/wp-json\/wp\/v2\/categories?post=148794"},{"taxonomy":"post_tag","embeddable":true,"href":"https:\/\/noticiasmercedinas.com\/site\/wp-json\/wp\/v2\/tags?post=148794"}],"curies":[{"name":"wp","href":"https:\/\/api.w.org\/{rel}","templated":true}]}}