{"id":148860,"date":"2024-11-22T14:50:39","date_gmt":"2024-11-22T17:50:39","guid":{"rendered":"https:\/\/noticiasmercedinas.com\/site\/?p=148860"},"modified":"2024-11-22T15:52:18","modified_gmt":"2024-11-22T18:52:18","slug":"reconocimiento-a-la-trayectoria-homenaje-a-dos-agentes-judiciales-por-30-anos-de-servicio","status":"publish","type":"post","link":"https:\/\/noticiasmercedinas.com\/site\/2024\/11\/22\/reconocimiento-a-la-trayectoria-homenaje-a-dos-agentes-judiciales-por-30-anos-de-servicio\/","title":{"rendered":"Reconocimiento a la trayectoria: homenaje a dos agentes judiciales por 30 a\u00f1os de servicio"},"content":{"rendered":"<p><img loading=\"lazy\" decoding=\"async\" class=\"alignnone size-full wp-image-148861\" src=\"https:\/\/noticiasmercedinas.com\/site\/wp-content\/uploads\/2024\/11\/FOTO-1.jpg\" alt=\"\" width=\"1200\" height=\"1088\" srcset=\"https:\/\/noticiasmercedinas.com\/site\/wp-content\/uploads\/2024\/11\/FOTO-1.jpg 1200w, https:\/\/noticiasmercedinas.com\/site\/wp-content\/uploads\/2024\/11\/FOTO-1-300x272.jpg 300w, https:\/\/noticiasmercedinas.com\/site\/wp-content\/uploads\/2024\/11\/FOTO-1-1024x928.jpg 1024w, https:\/\/noticiasmercedinas.com\/site\/wp-content\/uploads\/2024\/11\/FOTO-1-768x696.jpg 768w, https:\/\/noticiasmercedinas.com\/site\/wp-content\/uploads\/2024\/11\/FOTO-1-640x580.jpg 640w, https:\/\/noticiasmercedinas.com\/site\/wp-content\/uploads\/2024\/11\/FOTO-1-681x617.jpg 681w\" sizes=\"auto, (max-width: 1200px) 100vw, 1200px\" \/><\/p>\n<p>En un acto celebrado hoy a las 11 de la ma\u00f1ana en la C\u00e1mara Penal de nuestra ciudad, dos agentes afiliadas a la Asociaci\u00f3n Judicial Bonaerense Departamental Mercedes (AJB Mercedes) recibieron un reconocimiento por sus tres d\u00e9cadas de servicio.<\/p>\n<p>Las homenajeadas, Marcela Adela Mar\u00eda Bacri y Silvia Gladys Pintado, fueron destacadas por su compromiso y dedicaci\u00f3n en el \u00e1mbito judicial durante 30 a\u00f1os. En el marco de la ceremonia, ambas recibieron medallas conmemorativas como muestra de gratitud por su aporte a la comunidad.<\/p>\n<p>Representantes de AJB Mercedes estuvieron presentes en el evento, entre ellos Ignacio Cassiani (Secretario General), Lujan Arbizu, Mariana Zunino, Malena Del Giudice y Gisela San Pedro, quienes tambi\u00e9n entregaron obsequios a las homenajeadas como muestra de aprecio por su larga trayectoria.<\/p>\n<p>\u201cFelicitamos a Marcela y Silvia por este logro, estamos muy agradecidos su entrega y profesionalismo a lo largo de estos a\u00f1os; son un ejemplo para todos\u201d, expresaron desde AJB Mercedes.<\/p>\n<p>Este reconocimiento no solo destaca la labor de estas dos agentes, sino que pone en valor el compromiso cotidiano de quienes trabajan en el sistema judicial, marcando un camino de excelencia para las futuras generaciones<\/p>\n","protected":false},"excerpt":{"rendered":"<p>\u25a0 Las homenajeadas, Marcela Adela Mar\u00eda Bacri y Silvia Gladys Pintado, fueron destacadas por su compromiso y dedicaci\u00f3n en el \u00e1mbito judicial durante 30 a\u00f1os.<\/p>\n","protected":false},"author":16,"featured_media":148861,"comment_status":"closed","ping_status":"closed","sticky":false,"template":"","format":"standard","meta":{"footnotes":""},"categories":[3],"tags":[82,672,1100],"class_list":["post-148860","post","type-post","status-publish","format-standard","has-post-thumbnail","hentry","category-sociedad","tag-ajb","tag-homenaje","tag-judiciales"],"yoast_head":"<!-- This site is optimized with the Yoast SEO plugin v27.4 - https:\/\/yoast.com\/product\/yoast-seo-wordpress\/ -->\n<title>Reconocimiento a la trayectoria: homenaje a dos agentes judiciales por 30 a\u00f1os de servicio<\/title>\n<meta name=\"robots\" content=\"index, follow, max-snippet:-1, max-image-preview:large, max-video-preview:-1\" \/>\n<link rel=\"canonical\" href=\"https:\/\/noticiasmercedinas.com\/site\/2024\/11\/22\/reconocimiento-a-la-trayectoria-homenaje-a-dos-agentes-judiciales-por-30-anos-de-servicio\/\" \/>\n<meta property=\"og:locale\" content=\"es_ES\" \/>\n<meta property=\"og:type\" content=\"article\" \/>\n<meta property=\"og:title\" content=\"Reconocimiento a la trayectoria: homenaje a dos agentes judiciales por 30 a\u00f1os de servicio\" \/>\n<meta property=\"og:description\" content=\"\u25a0 Las homenajeadas, Marcela Adela Mar\u00eda Bacri y Silvia Gladys Pintado, fueron destacadas por su compromiso y dedicaci\u00f3n en el \u00e1mbito judicial durante 30 a\u00f1os.\" \/>\n<meta property=\"og:url\" content=\"https:\/\/noticiasmercedinas.com\/site\/2024\/11\/22\/reconocimiento-a-la-trayectoria-homenaje-a-dos-agentes-judiciales-por-30-anos-de-servicio\/\" \/>\n<meta property=\"og:site_name\" content=\"NOTICIASMERCEDINAS.COM\" \/>\n<meta property=\"article:publisher\" content=\"https:\/\/www.facebook.com\/noticiasmercedinas\/\" \/>\n<meta property=\"article:published_time\" content=\"2024-11-22T17:50:39+00:00\" \/>\n<meta property=\"article:modified_time\" content=\"2024-11-22T18:52:18+00:00\" \/>\n<meta property=\"og:image\" content=\"https:\/\/noticiasmercedinas.com\/site\/wp-content\/uploads\/2024\/11\/FOTO-1.jpg\" \/>\n\t<meta property=\"og:image:width\" content=\"1200\" \/>\n\t<meta property=\"og:image:height\" content=\"1088\" \/>\n\t<meta property=\"og:image:type\" content=\"image\/jpeg\" \/>\n<meta name=\"author\" content=\"NOTICIASMERCEDINAS.COM\" \/>\n<meta name=\"twitter:card\" content=\"summary_large_image\" \/>\n<meta name=\"twitter:creator\" content=\"@notmercedinas\" \/>\n<meta name=\"twitter:site\" content=\"@notmercedinas\" \/>\n<meta name=\"twitter:label1\" content=\"Escrito por\" \/>\n\t<meta name=\"twitter:data1\" content=\"NOTICIASMERCEDINAS.COM\" \/>\n\t<meta name=\"twitter:label2\" content=\"Tiempo de lectura\" \/>\n\t<meta name=\"twitter:data2\" content=\"1 minuto\" \/>\n<script type=\"application\/ld+json\" class=\"yoast-schema-graph\">{\"@context\":\"https:\\\/\\\/schema.org\",\"@graph\":[{\"@type\":\"Article\",\"@id\":\"https:\\\/\\\/noticiasmercedinas.com\\\/site\\\/2024\\\/11\\\/22\\\/reconocimiento-a-la-trayectoria-homenaje-a-dos-agentes-judiciales-por-30-anos-de-servicio\\\/#article\",\"isPartOf\":{\"@id\":\"https:\\\/\\\/noticiasmercedinas.com\\\/site\\\/2024\\\/11\\\/22\\\/reconocimiento-a-la-trayectoria-homenaje-a-dos-agentes-judiciales-por-30-anos-de-servicio\\\/\"},\"author\":{\"name\":\"NOTICIASMERCEDINAS.COM\",\"@id\":\"https:\\\/\\\/noticiasmercedinas.com\\\/site\\\/#\\\/schema\\\/person\\\/84b59c099c28ff2e8b77d4ceec5d8063\"},\"headline\":\"Reconocimiento a la trayectoria: homenaje a dos agentes judiciales por 30 a\u00f1os de servicio\",\"datePublished\":\"2024-11-22T17:50:39+00:00\",\"dateModified\":\"2024-11-22T18:52:18+00:00\",\"mainEntityOfPage\":{\"@id\":\"https:\\\/\\\/noticiasmercedinas.com\\\/site\\\/2024\\\/11\\\/22\\\/reconocimiento-a-la-trayectoria-homenaje-a-dos-agentes-judiciales-por-30-anos-de-servicio\\\/\"},\"wordCount\":210,\"publisher\":{\"@id\":\"https:\\\/\\\/noticiasmercedinas.com\\\/site\\\/#organization\"},\"image\":{\"@id\":\"https:\\\/\\\/noticiasmercedinas.com\\\/site\\\/2024\\\/11\\\/22\\\/reconocimiento-a-la-trayectoria-homenaje-a-dos-agentes-judiciales-por-30-anos-de-servicio\\\/#primaryimage\"},\"thumbnailUrl\":\"https:\\\/\\\/noticiasmercedinas.com\\\/site\\\/wp-content\\\/uploads\\\/2024\\\/11\\\/FOTO-1.jpg\",\"keywords\":[\"AJB\",\"homenaje\",\"judiciales\"],\"articleSection\":[\"Sociedad\"],\"inLanguage\":\"es\"},{\"@type\":\"WebPage\",\"@id\":\"https:\\\/\\\/noticiasmercedinas.com\\\/site\\\/2024\\\/11\\\/22\\\/reconocimiento-a-la-trayectoria-homenaje-a-dos-agentes-judiciales-por-30-anos-de-servicio\\\/\",\"url\":\"https:\\\/\\\/noticiasmercedinas.com\\\/site\\\/2024\\\/11\\\/22\\\/reconocimiento-a-la-trayectoria-homenaje-a-dos-agentes-judiciales-por-30-anos-de-servicio\\\/\",\"name\":\"Reconocimiento a la trayectoria: homenaje a dos agentes judiciales por 30 a\u00f1os de servicio\",\"isPartOf\":{\"@id\":\"https:\\\/\\\/noticiasmercedinas.com\\\/site\\\/#website\"},\"primaryImageOfPage\":{\"@id\":\"https:\\\/\\\/noticiasmercedinas.com\\\/site\\\/2024\\\/11\\\/22\\\/reconocimiento-a-la-trayectoria-homenaje-a-dos-agentes-judiciales-por-30-anos-de-servicio\\\/#primaryimage\"},\"image\":{\"@id\":\"https:\\\/\\\/noticiasmercedinas.com\\\/site\\\/2024\\\/11\\\/22\\\/reconocimiento-a-la-trayectoria-homenaje-a-dos-agentes-judiciales-por-30-anos-de-servicio\\\/#primaryimage\"},\"thumbnailUrl\":\"https:\\\/\\\/noticiasmercedinas.com\\\/site\\\/wp-content\\\/uploads\\\/2024\\\/11\\\/FOTO-1.jpg\",\"datePublished\":\"2024-11-22T17:50:39+00:00\",\"dateModified\":\"2024-11-22T18:52:18+00:00\",\"breadcrumb\":{\"@id\":\"https:\\\/\\\/noticiasmercedinas.com\\\/site\\\/2024\\\/11\\\/22\\\/reconocimiento-a-la-trayectoria-homenaje-a-dos-agentes-judiciales-por-30-anos-de-servicio\\\/#breadcrumb\"},\"inLanguage\":\"es\",\"potentialAction\":[{\"@type\":\"ReadAction\",\"target\":[\"https:\\\/\\\/noticiasmercedinas.com\\\/site\\\/2024\\\/11\\\/22\\\/reconocimiento-a-la-trayectoria-homenaje-a-dos-agentes-judiciales-por-30-anos-de-servicio\\\/\"]}]},{\"@type\":\"ImageObject\",\"inLanguage\":\"es\",\"@id\":\"https:\\\/\\\/noticiasmercedinas.com\\\/site\\\/2024\\\/11\\\/22\\\/reconocimiento-a-la-trayectoria-homenaje-a-dos-agentes-judiciales-por-30-anos-de-servicio\\\/#primaryimage\",\"url\":\"https:\\\/\\\/noticiasmercedinas.com\\\/site\\\/wp-content\\\/uploads\\\/2024\\\/11\\\/FOTO-1.jpg\",\"contentUrl\":\"https:\\\/\\\/noticiasmercedinas.com\\\/site\\\/wp-content\\\/uploads\\\/2024\\\/11\\\/FOTO-1.jpg\",\"width\":1200,\"height\":1088},{\"@type\":\"BreadcrumbList\",\"@id\":\"https:\\\/\\\/noticiasmercedinas.com\\\/site\\\/2024\\\/11\\\/22\\\/reconocimiento-a-la-trayectoria-homenaje-a-dos-agentes-judiciales-por-30-anos-de-servicio\\\/#breadcrumb\",\"itemListElement\":[{\"@type\":\"ListItem\",\"position\":1,\"name\":\"Portada\",\"item\":\"https:\\\/\\\/noticiasmercedinas.com\\\/site\\\/\"},{\"@type\":\"ListItem\",\"position\":2,\"name\":\"Reconocimiento a la trayectoria: homenaje a dos agentes judiciales por 30 a\u00f1os de servicio\"}]},{\"@type\":\"WebSite\",\"@id\":\"https:\\\/\\\/noticiasmercedinas.com\\\/site\\\/#website\",\"url\":\"https:\\\/\\\/noticiasmercedinas.com\\\/site\\\/\",\"name\":\"NOTICIASMERCEDINAS.COM\",\"description\":\"Mercedes, Buenos Aires, Argentina\",\"publisher\":{\"@id\":\"https:\\\/\\\/noticiasmercedinas.com\\\/site\\\/#organization\"},\"potentialAction\":[{\"@type\":\"SearchAction\",\"target\":{\"@type\":\"EntryPoint\",\"urlTemplate\":\"https:\\\/\\\/noticiasmercedinas.com\\\/site\\\/?s={search_term_string}\"},\"query-input\":{\"@type\":\"PropertyValueSpecification\",\"valueRequired\":true,\"valueName\":\"search_term_string\"}}],\"inLanguage\":\"es\"},{\"@type\":\"Organization\",\"@id\":\"https:\\\/\\\/noticiasmercedinas.com\\\/site\\\/#organization\",\"name\":\"NOTICIASMERCEDINAS.COM\",\"url\":\"https:\\\/\\\/noticiasmercedinas.com\\\/site\\\/\",\"logo\":{\"@type\":\"ImageObject\",\"inLanguage\":\"es\",\"@id\":\"https:\\\/\\\/noticiasmercedinas.com\\\/site\\\/#\\\/schema\\\/logo\\\/image\\\/\",\"url\":\"https:\\\/\\\/noticiasmercedinas.com\\\/site\\\/wp-content\\\/uploads\\\/2020\\\/06\\\/LOGO-512.jpg\",\"contentUrl\":\"https:\\\/\\\/noticiasmercedinas.com\\\/site\\\/wp-content\\\/uploads\\\/2020\\\/06\\\/LOGO-512.jpg\",\"width\":512,\"height\":512,\"caption\":\"NOTICIASMERCEDINAS.COM\"},\"image\":{\"@id\":\"https:\\\/\\\/noticiasmercedinas.com\\\/site\\\/#\\\/schema\\\/logo\\\/image\\\/\"},\"sameAs\":[\"https:\\\/\\\/www.facebook.com\\\/noticiasmercedinas\\\/\",\"https:\\\/\\\/x.com\\\/notmercedinas\",\"https:\\\/\\\/www.instagram.com\\\/noticiasmercedinas\\\/\"]},{\"@type\":\"Person\",\"@id\":\"https:\\\/\\\/noticiasmercedinas.com\\\/site\\\/#\\\/schema\\\/person\\\/84b59c099c28ff2e8b77d4ceec5d8063\",\"name\":\"NOTICIASMERCEDINAS.COM\",\"image\":{\"@type\":\"ImageObject\",\"inLanguage\":\"es\",\"@id\":\"https:\\\/\\\/secure.gravatar.com\\\/avatar\\\/4dfbf16b4d17945bfb6341b2d19043457132fcf478a5ee04f42e959fd8f5df0a?s=96&d=mm&r=g\",\"url\":\"https:\\\/\\\/secure.gravatar.com\\\/avatar\\\/4dfbf16b4d17945bfb6341b2d19043457132fcf478a5ee04f42e959fd8f5df0a?s=96&d=mm&r=g\",\"contentUrl\":\"https:\\\/\\\/secure.gravatar.com\\\/avatar\\\/4dfbf16b4d17945bfb6341b2d19043457132fcf478a5ee04f42e959fd8f5df0a?s=96&d=mm&r=g\",\"caption\":\"NOTICIASMERCEDINAS.COM\"},\"url\":\"https:\\\/\\\/noticiasmercedinas.com\\\/site\\\/author\\\/anonimo\\\/\"}]}<\/script>\n<!-- \/ Yoast SEO plugin. -->","yoast_head_json":{"title":"Reconocimiento a la trayectoria: homenaje a dos agentes judiciales por 30 a\u00f1os de servicio","robots":{"index":"index","follow":"follow","max-snippet":"max-snippet:-1","max-image-preview":"max-image-preview:large","max-video-preview":"max-video-preview:-1"},"canonical":"https:\/\/noticiasmercedinas.com\/site\/2024\/11\/22\/reconocimiento-a-la-trayectoria-homenaje-a-dos-agentes-judiciales-por-30-anos-de-servicio\/","og_locale":"es_ES","og_type":"article","og_title":"Reconocimiento a la trayectoria: homenaje a dos agentes judiciales por 30 a\u00f1os de servicio","og_description":"\u25a0 Las homenajeadas, Marcela Adela Mar\u00eda Bacri y Silvia Gladys Pintado, fueron destacadas por su compromiso y dedicaci\u00f3n en el \u00e1mbito judicial durante 30 a\u00f1os.","og_url":"https:\/\/noticiasmercedinas.com\/site\/2024\/11\/22\/reconocimiento-a-la-trayectoria-homenaje-a-dos-agentes-judiciales-por-30-anos-de-servicio\/","og_site_name":"NOTICIASMERCEDINAS.COM","article_publisher":"https:\/\/www.facebook.com\/noticiasmercedinas\/","article_published_time":"2024-11-22T17:50:39+00:00","article_modified_time":"2024-11-22T18:52:18+00:00","og_image":[{"width":1200,"height":1088,"url":"https:\/\/noticiasmercedinas.com\/site\/wp-content\/uploads\/2024\/11\/FOTO-1.jpg","type":"image\/jpeg"}],"author":"NOTICIASMERCEDINAS.COM","twitter_card":"summary_large_image","twitter_creator":"@notmercedinas","twitter_site":"@notmercedinas","twitter_misc":{"Escrito por":"NOTICIASMERCEDINAS.COM","Tiempo de lectura":"1 minuto"},"schema":{"@context":"https:\/\/schema.org","@graph":[{"@type":"Article","@id":"https:\/\/noticiasmercedinas.com\/site\/2024\/11\/22\/reconocimiento-a-la-trayectoria-homenaje-a-dos-agentes-judiciales-por-30-anos-de-servicio\/#article","isPartOf":{"@id":"https:\/\/noticiasmercedinas.com\/site\/2024\/11\/22\/reconocimiento-a-la-trayectoria-homenaje-a-dos-agentes-judiciales-por-30-anos-de-servicio\/"},"author":{"name":"NOTICIASMERCEDINAS.COM","@id":"https:\/\/noticiasmercedinas.com\/site\/#\/schema\/person\/84b59c099c28ff2e8b77d4ceec5d8063"},"headline":"Reconocimiento a la trayectoria: homenaje a dos agentes judiciales por 30 a\u00f1os de servicio","datePublished":"2024-11-22T17:50:39+00:00","dateModified":"2024-11-22T18:52:18+00:00","mainEntityOfPage":{"@id":"https:\/\/noticiasmercedinas.com\/site\/2024\/11\/22\/reconocimiento-a-la-trayectoria-homenaje-a-dos-agentes-judiciales-por-30-anos-de-servicio\/"},"wordCount":210,"publisher":{"@id":"https:\/\/noticiasmercedinas.com\/site\/#organization"},"image":{"@id":"https:\/\/noticiasmercedinas.com\/site\/2024\/11\/22\/reconocimiento-a-la-trayectoria-homenaje-a-dos-agentes-judiciales-por-30-anos-de-servicio\/#primaryimage"},"thumbnailUrl":"https:\/\/noticiasmercedinas.com\/site\/wp-content\/uploads\/2024\/11\/FOTO-1.jpg","keywords":["AJB","homenaje","judiciales"],"articleSection":["Sociedad"],"inLanguage":"es"},{"@type":"WebPage","@id":"https:\/\/noticiasmercedinas.com\/site\/2024\/11\/22\/reconocimiento-a-la-trayectoria-homenaje-a-dos-agentes-judiciales-por-30-anos-de-servicio\/","url":"https:\/\/noticiasmercedinas.com\/site\/2024\/11\/22\/reconocimiento-a-la-trayectoria-homenaje-a-dos-agentes-judiciales-por-30-anos-de-servicio\/","name":"Reconocimiento a la trayectoria: homenaje a dos agentes judiciales por 30 a\u00f1os de servicio","isPartOf":{"@id":"https:\/\/noticiasmercedinas.com\/site\/#website"},"primaryImageOfPage":{"@id":"https:\/\/noticiasmercedinas.com\/site\/2024\/11\/22\/reconocimiento-a-la-trayectoria-homenaje-a-dos-agentes-judiciales-por-30-anos-de-servicio\/#primaryimage"},"image":{"@id":"https:\/\/noticiasmercedinas.com\/site\/2024\/11\/22\/reconocimiento-a-la-trayectoria-homenaje-a-dos-agentes-judiciales-por-30-anos-de-servicio\/#primaryimage"},"thumbnailUrl":"https:\/\/noticiasmercedinas.com\/site\/wp-content\/uploads\/2024\/11\/FOTO-1.jpg","datePublished":"2024-11-22T17:50:39+00:00","dateModified":"2024-11-22T18:52:18+00:00","breadcrumb":{"@id":"https:\/\/noticiasmercedinas.com\/site\/2024\/11\/22\/reconocimiento-a-la-trayectoria-homenaje-a-dos-agentes-judiciales-por-30-anos-de-servicio\/#breadcrumb"},"inLanguage":"es","potentialAction":[{"@type":"ReadAction","target":["https:\/\/noticiasmercedinas.com\/site\/2024\/11\/22\/reconocimiento-a-la-trayectoria-homenaje-a-dos-agentes-judiciales-por-30-anos-de-servicio\/"]}]},{"@type":"ImageObject","inLanguage":"es","@id":"https:\/\/noticiasmercedinas.com\/site\/2024\/11\/22\/reconocimiento-a-la-trayectoria-homenaje-a-dos-agentes-judiciales-por-30-anos-de-servicio\/#primaryimage","url":"https:\/\/noticiasmercedinas.com\/site\/wp-content\/uploads\/2024\/11\/FOTO-1.jpg","contentUrl":"https:\/\/noticiasmercedinas.com\/site\/wp-content\/uploads\/2024\/11\/FOTO-1.jpg","width":1200,"height":1088},{"@type":"BreadcrumbList","@id":"https:\/\/noticiasmercedinas.com\/site\/2024\/11\/22\/reconocimiento-a-la-trayectoria-homenaje-a-dos-agentes-judiciales-por-30-anos-de-servicio\/#breadcrumb","itemListElement":[{"@type":"ListItem","position":1,"name":"Portada","item":"https:\/\/noticiasmercedinas.com\/site\/"},{"@type":"ListItem","position":2,"name":"Reconocimiento a la trayectoria: homenaje a dos agentes judiciales por 30 a\u00f1os de servicio"}]},{"@type":"WebSite","@id":"https:\/\/noticiasmercedinas.com\/site\/#website","url":"https:\/\/noticiasmercedinas.com\/site\/","name":"NOTICIASMERCEDINAS.COM","description":"Mercedes, Buenos Aires, Argentina","publisher":{"@id":"https:\/\/noticiasmercedinas.com\/site\/#organization"},"potentialAction":[{"@type":"SearchAction","target":{"@type":"EntryPoint","urlTemplate":"https:\/\/noticiasmercedinas.com\/site\/?s={search_term_string}"},"query-input":{"@type":"PropertyValueSpecification","valueRequired":true,"valueName":"search_term_string"}}],"inLanguage":"es"},{"@type":"Organization","@id":"https:\/\/noticiasmercedinas.com\/site\/#organization","name":"NOTICIASMERCEDINAS.COM","url":"https:\/\/noticiasmercedinas.com\/site\/","logo":{"@type":"ImageObject","inLanguage":"es","@id":"https:\/\/noticiasmercedinas.com\/site\/#\/schema\/logo\/image\/","url":"https:\/\/noticiasmercedinas.com\/site\/wp-content\/uploads\/2020\/06\/LOGO-512.jpg","contentUrl":"https:\/\/noticiasmercedinas.com\/site\/wp-content\/uploads\/2020\/06\/LOGO-512.jpg","width":512,"height":512,"caption":"NOTICIASMERCEDINAS.COM"},"image":{"@id":"https:\/\/noticiasmercedinas.com\/site\/#\/schema\/logo\/image\/"},"sameAs":["https:\/\/www.facebook.com\/noticiasmercedinas\/","https:\/\/x.com\/notmercedinas","https:\/\/www.instagram.com\/noticiasmercedinas\/"]},{"@type":"Person","@id":"https:\/\/noticiasmercedinas.com\/site\/#\/schema\/person\/84b59c099c28ff2e8b77d4ceec5d8063","name":"NOTICIASMERCEDINAS.COM","image":{"@type":"ImageObject","inLanguage":"es","@id":"https:\/\/secure.gravatar.com\/avatar\/4dfbf16b4d17945bfb6341b2d19043457132fcf478a5ee04f42e959fd8f5df0a?s=96&d=mm&r=g","url":"https:\/\/secure.gravatar.com\/avatar\/4dfbf16b4d17945bfb6341b2d19043457132fcf478a5ee04f42e959fd8f5df0a?s=96&d=mm&r=g","contentUrl":"https:\/\/secure.gravatar.com\/avatar\/4dfbf16b4d17945bfb6341b2d19043457132fcf478a5ee04f42e959fd8f5df0a?s=96&d=mm&r=g","caption":"NOTICIASMERCEDINAS.COM"},"url":"https:\/\/noticiasmercedinas.com\/site\/author\/anonimo\/"}]}},"amp_enabled":true,"_links":{"self":[{"href":"https:\/\/noticiasmercedinas.com\/site\/wp-json\/wp\/v2\/posts\/148860","targetHints":{"allow":["GET"]}}],"collection":[{"href":"https:\/\/noticiasmercedinas.com\/site\/wp-json\/wp\/v2\/posts"}],"about":[{"href":"https:\/\/noticiasmercedinas.com\/site\/wp-json\/wp\/v2\/types\/post"}],"author":[{"embeddable":true,"href":"https:\/\/noticiasmercedinas.com\/site\/wp-json\/wp\/v2\/users\/16"}],"replies":[{"embeddable":true,"href":"https:\/\/noticiasmercedinas.com\/site\/wp-json\/wp\/v2\/comments?post=148860"}],"version-history":[{"count":2,"href":"https:\/\/noticiasmercedinas.com\/site\/wp-json\/wp\/v2\/posts\/148860\/revisions"}],"predecessor-version":[{"id":148863,"href":"https:\/\/noticiasmercedinas.com\/site\/wp-json\/wp\/v2\/posts\/148860\/revisions\/148863"}],"wp:featuredmedia":[{"embeddable":true,"href":"https:\/\/noticiasmercedinas.com\/site\/wp-json\/wp\/v2\/media\/148861"}],"wp:attachment":[{"href":"https:\/\/noticiasmercedinas.com\/site\/wp-json\/wp\/v2\/media?parent=148860"}],"wp:term":[{"taxonomy":"category","embeddable":true,"href":"https:\/\/noticiasmercedinas.com\/site\/wp-json\/wp\/v2\/categories?post=148860"},{"taxonomy":"post_tag","embeddable":true,"href":"https:\/\/noticiasmercedinas.com\/site\/wp-json\/wp\/v2\/tags?post=148860"}],"curies":[{"name":"wp","href":"https:\/\/api.w.org\/{rel}","templated":true}]}}