{"id":148914,"date":"2024-11-23T11:09:53","date_gmt":"2024-11-23T14:09:53","guid":{"rendered":"https:\/\/noticiasmercedinas.com\/site\/?p=148914"},"modified":"2024-11-24T11:29:58","modified_gmt":"2024-11-24T14:29:58","slug":"teatro-talia-presento-varias-obras-de-su-taller-anual-de-teatro","status":"publish","type":"post","link":"https:\/\/noticiasmercedinas.com\/site\/2024\/11\/23\/teatro-talia-presento-varias-obras-de-su-taller-anual-de-teatro\/","title":{"rendered":"Teatro Tal\u00eda present\u00f3 varias obras de su Taller Anual de Teatro"},"content":{"rendered":"<p><img loading=\"lazy\" decoding=\"async\" class=\"alignnone size-full wp-image-148919\" src=\"https:\/\/noticiasmercedinas.com\/site\/wp-content\/uploads\/2024\/11\/JUE.jpg\" alt=\"\" width=\"640\" height=\"442\" srcset=\"https:\/\/noticiasmercedinas.com\/site\/wp-content\/uploads\/2024\/11\/JUE.jpg 640w, https:\/\/noticiasmercedinas.com\/site\/wp-content\/uploads\/2024\/11\/JUE-300x207.jpg 300w\" sizes=\"auto, (max-width: 640px) 100vw, 640px\" \/><\/p>\n<p>El s\u00e1bado 16 de noviembre el <strong>Teatro Tal\u00eda<\/strong> present\u00f3 su <strong>Taller Anual de Teatro.<\/strong> Digno corolario de un a\u00f1o de trabajo que, a trav\u00e9s de cinco obras cortas, mostr\u00f3 el talento de sus alumnos, dirigidos por <strong>Stella Siri y Jorge Naipauer.<\/strong><\/p>\n<p>El programa estuvo conformado por cuatro obras dirigidas por Stella Siri.<\/p>\n<p><img loading=\"lazy\" decoding=\"async\" class=\"alignnone size-full wp-image-148915\" src=\"https:\/\/noticiasmercedinas.com\/site\/wp-content\/uploads\/2024\/11\/01.jpg\" alt=\"\" width=\"1600\" height=\"1201\" srcset=\"https:\/\/noticiasmercedinas.com\/site\/wp-content\/uploads\/2024\/11\/01.jpg 1600w, https:\/\/noticiasmercedinas.com\/site\/wp-content\/uploads\/2024\/11\/01-300x225.jpg 300w, https:\/\/noticiasmercedinas.com\/site\/wp-content\/uploads\/2024\/11\/01-1024x769.jpg 1024w, https:\/\/noticiasmercedinas.com\/site\/wp-content\/uploads\/2024\/11\/01-768x576.jpg 768w, https:\/\/noticiasmercedinas.com\/site\/wp-content\/uploads\/2024\/11\/01-1536x1153.jpg 1536w, https:\/\/noticiasmercedinas.com\/site\/wp-content\/uploads\/2024\/11\/01-80x60.jpg 80w, https:\/\/noticiasmercedinas.com\/site\/wp-content\/uploads\/2024\/11\/01-160x120.jpg 160w, https:\/\/noticiasmercedinas.com\/site\/wp-content\/uploads\/2024\/11\/01-100x75.jpg 100w, https:\/\/noticiasmercedinas.com\/site\/wp-content\/uploads\/2024\/11\/01-200x150.jpg 200w, https:\/\/noticiasmercedinas.com\/site\/wp-content\/uploads\/2024\/11\/01-180x135.jpg 180w, https:\/\/noticiasmercedinas.com\/site\/wp-content\/uploads\/2024\/11\/01-360x270.jpg 360w, https:\/\/noticiasmercedinas.com\/site\/wp-content\/uploads\/2024\/11\/01-238x178.jpg 238w, https:\/\/noticiasmercedinas.com\/site\/wp-content\/uploads\/2024\/11\/01-476x356.jpg 476w, https:\/\/noticiasmercedinas.com\/site\/wp-content\/uploads\/2024\/11\/01-640x480.jpg 640w, https:\/\/noticiasmercedinas.com\/site\/wp-content\/uploads\/2024\/11\/01-1280x961.jpg 1280w, https:\/\/noticiasmercedinas.com\/site\/wp-content\/uploads\/2024\/11\/01-681x511.jpg 681w, https:\/\/noticiasmercedinas.com\/site\/wp-content\/uploads\/2024\/11\/01-1362x1022.jpg 1362w\" sizes=\"auto, (max-width: 1600px) 100vw, 1600px\" \/><\/p>\n<p><strong>Obra 1<\/strong>: escena de <strong>\u201cLa Edad de las Ciruelas\u201d<\/strong><\/p>\n<p>Presenta dos hermanas, perdidas en recuerdos adolescentes que evolucionan hacia la madurez y sus consecuencias.<\/p>\n<p><strong>Pelusa Ib\u00e1\u00f1ez<\/strong>, aparece en escena en una actitud amable y so\u00f1adora, evocando memorias lejanas. <strong>Mercedes Barandiar\u00e1n<\/strong>, como contrapartida, mostr\u00f3 un personaje s\u00f3lido matizado por parlamentos punzantes e ir\u00f3nicos que, en un crescendo dram\u00e1tico, develar\u00e1 un secreto celosamente guardado por a\u00f1os..<\/p>\n<p>Ambas actrices crearon un espacio intimista que transit\u00f3 alternativamente por momentos amables y \u00e1speros, recorridos por la bruma del pasado, en una buena actuaci\u00f3n.<\/p>\n<p><img loading=\"lazy\" decoding=\"async\" class=\"alignnone size-full wp-image-148916\" src=\"https:\/\/noticiasmercedinas.com\/site\/wp-content\/uploads\/2024\/11\/02.jpg\" alt=\"\" width=\"1600\" height=\"1201\" srcset=\"https:\/\/noticiasmercedinas.com\/site\/wp-content\/uploads\/2024\/11\/02.jpg 1600w, https:\/\/noticiasmercedinas.com\/site\/wp-content\/uploads\/2024\/11\/02-300x225.jpg 300w, https:\/\/noticiasmercedinas.com\/site\/wp-content\/uploads\/2024\/11\/02-1024x769.jpg 1024w, https:\/\/noticiasmercedinas.com\/site\/wp-content\/uploads\/2024\/11\/02-768x576.jpg 768w, https:\/\/noticiasmercedinas.com\/site\/wp-content\/uploads\/2024\/11\/02-1536x1153.jpg 1536w, https:\/\/noticiasmercedinas.com\/site\/wp-content\/uploads\/2024\/11\/02-80x60.jpg 80w, https:\/\/noticiasmercedinas.com\/site\/wp-content\/uploads\/2024\/11\/02-160x120.jpg 160w, https:\/\/noticiasmercedinas.com\/site\/wp-content\/uploads\/2024\/11\/02-100x75.jpg 100w, https:\/\/noticiasmercedinas.com\/site\/wp-content\/uploads\/2024\/11\/02-200x150.jpg 200w, https:\/\/noticiasmercedinas.com\/site\/wp-content\/uploads\/2024\/11\/02-180x135.jpg 180w, https:\/\/noticiasmercedinas.com\/site\/wp-content\/uploads\/2024\/11\/02-360x270.jpg 360w, https:\/\/noticiasmercedinas.com\/site\/wp-content\/uploads\/2024\/11\/02-238x178.jpg 238w, https:\/\/noticiasmercedinas.com\/site\/wp-content\/uploads\/2024\/11\/02-476x356.jpg 476w, https:\/\/noticiasmercedinas.com\/site\/wp-content\/uploads\/2024\/11\/02-640x480.jpg 640w, https:\/\/noticiasmercedinas.com\/site\/wp-content\/uploads\/2024\/11\/02-1280x961.jpg 1280w, https:\/\/noticiasmercedinas.com\/site\/wp-content\/uploads\/2024\/11\/02-681x511.jpg 681w, https:\/\/noticiasmercedinas.com\/site\/wp-content\/uploads\/2024\/11\/02-1362x1022.jpg 1362w\" sizes=\"auto, (max-width: 1600px) 100vw, 1600px\" \/><\/p>\n<p><strong>Obra 2: \u201cManicomio\u201d<\/strong><\/p>\n<p>Una escena enmarcada por m\u00fasica chispeante y movediza da paso a <strong>Liliana Hern\u00e1ndez, <\/strong>la diligente empleada de una agencia de viajes a quien sorprende <strong>Patricia Nicodemo,<\/strong> indignada pasajera que reclama por la p\u00e9rdida de su vuelo.<\/p>\n<p>A partir de esta situaci\u00f3n, disparatada e hilarante, las actrices interact\u00faan en un desopilante contrapunto que tendr\u00e1 un sorpresivo final, cerrando este paso de comedia de manera brillante.<\/p>\n<p><img loading=\"lazy\" decoding=\"async\" class=\"alignnone size-full wp-image-148917\" src=\"https:\/\/noticiasmercedinas.com\/site\/wp-content\/uploads\/2024\/11\/03.jpg\" alt=\"\" width=\"1600\" height=\"1200\" srcset=\"https:\/\/noticiasmercedinas.com\/site\/wp-content\/uploads\/2024\/11\/03.jpg 1600w, https:\/\/noticiasmercedinas.com\/site\/wp-content\/uploads\/2024\/11\/03-300x225.jpg 300w, https:\/\/noticiasmercedinas.com\/site\/wp-content\/uploads\/2024\/11\/03-1024x768.jpg 1024w, https:\/\/noticiasmercedinas.com\/site\/wp-content\/uploads\/2024\/11\/03-768x576.jpg 768w, https:\/\/noticiasmercedinas.com\/site\/wp-content\/uploads\/2024\/11\/03-1536x1152.jpg 1536w, https:\/\/noticiasmercedinas.com\/site\/wp-content\/uploads\/2024\/11\/03-80x60.jpg 80w, https:\/\/noticiasmercedinas.com\/site\/wp-content\/uploads\/2024\/11\/03-160x120.jpg 160w, https:\/\/noticiasmercedinas.com\/site\/wp-content\/uploads\/2024\/11\/03-100x75.jpg 100w, https:\/\/noticiasmercedinas.com\/site\/wp-content\/uploads\/2024\/11\/03-200x150.jpg 200w, https:\/\/noticiasmercedinas.com\/site\/wp-content\/uploads\/2024\/11\/03-180x135.jpg 180w, https:\/\/noticiasmercedinas.com\/site\/wp-content\/uploads\/2024\/11\/03-360x270.jpg 360w, https:\/\/noticiasmercedinas.com\/site\/wp-content\/uploads\/2024\/11\/03-238x178.jpg 238w, https:\/\/noticiasmercedinas.com\/site\/wp-content\/uploads\/2024\/11\/03-476x356.jpg 476w, https:\/\/noticiasmercedinas.com\/site\/wp-content\/uploads\/2024\/11\/03-640x480.jpg 640w, https:\/\/noticiasmercedinas.com\/site\/wp-content\/uploads\/2024\/11\/03-1280x960.jpg 1280w, https:\/\/noticiasmercedinas.com\/site\/wp-content\/uploads\/2024\/11\/03-681x511.jpg 681w, https:\/\/noticiasmercedinas.com\/site\/wp-content\/uploads\/2024\/11\/03-1362x1022.jpg 1362w\" sizes=\"auto, (max-width: 1600px) 100vw, 1600px\" \/><\/p>\n<p><strong>Obra 3: \u201cEstatuas\u201d<\/strong><\/p>\n<p>En esta acci\u00f3n aparece una pareja que ocupa el espacio de una plaza donde trabajan como estatuas. A trav\u00e9s de su di\u00e1logo descubrimos un matrimonio que atraviesa una crisis de pareja, insalvable.<\/p>\n<p><strong>Graciela Solimandi<\/strong> mostr\u00f3 gran ductilidad al encarnar este dif\u00edcil papel; su acting corporal y la gestualidad con que visti\u00f3 \u00a0al personaje resultaron encantadoras.<\/p>\n<p>Su pareja, <strong>H\u00e9ctor Safdie<\/strong> fue convincente y expresivo en su rol y ambos fueron premiados por el aplauso entusiasta del p\u00fablico.<\/p>\n<p><img loading=\"lazy\" decoding=\"async\" class=\"alignnone size-full wp-image-148918\" src=\"https:\/\/noticiasmercedinas.com\/site\/wp-content\/uploads\/2024\/11\/04.jpg\" alt=\"\" width=\"1600\" height=\"1201\" srcset=\"https:\/\/noticiasmercedinas.com\/site\/wp-content\/uploads\/2024\/11\/04.jpg 1600w, https:\/\/noticiasmercedinas.com\/site\/wp-content\/uploads\/2024\/11\/04-300x225.jpg 300w, https:\/\/noticiasmercedinas.com\/site\/wp-content\/uploads\/2024\/11\/04-1024x769.jpg 1024w, https:\/\/noticiasmercedinas.com\/site\/wp-content\/uploads\/2024\/11\/04-768x576.jpg 768w, https:\/\/noticiasmercedinas.com\/site\/wp-content\/uploads\/2024\/11\/04-1536x1153.jpg 1536w, https:\/\/noticiasmercedinas.com\/site\/wp-content\/uploads\/2024\/11\/04-80x60.jpg 80w, https:\/\/noticiasmercedinas.com\/site\/wp-content\/uploads\/2024\/11\/04-160x120.jpg 160w, https:\/\/noticiasmercedinas.com\/site\/wp-content\/uploads\/2024\/11\/04-100x75.jpg 100w, https:\/\/noticiasmercedinas.com\/site\/wp-content\/uploads\/2024\/11\/04-200x150.jpg 200w, https:\/\/noticiasmercedinas.com\/site\/wp-content\/uploads\/2024\/11\/04-180x135.jpg 180w, https:\/\/noticiasmercedinas.com\/site\/wp-content\/uploads\/2024\/11\/04-360x270.jpg 360w, https:\/\/noticiasmercedinas.com\/site\/wp-content\/uploads\/2024\/11\/04-238x178.jpg 238w, https:\/\/noticiasmercedinas.com\/site\/wp-content\/uploads\/2024\/11\/04-476x356.jpg 476w, https:\/\/noticiasmercedinas.com\/site\/wp-content\/uploads\/2024\/11\/04-640x480.jpg 640w, https:\/\/noticiasmercedinas.com\/site\/wp-content\/uploads\/2024\/11\/04-1280x961.jpg 1280w, https:\/\/noticiasmercedinas.com\/site\/wp-content\/uploads\/2024\/11\/04-681x511.jpg 681w, https:\/\/noticiasmercedinas.com\/site\/wp-content\/uploads\/2024\/11\/04-1362x1022.jpg 1362w\" sizes=\"auto, (max-width: 1600px) 100vw, 1600px\" \/><\/p>\n<p><strong>Obra 4.- \u201cY\u2026 se nos fue redepente\u201d<\/strong><\/p>\n<p>Este fragmento del inolvidable cl\u00e1sico de humor negro escrito por <strong>Nin\u00ed Marshall,<\/strong> pone en escena uno de sus personajes m\u00e1s queridos: <strong>\u201cCatita\u201d,<\/strong> cuando llega al velorio de Don Pascual para darle el p\u00e9same a su viuda, do\u00f1a Electra \u2013 <strong>Alicia Jurado &#8211;<\/strong><\/p>\n<p><strong>Graciela Madrigal<\/strong> compuso con autoridad un personaje rico en matices. Supo transmitir con eficacia los distintos momentos de la acci\u00f3n y visti\u00f3, a la inefable <strong>\u201cCatita\u201d,<\/strong> con el ropaje grotesco que ella requiere, llev\u00e1ndola a su m\u00e1s alto nivel expresivo.<\/p>\n<p>El \u00faltimo cuadro de la noche fue dirigido por <strong>Jorge Naipauer<\/strong><\/p>\n<p><img loading=\"lazy\" decoding=\"async\" class=\"alignnone size-full wp-image-148992\" src=\"https:\/\/noticiasmercedinas.com\/site\/wp-content\/uploads\/2024\/11\/bc19da15-e74e-43b2-aa39-b37acf275291.jpg\" alt=\"\" width=\"1600\" height=\"1200\" srcset=\"https:\/\/noticiasmercedinas.com\/site\/wp-content\/uploads\/2024\/11\/bc19da15-e74e-43b2-aa39-b37acf275291.jpg 1600w, https:\/\/noticiasmercedinas.com\/site\/wp-content\/uploads\/2024\/11\/bc19da15-e74e-43b2-aa39-b37acf275291-300x225.jpg 300w, https:\/\/noticiasmercedinas.com\/site\/wp-content\/uploads\/2024\/11\/bc19da15-e74e-43b2-aa39-b37acf275291-1024x768.jpg 1024w, https:\/\/noticiasmercedinas.com\/site\/wp-content\/uploads\/2024\/11\/bc19da15-e74e-43b2-aa39-b37acf275291-768x576.jpg 768w, https:\/\/noticiasmercedinas.com\/site\/wp-content\/uploads\/2024\/11\/bc19da15-e74e-43b2-aa39-b37acf275291-1536x1152.jpg 1536w, https:\/\/noticiasmercedinas.com\/site\/wp-content\/uploads\/2024\/11\/bc19da15-e74e-43b2-aa39-b37acf275291-80x60.jpg 80w, https:\/\/noticiasmercedinas.com\/site\/wp-content\/uploads\/2024\/11\/bc19da15-e74e-43b2-aa39-b37acf275291-160x120.jpg 160w, https:\/\/noticiasmercedinas.com\/site\/wp-content\/uploads\/2024\/11\/bc19da15-e74e-43b2-aa39-b37acf275291-100x75.jpg 100w, https:\/\/noticiasmercedinas.com\/site\/wp-content\/uploads\/2024\/11\/bc19da15-e74e-43b2-aa39-b37acf275291-200x150.jpg 200w, https:\/\/noticiasmercedinas.com\/site\/wp-content\/uploads\/2024\/11\/bc19da15-e74e-43b2-aa39-b37acf275291-180x135.jpg 180w, https:\/\/noticiasmercedinas.com\/site\/wp-content\/uploads\/2024\/11\/bc19da15-e74e-43b2-aa39-b37acf275291-360x270.jpg 360w, https:\/\/noticiasmercedinas.com\/site\/wp-content\/uploads\/2024\/11\/bc19da15-e74e-43b2-aa39-b37acf275291-238x178.jpg 238w, https:\/\/noticiasmercedinas.com\/site\/wp-content\/uploads\/2024\/11\/bc19da15-e74e-43b2-aa39-b37acf275291-476x356.jpg 476w, https:\/\/noticiasmercedinas.com\/site\/wp-content\/uploads\/2024\/11\/bc19da15-e74e-43b2-aa39-b37acf275291-640x480.jpg 640w, https:\/\/noticiasmercedinas.com\/site\/wp-content\/uploads\/2024\/11\/bc19da15-e74e-43b2-aa39-b37acf275291-1280x960.jpg 1280w, https:\/\/noticiasmercedinas.com\/site\/wp-content\/uploads\/2024\/11\/bc19da15-e74e-43b2-aa39-b37acf275291-681x511.jpg 681w, https:\/\/noticiasmercedinas.com\/site\/wp-content\/uploads\/2024\/11\/bc19da15-e74e-43b2-aa39-b37acf275291-1362x1022.jpg 1362w\" sizes=\"auto, (max-width: 1600px) 100vw, 1600px\" \/><\/p>\n<p><strong>Obra 5.- \u201cHasta la Muerte\u201d<\/strong><\/p>\n<p>La acci\u00f3n refleja una serie de equ\u00edvocos y desencuentros que cruzan a los personajes centrales, matizado con trazos de humor punzante que surcan la escena.<\/p>\n<p><strong>Estela Padula <\/strong>fue convincente en su papel y la confrontaci\u00f3n con su marido &#8211; <strong>Guillermo Coletta \u2013<\/strong> expresivo y contundente, \u00a0revela la relaci\u00f3n traum\u00e1tica de ambos.<\/p>\n<p>Un p\u00e1rrafo aparte merece la actuaci\u00f3n\u00a0 de <strong>Silvana Mart\u00edn,<\/strong> una inefable mucama, que con sus divertidas acciones libera la tensi\u00f3n dram\u00e1tica.<\/p>\n<p>Correctas las actuaciones de <strong>Juan Cruz Mart\u00edn y Nancy Ciovini.<\/strong><\/p>\n<p>En s\u00edntesis, este espect\u00e1culo de gran nivel mostr\u00f3 la adecuada selecci\u00f3n de textos que permitieron el lucimiento de los noveles actores.<\/p>\n<p>La direcci\u00f3n y puesta en escena de sus maestros fue equilibrada y demostr\u00f3 que, a trav\u00e9s de estos nuevos valores, el teatro mercedino sigue su derrotero de excelencia.<\/p>\n","protected":false},"excerpt":{"rendered":"<p>\u25a0 Digno corolario de un a\u00f1o de trabajo que, a trav\u00e9s de cinco obras cortas, mostr\u00f3 el talento de sus alumnos, dirigidos por Stella Siri y Jorge Naipauer.<\/p>\n","protected":false},"author":24,"featured_media":148919,"comment_status":"closed","ping_status":"closed","sticky":false,"template":"","format":"standard","meta":{"footnotes":""},"categories":[4],"tags":[1699,1013,480,1015],"class_list":["post-148914","post","type-post","status-publish","format-standard","has-post-thumbnail","hentry","category-cultura","tag-jorge-naipauer","tag-stella-siri","tag-teatro","tag-teatro-talia"],"yoast_head":"<!-- This site is optimized with the Yoast SEO plugin v27.5 - https:\/\/yoast.com\/product\/yoast-seo-wordpress\/ -->\n<title>Teatro Tal\u00eda present\u00f3 varias obras de su Taller Anual de Teatro<\/title>\n<meta name=\"robots\" content=\"index, follow, max-snippet:-1, max-image-preview:large, max-video-preview:-1\" \/>\n<link rel=\"canonical\" href=\"https:\/\/noticiasmercedinas.com\/site\/2024\/11\/23\/teatro-talia-presento-varias-obras-de-su-taller-anual-de-teatro\/\" \/>\n<meta property=\"og:locale\" content=\"es_ES\" \/>\n<meta property=\"og:type\" content=\"article\" \/>\n<meta property=\"og:title\" content=\"Teatro Tal\u00eda present\u00f3 varias obras de su Taller Anual de Teatro\" \/>\n<meta property=\"og:description\" content=\"\u25a0 Digno corolario de un a\u00f1o de trabajo que, a trav\u00e9s de cinco obras cortas, mostr\u00f3 el talento de sus alumnos, dirigidos por Stella Siri y Jorge Naipauer.\" \/>\n<meta property=\"og:url\" content=\"https:\/\/noticiasmercedinas.com\/site\/2024\/11\/23\/teatro-talia-presento-varias-obras-de-su-taller-anual-de-teatro\/\" \/>\n<meta property=\"og:site_name\" content=\"NOTICIASMERCEDINAS.COM\" \/>\n<meta property=\"article:publisher\" content=\"https:\/\/www.facebook.com\/noticiasmercedinas\/\" \/>\n<meta property=\"article:published_time\" content=\"2024-11-23T14:09:53+00:00\" \/>\n<meta property=\"article:modified_time\" content=\"2024-11-24T14:29:58+00:00\" \/>\n<meta property=\"og:image\" content=\"https:\/\/noticiasmercedinas.com\/site\/wp-content\/uploads\/2024\/11\/JUE.jpg\" \/>\n\t<meta property=\"og:image:width\" content=\"640\" \/>\n\t<meta property=\"og:image:height\" content=\"442\" \/>\n\t<meta property=\"og:image:type\" content=\"image\/jpeg\" \/>\n<meta name=\"author\" content=\"Susana Spano\" \/>\n<meta name=\"twitter:card\" content=\"summary_large_image\" \/>\n<meta name=\"twitter:creator\" content=\"@notmercedinas\" \/>\n<meta name=\"twitter:site\" content=\"@notmercedinas\" \/>\n<meta name=\"twitter:label1\" content=\"Escrito por\" \/>\n\t<meta name=\"twitter:data1\" content=\"Susana Spano\" \/>\n\t<meta name=\"twitter:label2\" content=\"Tiempo de lectura\" \/>\n\t<meta name=\"twitter:data2\" content=\"3 minutos\" \/>\n<script type=\"application\/ld+json\" class=\"yoast-schema-graph\">{\"@context\":\"https:\\\/\\\/schema.org\",\"@graph\":[{\"@type\":\"Article\",\"@id\":\"https:\\\/\\\/noticiasmercedinas.com\\\/site\\\/2024\\\/11\\\/23\\\/teatro-talia-presento-varias-obras-de-su-taller-anual-de-teatro\\\/#article\",\"isPartOf\":{\"@id\":\"https:\\\/\\\/noticiasmercedinas.com\\\/site\\\/2024\\\/11\\\/23\\\/teatro-talia-presento-varias-obras-de-su-taller-anual-de-teatro\\\/\"},\"author\":{\"name\":\"Susana Spano\",\"@id\":\"https:\\\/\\\/noticiasmercedinas.com\\\/site\\\/#\\\/schema\\\/person\\\/6c6decb6bf2ace51790c3ae1860466d7\"},\"headline\":\"Teatro Tal\u00eda present\u00f3 varias obras de su Taller Anual de Teatro\",\"datePublished\":\"2024-11-23T14:09:53+00:00\",\"dateModified\":\"2024-11-24T14:29:58+00:00\",\"mainEntityOfPage\":{\"@id\":\"https:\\\/\\\/noticiasmercedinas.com\\\/site\\\/2024\\\/11\\\/23\\\/teatro-talia-presento-varias-obras-de-su-taller-anual-de-teatro\\\/\"},\"wordCount\":574,\"publisher\":{\"@id\":\"https:\\\/\\\/noticiasmercedinas.com\\\/site\\\/#organization\"},\"image\":{\"@id\":\"https:\\\/\\\/noticiasmercedinas.com\\\/site\\\/2024\\\/11\\\/23\\\/teatro-talia-presento-varias-obras-de-su-taller-anual-de-teatro\\\/#primaryimage\"},\"thumbnailUrl\":\"https:\\\/\\\/noticiasmercedinas.com\\\/site\\\/wp-content\\\/uploads\\\/2024\\\/11\\\/JUE.jpg\",\"keywords\":[\"jorge naipauer\",\"stella siri\",\"teatro\",\"teatro talia\"],\"articleSection\":[\"Cultura\"],\"inLanguage\":\"es\"},{\"@type\":\"WebPage\",\"@id\":\"https:\\\/\\\/noticiasmercedinas.com\\\/site\\\/2024\\\/11\\\/23\\\/teatro-talia-presento-varias-obras-de-su-taller-anual-de-teatro\\\/\",\"url\":\"https:\\\/\\\/noticiasmercedinas.com\\\/site\\\/2024\\\/11\\\/23\\\/teatro-talia-presento-varias-obras-de-su-taller-anual-de-teatro\\\/\",\"name\":\"Teatro Tal\u00eda present\u00f3 varias obras de su Taller Anual de Teatro\",\"isPartOf\":{\"@id\":\"https:\\\/\\\/noticiasmercedinas.com\\\/site\\\/#website\"},\"primaryImageOfPage\":{\"@id\":\"https:\\\/\\\/noticiasmercedinas.com\\\/site\\\/2024\\\/11\\\/23\\\/teatro-talia-presento-varias-obras-de-su-taller-anual-de-teatro\\\/#primaryimage\"},\"image\":{\"@id\":\"https:\\\/\\\/noticiasmercedinas.com\\\/site\\\/2024\\\/11\\\/23\\\/teatro-talia-presento-varias-obras-de-su-taller-anual-de-teatro\\\/#primaryimage\"},\"thumbnailUrl\":\"https:\\\/\\\/noticiasmercedinas.com\\\/site\\\/wp-content\\\/uploads\\\/2024\\\/11\\\/JUE.jpg\",\"datePublished\":\"2024-11-23T14:09:53+00:00\",\"dateModified\":\"2024-11-24T14:29:58+00:00\",\"breadcrumb\":{\"@id\":\"https:\\\/\\\/noticiasmercedinas.com\\\/site\\\/2024\\\/11\\\/23\\\/teatro-talia-presento-varias-obras-de-su-taller-anual-de-teatro\\\/#breadcrumb\"},\"inLanguage\":\"es\",\"potentialAction\":[{\"@type\":\"ReadAction\",\"target\":[\"https:\\\/\\\/noticiasmercedinas.com\\\/site\\\/2024\\\/11\\\/23\\\/teatro-talia-presento-varias-obras-de-su-taller-anual-de-teatro\\\/\"]}]},{\"@type\":\"ImageObject\",\"inLanguage\":\"es\",\"@id\":\"https:\\\/\\\/noticiasmercedinas.com\\\/site\\\/2024\\\/11\\\/23\\\/teatro-talia-presento-varias-obras-de-su-taller-anual-de-teatro\\\/#primaryimage\",\"url\":\"https:\\\/\\\/noticiasmercedinas.com\\\/site\\\/wp-content\\\/uploads\\\/2024\\\/11\\\/JUE.jpg\",\"contentUrl\":\"https:\\\/\\\/noticiasmercedinas.com\\\/site\\\/wp-content\\\/uploads\\\/2024\\\/11\\\/JUE.jpg\",\"width\":640,\"height\":442},{\"@type\":\"BreadcrumbList\",\"@id\":\"https:\\\/\\\/noticiasmercedinas.com\\\/site\\\/2024\\\/11\\\/23\\\/teatro-talia-presento-varias-obras-de-su-taller-anual-de-teatro\\\/#breadcrumb\",\"itemListElement\":[{\"@type\":\"ListItem\",\"position\":1,\"name\":\"Portada\",\"item\":\"https:\\\/\\\/noticiasmercedinas.com\\\/site\\\/\"},{\"@type\":\"ListItem\",\"position\":2,\"name\":\"Teatro Tal\u00eda present\u00f3 varias obras de su Taller Anual de Teatro\"}]},{\"@type\":\"WebSite\",\"@id\":\"https:\\\/\\\/noticiasmercedinas.com\\\/site\\\/#website\",\"url\":\"https:\\\/\\\/noticiasmercedinas.com\\\/site\\\/\",\"name\":\"NOTICIASMERCEDINAS.COM\",\"description\":\"Mercedes, Buenos Aires, Argentina\",\"publisher\":{\"@id\":\"https:\\\/\\\/noticiasmercedinas.com\\\/site\\\/#organization\"},\"potentialAction\":[{\"@type\":\"SearchAction\",\"target\":{\"@type\":\"EntryPoint\",\"urlTemplate\":\"https:\\\/\\\/noticiasmercedinas.com\\\/site\\\/?s={search_term_string}\"},\"query-input\":{\"@type\":\"PropertyValueSpecification\",\"valueRequired\":true,\"valueName\":\"search_term_string\"}}],\"inLanguage\":\"es\"},{\"@type\":\"Organization\",\"@id\":\"https:\\\/\\\/noticiasmercedinas.com\\\/site\\\/#organization\",\"name\":\"NOTICIASMERCEDINAS.COM\",\"url\":\"https:\\\/\\\/noticiasmercedinas.com\\\/site\\\/\",\"logo\":{\"@type\":\"ImageObject\",\"inLanguage\":\"es\",\"@id\":\"https:\\\/\\\/noticiasmercedinas.com\\\/site\\\/#\\\/schema\\\/logo\\\/image\\\/\",\"url\":\"https:\\\/\\\/noticiasmercedinas.com\\\/site\\\/wp-content\\\/uploads\\\/2020\\\/06\\\/LOGO-512.jpg\",\"contentUrl\":\"https:\\\/\\\/noticiasmercedinas.com\\\/site\\\/wp-content\\\/uploads\\\/2020\\\/06\\\/LOGO-512.jpg\",\"width\":512,\"height\":512,\"caption\":\"NOTICIASMERCEDINAS.COM\"},\"image\":{\"@id\":\"https:\\\/\\\/noticiasmercedinas.com\\\/site\\\/#\\\/schema\\\/logo\\\/image\\\/\"},\"sameAs\":[\"https:\\\/\\\/www.facebook.com\\\/noticiasmercedinas\\\/\",\"https:\\\/\\\/x.com\\\/notmercedinas\",\"https:\\\/\\\/www.instagram.com\\\/noticiasmercedinas\\\/\"]},{\"@type\":\"Person\",\"@id\":\"https:\\\/\\\/noticiasmercedinas.com\\\/site\\\/#\\\/schema\\\/person\\\/6c6decb6bf2ace51790c3ae1860466d7\",\"name\":\"Susana Spano\",\"image\":{\"@type\":\"ImageObject\",\"inLanguage\":\"es\",\"@id\":\"https:\\\/\\\/secure.gravatar.com\\\/avatar\\\/8b943981637969c1ccbbca2f9b95cbe5dac8e434c0c759eef9552e95d86c38f4?s=96&d=mm&r=g\",\"url\":\"https:\\\/\\\/secure.gravatar.com\\\/avatar\\\/8b943981637969c1ccbbca2f9b95cbe5dac8e434c0c759eef9552e95d86c38f4?s=96&d=mm&r=g\",\"contentUrl\":\"https:\\\/\\\/secure.gravatar.com\\\/avatar\\\/8b943981637969c1ccbbca2f9b95cbe5dac8e434c0c759eef9552e95d86c38f4?s=96&d=mm&r=g\",\"caption\":\"Susana Spano\"},\"url\":\"https:\\\/\\\/noticiasmercedinas.com\\\/site\\\/author\\\/susana-spano\\\/\"}]}<\/script>\n<!-- \/ Yoast SEO plugin. -->","yoast_head_json":{"title":"Teatro Tal\u00eda present\u00f3 varias obras de su Taller Anual de Teatro","robots":{"index":"index","follow":"follow","max-snippet":"max-snippet:-1","max-image-preview":"max-image-preview:large","max-video-preview":"max-video-preview:-1"},"canonical":"https:\/\/noticiasmercedinas.com\/site\/2024\/11\/23\/teatro-talia-presento-varias-obras-de-su-taller-anual-de-teatro\/","og_locale":"es_ES","og_type":"article","og_title":"Teatro Tal\u00eda present\u00f3 varias obras de su Taller Anual de Teatro","og_description":"\u25a0 Digno corolario de un a\u00f1o de trabajo que, a trav\u00e9s de cinco obras cortas, mostr\u00f3 el talento de sus alumnos, dirigidos por Stella Siri y Jorge Naipauer.","og_url":"https:\/\/noticiasmercedinas.com\/site\/2024\/11\/23\/teatro-talia-presento-varias-obras-de-su-taller-anual-de-teatro\/","og_site_name":"NOTICIASMERCEDINAS.COM","article_publisher":"https:\/\/www.facebook.com\/noticiasmercedinas\/","article_published_time":"2024-11-23T14:09:53+00:00","article_modified_time":"2024-11-24T14:29:58+00:00","og_image":[{"width":640,"height":442,"url":"https:\/\/noticiasmercedinas.com\/site\/wp-content\/uploads\/2024\/11\/JUE.jpg","type":"image\/jpeg"}],"author":"Susana Spano","twitter_card":"summary_large_image","twitter_creator":"@notmercedinas","twitter_site":"@notmercedinas","twitter_misc":{"Escrito por":"Susana Spano","Tiempo de lectura":"3 minutos"},"schema":{"@context":"https:\/\/schema.org","@graph":[{"@type":"Article","@id":"https:\/\/noticiasmercedinas.com\/site\/2024\/11\/23\/teatro-talia-presento-varias-obras-de-su-taller-anual-de-teatro\/#article","isPartOf":{"@id":"https:\/\/noticiasmercedinas.com\/site\/2024\/11\/23\/teatro-talia-presento-varias-obras-de-su-taller-anual-de-teatro\/"},"author":{"name":"Susana Spano","@id":"https:\/\/noticiasmercedinas.com\/site\/#\/schema\/person\/6c6decb6bf2ace51790c3ae1860466d7"},"headline":"Teatro Tal\u00eda present\u00f3 varias obras de su Taller Anual de Teatro","datePublished":"2024-11-23T14:09:53+00:00","dateModified":"2024-11-24T14:29:58+00:00","mainEntityOfPage":{"@id":"https:\/\/noticiasmercedinas.com\/site\/2024\/11\/23\/teatro-talia-presento-varias-obras-de-su-taller-anual-de-teatro\/"},"wordCount":574,"publisher":{"@id":"https:\/\/noticiasmercedinas.com\/site\/#organization"},"image":{"@id":"https:\/\/noticiasmercedinas.com\/site\/2024\/11\/23\/teatro-talia-presento-varias-obras-de-su-taller-anual-de-teatro\/#primaryimage"},"thumbnailUrl":"https:\/\/noticiasmercedinas.com\/site\/wp-content\/uploads\/2024\/11\/JUE.jpg","keywords":["jorge naipauer","stella siri","teatro","teatro talia"],"articleSection":["Cultura"],"inLanguage":"es"},{"@type":"WebPage","@id":"https:\/\/noticiasmercedinas.com\/site\/2024\/11\/23\/teatro-talia-presento-varias-obras-de-su-taller-anual-de-teatro\/","url":"https:\/\/noticiasmercedinas.com\/site\/2024\/11\/23\/teatro-talia-presento-varias-obras-de-su-taller-anual-de-teatro\/","name":"Teatro Tal\u00eda present\u00f3 varias obras de su Taller Anual de Teatro","isPartOf":{"@id":"https:\/\/noticiasmercedinas.com\/site\/#website"},"primaryImageOfPage":{"@id":"https:\/\/noticiasmercedinas.com\/site\/2024\/11\/23\/teatro-talia-presento-varias-obras-de-su-taller-anual-de-teatro\/#primaryimage"},"image":{"@id":"https:\/\/noticiasmercedinas.com\/site\/2024\/11\/23\/teatro-talia-presento-varias-obras-de-su-taller-anual-de-teatro\/#primaryimage"},"thumbnailUrl":"https:\/\/noticiasmercedinas.com\/site\/wp-content\/uploads\/2024\/11\/JUE.jpg","datePublished":"2024-11-23T14:09:53+00:00","dateModified":"2024-11-24T14:29:58+00:00","breadcrumb":{"@id":"https:\/\/noticiasmercedinas.com\/site\/2024\/11\/23\/teatro-talia-presento-varias-obras-de-su-taller-anual-de-teatro\/#breadcrumb"},"inLanguage":"es","potentialAction":[{"@type":"ReadAction","target":["https:\/\/noticiasmercedinas.com\/site\/2024\/11\/23\/teatro-talia-presento-varias-obras-de-su-taller-anual-de-teatro\/"]}]},{"@type":"ImageObject","inLanguage":"es","@id":"https:\/\/noticiasmercedinas.com\/site\/2024\/11\/23\/teatro-talia-presento-varias-obras-de-su-taller-anual-de-teatro\/#primaryimage","url":"https:\/\/noticiasmercedinas.com\/site\/wp-content\/uploads\/2024\/11\/JUE.jpg","contentUrl":"https:\/\/noticiasmercedinas.com\/site\/wp-content\/uploads\/2024\/11\/JUE.jpg","width":640,"height":442},{"@type":"BreadcrumbList","@id":"https:\/\/noticiasmercedinas.com\/site\/2024\/11\/23\/teatro-talia-presento-varias-obras-de-su-taller-anual-de-teatro\/#breadcrumb","itemListElement":[{"@type":"ListItem","position":1,"name":"Portada","item":"https:\/\/noticiasmercedinas.com\/site\/"},{"@type":"ListItem","position":2,"name":"Teatro Tal\u00eda present\u00f3 varias obras de su Taller Anual de Teatro"}]},{"@type":"WebSite","@id":"https:\/\/noticiasmercedinas.com\/site\/#website","url":"https:\/\/noticiasmercedinas.com\/site\/","name":"NOTICIASMERCEDINAS.COM","description":"Mercedes, Buenos Aires, Argentina","publisher":{"@id":"https:\/\/noticiasmercedinas.com\/site\/#organization"},"potentialAction":[{"@type":"SearchAction","target":{"@type":"EntryPoint","urlTemplate":"https:\/\/noticiasmercedinas.com\/site\/?s={search_term_string}"},"query-input":{"@type":"PropertyValueSpecification","valueRequired":true,"valueName":"search_term_string"}}],"inLanguage":"es"},{"@type":"Organization","@id":"https:\/\/noticiasmercedinas.com\/site\/#organization","name":"NOTICIASMERCEDINAS.COM","url":"https:\/\/noticiasmercedinas.com\/site\/","logo":{"@type":"ImageObject","inLanguage":"es","@id":"https:\/\/noticiasmercedinas.com\/site\/#\/schema\/logo\/image\/","url":"https:\/\/noticiasmercedinas.com\/site\/wp-content\/uploads\/2020\/06\/LOGO-512.jpg","contentUrl":"https:\/\/noticiasmercedinas.com\/site\/wp-content\/uploads\/2020\/06\/LOGO-512.jpg","width":512,"height":512,"caption":"NOTICIASMERCEDINAS.COM"},"image":{"@id":"https:\/\/noticiasmercedinas.com\/site\/#\/schema\/logo\/image\/"},"sameAs":["https:\/\/www.facebook.com\/noticiasmercedinas\/","https:\/\/x.com\/notmercedinas","https:\/\/www.instagram.com\/noticiasmercedinas\/"]},{"@type":"Person","@id":"https:\/\/noticiasmercedinas.com\/site\/#\/schema\/person\/6c6decb6bf2ace51790c3ae1860466d7","name":"Susana Spano","image":{"@type":"ImageObject","inLanguage":"es","@id":"https:\/\/secure.gravatar.com\/avatar\/8b943981637969c1ccbbca2f9b95cbe5dac8e434c0c759eef9552e95d86c38f4?s=96&d=mm&r=g","url":"https:\/\/secure.gravatar.com\/avatar\/8b943981637969c1ccbbca2f9b95cbe5dac8e434c0c759eef9552e95d86c38f4?s=96&d=mm&r=g","contentUrl":"https:\/\/secure.gravatar.com\/avatar\/8b943981637969c1ccbbca2f9b95cbe5dac8e434c0c759eef9552e95d86c38f4?s=96&d=mm&r=g","caption":"Susana Spano"},"url":"https:\/\/noticiasmercedinas.com\/site\/author\/susana-spano\/"}]}},"amp_enabled":true,"_links":{"self":[{"href":"https:\/\/noticiasmercedinas.com\/site\/wp-json\/wp\/v2\/posts\/148914","targetHints":{"allow":["GET"]}}],"collection":[{"href":"https:\/\/noticiasmercedinas.com\/site\/wp-json\/wp\/v2\/posts"}],"about":[{"href":"https:\/\/noticiasmercedinas.com\/site\/wp-json\/wp\/v2\/types\/post"}],"author":[{"embeddable":true,"href":"https:\/\/noticiasmercedinas.com\/site\/wp-json\/wp\/v2\/users\/24"}],"replies":[{"embeddable":true,"href":"https:\/\/noticiasmercedinas.com\/site\/wp-json\/wp\/v2\/comments?post=148914"}],"version-history":[{"count":4,"href":"https:\/\/noticiasmercedinas.com\/site\/wp-json\/wp\/v2\/posts\/148914\/revisions"}],"predecessor-version":[{"id":148993,"href":"https:\/\/noticiasmercedinas.com\/site\/wp-json\/wp\/v2\/posts\/148914\/revisions\/148993"}],"wp:featuredmedia":[{"embeddable":true,"href":"https:\/\/noticiasmercedinas.com\/site\/wp-json\/wp\/v2\/media\/148919"}],"wp:attachment":[{"href":"https:\/\/noticiasmercedinas.com\/site\/wp-json\/wp\/v2\/media?parent=148914"}],"wp:term":[{"taxonomy":"category","embeddable":true,"href":"https:\/\/noticiasmercedinas.com\/site\/wp-json\/wp\/v2\/categories?post=148914"},{"taxonomy":"post_tag","embeddable":true,"href":"https:\/\/noticiasmercedinas.com\/site\/wp-json\/wp\/v2\/tags?post=148914"}],"curies":[{"name":"wp","href":"https:\/\/api.w.org\/{rel}","templated":true}]}}