{"id":149051,"date":"2024-11-25T09:07:59","date_gmt":"2024-11-25T12:07:59","guid":{"rendered":"https:\/\/noticiasmercedinas.com\/site\/?p=149051"},"modified":"2024-11-25T09:11:41","modified_gmt":"2024-11-25T12:11:41","slug":"silpanchok-y-estrellita-del-monte-traen-su-propuesta-musical-a-casa-balero","status":"publish","type":"post","link":"https:\/\/noticiasmercedinas.com\/site\/2024\/11\/25\/silpanchok-y-estrellita-del-monte-traen-su-propuesta-musical-a-casa-balero\/","title":{"rendered":"Silpanchok y Estrellita del Monte llevan su propuesta musical a Casa Balero"},"content":{"rendered":"<p><img loading=\"lazy\" decoding=\"async\" class=\"alignnone wp-image-149052 size-full\" src=\"https:\/\/noticiasmercedinas.com\/site\/wp-content\/uploads\/2024\/11\/02d1c064-defb-42f3-80aa-4ad84b61c973-e1732536418471.jpg\" alt=\"\" width=\"1080\" height=\"878\" srcset=\"https:\/\/noticiasmercedinas.com\/site\/wp-content\/uploads\/2024\/11\/02d1c064-defb-42f3-80aa-4ad84b61c973-e1732536418471.jpg 1080w, https:\/\/noticiasmercedinas.com\/site\/wp-content\/uploads\/2024\/11\/02d1c064-defb-42f3-80aa-4ad84b61c973-e1732536418471-300x244.jpg 300w, https:\/\/noticiasmercedinas.com\/site\/wp-content\/uploads\/2024\/11\/02d1c064-defb-42f3-80aa-4ad84b61c973-e1732536418471-1024x832.jpg 1024w, https:\/\/noticiasmercedinas.com\/site\/wp-content\/uploads\/2024\/11\/02d1c064-defb-42f3-80aa-4ad84b61c973-e1732536418471-768x624.jpg 768w, https:\/\/noticiasmercedinas.com\/site\/wp-content\/uploads\/2024\/11\/02d1c064-defb-42f3-80aa-4ad84b61c973-e1732536418471-640x520.jpg 640w, https:\/\/noticiasmercedinas.com\/site\/wp-content\/uploads\/2024\/11\/02d1c064-defb-42f3-80aa-4ad84b61c973-e1732536418471-681x554.jpg 681w\" sizes=\"auto, (max-width: 1080px) 100vw, 1080px\" \/><\/p>\n<p>El pr\u00f3ximo jueves 28 de noviembre, Casa Balero ser\u00e1 el escenario de una velada musical especial en la ciudad de Mercedes. La dupla art\u00edstica conformada por Silpanchok y Estrellita del Monte presentar\u00e1 su propuesta denominada \u00abOnda Encantada\u00bb, un espect\u00e1culo que promete conquistar al p\u00fablico local con una combinaci\u00f3n de talento, energ\u00eda y sensibilidad.<\/p>\n<p>El evento, programado para las 20:00 horas, tendr\u00e1 lugar en las instalaciones de Casa Balero, un espacio cultural destacado en la escena local por su c\u00e1lida ambientaci\u00f3n y su compromiso con el arte y la m\u00fasica.<\/p>\n<p>La propuesta de \u00abOnda Encantada\u00bb se perfila como una experiencia donde el p\u00fablico podr\u00e1 disfrutar de una fusi\u00f3n de estilos y un repertorio cuidadosamente seleccionado por los artistas.<\/p>\n<blockquote><p>Silpanchok y Estrellita del Monte invitan al p\u00fablico mercedino a una experiencia inolvidable con su espect\u00e1culo &#8216;Onda Encantada&#8217;, en el c\u00e1lido escenario de Casa Balero.<\/p><\/blockquote>\n<p>Casa Balero, ubicada en calle 26 esquina 23 de Mercedes, ha ganado reconocimiento como un punto de encuentro para quienes valoran las propuestas art\u00edsticas de calidad. Adem\u00e1s de su infraestructura acogedora, ofrece una atm\u00f3sfera ideal para disfrutar de espect\u00e1culos \u00edntimos que combinan m\u00fasica, arte y gastronom\u00eda.<\/p>\n<p>Para aquellos interesados en asistir, las reservas se encuentran abiertas y pueden realizarse a trav\u00e9s del n\u00famero 2324 505675. Desde la organizaci\u00f3n, destacan la importancia de garantizar el lugar con anticipaci\u00f3n.<\/p>\n<p>Este espect\u00e1culo musical se presenta como una excelente opci\u00f3n para dar inicio al fin de semana con una noche de buena m\u00fasica, compa\u00f1erismo y arte en un espacio pensado para el disfrute cultural.<\/p>\n","protected":false},"excerpt":{"rendered":"<p>\u25a0 Este jueves 28. Se trata de un espect\u00e1culo que promete conquistar al p\u00fablico local con una combinaci\u00f3n de talento, energ\u00eda y sensibilidad.<\/p>\n","protected":false},"author":16,"featured_media":149052,"comment_status":"closed","ping_status":"closed","sticky":false,"template":"","format":"standard","meta":{"footnotes":""},"categories":[4],"tags":[1318,19229,88,19230],"class_list":["post-149051","post","type-post","status-publish","format-standard","has-post-thumbnail","hentry","category-cultura","tag-casa-balero","tag-estrellita-del-monte","tag-musica","tag-silpanchok"],"yoast_head":"<!-- This site is optimized with the Yoast SEO plugin v27.5 - https:\/\/yoast.com\/product\/yoast-seo-wordpress\/ -->\n<title>Silpanchok y Estrellita del Monte llevan su propuesta musical a Casa Balero<\/title>\n<meta name=\"robots\" content=\"index, follow, max-snippet:-1, max-image-preview:large, max-video-preview:-1\" \/>\n<link rel=\"canonical\" href=\"https:\/\/noticiasmercedinas.com\/site\/2024\/11\/25\/silpanchok-y-estrellita-del-monte-traen-su-propuesta-musical-a-casa-balero\/\" \/>\n<meta property=\"og:locale\" content=\"es_ES\" \/>\n<meta property=\"og:type\" content=\"article\" \/>\n<meta property=\"og:title\" content=\"Silpanchok y Estrellita del Monte llevan su propuesta musical a Casa Balero\" \/>\n<meta property=\"og:description\" content=\"\u25a0 Este jueves 28. Se trata de un espect\u00e1culo que promete conquistar al p\u00fablico local con una combinaci\u00f3n de talento, energ\u00eda y sensibilidad.\" \/>\n<meta property=\"og:url\" content=\"https:\/\/noticiasmercedinas.com\/site\/2024\/11\/25\/silpanchok-y-estrellita-del-monte-traen-su-propuesta-musical-a-casa-balero\/\" \/>\n<meta property=\"og:site_name\" content=\"NOTICIASMERCEDINAS.COM\" \/>\n<meta property=\"article:publisher\" content=\"https:\/\/www.facebook.com\/noticiasmercedinas\/\" \/>\n<meta property=\"article:published_time\" content=\"2024-11-25T12:07:59+00:00\" \/>\n<meta property=\"article:modified_time\" content=\"2024-11-25T12:11:41+00:00\" \/>\n<meta property=\"og:image\" content=\"https:\/\/noticiasmercedinas.com\/site\/wp-content\/uploads\/2024\/11\/02d1c064-defb-42f3-80aa-4ad84b61c973-e1732536418471.jpg\" \/>\n\t<meta property=\"og:image:width\" content=\"1080\" \/>\n\t<meta property=\"og:image:height\" content=\"878\" \/>\n\t<meta property=\"og:image:type\" content=\"image\/jpeg\" \/>\n<meta name=\"author\" content=\"NOTICIASMERCEDINAS.COM\" \/>\n<meta name=\"twitter:card\" content=\"summary_large_image\" \/>\n<meta name=\"twitter:creator\" content=\"@notmercedinas\" \/>\n<meta name=\"twitter:site\" content=\"@notmercedinas\" \/>\n<meta name=\"twitter:label1\" content=\"Escrito por\" \/>\n\t<meta name=\"twitter:data1\" content=\"NOTICIASMERCEDINAS.COM\" \/>\n\t<meta name=\"twitter:label2\" content=\"Tiempo de lectura\" \/>\n\t<meta name=\"twitter:data2\" content=\"1 minuto\" \/>\n<script type=\"application\/ld+json\" class=\"yoast-schema-graph\">{\"@context\":\"https:\\\/\\\/schema.org\",\"@graph\":[{\"@type\":\"Article\",\"@id\":\"https:\\\/\\\/noticiasmercedinas.com\\\/site\\\/2024\\\/11\\\/25\\\/silpanchok-y-estrellita-del-monte-traen-su-propuesta-musical-a-casa-balero\\\/#article\",\"isPartOf\":{\"@id\":\"https:\\\/\\\/noticiasmercedinas.com\\\/site\\\/2024\\\/11\\\/25\\\/silpanchok-y-estrellita-del-monte-traen-su-propuesta-musical-a-casa-balero\\\/\"},\"author\":{\"name\":\"NOTICIASMERCEDINAS.COM\",\"@id\":\"https:\\\/\\\/noticiasmercedinas.com\\\/site\\\/#\\\/schema\\\/person\\\/84b59c099c28ff2e8b77d4ceec5d8063\"},\"headline\":\"Silpanchok y Estrellita del Monte llevan su propuesta musical a Casa Balero\",\"datePublished\":\"2024-11-25T12:07:59+00:00\",\"dateModified\":\"2024-11-25T12:11:41+00:00\",\"mainEntityOfPage\":{\"@id\":\"https:\\\/\\\/noticiasmercedinas.com\\\/site\\\/2024\\\/11\\\/25\\\/silpanchok-y-estrellita-del-monte-traen-su-propuesta-musical-a-casa-balero\\\/\"},\"wordCount\":286,\"publisher\":{\"@id\":\"https:\\\/\\\/noticiasmercedinas.com\\\/site\\\/#organization\"},\"image\":{\"@id\":\"https:\\\/\\\/noticiasmercedinas.com\\\/site\\\/2024\\\/11\\\/25\\\/silpanchok-y-estrellita-del-monte-traen-su-propuesta-musical-a-casa-balero\\\/#primaryimage\"},\"thumbnailUrl\":\"https:\\\/\\\/noticiasmercedinas.com\\\/site\\\/wp-content\\\/uploads\\\/2024\\\/11\\\/02d1c064-defb-42f3-80aa-4ad84b61c973-e1732536418471.jpg\",\"keywords\":[\"casa balero\",\"estrellita del monte\",\"musica\",\"Silpanchok\"],\"articleSection\":[\"Cultura\"],\"inLanguage\":\"es\"},{\"@type\":\"WebPage\",\"@id\":\"https:\\\/\\\/noticiasmercedinas.com\\\/site\\\/2024\\\/11\\\/25\\\/silpanchok-y-estrellita-del-monte-traen-su-propuesta-musical-a-casa-balero\\\/\",\"url\":\"https:\\\/\\\/noticiasmercedinas.com\\\/site\\\/2024\\\/11\\\/25\\\/silpanchok-y-estrellita-del-monte-traen-su-propuesta-musical-a-casa-balero\\\/\",\"name\":\"Silpanchok y Estrellita del Monte llevan su propuesta musical a Casa Balero\",\"isPartOf\":{\"@id\":\"https:\\\/\\\/noticiasmercedinas.com\\\/site\\\/#website\"},\"primaryImageOfPage\":{\"@id\":\"https:\\\/\\\/noticiasmercedinas.com\\\/site\\\/2024\\\/11\\\/25\\\/silpanchok-y-estrellita-del-monte-traen-su-propuesta-musical-a-casa-balero\\\/#primaryimage\"},\"image\":{\"@id\":\"https:\\\/\\\/noticiasmercedinas.com\\\/site\\\/2024\\\/11\\\/25\\\/silpanchok-y-estrellita-del-monte-traen-su-propuesta-musical-a-casa-balero\\\/#primaryimage\"},\"thumbnailUrl\":\"https:\\\/\\\/noticiasmercedinas.com\\\/site\\\/wp-content\\\/uploads\\\/2024\\\/11\\\/02d1c064-defb-42f3-80aa-4ad84b61c973-e1732536418471.jpg\",\"datePublished\":\"2024-11-25T12:07:59+00:00\",\"dateModified\":\"2024-11-25T12:11:41+00:00\",\"breadcrumb\":{\"@id\":\"https:\\\/\\\/noticiasmercedinas.com\\\/site\\\/2024\\\/11\\\/25\\\/silpanchok-y-estrellita-del-monte-traen-su-propuesta-musical-a-casa-balero\\\/#breadcrumb\"},\"inLanguage\":\"es\",\"potentialAction\":[{\"@type\":\"ReadAction\",\"target\":[\"https:\\\/\\\/noticiasmercedinas.com\\\/site\\\/2024\\\/11\\\/25\\\/silpanchok-y-estrellita-del-monte-traen-su-propuesta-musical-a-casa-balero\\\/\"]}]},{\"@type\":\"ImageObject\",\"inLanguage\":\"es\",\"@id\":\"https:\\\/\\\/noticiasmercedinas.com\\\/site\\\/2024\\\/11\\\/25\\\/silpanchok-y-estrellita-del-monte-traen-su-propuesta-musical-a-casa-balero\\\/#primaryimage\",\"url\":\"https:\\\/\\\/noticiasmercedinas.com\\\/site\\\/wp-content\\\/uploads\\\/2024\\\/11\\\/02d1c064-defb-42f3-80aa-4ad84b61c973-e1732536418471.jpg\",\"contentUrl\":\"https:\\\/\\\/noticiasmercedinas.com\\\/site\\\/wp-content\\\/uploads\\\/2024\\\/11\\\/02d1c064-defb-42f3-80aa-4ad84b61c973-e1732536418471.jpg\",\"width\":1080,\"height\":878},{\"@type\":\"BreadcrumbList\",\"@id\":\"https:\\\/\\\/noticiasmercedinas.com\\\/site\\\/2024\\\/11\\\/25\\\/silpanchok-y-estrellita-del-monte-traen-su-propuesta-musical-a-casa-balero\\\/#breadcrumb\",\"itemListElement\":[{\"@type\":\"ListItem\",\"position\":1,\"name\":\"Portada\",\"item\":\"https:\\\/\\\/noticiasmercedinas.com\\\/site\\\/\"},{\"@type\":\"ListItem\",\"position\":2,\"name\":\"Silpanchok y Estrellita del Monte llevan su propuesta musical a Casa Balero\"}]},{\"@type\":\"WebSite\",\"@id\":\"https:\\\/\\\/noticiasmercedinas.com\\\/site\\\/#website\",\"url\":\"https:\\\/\\\/noticiasmercedinas.com\\\/site\\\/\",\"name\":\"NOTICIASMERCEDINAS.COM\",\"description\":\"Mercedes, Buenos Aires, Argentina\",\"publisher\":{\"@id\":\"https:\\\/\\\/noticiasmercedinas.com\\\/site\\\/#organization\"},\"potentialAction\":[{\"@type\":\"SearchAction\",\"target\":{\"@type\":\"EntryPoint\",\"urlTemplate\":\"https:\\\/\\\/noticiasmercedinas.com\\\/site\\\/?s={search_term_string}\"},\"query-input\":{\"@type\":\"PropertyValueSpecification\",\"valueRequired\":true,\"valueName\":\"search_term_string\"}}],\"inLanguage\":\"es\"},{\"@type\":\"Organization\",\"@id\":\"https:\\\/\\\/noticiasmercedinas.com\\\/site\\\/#organization\",\"name\":\"NOTICIASMERCEDINAS.COM\",\"url\":\"https:\\\/\\\/noticiasmercedinas.com\\\/site\\\/\",\"logo\":{\"@type\":\"ImageObject\",\"inLanguage\":\"es\",\"@id\":\"https:\\\/\\\/noticiasmercedinas.com\\\/site\\\/#\\\/schema\\\/logo\\\/image\\\/\",\"url\":\"https:\\\/\\\/noticiasmercedinas.com\\\/site\\\/wp-content\\\/uploads\\\/2020\\\/06\\\/LOGO-512.jpg\",\"contentUrl\":\"https:\\\/\\\/noticiasmercedinas.com\\\/site\\\/wp-content\\\/uploads\\\/2020\\\/06\\\/LOGO-512.jpg\",\"width\":512,\"height\":512,\"caption\":\"NOTICIASMERCEDINAS.COM\"},\"image\":{\"@id\":\"https:\\\/\\\/noticiasmercedinas.com\\\/site\\\/#\\\/schema\\\/logo\\\/image\\\/\"},\"sameAs\":[\"https:\\\/\\\/www.facebook.com\\\/noticiasmercedinas\\\/\",\"https:\\\/\\\/x.com\\\/notmercedinas\",\"https:\\\/\\\/www.instagram.com\\\/noticiasmercedinas\\\/\"]},{\"@type\":\"Person\",\"@id\":\"https:\\\/\\\/noticiasmercedinas.com\\\/site\\\/#\\\/schema\\\/person\\\/84b59c099c28ff2e8b77d4ceec5d8063\",\"name\":\"NOTICIASMERCEDINAS.COM\",\"image\":{\"@type\":\"ImageObject\",\"inLanguage\":\"es\",\"@id\":\"https:\\\/\\\/secure.gravatar.com\\\/avatar\\\/4dfbf16b4d17945bfb6341b2d19043457132fcf478a5ee04f42e959fd8f5df0a?s=96&d=mm&r=g\",\"url\":\"https:\\\/\\\/secure.gravatar.com\\\/avatar\\\/4dfbf16b4d17945bfb6341b2d19043457132fcf478a5ee04f42e959fd8f5df0a?s=96&d=mm&r=g\",\"contentUrl\":\"https:\\\/\\\/secure.gravatar.com\\\/avatar\\\/4dfbf16b4d17945bfb6341b2d19043457132fcf478a5ee04f42e959fd8f5df0a?s=96&d=mm&r=g\",\"caption\":\"NOTICIASMERCEDINAS.COM\"},\"url\":\"https:\\\/\\\/noticiasmercedinas.com\\\/site\\\/author\\\/anonimo\\\/\"}]}<\/script>\n<!-- \/ Yoast SEO plugin. -->","yoast_head_json":{"title":"Silpanchok y Estrellita del Monte llevan su propuesta musical a Casa Balero","robots":{"index":"index","follow":"follow","max-snippet":"max-snippet:-1","max-image-preview":"max-image-preview:large","max-video-preview":"max-video-preview:-1"},"canonical":"https:\/\/noticiasmercedinas.com\/site\/2024\/11\/25\/silpanchok-y-estrellita-del-monte-traen-su-propuesta-musical-a-casa-balero\/","og_locale":"es_ES","og_type":"article","og_title":"Silpanchok y Estrellita del Monte llevan su propuesta musical a Casa Balero","og_description":"\u25a0 Este jueves 28. Se trata de un espect\u00e1culo que promete conquistar al p\u00fablico local con una combinaci\u00f3n de talento, energ\u00eda y sensibilidad.","og_url":"https:\/\/noticiasmercedinas.com\/site\/2024\/11\/25\/silpanchok-y-estrellita-del-monte-traen-su-propuesta-musical-a-casa-balero\/","og_site_name":"NOTICIASMERCEDINAS.COM","article_publisher":"https:\/\/www.facebook.com\/noticiasmercedinas\/","article_published_time":"2024-11-25T12:07:59+00:00","article_modified_time":"2024-11-25T12:11:41+00:00","og_image":[{"width":1080,"height":878,"url":"https:\/\/noticiasmercedinas.com\/site\/wp-content\/uploads\/2024\/11\/02d1c064-defb-42f3-80aa-4ad84b61c973-e1732536418471.jpg","type":"image\/jpeg"}],"author":"NOTICIASMERCEDINAS.COM","twitter_card":"summary_large_image","twitter_creator":"@notmercedinas","twitter_site":"@notmercedinas","twitter_misc":{"Escrito por":"NOTICIASMERCEDINAS.COM","Tiempo de lectura":"1 minuto"},"schema":{"@context":"https:\/\/schema.org","@graph":[{"@type":"Article","@id":"https:\/\/noticiasmercedinas.com\/site\/2024\/11\/25\/silpanchok-y-estrellita-del-monte-traen-su-propuesta-musical-a-casa-balero\/#article","isPartOf":{"@id":"https:\/\/noticiasmercedinas.com\/site\/2024\/11\/25\/silpanchok-y-estrellita-del-monte-traen-su-propuesta-musical-a-casa-balero\/"},"author":{"name":"NOTICIASMERCEDINAS.COM","@id":"https:\/\/noticiasmercedinas.com\/site\/#\/schema\/person\/84b59c099c28ff2e8b77d4ceec5d8063"},"headline":"Silpanchok y Estrellita del Monte llevan su propuesta musical a Casa Balero","datePublished":"2024-11-25T12:07:59+00:00","dateModified":"2024-11-25T12:11:41+00:00","mainEntityOfPage":{"@id":"https:\/\/noticiasmercedinas.com\/site\/2024\/11\/25\/silpanchok-y-estrellita-del-monte-traen-su-propuesta-musical-a-casa-balero\/"},"wordCount":286,"publisher":{"@id":"https:\/\/noticiasmercedinas.com\/site\/#organization"},"image":{"@id":"https:\/\/noticiasmercedinas.com\/site\/2024\/11\/25\/silpanchok-y-estrellita-del-monte-traen-su-propuesta-musical-a-casa-balero\/#primaryimage"},"thumbnailUrl":"https:\/\/noticiasmercedinas.com\/site\/wp-content\/uploads\/2024\/11\/02d1c064-defb-42f3-80aa-4ad84b61c973-e1732536418471.jpg","keywords":["casa balero","estrellita del monte","musica","Silpanchok"],"articleSection":["Cultura"],"inLanguage":"es"},{"@type":"WebPage","@id":"https:\/\/noticiasmercedinas.com\/site\/2024\/11\/25\/silpanchok-y-estrellita-del-monte-traen-su-propuesta-musical-a-casa-balero\/","url":"https:\/\/noticiasmercedinas.com\/site\/2024\/11\/25\/silpanchok-y-estrellita-del-monte-traen-su-propuesta-musical-a-casa-balero\/","name":"Silpanchok y Estrellita del Monte llevan su propuesta musical a Casa Balero","isPartOf":{"@id":"https:\/\/noticiasmercedinas.com\/site\/#website"},"primaryImageOfPage":{"@id":"https:\/\/noticiasmercedinas.com\/site\/2024\/11\/25\/silpanchok-y-estrellita-del-monte-traen-su-propuesta-musical-a-casa-balero\/#primaryimage"},"image":{"@id":"https:\/\/noticiasmercedinas.com\/site\/2024\/11\/25\/silpanchok-y-estrellita-del-monte-traen-su-propuesta-musical-a-casa-balero\/#primaryimage"},"thumbnailUrl":"https:\/\/noticiasmercedinas.com\/site\/wp-content\/uploads\/2024\/11\/02d1c064-defb-42f3-80aa-4ad84b61c973-e1732536418471.jpg","datePublished":"2024-11-25T12:07:59+00:00","dateModified":"2024-11-25T12:11:41+00:00","breadcrumb":{"@id":"https:\/\/noticiasmercedinas.com\/site\/2024\/11\/25\/silpanchok-y-estrellita-del-monte-traen-su-propuesta-musical-a-casa-balero\/#breadcrumb"},"inLanguage":"es","potentialAction":[{"@type":"ReadAction","target":["https:\/\/noticiasmercedinas.com\/site\/2024\/11\/25\/silpanchok-y-estrellita-del-monte-traen-su-propuesta-musical-a-casa-balero\/"]}]},{"@type":"ImageObject","inLanguage":"es","@id":"https:\/\/noticiasmercedinas.com\/site\/2024\/11\/25\/silpanchok-y-estrellita-del-monte-traen-su-propuesta-musical-a-casa-balero\/#primaryimage","url":"https:\/\/noticiasmercedinas.com\/site\/wp-content\/uploads\/2024\/11\/02d1c064-defb-42f3-80aa-4ad84b61c973-e1732536418471.jpg","contentUrl":"https:\/\/noticiasmercedinas.com\/site\/wp-content\/uploads\/2024\/11\/02d1c064-defb-42f3-80aa-4ad84b61c973-e1732536418471.jpg","width":1080,"height":878},{"@type":"BreadcrumbList","@id":"https:\/\/noticiasmercedinas.com\/site\/2024\/11\/25\/silpanchok-y-estrellita-del-monte-traen-su-propuesta-musical-a-casa-balero\/#breadcrumb","itemListElement":[{"@type":"ListItem","position":1,"name":"Portada","item":"https:\/\/noticiasmercedinas.com\/site\/"},{"@type":"ListItem","position":2,"name":"Silpanchok y Estrellita del Monte llevan su propuesta musical a Casa Balero"}]},{"@type":"WebSite","@id":"https:\/\/noticiasmercedinas.com\/site\/#website","url":"https:\/\/noticiasmercedinas.com\/site\/","name":"NOTICIASMERCEDINAS.COM","description":"Mercedes, Buenos Aires, Argentina","publisher":{"@id":"https:\/\/noticiasmercedinas.com\/site\/#organization"},"potentialAction":[{"@type":"SearchAction","target":{"@type":"EntryPoint","urlTemplate":"https:\/\/noticiasmercedinas.com\/site\/?s={search_term_string}"},"query-input":{"@type":"PropertyValueSpecification","valueRequired":true,"valueName":"search_term_string"}}],"inLanguage":"es"},{"@type":"Organization","@id":"https:\/\/noticiasmercedinas.com\/site\/#organization","name":"NOTICIASMERCEDINAS.COM","url":"https:\/\/noticiasmercedinas.com\/site\/","logo":{"@type":"ImageObject","inLanguage":"es","@id":"https:\/\/noticiasmercedinas.com\/site\/#\/schema\/logo\/image\/","url":"https:\/\/noticiasmercedinas.com\/site\/wp-content\/uploads\/2020\/06\/LOGO-512.jpg","contentUrl":"https:\/\/noticiasmercedinas.com\/site\/wp-content\/uploads\/2020\/06\/LOGO-512.jpg","width":512,"height":512,"caption":"NOTICIASMERCEDINAS.COM"},"image":{"@id":"https:\/\/noticiasmercedinas.com\/site\/#\/schema\/logo\/image\/"},"sameAs":["https:\/\/www.facebook.com\/noticiasmercedinas\/","https:\/\/x.com\/notmercedinas","https:\/\/www.instagram.com\/noticiasmercedinas\/"]},{"@type":"Person","@id":"https:\/\/noticiasmercedinas.com\/site\/#\/schema\/person\/84b59c099c28ff2e8b77d4ceec5d8063","name":"NOTICIASMERCEDINAS.COM","image":{"@type":"ImageObject","inLanguage":"es","@id":"https:\/\/secure.gravatar.com\/avatar\/4dfbf16b4d17945bfb6341b2d19043457132fcf478a5ee04f42e959fd8f5df0a?s=96&d=mm&r=g","url":"https:\/\/secure.gravatar.com\/avatar\/4dfbf16b4d17945bfb6341b2d19043457132fcf478a5ee04f42e959fd8f5df0a?s=96&d=mm&r=g","contentUrl":"https:\/\/secure.gravatar.com\/avatar\/4dfbf16b4d17945bfb6341b2d19043457132fcf478a5ee04f42e959fd8f5df0a?s=96&d=mm&r=g","caption":"NOTICIASMERCEDINAS.COM"},"url":"https:\/\/noticiasmercedinas.com\/site\/author\/anonimo\/"}]}},"amp_enabled":true,"_links":{"self":[{"href":"https:\/\/noticiasmercedinas.com\/site\/wp-json\/wp\/v2\/posts\/149051","targetHints":{"allow":["GET"]}}],"collection":[{"href":"https:\/\/noticiasmercedinas.com\/site\/wp-json\/wp\/v2\/posts"}],"about":[{"href":"https:\/\/noticiasmercedinas.com\/site\/wp-json\/wp\/v2\/types\/post"}],"author":[{"embeddable":true,"href":"https:\/\/noticiasmercedinas.com\/site\/wp-json\/wp\/v2\/users\/16"}],"replies":[{"embeddable":true,"href":"https:\/\/noticiasmercedinas.com\/site\/wp-json\/wp\/v2\/comments?post=149051"}],"version-history":[{"count":2,"href":"https:\/\/noticiasmercedinas.com\/site\/wp-json\/wp\/v2\/posts\/149051\/revisions"}],"predecessor-version":[{"id":149054,"href":"https:\/\/noticiasmercedinas.com\/site\/wp-json\/wp\/v2\/posts\/149051\/revisions\/149054"}],"wp:featuredmedia":[{"embeddable":true,"href":"https:\/\/noticiasmercedinas.com\/site\/wp-json\/wp\/v2\/media\/149052"}],"wp:attachment":[{"href":"https:\/\/noticiasmercedinas.com\/site\/wp-json\/wp\/v2\/media?parent=149051"}],"wp:term":[{"taxonomy":"category","embeddable":true,"href":"https:\/\/noticiasmercedinas.com\/site\/wp-json\/wp\/v2\/categories?post=149051"},{"taxonomy":"post_tag","embeddable":true,"href":"https:\/\/noticiasmercedinas.com\/site\/wp-json\/wp\/v2\/tags?post=149051"}],"curies":[{"name":"wp","href":"https:\/\/api.w.org\/{rel}","templated":true}]}}