{"id":149191,"date":"2024-11-26T16:35:36","date_gmt":"2024-11-26T19:35:36","guid":{"rendered":"https:\/\/noticiasmercedinas.com\/site\/?p=149191"},"modified":"2024-11-26T17:59:37","modified_gmt":"2024-11-26T20:59:37","slug":"cecilia-martinez-expuso-en-la-prestigiosa-bienal-de-la-habana","status":"publish","type":"post","link":"https:\/\/noticiasmercedinas.com\/site\/2024\/11\/26\/cecilia-martinez-expuso-en-la-prestigiosa-bienal-de-la-habana\/","title":{"rendered":"Cecilia Mart\u00ednez expuso en la prestigiosa Bienal de La Habana"},"content":{"rendered":"<p><img loading=\"lazy\" decoding=\"async\" class=\"alignnone size-full wp-image-149194\" src=\"https:\/\/noticiasmercedinas.com\/site\/wp-content\/uploads\/2024\/11\/2c5022d9-cd65-42f9-9874-3ba689793832-e1732649653563.jpg\" alt=\"\" width=\"720\" height=\"525\" srcset=\"https:\/\/noticiasmercedinas.com\/site\/wp-content\/uploads\/2024\/11\/2c5022d9-cd65-42f9-9874-3ba689793832-e1732649653563.jpg 720w, https:\/\/noticiasmercedinas.com\/site\/wp-content\/uploads\/2024\/11\/2c5022d9-cd65-42f9-9874-3ba689793832-e1732649653563-300x219.jpg 300w, https:\/\/noticiasmercedinas.com\/site\/wp-content\/uploads\/2024\/11\/2c5022d9-cd65-42f9-9874-3ba689793832-e1732649653563-640x467.jpg 640w, https:\/\/noticiasmercedinas.com\/site\/wp-content\/uploads\/2024\/11\/2c5022d9-cd65-42f9-9874-3ba689793832-e1732649653563-681x497.jpg 681w\" sizes=\"auto, (max-width: 720px) 100vw, 720px\" \/><\/p>\n<p>La creatividad mercedina vuelve a ser reconocida a nivel internacional, esta vez de la mano de <strong>Cecilia Mart\u00ednez<\/strong>, artista textil y due\u00f1a de la tienda Peperina.<\/p>\n<p>Cecilia fue seleccionada para participar en la reconocida Bienal de La Habana, donde present\u00f3 su obra <strong>\u00abLo que permanece\u00bb<\/strong>, enmarcada en la muestra \u201cLos otros caminos de la seda\u201d.<\/p>\n<p>En una entrevista con <em>Noticias Mercedinas<\/em>, y reci\u00e9n bajada del avi\u00f3n, este mediod\u00eda, comparti\u00f3 detalles de esta experiencia \u00fanica y los desaf\u00edos que enfrent\u00f3 durante el evento.<\/p>\n<p>\u201cRecib\u00ed la invitaci\u00f3n a mitad de a\u00f1o, y fue una gran sorpresa porque no hab\u00eda postulado a nada. La curadora Janet Oviedo me convoc\u00f3 con una carta muy formal, y, por supuesto, acept\u00e9 inmediatamente. Sab\u00eda que la Bienal de La Habana era muy prestigiosa, pero no imagin\u00e9 que formar\u00eda parte de ella\u201d, relat\u00f3 Cecilia.<\/p>\n<p>La obra de Mart\u00ednez fue expuesta en el Centro de Desarrollo de las Artes Visuales, ubicado frente a la Plaza Vieja de La Habana, un espacio destacado dentro del circuito de exposiciones de la bienal.<\/p>\n<p>All\u00ed se reunieron artistas textiles de diversos pa\u00edses de Latinoam\u00e9rica, compartiendo experiencias en un entorno art\u00edstico que tom\u00f3 m\u00faltiples espacios de la ciudad, desde museos hasta plazas y universidades.<\/p>\n<p><img loading=\"lazy\" decoding=\"async\" class=\"alignnone wp-image-149193 size-full\" src=\"https:\/\/noticiasmercedinas.com\/site\/wp-content\/uploads\/2024\/11\/6fbaed15-ebe5-4a95-8a69-136df347f4ed-e1732649613604.jpg\" alt=\"\" width=\"720\" height=\"820\" srcset=\"https:\/\/noticiasmercedinas.com\/site\/wp-content\/uploads\/2024\/11\/6fbaed15-ebe5-4a95-8a69-136df347f4ed-e1732649613604.jpg 720w, https:\/\/noticiasmercedinas.com\/site\/wp-content\/uploads\/2024\/11\/6fbaed15-ebe5-4a95-8a69-136df347f4ed-e1732649613604-263x300.jpg 263w, https:\/\/noticiasmercedinas.com\/site\/wp-content\/uploads\/2024\/11\/6fbaed15-ebe5-4a95-8a69-136df347f4ed-e1732649613604-640x729.jpg 640w, https:\/\/noticiasmercedinas.com\/site\/wp-content\/uploads\/2024\/11\/6fbaed15-ebe5-4a95-8a69-136df347f4ed-e1732649613604-681x776.jpg 681w\" sizes=\"auto, (max-width: 720px) 100vw, 720px\" \/><\/p>\n<h4><strong>Desaf\u00edos y aprendizajes en tierra cubana<\/strong><\/h4>\n<p>Llegar a La Habana no fue sencillo. \u201cDos d\u00edas antes de mi vuelo, un hurac\u00e1n hab\u00eda pasado por la zona, lo que complic\u00f3 much\u00edsimo las cosas. Mi vuelo fue cancelado y llegu\u00e9 dos d\u00edas m\u00e1s tarde de lo previsto, pero a\u00fan a tiempo para el montaje\u201d, explic\u00f3 Cecilia.<\/p>\n<blockquote><p>\u00abLos primeros d\u00edas no hab\u00eda luz, y cuando la hab\u00eda, faltaban herramientas o transporte para los trabajadores. Sin embargo, entre los artistas logramos colaborar y ayudarnos mutuamente\u00bb<\/p><\/blockquote>\n<p>La preparaci\u00f3n de las obras fue, seg\u00fan la artista, una de las experiencias m\u00e1s enriquecedoras: \u201cLos primeros d\u00edas no hab\u00eda luz, y cuando la hab\u00eda, faltaban herramientas o transporte para los trabajadores. Sin embargo, entre los artistas logramos colaborar y ayudarnos mutuamente. Nos prestamos materiales, compartimos ideas y superamos las dificultades juntos. Fue un trabajo colectivo muy inspirador\u201d.<\/p>\n<p><img loading=\"lazy\" decoding=\"async\" class=\"alignnone size-full wp-image-149196\" src=\"https:\/\/noticiasmercedinas.com\/site\/wp-content\/uploads\/2024\/11\/CUBA1.jpg\" alt=\"\" width=\"640\" height=\"640\" srcset=\"https:\/\/noticiasmercedinas.com\/site\/wp-content\/uploads\/2024\/11\/CUBA1.jpg 640w, https:\/\/noticiasmercedinas.com\/site\/wp-content\/uploads\/2024\/11\/CUBA1-300x300.jpg 300w, https:\/\/noticiasmercedinas.com\/site\/wp-content\/uploads\/2024\/11\/CUBA1-150x150.jpg 150w\" sizes=\"auto, (max-width: 640px) 100vw, 640px\" \/><\/p>\n<h4><strong>El impacto cultural y social de la Bienal<\/strong><\/h4>\n<p>Adem\u00e1s del montaje, Cecilia destac\u00f3 la riqueza de los eventos paralelos. \u201cCada artista tuvo la oportunidad de presentar su obra al p\u00fablico y a los dem\u00e1s artistas. Fue muy interesante escuchar las historias detr\u00e1s de cada pieza. Tambi\u00e9n fue maravilloso recorrer la ciudad y encontrar esculturas, murales y performances que formaban parte de la Bienal. La Habana se transform\u00f3 en una gran galer\u00eda de arte al aire libre\u201d.<\/p>\n<p>Cecilia no estuvo sola en esta aventura: dos amigas y colegas mercedinas, integrantes de su taller de procesos creativos, viajaron a acompa\u00f1arla durante la inauguraci\u00f3n. \u201cFue muy emocionante compartir ese momento con ellas, un apoyo fundamental estando lejos de casa\u201d, expres\u00f3.<\/p>\n<p>Por otra parte destac\u00f3 especialmente la ayuda y apoyo permanente de <strong>Miguel Ronsino<\/strong>, su profesor que tambi\u00e9n es un habitu\u00e9 de los artistas mercedinos.<\/p>\n<h4><strong>Un proyecto que trasciende fronteras<\/strong><\/h4>\n<p>Adem\u00e1s de su participaci\u00f3n en la Bienal, Cecilia llev\u00f3 adelante un proyecto colaborativo. \u201cLlev\u00e9 conmigo trozos de tela con los que trabajo habitualmente y los entregu\u00e9 a artistas y personas que conoc\u00ed en Cuba. La idea era que cada uno interviniera la tela a su manera. Recib\u00ed respuestas incre\u00edbles y planeo utilizar esos pedazos para crear una nueva obra textil que re\u00fana todas estas experiencias. Quiero que esta vivencia siga creciendo y transform\u00e1ndose en algo que trascienda la Bienal\u201d, concluy\u00f3 la artista.<\/p>\n<p>Con esta participaci\u00f3n, Cecilia Mart\u00ednez reafirma el talento y la creatividad de Mercedes en la escena internacional, llevando consigo no solo su obra, sino tambi\u00e9n el esp\u00edritu colaborativo y transformador del arte.<\/p>\n<p><img loading=\"lazy\" decoding=\"async\" class=\"alignnone size-full wp-image-149192\" src=\"https:\/\/noticiasmercedinas.com\/site\/wp-content\/uploads\/2024\/11\/3cca844e-5d9f-44b5-b121-c32309971324.jpg\" alt=\"\" width=\"720\" height=\"1280\" srcset=\"https:\/\/noticiasmercedinas.com\/site\/wp-content\/uploads\/2024\/11\/3cca844e-5d9f-44b5-b121-c32309971324.jpg 720w, https:\/\/noticiasmercedinas.com\/site\/wp-content\/uploads\/2024\/11\/3cca844e-5d9f-44b5-b121-c32309971324-169x300.jpg 169w, https:\/\/noticiasmercedinas.com\/site\/wp-content\/uploads\/2024\/11\/3cca844e-5d9f-44b5-b121-c32309971324-576x1024.jpg 576w, https:\/\/noticiasmercedinas.com\/site\/wp-content\/uploads\/2024\/11\/3cca844e-5d9f-44b5-b121-c32309971324-640x1138.jpg 640w, https:\/\/noticiasmercedinas.com\/site\/wp-content\/uploads\/2024\/11\/3cca844e-5d9f-44b5-b121-c32309971324-681x1211.jpg 681w\" sizes=\"auto, (max-width: 720px) 100vw, 720px\" \/><\/p>\n","protected":false},"excerpt":{"rendered":"<p>La creatividad mercedina vuelve a ser reconocida a nivel internacional, esta vez de la mano de Cecilia Mart\u00ednez, artista textil y due\u00f1a de la tienda Peperina. Cecilia fue seleccionada para participar en la reconocida Bienal de La Habana, donde present\u00f3 su obra \u00abLo que permanece\u00bb, enmarcada en la muestra \u201cLos otros caminos de la seda\u201d. [&hellip;]<\/p>\n","protected":false},"author":16,"featured_media":149194,"comment_status":"closed","ping_status":"closed","sticky":false,"template":"","format":"standard","meta":{"footnotes":""},"categories":[9],"tags":[190,6639,2612,19251,9331],"class_list":["post-149191","post","type-post","status-publish","format-standard","has-post-thumbnail","hentry","category-entrevistas","tag-arte","tag-bienal","tag-cecilia-martinez","tag-la-habana","tag-telas"],"yoast_head":"<!-- This site is optimized with the Yoast SEO plugin v27.4 - https:\/\/yoast.com\/product\/yoast-seo-wordpress\/ -->\n<title>Cecilia Mart\u00ednez expuso en la prestigiosa Bienal de La Habana<\/title>\n<meta name=\"robots\" content=\"index, follow, max-snippet:-1, max-image-preview:large, max-video-preview:-1\" \/>\n<link rel=\"canonical\" href=\"https:\/\/noticiasmercedinas.com\/site\/2024\/11\/26\/cecilia-martinez-expuso-en-la-prestigiosa-bienal-de-la-habana\/\" \/>\n<meta property=\"og:locale\" content=\"es_ES\" \/>\n<meta property=\"og:type\" content=\"article\" \/>\n<meta property=\"og:title\" content=\"Cecilia Mart\u00ednez expuso en la prestigiosa Bienal de La Habana\" \/>\n<meta property=\"og:description\" content=\"La creatividad mercedina vuelve a ser reconocida a nivel internacional, esta vez de la mano de Cecilia Mart\u00ednez, artista textil y due\u00f1a de la tienda Peperina. Cecilia fue seleccionada para participar en la reconocida Bienal de La Habana, donde present\u00f3 su obra \u00abLo que permanece\u00bb, enmarcada en la muestra \u201cLos otros caminos de la seda\u201d. [&hellip;]\" \/>\n<meta property=\"og:url\" content=\"https:\/\/noticiasmercedinas.com\/site\/2024\/11\/26\/cecilia-martinez-expuso-en-la-prestigiosa-bienal-de-la-habana\/\" \/>\n<meta property=\"og:site_name\" content=\"NOTICIASMERCEDINAS.COM\" \/>\n<meta property=\"article:publisher\" content=\"https:\/\/www.facebook.com\/noticiasmercedinas\/\" \/>\n<meta property=\"article:published_time\" content=\"2024-11-26T19:35:36+00:00\" \/>\n<meta property=\"article:modified_time\" content=\"2024-11-26T20:59:37+00:00\" \/>\n<meta property=\"og:image\" content=\"https:\/\/noticiasmercedinas.com\/site\/wp-content\/uploads\/2024\/11\/2c5022d9-cd65-42f9-9874-3ba689793832-e1732649653563.jpg\" \/>\n\t<meta property=\"og:image:width\" content=\"720\" \/>\n\t<meta property=\"og:image:height\" content=\"525\" \/>\n\t<meta property=\"og:image:type\" content=\"image\/jpeg\" \/>\n<meta name=\"author\" content=\"NOTICIASMERCEDINAS.COM\" \/>\n<meta name=\"twitter:card\" content=\"summary_large_image\" \/>\n<meta name=\"twitter:creator\" content=\"@notmercedinas\" \/>\n<meta name=\"twitter:site\" content=\"@notmercedinas\" \/>\n<meta name=\"twitter:label1\" content=\"Escrito por\" \/>\n\t<meta name=\"twitter:data1\" content=\"NOTICIASMERCEDINAS.COM\" \/>\n\t<meta name=\"twitter:label2\" content=\"Tiempo de lectura\" \/>\n\t<meta name=\"twitter:data2\" content=\"3 minutos\" \/>\n<script type=\"application\/ld+json\" class=\"yoast-schema-graph\">{\"@context\":\"https:\\\/\\\/schema.org\",\"@graph\":[{\"@type\":\"Article\",\"@id\":\"https:\\\/\\\/noticiasmercedinas.com\\\/site\\\/2024\\\/11\\\/26\\\/cecilia-martinez-expuso-en-la-prestigiosa-bienal-de-la-habana\\\/#article\",\"isPartOf\":{\"@id\":\"https:\\\/\\\/noticiasmercedinas.com\\\/site\\\/2024\\\/11\\\/26\\\/cecilia-martinez-expuso-en-la-prestigiosa-bienal-de-la-habana\\\/\"},\"author\":{\"name\":\"NOTICIASMERCEDINAS.COM\",\"@id\":\"https:\\\/\\\/noticiasmercedinas.com\\\/site\\\/#\\\/schema\\\/person\\\/84b59c099c28ff2e8b77d4ceec5d8063\"},\"headline\":\"Cecilia Mart\u00ednez expuso en la prestigiosa Bienal de La Habana\",\"datePublished\":\"2024-11-26T19:35:36+00:00\",\"dateModified\":\"2024-11-26T20:59:37+00:00\",\"mainEntityOfPage\":{\"@id\":\"https:\\\/\\\/noticiasmercedinas.com\\\/site\\\/2024\\\/11\\\/26\\\/cecilia-martinez-expuso-en-la-prestigiosa-bienal-de-la-habana\\\/\"},\"wordCount\":661,\"publisher\":{\"@id\":\"https:\\\/\\\/noticiasmercedinas.com\\\/site\\\/#organization\"},\"image\":{\"@id\":\"https:\\\/\\\/noticiasmercedinas.com\\\/site\\\/2024\\\/11\\\/26\\\/cecilia-martinez-expuso-en-la-prestigiosa-bienal-de-la-habana\\\/#primaryimage\"},\"thumbnailUrl\":\"https:\\\/\\\/noticiasmercedinas.com\\\/site\\\/wp-content\\\/uploads\\\/2024\\\/11\\\/2c5022d9-cd65-42f9-9874-3ba689793832-e1732649653563.jpg\",\"keywords\":[\"arte\",\"bienal\",\"Cecilia Martinez\",\"la habana\",\"telas\"],\"articleSection\":[\"Entrevistas\"],\"inLanguage\":\"es\"},{\"@type\":\"WebPage\",\"@id\":\"https:\\\/\\\/noticiasmercedinas.com\\\/site\\\/2024\\\/11\\\/26\\\/cecilia-martinez-expuso-en-la-prestigiosa-bienal-de-la-habana\\\/\",\"url\":\"https:\\\/\\\/noticiasmercedinas.com\\\/site\\\/2024\\\/11\\\/26\\\/cecilia-martinez-expuso-en-la-prestigiosa-bienal-de-la-habana\\\/\",\"name\":\"Cecilia Mart\u00ednez expuso en la prestigiosa Bienal de La Habana\",\"isPartOf\":{\"@id\":\"https:\\\/\\\/noticiasmercedinas.com\\\/site\\\/#website\"},\"primaryImageOfPage\":{\"@id\":\"https:\\\/\\\/noticiasmercedinas.com\\\/site\\\/2024\\\/11\\\/26\\\/cecilia-martinez-expuso-en-la-prestigiosa-bienal-de-la-habana\\\/#primaryimage\"},\"image\":{\"@id\":\"https:\\\/\\\/noticiasmercedinas.com\\\/site\\\/2024\\\/11\\\/26\\\/cecilia-martinez-expuso-en-la-prestigiosa-bienal-de-la-habana\\\/#primaryimage\"},\"thumbnailUrl\":\"https:\\\/\\\/noticiasmercedinas.com\\\/site\\\/wp-content\\\/uploads\\\/2024\\\/11\\\/2c5022d9-cd65-42f9-9874-3ba689793832-e1732649653563.jpg\",\"datePublished\":\"2024-11-26T19:35:36+00:00\",\"dateModified\":\"2024-11-26T20:59:37+00:00\",\"breadcrumb\":{\"@id\":\"https:\\\/\\\/noticiasmercedinas.com\\\/site\\\/2024\\\/11\\\/26\\\/cecilia-martinez-expuso-en-la-prestigiosa-bienal-de-la-habana\\\/#breadcrumb\"},\"inLanguage\":\"es\",\"potentialAction\":[{\"@type\":\"ReadAction\",\"target\":[\"https:\\\/\\\/noticiasmercedinas.com\\\/site\\\/2024\\\/11\\\/26\\\/cecilia-martinez-expuso-en-la-prestigiosa-bienal-de-la-habana\\\/\"]}]},{\"@type\":\"ImageObject\",\"inLanguage\":\"es\",\"@id\":\"https:\\\/\\\/noticiasmercedinas.com\\\/site\\\/2024\\\/11\\\/26\\\/cecilia-martinez-expuso-en-la-prestigiosa-bienal-de-la-habana\\\/#primaryimage\",\"url\":\"https:\\\/\\\/noticiasmercedinas.com\\\/site\\\/wp-content\\\/uploads\\\/2024\\\/11\\\/2c5022d9-cd65-42f9-9874-3ba689793832-e1732649653563.jpg\",\"contentUrl\":\"https:\\\/\\\/noticiasmercedinas.com\\\/site\\\/wp-content\\\/uploads\\\/2024\\\/11\\\/2c5022d9-cd65-42f9-9874-3ba689793832-e1732649653563.jpg\",\"width\":720,\"height\":525},{\"@type\":\"BreadcrumbList\",\"@id\":\"https:\\\/\\\/noticiasmercedinas.com\\\/site\\\/2024\\\/11\\\/26\\\/cecilia-martinez-expuso-en-la-prestigiosa-bienal-de-la-habana\\\/#breadcrumb\",\"itemListElement\":[{\"@type\":\"ListItem\",\"position\":1,\"name\":\"Portada\",\"item\":\"https:\\\/\\\/noticiasmercedinas.com\\\/site\\\/\"},{\"@type\":\"ListItem\",\"position\":2,\"name\":\"Cecilia Mart\u00ednez expuso en la prestigiosa Bienal de La Habana\"}]},{\"@type\":\"WebSite\",\"@id\":\"https:\\\/\\\/noticiasmercedinas.com\\\/site\\\/#website\",\"url\":\"https:\\\/\\\/noticiasmercedinas.com\\\/site\\\/\",\"name\":\"NOTICIASMERCEDINAS.COM\",\"description\":\"Mercedes, Buenos Aires, Argentina\",\"publisher\":{\"@id\":\"https:\\\/\\\/noticiasmercedinas.com\\\/site\\\/#organization\"},\"potentialAction\":[{\"@type\":\"SearchAction\",\"target\":{\"@type\":\"EntryPoint\",\"urlTemplate\":\"https:\\\/\\\/noticiasmercedinas.com\\\/site\\\/?s={search_term_string}\"},\"query-input\":{\"@type\":\"PropertyValueSpecification\",\"valueRequired\":true,\"valueName\":\"search_term_string\"}}],\"inLanguage\":\"es\"},{\"@type\":\"Organization\",\"@id\":\"https:\\\/\\\/noticiasmercedinas.com\\\/site\\\/#organization\",\"name\":\"NOTICIASMERCEDINAS.COM\",\"url\":\"https:\\\/\\\/noticiasmercedinas.com\\\/site\\\/\",\"logo\":{\"@type\":\"ImageObject\",\"inLanguage\":\"es\",\"@id\":\"https:\\\/\\\/noticiasmercedinas.com\\\/site\\\/#\\\/schema\\\/logo\\\/image\\\/\",\"url\":\"https:\\\/\\\/noticiasmercedinas.com\\\/site\\\/wp-content\\\/uploads\\\/2020\\\/06\\\/LOGO-512.jpg\",\"contentUrl\":\"https:\\\/\\\/noticiasmercedinas.com\\\/site\\\/wp-content\\\/uploads\\\/2020\\\/06\\\/LOGO-512.jpg\",\"width\":512,\"height\":512,\"caption\":\"NOTICIASMERCEDINAS.COM\"},\"image\":{\"@id\":\"https:\\\/\\\/noticiasmercedinas.com\\\/site\\\/#\\\/schema\\\/logo\\\/image\\\/\"},\"sameAs\":[\"https:\\\/\\\/www.facebook.com\\\/noticiasmercedinas\\\/\",\"https:\\\/\\\/x.com\\\/notmercedinas\",\"https:\\\/\\\/www.instagram.com\\\/noticiasmercedinas\\\/\"]},{\"@type\":\"Person\",\"@id\":\"https:\\\/\\\/noticiasmercedinas.com\\\/site\\\/#\\\/schema\\\/person\\\/84b59c099c28ff2e8b77d4ceec5d8063\",\"name\":\"NOTICIASMERCEDINAS.COM\",\"image\":{\"@type\":\"ImageObject\",\"inLanguage\":\"es\",\"@id\":\"https:\\\/\\\/secure.gravatar.com\\\/avatar\\\/4dfbf16b4d17945bfb6341b2d19043457132fcf478a5ee04f42e959fd8f5df0a?s=96&d=mm&r=g\",\"url\":\"https:\\\/\\\/secure.gravatar.com\\\/avatar\\\/4dfbf16b4d17945bfb6341b2d19043457132fcf478a5ee04f42e959fd8f5df0a?s=96&d=mm&r=g\",\"contentUrl\":\"https:\\\/\\\/secure.gravatar.com\\\/avatar\\\/4dfbf16b4d17945bfb6341b2d19043457132fcf478a5ee04f42e959fd8f5df0a?s=96&d=mm&r=g\",\"caption\":\"NOTICIASMERCEDINAS.COM\"},\"url\":\"https:\\\/\\\/noticiasmercedinas.com\\\/site\\\/author\\\/anonimo\\\/\"}]}<\/script>\n<!-- \/ Yoast SEO plugin. -->","yoast_head_json":{"title":"Cecilia Mart\u00ednez expuso en la prestigiosa Bienal de La Habana","robots":{"index":"index","follow":"follow","max-snippet":"max-snippet:-1","max-image-preview":"max-image-preview:large","max-video-preview":"max-video-preview:-1"},"canonical":"https:\/\/noticiasmercedinas.com\/site\/2024\/11\/26\/cecilia-martinez-expuso-en-la-prestigiosa-bienal-de-la-habana\/","og_locale":"es_ES","og_type":"article","og_title":"Cecilia Mart\u00ednez expuso en la prestigiosa Bienal de La Habana","og_description":"La creatividad mercedina vuelve a ser reconocida a nivel internacional, esta vez de la mano de Cecilia Mart\u00ednez, artista textil y due\u00f1a de la tienda Peperina. Cecilia fue seleccionada para participar en la reconocida Bienal de La Habana, donde present\u00f3 su obra \u00abLo que permanece\u00bb, enmarcada en la muestra \u201cLos otros caminos de la seda\u201d. [&hellip;]","og_url":"https:\/\/noticiasmercedinas.com\/site\/2024\/11\/26\/cecilia-martinez-expuso-en-la-prestigiosa-bienal-de-la-habana\/","og_site_name":"NOTICIASMERCEDINAS.COM","article_publisher":"https:\/\/www.facebook.com\/noticiasmercedinas\/","article_published_time":"2024-11-26T19:35:36+00:00","article_modified_time":"2024-11-26T20:59:37+00:00","og_image":[{"width":720,"height":525,"url":"https:\/\/noticiasmercedinas.com\/site\/wp-content\/uploads\/2024\/11\/2c5022d9-cd65-42f9-9874-3ba689793832-e1732649653563.jpg","type":"image\/jpeg"}],"author":"NOTICIASMERCEDINAS.COM","twitter_card":"summary_large_image","twitter_creator":"@notmercedinas","twitter_site":"@notmercedinas","twitter_misc":{"Escrito por":"NOTICIASMERCEDINAS.COM","Tiempo de lectura":"3 minutos"},"schema":{"@context":"https:\/\/schema.org","@graph":[{"@type":"Article","@id":"https:\/\/noticiasmercedinas.com\/site\/2024\/11\/26\/cecilia-martinez-expuso-en-la-prestigiosa-bienal-de-la-habana\/#article","isPartOf":{"@id":"https:\/\/noticiasmercedinas.com\/site\/2024\/11\/26\/cecilia-martinez-expuso-en-la-prestigiosa-bienal-de-la-habana\/"},"author":{"name":"NOTICIASMERCEDINAS.COM","@id":"https:\/\/noticiasmercedinas.com\/site\/#\/schema\/person\/84b59c099c28ff2e8b77d4ceec5d8063"},"headline":"Cecilia Mart\u00ednez expuso en la prestigiosa Bienal de La Habana","datePublished":"2024-11-26T19:35:36+00:00","dateModified":"2024-11-26T20:59:37+00:00","mainEntityOfPage":{"@id":"https:\/\/noticiasmercedinas.com\/site\/2024\/11\/26\/cecilia-martinez-expuso-en-la-prestigiosa-bienal-de-la-habana\/"},"wordCount":661,"publisher":{"@id":"https:\/\/noticiasmercedinas.com\/site\/#organization"},"image":{"@id":"https:\/\/noticiasmercedinas.com\/site\/2024\/11\/26\/cecilia-martinez-expuso-en-la-prestigiosa-bienal-de-la-habana\/#primaryimage"},"thumbnailUrl":"https:\/\/noticiasmercedinas.com\/site\/wp-content\/uploads\/2024\/11\/2c5022d9-cd65-42f9-9874-3ba689793832-e1732649653563.jpg","keywords":["arte","bienal","Cecilia Martinez","la habana","telas"],"articleSection":["Entrevistas"],"inLanguage":"es"},{"@type":"WebPage","@id":"https:\/\/noticiasmercedinas.com\/site\/2024\/11\/26\/cecilia-martinez-expuso-en-la-prestigiosa-bienal-de-la-habana\/","url":"https:\/\/noticiasmercedinas.com\/site\/2024\/11\/26\/cecilia-martinez-expuso-en-la-prestigiosa-bienal-de-la-habana\/","name":"Cecilia Mart\u00ednez expuso en la prestigiosa Bienal de La Habana","isPartOf":{"@id":"https:\/\/noticiasmercedinas.com\/site\/#website"},"primaryImageOfPage":{"@id":"https:\/\/noticiasmercedinas.com\/site\/2024\/11\/26\/cecilia-martinez-expuso-en-la-prestigiosa-bienal-de-la-habana\/#primaryimage"},"image":{"@id":"https:\/\/noticiasmercedinas.com\/site\/2024\/11\/26\/cecilia-martinez-expuso-en-la-prestigiosa-bienal-de-la-habana\/#primaryimage"},"thumbnailUrl":"https:\/\/noticiasmercedinas.com\/site\/wp-content\/uploads\/2024\/11\/2c5022d9-cd65-42f9-9874-3ba689793832-e1732649653563.jpg","datePublished":"2024-11-26T19:35:36+00:00","dateModified":"2024-11-26T20:59:37+00:00","breadcrumb":{"@id":"https:\/\/noticiasmercedinas.com\/site\/2024\/11\/26\/cecilia-martinez-expuso-en-la-prestigiosa-bienal-de-la-habana\/#breadcrumb"},"inLanguage":"es","potentialAction":[{"@type":"ReadAction","target":["https:\/\/noticiasmercedinas.com\/site\/2024\/11\/26\/cecilia-martinez-expuso-en-la-prestigiosa-bienal-de-la-habana\/"]}]},{"@type":"ImageObject","inLanguage":"es","@id":"https:\/\/noticiasmercedinas.com\/site\/2024\/11\/26\/cecilia-martinez-expuso-en-la-prestigiosa-bienal-de-la-habana\/#primaryimage","url":"https:\/\/noticiasmercedinas.com\/site\/wp-content\/uploads\/2024\/11\/2c5022d9-cd65-42f9-9874-3ba689793832-e1732649653563.jpg","contentUrl":"https:\/\/noticiasmercedinas.com\/site\/wp-content\/uploads\/2024\/11\/2c5022d9-cd65-42f9-9874-3ba689793832-e1732649653563.jpg","width":720,"height":525},{"@type":"BreadcrumbList","@id":"https:\/\/noticiasmercedinas.com\/site\/2024\/11\/26\/cecilia-martinez-expuso-en-la-prestigiosa-bienal-de-la-habana\/#breadcrumb","itemListElement":[{"@type":"ListItem","position":1,"name":"Portada","item":"https:\/\/noticiasmercedinas.com\/site\/"},{"@type":"ListItem","position":2,"name":"Cecilia Mart\u00ednez expuso en la prestigiosa Bienal de La Habana"}]},{"@type":"WebSite","@id":"https:\/\/noticiasmercedinas.com\/site\/#website","url":"https:\/\/noticiasmercedinas.com\/site\/","name":"NOTICIASMERCEDINAS.COM","description":"Mercedes, Buenos Aires, Argentina","publisher":{"@id":"https:\/\/noticiasmercedinas.com\/site\/#organization"},"potentialAction":[{"@type":"SearchAction","target":{"@type":"EntryPoint","urlTemplate":"https:\/\/noticiasmercedinas.com\/site\/?s={search_term_string}"},"query-input":{"@type":"PropertyValueSpecification","valueRequired":true,"valueName":"search_term_string"}}],"inLanguage":"es"},{"@type":"Organization","@id":"https:\/\/noticiasmercedinas.com\/site\/#organization","name":"NOTICIASMERCEDINAS.COM","url":"https:\/\/noticiasmercedinas.com\/site\/","logo":{"@type":"ImageObject","inLanguage":"es","@id":"https:\/\/noticiasmercedinas.com\/site\/#\/schema\/logo\/image\/","url":"https:\/\/noticiasmercedinas.com\/site\/wp-content\/uploads\/2020\/06\/LOGO-512.jpg","contentUrl":"https:\/\/noticiasmercedinas.com\/site\/wp-content\/uploads\/2020\/06\/LOGO-512.jpg","width":512,"height":512,"caption":"NOTICIASMERCEDINAS.COM"},"image":{"@id":"https:\/\/noticiasmercedinas.com\/site\/#\/schema\/logo\/image\/"},"sameAs":["https:\/\/www.facebook.com\/noticiasmercedinas\/","https:\/\/x.com\/notmercedinas","https:\/\/www.instagram.com\/noticiasmercedinas\/"]},{"@type":"Person","@id":"https:\/\/noticiasmercedinas.com\/site\/#\/schema\/person\/84b59c099c28ff2e8b77d4ceec5d8063","name":"NOTICIASMERCEDINAS.COM","image":{"@type":"ImageObject","inLanguage":"es","@id":"https:\/\/secure.gravatar.com\/avatar\/4dfbf16b4d17945bfb6341b2d19043457132fcf478a5ee04f42e959fd8f5df0a?s=96&d=mm&r=g","url":"https:\/\/secure.gravatar.com\/avatar\/4dfbf16b4d17945bfb6341b2d19043457132fcf478a5ee04f42e959fd8f5df0a?s=96&d=mm&r=g","contentUrl":"https:\/\/secure.gravatar.com\/avatar\/4dfbf16b4d17945bfb6341b2d19043457132fcf478a5ee04f42e959fd8f5df0a?s=96&d=mm&r=g","caption":"NOTICIASMERCEDINAS.COM"},"url":"https:\/\/noticiasmercedinas.com\/site\/author\/anonimo\/"}]}},"amp_enabled":true,"_links":{"self":[{"href":"https:\/\/noticiasmercedinas.com\/site\/wp-json\/wp\/v2\/posts\/149191","targetHints":{"allow":["GET"]}}],"collection":[{"href":"https:\/\/noticiasmercedinas.com\/site\/wp-json\/wp\/v2\/posts"}],"about":[{"href":"https:\/\/noticiasmercedinas.com\/site\/wp-json\/wp\/v2\/types\/post"}],"author":[{"embeddable":true,"href":"https:\/\/noticiasmercedinas.com\/site\/wp-json\/wp\/v2\/users\/16"}],"replies":[{"embeddable":true,"href":"https:\/\/noticiasmercedinas.com\/site\/wp-json\/wp\/v2\/comments?post=149191"}],"version-history":[{"count":4,"href":"https:\/\/noticiasmercedinas.com\/site\/wp-json\/wp\/v2\/posts\/149191\/revisions"}],"predecessor-version":[{"id":149199,"href":"https:\/\/noticiasmercedinas.com\/site\/wp-json\/wp\/v2\/posts\/149191\/revisions\/149199"}],"wp:featuredmedia":[{"embeddable":true,"href":"https:\/\/noticiasmercedinas.com\/site\/wp-json\/wp\/v2\/media\/149194"}],"wp:attachment":[{"href":"https:\/\/noticiasmercedinas.com\/site\/wp-json\/wp\/v2\/media?parent=149191"}],"wp:term":[{"taxonomy":"category","embeddable":true,"href":"https:\/\/noticiasmercedinas.com\/site\/wp-json\/wp\/v2\/categories?post=149191"},{"taxonomy":"post_tag","embeddable":true,"href":"https:\/\/noticiasmercedinas.com\/site\/wp-json\/wp\/v2\/tags?post=149191"}],"curies":[{"name":"wp","href":"https:\/\/api.w.org\/{rel}","templated":true}]}}