{"id":1495,"date":"2018-09-10T12:20:16","date_gmt":"2018-09-10T15:20:16","guid":{"rendered":"https:\/\/noticiasmercedinas.com\/site\/?p=1495"},"modified":"2018-09-10T12:20:16","modified_gmt":"2018-09-10T15:20:16","slug":"la-pelea-de-sequeira-se-paso-al-sabado-29-de-septiembre","status":"publish","type":"post","link":"https:\/\/noticiasmercedinas.com\/site\/2018\/09\/10\/la-pelea-de-sequeira-se-paso-al-sabado-29-de-septiembre\/","title":{"rendered":"La pelea de Sequeira se pas\u00f3 al s\u00e1bado 29 de septiembre"},"content":{"rendered":"<p><strong>La velada que se iba a celebrar el pr\u00f3ximo s\u00e1bado se concretar\u00e1 sobre el cierre de mes. Se perfila el marplatense C\u00e9sar Reynoso como pr\u00f3ximo rival. El \u201cYacar\u00e9\u201d no detiene su preparaci\u00f3n.<\/strong><br \/>\n<img loading=\"lazy\" decoding=\"async\" class=\"alignnone size-full wp-image-1496\" src=\"https:\/\/noticiasmercedinas.com\/site\/wp-content\/uploads\/2018\/09\/c8a80c66-dd6d-4655-8b3b-9e23b9b018cc.jpg\" alt=\"\" width=\"650\" height=\"383\" srcset=\"https:\/\/noticiasmercedinas.com\/site\/wp-content\/uploads\/2018\/09\/c8a80c66-dd6d-4655-8b3b-9e23b9b018cc.jpg 650w, https:\/\/noticiasmercedinas.com\/site\/wp-content\/uploads\/2018\/09\/c8a80c66-dd6d-4655-8b3b-9e23b9b018cc-300x177.jpg 300w, https:\/\/noticiasmercedinas.com\/site\/wp-content\/uploads\/2018\/09\/c8a80c66-dd6d-4655-8b3b-9e23b9b018cc-640x377.jpg 640w\" sizes=\"auto, (max-width: 650px) 100vw, 650px\" \/><br \/>\nLuego de ganar por KO en la sexta vuelta a Gast\u00f3n Vega (R\u00edo Negro) en el Polideportivo CEF N\u00b0 40 el pasado 20 de abril, Walter Gabriel Sequeira iba a presentarse este s\u00e1bado 15 de septiembre en Boulogne. La velada ha sufrido un cambio de fecha para ser ubicada en la trasmisi\u00f3n televisiva e instalarse definitivamente el d\u00eda s\u00e1bado 29 del presente mes en la ciudad de San Isidro donde el evento contar\u00e1 con el auspicio de municipio de zona norte.<\/p>\n<p>El presente Campe\u00f3n Argentino y Latino OMB Mediopesado y ex monarca Latino CMB de id\u00e9ntica categor\u00eda, \u00a0con 21 combates ganados en los que 15 son por\u00a0 KO y cayendo s\u00f3lo en 4 (1 KO) podr\u00eda enfrentar al marplatense C\u00e9sar Hern\u00e1n Reynoso 15 (7 KO) \u2013 11 (2 KO) \u2013 4. Un p\u00fagil que viene de ganar el t\u00edtulo Sudamericano Mediopesado por puntos tras 12 round el \u00faltimo 31 de agosto ante el paraguayo Isidro Prieto en el Club El Porvenir de Quilmes.<\/p>\n<p>\u201cEl Salvaje\u201d es ex campe\u00f3n Latino Plata Semipesado CMB, cuando en mayo del 2017 cay\u00f3 en las tarjetas tras 10 vueltas, Reynoso tambi\u00e9n ha disputado el cetro Sudamericano Supermerdiano, que qued\u00f3 para el chileno Julio Alamos en diciembre de 2017. A partir de esta nueva oportunidad, desde Macro Boxing Team intensifican las tratativas para confirmar el rival. Mientras tanto el \u201cYacar\u00e9\u201d no detiene sus entrenamientos.<\/p>\n","protected":false},"excerpt":{"rendered":"<p>La velada que se iba a celebrar el pr\u00f3ximo s\u00e1bado se concretar\u00e1 sobre el cierre de mes. Se perfila el marplatense C\u00e9sar Reynoso como pr\u00f3ximo rival. El \u201cYacar\u00e9\u201d no detiene su preparaci\u00f3n. Luego de ganar por KO en la sexta vuelta a Gast\u00f3n Vega (R\u00edo Negro) en el Polideportivo CEF N\u00b0 40 el pasado 20 [&hellip;]<\/p>\n","protected":false},"author":6,"featured_media":1496,"comment_status":"open","ping_status":"open","sticky":false,"template":"","format":"standard","meta":{"footnotes":""},"categories":[5],"tags":[93],"class_list":["post-1495","post","type-post","status-publish","format-standard","has-post-thumbnail","hentry","category-deportes","tag-boxeo"],"yoast_head":"<!-- This site is optimized with the Yoast SEO plugin v27.4 - https:\/\/yoast.com\/product\/yoast-seo-wordpress\/ -->\n<title>La pelea de Sequeira se pas\u00f3 al s\u00e1bado 29 de septiembre<\/title>\n<meta name=\"robots\" content=\"index, follow, max-snippet:-1, max-image-preview:large, max-video-preview:-1\" \/>\n<link rel=\"canonical\" href=\"https:\/\/noticiasmercedinas.com\/site\/2018\/09\/10\/la-pelea-de-sequeira-se-paso-al-sabado-29-de-septiembre\/\" \/>\n<meta property=\"og:locale\" content=\"es_ES\" \/>\n<meta property=\"og:type\" content=\"article\" \/>\n<meta property=\"og:title\" content=\"La pelea de Sequeira se pas\u00f3 al s\u00e1bado 29 de septiembre\" \/>\n<meta property=\"og:description\" content=\"La velada que se iba a celebrar el pr\u00f3ximo s\u00e1bado se concretar\u00e1 sobre el cierre de mes. Se perfila el marplatense C\u00e9sar Reynoso como pr\u00f3ximo rival. El \u201cYacar\u00e9\u201d no detiene su preparaci\u00f3n. Luego de ganar por KO en la sexta vuelta a Gast\u00f3n Vega (R\u00edo Negro) en el Polideportivo CEF N\u00b0 40 el pasado 20 [&hellip;]\" \/>\n<meta property=\"og:url\" content=\"https:\/\/noticiasmercedinas.com\/site\/2018\/09\/10\/la-pelea-de-sequeira-se-paso-al-sabado-29-de-septiembre\/\" \/>\n<meta property=\"og:site_name\" content=\"NOTICIASMERCEDINAS.COM\" \/>\n<meta property=\"article:publisher\" content=\"https:\/\/www.facebook.com\/noticiasmercedinas\/\" \/>\n<meta property=\"article:published_time\" content=\"2018-09-10T15:20:16+00:00\" \/>\n<meta property=\"og:image\" content=\"https:\/\/noticiasmercedinas.com\/site\/wp-content\/uploads\/2018\/09\/c8a80c66-dd6d-4655-8b3b-9e23b9b018cc.jpg\" \/>\n\t<meta property=\"og:image:width\" content=\"650\" \/>\n\t<meta property=\"og:image:height\" content=\"383\" \/>\n\t<meta property=\"og:image:type\" content=\"image\/jpeg\" \/>\n<meta name=\"author\" content=\"Juan Dagnino NOTICIASMERCEDINAS.COM\" \/>\n<meta name=\"twitter:card\" content=\"summary_large_image\" \/>\n<meta name=\"twitter:creator\" content=\"@notmercedinas\" \/>\n<meta name=\"twitter:site\" content=\"@notmercedinas\" \/>\n<meta name=\"twitter:label1\" content=\"Escrito por\" \/>\n\t<meta name=\"twitter:data1\" content=\"Juan Dagnino NOTICIASMERCEDINAS.COM\" \/>\n\t<meta name=\"twitter:label2\" content=\"Tiempo de lectura\" \/>\n\t<meta name=\"twitter:data2\" content=\"1 minuto\" \/>\n<script type=\"application\/ld+json\" class=\"yoast-schema-graph\">{\"@context\":\"https:\\\/\\\/schema.org\",\"@graph\":[{\"@type\":\"Article\",\"@id\":\"https:\\\/\\\/noticiasmercedinas.com\\\/site\\\/2018\\\/09\\\/10\\\/la-pelea-de-sequeira-se-paso-al-sabado-29-de-septiembre\\\/#article\",\"isPartOf\":{\"@id\":\"https:\\\/\\\/noticiasmercedinas.com\\\/site\\\/2018\\\/09\\\/10\\\/la-pelea-de-sequeira-se-paso-al-sabado-29-de-septiembre\\\/\"},\"author\":{\"name\":\"Juan Dagnino NOTICIASMERCEDINAS.COM\",\"@id\":\"https:\\\/\\\/noticiasmercedinas.com\\\/site\\\/#\\\/schema\\\/person\\\/8f2f09d666ef40986eba4a5e6f2a06f9\"},\"headline\":\"La pelea de Sequeira se pas\u00f3 al s\u00e1bado 29 de septiembre\",\"datePublished\":\"2018-09-10T15:20:16+00:00\",\"mainEntityOfPage\":{\"@id\":\"https:\\\/\\\/noticiasmercedinas.com\\\/site\\\/2018\\\/09\\\/10\\\/la-pelea-de-sequeira-se-paso-al-sabado-29-de-septiembre\\\/\"},\"wordCount\":273,\"commentCount\":0,\"publisher\":{\"@id\":\"https:\\\/\\\/noticiasmercedinas.com\\\/site\\\/#organization\"},\"image\":{\"@id\":\"https:\\\/\\\/noticiasmercedinas.com\\\/site\\\/2018\\\/09\\\/10\\\/la-pelea-de-sequeira-se-paso-al-sabado-29-de-septiembre\\\/#primaryimage\"},\"thumbnailUrl\":\"https:\\\/\\\/noticiasmercedinas.com\\\/site\\\/wp-content\\\/uploads\\\/2018\\\/09\\\/c8a80c66-dd6d-4655-8b3b-9e23b9b018cc.jpg\",\"keywords\":[\"boxeo\"],\"articleSection\":[\"Deportes\"],\"inLanguage\":\"es\",\"potentialAction\":[{\"@type\":\"CommentAction\",\"name\":\"Comment\",\"target\":[\"https:\\\/\\\/noticiasmercedinas.com\\\/site\\\/2018\\\/09\\\/10\\\/la-pelea-de-sequeira-se-paso-al-sabado-29-de-septiembre\\\/#respond\"]}]},{\"@type\":\"WebPage\",\"@id\":\"https:\\\/\\\/noticiasmercedinas.com\\\/site\\\/2018\\\/09\\\/10\\\/la-pelea-de-sequeira-se-paso-al-sabado-29-de-septiembre\\\/\",\"url\":\"https:\\\/\\\/noticiasmercedinas.com\\\/site\\\/2018\\\/09\\\/10\\\/la-pelea-de-sequeira-se-paso-al-sabado-29-de-septiembre\\\/\",\"name\":\"La pelea de Sequeira se pas\u00f3 al s\u00e1bado 29 de septiembre\",\"isPartOf\":{\"@id\":\"https:\\\/\\\/noticiasmercedinas.com\\\/site\\\/#website\"},\"primaryImageOfPage\":{\"@id\":\"https:\\\/\\\/noticiasmercedinas.com\\\/site\\\/2018\\\/09\\\/10\\\/la-pelea-de-sequeira-se-paso-al-sabado-29-de-septiembre\\\/#primaryimage\"},\"image\":{\"@id\":\"https:\\\/\\\/noticiasmercedinas.com\\\/site\\\/2018\\\/09\\\/10\\\/la-pelea-de-sequeira-se-paso-al-sabado-29-de-septiembre\\\/#primaryimage\"},\"thumbnailUrl\":\"https:\\\/\\\/noticiasmercedinas.com\\\/site\\\/wp-content\\\/uploads\\\/2018\\\/09\\\/c8a80c66-dd6d-4655-8b3b-9e23b9b018cc.jpg\",\"datePublished\":\"2018-09-10T15:20:16+00:00\",\"breadcrumb\":{\"@id\":\"https:\\\/\\\/noticiasmercedinas.com\\\/site\\\/2018\\\/09\\\/10\\\/la-pelea-de-sequeira-se-paso-al-sabado-29-de-septiembre\\\/#breadcrumb\"},\"inLanguage\":\"es\",\"potentialAction\":[{\"@type\":\"ReadAction\",\"target\":[\"https:\\\/\\\/noticiasmercedinas.com\\\/site\\\/2018\\\/09\\\/10\\\/la-pelea-de-sequeira-se-paso-al-sabado-29-de-septiembre\\\/\"]}]},{\"@type\":\"ImageObject\",\"inLanguage\":\"es\",\"@id\":\"https:\\\/\\\/noticiasmercedinas.com\\\/site\\\/2018\\\/09\\\/10\\\/la-pelea-de-sequeira-se-paso-al-sabado-29-de-septiembre\\\/#primaryimage\",\"url\":\"https:\\\/\\\/noticiasmercedinas.com\\\/site\\\/wp-content\\\/uploads\\\/2018\\\/09\\\/c8a80c66-dd6d-4655-8b3b-9e23b9b018cc.jpg\",\"contentUrl\":\"https:\\\/\\\/noticiasmercedinas.com\\\/site\\\/wp-content\\\/uploads\\\/2018\\\/09\\\/c8a80c66-dd6d-4655-8b3b-9e23b9b018cc.jpg\",\"width\":650,\"height\":383},{\"@type\":\"BreadcrumbList\",\"@id\":\"https:\\\/\\\/noticiasmercedinas.com\\\/site\\\/2018\\\/09\\\/10\\\/la-pelea-de-sequeira-se-paso-al-sabado-29-de-septiembre\\\/#breadcrumb\",\"itemListElement\":[{\"@type\":\"ListItem\",\"position\":1,\"name\":\"Portada\",\"item\":\"https:\\\/\\\/noticiasmercedinas.com\\\/site\\\/\"},{\"@type\":\"ListItem\",\"position\":2,\"name\":\"La pelea de Sequeira se pas\u00f3 al s\u00e1bado 29 de septiembre\"}]},{\"@type\":\"WebSite\",\"@id\":\"https:\\\/\\\/noticiasmercedinas.com\\\/site\\\/#website\",\"url\":\"https:\\\/\\\/noticiasmercedinas.com\\\/site\\\/\",\"name\":\"NOTICIASMERCEDINAS.COM\",\"description\":\"Mercedes, Buenos Aires, Argentina\",\"publisher\":{\"@id\":\"https:\\\/\\\/noticiasmercedinas.com\\\/site\\\/#organization\"},\"potentialAction\":[{\"@type\":\"SearchAction\",\"target\":{\"@type\":\"EntryPoint\",\"urlTemplate\":\"https:\\\/\\\/noticiasmercedinas.com\\\/site\\\/?s={search_term_string}\"},\"query-input\":{\"@type\":\"PropertyValueSpecification\",\"valueRequired\":true,\"valueName\":\"search_term_string\"}}],\"inLanguage\":\"es\"},{\"@type\":\"Organization\",\"@id\":\"https:\\\/\\\/noticiasmercedinas.com\\\/site\\\/#organization\",\"name\":\"NOTICIASMERCEDINAS.COM\",\"url\":\"https:\\\/\\\/noticiasmercedinas.com\\\/site\\\/\",\"logo\":{\"@type\":\"ImageObject\",\"inLanguage\":\"es\",\"@id\":\"https:\\\/\\\/noticiasmercedinas.com\\\/site\\\/#\\\/schema\\\/logo\\\/image\\\/\",\"url\":\"https:\\\/\\\/noticiasmercedinas.com\\\/site\\\/wp-content\\\/uploads\\\/2020\\\/06\\\/LOGO-512.jpg\",\"contentUrl\":\"https:\\\/\\\/noticiasmercedinas.com\\\/site\\\/wp-content\\\/uploads\\\/2020\\\/06\\\/LOGO-512.jpg\",\"width\":512,\"height\":512,\"caption\":\"NOTICIASMERCEDINAS.COM\"},\"image\":{\"@id\":\"https:\\\/\\\/noticiasmercedinas.com\\\/site\\\/#\\\/schema\\\/logo\\\/image\\\/\"},\"sameAs\":[\"https:\\\/\\\/www.facebook.com\\\/noticiasmercedinas\\\/\",\"https:\\\/\\\/x.com\\\/notmercedinas\",\"https:\\\/\\\/www.instagram.com\\\/noticiasmercedinas\\\/\"]},{\"@type\":\"Person\",\"@id\":\"https:\\\/\\\/noticiasmercedinas.com\\\/site\\\/#\\\/schema\\\/person\\\/8f2f09d666ef40986eba4a5e6f2a06f9\",\"name\":\"Juan Dagnino NOTICIASMERCEDINAS.COM\",\"image\":{\"@type\":\"ImageObject\",\"inLanguage\":\"es\",\"@id\":\"https:\\\/\\\/secure.gravatar.com\\\/avatar\\\/fc7059a769f5a3cae65fadb228a3e4accf3a64b4b2305020d0a27e6d5333c91b?s=96&d=mm&r=g\",\"url\":\"https:\\\/\\\/secure.gravatar.com\\\/avatar\\\/fc7059a769f5a3cae65fadb228a3e4accf3a64b4b2305020d0a27e6d5333c91b?s=96&d=mm&r=g\",\"contentUrl\":\"https:\\\/\\\/secure.gravatar.com\\\/avatar\\\/fc7059a769f5a3cae65fadb228a3e4accf3a64b4b2305020d0a27e6d5333c91b?s=96&d=mm&r=g\",\"caption\":\"Juan Dagnino NOTICIASMERCEDINAS.COM\"},\"url\":\"https:\\\/\\\/noticiasmercedinas.com\\\/site\\\/author\\\/juandagnino\\\/\"}]}<\/script>\n<!-- \/ Yoast SEO plugin. -->","yoast_head_json":{"title":"La pelea de Sequeira se pas\u00f3 al s\u00e1bado 29 de septiembre","robots":{"index":"index","follow":"follow","max-snippet":"max-snippet:-1","max-image-preview":"max-image-preview:large","max-video-preview":"max-video-preview:-1"},"canonical":"https:\/\/noticiasmercedinas.com\/site\/2018\/09\/10\/la-pelea-de-sequeira-se-paso-al-sabado-29-de-septiembre\/","og_locale":"es_ES","og_type":"article","og_title":"La pelea de Sequeira se pas\u00f3 al s\u00e1bado 29 de septiembre","og_description":"La velada que se iba a celebrar el pr\u00f3ximo s\u00e1bado se concretar\u00e1 sobre el cierre de mes. Se perfila el marplatense C\u00e9sar Reynoso como pr\u00f3ximo rival. El \u201cYacar\u00e9\u201d no detiene su preparaci\u00f3n. Luego de ganar por KO en la sexta vuelta a Gast\u00f3n Vega (R\u00edo Negro) en el Polideportivo CEF N\u00b0 40 el pasado 20 [&hellip;]","og_url":"https:\/\/noticiasmercedinas.com\/site\/2018\/09\/10\/la-pelea-de-sequeira-se-paso-al-sabado-29-de-septiembre\/","og_site_name":"NOTICIASMERCEDINAS.COM","article_publisher":"https:\/\/www.facebook.com\/noticiasmercedinas\/","article_published_time":"2018-09-10T15:20:16+00:00","og_image":[{"width":650,"height":383,"url":"https:\/\/noticiasmercedinas.com\/site\/wp-content\/uploads\/2018\/09\/c8a80c66-dd6d-4655-8b3b-9e23b9b018cc.jpg","type":"image\/jpeg"}],"author":"Juan Dagnino NOTICIASMERCEDINAS.COM","twitter_card":"summary_large_image","twitter_creator":"@notmercedinas","twitter_site":"@notmercedinas","twitter_misc":{"Escrito por":"Juan Dagnino NOTICIASMERCEDINAS.COM","Tiempo de lectura":"1 minuto"},"schema":{"@context":"https:\/\/schema.org","@graph":[{"@type":"Article","@id":"https:\/\/noticiasmercedinas.com\/site\/2018\/09\/10\/la-pelea-de-sequeira-se-paso-al-sabado-29-de-septiembre\/#article","isPartOf":{"@id":"https:\/\/noticiasmercedinas.com\/site\/2018\/09\/10\/la-pelea-de-sequeira-se-paso-al-sabado-29-de-septiembre\/"},"author":{"name":"Juan Dagnino NOTICIASMERCEDINAS.COM","@id":"https:\/\/noticiasmercedinas.com\/site\/#\/schema\/person\/8f2f09d666ef40986eba4a5e6f2a06f9"},"headline":"La pelea de Sequeira se pas\u00f3 al s\u00e1bado 29 de septiembre","datePublished":"2018-09-10T15:20:16+00:00","mainEntityOfPage":{"@id":"https:\/\/noticiasmercedinas.com\/site\/2018\/09\/10\/la-pelea-de-sequeira-se-paso-al-sabado-29-de-septiembre\/"},"wordCount":273,"commentCount":0,"publisher":{"@id":"https:\/\/noticiasmercedinas.com\/site\/#organization"},"image":{"@id":"https:\/\/noticiasmercedinas.com\/site\/2018\/09\/10\/la-pelea-de-sequeira-se-paso-al-sabado-29-de-septiembre\/#primaryimage"},"thumbnailUrl":"https:\/\/noticiasmercedinas.com\/site\/wp-content\/uploads\/2018\/09\/c8a80c66-dd6d-4655-8b3b-9e23b9b018cc.jpg","keywords":["boxeo"],"articleSection":["Deportes"],"inLanguage":"es","potentialAction":[{"@type":"CommentAction","name":"Comment","target":["https:\/\/noticiasmercedinas.com\/site\/2018\/09\/10\/la-pelea-de-sequeira-se-paso-al-sabado-29-de-septiembre\/#respond"]}]},{"@type":"WebPage","@id":"https:\/\/noticiasmercedinas.com\/site\/2018\/09\/10\/la-pelea-de-sequeira-se-paso-al-sabado-29-de-septiembre\/","url":"https:\/\/noticiasmercedinas.com\/site\/2018\/09\/10\/la-pelea-de-sequeira-se-paso-al-sabado-29-de-septiembre\/","name":"La pelea de Sequeira se pas\u00f3 al s\u00e1bado 29 de septiembre","isPartOf":{"@id":"https:\/\/noticiasmercedinas.com\/site\/#website"},"primaryImageOfPage":{"@id":"https:\/\/noticiasmercedinas.com\/site\/2018\/09\/10\/la-pelea-de-sequeira-se-paso-al-sabado-29-de-septiembre\/#primaryimage"},"image":{"@id":"https:\/\/noticiasmercedinas.com\/site\/2018\/09\/10\/la-pelea-de-sequeira-se-paso-al-sabado-29-de-septiembre\/#primaryimage"},"thumbnailUrl":"https:\/\/noticiasmercedinas.com\/site\/wp-content\/uploads\/2018\/09\/c8a80c66-dd6d-4655-8b3b-9e23b9b018cc.jpg","datePublished":"2018-09-10T15:20:16+00:00","breadcrumb":{"@id":"https:\/\/noticiasmercedinas.com\/site\/2018\/09\/10\/la-pelea-de-sequeira-se-paso-al-sabado-29-de-septiembre\/#breadcrumb"},"inLanguage":"es","potentialAction":[{"@type":"ReadAction","target":["https:\/\/noticiasmercedinas.com\/site\/2018\/09\/10\/la-pelea-de-sequeira-se-paso-al-sabado-29-de-septiembre\/"]}]},{"@type":"ImageObject","inLanguage":"es","@id":"https:\/\/noticiasmercedinas.com\/site\/2018\/09\/10\/la-pelea-de-sequeira-se-paso-al-sabado-29-de-septiembre\/#primaryimage","url":"https:\/\/noticiasmercedinas.com\/site\/wp-content\/uploads\/2018\/09\/c8a80c66-dd6d-4655-8b3b-9e23b9b018cc.jpg","contentUrl":"https:\/\/noticiasmercedinas.com\/site\/wp-content\/uploads\/2018\/09\/c8a80c66-dd6d-4655-8b3b-9e23b9b018cc.jpg","width":650,"height":383},{"@type":"BreadcrumbList","@id":"https:\/\/noticiasmercedinas.com\/site\/2018\/09\/10\/la-pelea-de-sequeira-se-paso-al-sabado-29-de-septiembre\/#breadcrumb","itemListElement":[{"@type":"ListItem","position":1,"name":"Portada","item":"https:\/\/noticiasmercedinas.com\/site\/"},{"@type":"ListItem","position":2,"name":"La pelea de Sequeira se pas\u00f3 al s\u00e1bado 29 de septiembre"}]},{"@type":"WebSite","@id":"https:\/\/noticiasmercedinas.com\/site\/#website","url":"https:\/\/noticiasmercedinas.com\/site\/","name":"NOTICIASMERCEDINAS.COM","description":"Mercedes, Buenos Aires, Argentina","publisher":{"@id":"https:\/\/noticiasmercedinas.com\/site\/#organization"},"potentialAction":[{"@type":"SearchAction","target":{"@type":"EntryPoint","urlTemplate":"https:\/\/noticiasmercedinas.com\/site\/?s={search_term_string}"},"query-input":{"@type":"PropertyValueSpecification","valueRequired":true,"valueName":"search_term_string"}}],"inLanguage":"es"},{"@type":"Organization","@id":"https:\/\/noticiasmercedinas.com\/site\/#organization","name":"NOTICIASMERCEDINAS.COM","url":"https:\/\/noticiasmercedinas.com\/site\/","logo":{"@type":"ImageObject","inLanguage":"es","@id":"https:\/\/noticiasmercedinas.com\/site\/#\/schema\/logo\/image\/","url":"https:\/\/noticiasmercedinas.com\/site\/wp-content\/uploads\/2020\/06\/LOGO-512.jpg","contentUrl":"https:\/\/noticiasmercedinas.com\/site\/wp-content\/uploads\/2020\/06\/LOGO-512.jpg","width":512,"height":512,"caption":"NOTICIASMERCEDINAS.COM"},"image":{"@id":"https:\/\/noticiasmercedinas.com\/site\/#\/schema\/logo\/image\/"},"sameAs":["https:\/\/www.facebook.com\/noticiasmercedinas\/","https:\/\/x.com\/notmercedinas","https:\/\/www.instagram.com\/noticiasmercedinas\/"]},{"@type":"Person","@id":"https:\/\/noticiasmercedinas.com\/site\/#\/schema\/person\/8f2f09d666ef40986eba4a5e6f2a06f9","name":"Juan Dagnino NOTICIASMERCEDINAS.COM","image":{"@type":"ImageObject","inLanguage":"es","@id":"https:\/\/secure.gravatar.com\/avatar\/fc7059a769f5a3cae65fadb228a3e4accf3a64b4b2305020d0a27e6d5333c91b?s=96&d=mm&r=g","url":"https:\/\/secure.gravatar.com\/avatar\/fc7059a769f5a3cae65fadb228a3e4accf3a64b4b2305020d0a27e6d5333c91b?s=96&d=mm&r=g","contentUrl":"https:\/\/secure.gravatar.com\/avatar\/fc7059a769f5a3cae65fadb228a3e4accf3a64b4b2305020d0a27e6d5333c91b?s=96&d=mm&r=g","caption":"Juan Dagnino NOTICIASMERCEDINAS.COM"},"url":"https:\/\/noticiasmercedinas.com\/site\/author\/juandagnino\/"}]}},"amp_enabled":true,"_links":{"self":[{"href":"https:\/\/noticiasmercedinas.com\/site\/wp-json\/wp\/v2\/posts\/1495","targetHints":{"allow":["GET"]}}],"collection":[{"href":"https:\/\/noticiasmercedinas.com\/site\/wp-json\/wp\/v2\/posts"}],"about":[{"href":"https:\/\/noticiasmercedinas.com\/site\/wp-json\/wp\/v2\/types\/post"}],"author":[{"embeddable":true,"href":"https:\/\/noticiasmercedinas.com\/site\/wp-json\/wp\/v2\/users\/6"}],"replies":[{"embeddable":true,"href":"https:\/\/noticiasmercedinas.com\/site\/wp-json\/wp\/v2\/comments?post=1495"}],"version-history":[{"count":1,"href":"https:\/\/noticiasmercedinas.com\/site\/wp-json\/wp\/v2\/posts\/1495\/revisions"}],"predecessor-version":[{"id":1497,"href":"https:\/\/noticiasmercedinas.com\/site\/wp-json\/wp\/v2\/posts\/1495\/revisions\/1497"}],"wp:featuredmedia":[{"embeddable":true,"href":"https:\/\/noticiasmercedinas.com\/site\/wp-json\/wp\/v2\/media\/1496"}],"wp:attachment":[{"href":"https:\/\/noticiasmercedinas.com\/site\/wp-json\/wp\/v2\/media?parent=1495"}],"wp:term":[{"taxonomy":"category","embeddable":true,"href":"https:\/\/noticiasmercedinas.com\/site\/wp-json\/wp\/v2\/categories?post=1495"},{"taxonomy":"post_tag","embeddable":true,"href":"https:\/\/noticiasmercedinas.com\/site\/wp-json\/wp\/v2\/tags?post=1495"}],"curies":[{"name":"wp","href":"https:\/\/api.w.org\/{rel}","templated":true}]}}