{"id":149553,"date":"2024-12-01T12:32:31","date_gmt":"2024-12-01T15:32:31","guid":{"rendered":"https:\/\/noticiasmercedinas.com\/site\/?p=149553"},"modified":"2024-12-01T12:32:48","modified_gmt":"2024-12-01T15:32:48","slug":"doble-siniestro-vial-en-ruta-5-colision-en-cadena-y-una-victima-fatal","status":"publish","type":"post","link":"https:\/\/noticiasmercedinas.com\/site\/2024\/12\/01\/doble-siniestro-vial-en-ruta-5-colision-en-cadena-y-una-victima-fatal\/","title":{"rendered":"Doble siniestro vial en Ruta 5: colisi\u00f3n en cadena y una v\u00edctima fatal"},"content":{"rendered":"<p><img loading=\"lazy\" decoding=\"async\" class=\"alignnone size-full wp-image-149554\" src=\"https:\/\/noticiasmercedinas.com\/site\/wp-content\/uploads\/2024\/12\/468092361_9147360071964907_751221825716739373_n-e1733067072267.jpg\" alt=\"\" width=\"1440\" height=\"1056\" srcset=\"https:\/\/noticiasmercedinas.com\/site\/wp-content\/uploads\/2024\/12\/468092361_9147360071964907_751221825716739373_n-e1733067072267.jpg 1440w, https:\/\/noticiasmercedinas.com\/site\/wp-content\/uploads\/2024\/12\/468092361_9147360071964907_751221825716739373_n-e1733067072267-300x220.jpg 300w, https:\/\/noticiasmercedinas.com\/site\/wp-content\/uploads\/2024\/12\/468092361_9147360071964907_751221825716739373_n-e1733067072267-1024x751.jpg 1024w, https:\/\/noticiasmercedinas.com\/site\/wp-content\/uploads\/2024\/12\/468092361_9147360071964907_751221825716739373_n-e1733067072267-768x563.jpg 768w, https:\/\/noticiasmercedinas.com\/site\/wp-content\/uploads\/2024\/12\/468092361_9147360071964907_751221825716739373_n-e1733067072267-80x60.jpg 80w, https:\/\/noticiasmercedinas.com\/site\/wp-content\/uploads\/2024\/12\/468092361_9147360071964907_751221825716739373_n-e1733067072267-640x469.jpg 640w, https:\/\/noticiasmercedinas.com\/site\/wp-content\/uploads\/2024\/12\/468092361_9147360071964907_751221825716739373_n-e1733067072267-1280x939.jpg 1280w, https:\/\/noticiasmercedinas.com\/site\/wp-content\/uploads\/2024\/12\/468092361_9147360071964907_751221825716739373_n-e1733067072267-681x499.jpg 681w, https:\/\/noticiasmercedinas.com\/site\/wp-content\/uploads\/2024\/12\/468092361_9147360071964907_751221825716739373_n-e1733067072267-1362x999.jpg 1362w\" sizes=\"auto, (max-width: 1440px) 100vw, 1440px\" \/><\/p>\n<p>Este s\u00e1bado por la ma\u00f1ana, a las 11:15, un choque m\u00faltiple en cadena interrumpi\u00f3 nuevamente el tr\u00e1nsito en la Ruta Nacional 5, en cercan\u00edas del kil\u00f3metro 147, jurisdicci\u00f3n del partido de Chivilcoy. El accidente ocurri\u00f3 mientras se realizaban tareas de remoci\u00f3n de los veh\u00edculos involucrados en un siniestro previo registrado horas antes en el kil\u00f3metro 149.<\/p>\n<p>El incidente se origin\u00f3 cuando un cami\u00f3n <strong>Mercedes Benz<\/strong> (dominio VQN330), perteneciente a la empresa Carnes Mom y conducido por Alexander Caballero, de 23 a\u00f1os, embisti\u00f3 a varios veh\u00edculos detenidos debido al corte de tr\u00e1nsito. El impacto inicial fue contra una <strong>Toyota Hilux<\/strong>, lo que desencaden\u00f3 una colisi\u00f3n en cadena que involucr\u00f3 a un <strong>Toyota Corolla Cross<\/strong>, dos <strong>Ford Focus<\/strong> y una <strong>Volkswagen Suran<\/strong>. A su vez, el cami\u00f3n fue embestido en su parte trasera por una <strong>Ford Ecosport<\/strong>.<\/p>\n<p>A pesar de la magnitud del accidente, los ocupantes de los veh\u00edculos solo sufrieron heridas leves. En la escena intervinieron la Subcomisar\u00eda Dardo Garelli, Bomberos Voluntarios, ambulancias del SAME y la Polic\u00eda Vial de Chivilcoy.<\/p>\n<p><strong>UNA V\u00cdCTIMA FATAL EN EL KIL\u00d3METRO 149<\/strong><br \/>\nHoras antes, cerca de las 2:00 de la madrugada, se produjo un tr\u00e1gico accidente en el kil\u00f3metro 149 de la misma arteria nacional. Un autom\u00f3vil <strong>Fiat Siena<\/strong> (dominio DGP735), conducido por <strong>Liliana Luj\u00e1n Lippolis<\/strong>, de 31 a\u00f1os, impact\u00f3 contra un cami\u00f3n <strong>Scania P310<\/strong> con semirremolque cisterna que transportaba leche fluida.<\/p>\n<p>El choque frontal ocurri\u00f3 cuando el Fiat Siena, que circulaba en sentido Suipacha-Chivilcoy, invadi\u00f3 el carril contrario, impactando el lateral del cami\u00f3n conducido por <strong>C\u00e9sar Adri\u00e1n Bo<\/strong>, de 47 a\u00f1os, tambi\u00e9n oriundo de General Rodr\u00edguez. Como consecuencia, el veh\u00edculo menor sufri\u00f3 graves da\u00f1os, y la conductora perdi\u00f3 la vida en el acto.<\/p>\n<p>El cami\u00f3n, fuera de control, cruz\u00f3 hacia la banquina opuesta, deteni\u00e9ndose a unos 50 metros del lugar del impacto. Otros dos veh\u00edculos, un <strong>Ford Fiesta<\/strong> y un <strong>Toyota Corolla<\/strong>, sufrieron da\u00f1os tras colisionar con restos del accidente, aunque sus ocupantes resultaron ilesos.<\/p>\n<p>Bomberos Voluntarios de Chivilcoy trabajaron arduamente para retirar el cuerpo de la v\u00edctima del interior del Fiat Siena. El conductor del cami\u00f3n, aunque f\u00edsicamente ileso, fue trasladado al Hospital de Chivilcoy debido a su estado de conmoci\u00f3n.<\/p>\n<p><img loading=\"lazy\" decoding=\"async\" class=\"alignnone size-full wp-image-149556\" src=\"https:\/\/noticiasmercedinas.com\/site\/wp-content\/uploads\/2024\/12\/468092992_9147217135312534_202053061407605105_n.jpg\" alt=\"\" width=\"1440\" height=\"1440\" srcset=\"https:\/\/noticiasmercedinas.com\/site\/wp-content\/uploads\/2024\/12\/468092992_9147217135312534_202053061407605105_n.jpg 1440w, https:\/\/noticiasmercedinas.com\/site\/wp-content\/uploads\/2024\/12\/468092992_9147217135312534_202053061407605105_n-300x300.jpg 300w, https:\/\/noticiasmercedinas.com\/site\/wp-content\/uploads\/2024\/12\/468092992_9147217135312534_202053061407605105_n-1024x1024.jpg 1024w, https:\/\/noticiasmercedinas.com\/site\/wp-content\/uploads\/2024\/12\/468092992_9147217135312534_202053061407605105_n-150x150.jpg 150w, https:\/\/noticiasmercedinas.com\/site\/wp-content\/uploads\/2024\/12\/468092992_9147217135312534_202053061407605105_n-768x768.jpg 768w, https:\/\/noticiasmercedinas.com\/site\/wp-content\/uploads\/2024\/12\/468092992_9147217135312534_202053061407605105_n-640x640.jpg 640w, https:\/\/noticiasmercedinas.com\/site\/wp-content\/uploads\/2024\/12\/468092992_9147217135312534_202053061407605105_n-1280x1280.jpg 1280w, https:\/\/noticiasmercedinas.com\/site\/wp-content\/uploads\/2024\/12\/468092992_9147217135312534_202053061407605105_n-681x681.jpg 681w, https:\/\/noticiasmercedinas.com\/site\/wp-content\/uploads\/2024\/12\/468092992_9147217135312534_202053061407605105_n-1362x1362.jpg 1362w\" sizes=\"auto, (max-width: 1440px) 100vw, 1440px\" \/><\/p>\n","protected":false},"excerpt":{"rendered":"<p>\u25a0 En una jornada marcada por la tragedia, la Ruta Nacional 5 fue escenario de dos accidentes graves., este s\u00e1bado, entre los kil\u00f3metros 147 y 149 <\/p>\n","protected":false},"author":16,"featured_media":149554,"comment_status":"closed","ping_status":"closed","sticky":false,"template":"","format":"standard","meta":{"footnotes":""},"categories":[7],"tags":[502,665],"class_list":["post-149553","post","type-post","status-publish","format-standard","has-post-thumbnail","hentry","category-policiales","tag-accidente","tag-ruta-5"],"yoast_head":"<!-- This site is optimized with the Yoast SEO plugin v27.4 - https:\/\/yoast.com\/product\/yoast-seo-wordpress\/ -->\n<title>Doble siniestro vial en Ruta 5: colisi\u00f3n en cadena y una v\u00edctima fatal<\/title>\n<meta name=\"robots\" content=\"index, follow, max-snippet:-1, max-image-preview:large, max-video-preview:-1\" \/>\n<link rel=\"canonical\" href=\"https:\/\/noticiasmercedinas.com\/site\/2024\/12\/01\/doble-siniestro-vial-en-ruta-5-colision-en-cadena-y-una-victima-fatal\/\" \/>\n<meta property=\"og:locale\" content=\"es_ES\" \/>\n<meta property=\"og:type\" content=\"article\" \/>\n<meta property=\"og:title\" content=\"Doble siniestro vial en Ruta 5: colisi\u00f3n en cadena y una v\u00edctima fatal\" \/>\n<meta property=\"og:description\" content=\"\u25a0 En una jornada marcada por la tragedia, la Ruta Nacional 5 fue escenario de dos accidentes graves., este s\u00e1bado, entre los kil\u00f3metros 147 y 149\" \/>\n<meta property=\"og:url\" content=\"https:\/\/noticiasmercedinas.com\/site\/2024\/12\/01\/doble-siniestro-vial-en-ruta-5-colision-en-cadena-y-una-victima-fatal\/\" \/>\n<meta property=\"og:site_name\" content=\"NOTICIASMERCEDINAS.COM\" \/>\n<meta property=\"article:publisher\" content=\"https:\/\/www.facebook.com\/noticiasmercedinas\/\" \/>\n<meta property=\"article:published_time\" content=\"2024-12-01T15:32:31+00:00\" \/>\n<meta property=\"article:modified_time\" content=\"2024-12-01T15:32:48+00:00\" \/>\n<meta property=\"og:image\" content=\"https:\/\/noticiasmercedinas.com\/site\/wp-content\/uploads\/2024\/12\/468092361_9147360071964907_751221825716739373_n-e1733067072267.jpg\" \/>\n\t<meta property=\"og:image:width\" content=\"1440\" \/>\n\t<meta property=\"og:image:height\" content=\"1056\" \/>\n\t<meta property=\"og:image:type\" content=\"image\/jpeg\" \/>\n<meta name=\"author\" content=\"NOTICIASMERCEDINAS.COM\" \/>\n<meta name=\"twitter:card\" content=\"summary_large_image\" \/>\n<meta name=\"twitter:creator\" content=\"@notmercedinas\" \/>\n<meta name=\"twitter:site\" content=\"@notmercedinas\" \/>\n<meta name=\"twitter:label1\" content=\"Escrito por\" \/>\n\t<meta name=\"twitter:data1\" content=\"NOTICIASMERCEDINAS.COM\" \/>\n\t<meta name=\"twitter:label2\" content=\"Tiempo de lectura\" \/>\n\t<meta name=\"twitter:data2\" content=\"2 minutos\" \/>\n<script type=\"application\/ld+json\" class=\"yoast-schema-graph\">{\"@context\":\"https:\\\/\\\/schema.org\",\"@graph\":[{\"@type\":\"Article\",\"@id\":\"https:\\\/\\\/noticiasmercedinas.com\\\/site\\\/2024\\\/12\\\/01\\\/doble-siniestro-vial-en-ruta-5-colision-en-cadena-y-una-victima-fatal\\\/#article\",\"isPartOf\":{\"@id\":\"https:\\\/\\\/noticiasmercedinas.com\\\/site\\\/2024\\\/12\\\/01\\\/doble-siniestro-vial-en-ruta-5-colision-en-cadena-y-una-victima-fatal\\\/\"},\"author\":{\"name\":\"NOTICIASMERCEDINAS.COM\",\"@id\":\"https:\\\/\\\/noticiasmercedinas.com\\\/site\\\/#\\\/schema\\\/person\\\/84b59c099c28ff2e8b77d4ceec5d8063\"},\"headline\":\"Doble siniestro vial en Ruta 5: colisi\u00f3n en cadena y una v\u00edctima fatal\",\"datePublished\":\"2024-12-01T15:32:31+00:00\",\"dateModified\":\"2024-12-01T15:32:48+00:00\",\"mainEntityOfPage\":{\"@id\":\"https:\\\/\\\/noticiasmercedinas.com\\\/site\\\/2024\\\/12\\\/01\\\/doble-siniestro-vial-en-ruta-5-colision-en-cadena-y-una-victima-fatal\\\/\"},\"wordCount\":404,\"publisher\":{\"@id\":\"https:\\\/\\\/noticiasmercedinas.com\\\/site\\\/#organization\"},\"image\":{\"@id\":\"https:\\\/\\\/noticiasmercedinas.com\\\/site\\\/2024\\\/12\\\/01\\\/doble-siniestro-vial-en-ruta-5-colision-en-cadena-y-una-victima-fatal\\\/#primaryimage\"},\"thumbnailUrl\":\"https:\\\/\\\/noticiasmercedinas.com\\\/site\\\/wp-content\\\/uploads\\\/2024\\\/12\\\/468092361_9147360071964907_751221825716739373_n-e1733067072267.jpg\",\"keywords\":[\"accidente\",\"ruta 5\"],\"articleSection\":[\"Seguridad\"],\"inLanguage\":\"es\"},{\"@type\":\"WebPage\",\"@id\":\"https:\\\/\\\/noticiasmercedinas.com\\\/site\\\/2024\\\/12\\\/01\\\/doble-siniestro-vial-en-ruta-5-colision-en-cadena-y-una-victima-fatal\\\/\",\"url\":\"https:\\\/\\\/noticiasmercedinas.com\\\/site\\\/2024\\\/12\\\/01\\\/doble-siniestro-vial-en-ruta-5-colision-en-cadena-y-una-victima-fatal\\\/\",\"name\":\"Doble siniestro vial en Ruta 5: colisi\u00f3n en cadena y una v\u00edctima fatal\",\"isPartOf\":{\"@id\":\"https:\\\/\\\/noticiasmercedinas.com\\\/site\\\/#website\"},\"primaryImageOfPage\":{\"@id\":\"https:\\\/\\\/noticiasmercedinas.com\\\/site\\\/2024\\\/12\\\/01\\\/doble-siniestro-vial-en-ruta-5-colision-en-cadena-y-una-victima-fatal\\\/#primaryimage\"},\"image\":{\"@id\":\"https:\\\/\\\/noticiasmercedinas.com\\\/site\\\/2024\\\/12\\\/01\\\/doble-siniestro-vial-en-ruta-5-colision-en-cadena-y-una-victima-fatal\\\/#primaryimage\"},\"thumbnailUrl\":\"https:\\\/\\\/noticiasmercedinas.com\\\/site\\\/wp-content\\\/uploads\\\/2024\\\/12\\\/468092361_9147360071964907_751221825716739373_n-e1733067072267.jpg\",\"datePublished\":\"2024-12-01T15:32:31+00:00\",\"dateModified\":\"2024-12-01T15:32:48+00:00\",\"breadcrumb\":{\"@id\":\"https:\\\/\\\/noticiasmercedinas.com\\\/site\\\/2024\\\/12\\\/01\\\/doble-siniestro-vial-en-ruta-5-colision-en-cadena-y-una-victima-fatal\\\/#breadcrumb\"},\"inLanguage\":\"es\",\"potentialAction\":[{\"@type\":\"ReadAction\",\"target\":[\"https:\\\/\\\/noticiasmercedinas.com\\\/site\\\/2024\\\/12\\\/01\\\/doble-siniestro-vial-en-ruta-5-colision-en-cadena-y-una-victima-fatal\\\/\"]}]},{\"@type\":\"ImageObject\",\"inLanguage\":\"es\",\"@id\":\"https:\\\/\\\/noticiasmercedinas.com\\\/site\\\/2024\\\/12\\\/01\\\/doble-siniestro-vial-en-ruta-5-colision-en-cadena-y-una-victima-fatal\\\/#primaryimage\",\"url\":\"https:\\\/\\\/noticiasmercedinas.com\\\/site\\\/wp-content\\\/uploads\\\/2024\\\/12\\\/468092361_9147360071964907_751221825716739373_n-e1733067072267.jpg\",\"contentUrl\":\"https:\\\/\\\/noticiasmercedinas.com\\\/site\\\/wp-content\\\/uploads\\\/2024\\\/12\\\/468092361_9147360071964907_751221825716739373_n-e1733067072267.jpg\",\"width\":1440,\"height\":1056},{\"@type\":\"BreadcrumbList\",\"@id\":\"https:\\\/\\\/noticiasmercedinas.com\\\/site\\\/2024\\\/12\\\/01\\\/doble-siniestro-vial-en-ruta-5-colision-en-cadena-y-una-victima-fatal\\\/#breadcrumb\",\"itemListElement\":[{\"@type\":\"ListItem\",\"position\":1,\"name\":\"Portada\",\"item\":\"https:\\\/\\\/noticiasmercedinas.com\\\/site\\\/\"},{\"@type\":\"ListItem\",\"position\":2,\"name\":\"Doble siniestro vial en Ruta 5: colisi\u00f3n en cadena y una v\u00edctima fatal\"}]},{\"@type\":\"WebSite\",\"@id\":\"https:\\\/\\\/noticiasmercedinas.com\\\/site\\\/#website\",\"url\":\"https:\\\/\\\/noticiasmercedinas.com\\\/site\\\/\",\"name\":\"NOTICIASMERCEDINAS.COM\",\"description\":\"Mercedes, Buenos Aires, Argentina\",\"publisher\":{\"@id\":\"https:\\\/\\\/noticiasmercedinas.com\\\/site\\\/#organization\"},\"potentialAction\":[{\"@type\":\"SearchAction\",\"target\":{\"@type\":\"EntryPoint\",\"urlTemplate\":\"https:\\\/\\\/noticiasmercedinas.com\\\/site\\\/?s={search_term_string}\"},\"query-input\":{\"@type\":\"PropertyValueSpecification\",\"valueRequired\":true,\"valueName\":\"search_term_string\"}}],\"inLanguage\":\"es\"},{\"@type\":\"Organization\",\"@id\":\"https:\\\/\\\/noticiasmercedinas.com\\\/site\\\/#organization\",\"name\":\"NOTICIASMERCEDINAS.COM\",\"url\":\"https:\\\/\\\/noticiasmercedinas.com\\\/site\\\/\",\"logo\":{\"@type\":\"ImageObject\",\"inLanguage\":\"es\",\"@id\":\"https:\\\/\\\/noticiasmercedinas.com\\\/site\\\/#\\\/schema\\\/logo\\\/image\\\/\",\"url\":\"https:\\\/\\\/noticiasmercedinas.com\\\/site\\\/wp-content\\\/uploads\\\/2020\\\/06\\\/LOGO-512.jpg\",\"contentUrl\":\"https:\\\/\\\/noticiasmercedinas.com\\\/site\\\/wp-content\\\/uploads\\\/2020\\\/06\\\/LOGO-512.jpg\",\"width\":512,\"height\":512,\"caption\":\"NOTICIASMERCEDINAS.COM\"},\"image\":{\"@id\":\"https:\\\/\\\/noticiasmercedinas.com\\\/site\\\/#\\\/schema\\\/logo\\\/image\\\/\"},\"sameAs\":[\"https:\\\/\\\/www.facebook.com\\\/noticiasmercedinas\\\/\",\"https:\\\/\\\/x.com\\\/notmercedinas\",\"https:\\\/\\\/www.instagram.com\\\/noticiasmercedinas\\\/\"]},{\"@type\":\"Person\",\"@id\":\"https:\\\/\\\/noticiasmercedinas.com\\\/site\\\/#\\\/schema\\\/person\\\/84b59c099c28ff2e8b77d4ceec5d8063\",\"name\":\"NOTICIASMERCEDINAS.COM\",\"image\":{\"@type\":\"ImageObject\",\"inLanguage\":\"es\",\"@id\":\"https:\\\/\\\/secure.gravatar.com\\\/avatar\\\/4dfbf16b4d17945bfb6341b2d19043457132fcf478a5ee04f42e959fd8f5df0a?s=96&d=mm&r=g\",\"url\":\"https:\\\/\\\/secure.gravatar.com\\\/avatar\\\/4dfbf16b4d17945bfb6341b2d19043457132fcf478a5ee04f42e959fd8f5df0a?s=96&d=mm&r=g\",\"contentUrl\":\"https:\\\/\\\/secure.gravatar.com\\\/avatar\\\/4dfbf16b4d17945bfb6341b2d19043457132fcf478a5ee04f42e959fd8f5df0a?s=96&d=mm&r=g\",\"caption\":\"NOTICIASMERCEDINAS.COM\"},\"url\":\"https:\\\/\\\/noticiasmercedinas.com\\\/site\\\/author\\\/anonimo\\\/\"}]}<\/script>\n<!-- \/ Yoast SEO plugin. -->","yoast_head_json":{"title":"Doble siniestro vial en Ruta 5: colisi\u00f3n en cadena y una v\u00edctima fatal","robots":{"index":"index","follow":"follow","max-snippet":"max-snippet:-1","max-image-preview":"max-image-preview:large","max-video-preview":"max-video-preview:-1"},"canonical":"https:\/\/noticiasmercedinas.com\/site\/2024\/12\/01\/doble-siniestro-vial-en-ruta-5-colision-en-cadena-y-una-victima-fatal\/","og_locale":"es_ES","og_type":"article","og_title":"Doble siniestro vial en Ruta 5: colisi\u00f3n en cadena y una v\u00edctima fatal","og_description":"\u25a0 En una jornada marcada por la tragedia, la Ruta Nacional 5 fue escenario de dos accidentes graves., este s\u00e1bado, entre los kil\u00f3metros 147 y 149","og_url":"https:\/\/noticiasmercedinas.com\/site\/2024\/12\/01\/doble-siniestro-vial-en-ruta-5-colision-en-cadena-y-una-victima-fatal\/","og_site_name":"NOTICIASMERCEDINAS.COM","article_publisher":"https:\/\/www.facebook.com\/noticiasmercedinas\/","article_published_time":"2024-12-01T15:32:31+00:00","article_modified_time":"2024-12-01T15:32:48+00:00","og_image":[{"width":1440,"height":1056,"url":"https:\/\/noticiasmercedinas.com\/site\/wp-content\/uploads\/2024\/12\/468092361_9147360071964907_751221825716739373_n-e1733067072267.jpg","type":"image\/jpeg"}],"author":"NOTICIASMERCEDINAS.COM","twitter_card":"summary_large_image","twitter_creator":"@notmercedinas","twitter_site":"@notmercedinas","twitter_misc":{"Escrito por":"NOTICIASMERCEDINAS.COM","Tiempo de lectura":"2 minutos"},"schema":{"@context":"https:\/\/schema.org","@graph":[{"@type":"Article","@id":"https:\/\/noticiasmercedinas.com\/site\/2024\/12\/01\/doble-siniestro-vial-en-ruta-5-colision-en-cadena-y-una-victima-fatal\/#article","isPartOf":{"@id":"https:\/\/noticiasmercedinas.com\/site\/2024\/12\/01\/doble-siniestro-vial-en-ruta-5-colision-en-cadena-y-una-victima-fatal\/"},"author":{"name":"NOTICIASMERCEDINAS.COM","@id":"https:\/\/noticiasmercedinas.com\/site\/#\/schema\/person\/84b59c099c28ff2e8b77d4ceec5d8063"},"headline":"Doble siniestro vial en Ruta 5: colisi\u00f3n en cadena y una v\u00edctima fatal","datePublished":"2024-12-01T15:32:31+00:00","dateModified":"2024-12-01T15:32:48+00:00","mainEntityOfPage":{"@id":"https:\/\/noticiasmercedinas.com\/site\/2024\/12\/01\/doble-siniestro-vial-en-ruta-5-colision-en-cadena-y-una-victima-fatal\/"},"wordCount":404,"publisher":{"@id":"https:\/\/noticiasmercedinas.com\/site\/#organization"},"image":{"@id":"https:\/\/noticiasmercedinas.com\/site\/2024\/12\/01\/doble-siniestro-vial-en-ruta-5-colision-en-cadena-y-una-victima-fatal\/#primaryimage"},"thumbnailUrl":"https:\/\/noticiasmercedinas.com\/site\/wp-content\/uploads\/2024\/12\/468092361_9147360071964907_751221825716739373_n-e1733067072267.jpg","keywords":["accidente","ruta 5"],"articleSection":["Seguridad"],"inLanguage":"es"},{"@type":"WebPage","@id":"https:\/\/noticiasmercedinas.com\/site\/2024\/12\/01\/doble-siniestro-vial-en-ruta-5-colision-en-cadena-y-una-victima-fatal\/","url":"https:\/\/noticiasmercedinas.com\/site\/2024\/12\/01\/doble-siniestro-vial-en-ruta-5-colision-en-cadena-y-una-victima-fatal\/","name":"Doble siniestro vial en Ruta 5: colisi\u00f3n en cadena y una v\u00edctima fatal","isPartOf":{"@id":"https:\/\/noticiasmercedinas.com\/site\/#website"},"primaryImageOfPage":{"@id":"https:\/\/noticiasmercedinas.com\/site\/2024\/12\/01\/doble-siniestro-vial-en-ruta-5-colision-en-cadena-y-una-victima-fatal\/#primaryimage"},"image":{"@id":"https:\/\/noticiasmercedinas.com\/site\/2024\/12\/01\/doble-siniestro-vial-en-ruta-5-colision-en-cadena-y-una-victima-fatal\/#primaryimage"},"thumbnailUrl":"https:\/\/noticiasmercedinas.com\/site\/wp-content\/uploads\/2024\/12\/468092361_9147360071964907_751221825716739373_n-e1733067072267.jpg","datePublished":"2024-12-01T15:32:31+00:00","dateModified":"2024-12-01T15:32:48+00:00","breadcrumb":{"@id":"https:\/\/noticiasmercedinas.com\/site\/2024\/12\/01\/doble-siniestro-vial-en-ruta-5-colision-en-cadena-y-una-victima-fatal\/#breadcrumb"},"inLanguage":"es","potentialAction":[{"@type":"ReadAction","target":["https:\/\/noticiasmercedinas.com\/site\/2024\/12\/01\/doble-siniestro-vial-en-ruta-5-colision-en-cadena-y-una-victima-fatal\/"]}]},{"@type":"ImageObject","inLanguage":"es","@id":"https:\/\/noticiasmercedinas.com\/site\/2024\/12\/01\/doble-siniestro-vial-en-ruta-5-colision-en-cadena-y-una-victima-fatal\/#primaryimage","url":"https:\/\/noticiasmercedinas.com\/site\/wp-content\/uploads\/2024\/12\/468092361_9147360071964907_751221825716739373_n-e1733067072267.jpg","contentUrl":"https:\/\/noticiasmercedinas.com\/site\/wp-content\/uploads\/2024\/12\/468092361_9147360071964907_751221825716739373_n-e1733067072267.jpg","width":1440,"height":1056},{"@type":"BreadcrumbList","@id":"https:\/\/noticiasmercedinas.com\/site\/2024\/12\/01\/doble-siniestro-vial-en-ruta-5-colision-en-cadena-y-una-victima-fatal\/#breadcrumb","itemListElement":[{"@type":"ListItem","position":1,"name":"Portada","item":"https:\/\/noticiasmercedinas.com\/site\/"},{"@type":"ListItem","position":2,"name":"Doble siniestro vial en Ruta 5: colisi\u00f3n en cadena y una v\u00edctima fatal"}]},{"@type":"WebSite","@id":"https:\/\/noticiasmercedinas.com\/site\/#website","url":"https:\/\/noticiasmercedinas.com\/site\/","name":"NOTICIASMERCEDINAS.COM","description":"Mercedes, Buenos Aires, Argentina","publisher":{"@id":"https:\/\/noticiasmercedinas.com\/site\/#organization"},"potentialAction":[{"@type":"SearchAction","target":{"@type":"EntryPoint","urlTemplate":"https:\/\/noticiasmercedinas.com\/site\/?s={search_term_string}"},"query-input":{"@type":"PropertyValueSpecification","valueRequired":true,"valueName":"search_term_string"}}],"inLanguage":"es"},{"@type":"Organization","@id":"https:\/\/noticiasmercedinas.com\/site\/#organization","name":"NOTICIASMERCEDINAS.COM","url":"https:\/\/noticiasmercedinas.com\/site\/","logo":{"@type":"ImageObject","inLanguage":"es","@id":"https:\/\/noticiasmercedinas.com\/site\/#\/schema\/logo\/image\/","url":"https:\/\/noticiasmercedinas.com\/site\/wp-content\/uploads\/2020\/06\/LOGO-512.jpg","contentUrl":"https:\/\/noticiasmercedinas.com\/site\/wp-content\/uploads\/2020\/06\/LOGO-512.jpg","width":512,"height":512,"caption":"NOTICIASMERCEDINAS.COM"},"image":{"@id":"https:\/\/noticiasmercedinas.com\/site\/#\/schema\/logo\/image\/"},"sameAs":["https:\/\/www.facebook.com\/noticiasmercedinas\/","https:\/\/x.com\/notmercedinas","https:\/\/www.instagram.com\/noticiasmercedinas\/"]},{"@type":"Person","@id":"https:\/\/noticiasmercedinas.com\/site\/#\/schema\/person\/84b59c099c28ff2e8b77d4ceec5d8063","name":"NOTICIASMERCEDINAS.COM","image":{"@type":"ImageObject","inLanguage":"es","@id":"https:\/\/secure.gravatar.com\/avatar\/4dfbf16b4d17945bfb6341b2d19043457132fcf478a5ee04f42e959fd8f5df0a?s=96&d=mm&r=g","url":"https:\/\/secure.gravatar.com\/avatar\/4dfbf16b4d17945bfb6341b2d19043457132fcf478a5ee04f42e959fd8f5df0a?s=96&d=mm&r=g","contentUrl":"https:\/\/secure.gravatar.com\/avatar\/4dfbf16b4d17945bfb6341b2d19043457132fcf478a5ee04f42e959fd8f5df0a?s=96&d=mm&r=g","caption":"NOTICIASMERCEDINAS.COM"},"url":"https:\/\/noticiasmercedinas.com\/site\/author\/anonimo\/"}]}},"amp_enabled":true,"_links":{"self":[{"href":"https:\/\/noticiasmercedinas.com\/site\/wp-json\/wp\/v2\/posts\/149553","targetHints":{"allow":["GET"]}}],"collection":[{"href":"https:\/\/noticiasmercedinas.com\/site\/wp-json\/wp\/v2\/posts"}],"about":[{"href":"https:\/\/noticiasmercedinas.com\/site\/wp-json\/wp\/v2\/types\/post"}],"author":[{"embeddable":true,"href":"https:\/\/noticiasmercedinas.com\/site\/wp-json\/wp\/v2\/users\/16"}],"replies":[{"embeddable":true,"href":"https:\/\/noticiasmercedinas.com\/site\/wp-json\/wp\/v2\/comments?post=149553"}],"version-history":[{"count":1,"href":"https:\/\/noticiasmercedinas.com\/site\/wp-json\/wp\/v2\/posts\/149553\/revisions"}],"predecessor-version":[{"id":149557,"href":"https:\/\/noticiasmercedinas.com\/site\/wp-json\/wp\/v2\/posts\/149553\/revisions\/149557"}],"wp:featuredmedia":[{"embeddable":true,"href":"https:\/\/noticiasmercedinas.com\/site\/wp-json\/wp\/v2\/media\/149554"}],"wp:attachment":[{"href":"https:\/\/noticiasmercedinas.com\/site\/wp-json\/wp\/v2\/media?parent=149553"}],"wp:term":[{"taxonomy":"category","embeddable":true,"href":"https:\/\/noticiasmercedinas.com\/site\/wp-json\/wp\/v2\/categories?post=149553"},{"taxonomy":"post_tag","embeddable":true,"href":"https:\/\/noticiasmercedinas.com\/site\/wp-json\/wp\/v2\/tags?post=149553"}],"curies":[{"name":"wp","href":"https:\/\/api.w.org\/{rel}","templated":true}]}}