{"id":14969,"date":"2019-03-25T13:35:16","date_gmt":"2019-03-25T16:35:16","guid":{"rendered":"https:\/\/noticiasmercedinas.com\/site\/?p=14969"},"modified":"2019-03-25T13:35:16","modified_gmt":"2019-03-25T16:35:16","slug":"fiscal-bidone-fue-citado-a-indagatoria-por-el-juez-federal-ramos-padilla","status":"publish","type":"post","link":"https:\/\/noticiasmercedinas.com\/site\/2019\/03\/25\/fiscal-bidone-fue-citado-a-indagatoria-por-el-juez-federal-ramos-padilla\/","title":{"rendered":"Fiscal Bidone fue citado a indagatoria por el juez federal Ramos Padilla"},"content":{"rendered":"<p><a href=\"https:\/\/noticiasmercedinas.com\/site\/wp-content\/uploads\/2019\/03\/bidone_fiscal.jpg\"><img loading=\"lazy\" decoding=\"async\" class=\"alignnone size-full wp-image-13728\" src=\"https:\/\/noticiasmercedinas.com\/site\/wp-content\/uploads\/2019\/03\/bidone_fiscal.jpg\" alt=\"\" width=\"640\" height=\"425\" srcset=\"https:\/\/noticiasmercedinas.com\/site\/wp-content\/uploads\/2019\/03\/bidone_fiscal.jpg 640w, https:\/\/noticiasmercedinas.com\/site\/wp-content\/uploads\/2019\/03\/bidone_fiscal-300x199.jpg 300w\" sizes=\"auto, (max-width: 640px) 100vw, 640px\" \/><\/a><\/p>\n<p>El suspendido fiscal de Mercedes, Juan Ignacio Bidone, fue citado hoy para prestar declaraci\u00f3n indagatoria el jueves 27 ante el juez federal de Dolores, Alejo Ramos Padilla, en la causa por supuesto espionaje ilegal.<\/p>\n<p>Bidone hab\u00eda sido <strong><span style=\"color: #000080;\"><a style=\"color: #000080;\" href=\"https:\/\/noticiasmercedinas.com\/site\/2019\/03\/21\/corte-de-la-provincia-suspendio-al-fiscal-bidone\/\">suspendido la semana pasada por la Corte Suprema de la Provincia por 90 d\u00edas<\/a><\/span><\/strong>, investigado por \u201cabuso de autoridad e incumplimiento de los deberes de funcionario p\u00fablico\u201d al suministrar informaci\u00f3n al falso abogado, \u201cesp\u00eda\u201d e imputado por extorsiones varias, Marcelo D\u2019Alessio.<\/p>\n<p>Ya hab\u00eda sido apartado de la Unidad Fiscal de Instrucci\u00f3n y Juicio (UFIJ) N\u00b0 1 de Mercedes por decisi\u00f3n de la Procuraci\u00f3n de la Provincia de Buenos Aires y sus oficinas y vivienda en esta ciudad allanadas, el viernes 8.<\/p>\n<p>Bidone hab\u00eda declarado ante la Justicia Federal que D\u2019Alessio le pasaba \u201cdatos de personas, como documentos de identidad o n\u00fameros telef\u00f3nicos para que realizara una consulta en la base de Migraciones\u201d, seg\u00fan inform\u00f3 la periodista Irina Hauser en el canal C5N.<\/p>\n<p>Bidone admiti\u00f3 que consult\u00f3 a Migraciones en los primeros d\u00edas de enero sobre los movimientos del empresario Pedro Etchebest, quien luego denunci\u00f3 ser v\u00edctima de extorsi\u00f3n ante el juez federal de Dolores, Alejo Ramos Padilla.<\/p>\n","protected":false},"excerpt":{"rendered":"<p>El suspendido fiscal de Mercedes, Juan Ignacio Bidone, fue citado hoy para prestar declaraci\u00f3n indagatoria el jueves 27 ante el juez federal de Dolores, Alejo Ramos Padilla, en la causa por supuesto espionaje ilegal. Bidone hab\u00eda sido suspendido la semana pasada por la Corte Suprema de la Provincia por 90 d\u00edas, investigado por \u201cabuso de [&hellip;]<\/p>\n","protected":false},"author":16,"featured_media":14970,"comment_status":"open","ping_status":"open","sticky":false,"template":"","format":"standard","meta":{"footnotes":""},"categories":[16],"tags":[3839,3837,3900],"class_list":["post-14969","post","type-post","status-publish","format-standard","has-post-thumbnail","hentry","category-politica","tag-alejo-ramos-padilla","tag-juan-ignacio-bidone","tag-marcelo-dalessio"],"yoast_head":"<!-- This site is optimized with the Yoast SEO plugin v27.5 - https:\/\/yoast.com\/product\/yoast-seo-wordpress\/ -->\n<title>Fiscal Bidone fue citado a indagatoria por el juez federal Ramos Padilla<\/title>\n<meta name=\"robots\" content=\"index, follow, max-snippet:-1, max-image-preview:large, max-video-preview:-1\" \/>\n<link rel=\"canonical\" href=\"https:\/\/noticiasmercedinas.com\/site\/2019\/03\/25\/fiscal-bidone-fue-citado-a-indagatoria-por-el-juez-federal-ramos-padilla\/\" \/>\n<meta property=\"og:locale\" content=\"es_ES\" \/>\n<meta property=\"og:type\" content=\"article\" \/>\n<meta property=\"og:title\" content=\"Fiscal Bidone fue citado a indagatoria por el juez federal Ramos Padilla\" \/>\n<meta property=\"og:description\" content=\"El suspendido fiscal de Mercedes, Juan Ignacio Bidone, fue citado hoy para prestar declaraci\u00f3n indagatoria el jueves 27 ante el juez federal de Dolores, Alejo Ramos Padilla, en la causa por supuesto espionaje ilegal. Bidone hab\u00eda sido suspendido la semana pasada por la Corte Suprema de la Provincia por 90 d\u00edas, investigado por \u201cabuso de [&hellip;]\" \/>\n<meta property=\"og:url\" content=\"https:\/\/noticiasmercedinas.com\/site\/2019\/03\/25\/fiscal-bidone-fue-citado-a-indagatoria-por-el-juez-federal-ramos-padilla\/\" \/>\n<meta property=\"og:site_name\" content=\"NOTICIASMERCEDINAS.COM\" \/>\n<meta property=\"article:publisher\" content=\"https:\/\/www.facebook.com\/noticiasmercedinas\/\" \/>\n<meta property=\"article:published_time\" content=\"2019-03-25T16:35:16+00:00\" \/>\n<meta property=\"og:image\" content=\"https:\/\/noticiasmercedinas.com\/site\/wp-content\/uploads\/2019\/03\/bidone_fiscal-2.jpg\" \/>\n\t<meta property=\"og:image:width\" content=\"640\" \/>\n\t<meta property=\"og:image:height\" content=\"425\" \/>\n\t<meta property=\"og:image:type\" content=\"image\/jpeg\" \/>\n<meta name=\"author\" content=\"NOTICIASMERCEDINAS.COM\" \/>\n<meta name=\"twitter:card\" content=\"summary_large_image\" \/>\n<meta name=\"twitter:creator\" content=\"@notmercedinas\" \/>\n<meta name=\"twitter:site\" content=\"@notmercedinas\" \/>\n<meta name=\"twitter:label1\" content=\"Escrito por\" \/>\n\t<meta name=\"twitter:data1\" content=\"NOTICIASMERCEDINAS.COM\" \/>\n\t<meta name=\"twitter:label2\" content=\"Tiempo de lectura\" \/>\n\t<meta name=\"twitter:data2\" content=\"1 minuto\" \/>\n<script type=\"application\/ld+json\" class=\"yoast-schema-graph\">{\"@context\":\"https:\\\/\\\/schema.org\",\"@graph\":[{\"@type\":\"Article\",\"@id\":\"https:\\\/\\\/noticiasmercedinas.com\\\/site\\\/2019\\\/03\\\/25\\\/fiscal-bidone-fue-citado-a-indagatoria-por-el-juez-federal-ramos-padilla\\\/#article\",\"isPartOf\":{\"@id\":\"https:\\\/\\\/noticiasmercedinas.com\\\/site\\\/2019\\\/03\\\/25\\\/fiscal-bidone-fue-citado-a-indagatoria-por-el-juez-federal-ramos-padilla\\\/\"},\"author\":{\"name\":\"NOTICIASMERCEDINAS.COM\",\"@id\":\"https:\\\/\\\/noticiasmercedinas.com\\\/site\\\/#\\\/schema\\\/person\\\/84b59c099c28ff2e8b77d4ceec5d8063\"},\"headline\":\"Fiscal Bidone fue citado a indagatoria por el juez federal Ramos Padilla\",\"datePublished\":\"2019-03-25T16:35:16+00:00\",\"mainEntityOfPage\":{\"@id\":\"https:\\\/\\\/noticiasmercedinas.com\\\/site\\\/2019\\\/03\\\/25\\\/fiscal-bidone-fue-citado-a-indagatoria-por-el-juez-federal-ramos-padilla\\\/\"},\"wordCount\":222,\"commentCount\":1,\"publisher\":{\"@id\":\"https:\\\/\\\/noticiasmercedinas.com\\\/site\\\/#organization\"},\"image\":{\"@id\":\"https:\\\/\\\/noticiasmercedinas.com\\\/site\\\/2019\\\/03\\\/25\\\/fiscal-bidone-fue-citado-a-indagatoria-por-el-juez-federal-ramos-padilla\\\/#primaryimage\"},\"thumbnailUrl\":\"https:\\\/\\\/noticiasmercedinas.com\\\/site\\\/wp-content\\\/uploads\\\/2019\\\/03\\\/bidone_fiscal-2.jpg\",\"keywords\":[\"Alejo Ramos Padilla\",\"Juan Ignacio Bidone\",\"Marcelo D'Alessio\"],\"articleSection\":[\"Politica\"],\"inLanguage\":\"es\",\"potentialAction\":[{\"@type\":\"CommentAction\",\"name\":\"Comment\",\"target\":[\"https:\\\/\\\/noticiasmercedinas.com\\\/site\\\/2019\\\/03\\\/25\\\/fiscal-bidone-fue-citado-a-indagatoria-por-el-juez-federal-ramos-padilla\\\/#respond\"]}]},{\"@type\":\"WebPage\",\"@id\":\"https:\\\/\\\/noticiasmercedinas.com\\\/site\\\/2019\\\/03\\\/25\\\/fiscal-bidone-fue-citado-a-indagatoria-por-el-juez-federal-ramos-padilla\\\/\",\"url\":\"https:\\\/\\\/noticiasmercedinas.com\\\/site\\\/2019\\\/03\\\/25\\\/fiscal-bidone-fue-citado-a-indagatoria-por-el-juez-federal-ramos-padilla\\\/\",\"name\":\"Fiscal Bidone fue citado a indagatoria por el juez federal Ramos Padilla\",\"isPartOf\":{\"@id\":\"https:\\\/\\\/noticiasmercedinas.com\\\/site\\\/#website\"},\"primaryImageOfPage\":{\"@id\":\"https:\\\/\\\/noticiasmercedinas.com\\\/site\\\/2019\\\/03\\\/25\\\/fiscal-bidone-fue-citado-a-indagatoria-por-el-juez-federal-ramos-padilla\\\/#primaryimage\"},\"image\":{\"@id\":\"https:\\\/\\\/noticiasmercedinas.com\\\/site\\\/2019\\\/03\\\/25\\\/fiscal-bidone-fue-citado-a-indagatoria-por-el-juez-federal-ramos-padilla\\\/#primaryimage\"},\"thumbnailUrl\":\"https:\\\/\\\/noticiasmercedinas.com\\\/site\\\/wp-content\\\/uploads\\\/2019\\\/03\\\/bidone_fiscal-2.jpg\",\"datePublished\":\"2019-03-25T16:35:16+00:00\",\"breadcrumb\":{\"@id\":\"https:\\\/\\\/noticiasmercedinas.com\\\/site\\\/2019\\\/03\\\/25\\\/fiscal-bidone-fue-citado-a-indagatoria-por-el-juez-federal-ramos-padilla\\\/#breadcrumb\"},\"inLanguage\":\"es\",\"potentialAction\":[{\"@type\":\"ReadAction\",\"target\":[\"https:\\\/\\\/noticiasmercedinas.com\\\/site\\\/2019\\\/03\\\/25\\\/fiscal-bidone-fue-citado-a-indagatoria-por-el-juez-federal-ramos-padilla\\\/\"]}]},{\"@type\":\"ImageObject\",\"inLanguage\":\"es\",\"@id\":\"https:\\\/\\\/noticiasmercedinas.com\\\/site\\\/2019\\\/03\\\/25\\\/fiscal-bidone-fue-citado-a-indagatoria-por-el-juez-federal-ramos-padilla\\\/#primaryimage\",\"url\":\"https:\\\/\\\/noticiasmercedinas.com\\\/site\\\/wp-content\\\/uploads\\\/2019\\\/03\\\/bidone_fiscal-2.jpg\",\"contentUrl\":\"https:\\\/\\\/noticiasmercedinas.com\\\/site\\\/wp-content\\\/uploads\\\/2019\\\/03\\\/bidone_fiscal-2.jpg\",\"width\":640,\"height\":425},{\"@type\":\"BreadcrumbList\",\"@id\":\"https:\\\/\\\/noticiasmercedinas.com\\\/site\\\/2019\\\/03\\\/25\\\/fiscal-bidone-fue-citado-a-indagatoria-por-el-juez-federal-ramos-padilla\\\/#breadcrumb\",\"itemListElement\":[{\"@type\":\"ListItem\",\"position\":1,\"name\":\"Portada\",\"item\":\"https:\\\/\\\/noticiasmercedinas.com\\\/site\\\/\"},{\"@type\":\"ListItem\",\"position\":2,\"name\":\"Fiscal Bidone fue citado a indagatoria por el juez federal Ramos Padilla\"}]},{\"@type\":\"WebSite\",\"@id\":\"https:\\\/\\\/noticiasmercedinas.com\\\/site\\\/#website\",\"url\":\"https:\\\/\\\/noticiasmercedinas.com\\\/site\\\/\",\"name\":\"NOTICIASMERCEDINAS.COM\",\"description\":\"Mercedes, Buenos Aires, Argentina\",\"publisher\":{\"@id\":\"https:\\\/\\\/noticiasmercedinas.com\\\/site\\\/#organization\"},\"potentialAction\":[{\"@type\":\"SearchAction\",\"target\":{\"@type\":\"EntryPoint\",\"urlTemplate\":\"https:\\\/\\\/noticiasmercedinas.com\\\/site\\\/?s={search_term_string}\"},\"query-input\":{\"@type\":\"PropertyValueSpecification\",\"valueRequired\":true,\"valueName\":\"search_term_string\"}}],\"inLanguage\":\"es\"},{\"@type\":\"Organization\",\"@id\":\"https:\\\/\\\/noticiasmercedinas.com\\\/site\\\/#organization\",\"name\":\"NOTICIASMERCEDINAS.COM\",\"url\":\"https:\\\/\\\/noticiasmercedinas.com\\\/site\\\/\",\"logo\":{\"@type\":\"ImageObject\",\"inLanguage\":\"es\",\"@id\":\"https:\\\/\\\/noticiasmercedinas.com\\\/site\\\/#\\\/schema\\\/logo\\\/image\\\/\",\"url\":\"https:\\\/\\\/noticiasmercedinas.com\\\/site\\\/wp-content\\\/uploads\\\/2020\\\/06\\\/LOGO-512.jpg\",\"contentUrl\":\"https:\\\/\\\/noticiasmercedinas.com\\\/site\\\/wp-content\\\/uploads\\\/2020\\\/06\\\/LOGO-512.jpg\",\"width\":512,\"height\":512,\"caption\":\"NOTICIASMERCEDINAS.COM\"},\"image\":{\"@id\":\"https:\\\/\\\/noticiasmercedinas.com\\\/site\\\/#\\\/schema\\\/logo\\\/image\\\/\"},\"sameAs\":[\"https:\\\/\\\/www.facebook.com\\\/noticiasmercedinas\\\/\",\"https:\\\/\\\/x.com\\\/notmercedinas\",\"https:\\\/\\\/www.instagram.com\\\/noticiasmercedinas\\\/\"]},{\"@type\":\"Person\",\"@id\":\"https:\\\/\\\/noticiasmercedinas.com\\\/site\\\/#\\\/schema\\\/person\\\/84b59c099c28ff2e8b77d4ceec5d8063\",\"name\":\"NOTICIASMERCEDINAS.COM\",\"image\":{\"@type\":\"ImageObject\",\"inLanguage\":\"es\",\"@id\":\"https:\\\/\\\/secure.gravatar.com\\\/avatar\\\/4dfbf16b4d17945bfb6341b2d19043457132fcf478a5ee04f42e959fd8f5df0a?s=96&d=mm&r=g\",\"url\":\"https:\\\/\\\/secure.gravatar.com\\\/avatar\\\/4dfbf16b4d17945bfb6341b2d19043457132fcf478a5ee04f42e959fd8f5df0a?s=96&d=mm&r=g\",\"contentUrl\":\"https:\\\/\\\/secure.gravatar.com\\\/avatar\\\/4dfbf16b4d17945bfb6341b2d19043457132fcf478a5ee04f42e959fd8f5df0a?s=96&d=mm&r=g\",\"caption\":\"NOTICIASMERCEDINAS.COM\"},\"url\":\"https:\\\/\\\/noticiasmercedinas.com\\\/site\\\/author\\\/anonimo\\\/\"}]}<\/script>\n<!-- \/ Yoast SEO plugin. -->","yoast_head_json":{"title":"Fiscal Bidone fue citado a indagatoria por el juez federal Ramos Padilla","robots":{"index":"index","follow":"follow","max-snippet":"max-snippet:-1","max-image-preview":"max-image-preview:large","max-video-preview":"max-video-preview:-1"},"canonical":"https:\/\/noticiasmercedinas.com\/site\/2019\/03\/25\/fiscal-bidone-fue-citado-a-indagatoria-por-el-juez-federal-ramos-padilla\/","og_locale":"es_ES","og_type":"article","og_title":"Fiscal Bidone fue citado a indagatoria por el juez federal Ramos Padilla","og_description":"El suspendido fiscal de Mercedes, Juan Ignacio Bidone, fue citado hoy para prestar declaraci\u00f3n indagatoria el jueves 27 ante el juez federal de Dolores, Alejo Ramos Padilla, en la causa por supuesto espionaje ilegal. Bidone hab\u00eda sido suspendido la semana pasada por la Corte Suprema de la Provincia por 90 d\u00edas, investigado por \u201cabuso de [&hellip;]","og_url":"https:\/\/noticiasmercedinas.com\/site\/2019\/03\/25\/fiscal-bidone-fue-citado-a-indagatoria-por-el-juez-federal-ramos-padilla\/","og_site_name":"NOTICIASMERCEDINAS.COM","article_publisher":"https:\/\/www.facebook.com\/noticiasmercedinas\/","article_published_time":"2019-03-25T16:35:16+00:00","og_image":[{"width":640,"height":425,"url":"https:\/\/noticiasmercedinas.com\/site\/wp-content\/uploads\/2019\/03\/bidone_fiscal-2.jpg","type":"image\/jpeg"}],"author":"NOTICIASMERCEDINAS.COM","twitter_card":"summary_large_image","twitter_creator":"@notmercedinas","twitter_site":"@notmercedinas","twitter_misc":{"Escrito por":"NOTICIASMERCEDINAS.COM","Tiempo de lectura":"1 minuto"},"schema":{"@context":"https:\/\/schema.org","@graph":[{"@type":"Article","@id":"https:\/\/noticiasmercedinas.com\/site\/2019\/03\/25\/fiscal-bidone-fue-citado-a-indagatoria-por-el-juez-federal-ramos-padilla\/#article","isPartOf":{"@id":"https:\/\/noticiasmercedinas.com\/site\/2019\/03\/25\/fiscal-bidone-fue-citado-a-indagatoria-por-el-juez-federal-ramos-padilla\/"},"author":{"name":"NOTICIASMERCEDINAS.COM","@id":"https:\/\/noticiasmercedinas.com\/site\/#\/schema\/person\/84b59c099c28ff2e8b77d4ceec5d8063"},"headline":"Fiscal Bidone fue citado a indagatoria por el juez federal Ramos Padilla","datePublished":"2019-03-25T16:35:16+00:00","mainEntityOfPage":{"@id":"https:\/\/noticiasmercedinas.com\/site\/2019\/03\/25\/fiscal-bidone-fue-citado-a-indagatoria-por-el-juez-federal-ramos-padilla\/"},"wordCount":222,"commentCount":1,"publisher":{"@id":"https:\/\/noticiasmercedinas.com\/site\/#organization"},"image":{"@id":"https:\/\/noticiasmercedinas.com\/site\/2019\/03\/25\/fiscal-bidone-fue-citado-a-indagatoria-por-el-juez-federal-ramos-padilla\/#primaryimage"},"thumbnailUrl":"https:\/\/noticiasmercedinas.com\/site\/wp-content\/uploads\/2019\/03\/bidone_fiscal-2.jpg","keywords":["Alejo Ramos Padilla","Juan Ignacio Bidone","Marcelo D'Alessio"],"articleSection":["Politica"],"inLanguage":"es","potentialAction":[{"@type":"CommentAction","name":"Comment","target":["https:\/\/noticiasmercedinas.com\/site\/2019\/03\/25\/fiscal-bidone-fue-citado-a-indagatoria-por-el-juez-federal-ramos-padilla\/#respond"]}]},{"@type":"WebPage","@id":"https:\/\/noticiasmercedinas.com\/site\/2019\/03\/25\/fiscal-bidone-fue-citado-a-indagatoria-por-el-juez-federal-ramos-padilla\/","url":"https:\/\/noticiasmercedinas.com\/site\/2019\/03\/25\/fiscal-bidone-fue-citado-a-indagatoria-por-el-juez-federal-ramos-padilla\/","name":"Fiscal Bidone fue citado a indagatoria por el juez federal Ramos Padilla","isPartOf":{"@id":"https:\/\/noticiasmercedinas.com\/site\/#website"},"primaryImageOfPage":{"@id":"https:\/\/noticiasmercedinas.com\/site\/2019\/03\/25\/fiscal-bidone-fue-citado-a-indagatoria-por-el-juez-federal-ramos-padilla\/#primaryimage"},"image":{"@id":"https:\/\/noticiasmercedinas.com\/site\/2019\/03\/25\/fiscal-bidone-fue-citado-a-indagatoria-por-el-juez-federal-ramos-padilla\/#primaryimage"},"thumbnailUrl":"https:\/\/noticiasmercedinas.com\/site\/wp-content\/uploads\/2019\/03\/bidone_fiscal-2.jpg","datePublished":"2019-03-25T16:35:16+00:00","breadcrumb":{"@id":"https:\/\/noticiasmercedinas.com\/site\/2019\/03\/25\/fiscal-bidone-fue-citado-a-indagatoria-por-el-juez-federal-ramos-padilla\/#breadcrumb"},"inLanguage":"es","potentialAction":[{"@type":"ReadAction","target":["https:\/\/noticiasmercedinas.com\/site\/2019\/03\/25\/fiscal-bidone-fue-citado-a-indagatoria-por-el-juez-federal-ramos-padilla\/"]}]},{"@type":"ImageObject","inLanguage":"es","@id":"https:\/\/noticiasmercedinas.com\/site\/2019\/03\/25\/fiscal-bidone-fue-citado-a-indagatoria-por-el-juez-federal-ramos-padilla\/#primaryimage","url":"https:\/\/noticiasmercedinas.com\/site\/wp-content\/uploads\/2019\/03\/bidone_fiscal-2.jpg","contentUrl":"https:\/\/noticiasmercedinas.com\/site\/wp-content\/uploads\/2019\/03\/bidone_fiscal-2.jpg","width":640,"height":425},{"@type":"BreadcrumbList","@id":"https:\/\/noticiasmercedinas.com\/site\/2019\/03\/25\/fiscal-bidone-fue-citado-a-indagatoria-por-el-juez-federal-ramos-padilla\/#breadcrumb","itemListElement":[{"@type":"ListItem","position":1,"name":"Portada","item":"https:\/\/noticiasmercedinas.com\/site\/"},{"@type":"ListItem","position":2,"name":"Fiscal Bidone fue citado a indagatoria por el juez federal Ramos Padilla"}]},{"@type":"WebSite","@id":"https:\/\/noticiasmercedinas.com\/site\/#website","url":"https:\/\/noticiasmercedinas.com\/site\/","name":"NOTICIASMERCEDINAS.COM","description":"Mercedes, Buenos Aires, Argentina","publisher":{"@id":"https:\/\/noticiasmercedinas.com\/site\/#organization"},"potentialAction":[{"@type":"SearchAction","target":{"@type":"EntryPoint","urlTemplate":"https:\/\/noticiasmercedinas.com\/site\/?s={search_term_string}"},"query-input":{"@type":"PropertyValueSpecification","valueRequired":true,"valueName":"search_term_string"}}],"inLanguage":"es"},{"@type":"Organization","@id":"https:\/\/noticiasmercedinas.com\/site\/#organization","name":"NOTICIASMERCEDINAS.COM","url":"https:\/\/noticiasmercedinas.com\/site\/","logo":{"@type":"ImageObject","inLanguage":"es","@id":"https:\/\/noticiasmercedinas.com\/site\/#\/schema\/logo\/image\/","url":"https:\/\/noticiasmercedinas.com\/site\/wp-content\/uploads\/2020\/06\/LOGO-512.jpg","contentUrl":"https:\/\/noticiasmercedinas.com\/site\/wp-content\/uploads\/2020\/06\/LOGO-512.jpg","width":512,"height":512,"caption":"NOTICIASMERCEDINAS.COM"},"image":{"@id":"https:\/\/noticiasmercedinas.com\/site\/#\/schema\/logo\/image\/"},"sameAs":["https:\/\/www.facebook.com\/noticiasmercedinas\/","https:\/\/x.com\/notmercedinas","https:\/\/www.instagram.com\/noticiasmercedinas\/"]},{"@type":"Person","@id":"https:\/\/noticiasmercedinas.com\/site\/#\/schema\/person\/84b59c099c28ff2e8b77d4ceec5d8063","name":"NOTICIASMERCEDINAS.COM","image":{"@type":"ImageObject","inLanguage":"es","@id":"https:\/\/secure.gravatar.com\/avatar\/4dfbf16b4d17945bfb6341b2d19043457132fcf478a5ee04f42e959fd8f5df0a?s=96&d=mm&r=g","url":"https:\/\/secure.gravatar.com\/avatar\/4dfbf16b4d17945bfb6341b2d19043457132fcf478a5ee04f42e959fd8f5df0a?s=96&d=mm&r=g","contentUrl":"https:\/\/secure.gravatar.com\/avatar\/4dfbf16b4d17945bfb6341b2d19043457132fcf478a5ee04f42e959fd8f5df0a?s=96&d=mm&r=g","caption":"NOTICIASMERCEDINAS.COM"},"url":"https:\/\/noticiasmercedinas.com\/site\/author\/anonimo\/"}]}},"amp_enabled":true,"_links":{"self":[{"href":"https:\/\/noticiasmercedinas.com\/site\/wp-json\/wp\/v2\/posts\/14969","targetHints":{"allow":["GET"]}}],"collection":[{"href":"https:\/\/noticiasmercedinas.com\/site\/wp-json\/wp\/v2\/posts"}],"about":[{"href":"https:\/\/noticiasmercedinas.com\/site\/wp-json\/wp\/v2\/types\/post"}],"author":[{"embeddable":true,"href":"https:\/\/noticiasmercedinas.com\/site\/wp-json\/wp\/v2\/users\/16"}],"replies":[{"embeddable":true,"href":"https:\/\/noticiasmercedinas.com\/site\/wp-json\/wp\/v2\/comments?post=14969"}],"version-history":[{"count":1,"href":"https:\/\/noticiasmercedinas.com\/site\/wp-json\/wp\/v2\/posts\/14969\/revisions"}],"predecessor-version":[{"id":14971,"href":"https:\/\/noticiasmercedinas.com\/site\/wp-json\/wp\/v2\/posts\/14969\/revisions\/14971"}],"wp:featuredmedia":[{"embeddable":true,"href":"https:\/\/noticiasmercedinas.com\/site\/wp-json\/wp\/v2\/media\/14970"}],"wp:attachment":[{"href":"https:\/\/noticiasmercedinas.com\/site\/wp-json\/wp\/v2\/media?parent=14969"}],"wp:term":[{"taxonomy":"category","embeddable":true,"href":"https:\/\/noticiasmercedinas.com\/site\/wp-json\/wp\/v2\/categories?post=14969"},{"taxonomy":"post_tag","embeddable":true,"href":"https:\/\/noticiasmercedinas.com\/site\/wp-json\/wp\/v2\/tags?post=14969"}],"curies":[{"name":"wp","href":"https:\/\/api.w.org\/{rel}","templated":true}]}}