{"id":149729,"date":"2024-12-03T11:16:15","date_gmt":"2024-12-03T14:16:15","guid":{"rendered":"https:\/\/noticiasmercedinas.com\/site\/?p=149729"},"modified":"2024-12-03T12:17:07","modified_gmt":"2024-12-03T15:17:07","slug":"pasarela-2024-una-noche-para-celebrar-a-las-y-los-egresados-en-la-trocha","status":"publish","type":"post","link":"https:\/\/noticiasmercedinas.com\/site\/2024\/12\/03\/pasarela-2024-una-noche-para-celebrar-a-las-y-los-egresados-en-la-trocha\/","title":{"rendered":"Pasarela 2024: Una noche para celebrar a las y los egresados en La Trocha"},"content":{"rendered":"<p><img loading=\"lazy\" decoding=\"async\" class=\"alignnone size-full wp-image-91723\" src=\"https:\/\/noticiasmercedinas.com\/site\/wp-content\/uploads\/2022\/05\/latrocha.jpg\" alt=\"\" width=\"640\" height=\"421\" srcset=\"https:\/\/noticiasmercedinas.com\/site\/wp-content\/uploads\/2022\/05\/latrocha.jpg 640w, https:\/\/noticiasmercedinas.com\/site\/wp-content\/uploads\/2022\/05\/latrocha-300x197.jpg 300w\" sizes=\"auto, (max-width: 640px) 100vw, 640px\" \/><\/p>\n<p>El pr\u00f3ximo viernes 6 de diciembre, La Trocha ser\u00e1 el escenario de La Pasarela 2024, un evento \u00fanico dedicado a las y los egresados de Mercedes.<\/p>\n<p>Con entrada libre y gratuita, la actividad promete ser un espacio de encuentro comunitario y celebraci\u00f3n.<\/p>\n<p><strong>Inicio y organizaci\u00f3n del evento<\/strong><\/p>\n<p>La jornada comenzar\u00e1 puntualmente a las 20:30 horas. Los egresados formar\u00e1n filas en la calle 42, con un cronograma que organiza su participaci\u00f3n por bloques seg\u00fan un sorteo p\u00fablico realizado el pasado 27 de noviembre en La Trocha.<\/p>\n<p>El orden de pasada ser\u00e1 el siguiente:<\/p>\n<p>1. CFI N\u00b0 1 (19:45)<\/p>\n<p>2. EPA N\u00b0 702<\/p>\n<p>3. CENS N\u00b0 451<\/p>\n<p>4. CENS N\u00b0 453<\/p>\n<p>5. FINES<\/p>\n<p>6. Secundaria N\u00b0 8 (20:30)<\/p>\n<p>7. Secundaria N\u00b0 15<\/p>\n<p>8. Secundaria N\u00b0 3 \u2013 \u00abNacional\u00bb<\/p>\n<p>9. Secundaria N\u00b0 9<\/p>\n<p>10. T\u00e9cnica N\u00b0 1<\/p>\n<p>11. Secundaria N\u00b0 12 \u2013 Sede y Garc\u00eda (21:00)<\/p>\n<p>12. Agrot\u00e9cnica<\/p>\n<p>13. Secundaria N\u00b0 1 \u2013 \u00abMedia\u00bb<\/p>\n<p>14. San Luis<\/p>\n<p>15. Secundaria N\u00b0 7<\/p>\n<p>16. San Benito<\/p>\n<p>17. Parroquial<\/p>\n<p>18. Secundaria N\u00b0 11 (21:30)<\/p>\n<p>19. Camila Rol\u00f3n<\/p>\n<p>20. Misericordia<\/p>\n<p>21. Secundaria N\u00b0 14<\/p>\n<p>22. Secundaria N\u00b0 5 \u2013 \u00abNormal\u00bb<\/p>\n<p>23. San Antonio<\/p>\n<p>24. Secundaria N\u00b0 10<\/p>\n<p>25. T\u00e9cnica N\u00b0 2<\/p>\n<p>26. Secundaria N\u00b0 13<\/p>\n<p>27. Santa Mar\u00eda<\/p>\n<p>28. San Patricio<\/p>\n<p>&nbsp;<\/p>\n<p><strong>Detalles log\u00edsticos y comodidad para familias<\/strong><\/p>\n<p>El espacio est\u00e1 dise\u00f1ado para garantizar la seguridad y el disfrute de los asistentes.<\/p>\n<ul>\n<li>Zona exclusiva para familias: Habr\u00e1 un \u00e1rea delimitada cercana a la pasarela, a la que podr\u00e1n acceder con pulseras (4 por egresado\/a), disponibles para retiro el mi\u00e9rcoles 4 de diciembre en La Trocha.<\/li>\n<li>Sillas y mesas: Habr\u00e1 mobiliario disponible por orden de llegada. Tambi\u00e9n se permite llevar reposeras personales.<\/li>\n<\/ul>\n<p><strong>Servicios y propuestas adicionales<\/strong><\/p>\n<ul>\n<li>Gastronom\u00eda: Food trucks, cantinas solidarias y puestos de comida ofrecer\u00e1n opciones para todos los gustos.<\/li>\n<li>Fotograf\u00eda: La Municipalidad realizar\u00e1 una cobertura oficial, cuyas im\u00e1genes ser\u00e1n publicadas en sus redes. Los grupos que deseen contratar fot\u00f3grafos particulares deber\u00e1n acreditarlos previamente.<\/li>\n<li>Escenario profesional: Luces, sonido y pantallas realzar\u00e1n este especial reconocimiento a las y los egresados.<\/li>\n<\/ul>\n<p>Toda la informaci\u00f3n ser\u00e1 difundida por los canales oficiales de la Municipalidad y el grupo de WhatsApp creado para familias y estudiantes. Para dudas, se puede contactar a Coordinaci\u00f3n de Juventudes al 2324 35-0015 o escribir a politicasjuvenilesm@gmail.com.<\/p>\n<p><img loading=\"lazy\" decoding=\"async\" class=\"alignnone size-full wp-image-149730\" src=\"https:\/\/noticiasmercedinas.com\/site\/wp-content\/uploads\/2024\/12\/PASARELA-WEB_Mesa-de-trabajo-1.png\" alt=\"\" width=\"761\" height=\"498\" srcset=\"https:\/\/noticiasmercedinas.com\/site\/wp-content\/uploads\/2024\/12\/PASARELA-WEB_Mesa-de-trabajo-1.png 761w, https:\/\/noticiasmercedinas.com\/site\/wp-content\/uploads\/2024\/12\/PASARELA-WEB_Mesa-de-trabajo-1-300x196.png 300w, https:\/\/noticiasmercedinas.com\/site\/wp-content\/uploads\/2024\/12\/PASARELA-WEB_Mesa-de-trabajo-1-640x419.png 640w, https:\/\/noticiasmercedinas.com\/site\/wp-content\/uploads\/2024\/12\/PASARELA-WEB_Mesa-de-trabajo-1-681x446.png 681w\" sizes=\"auto, (max-width: 761px) 100vw, 761px\" \/><\/p>\n<p>&nbsp;<\/p>\n","protected":false},"excerpt":{"rendered":"<p>\u25a0 Ser\u00e1 este viernes con los egresados de todas las instituciones educativas p\u00fablicas y privadas de la ciudad. El orden de pasada y todas las actividades previstas.<\/p>\n","protected":false},"author":16,"featured_media":91723,"comment_status":"closed","ping_status":"closed","sticky":false,"template":"","format":"standard","meta":{"footnotes":""},"categories":[3],"tags":[641,2572,18,2538],"class_list":["post-149729","post","type-post","status-publish","format-standard","has-post-thumbnail","hentry","category-sociedad","tag-cc-la-trocha","tag-egresados","tag-escuelas","tag-pasarela"],"yoast_head":"<!-- This site is optimized with the Yoast SEO plugin v27.5 - https:\/\/yoast.com\/product\/yoast-seo-wordpress\/ -->\n<title>Pasarela 2024: Una noche para celebrar a las y los egresados en La Trocha<\/title>\n<meta name=\"robots\" content=\"index, follow, max-snippet:-1, max-image-preview:large, max-video-preview:-1\" \/>\n<link rel=\"canonical\" href=\"https:\/\/noticiasmercedinas.com\/site\/2024\/12\/03\/pasarela-2024-una-noche-para-celebrar-a-las-y-los-egresados-en-la-trocha\/\" \/>\n<meta property=\"og:locale\" content=\"es_ES\" \/>\n<meta property=\"og:type\" content=\"article\" \/>\n<meta property=\"og:title\" content=\"Pasarela 2024: Una noche para celebrar a las y los egresados en La Trocha\" \/>\n<meta property=\"og:description\" content=\"\u25a0 Ser\u00e1 este viernes con los egresados de todas las instituciones educativas p\u00fablicas y privadas de la ciudad. El orden de pasada y todas las actividades previstas.\" \/>\n<meta property=\"og:url\" content=\"https:\/\/noticiasmercedinas.com\/site\/2024\/12\/03\/pasarela-2024-una-noche-para-celebrar-a-las-y-los-egresados-en-la-trocha\/\" \/>\n<meta property=\"og:site_name\" content=\"NOTICIASMERCEDINAS.COM\" \/>\n<meta property=\"article:publisher\" content=\"https:\/\/www.facebook.com\/noticiasmercedinas\/\" \/>\n<meta property=\"article:published_time\" content=\"2024-12-03T14:16:15+00:00\" \/>\n<meta property=\"article:modified_time\" content=\"2024-12-03T15:17:07+00:00\" \/>\n<meta property=\"og:image\" content=\"https:\/\/noticiasmercedinas.com\/site\/wp-content\/uploads\/2022\/05\/latrocha.jpg\" \/>\n\t<meta property=\"og:image:width\" content=\"640\" \/>\n\t<meta property=\"og:image:height\" content=\"421\" \/>\n\t<meta property=\"og:image:type\" content=\"image\/jpeg\" \/>\n<meta name=\"author\" content=\"NOTICIASMERCEDINAS.COM\" \/>\n<meta name=\"twitter:card\" content=\"summary_large_image\" \/>\n<meta name=\"twitter:creator\" content=\"@notmercedinas\" \/>\n<meta name=\"twitter:site\" content=\"@notmercedinas\" \/>\n<meta name=\"twitter:label1\" content=\"Escrito por\" \/>\n\t<meta name=\"twitter:data1\" content=\"NOTICIASMERCEDINAS.COM\" \/>\n\t<meta name=\"twitter:label2\" content=\"Tiempo de lectura\" \/>\n\t<meta name=\"twitter:data2\" content=\"2 minutos\" \/>\n<script type=\"application\/ld+json\" class=\"yoast-schema-graph\">{\"@context\":\"https:\\\/\\\/schema.org\",\"@graph\":[{\"@type\":\"Article\",\"@id\":\"https:\\\/\\\/noticiasmercedinas.com\\\/site\\\/2024\\\/12\\\/03\\\/pasarela-2024-una-noche-para-celebrar-a-las-y-los-egresados-en-la-trocha\\\/#article\",\"isPartOf\":{\"@id\":\"https:\\\/\\\/noticiasmercedinas.com\\\/site\\\/2024\\\/12\\\/03\\\/pasarela-2024-una-noche-para-celebrar-a-las-y-los-egresados-en-la-trocha\\\/\"},\"author\":{\"name\":\"NOTICIASMERCEDINAS.COM\",\"@id\":\"https:\\\/\\\/noticiasmercedinas.com\\\/site\\\/#\\\/schema\\\/person\\\/84b59c099c28ff2e8b77d4ceec5d8063\"},\"headline\":\"Pasarela 2024: Una noche para celebrar a las y los egresados en La Trocha\",\"datePublished\":\"2024-12-03T14:16:15+00:00\",\"dateModified\":\"2024-12-03T15:17:07+00:00\",\"mainEntityOfPage\":{\"@id\":\"https:\\\/\\\/noticiasmercedinas.com\\\/site\\\/2024\\\/12\\\/03\\\/pasarela-2024-una-noche-para-celebrar-a-las-y-los-egresados-en-la-trocha\\\/\"},\"wordCount\":353,\"publisher\":{\"@id\":\"https:\\\/\\\/noticiasmercedinas.com\\\/site\\\/#organization\"},\"image\":{\"@id\":\"https:\\\/\\\/noticiasmercedinas.com\\\/site\\\/2024\\\/12\\\/03\\\/pasarela-2024-una-noche-para-celebrar-a-las-y-los-egresados-en-la-trocha\\\/#primaryimage\"},\"thumbnailUrl\":\"https:\\\/\\\/noticiasmercedinas.com\\\/site\\\/wp-content\\\/uploads\\\/2022\\\/05\\\/latrocha.jpg\",\"keywords\":[\"CC La Trocha\",\"egresados\",\"escuelas\",\"pasarela\"],\"articleSection\":[\"Sociedad\"],\"inLanguage\":\"es\"},{\"@type\":\"WebPage\",\"@id\":\"https:\\\/\\\/noticiasmercedinas.com\\\/site\\\/2024\\\/12\\\/03\\\/pasarela-2024-una-noche-para-celebrar-a-las-y-los-egresados-en-la-trocha\\\/\",\"url\":\"https:\\\/\\\/noticiasmercedinas.com\\\/site\\\/2024\\\/12\\\/03\\\/pasarela-2024-una-noche-para-celebrar-a-las-y-los-egresados-en-la-trocha\\\/\",\"name\":\"Pasarela 2024: Una noche para celebrar a las y los egresados en La Trocha\",\"isPartOf\":{\"@id\":\"https:\\\/\\\/noticiasmercedinas.com\\\/site\\\/#website\"},\"primaryImageOfPage\":{\"@id\":\"https:\\\/\\\/noticiasmercedinas.com\\\/site\\\/2024\\\/12\\\/03\\\/pasarela-2024-una-noche-para-celebrar-a-las-y-los-egresados-en-la-trocha\\\/#primaryimage\"},\"image\":{\"@id\":\"https:\\\/\\\/noticiasmercedinas.com\\\/site\\\/2024\\\/12\\\/03\\\/pasarela-2024-una-noche-para-celebrar-a-las-y-los-egresados-en-la-trocha\\\/#primaryimage\"},\"thumbnailUrl\":\"https:\\\/\\\/noticiasmercedinas.com\\\/site\\\/wp-content\\\/uploads\\\/2022\\\/05\\\/latrocha.jpg\",\"datePublished\":\"2024-12-03T14:16:15+00:00\",\"dateModified\":\"2024-12-03T15:17:07+00:00\",\"breadcrumb\":{\"@id\":\"https:\\\/\\\/noticiasmercedinas.com\\\/site\\\/2024\\\/12\\\/03\\\/pasarela-2024-una-noche-para-celebrar-a-las-y-los-egresados-en-la-trocha\\\/#breadcrumb\"},\"inLanguage\":\"es\",\"potentialAction\":[{\"@type\":\"ReadAction\",\"target\":[\"https:\\\/\\\/noticiasmercedinas.com\\\/site\\\/2024\\\/12\\\/03\\\/pasarela-2024-una-noche-para-celebrar-a-las-y-los-egresados-en-la-trocha\\\/\"]}]},{\"@type\":\"ImageObject\",\"inLanguage\":\"es\",\"@id\":\"https:\\\/\\\/noticiasmercedinas.com\\\/site\\\/2024\\\/12\\\/03\\\/pasarela-2024-una-noche-para-celebrar-a-las-y-los-egresados-en-la-trocha\\\/#primaryimage\",\"url\":\"https:\\\/\\\/noticiasmercedinas.com\\\/site\\\/wp-content\\\/uploads\\\/2022\\\/05\\\/latrocha.jpg\",\"contentUrl\":\"https:\\\/\\\/noticiasmercedinas.com\\\/site\\\/wp-content\\\/uploads\\\/2022\\\/05\\\/latrocha.jpg\",\"width\":640,\"height\":421},{\"@type\":\"BreadcrumbList\",\"@id\":\"https:\\\/\\\/noticiasmercedinas.com\\\/site\\\/2024\\\/12\\\/03\\\/pasarela-2024-una-noche-para-celebrar-a-las-y-los-egresados-en-la-trocha\\\/#breadcrumb\",\"itemListElement\":[{\"@type\":\"ListItem\",\"position\":1,\"name\":\"Portada\",\"item\":\"https:\\\/\\\/noticiasmercedinas.com\\\/site\\\/\"},{\"@type\":\"ListItem\",\"position\":2,\"name\":\"Pasarela 2024: Una noche para celebrar a las y los egresados en La Trocha\"}]},{\"@type\":\"WebSite\",\"@id\":\"https:\\\/\\\/noticiasmercedinas.com\\\/site\\\/#website\",\"url\":\"https:\\\/\\\/noticiasmercedinas.com\\\/site\\\/\",\"name\":\"NOTICIASMERCEDINAS.COM\",\"description\":\"Mercedes, Buenos Aires, Argentina\",\"publisher\":{\"@id\":\"https:\\\/\\\/noticiasmercedinas.com\\\/site\\\/#organization\"},\"potentialAction\":[{\"@type\":\"SearchAction\",\"target\":{\"@type\":\"EntryPoint\",\"urlTemplate\":\"https:\\\/\\\/noticiasmercedinas.com\\\/site\\\/?s={search_term_string}\"},\"query-input\":{\"@type\":\"PropertyValueSpecification\",\"valueRequired\":true,\"valueName\":\"search_term_string\"}}],\"inLanguage\":\"es\"},{\"@type\":\"Organization\",\"@id\":\"https:\\\/\\\/noticiasmercedinas.com\\\/site\\\/#organization\",\"name\":\"NOTICIASMERCEDINAS.COM\",\"url\":\"https:\\\/\\\/noticiasmercedinas.com\\\/site\\\/\",\"logo\":{\"@type\":\"ImageObject\",\"inLanguage\":\"es\",\"@id\":\"https:\\\/\\\/noticiasmercedinas.com\\\/site\\\/#\\\/schema\\\/logo\\\/image\\\/\",\"url\":\"https:\\\/\\\/noticiasmercedinas.com\\\/site\\\/wp-content\\\/uploads\\\/2020\\\/06\\\/LOGO-512.jpg\",\"contentUrl\":\"https:\\\/\\\/noticiasmercedinas.com\\\/site\\\/wp-content\\\/uploads\\\/2020\\\/06\\\/LOGO-512.jpg\",\"width\":512,\"height\":512,\"caption\":\"NOTICIASMERCEDINAS.COM\"},\"image\":{\"@id\":\"https:\\\/\\\/noticiasmercedinas.com\\\/site\\\/#\\\/schema\\\/logo\\\/image\\\/\"},\"sameAs\":[\"https:\\\/\\\/www.facebook.com\\\/noticiasmercedinas\\\/\",\"https:\\\/\\\/x.com\\\/notmercedinas\",\"https:\\\/\\\/www.instagram.com\\\/noticiasmercedinas\\\/\"]},{\"@type\":\"Person\",\"@id\":\"https:\\\/\\\/noticiasmercedinas.com\\\/site\\\/#\\\/schema\\\/person\\\/84b59c099c28ff2e8b77d4ceec5d8063\",\"name\":\"NOTICIASMERCEDINAS.COM\",\"image\":{\"@type\":\"ImageObject\",\"inLanguage\":\"es\",\"@id\":\"https:\\\/\\\/secure.gravatar.com\\\/avatar\\\/4dfbf16b4d17945bfb6341b2d19043457132fcf478a5ee04f42e959fd8f5df0a?s=96&d=mm&r=g\",\"url\":\"https:\\\/\\\/secure.gravatar.com\\\/avatar\\\/4dfbf16b4d17945bfb6341b2d19043457132fcf478a5ee04f42e959fd8f5df0a?s=96&d=mm&r=g\",\"contentUrl\":\"https:\\\/\\\/secure.gravatar.com\\\/avatar\\\/4dfbf16b4d17945bfb6341b2d19043457132fcf478a5ee04f42e959fd8f5df0a?s=96&d=mm&r=g\",\"caption\":\"NOTICIASMERCEDINAS.COM\"},\"url\":\"https:\\\/\\\/noticiasmercedinas.com\\\/site\\\/author\\\/anonimo\\\/\"}]}<\/script>\n<!-- \/ Yoast SEO plugin. -->","yoast_head_json":{"title":"Pasarela 2024: Una noche para celebrar a las y los egresados en La Trocha","robots":{"index":"index","follow":"follow","max-snippet":"max-snippet:-1","max-image-preview":"max-image-preview:large","max-video-preview":"max-video-preview:-1"},"canonical":"https:\/\/noticiasmercedinas.com\/site\/2024\/12\/03\/pasarela-2024-una-noche-para-celebrar-a-las-y-los-egresados-en-la-trocha\/","og_locale":"es_ES","og_type":"article","og_title":"Pasarela 2024: Una noche para celebrar a las y los egresados en La Trocha","og_description":"\u25a0 Ser\u00e1 este viernes con los egresados de todas las instituciones educativas p\u00fablicas y privadas de la ciudad. El orden de pasada y todas las actividades previstas.","og_url":"https:\/\/noticiasmercedinas.com\/site\/2024\/12\/03\/pasarela-2024-una-noche-para-celebrar-a-las-y-los-egresados-en-la-trocha\/","og_site_name":"NOTICIASMERCEDINAS.COM","article_publisher":"https:\/\/www.facebook.com\/noticiasmercedinas\/","article_published_time":"2024-12-03T14:16:15+00:00","article_modified_time":"2024-12-03T15:17:07+00:00","og_image":[{"width":640,"height":421,"url":"https:\/\/noticiasmercedinas.com\/site\/wp-content\/uploads\/2022\/05\/latrocha.jpg","type":"image\/jpeg"}],"author":"NOTICIASMERCEDINAS.COM","twitter_card":"summary_large_image","twitter_creator":"@notmercedinas","twitter_site":"@notmercedinas","twitter_misc":{"Escrito por":"NOTICIASMERCEDINAS.COM","Tiempo de lectura":"2 minutos"},"schema":{"@context":"https:\/\/schema.org","@graph":[{"@type":"Article","@id":"https:\/\/noticiasmercedinas.com\/site\/2024\/12\/03\/pasarela-2024-una-noche-para-celebrar-a-las-y-los-egresados-en-la-trocha\/#article","isPartOf":{"@id":"https:\/\/noticiasmercedinas.com\/site\/2024\/12\/03\/pasarela-2024-una-noche-para-celebrar-a-las-y-los-egresados-en-la-trocha\/"},"author":{"name":"NOTICIASMERCEDINAS.COM","@id":"https:\/\/noticiasmercedinas.com\/site\/#\/schema\/person\/84b59c099c28ff2e8b77d4ceec5d8063"},"headline":"Pasarela 2024: Una noche para celebrar a las y los egresados en La Trocha","datePublished":"2024-12-03T14:16:15+00:00","dateModified":"2024-12-03T15:17:07+00:00","mainEntityOfPage":{"@id":"https:\/\/noticiasmercedinas.com\/site\/2024\/12\/03\/pasarela-2024-una-noche-para-celebrar-a-las-y-los-egresados-en-la-trocha\/"},"wordCount":353,"publisher":{"@id":"https:\/\/noticiasmercedinas.com\/site\/#organization"},"image":{"@id":"https:\/\/noticiasmercedinas.com\/site\/2024\/12\/03\/pasarela-2024-una-noche-para-celebrar-a-las-y-los-egresados-en-la-trocha\/#primaryimage"},"thumbnailUrl":"https:\/\/noticiasmercedinas.com\/site\/wp-content\/uploads\/2022\/05\/latrocha.jpg","keywords":["CC La Trocha","egresados","escuelas","pasarela"],"articleSection":["Sociedad"],"inLanguage":"es"},{"@type":"WebPage","@id":"https:\/\/noticiasmercedinas.com\/site\/2024\/12\/03\/pasarela-2024-una-noche-para-celebrar-a-las-y-los-egresados-en-la-trocha\/","url":"https:\/\/noticiasmercedinas.com\/site\/2024\/12\/03\/pasarela-2024-una-noche-para-celebrar-a-las-y-los-egresados-en-la-trocha\/","name":"Pasarela 2024: Una noche para celebrar a las y los egresados en La Trocha","isPartOf":{"@id":"https:\/\/noticiasmercedinas.com\/site\/#website"},"primaryImageOfPage":{"@id":"https:\/\/noticiasmercedinas.com\/site\/2024\/12\/03\/pasarela-2024-una-noche-para-celebrar-a-las-y-los-egresados-en-la-trocha\/#primaryimage"},"image":{"@id":"https:\/\/noticiasmercedinas.com\/site\/2024\/12\/03\/pasarela-2024-una-noche-para-celebrar-a-las-y-los-egresados-en-la-trocha\/#primaryimage"},"thumbnailUrl":"https:\/\/noticiasmercedinas.com\/site\/wp-content\/uploads\/2022\/05\/latrocha.jpg","datePublished":"2024-12-03T14:16:15+00:00","dateModified":"2024-12-03T15:17:07+00:00","breadcrumb":{"@id":"https:\/\/noticiasmercedinas.com\/site\/2024\/12\/03\/pasarela-2024-una-noche-para-celebrar-a-las-y-los-egresados-en-la-trocha\/#breadcrumb"},"inLanguage":"es","potentialAction":[{"@type":"ReadAction","target":["https:\/\/noticiasmercedinas.com\/site\/2024\/12\/03\/pasarela-2024-una-noche-para-celebrar-a-las-y-los-egresados-en-la-trocha\/"]}]},{"@type":"ImageObject","inLanguage":"es","@id":"https:\/\/noticiasmercedinas.com\/site\/2024\/12\/03\/pasarela-2024-una-noche-para-celebrar-a-las-y-los-egresados-en-la-trocha\/#primaryimage","url":"https:\/\/noticiasmercedinas.com\/site\/wp-content\/uploads\/2022\/05\/latrocha.jpg","contentUrl":"https:\/\/noticiasmercedinas.com\/site\/wp-content\/uploads\/2022\/05\/latrocha.jpg","width":640,"height":421},{"@type":"BreadcrumbList","@id":"https:\/\/noticiasmercedinas.com\/site\/2024\/12\/03\/pasarela-2024-una-noche-para-celebrar-a-las-y-los-egresados-en-la-trocha\/#breadcrumb","itemListElement":[{"@type":"ListItem","position":1,"name":"Portada","item":"https:\/\/noticiasmercedinas.com\/site\/"},{"@type":"ListItem","position":2,"name":"Pasarela 2024: Una noche para celebrar a las y los egresados en La Trocha"}]},{"@type":"WebSite","@id":"https:\/\/noticiasmercedinas.com\/site\/#website","url":"https:\/\/noticiasmercedinas.com\/site\/","name":"NOTICIASMERCEDINAS.COM","description":"Mercedes, Buenos Aires, Argentina","publisher":{"@id":"https:\/\/noticiasmercedinas.com\/site\/#organization"},"potentialAction":[{"@type":"SearchAction","target":{"@type":"EntryPoint","urlTemplate":"https:\/\/noticiasmercedinas.com\/site\/?s={search_term_string}"},"query-input":{"@type":"PropertyValueSpecification","valueRequired":true,"valueName":"search_term_string"}}],"inLanguage":"es"},{"@type":"Organization","@id":"https:\/\/noticiasmercedinas.com\/site\/#organization","name":"NOTICIASMERCEDINAS.COM","url":"https:\/\/noticiasmercedinas.com\/site\/","logo":{"@type":"ImageObject","inLanguage":"es","@id":"https:\/\/noticiasmercedinas.com\/site\/#\/schema\/logo\/image\/","url":"https:\/\/noticiasmercedinas.com\/site\/wp-content\/uploads\/2020\/06\/LOGO-512.jpg","contentUrl":"https:\/\/noticiasmercedinas.com\/site\/wp-content\/uploads\/2020\/06\/LOGO-512.jpg","width":512,"height":512,"caption":"NOTICIASMERCEDINAS.COM"},"image":{"@id":"https:\/\/noticiasmercedinas.com\/site\/#\/schema\/logo\/image\/"},"sameAs":["https:\/\/www.facebook.com\/noticiasmercedinas\/","https:\/\/x.com\/notmercedinas","https:\/\/www.instagram.com\/noticiasmercedinas\/"]},{"@type":"Person","@id":"https:\/\/noticiasmercedinas.com\/site\/#\/schema\/person\/84b59c099c28ff2e8b77d4ceec5d8063","name":"NOTICIASMERCEDINAS.COM","image":{"@type":"ImageObject","inLanguage":"es","@id":"https:\/\/secure.gravatar.com\/avatar\/4dfbf16b4d17945bfb6341b2d19043457132fcf478a5ee04f42e959fd8f5df0a?s=96&d=mm&r=g","url":"https:\/\/secure.gravatar.com\/avatar\/4dfbf16b4d17945bfb6341b2d19043457132fcf478a5ee04f42e959fd8f5df0a?s=96&d=mm&r=g","contentUrl":"https:\/\/secure.gravatar.com\/avatar\/4dfbf16b4d17945bfb6341b2d19043457132fcf478a5ee04f42e959fd8f5df0a?s=96&d=mm&r=g","caption":"NOTICIASMERCEDINAS.COM"},"url":"https:\/\/noticiasmercedinas.com\/site\/author\/anonimo\/"}]}},"amp_enabled":true,"_links":{"self":[{"href":"https:\/\/noticiasmercedinas.com\/site\/wp-json\/wp\/v2\/posts\/149729","targetHints":{"allow":["GET"]}}],"collection":[{"href":"https:\/\/noticiasmercedinas.com\/site\/wp-json\/wp\/v2\/posts"}],"about":[{"href":"https:\/\/noticiasmercedinas.com\/site\/wp-json\/wp\/v2\/types\/post"}],"author":[{"embeddable":true,"href":"https:\/\/noticiasmercedinas.com\/site\/wp-json\/wp\/v2\/users\/16"}],"replies":[{"embeddable":true,"href":"https:\/\/noticiasmercedinas.com\/site\/wp-json\/wp\/v2\/comments?post=149729"}],"version-history":[{"count":2,"href":"https:\/\/noticiasmercedinas.com\/site\/wp-json\/wp\/v2\/posts\/149729\/revisions"}],"predecessor-version":[{"id":149733,"href":"https:\/\/noticiasmercedinas.com\/site\/wp-json\/wp\/v2\/posts\/149729\/revisions\/149733"}],"wp:featuredmedia":[{"embeddable":true,"href":"https:\/\/noticiasmercedinas.com\/site\/wp-json\/wp\/v2\/media\/91723"}],"wp:attachment":[{"href":"https:\/\/noticiasmercedinas.com\/site\/wp-json\/wp\/v2\/media?parent=149729"}],"wp:term":[{"taxonomy":"category","embeddable":true,"href":"https:\/\/noticiasmercedinas.com\/site\/wp-json\/wp\/v2\/categories?post=149729"},{"taxonomy":"post_tag","embeddable":true,"href":"https:\/\/noticiasmercedinas.com\/site\/wp-json\/wp\/v2\/tags?post=149729"}],"curies":[{"name":"wp","href":"https:\/\/api.w.org\/{rel}","templated":true}]}}