{"id":149915,"date":"2024-12-06T09:21:01","date_gmt":"2024-12-06T12:21:01","guid":{"rendered":"https:\/\/noticiasmercedinas.com\/site\/?p=149915"},"modified":"2024-12-06T09:21:12","modified_gmt":"2024-12-06T12:21:12","slug":"transporte-seguro-que-medidas-de-bioseguridad-aplicar-para-el-traslado-de-cerdos","status":"publish","type":"post","link":"https:\/\/noticiasmercedinas.com\/site\/2024\/12\/06\/transporte-seguro-que-medidas-de-bioseguridad-aplicar-para-el-traslado-de-cerdos\/","title":{"rendered":"Transporte seguro: Qu\u00e9 medidas de bioseguridad aplicar para el traslado de cerdos"},"content":{"rendered":"<p><img loading=\"lazy\" decoding=\"async\" class=\"alignnone size-full wp-image-149916\" src=\"https:\/\/noticiasmercedinas.com\/site\/wp-content\/uploads\/2024\/12\/2024-12-06-Jaula-Porcina.jpg\" alt=\"\" width=\"768\" height=\"432\" srcset=\"https:\/\/noticiasmercedinas.com\/site\/wp-content\/uploads\/2024\/12\/2024-12-06-Jaula-Porcina.jpg 768w, https:\/\/noticiasmercedinas.com\/site\/wp-content\/uploads\/2024\/12\/2024-12-06-Jaula-Porcina-300x169.jpg 300w, https:\/\/noticiasmercedinas.com\/site\/wp-content\/uploads\/2024\/12\/2024-12-06-Jaula-Porcina-640x360.jpg 640w, https:\/\/noticiasmercedinas.com\/site\/wp-content\/uploads\/2024\/12\/2024-12-06-Jaula-Porcina-681x383.jpg 681w\" sizes=\"auto, (max-width: 768px) 100vw, 768px\" \/><\/p>\n<p>Los veh\u00edculos que transportan animales son considerados un factor de alto riesgo para la producci\u00f3n porcina, ya que pueden diseminar enfermedades de un establecimiento a otro. Por ello, el <strong>Servicio Nacional de Sanidad y Calidad Agroalimentaria (Senasa)<\/strong> brinda una serie de <strong>recomendaciones para reforzar la bioseguridad de granjas porcinas al momento de cargar, descargar y transportar los animales<\/strong>.<\/p>\n<p>Lo primero que hay que tener en cuenta para evitar enfermedades o su diseminaci\u00f3n es que <strong>el transporte no debe ingresar al establecimiento<\/strong>. Para ello, resulta necesario contar con un per\u00edmetro de bioseguridad del predio, que funcione como una barrera sanitaria que divida la <strong>\u201czona sucia\u201d de la \u201czona limpia\u201d<\/strong>. Este espacio puede ser f\u00edsico (alambrado) y\/o sanitario, como un acceso donde se realiza el cambio de botas, el lavado de manos y el pediluvio con desinfectante para los trabajadores de la granja.<\/p>\n<p>Los veh\u00edculos que trasladen cerdos no deben ingresar a la <strong>zona limpia<\/strong> del predio, por lo que se debe establecer una <strong>zona exclusiva para realizar la carga y descarga de estos animales<\/strong> a trav\u00e9s de un <strong>embarcadero<\/strong>.<\/p>\n<p>De este modo, se minimiza el riesgo de ingreso de enfermedades.<\/p>\n<p>A su vez, el personal responsable de la carga y descarga deber\u00e1 contar con la <strong>indumentaria exclusiva<\/strong> (principalmente botas) para realizar la actividad, la cual se utilizar\u00e1 \u00fanicamente dentro de este espacio, a los fines de asegurar que no diseminen y trasladen potenciales enfermedades. Adem\u00e1s, el per\u00edmetro deber\u00e1 tener disponible una <strong>mochila desinfectante<\/strong> para aplicar \u2013previo a la carga- en la puerta de acceso de los animales al cami\u00f3n.<\/p>\n<p>Estas medidas son claves para la prevenci\u00f3n de enfermedades como <a href=\"https:\/\/www.argentina.gob.ar\/senasa\/programas-sanitarios\/cadena-animal\/porcinos\/porcinos-produccion-primaria\/enfermedad-de-aujeszky-ea\"><strong>Aujeszky<\/strong><\/a> y <a href=\"https:\/\/www.argentina.gob.ar\/senasa\/programas-sanitarios\/cadenaanimal\/porcinos\/porcinos-produccion-primaria\/brucelosis-porcina\"><strong>brucelosis porcina<\/strong><\/a>, ya que un ineficiente lavado de estos veh\u00edculos puede ser un factor determinante para la diseminaci\u00f3n de enfermedades en granjas productivas.<\/p>\n<p>Asimismo, antes de realizar la carga de los cerdos, se deber\u00e1 solicitar al conductor del cami\u00f3n el <strong>Certificado \u00danico de Lavado y Desinfecci\u00f3n de Transporte<\/strong>, documento obligatorio para movilizar animales en pie, que tiene una vigencia de 72 hs. Tambi\u00e9n, se recomienda previamente realizar una verificaci\u00f3n ocular para constatar que el veh\u00edculo se encuentra en condiciones higi\u00e9nico-sanitarias adecuadas.<\/p>\n<p>Cabe destacar que la limpieza y desinfecci\u00f3n del transporte deber\u00e1 realizarse en lavaderos habilitados por el Senasa o playas de lavado de establecimientos de faena, e incluye:<\/p>\n<ul>\n<li><strong>Limpieza<\/strong> de la materia org\u00e1nica grosera con agua a presi\u00f3n y cepillo\/escoba;<\/li>\n<li><strong>Una segunda<\/strong> limpieza con agua y detergente;<\/li>\n<li><strong>Desinfecci\u00f3n<\/strong> del veh\u00edculo, respetando las indicaciones de la etiqueta.<\/li>\n<\/ul>\n<p>As\u00ed, el Senasa junto a las diferentes entidades afines al sector porcino trabajan articuladamente para fortalecer la bioseguridad en las granjas y en las diferentes etapas de la cadena de producci\u00f3n, a los fines de reducir el riesgo sanitario por ingreso de enfermedades end\u00e9micas y\/o ex\u00f3ticas.<\/p>\n<p>Por otra parte, se recuerda la importancia de la <strong>notificaci\u00f3n inmediata al Senasa<\/strong> como herramientas principal para la atenci\u00f3n temprana de potenciales eventos sanitarios. Ante un hallazgo o sospecha de enfermedad por observaci\u00f3n de signos cl\u00ednicos inusuales como mortalidad, abortos, diarreas con alta morbilidad\/mortandad, es clave dar aviso r\u00e1pidamente al Organismo a trav\u00e9s de los siguientes canales oficiales:<br \/>\nConcurriendo a la oficina m\u00e1s cercana; por <a href=\"https:\/\/api.whatsapp.com\/send\/?phone=541157005704&amp;text=Hola!%20Quiero%20Informaci%C3%B3n\"><strong>Whatsapp al 11 5700 5704<\/strong><\/a>; por correo electr\u00f3nico a <a href=\"mailto:notificaciones@senasa.gob.ar\"><strong>notificaciones@senasa.gob.ar<\/strong><\/a> o a trav\u00e9s del apartado <a href=\"https:\/\/www.argentina.gob.ar\/senasa\/avisa-al-senasa-sanidad-animal\"><strong>Avis\u00e1 al Senasa<\/strong><\/a>, disponible en el sitio web del Organismo.<\/p>\n<p><img loading=\"lazy\" decoding=\"async\" class=\"alignnone size-full wp-image-149917\" src=\"https:\/\/noticiasmercedinas.com\/site\/wp-content\/uploads\/2024\/12\/2024-12-05-Plano-granja-porcina.jpg\" alt=\"\" width=\"800\" height=\"475\" srcset=\"https:\/\/noticiasmercedinas.com\/site\/wp-content\/uploads\/2024\/12\/2024-12-05-Plano-granja-porcina.jpg 800w, https:\/\/noticiasmercedinas.com\/site\/wp-content\/uploads\/2024\/12\/2024-12-05-Plano-granja-porcina-300x178.jpg 300w, https:\/\/noticiasmercedinas.com\/site\/wp-content\/uploads\/2024\/12\/2024-12-05-Plano-granja-porcina-768x456.jpg 768w, https:\/\/noticiasmercedinas.com\/site\/wp-content\/uploads\/2024\/12\/2024-12-05-Plano-granja-porcina-640x380.jpg 640w, https:\/\/noticiasmercedinas.com\/site\/wp-content\/uploads\/2024\/12\/2024-12-05-Plano-granja-porcina-681x404.jpg 681w\" sizes=\"auto, (max-width: 800px) 100vw, 800px\" \/><\/p>\n","protected":false},"excerpt":{"rendered":"<p>\u25a0 Senasa promueve mejoras en las condiciones higi\u00e9nico-sanitarias en el movimiento de animales para fortalecer al sector.<\/p>\n","protected":false},"author":16,"featured_media":149916,"comment_status":"closed","ping_status":"closed","sticky":false,"template":"","format":"standard","meta":{"footnotes":""},"categories":[9527],"tags":[503,19300,47,225,19301],"class_list":["post-149915","post","type-post","status-publish","format-standard","has-post-thumbnail","hentry","category-campo","tag-cerdos","tag-granja-porcina","tag-seguridad","tag-senasa","tag-traslado"],"yoast_head":"<!-- This site is optimized with the Yoast SEO plugin v27.4 - https:\/\/yoast.com\/product\/yoast-seo-wordpress\/ -->\n<title>Transporte seguro: Qu\u00e9 medidas de bioseguridad aplicar para el traslado de cerdos<\/title>\n<meta name=\"robots\" content=\"index, follow, max-snippet:-1, max-image-preview:large, max-video-preview:-1\" \/>\n<link rel=\"canonical\" href=\"https:\/\/noticiasmercedinas.com\/site\/2024\/12\/06\/transporte-seguro-que-medidas-de-bioseguridad-aplicar-para-el-traslado-de-cerdos\/\" \/>\n<meta property=\"og:locale\" content=\"es_ES\" \/>\n<meta property=\"og:type\" content=\"article\" \/>\n<meta property=\"og:title\" content=\"Transporte seguro: Qu\u00e9 medidas de bioseguridad aplicar para el traslado de cerdos\" \/>\n<meta property=\"og:description\" content=\"\u25a0 Senasa promueve mejoras en las condiciones higi\u00e9nico-sanitarias en el movimiento de animales para fortalecer al sector.\" \/>\n<meta property=\"og:url\" content=\"https:\/\/noticiasmercedinas.com\/site\/2024\/12\/06\/transporte-seguro-que-medidas-de-bioseguridad-aplicar-para-el-traslado-de-cerdos\/\" \/>\n<meta property=\"og:site_name\" content=\"NOTICIASMERCEDINAS.COM\" \/>\n<meta property=\"article:publisher\" content=\"https:\/\/www.facebook.com\/noticiasmercedinas\/\" \/>\n<meta property=\"article:published_time\" content=\"2024-12-06T12:21:01+00:00\" \/>\n<meta property=\"article:modified_time\" content=\"2024-12-06T12:21:12+00:00\" \/>\n<meta property=\"og:image\" content=\"https:\/\/noticiasmercedinas.com\/site\/wp-content\/uploads\/2024\/12\/2024-12-06-Jaula-Porcina.jpg\" \/>\n\t<meta property=\"og:image:width\" content=\"768\" \/>\n\t<meta property=\"og:image:height\" content=\"432\" \/>\n\t<meta property=\"og:image:type\" content=\"image\/jpeg\" \/>\n<meta name=\"author\" content=\"NOTICIASMERCEDINAS.COM\" \/>\n<meta name=\"twitter:card\" content=\"summary_large_image\" \/>\n<meta name=\"twitter:creator\" content=\"@notmercedinas\" \/>\n<meta name=\"twitter:site\" content=\"@notmercedinas\" \/>\n<meta name=\"twitter:label1\" content=\"Escrito por\" \/>\n\t<meta name=\"twitter:data1\" content=\"NOTICIASMERCEDINAS.COM\" \/>\n\t<meta name=\"twitter:label2\" content=\"Tiempo de lectura\" \/>\n\t<meta name=\"twitter:data2\" content=\"3 minutos\" \/>\n<script type=\"application\/ld+json\" class=\"yoast-schema-graph\">{\"@context\":\"https:\\\/\\\/schema.org\",\"@graph\":[{\"@type\":\"Article\",\"@id\":\"https:\\\/\\\/noticiasmercedinas.com\\\/site\\\/2024\\\/12\\\/06\\\/transporte-seguro-que-medidas-de-bioseguridad-aplicar-para-el-traslado-de-cerdos\\\/#article\",\"isPartOf\":{\"@id\":\"https:\\\/\\\/noticiasmercedinas.com\\\/site\\\/2024\\\/12\\\/06\\\/transporte-seguro-que-medidas-de-bioseguridad-aplicar-para-el-traslado-de-cerdos\\\/\"},\"author\":{\"name\":\"NOTICIASMERCEDINAS.COM\",\"@id\":\"https:\\\/\\\/noticiasmercedinas.com\\\/site\\\/#\\\/schema\\\/person\\\/84b59c099c28ff2e8b77d4ceec5d8063\"},\"headline\":\"Transporte seguro: Qu\u00e9 medidas de bioseguridad aplicar para el traslado de cerdos\",\"datePublished\":\"2024-12-06T12:21:01+00:00\",\"dateModified\":\"2024-12-06T12:21:12+00:00\",\"mainEntityOfPage\":{\"@id\":\"https:\\\/\\\/noticiasmercedinas.com\\\/site\\\/2024\\\/12\\\/06\\\/transporte-seguro-que-medidas-de-bioseguridad-aplicar-para-el-traslado-de-cerdos\\\/\"},\"wordCount\":593,\"publisher\":{\"@id\":\"https:\\\/\\\/noticiasmercedinas.com\\\/site\\\/#organization\"},\"image\":{\"@id\":\"https:\\\/\\\/noticiasmercedinas.com\\\/site\\\/2024\\\/12\\\/06\\\/transporte-seguro-que-medidas-de-bioseguridad-aplicar-para-el-traslado-de-cerdos\\\/#primaryimage\"},\"thumbnailUrl\":\"https:\\\/\\\/noticiasmercedinas.com\\\/site\\\/wp-content\\\/uploads\\\/2024\\\/12\\\/2024-12-06-Jaula-Porcina.jpg\",\"keywords\":[\"cerdos\",\"granja porcina\",\"seguridad\",\"senasa\",\"traslado\"],\"articleSection\":[\"Campo\"],\"inLanguage\":\"es\"},{\"@type\":\"WebPage\",\"@id\":\"https:\\\/\\\/noticiasmercedinas.com\\\/site\\\/2024\\\/12\\\/06\\\/transporte-seguro-que-medidas-de-bioseguridad-aplicar-para-el-traslado-de-cerdos\\\/\",\"url\":\"https:\\\/\\\/noticiasmercedinas.com\\\/site\\\/2024\\\/12\\\/06\\\/transporte-seguro-que-medidas-de-bioseguridad-aplicar-para-el-traslado-de-cerdos\\\/\",\"name\":\"Transporte seguro: Qu\u00e9 medidas de bioseguridad aplicar para el traslado de cerdos\",\"isPartOf\":{\"@id\":\"https:\\\/\\\/noticiasmercedinas.com\\\/site\\\/#website\"},\"primaryImageOfPage\":{\"@id\":\"https:\\\/\\\/noticiasmercedinas.com\\\/site\\\/2024\\\/12\\\/06\\\/transporte-seguro-que-medidas-de-bioseguridad-aplicar-para-el-traslado-de-cerdos\\\/#primaryimage\"},\"image\":{\"@id\":\"https:\\\/\\\/noticiasmercedinas.com\\\/site\\\/2024\\\/12\\\/06\\\/transporte-seguro-que-medidas-de-bioseguridad-aplicar-para-el-traslado-de-cerdos\\\/#primaryimage\"},\"thumbnailUrl\":\"https:\\\/\\\/noticiasmercedinas.com\\\/site\\\/wp-content\\\/uploads\\\/2024\\\/12\\\/2024-12-06-Jaula-Porcina.jpg\",\"datePublished\":\"2024-12-06T12:21:01+00:00\",\"dateModified\":\"2024-12-06T12:21:12+00:00\",\"breadcrumb\":{\"@id\":\"https:\\\/\\\/noticiasmercedinas.com\\\/site\\\/2024\\\/12\\\/06\\\/transporte-seguro-que-medidas-de-bioseguridad-aplicar-para-el-traslado-de-cerdos\\\/#breadcrumb\"},\"inLanguage\":\"es\",\"potentialAction\":[{\"@type\":\"ReadAction\",\"target\":[\"https:\\\/\\\/noticiasmercedinas.com\\\/site\\\/2024\\\/12\\\/06\\\/transporte-seguro-que-medidas-de-bioseguridad-aplicar-para-el-traslado-de-cerdos\\\/\"]}]},{\"@type\":\"ImageObject\",\"inLanguage\":\"es\",\"@id\":\"https:\\\/\\\/noticiasmercedinas.com\\\/site\\\/2024\\\/12\\\/06\\\/transporte-seguro-que-medidas-de-bioseguridad-aplicar-para-el-traslado-de-cerdos\\\/#primaryimage\",\"url\":\"https:\\\/\\\/noticiasmercedinas.com\\\/site\\\/wp-content\\\/uploads\\\/2024\\\/12\\\/2024-12-06-Jaula-Porcina.jpg\",\"contentUrl\":\"https:\\\/\\\/noticiasmercedinas.com\\\/site\\\/wp-content\\\/uploads\\\/2024\\\/12\\\/2024-12-06-Jaula-Porcina.jpg\",\"width\":768,\"height\":432},{\"@type\":\"BreadcrumbList\",\"@id\":\"https:\\\/\\\/noticiasmercedinas.com\\\/site\\\/2024\\\/12\\\/06\\\/transporte-seguro-que-medidas-de-bioseguridad-aplicar-para-el-traslado-de-cerdos\\\/#breadcrumb\",\"itemListElement\":[{\"@type\":\"ListItem\",\"position\":1,\"name\":\"Portada\",\"item\":\"https:\\\/\\\/noticiasmercedinas.com\\\/site\\\/\"},{\"@type\":\"ListItem\",\"position\":2,\"name\":\"Transporte seguro: Qu\u00e9 medidas de bioseguridad aplicar para el traslado de cerdos\"}]},{\"@type\":\"WebSite\",\"@id\":\"https:\\\/\\\/noticiasmercedinas.com\\\/site\\\/#website\",\"url\":\"https:\\\/\\\/noticiasmercedinas.com\\\/site\\\/\",\"name\":\"NOTICIASMERCEDINAS.COM\",\"description\":\"Mercedes, Buenos Aires, Argentina\",\"publisher\":{\"@id\":\"https:\\\/\\\/noticiasmercedinas.com\\\/site\\\/#organization\"},\"potentialAction\":[{\"@type\":\"SearchAction\",\"target\":{\"@type\":\"EntryPoint\",\"urlTemplate\":\"https:\\\/\\\/noticiasmercedinas.com\\\/site\\\/?s={search_term_string}\"},\"query-input\":{\"@type\":\"PropertyValueSpecification\",\"valueRequired\":true,\"valueName\":\"search_term_string\"}}],\"inLanguage\":\"es\"},{\"@type\":\"Organization\",\"@id\":\"https:\\\/\\\/noticiasmercedinas.com\\\/site\\\/#organization\",\"name\":\"NOTICIASMERCEDINAS.COM\",\"url\":\"https:\\\/\\\/noticiasmercedinas.com\\\/site\\\/\",\"logo\":{\"@type\":\"ImageObject\",\"inLanguage\":\"es\",\"@id\":\"https:\\\/\\\/noticiasmercedinas.com\\\/site\\\/#\\\/schema\\\/logo\\\/image\\\/\",\"url\":\"https:\\\/\\\/noticiasmercedinas.com\\\/site\\\/wp-content\\\/uploads\\\/2020\\\/06\\\/LOGO-512.jpg\",\"contentUrl\":\"https:\\\/\\\/noticiasmercedinas.com\\\/site\\\/wp-content\\\/uploads\\\/2020\\\/06\\\/LOGO-512.jpg\",\"width\":512,\"height\":512,\"caption\":\"NOTICIASMERCEDINAS.COM\"},\"image\":{\"@id\":\"https:\\\/\\\/noticiasmercedinas.com\\\/site\\\/#\\\/schema\\\/logo\\\/image\\\/\"},\"sameAs\":[\"https:\\\/\\\/www.facebook.com\\\/noticiasmercedinas\\\/\",\"https:\\\/\\\/x.com\\\/notmercedinas\",\"https:\\\/\\\/www.instagram.com\\\/noticiasmercedinas\\\/\"]},{\"@type\":\"Person\",\"@id\":\"https:\\\/\\\/noticiasmercedinas.com\\\/site\\\/#\\\/schema\\\/person\\\/84b59c099c28ff2e8b77d4ceec5d8063\",\"name\":\"NOTICIASMERCEDINAS.COM\",\"image\":{\"@type\":\"ImageObject\",\"inLanguage\":\"es\",\"@id\":\"https:\\\/\\\/secure.gravatar.com\\\/avatar\\\/4dfbf16b4d17945bfb6341b2d19043457132fcf478a5ee04f42e959fd8f5df0a?s=96&d=mm&r=g\",\"url\":\"https:\\\/\\\/secure.gravatar.com\\\/avatar\\\/4dfbf16b4d17945bfb6341b2d19043457132fcf478a5ee04f42e959fd8f5df0a?s=96&d=mm&r=g\",\"contentUrl\":\"https:\\\/\\\/secure.gravatar.com\\\/avatar\\\/4dfbf16b4d17945bfb6341b2d19043457132fcf478a5ee04f42e959fd8f5df0a?s=96&d=mm&r=g\",\"caption\":\"NOTICIASMERCEDINAS.COM\"},\"url\":\"https:\\\/\\\/noticiasmercedinas.com\\\/site\\\/author\\\/anonimo\\\/\"}]}<\/script>\n<!-- \/ Yoast SEO plugin. -->","yoast_head_json":{"title":"Transporte seguro: Qu\u00e9 medidas de bioseguridad aplicar para el traslado de cerdos","robots":{"index":"index","follow":"follow","max-snippet":"max-snippet:-1","max-image-preview":"max-image-preview:large","max-video-preview":"max-video-preview:-1"},"canonical":"https:\/\/noticiasmercedinas.com\/site\/2024\/12\/06\/transporte-seguro-que-medidas-de-bioseguridad-aplicar-para-el-traslado-de-cerdos\/","og_locale":"es_ES","og_type":"article","og_title":"Transporte seguro: Qu\u00e9 medidas de bioseguridad aplicar para el traslado de cerdos","og_description":"\u25a0 Senasa promueve mejoras en las condiciones higi\u00e9nico-sanitarias en el movimiento de animales para fortalecer al sector.","og_url":"https:\/\/noticiasmercedinas.com\/site\/2024\/12\/06\/transporte-seguro-que-medidas-de-bioseguridad-aplicar-para-el-traslado-de-cerdos\/","og_site_name":"NOTICIASMERCEDINAS.COM","article_publisher":"https:\/\/www.facebook.com\/noticiasmercedinas\/","article_published_time":"2024-12-06T12:21:01+00:00","article_modified_time":"2024-12-06T12:21:12+00:00","og_image":[{"width":768,"height":432,"url":"https:\/\/noticiasmercedinas.com\/site\/wp-content\/uploads\/2024\/12\/2024-12-06-Jaula-Porcina.jpg","type":"image\/jpeg"}],"author":"NOTICIASMERCEDINAS.COM","twitter_card":"summary_large_image","twitter_creator":"@notmercedinas","twitter_site":"@notmercedinas","twitter_misc":{"Escrito por":"NOTICIASMERCEDINAS.COM","Tiempo de lectura":"3 minutos"},"schema":{"@context":"https:\/\/schema.org","@graph":[{"@type":"Article","@id":"https:\/\/noticiasmercedinas.com\/site\/2024\/12\/06\/transporte-seguro-que-medidas-de-bioseguridad-aplicar-para-el-traslado-de-cerdos\/#article","isPartOf":{"@id":"https:\/\/noticiasmercedinas.com\/site\/2024\/12\/06\/transporte-seguro-que-medidas-de-bioseguridad-aplicar-para-el-traslado-de-cerdos\/"},"author":{"name":"NOTICIASMERCEDINAS.COM","@id":"https:\/\/noticiasmercedinas.com\/site\/#\/schema\/person\/84b59c099c28ff2e8b77d4ceec5d8063"},"headline":"Transporte seguro: Qu\u00e9 medidas de bioseguridad aplicar para el traslado de cerdos","datePublished":"2024-12-06T12:21:01+00:00","dateModified":"2024-12-06T12:21:12+00:00","mainEntityOfPage":{"@id":"https:\/\/noticiasmercedinas.com\/site\/2024\/12\/06\/transporte-seguro-que-medidas-de-bioseguridad-aplicar-para-el-traslado-de-cerdos\/"},"wordCount":593,"publisher":{"@id":"https:\/\/noticiasmercedinas.com\/site\/#organization"},"image":{"@id":"https:\/\/noticiasmercedinas.com\/site\/2024\/12\/06\/transporte-seguro-que-medidas-de-bioseguridad-aplicar-para-el-traslado-de-cerdos\/#primaryimage"},"thumbnailUrl":"https:\/\/noticiasmercedinas.com\/site\/wp-content\/uploads\/2024\/12\/2024-12-06-Jaula-Porcina.jpg","keywords":["cerdos","granja porcina","seguridad","senasa","traslado"],"articleSection":["Campo"],"inLanguage":"es"},{"@type":"WebPage","@id":"https:\/\/noticiasmercedinas.com\/site\/2024\/12\/06\/transporte-seguro-que-medidas-de-bioseguridad-aplicar-para-el-traslado-de-cerdos\/","url":"https:\/\/noticiasmercedinas.com\/site\/2024\/12\/06\/transporte-seguro-que-medidas-de-bioseguridad-aplicar-para-el-traslado-de-cerdos\/","name":"Transporte seguro: Qu\u00e9 medidas de bioseguridad aplicar para el traslado de cerdos","isPartOf":{"@id":"https:\/\/noticiasmercedinas.com\/site\/#website"},"primaryImageOfPage":{"@id":"https:\/\/noticiasmercedinas.com\/site\/2024\/12\/06\/transporte-seguro-que-medidas-de-bioseguridad-aplicar-para-el-traslado-de-cerdos\/#primaryimage"},"image":{"@id":"https:\/\/noticiasmercedinas.com\/site\/2024\/12\/06\/transporte-seguro-que-medidas-de-bioseguridad-aplicar-para-el-traslado-de-cerdos\/#primaryimage"},"thumbnailUrl":"https:\/\/noticiasmercedinas.com\/site\/wp-content\/uploads\/2024\/12\/2024-12-06-Jaula-Porcina.jpg","datePublished":"2024-12-06T12:21:01+00:00","dateModified":"2024-12-06T12:21:12+00:00","breadcrumb":{"@id":"https:\/\/noticiasmercedinas.com\/site\/2024\/12\/06\/transporte-seguro-que-medidas-de-bioseguridad-aplicar-para-el-traslado-de-cerdos\/#breadcrumb"},"inLanguage":"es","potentialAction":[{"@type":"ReadAction","target":["https:\/\/noticiasmercedinas.com\/site\/2024\/12\/06\/transporte-seguro-que-medidas-de-bioseguridad-aplicar-para-el-traslado-de-cerdos\/"]}]},{"@type":"ImageObject","inLanguage":"es","@id":"https:\/\/noticiasmercedinas.com\/site\/2024\/12\/06\/transporte-seguro-que-medidas-de-bioseguridad-aplicar-para-el-traslado-de-cerdos\/#primaryimage","url":"https:\/\/noticiasmercedinas.com\/site\/wp-content\/uploads\/2024\/12\/2024-12-06-Jaula-Porcina.jpg","contentUrl":"https:\/\/noticiasmercedinas.com\/site\/wp-content\/uploads\/2024\/12\/2024-12-06-Jaula-Porcina.jpg","width":768,"height":432},{"@type":"BreadcrumbList","@id":"https:\/\/noticiasmercedinas.com\/site\/2024\/12\/06\/transporte-seguro-que-medidas-de-bioseguridad-aplicar-para-el-traslado-de-cerdos\/#breadcrumb","itemListElement":[{"@type":"ListItem","position":1,"name":"Portada","item":"https:\/\/noticiasmercedinas.com\/site\/"},{"@type":"ListItem","position":2,"name":"Transporte seguro: Qu\u00e9 medidas de bioseguridad aplicar para el traslado de cerdos"}]},{"@type":"WebSite","@id":"https:\/\/noticiasmercedinas.com\/site\/#website","url":"https:\/\/noticiasmercedinas.com\/site\/","name":"NOTICIASMERCEDINAS.COM","description":"Mercedes, Buenos Aires, Argentina","publisher":{"@id":"https:\/\/noticiasmercedinas.com\/site\/#organization"},"potentialAction":[{"@type":"SearchAction","target":{"@type":"EntryPoint","urlTemplate":"https:\/\/noticiasmercedinas.com\/site\/?s={search_term_string}"},"query-input":{"@type":"PropertyValueSpecification","valueRequired":true,"valueName":"search_term_string"}}],"inLanguage":"es"},{"@type":"Organization","@id":"https:\/\/noticiasmercedinas.com\/site\/#organization","name":"NOTICIASMERCEDINAS.COM","url":"https:\/\/noticiasmercedinas.com\/site\/","logo":{"@type":"ImageObject","inLanguage":"es","@id":"https:\/\/noticiasmercedinas.com\/site\/#\/schema\/logo\/image\/","url":"https:\/\/noticiasmercedinas.com\/site\/wp-content\/uploads\/2020\/06\/LOGO-512.jpg","contentUrl":"https:\/\/noticiasmercedinas.com\/site\/wp-content\/uploads\/2020\/06\/LOGO-512.jpg","width":512,"height":512,"caption":"NOTICIASMERCEDINAS.COM"},"image":{"@id":"https:\/\/noticiasmercedinas.com\/site\/#\/schema\/logo\/image\/"},"sameAs":["https:\/\/www.facebook.com\/noticiasmercedinas\/","https:\/\/x.com\/notmercedinas","https:\/\/www.instagram.com\/noticiasmercedinas\/"]},{"@type":"Person","@id":"https:\/\/noticiasmercedinas.com\/site\/#\/schema\/person\/84b59c099c28ff2e8b77d4ceec5d8063","name":"NOTICIASMERCEDINAS.COM","image":{"@type":"ImageObject","inLanguage":"es","@id":"https:\/\/secure.gravatar.com\/avatar\/4dfbf16b4d17945bfb6341b2d19043457132fcf478a5ee04f42e959fd8f5df0a?s=96&d=mm&r=g","url":"https:\/\/secure.gravatar.com\/avatar\/4dfbf16b4d17945bfb6341b2d19043457132fcf478a5ee04f42e959fd8f5df0a?s=96&d=mm&r=g","contentUrl":"https:\/\/secure.gravatar.com\/avatar\/4dfbf16b4d17945bfb6341b2d19043457132fcf478a5ee04f42e959fd8f5df0a?s=96&d=mm&r=g","caption":"NOTICIASMERCEDINAS.COM"},"url":"https:\/\/noticiasmercedinas.com\/site\/author\/anonimo\/"}]}},"amp_enabled":true,"_links":{"self":[{"href":"https:\/\/noticiasmercedinas.com\/site\/wp-json\/wp\/v2\/posts\/149915","targetHints":{"allow":["GET"]}}],"collection":[{"href":"https:\/\/noticiasmercedinas.com\/site\/wp-json\/wp\/v2\/posts"}],"about":[{"href":"https:\/\/noticiasmercedinas.com\/site\/wp-json\/wp\/v2\/types\/post"}],"author":[{"embeddable":true,"href":"https:\/\/noticiasmercedinas.com\/site\/wp-json\/wp\/v2\/users\/16"}],"replies":[{"embeddable":true,"href":"https:\/\/noticiasmercedinas.com\/site\/wp-json\/wp\/v2\/comments?post=149915"}],"version-history":[{"count":1,"href":"https:\/\/noticiasmercedinas.com\/site\/wp-json\/wp\/v2\/posts\/149915\/revisions"}],"predecessor-version":[{"id":149918,"href":"https:\/\/noticiasmercedinas.com\/site\/wp-json\/wp\/v2\/posts\/149915\/revisions\/149918"}],"wp:featuredmedia":[{"embeddable":true,"href":"https:\/\/noticiasmercedinas.com\/site\/wp-json\/wp\/v2\/media\/149916"}],"wp:attachment":[{"href":"https:\/\/noticiasmercedinas.com\/site\/wp-json\/wp\/v2\/media?parent=149915"}],"wp:term":[{"taxonomy":"category","embeddable":true,"href":"https:\/\/noticiasmercedinas.com\/site\/wp-json\/wp\/v2\/categories?post=149915"},{"taxonomy":"post_tag","embeddable":true,"href":"https:\/\/noticiasmercedinas.com\/site\/wp-json\/wp\/v2\/tags?post=149915"}],"curies":[{"name":"wp","href":"https:\/\/api.w.org\/{rel}","templated":true}]}}