{"id":149958,"date":"2024-12-06T19:08:05","date_gmt":"2024-12-06T22:08:05","guid":{"rendered":"https:\/\/noticiasmercedinas.com\/site\/?p=149958"},"modified":"2024-12-06T19:08:05","modified_gmt":"2024-12-06T22:08:05","slug":"emotiva-celebra-la-navidad-con-bombachas-rosas-trajes-de-bano-y-mas","status":"publish","type":"post","link":"https:\/\/noticiasmercedinas.com\/site\/2024\/12\/06\/emotiva-celebra-la-navidad-con-bombachas-rosas-trajes-de-bano-y-mas\/","title":{"rendered":"\u201cEmotiva\u201d celebra la Navidad con bombachas rosas, trajes de ba\u00f1o y m\u00e1s"},"content":{"rendered":"<p><img loading=\"lazy\" decoding=\"async\" class=\"alignnone size-full wp-image-149959\" src=\"https:\/\/noticiasmercedinas.com\/site\/wp-content\/uploads\/2024\/12\/34b9ddd3-3dbc-41be-a03c-20288e205237.jpg\" alt=\"\" width=\"1280\" height=\"960\" srcset=\"https:\/\/noticiasmercedinas.com\/site\/wp-content\/uploads\/2024\/12\/34b9ddd3-3dbc-41be-a03c-20288e205237.jpg 1280w, https:\/\/noticiasmercedinas.com\/site\/wp-content\/uploads\/2024\/12\/34b9ddd3-3dbc-41be-a03c-20288e205237-300x225.jpg 300w, https:\/\/noticiasmercedinas.com\/site\/wp-content\/uploads\/2024\/12\/34b9ddd3-3dbc-41be-a03c-20288e205237-1024x768.jpg 1024w, https:\/\/noticiasmercedinas.com\/site\/wp-content\/uploads\/2024\/12\/34b9ddd3-3dbc-41be-a03c-20288e205237-768x576.jpg 768w, https:\/\/noticiasmercedinas.com\/site\/wp-content\/uploads\/2024\/12\/34b9ddd3-3dbc-41be-a03c-20288e205237-80x60.jpg 80w, https:\/\/noticiasmercedinas.com\/site\/wp-content\/uploads\/2024\/12\/34b9ddd3-3dbc-41be-a03c-20288e205237-160x120.jpg 160w, https:\/\/noticiasmercedinas.com\/site\/wp-content\/uploads\/2024\/12\/34b9ddd3-3dbc-41be-a03c-20288e205237-100x75.jpg 100w, https:\/\/noticiasmercedinas.com\/site\/wp-content\/uploads\/2024\/12\/34b9ddd3-3dbc-41be-a03c-20288e205237-200x150.jpg 200w, https:\/\/noticiasmercedinas.com\/site\/wp-content\/uploads\/2024\/12\/34b9ddd3-3dbc-41be-a03c-20288e205237-180x135.jpg 180w, https:\/\/noticiasmercedinas.com\/site\/wp-content\/uploads\/2024\/12\/34b9ddd3-3dbc-41be-a03c-20288e205237-360x270.jpg 360w, https:\/\/noticiasmercedinas.com\/site\/wp-content\/uploads\/2024\/12\/34b9ddd3-3dbc-41be-a03c-20288e205237-238x178.jpg 238w, https:\/\/noticiasmercedinas.com\/site\/wp-content\/uploads\/2024\/12\/34b9ddd3-3dbc-41be-a03c-20288e205237-476x356.jpg 476w, https:\/\/noticiasmercedinas.com\/site\/wp-content\/uploads\/2024\/12\/34b9ddd3-3dbc-41be-a03c-20288e205237-640x480.jpg 640w, https:\/\/noticiasmercedinas.com\/site\/wp-content\/uploads\/2024\/12\/34b9ddd3-3dbc-41be-a03c-20288e205237-681x511.jpg 681w\" sizes=\"auto, (max-width: 1280px) 100vw, 1280px\" \/><\/p>\n<p>La tienda de ropa interior y deportiva <strong>Emotiva<\/strong>, conocida por ser la m\u00e1s surtida de Mercedes, ya est\u00e1 en modo navide\u00f1o. Su vidriera decorada y su esp\u00edritu festivo invitan a los vecinos a disfrutar de una experiencia de compra \u00fanica.<\/p>\n<p>Uno de los productos m\u00e1s esperados de la temporada son las tradicionales bombachas rosas, ideales para regalar y colocar en el \u00e1rbol navide\u00f1o.<\/p>\n<p><img loading=\"lazy\" decoding=\"async\" class=\"alignnone size-full wp-image-149960\" src=\"https:\/\/noticiasmercedinas.com\/site\/wp-content\/uploads\/2024\/12\/b1e524a1-1ae7-4bd9-b8fc-8b9ead66825c.jpg\" alt=\"\" width=\"960\" height=\"1280\" srcset=\"https:\/\/noticiasmercedinas.com\/site\/wp-content\/uploads\/2024\/12\/b1e524a1-1ae7-4bd9-b8fc-8b9ead66825c.jpg 960w, https:\/\/noticiasmercedinas.com\/site\/wp-content\/uploads\/2024\/12\/b1e524a1-1ae7-4bd9-b8fc-8b9ead66825c-225x300.jpg 225w, https:\/\/noticiasmercedinas.com\/site\/wp-content\/uploads\/2024\/12\/b1e524a1-1ae7-4bd9-b8fc-8b9ead66825c-768x1024.jpg 768w, https:\/\/noticiasmercedinas.com\/site\/wp-content\/uploads\/2024\/12\/b1e524a1-1ae7-4bd9-b8fc-8b9ead66825c-640x853.jpg 640w, https:\/\/noticiasmercedinas.com\/site\/wp-content\/uploads\/2024\/12\/b1e524a1-1ae7-4bd9-b8fc-8b9ead66825c-681x908.jpg 681w\" sizes=\"auto, (max-width: 960px) 100vw, 960px\" \/><\/p>\n<p>Seg\u00fan coment\u00f3 Ivana, responsable de la tienda:\u00a0\u201cTenemos bombachitas para todas las edades y talles: desde las m\u00e1s chiquitas hasta las grandes, incluso modelos vedetina y universales. Las preparamos listas para regalo, perfectas para sumarlas al arbolito\u201d.<\/p>\n<p>Pero la oferta navide\u00f1a no termina ah\u00ed. Emotiva tambi\u00e9n destaca por su amplia variedad de trajes de ba\u00f1o, ropa deportiva y pijamas, con opciones para todos los estilos y presupuestos.<\/p>\n<p><img loading=\"lazy\" decoding=\"async\" class=\"alignnone size-full wp-image-149961\" src=\"https:\/\/noticiasmercedinas.com\/site\/wp-content\/uploads\/2024\/12\/4036471c-9b83-4764-a372-c6df07229bdf.jpg\" alt=\"\" width=\"960\" height=\"1280\" srcset=\"https:\/\/noticiasmercedinas.com\/site\/wp-content\/uploads\/2024\/12\/4036471c-9b83-4764-a372-c6df07229bdf.jpg 960w, https:\/\/noticiasmercedinas.com\/site\/wp-content\/uploads\/2024\/12\/4036471c-9b83-4764-a372-c6df07229bdf-225x300.jpg 225w, https:\/\/noticiasmercedinas.com\/site\/wp-content\/uploads\/2024\/12\/4036471c-9b83-4764-a372-c6df07229bdf-768x1024.jpg 768w, https:\/\/noticiasmercedinas.com\/site\/wp-content\/uploads\/2024\/12\/4036471c-9b83-4764-a372-c6df07229bdf-640x853.jpg 640w, https:\/\/noticiasmercedinas.com\/site\/wp-content\/uploads\/2024\/12\/4036471c-9b83-4764-a372-c6df07229bdf-681x908.jpg 681w\" sizes=\"auto, (max-width: 960px) 100vw, 960px\" \/><\/p>\n<p>Ubicada en calle 23, casi esquina 28, la tienda ofrece un amplio espacio con productos para todos los gustos. Adem\u00e1s, en su exterior, un perchero con trajes de ba\u00f1o en oferta es un im\u00e1n para quienes buscan renovar su guardarropa de verano al mejor precio.<\/p>\n<p>Para conocer las promociones y novedades, segu\u00ed a Emotiva en redes sociales:<\/p>\n<p>\u2013 Instagram:\u00a0<a href=\"https:\/\/www.instagram.com\/ivanaemotiva\/\">@ivanaemotiva<\/a><br \/>\n\u2013 Facebook:\u00a0<a href=\"https:\/\/www.facebook.com\/ivana.peinado.739\">Ivana Emotiva<\/a><\/p>\n<p>Con precios accesibles y un esp\u00edritu navide\u00f1o que contagia, Emotiva se consolida como una parada obligada para las compras de esta temporada.<\/p>\n<p><img loading=\"lazy\" decoding=\"async\" class=\"alignnone size-full wp-image-149962\" src=\"https:\/\/noticiasmercedinas.com\/site\/wp-content\/uploads\/2024\/12\/388fa494-966e-4ce3-841a-5decc2501e57.jpg\" alt=\"\" width=\"1240\" height=\"960\" srcset=\"https:\/\/noticiasmercedinas.com\/site\/wp-content\/uploads\/2024\/12\/388fa494-966e-4ce3-841a-5decc2501e57.jpg 1240w, https:\/\/noticiasmercedinas.com\/site\/wp-content\/uploads\/2024\/12\/388fa494-966e-4ce3-841a-5decc2501e57-300x232.jpg 300w, https:\/\/noticiasmercedinas.com\/site\/wp-content\/uploads\/2024\/12\/388fa494-966e-4ce3-841a-5decc2501e57-1024x793.jpg 1024w, https:\/\/noticiasmercedinas.com\/site\/wp-content\/uploads\/2024\/12\/388fa494-966e-4ce3-841a-5decc2501e57-768x595.jpg 768w, https:\/\/noticiasmercedinas.com\/site\/wp-content\/uploads\/2024\/12\/388fa494-966e-4ce3-841a-5decc2501e57-640x495.jpg 640w, https:\/\/noticiasmercedinas.com\/site\/wp-content\/uploads\/2024\/12\/388fa494-966e-4ce3-841a-5decc2501e57-681x527.jpg 681w\" sizes=\"auto, (max-width: 1240px) 100vw, 1240px\" \/><\/p>\n","protected":false},"excerpt":{"rendered":"<p>La tienda de ropa interior y deportiva Emotiva, conocida por ser la m\u00e1s surtida de Mercedes, ya est\u00e1 en modo navide\u00f1o. Su vidriera decorada y su esp\u00edritu festivo invitan a los vecinos a disfrutar de una experiencia de compra \u00fanica. Uno de los productos m\u00e1s esperados de la temporada son las tradicionales bombachas rosas, ideales [&hellip;]<\/p>\n","protected":false},"author":16,"featured_media":149959,"comment_status":"closed","ping_status":"closed","sticky":false,"template":"","format":"standard","meta":{"footnotes":""},"categories":[74],"tags":[19196,1356,1367,2649,1355,1353,5839],"class_list":["post-149958","post","type-post","status-publish","format-standard","has-post-thumbnail","hentry","category-emprendimientos","tag-bombachas","tag-emotiva","tag-lenceria","tag-navidad","tag-ropa-deportiva","tag-ropa-interior","tag-tienda"],"yoast_head":"<!-- This site is optimized with the Yoast SEO plugin v28.3 - https:\/\/yoast.com\/product\/yoast-seo-wordpress\/ -->\n<title>\u201cEmotiva\u201d celebra la Navidad con bombachas rosas, trajes de ba\u00f1o y m\u00e1s<\/title>\n<meta name=\"robots\" content=\"index, follow, max-snippet:-1, max-image-preview:large, max-video-preview:-1\" \/>\n<link rel=\"canonical\" href=\"https:\/\/noticiasmercedinas.com\/site\/2024\/12\/06\/emotiva-celebra-la-navidad-con-bombachas-rosas-trajes-de-bano-y-mas\/\" \/>\n<meta property=\"og:locale\" content=\"es_ES\" \/>\n<meta property=\"og:type\" content=\"article\" \/>\n<meta property=\"og:title\" content=\"\u201cEmotiva\u201d celebra la Navidad con bombachas rosas, trajes de ba\u00f1o y m\u00e1s\" \/>\n<meta property=\"og:description\" content=\"La tienda de ropa interior y deportiva Emotiva, conocida por ser la m\u00e1s surtida de Mercedes, ya est\u00e1 en modo navide\u00f1o. Su vidriera decorada y su esp\u00edritu festivo invitan a los vecinos a disfrutar de una experiencia de compra \u00fanica. Uno de los productos m\u00e1s esperados de la temporada son las tradicionales bombachas rosas, ideales [&hellip;]\" \/>\n<meta property=\"og:url\" content=\"https:\/\/noticiasmercedinas.com\/site\/2024\/12\/06\/emotiva-celebra-la-navidad-con-bombachas-rosas-trajes-de-bano-y-mas\/\" \/>\n<meta property=\"og:site_name\" content=\"NOTICIASMERCEDINAS.COM\" \/>\n<meta property=\"article:publisher\" content=\"https:\/\/www.facebook.com\/noticiasmercedinas\/\" \/>\n<meta property=\"article:published_time\" content=\"2024-12-06T22:08:05+00:00\" \/>\n<meta property=\"og:image\" content=\"https:\/\/noticiasmercedinas.com\/site\/wp-content\/uploads\/2024\/12\/34b9ddd3-3dbc-41be-a03c-20288e205237.jpg\" \/>\n\t<meta property=\"og:image:width\" content=\"1280\" \/>\n\t<meta property=\"og:image:height\" content=\"960\" \/>\n\t<meta property=\"og:image:type\" content=\"image\/jpeg\" \/>\n<meta name=\"author\" content=\"NOTICIASMERCEDINAS.COM\" \/>\n<meta name=\"twitter:card\" content=\"summary_large_image\" \/>\n<meta name=\"twitter:creator\" content=\"@notmercedinas\" \/>\n<meta name=\"twitter:site\" content=\"@notmercedinas\" \/>\n<meta name=\"twitter:label1\" content=\"Escrito por\" \/>\n\t<meta name=\"twitter:data1\" content=\"NOTICIASMERCEDINAS.COM\" \/>\n\t<meta name=\"twitter:label2\" content=\"Tiempo de lectura\" \/>\n\t<meta name=\"twitter:data2\" content=\"1 minuto\" \/>\n<script type=\"application\/ld+json\" class=\"yoast-schema-graph\">{\"@context\":\"https:\\\/\\\/schema.org\",\"@graph\":[{\"@type\":\"Article\",\"@id\":\"https:\\\/\\\/noticiasmercedinas.com\\\/site\\\/2024\\\/12\\\/06\\\/emotiva-celebra-la-navidad-con-bombachas-rosas-trajes-de-bano-y-mas\\\/#article\",\"isPartOf\":{\"@id\":\"https:\\\/\\\/noticiasmercedinas.com\\\/site\\\/2024\\\/12\\\/06\\\/emotiva-celebra-la-navidad-con-bombachas-rosas-trajes-de-bano-y-mas\\\/\"},\"author\":{\"name\":\"NOTICIASMERCEDINAS.COM\",\"@id\":\"https:\\\/\\\/noticiasmercedinas.com\\\/site\\\/#\\\/schema\\\/person\\\/84b59c099c28ff2e8b77d4ceec5d8063\"},\"headline\":\"\u201cEmotiva\u201d celebra la Navidad con bombachas rosas, trajes de ba\u00f1o y m\u00e1s\",\"datePublished\":\"2024-12-06T22:08:05+00:00\",\"mainEntityOfPage\":{\"@id\":\"https:\\\/\\\/noticiasmercedinas.com\\\/site\\\/2024\\\/12\\\/06\\\/emotiva-celebra-la-navidad-con-bombachas-rosas-trajes-de-bano-y-mas\\\/\"},\"wordCount\":241,\"publisher\":{\"@id\":\"https:\\\/\\\/noticiasmercedinas.com\\\/site\\\/#organization\"},\"image\":{\"@id\":\"https:\\\/\\\/noticiasmercedinas.com\\\/site\\\/2024\\\/12\\\/06\\\/emotiva-celebra-la-navidad-con-bombachas-rosas-trajes-de-bano-y-mas\\\/#primaryimage\"},\"thumbnailUrl\":\"https:\\\/\\\/noticiasmercedinas.com\\\/site\\\/wp-content\\\/uploads\\\/2024\\\/12\\\/34b9ddd3-3dbc-41be-a03c-20288e205237.jpg\",\"keywords\":[\"bombachas\",\"emotiva\",\"lencer\u00eda\",\"navidad\",\"ropa deportiva\",\"ropa interior\",\"tienda\"],\"articleSection\":[\"Emprendimientos\"],\"inLanguage\":\"es\"},{\"@type\":\"WebPage\",\"@id\":\"https:\\\/\\\/noticiasmercedinas.com\\\/site\\\/2024\\\/12\\\/06\\\/emotiva-celebra-la-navidad-con-bombachas-rosas-trajes-de-bano-y-mas\\\/\",\"url\":\"https:\\\/\\\/noticiasmercedinas.com\\\/site\\\/2024\\\/12\\\/06\\\/emotiva-celebra-la-navidad-con-bombachas-rosas-trajes-de-bano-y-mas\\\/\",\"name\":\"\u201cEmotiva\u201d celebra la Navidad con bombachas rosas, trajes de ba\u00f1o y m\u00e1s\",\"isPartOf\":{\"@id\":\"https:\\\/\\\/noticiasmercedinas.com\\\/site\\\/#website\"},\"primaryImageOfPage\":{\"@id\":\"https:\\\/\\\/noticiasmercedinas.com\\\/site\\\/2024\\\/12\\\/06\\\/emotiva-celebra-la-navidad-con-bombachas-rosas-trajes-de-bano-y-mas\\\/#primaryimage\"},\"image\":{\"@id\":\"https:\\\/\\\/noticiasmercedinas.com\\\/site\\\/2024\\\/12\\\/06\\\/emotiva-celebra-la-navidad-con-bombachas-rosas-trajes-de-bano-y-mas\\\/#primaryimage\"},\"thumbnailUrl\":\"https:\\\/\\\/noticiasmercedinas.com\\\/site\\\/wp-content\\\/uploads\\\/2024\\\/12\\\/34b9ddd3-3dbc-41be-a03c-20288e205237.jpg\",\"datePublished\":\"2024-12-06T22:08:05+00:00\",\"breadcrumb\":{\"@id\":\"https:\\\/\\\/noticiasmercedinas.com\\\/site\\\/2024\\\/12\\\/06\\\/emotiva-celebra-la-navidad-con-bombachas-rosas-trajes-de-bano-y-mas\\\/#breadcrumb\"},\"inLanguage\":\"es\",\"potentialAction\":[{\"@type\":\"ReadAction\",\"target\":[\"https:\\\/\\\/noticiasmercedinas.com\\\/site\\\/2024\\\/12\\\/06\\\/emotiva-celebra-la-navidad-con-bombachas-rosas-trajes-de-bano-y-mas\\\/\"]}]},{\"@type\":\"ImageObject\",\"inLanguage\":\"es\",\"@id\":\"https:\\\/\\\/noticiasmercedinas.com\\\/site\\\/2024\\\/12\\\/06\\\/emotiva-celebra-la-navidad-con-bombachas-rosas-trajes-de-bano-y-mas\\\/#primaryimage\",\"url\":\"https:\\\/\\\/noticiasmercedinas.com\\\/site\\\/wp-content\\\/uploads\\\/2024\\\/12\\\/34b9ddd3-3dbc-41be-a03c-20288e205237.jpg\",\"contentUrl\":\"https:\\\/\\\/noticiasmercedinas.com\\\/site\\\/wp-content\\\/uploads\\\/2024\\\/12\\\/34b9ddd3-3dbc-41be-a03c-20288e205237.jpg\",\"width\":1280,\"height\":960},{\"@type\":\"BreadcrumbList\",\"@id\":\"https:\\\/\\\/noticiasmercedinas.com\\\/site\\\/2024\\\/12\\\/06\\\/emotiva-celebra-la-navidad-con-bombachas-rosas-trajes-de-bano-y-mas\\\/#breadcrumb\",\"itemListElement\":[{\"@type\":\"ListItem\",\"position\":1,\"name\":\"Portada\",\"item\":\"https:\\\/\\\/noticiasmercedinas.com\\\/site\\\/\"},{\"@type\":\"ListItem\",\"position\":2,\"name\":\"\u201cEmotiva\u201d celebra la Navidad con bombachas rosas, trajes de ba\u00f1o y m\u00e1s\"}]},{\"@type\":\"WebSite\",\"@id\":\"https:\\\/\\\/noticiasmercedinas.com\\\/site\\\/#website\",\"url\":\"https:\\\/\\\/noticiasmercedinas.com\\\/site\\\/\",\"name\":\"NOTICIASMERCEDINAS.COM\",\"description\":\"Mercedes, Buenos Aires, Argentina\",\"publisher\":{\"@id\":\"https:\\\/\\\/noticiasmercedinas.com\\\/site\\\/#organization\"},\"potentialAction\":[{\"@type\":\"SearchAction\",\"target\":{\"@type\":\"EntryPoint\",\"urlTemplate\":\"https:\\\/\\\/noticiasmercedinas.com\\\/site\\\/?s={search_term_string}\"},\"query-input\":{\"@type\":\"PropertyValueSpecification\",\"valueRequired\":true,\"valueName\":\"search_term_string\"}}],\"inLanguage\":\"es\"},{\"@type\":\"Organization\",\"@id\":\"https:\\\/\\\/noticiasmercedinas.com\\\/site\\\/#organization\",\"name\":\"NOTICIASMERCEDINAS.COM\",\"url\":\"https:\\\/\\\/noticiasmercedinas.com\\\/site\\\/\",\"logo\":{\"@type\":\"ImageObject\",\"inLanguage\":\"es\",\"@id\":\"https:\\\/\\\/noticiasmercedinas.com\\\/site\\\/#\\\/schema\\\/logo\\\/image\\\/\",\"url\":\"https:\\\/\\\/noticiasmercedinas.com\\\/site\\\/wp-content\\\/uploads\\\/2020\\\/06\\\/LOGO-512.jpg\",\"contentUrl\":\"https:\\\/\\\/noticiasmercedinas.com\\\/site\\\/wp-content\\\/uploads\\\/2020\\\/06\\\/LOGO-512.jpg\",\"width\":512,\"height\":512,\"caption\":\"NOTICIASMERCEDINAS.COM\"},\"image\":{\"@id\":\"https:\\\/\\\/noticiasmercedinas.com\\\/site\\\/#\\\/schema\\\/logo\\\/image\\\/\"},\"sameAs\":[\"https:\\\/\\\/www.facebook.com\\\/noticiasmercedinas\\\/\",\"https:\\\/\\\/x.com\\\/notmercedinas\",\"https:\\\/\\\/www.instagram.com\\\/noticiasmercedinas\\\/\"]},{\"@type\":\"Person\",\"@id\":\"https:\\\/\\\/noticiasmercedinas.com\\\/site\\\/#\\\/schema\\\/person\\\/84b59c099c28ff2e8b77d4ceec5d8063\",\"name\":\"NOTICIASMERCEDINAS.COM\",\"image\":{\"@type\":\"ImageObject\",\"inLanguage\":\"es\",\"@id\":\"https:\\\/\\\/secure.gravatar.com\\\/avatar\\\/4dfbf16b4d17945bfb6341b2d19043457132fcf478a5ee04f42e959fd8f5df0a?s=96&d=mm&r=g\",\"url\":\"https:\\\/\\\/secure.gravatar.com\\\/avatar\\\/4dfbf16b4d17945bfb6341b2d19043457132fcf478a5ee04f42e959fd8f5df0a?s=96&d=mm&r=g\",\"contentUrl\":\"https:\\\/\\\/secure.gravatar.com\\\/avatar\\\/4dfbf16b4d17945bfb6341b2d19043457132fcf478a5ee04f42e959fd8f5df0a?s=96&d=mm&r=g\",\"caption\":\"NOTICIASMERCEDINAS.COM\"},\"url\":\"https:\\\/\\\/noticiasmercedinas.com\\\/site\\\/author\\\/anonimo\\\/\"}]}<\/script>\n<!-- \/ Yoast SEO plugin. -->","yoast_head_json":{"title":"\u201cEmotiva\u201d celebra la Navidad con bombachas rosas, trajes de ba\u00f1o y m\u00e1s","robots":{"index":"index","follow":"follow","max-snippet":"max-snippet:-1","max-image-preview":"max-image-preview:large","max-video-preview":"max-video-preview:-1"},"canonical":"https:\/\/noticiasmercedinas.com\/site\/2024\/12\/06\/emotiva-celebra-la-navidad-con-bombachas-rosas-trajes-de-bano-y-mas\/","og_locale":"es_ES","og_type":"article","og_title":"\u201cEmotiva\u201d celebra la Navidad con bombachas rosas, trajes de ba\u00f1o y m\u00e1s","og_description":"La tienda de ropa interior y deportiva Emotiva, conocida por ser la m\u00e1s surtida de Mercedes, ya est\u00e1 en modo navide\u00f1o. Su vidriera decorada y su esp\u00edritu festivo invitan a los vecinos a disfrutar de una experiencia de compra \u00fanica. Uno de los productos m\u00e1s esperados de la temporada son las tradicionales bombachas rosas, ideales [&hellip;]","og_url":"https:\/\/noticiasmercedinas.com\/site\/2024\/12\/06\/emotiva-celebra-la-navidad-con-bombachas-rosas-trajes-de-bano-y-mas\/","og_site_name":"NOTICIASMERCEDINAS.COM","article_publisher":"https:\/\/www.facebook.com\/noticiasmercedinas\/","article_published_time":"2024-12-06T22:08:05+00:00","og_image":[{"width":1280,"height":960,"url":"https:\/\/noticiasmercedinas.com\/site\/wp-content\/uploads\/2024\/12\/34b9ddd3-3dbc-41be-a03c-20288e205237.jpg","type":"image\/jpeg"}],"author":"NOTICIASMERCEDINAS.COM","twitter_card":"summary_large_image","twitter_creator":"@notmercedinas","twitter_site":"@notmercedinas","twitter_misc":{"Escrito por":"NOTICIASMERCEDINAS.COM","Tiempo de lectura":"1 minuto"},"schema":{"@context":"https:\/\/schema.org","@graph":[{"@type":"Article","@id":"https:\/\/noticiasmercedinas.com\/site\/2024\/12\/06\/emotiva-celebra-la-navidad-con-bombachas-rosas-trajes-de-bano-y-mas\/#article","isPartOf":{"@id":"https:\/\/noticiasmercedinas.com\/site\/2024\/12\/06\/emotiva-celebra-la-navidad-con-bombachas-rosas-trajes-de-bano-y-mas\/"},"author":{"name":"NOTICIASMERCEDINAS.COM","@id":"https:\/\/noticiasmercedinas.com\/site\/#\/schema\/person\/84b59c099c28ff2e8b77d4ceec5d8063"},"headline":"\u201cEmotiva\u201d celebra la Navidad con bombachas rosas, trajes de ba\u00f1o y m\u00e1s","datePublished":"2024-12-06T22:08:05+00:00","mainEntityOfPage":{"@id":"https:\/\/noticiasmercedinas.com\/site\/2024\/12\/06\/emotiva-celebra-la-navidad-con-bombachas-rosas-trajes-de-bano-y-mas\/"},"wordCount":241,"publisher":{"@id":"https:\/\/noticiasmercedinas.com\/site\/#organization"},"image":{"@id":"https:\/\/noticiasmercedinas.com\/site\/2024\/12\/06\/emotiva-celebra-la-navidad-con-bombachas-rosas-trajes-de-bano-y-mas\/#primaryimage"},"thumbnailUrl":"https:\/\/noticiasmercedinas.com\/site\/wp-content\/uploads\/2024\/12\/34b9ddd3-3dbc-41be-a03c-20288e205237.jpg","keywords":["bombachas","emotiva","lencer\u00eda","navidad","ropa deportiva","ropa interior","tienda"],"articleSection":["Emprendimientos"],"inLanguage":"es"},{"@type":"WebPage","@id":"https:\/\/noticiasmercedinas.com\/site\/2024\/12\/06\/emotiva-celebra-la-navidad-con-bombachas-rosas-trajes-de-bano-y-mas\/","url":"https:\/\/noticiasmercedinas.com\/site\/2024\/12\/06\/emotiva-celebra-la-navidad-con-bombachas-rosas-trajes-de-bano-y-mas\/","name":"\u201cEmotiva\u201d celebra la Navidad con bombachas rosas, trajes de ba\u00f1o y m\u00e1s","isPartOf":{"@id":"https:\/\/noticiasmercedinas.com\/site\/#website"},"primaryImageOfPage":{"@id":"https:\/\/noticiasmercedinas.com\/site\/2024\/12\/06\/emotiva-celebra-la-navidad-con-bombachas-rosas-trajes-de-bano-y-mas\/#primaryimage"},"image":{"@id":"https:\/\/noticiasmercedinas.com\/site\/2024\/12\/06\/emotiva-celebra-la-navidad-con-bombachas-rosas-trajes-de-bano-y-mas\/#primaryimage"},"thumbnailUrl":"https:\/\/noticiasmercedinas.com\/site\/wp-content\/uploads\/2024\/12\/34b9ddd3-3dbc-41be-a03c-20288e205237.jpg","datePublished":"2024-12-06T22:08:05+00:00","breadcrumb":{"@id":"https:\/\/noticiasmercedinas.com\/site\/2024\/12\/06\/emotiva-celebra-la-navidad-con-bombachas-rosas-trajes-de-bano-y-mas\/#breadcrumb"},"inLanguage":"es","potentialAction":[{"@type":"ReadAction","target":["https:\/\/noticiasmercedinas.com\/site\/2024\/12\/06\/emotiva-celebra-la-navidad-con-bombachas-rosas-trajes-de-bano-y-mas\/"]}]},{"@type":"ImageObject","inLanguage":"es","@id":"https:\/\/noticiasmercedinas.com\/site\/2024\/12\/06\/emotiva-celebra-la-navidad-con-bombachas-rosas-trajes-de-bano-y-mas\/#primaryimage","url":"https:\/\/noticiasmercedinas.com\/site\/wp-content\/uploads\/2024\/12\/34b9ddd3-3dbc-41be-a03c-20288e205237.jpg","contentUrl":"https:\/\/noticiasmercedinas.com\/site\/wp-content\/uploads\/2024\/12\/34b9ddd3-3dbc-41be-a03c-20288e205237.jpg","width":1280,"height":960},{"@type":"BreadcrumbList","@id":"https:\/\/noticiasmercedinas.com\/site\/2024\/12\/06\/emotiva-celebra-la-navidad-con-bombachas-rosas-trajes-de-bano-y-mas\/#breadcrumb","itemListElement":[{"@type":"ListItem","position":1,"name":"Portada","item":"https:\/\/noticiasmercedinas.com\/site\/"},{"@type":"ListItem","position":2,"name":"\u201cEmotiva\u201d celebra la Navidad con bombachas rosas, trajes de ba\u00f1o y m\u00e1s"}]},{"@type":"WebSite","@id":"https:\/\/noticiasmercedinas.com\/site\/#website","url":"https:\/\/noticiasmercedinas.com\/site\/","name":"NOTICIASMERCEDINAS.COM","description":"Mercedes, Buenos Aires, Argentina","publisher":{"@id":"https:\/\/noticiasmercedinas.com\/site\/#organization"},"potentialAction":[{"@type":"SearchAction","target":{"@type":"EntryPoint","urlTemplate":"https:\/\/noticiasmercedinas.com\/site\/?s={search_term_string}"},"query-input":{"@type":"PropertyValueSpecification","valueRequired":true,"valueName":"search_term_string"}}],"inLanguage":"es"},{"@type":"Organization","@id":"https:\/\/noticiasmercedinas.com\/site\/#organization","name":"NOTICIASMERCEDINAS.COM","url":"https:\/\/noticiasmercedinas.com\/site\/","logo":{"@type":"ImageObject","inLanguage":"es","@id":"https:\/\/noticiasmercedinas.com\/site\/#\/schema\/logo\/image\/","url":"https:\/\/noticiasmercedinas.com\/site\/wp-content\/uploads\/2020\/06\/LOGO-512.jpg","contentUrl":"https:\/\/noticiasmercedinas.com\/site\/wp-content\/uploads\/2020\/06\/LOGO-512.jpg","width":512,"height":512,"caption":"NOTICIASMERCEDINAS.COM"},"image":{"@id":"https:\/\/noticiasmercedinas.com\/site\/#\/schema\/logo\/image\/"},"sameAs":["https:\/\/www.facebook.com\/noticiasmercedinas\/","https:\/\/x.com\/notmercedinas","https:\/\/www.instagram.com\/noticiasmercedinas\/"]},{"@type":"Person","@id":"https:\/\/noticiasmercedinas.com\/site\/#\/schema\/person\/84b59c099c28ff2e8b77d4ceec5d8063","name":"NOTICIASMERCEDINAS.COM","image":{"@type":"ImageObject","inLanguage":"es","@id":"https:\/\/secure.gravatar.com\/avatar\/4dfbf16b4d17945bfb6341b2d19043457132fcf478a5ee04f42e959fd8f5df0a?s=96&d=mm&r=g","url":"https:\/\/secure.gravatar.com\/avatar\/4dfbf16b4d17945bfb6341b2d19043457132fcf478a5ee04f42e959fd8f5df0a?s=96&d=mm&r=g","contentUrl":"https:\/\/secure.gravatar.com\/avatar\/4dfbf16b4d17945bfb6341b2d19043457132fcf478a5ee04f42e959fd8f5df0a?s=96&d=mm&r=g","caption":"NOTICIASMERCEDINAS.COM"},"url":"https:\/\/noticiasmercedinas.com\/site\/author\/anonimo\/"}]}},"amp_enabled":true,"_links":{"self":[{"href":"https:\/\/noticiasmercedinas.com\/site\/wp-json\/wp\/v2\/posts\/149958","targetHints":{"allow":["GET"]}}],"collection":[{"href":"https:\/\/noticiasmercedinas.com\/site\/wp-json\/wp\/v2\/posts"}],"about":[{"href":"https:\/\/noticiasmercedinas.com\/site\/wp-json\/wp\/v2\/types\/post"}],"author":[{"embeddable":true,"href":"https:\/\/noticiasmercedinas.com\/site\/wp-json\/wp\/v2\/users\/16"}],"replies":[{"embeddable":true,"href":"https:\/\/noticiasmercedinas.com\/site\/wp-json\/wp\/v2\/comments?post=149958"}],"version-history":[{"count":1,"href":"https:\/\/noticiasmercedinas.com\/site\/wp-json\/wp\/v2\/posts\/149958\/revisions"}],"predecessor-version":[{"id":149963,"href":"https:\/\/noticiasmercedinas.com\/site\/wp-json\/wp\/v2\/posts\/149958\/revisions\/149963"}],"wp:featuredmedia":[{"embeddable":true,"href":"https:\/\/noticiasmercedinas.com\/site\/wp-json\/wp\/v2\/media\/149959"}],"wp:attachment":[{"href":"https:\/\/noticiasmercedinas.com\/site\/wp-json\/wp\/v2\/media?parent=149958"}],"wp:term":[{"taxonomy":"category","embeddable":true,"href":"https:\/\/noticiasmercedinas.com\/site\/wp-json\/wp\/v2\/categories?post=149958"},{"taxonomy":"post_tag","embeddable":true,"href":"https:\/\/noticiasmercedinas.com\/site\/wp-json\/wp\/v2\/tags?post=149958"}],"curies":[{"name":"wp","href":"https:\/\/api.w.org\/{rel}","templated":true}]}}