{"id":150070,"date":"2024-12-09T11:45:37","date_gmt":"2024-12-09T14:45:37","guid":{"rendered":"https:\/\/noticiasmercedinas.com\/site\/?p=150070"},"modified":"2024-12-09T11:45:37","modified_gmt":"2024-12-09T14:45:37","slug":"domingo-con-dos-carreras-de-rural-bike","status":"publish","type":"post","link":"https:\/\/noticiasmercedinas.com\/site\/2024\/12\/09\/domingo-con-dos-carreras-de-rural-bike\/","title":{"rendered":"Domingo con dos carreras de Rural Bike"},"content":{"rendered":"<figure id=\"attachment_150071\" aria-describedby=\"caption-attachment-150071\" style=\"width: 640px\" class=\"wp-caption alignnone\"><img loading=\"lazy\" decoding=\"async\" class=\"wp-image-150071 size-full\" src=\"https:\/\/noticiasmercedinas.com\/site\/wp-content\/uploads\/2024\/12\/rb.jpg\" alt=\"\" width=\"640\" height=\"554\" srcset=\"https:\/\/noticiasmercedinas.com\/site\/wp-content\/uploads\/2024\/12\/rb.jpg 640w, https:\/\/noticiasmercedinas.com\/site\/wp-content\/uploads\/2024\/12\/rb-300x260.jpg 300w\" sizes=\"auto, (max-width: 640px) 100vw, 640px\" \/><figcaption id=\"caption-attachment-150071\" class=\"wp-caption-text\">Peralta, Aldecoa y Morales en Jun\u00edn tras la carrera.<\/figcaption><\/figure>\n<p>Una doble propuesta tuvo el Rural Bike bonaerense con presencia mercedina, en ambos casos con puestos de podios en medio de un clima que ayud\u00f3. En Jun\u00edn con la Ultra Fondo organizada por la Asociaci\u00f3n Ciclista Juninense, con 100 km durante 5 vueltas largando desde parque que est\u00e1 a la vera de la circunvalaci\u00f3n.<\/p>\n<p>En la Master B 2 (16 bikers) Jorge Morales se hizo de un buen quinto puesto en 3 horas 7\u2019 44\u201d. Ya sobre 80 km, 4 giros, Marcelo Peralta en la Master C 1 (12 corredores) en 2 hora 33\u2019 41\u201d se clasific\u00f3 quinto mientras que en al Master D 1 (4 pedaleros) Carlos Aldecoa arrib\u00f3 a meta tercero en 2 horas 47\u2019 58\u201d. Los tres, derecho al podio de premiaci\u00f3n.<\/p>\n<p><img loading=\"lazy\" decoding=\"async\" class=\"alignnone size-full wp-image-150072\" src=\"https:\/\/noticiasmercedinas.com\/site\/wp-content\/uploads\/2024\/12\/469910281_8622686494510043_554621622272599790_n.jpg\" alt=\"\" width=\"720\" height=\"349\" srcset=\"https:\/\/noticiasmercedinas.com\/site\/wp-content\/uploads\/2024\/12\/469910281_8622686494510043_554621622272599790_n.jpg 720w, https:\/\/noticiasmercedinas.com\/site\/wp-content\/uploads\/2024\/12\/469910281_8622686494510043_554621622272599790_n-300x145.jpg 300w, https:\/\/noticiasmercedinas.com\/site\/wp-content\/uploads\/2024\/12\/469910281_8622686494510043_554621622272599790_n-640x310.jpg 640w, https:\/\/noticiasmercedinas.com\/site\/wp-content\/uploads\/2024\/12\/469910281_8622686494510043_554621622272599790_n-681x330.jpg 681w\" sizes=\"auto, (max-width: 720px) 100vw, 720px\" \/><\/p>\n<p>M\u00e1s \u201cRuedas Gordas\u201d hubo en San Pedro en una carrera que hab\u00eda sido suspendida y termin\u00f3 siendo reprogramada para ayer. Sobre 14,60 km fueron 4 vueltas donde Emiliano Aldecoa en al Master B 1 (12 participantes) con un registro de 1 hora 49\u2019 34\u201d finaliz\u00f3 cuarto. Por \u00faltimo, Carlos Annicelli en Master B 2 d\u00e9cimo tras 2 hora 1\u2019 48\u201d.<\/p>\n<p>El a\u00f1o del Rural Bike se cerrar\u00e1 en Mercedes con la cuarta Vuelta a Tom\u00e1s Jofr\u00e9, con largada desde el C\u00edrculo Policial de Altamira el venidero domingo 22 desde las 11 de la ma\u00f1ana. La inscripci\u00f3n sigue realiz\u00e1ndose en <a href=\"https:\/\/forms.gle\/VrTWQCaKYrJwKkybA\">infobiker.com.ar<\/a>.<\/p>\n","protected":false},"excerpt":{"rendered":"<p>\u25a0 En Jun\u00edn con la Ultra Fondo y en San Pedro con la quinta edici\u00f3n hubo \u201cRuedas Gordas\u201d. La presencia mercedina se dio con varios clasificados en puestos de podios. Se viene la cuarta Vuelta a Tom\u00e1s Jofr\u00e9.<\/p>\n","protected":false},"author":6,"featured_media":150071,"comment_status":"closed","ping_status":"closed","sticky":false,"template":"","format":"standard","meta":{"footnotes":""},"categories":[5],"tags":[1744,204,1786],"class_list":["post-150070","post","type-post","status-publish","format-standard","has-post-thumbnail","hentry","category-deportes","tag-junin","tag-rural-bike","tag-san-pedro"],"yoast_head":"<!-- This site is optimized with the Yoast SEO plugin v28.3 - https:\/\/yoast.com\/product\/yoast-seo-wordpress\/ -->\n<title>Domingo con dos carreras de Rural Bike<\/title>\n<meta name=\"robots\" content=\"index, follow, max-snippet:-1, max-image-preview:large, max-video-preview:-1\" \/>\n<link rel=\"canonical\" href=\"https:\/\/noticiasmercedinas.com\/site\/2024\/12\/09\/domingo-con-dos-carreras-de-rural-bike\/\" \/>\n<meta property=\"og:locale\" content=\"es_ES\" \/>\n<meta property=\"og:type\" content=\"article\" \/>\n<meta property=\"og:title\" content=\"Domingo con dos carreras de Rural Bike\" \/>\n<meta property=\"og:description\" content=\"\u25a0 En Jun\u00edn con la Ultra Fondo y en San Pedro con la quinta edici\u00f3n hubo \u201cRuedas Gordas\u201d. La presencia mercedina se dio con varios clasificados en puestos de podios. Se viene la cuarta Vuelta a Tom\u00e1s Jofr\u00e9.\" \/>\n<meta property=\"og:url\" content=\"https:\/\/noticiasmercedinas.com\/site\/2024\/12\/09\/domingo-con-dos-carreras-de-rural-bike\/\" \/>\n<meta property=\"og:site_name\" content=\"NOTICIASMERCEDINAS.COM\" \/>\n<meta property=\"article:publisher\" content=\"https:\/\/www.facebook.com\/noticiasmercedinas\/\" \/>\n<meta property=\"article:published_time\" content=\"2024-12-09T14:45:37+00:00\" \/>\n<meta property=\"og:image\" content=\"https:\/\/noticiasmercedinas.com\/site\/wp-content\/uploads\/2024\/12\/rb.jpg\" \/>\n\t<meta property=\"og:image:width\" content=\"640\" \/>\n\t<meta property=\"og:image:height\" content=\"554\" \/>\n\t<meta property=\"og:image:type\" content=\"image\/jpeg\" \/>\n<meta name=\"author\" content=\"Juan Dagnino NOTICIASMERCEDINAS.COM\" \/>\n<meta name=\"twitter:card\" content=\"summary_large_image\" \/>\n<meta name=\"twitter:creator\" content=\"@notmercedinas\" \/>\n<meta name=\"twitter:site\" content=\"@notmercedinas\" \/>\n<meta name=\"twitter:label1\" content=\"Escrito por\" \/>\n\t<meta name=\"twitter:data1\" content=\"Juan Dagnino NOTICIASMERCEDINAS.COM\" \/>\n\t<meta name=\"twitter:label2\" content=\"Tiempo de lectura\" \/>\n\t<meta name=\"twitter:data2\" content=\"1 minuto\" \/>\n<script type=\"application\/ld+json\" class=\"yoast-schema-graph\">{\"@context\":\"https:\\\/\\\/schema.org\",\"@graph\":[{\"@type\":\"Article\",\"@id\":\"https:\\\/\\\/noticiasmercedinas.com\\\/site\\\/2024\\\/12\\\/09\\\/domingo-con-dos-carreras-de-rural-bike\\\/#article\",\"isPartOf\":{\"@id\":\"https:\\\/\\\/noticiasmercedinas.com\\\/site\\\/2024\\\/12\\\/09\\\/domingo-con-dos-carreras-de-rural-bike\\\/\"},\"author\":{\"name\":\"Juan Dagnino NOTICIASMERCEDINAS.COM\",\"@id\":\"https:\\\/\\\/noticiasmercedinas.com\\\/site\\\/#\\\/schema\\\/person\\\/8f2f09d666ef40986eba4a5e6f2a06f9\"},\"headline\":\"Domingo con dos carreras de Rural Bike\",\"datePublished\":\"2024-12-09T14:45:37+00:00\",\"mainEntityOfPage\":{\"@id\":\"https:\\\/\\\/noticiasmercedinas.com\\\/site\\\/2024\\\/12\\\/09\\\/domingo-con-dos-carreras-de-rural-bike\\\/\"},\"wordCount\":232,\"publisher\":{\"@id\":\"https:\\\/\\\/noticiasmercedinas.com\\\/site\\\/#organization\"},\"image\":{\"@id\":\"https:\\\/\\\/noticiasmercedinas.com\\\/site\\\/2024\\\/12\\\/09\\\/domingo-con-dos-carreras-de-rural-bike\\\/#primaryimage\"},\"thumbnailUrl\":\"https:\\\/\\\/noticiasmercedinas.com\\\/site\\\/wp-content\\\/uploads\\\/2024\\\/12\\\/rb.jpg\",\"keywords\":[\"Junin\",\"rural bike\",\"san pedro\"],\"articleSection\":[\"Deportes\"],\"inLanguage\":\"es\"},{\"@type\":\"WebPage\",\"@id\":\"https:\\\/\\\/noticiasmercedinas.com\\\/site\\\/2024\\\/12\\\/09\\\/domingo-con-dos-carreras-de-rural-bike\\\/\",\"url\":\"https:\\\/\\\/noticiasmercedinas.com\\\/site\\\/2024\\\/12\\\/09\\\/domingo-con-dos-carreras-de-rural-bike\\\/\",\"name\":\"Domingo con dos carreras de Rural Bike\",\"isPartOf\":{\"@id\":\"https:\\\/\\\/noticiasmercedinas.com\\\/site\\\/#website\"},\"primaryImageOfPage\":{\"@id\":\"https:\\\/\\\/noticiasmercedinas.com\\\/site\\\/2024\\\/12\\\/09\\\/domingo-con-dos-carreras-de-rural-bike\\\/#primaryimage\"},\"image\":{\"@id\":\"https:\\\/\\\/noticiasmercedinas.com\\\/site\\\/2024\\\/12\\\/09\\\/domingo-con-dos-carreras-de-rural-bike\\\/#primaryimage\"},\"thumbnailUrl\":\"https:\\\/\\\/noticiasmercedinas.com\\\/site\\\/wp-content\\\/uploads\\\/2024\\\/12\\\/rb.jpg\",\"datePublished\":\"2024-12-09T14:45:37+00:00\",\"breadcrumb\":{\"@id\":\"https:\\\/\\\/noticiasmercedinas.com\\\/site\\\/2024\\\/12\\\/09\\\/domingo-con-dos-carreras-de-rural-bike\\\/#breadcrumb\"},\"inLanguage\":\"es\",\"potentialAction\":[{\"@type\":\"ReadAction\",\"target\":[\"https:\\\/\\\/noticiasmercedinas.com\\\/site\\\/2024\\\/12\\\/09\\\/domingo-con-dos-carreras-de-rural-bike\\\/\"]}]},{\"@type\":\"ImageObject\",\"inLanguage\":\"es\",\"@id\":\"https:\\\/\\\/noticiasmercedinas.com\\\/site\\\/2024\\\/12\\\/09\\\/domingo-con-dos-carreras-de-rural-bike\\\/#primaryimage\",\"url\":\"https:\\\/\\\/noticiasmercedinas.com\\\/site\\\/wp-content\\\/uploads\\\/2024\\\/12\\\/rb.jpg\",\"contentUrl\":\"https:\\\/\\\/noticiasmercedinas.com\\\/site\\\/wp-content\\\/uploads\\\/2024\\\/12\\\/rb.jpg\",\"width\":640,\"height\":554},{\"@type\":\"BreadcrumbList\",\"@id\":\"https:\\\/\\\/noticiasmercedinas.com\\\/site\\\/2024\\\/12\\\/09\\\/domingo-con-dos-carreras-de-rural-bike\\\/#breadcrumb\",\"itemListElement\":[{\"@type\":\"ListItem\",\"position\":1,\"name\":\"Portada\",\"item\":\"https:\\\/\\\/noticiasmercedinas.com\\\/site\\\/\"},{\"@type\":\"ListItem\",\"position\":2,\"name\":\"Domingo con dos carreras de Rural Bike\"}]},{\"@type\":\"WebSite\",\"@id\":\"https:\\\/\\\/noticiasmercedinas.com\\\/site\\\/#website\",\"url\":\"https:\\\/\\\/noticiasmercedinas.com\\\/site\\\/\",\"name\":\"NOTICIASMERCEDINAS.COM\",\"description\":\"Mercedes, Buenos Aires, Argentina\",\"publisher\":{\"@id\":\"https:\\\/\\\/noticiasmercedinas.com\\\/site\\\/#organization\"},\"potentialAction\":[{\"@type\":\"SearchAction\",\"target\":{\"@type\":\"EntryPoint\",\"urlTemplate\":\"https:\\\/\\\/noticiasmercedinas.com\\\/site\\\/?s={search_term_string}\"},\"query-input\":{\"@type\":\"PropertyValueSpecification\",\"valueRequired\":true,\"valueName\":\"search_term_string\"}}],\"inLanguage\":\"es\"},{\"@type\":\"Organization\",\"@id\":\"https:\\\/\\\/noticiasmercedinas.com\\\/site\\\/#organization\",\"name\":\"NOTICIASMERCEDINAS.COM\",\"url\":\"https:\\\/\\\/noticiasmercedinas.com\\\/site\\\/\",\"logo\":{\"@type\":\"ImageObject\",\"inLanguage\":\"es\",\"@id\":\"https:\\\/\\\/noticiasmercedinas.com\\\/site\\\/#\\\/schema\\\/logo\\\/image\\\/\",\"url\":\"https:\\\/\\\/noticiasmercedinas.com\\\/site\\\/wp-content\\\/uploads\\\/2020\\\/06\\\/LOGO-512.jpg\",\"contentUrl\":\"https:\\\/\\\/noticiasmercedinas.com\\\/site\\\/wp-content\\\/uploads\\\/2020\\\/06\\\/LOGO-512.jpg\",\"width\":512,\"height\":512,\"caption\":\"NOTICIASMERCEDINAS.COM\"},\"image\":{\"@id\":\"https:\\\/\\\/noticiasmercedinas.com\\\/site\\\/#\\\/schema\\\/logo\\\/image\\\/\"},\"sameAs\":[\"https:\\\/\\\/www.facebook.com\\\/noticiasmercedinas\\\/\",\"https:\\\/\\\/x.com\\\/notmercedinas\",\"https:\\\/\\\/www.instagram.com\\\/noticiasmercedinas\\\/\"]},{\"@type\":\"Person\",\"@id\":\"https:\\\/\\\/noticiasmercedinas.com\\\/site\\\/#\\\/schema\\\/person\\\/8f2f09d666ef40986eba4a5e6f2a06f9\",\"name\":\"Juan Dagnino NOTICIASMERCEDINAS.COM\",\"image\":{\"@type\":\"ImageObject\",\"inLanguage\":\"es\",\"@id\":\"https:\\\/\\\/secure.gravatar.com\\\/avatar\\\/fc7059a769f5a3cae65fadb228a3e4accf3a64b4b2305020d0a27e6d5333c91b?s=96&d=mm&r=g\",\"url\":\"https:\\\/\\\/secure.gravatar.com\\\/avatar\\\/fc7059a769f5a3cae65fadb228a3e4accf3a64b4b2305020d0a27e6d5333c91b?s=96&d=mm&r=g\",\"contentUrl\":\"https:\\\/\\\/secure.gravatar.com\\\/avatar\\\/fc7059a769f5a3cae65fadb228a3e4accf3a64b4b2305020d0a27e6d5333c91b?s=96&d=mm&r=g\",\"caption\":\"Juan Dagnino NOTICIASMERCEDINAS.COM\"},\"url\":\"https:\\\/\\\/noticiasmercedinas.com\\\/site\\\/author\\\/juandagnino\\\/\"}]}<\/script>\n<!-- \/ Yoast SEO plugin. -->","yoast_head_json":{"title":"Domingo con dos carreras de Rural Bike","robots":{"index":"index","follow":"follow","max-snippet":"max-snippet:-1","max-image-preview":"max-image-preview:large","max-video-preview":"max-video-preview:-1"},"canonical":"https:\/\/noticiasmercedinas.com\/site\/2024\/12\/09\/domingo-con-dos-carreras-de-rural-bike\/","og_locale":"es_ES","og_type":"article","og_title":"Domingo con dos carreras de Rural Bike","og_description":"\u25a0 En Jun\u00edn con la Ultra Fondo y en San Pedro con la quinta edici\u00f3n hubo \u201cRuedas Gordas\u201d. La presencia mercedina se dio con varios clasificados en puestos de podios. Se viene la cuarta Vuelta a Tom\u00e1s Jofr\u00e9.","og_url":"https:\/\/noticiasmercedinas.com\/site\/2024\/12\/09\/domingo-con-dos-carreras-de-rural-bike\/","og_site_name":"NOTICIASMERCEDINAS.COM","article_publisher":"https:\/\/www.facebook.com\/noticiasmercedinas\/","article_published_time":"2024-12-09T14:45:37+00:00","og_image":[{"width":640,"height":554,"url":"https:\/\/noticiasmercedinas.com\/site\/wp-content\/uploads\/2024\/12\/rb.jpg","type":"image\/jpeg"}],"author":"Juan Dagnino NOTICIASMERCEDINAS.COM","twitter_card":"summary_large_image","twitter_creator":"@notmercedinas","twitter_site":"@notmercedinas","twitter_misc":{"Escrito por":"Juan Dagnino NOTICIASMERCEDINAS.COM","Tiempo de lectura":"1 minuto"},"schema":{"@context":"https:\/\/schema.org","@graph":[{"@type":"Article","@id":"https:\/\/noticiasmercedinas.com\/site\/2024\/12\/09\/domingo-con-dos-carreras-de-rural-bike\/#article","isPartOf":{"@id":"https:\/\/noticiasmercedinas.com\/site\/2024\/12\/09\/domingo-con-dos-carreras-de-rural-bike\/"},"author":{"name":"Juan Dagnino NOTICIASMERCEDINAS.COM","@id":"https:\/\/noticiasmercedinas.com\/site\/#\/schema\/person\/8f2f09d666ef40986eba4a5e6f2a06f9"},"headline":"Domingo con dos carreras de Rural Bike","datePublished":"2024-12-09T14:45:37+00:00","mainEntityOfPage":{"@id":"https:\/\/noticiasmercedinas.com\/site\/2024\/12\/09\/domingo-con-dos-carreras-de-rural-bike\/"},"wordCount":232,"publisher":{"@id":"https:\/\/noticiasmercedinas.com\/site\/#organization"},"image":{"@id":"https:\/\/noticiasmercedinas.com\/site\/2024\/12\/09\/domingo-con-dos-carreras-de-rural-bike\/#primaryimage"},"thumbnailUrl":"https:\/\/noticiasmercedinas.com\/site\/wp-content\/uploads\/2024\/12\/rb.jpg","keywords":["Junin","rural bike","san pedro"],"articleSection":["Deportes"],"inLanguage":"es"},{"@type":"WebPage","@id":"https:\/\/noticiasmercedinas.com\/site\/2024\/12\/09\/domingo-con-dos-carreras-de-rural-bike\/","url":"https:\/\/noticiasmercedinas.com\/site\/2024\/12\/09\/domingo-con-dos-carreras-de-rural-bike\/","name":"Domingo con dos carreras de Rural Bike","isPartOf":{"@id":"https:\/\/noticiasmercedinas.com\/site\/#website"},"primaryImageOfPage":{"@id":"https:\/\/noticiasmercedinas.com\/site\/2024\/12\/09\/domingo-con-dos-carreras-de-rural-bike\/#primaryimage"},"image":{"@id":"https:\/\/noticiasmercedinas.com\/site\/2024\/12\/09\/domingo-con-dos-carreras-de-rural-bike\/#primaryimage"},"thumbnailUrl":"https:\/\/noticiasmercedinas.com\/site\/wp-content\/uploads\/2024\/12\/rb.jpg","datePublished":"2024-12-09T14:45:37+00:00","breadcrumb":{"@id":"https:\/\/noticiasmercedinas.com\/site\/2024\/12\/09\/domingo-con-dos-carreras-de-rural-bike\/#breadcrumb"},"inLanguage":"es","potentialAction":[{"@type":"ReadAction","target":["https:\/\/noticiasmercedinas.com\/site\/2024\/12\/09\/domingo-con-dos-carreras-de-rural-bike\/"]}]},{"@type":"ImageObject","inLanguage":"es","@id":"https:\/\/noticiasmercedinas.com\/site\/2024\/12\/09\/domingo-con-dos-carreras-de-rural-bike\/#primaryimage","url":"https:\/\/noticiasmercedinas.com\/site\/wp-content\/uploads\/2024\/12\/rb.jpg","contentUrl":"https:\/\/noticiasmercedinas.com\/site\/wp-content\/uploads\/2024\/12\/rb.jpg","width":640,"height":554},{"@type":"BreadcrumbList","@id":"https:\/\/noticiasmercedinas.com\/site\/2024\/12\/09\/domingo-con-dos-carreras-de-rural-bike\/#breadcrumb","itemListElement":[{"@type":"ListItem","position":1,"name":"Portada","item":"https:\/\/noticiasmercedinas.com\/site\/"},{"@type":"ListItem","position":2,"name":"Domingo con dos carreras de Rural Bike"}]},{"@type":"WebSite","@id":"https:\/\/noticiasmercedinas.com\/site\/#website","url":"https:\/\/noticiasmercedinas.com\/site\/","name":"NOTICIASMERCEDINAS.COM","description":"Mercedes, Buenos Aires, Argentina","publisher":{"@id":"https:\/\/noticiasmercedinas.com\/site\/#organization"},"potentialAction":[{"@type":"SearchAction","target":{"@type":"EntryPoint","urlTemplate":"https:\/\/noticiasmercedinas.com\/site\/?s={search_term_string}"},"query-input":{"@type":"PropertyValueSpecification","valueRequired":true,"valueName":"search_term_string"}}],"inLanguage":"es"},{"@type":"Organization","@id":"https:\/\/noticiasmercedinas.com\/site\/#organization","name":"NOTICIASMERCEDINAS.COM","url":"https:\/\/noticiasmercedinas.com\/site\/","logo":{"@type":"ImageObject","inLanguage":"es","@id":"https:\/\/noticiasmercedinas.com\/site\/#\/schema\/logo\/image\/","url":"https:\/\/noticiasmercedinas.com\/site\/wp-content\/uploads\/2020\/06\/LOGO-512.jpg","contentUrl":"https:\/\/noticiasmercedinas.com\/site\/wp-content\/uploads\/2020\/06\/LOGO-512.jpg","width":512,"height":512,"caption":"NOTICIASMERCEDINAS.COM"},"image":{"@id":"https:\/\/noticiasmercedinas.com\/site\/#\/schema\/logo\/image\/"},"sameAs":["https:\/\/www.facebook.com\/noticiasmercedinas\/","https:\/\/x.com\/notmercedinas","https:\/\/www.instagram.com\/noticiasmercedinas\/"]},{"@type":"Person","@id":"https:\/\/noticiasmercedinas.com\/site\/#\/schema\/person\/8f2f09d666ef40986eba4a5e6f2a06f9","name":"Juan Dagnino NOTICIASMERCEDINAS.COM","image":{"@type":"ImageObject","inLanguage":"es","@id":"https:\/\/secure.gravatar.com\/avatar\/fc7059a769f5a3cae65fadb228a3e4accf3a64b4b2305020d0a27e6d5333c91b?s=96&d=mm&r=g","url":"https:\/\/secure.gravatar.com\/avatar\/fc7059a769f5a3cae65fadb228a3e4accf3a64b4b2305020d0a27e6d5333c91b?s=96&d=mm&r=g","contentUrl":"https:\/\/secure.gravatar.com\/avatar\/fc7059a769f5a3cae65fadb228a3e4accf3a64b4b2305020d0a27e6d5333c91b?s=96&d=mm&r=g","caption":"Juan Dagnino NOTICIASMERCEDINAS.COM"},"url":"https:\/\/noticiasmercedinas.com\/site\/author\/juandagnino\/"}]}},"amp_enabled":true,"_links":{"self":[{"href":"https:\/\/noticiasmercedinas.com\/site\/wp-json\/wp\/v2\/posts\/150070","targetHints":{"allow":["GET"]}}],"collection":[{"href":"https:\/\/noticiasmercedinas.com\/site\/wp-json\/wp\/v2\/posts"}],"about":[{"href":"https:\/\/noticiasmercedinas.com\/site\/wp-json\/wp\/v2\/types\/post"}],"author":[{"embeddable":true,"href":"https:\/\/noticiasmercedinas.com\/site\/wp-json\/wp\/v2\/users\/6"}],"replies":[{"embeddable":true,"href":"https:\/\/noticiasmercedinas.com\/site\/wp-json\/wp\/v2\/comments?post=150070"}],"version-history":[{"count":1,"href":"https:\/\/noticiasmercedinas.com\/site\/wp-json\/wp\/v2\/posts\/150070\/revisions"}],"predecessor-version":[{"id":150073,"href":"https:\/\/noticiasmercedinas.com\/site\/wp-json\/wp\/v2\/posts\/150070\/revisions\/150073"}],"wp:featuredmedia":[{"embeddable":true,"href":"https:\/\/noticiasmercedinas.com\/site\/wp-json\/wp\/v2\/media\/150071"}],"wp:attachment":[{"href":"https:\/\/noticiasmercedinas.com\/site\/wp-json\/wp\/v2\/media?parent=150070"}],"wp:term":[{"taxonomy":"category","embeddable":true,"href":"https:\/\/noticiasmercedinas.com\/site\/wp-json\/wp\/v2\/categories?post=150070"},{"taxonomy":"post_tag","embeddable":true,"href":"https:\/\/noticiasmercedinas.com\/site\/wp-json\/wp\/v2\/tags?post=150070"}],"curies":[{"name":"wp","href":"https:\/\/api.w.org\/{rel}","templated":true}]}}