{"id":15011,"date":"2019-03-26T08:29:11","date_gmt":"2019-03-26T11:29:11","guid":{"rendered":"https:\/\/noticiasmercedinas.com\/site\/?p=15011"},"modified":"2019-03-26T08:29:11","modified_gmt":"2019-03-26T11:29:11","slug":"centro-de-rehabilitacion-intantil-triplicara-su-espacio","status":"publish","type":"post","link":"https:\/\/noticiasmercedinas.com\/site\/2019\/03\/26\/centro-de-rehabilitacion-intantil-triplicara-su-espacio\/","title":{"rendered":"Centro de Rehabilitaci\u00f3n Intantil triplicar\u00e1 su espacio"},"content":{"rendered":"<p><img decoding=\"async\" src=\"https:\/\/noticiasmercedinas.com\/site\/wp-content\/uploads\/2019\/03\/DSC_0026-3.jpg\" alt=\"\" \/>El jefe comunal Juan Ignacio Ustarroz recorri\u00f3 las importantes obras e inversi\u00f3n municipal que se est\u00e1n llevando a cabo en lo que ser\u00e1 la nueva y ampliada sede del Centro de Rehabilitaci\u00f3n Infantil (CETIM). Este espacio ha sido reconocido por la C\u00e1mara de Diputados de la Provincia y es referencia regional en materia de derechos y atenci\u00f3n a los mercedinos.<\/p>\n<p style=\"font-weight: 400;\">Ustarroz manifest\u00f3 su satisfacci\u00f3n por los avances y coment\u00f3: \u201cEstamos muy orgullosos de todo el equipo que lleva adelante el CETIM y este proyecto que triplicar\u00e1 su espacio y ampliar\u00e1 los servicios para todos los vecinos\u201d y destac\u00f3 que \u201cgracias al compromiso, profesionalismo y el amor con el cual hacen y llevan adelante la funci\u00f3n todos los d\u00edas, podemos generar m\u00e1s dispositivos y m\u00e1s propuestas\u201d.<\/p>\n<p style=\"font-weight: 400;\">La visita la hizo junto al secretario de Salud, Pablo Cassiani, y la directora de Discapacidad, Tatiana L\u00f3pez.<\/p>\n<p style=\"font-weight: 400;\">Luego de lo que fue la firma del convenio entre el Municipio de Mercedes y la cooperadora del Hospital Blas L. Dubarry, \u00a0se vienen llevando adelante una gran cantidad de obras que significar\u00e1n un gran avance para la ciudad.<\/p>\n<p style=\"font-weight: 400;\">\u201cEl municipio le alquila este inmueble a la cooperadora del hospital Blas L. Dubarry, lo que termina siendo un c\u00edrculo virtuoso por donde uno lo mire\u201d, resalt\u00f3 Ustarroz.<\/p>\n<p style=\"font-weight: 400;\">Adem\u00e1s, el intendente Ustarroz indic\u00f3 que \u201cviendo la realidad y la necesidad de ni\u00f1os de 3 a 11 a\u00f1os, que no ten\u00edan centros de rehabilitaci\u00f3n, nos dimos cuenta que no s\u00f3lo necesitaban que cre\u00e1ramos uno, sino que adem\u00e1s lo ampli\u00e1ramos\u201d.<\/p>\n<p style=\"font-weight: 400;\">Cabe mencionar que este centro (CETIM) viene a completar el trabajo del Centro de Estimulaci\u00f3n Temprana, donde son atendidos chicos de 45 d\u00edas a 3 a\u00f1os<\/p>\n<p style=\"font-weight: 400;\">\u201cEste programa comienza a ser mirado por toda la provincia porque no hay municipios que tengan este tipo de dispositivos y para nosotros haber puesto el eje en la inclusi\u00f3n, la discapacidad y en la atenci\u00f3n de estas problem\u00e1ticas, verdaderamente es un orgullo\u201d, defini\u00f3 el intendente Ustarroz.<\/p>\n<p style=\"font-weight: 400;\">Pablo Cassiani, secretario de Salud municipal, expres\u00f3: \u201cEstamos muy pr\u00f3ximos a mudarnos a un lugar totalmente nuevo, que triplica la superficie del actual centro. Gracias a este nuevo espacio vamos a poder, junto al \u00e1rea de Discapacidad, ampliar los horarios, las ofertas y los servicios que se brindan, por ello estamos muy contentos\u201d.<\/p>\n<p style=\"font-weight: 400;\">Por su parte, Tatiana L\u00f3pez, directora de Discapacidad, se\u00f1al\u00f3: \u201cLo venimos recorriendo ya hace un tiempo, estamos felices, vi\u00e9ndolo crecer, generando m\u00e1s oportunidades. Vamos a incorporar los talleres culturales y vamos a abrir un espacio de formaci\u00f3n \u2013con actividades- para los futuros docentes y profesionales que van a trabajar con lo que es la tem\u00e1tica de la discapacidad\u201d.<\/p>\n<p style=\"font-weight: 400;\">En ese sentido, la directora ahond\u00f3 \u201ces muy importante la formaci\u00f3n porque pensamos a futuro, donde m\u00e1s all\u00e1 de mejorar la calidad de vida de los nenes, generamos estos espacios para ir optimizando a nuestros profesionales y tener m\u00e1s herramientas en lo educativo\u201d.<\/p>\n","protected":false},"excerpt":{"rendered":"<p>El jefe comunal Juan Ignacio Ustarroz recorri\u00f3 las importantes obras e inversi\u00f3n municipal que se est\u00e1n llevando a cabo en lo que ser\u00e1 la nueva y ampliada sede del Centro de Rehabilitaci\u00f3n Infantil (CETIM). Este espacio ha sido reconocido por la C\u00e1mara de Diputados de la Provincia y es referencia regional en materia de derechos [&hellip;]<\/p>\n","protected":false},"author":16,"featured_media":15012,"comment_status":"open","ping_status":"open","sticky":false,"template":"","format":"standard","meta":{"footnotes":""},"categories":[3],"tags":[4063,1274,266,144,69],"class_list":["post-15011","post","type-post","status-publish","format-standard","has-post-thumbnail","hentry","category-sociedad","tag-centro-de-estimulacion-temprana","tag-cetim","tag-juan-ignacio-ustarroz","tag-pablo-cassiani","tag-tatiana-lopez"],"yoast_head":"<!-- This site is optimized with the Yoast SEO plugin v27.4 - https:\/\/yoast.com\/product\/yoast-seo-wordpress\/ -->\n<title>Centro de Rehabilitaci\u00f3n Intantil triplicar\u00e1 su espacio<\/title>\n<meta name=\"robots\" content=\"index, follow, max-snippet:-1, max-image-preview:large, max-video-preview:-1\" \/>\n<link rel=\"canonical\" href=\"https:\/\/noticiasmercedinas.com\/site\/2019\/03\/26\/centro-de-rehabilitacion-intantil-triplicara-su-espacio\/\" \/>\n<meta property=\"og:locale\" content=\"es_ES\" \/>\n<meta property=\"og:type\" content=\"article\" \/>\n<meta property=\"og:title\" content=\"Centro de Rehabilitaci\u00f3n Intantil triplicar\u00e1 su espacio\" \/>\n<meta property=\"og:description\" content=\"El jefe comunal Juan Ignacio Ustarroz recorri\u00f3 las importantes obras e inversi\u00f3n municipal que se est\u00e1n llevando a cabo en lo que ser\u00e1 la nueva y ampliada sede del Centro de Rehabilitaci\u00f3n Infantil (CETIM). Este espacio ha sido reconocido por la C\u00e1mara de Diputados de la Provincia y es referencia regional en materia de derechos [&hellip;]\" \/>\n<meta property=\"og:url\" content=\"https:\/\/noticiasmercedinas.com\/site\/2019\/03\/26\/centro-de-rehabilitacion-intantil-triplicara-su-espacio\/\" \/>\n<meta property=\"og:site_name\" content=\"NOTICIASMERCEDINAS.COM\" \/>\n<meta property=\"article:publisher\" content=\"https:\/\/www.facebook.com\/noticiasmercedinas\/\" \/>\n<meta property=\"article:published_time\" content=\"2019-03-26T11:29:11+00:00\" \/>\n<meta property=\"og:image\" content=\"https:\/\/noticiasmercedinas.com\/site\/wp-content\/uploads\/2019\/03\/DSC_0026-3.jpg\" \/>\n\t<meta property=\"og:image:width\" content=\"864\" \/>\n\t<meta property=\"og:image:height\" content=\"576\" \/>\n\t<meta property=\"og:image:type\" content=\"image\/jpeg\" \/>\n<meta name=\"author\" content=\"NOTICIASMERCEDINAS.COM\" \/>\n<meta name=\"twitter:card\" content=\"summary_large_image\" \/>\n<meta name=\"twitter:creator\" content=\"@notmercedinas\" \/>\n<meta name=\"twitter:site\" content=\"@notmercedinas\" \/>\n<meta name=\"twitter:label1\" content=\"Escrito por\" \/>\n\t<meta name=\"twitter:data1\" content=\"NOTICIASMERCEDINAS.COM\" \/>\n\t<meta name=\"twitter:label2\" content=\"Tiempo de lectura\" \/>\n\t<meta name=\"twitter:data2\" content=\"3 minutos\" \/>\n<script type=\"application\/ld+json\" class=\"yoast-schema-graph\">{\"@context\":\"https:\\\/\\\/schema.org\",\"@graph\":[{\"@type\":\"Article\",\"@id\":\"https:\\\/\\\/noticiasmercedinas.com\\\/site\\\/2019\\\/03\\\/26\\\/centro-de-rehabilitacion-intantil-triplicara-su-espacio\\\/#article\",\"isPartOf\":{\"@id\":\"https:\\\/\\\/noticiasmercedinas.com\\\/site\\\/2019\\\/03\\\/26\\\/centro-de-rehabilitacion-intantil-triplicara-su-espacio\\\/\"},\"author\":{\"name\":\"NOTICIASMERCEDINAS.COM\",\"@id\":\"https:\\\/\\\/noticiasmercedinas.com\\\/site\\\/#\\\/schema\\\/person\\\/84b59c099c28ff2e8b77d4ceec5d8063\"},\"headline\":\"Centro de Rehabilitaci\u00f3n Intantil triplicar\u00e1 su espacio\",\"datePublished\":\"2019-03-26T11:29:11+00:00\",\"mainEntityOfPage\":{\"@id\":\"https:\\\/\\\/noticiasmercedinas.com\\\/site\\\/2019\\\/03\\\/26\\\/centro-de-rehabilitacion-intantil-triplicara-su-espacio\\\/\"},\"wordCount\":519,\"commentCount\":0,\"publisher\":{\"@id\":\"https:\\\/\\\/noticiasmercedinas.com\\\/site\\\/#organization\"},\"image\":{\"@id\":\"https:\\\/\\\/noticiasmercedinas.com\\\/site\\\/2019\\\/03\\\/26\\\/centro-de-rehabilitacion-intantil-triplicara-su-espacio\\\/#primaryimage\"},\"thumbnailUrl\":\"https:\\\/\\\/noticiasmercedinas.com\\\/site\\\/wp-content\\\/uploads\\\/2019\\\/03\\\/DSC_0026-3.jpg\",\"keywords\":[\"Centro de Estimulaci\u00f3n Temprana\",\"cetim\",\"juan ignacio ustarroz\",\"pablo cassiani\",\"tatiana lopez\"],\"articleSection\":[\"Sociedad\"],\"inLanguage\":\"es\",\"potentialAction\":[{\"@type\":\"CommentAction\",\"name\":\"Comment\",\"target\":[\"https:\\\/\\\/noticiasmercedinas.com\\\/site\\\/2019\\\/03\\\/26\\\/centro-de-rehabilitacion-intantil-triplicara-su-espacio\\\/#respond\"]}]},{\"@type\":\"WebPage\",\"@id\":\"https:\\\/\\\/noticiasmercedinas.com\\\/site\\\/2019\\\/03\\\/26\\\/centro-de-rehabilitacion-intantil-triplicara-su-espacio\\\/\",\"url\":\"https:\\\/\\\/noticiasmercedinas.com\\\/site\\\/2019\\\/03\\\/26\\\/centro-de-rehabilitacion-intantil-triplicara-su-espacio\\\/\",\"name\":\"Centro de Rehabilitaci\u00f3n Intantil triplicar\u00e1 su espacio\",\"isPartOf\":{\"@id\":\"https:\\\/\\\/noticiasmercedinas.com\\\/site\\\/#website\"},\"primaryImageOfPage\":{\"@id\":\"https:\\\/\\\/noticiasmercedinas.com\\\/site\\\/2019\\\/03\\\/26\\\/centro-de-rehabilitacion-intantil-triplicara-su-espacio\\\/#primaryimage\"},\"image\":{\"@id\":\"https:\\\/\\\/noticiasmercedinas.com\\\/site\\\/2019\\\/03\\\/26\\\/centro-de-rehabilitacion-intantil-triplicara-su-espacio\\\/#primaryimage\"},\"thumbnailUrl\":\"https:\\\/\\\/noticiasmercedinas.com\\\/site\\\/wp-content\\\/uploads\\\/2019\\\/03\\\/DSC_0026-3.jpg\",\"datePublished\":\"2019-03-26T11:29:11+00:00\",\"breadcrumb\":{\"@id\":\"https:\\\/\\\/noticiasmercedinas.com\\\/site\\\/2019\\\/03\\\/26\\\/centro-de-rehabilitacion-intantil-triplicara-su-espacio\\\/#breadcrumb\"},\"inLanguage\":\"es\",\"potentialAction\":[{\"@type\":\"ReadAction\",\"target\":[\"https:\\\/\\\/noticiasmercedinas.com\\\/site\\\/2019\\\/03\\\/26\\\/centro-de-rehabilitacion-intantil-triplicara-su-espacio\\\/\"]}]},{\"@type\":\"ImageObject\",\"inLanguage\":\"es\",\"@id\":\"https:\\\/\\\/noticiasmercedinas.com\\\/site\\\/2019\\\/03\\\/26\\\/centro-de-rehabilitacion-intantil-triplicara-su-espacio\\\/#primaryimage\",\"url\":\"https:\\\/\\\/noticiasmercedinas.com\\\/site\\\/wp-content\\\/uploads\\\/2019\\\/03\\\/DSC_0026-3.jpg\",\"contentUrl\":\"https:\\\/\\\/noticiasmercedinas.com\\\/site\\\/wp-content\\\/uploads\\\/2019\\\/03\\\/DSC_0026-3.jpg\",\"width\":864,\"height\":576},{\"@type\":\"BreadcrumbList\",\"@id\":\"https:\\\/\\\/noticiasmercedinas.com\\\/site\\\/2019\\\/03\\\/26\\\/centro-de-rehabilitacion-intantil-triplicara-su-espacio\\\/#breadcrumb\",\"itemListElement\":[{\"@type\":\"ListItem\",\"position\":1,\"name\":\"Portada\",\"item\":\"https:\\\/\\\/noticiasmercedinas.com\\\/site\\\/\"},{\"@type\":\"ListItem\",\"position\":2,\"name\":\"Centro de Rehabilitaci\u00f3n Intantil triplicar\u00e1 su espacio\"}]},{\"@type\":\"WebSite\",\"@id\":\"https:\\\/\\\/noticiasmercedinas.com\\\/site\\\/#website\",\"url\":\"https:\\\/\\\/noticiasmercedinas.com\\\/site\\\/\",\"name\":\"NOTICIASMERCEDINAS.COM\",\"description\":\"Mercedes, Buenos Aires, Argentina\",\"publisher\":{\"@id\":\"https:\\\/\\\/noticiasmercedinas.com\\\/site\\\/#organization\"},\"potentialAction\":[{\"@type\":\"SearchAction\",\"target\":{\"@type\":\"EntryPoint\",\"urlTemplate\":\"https:\\\/\\\/noticiasmercedinas.com\\\/site\\\/?s={search_term_string}\"},\"query-input\":{\"@type\":\"PropertyValueSpecification\",\"valueRequired\":true,\"valueName\":\"search_term_string\"}}],\"inLanguage\":\"es\"},{\"@type\":\"Organization\",\"@id\":\"https:\\\/\\\/noticiasmercedinas.com\\\/site\\\/#organization\",\"name\":\"NOTICIASMERCEDINAS.COM\",\"url\":\"https:\\\/\\\/noticiasmercedinas.com\\\/site\\\/\",\"logo\":{\"@type\":\"ImageObject\",\"inLanguage\":\"es\",\"@id\":\"https:\\\/\\\/noticiasmercedinas.com\\\/site\\\/#\\\/schema\\\/logo\\\/image\\\/\",\"url\":\"https:\\\/\\\/noticiasmercedinas.com\\\/site\\\/wp-content\\\/uploads\\\/2020\\\/06\\\/LOGO-512.jpg\",\"contentUrl\":\"https:\\\/\\\/noticiasmercedinas.com\\\/site\\\/wp-content\\\/uploads\\\/2020\\\/06\\\/LOGO-512.jpg\",\"width\":512,\"height\":512,\"caption\":\"NOTICIASMERCEDINAS.COM\"},\"image\":{\"@id\":\"https:\\\/\\\/noticiasmercedinas.com\\\/site\\\/#\\\/schema\\\/logo\\\/image\\\/\"},\"sameAs\":[\"https:\\\/\\\/www.facebook.com\\\/noticiasmercedinas\\\/\",\"https:\\\/\\\/x.com\\\/notmercedinas\",\"https:\\\/\\\/www.instagram.com\\\/noticiasmercedinas\\\/\"]},{\"@type\":\"Person\",\"@id\":\"https:\\\/\\\/noticiasmercedinas.com\\\/site\\\/#\\\/schema\\\/person\\\/84b59c099c28ff2e8b77d4ceec5d8063\",\"name\":\"NOTICIASMERCEDINAS.COM\",\"image\":{\"@type\":\"ImageObject\",\"inLanguage\":\"es\",\"@id\":\"https:\\\/\\\/secure.gravatar.com\\\/avatar\\\/4dfbf16b4d17945bfb6341b2d19043457132fcf478a5ee04f42e959fd8f5df0a?s=96&d=mm&r=g\",\"url\":\"https:\\\/\\\/secure.gravatar.com\\\/avatar\\\/4dfbf16b4d17945bfb6341b2d19043457132fcf478a5ee04f42e959fd8f5df0a?s=96&d=mm&r=g\",\"contentUrl\":\"https:\\\/\\\/secure.gravatar.com\\\/avatar\\\/4dfbf16b4d17945bfb6341b2d19043457132fcf478a5ee04f42e959fd8f5df0a?s=96&d=mm&r=g\",\"caption\":\"NOTICIASMERCEDINAS.COM\"},\"url\":\"https:\\\/\\\/noticiasmercedinas.com\\\/site\\\/author\\\/anonimo\\\/\"}]}<\/script>\n<!-- \/ Yoast SEO plugin. -->","yoast_head_json":{"title":"Centro de Rehabilitaci\u00f3n Intantil triplicar\u00e1 su espacio","robots":{"index":"index","follow":"follow","max-snippet":"max-snippet:-1","max-image-preview":"max-image-preview:large","max-video-preview":"max-video-preview:-1"},"canonical":"https:\/\/noticiasmercedinas.com\/site\/2019\/03\/26\/centro-de-rehabilitacion-intantil-triplicara-su-espacio\/","og_locale":"es_ES","og_type":"article","og_title":"Centro de Rehabilitaci\u00f3n Intantil triplicar\u00e1 su espacio","og_description":"El jefe comunal Juan Ignacio Ustarroz recorri\u00f3 las importantes obras e inversi\u00f3n municipal que se est\u00e1n llevando a cabo en lo que ser\u00e1 la nueva y ampliada sede del Centro de Rehabilitaci\u00f3n Infantil (CETIM). Este espacio ha sido reconocido por la C\u00e1mara de Diputados de la Provincia y es referencia regional en materia de derechos [&hellip;]","og_url":"https:\/\/noticiasmercedinas.com\/site\/2019\/03\/26\/centro-de-rehabilitacion-intantil-triplicara-su-espacio\/","og_site_name":"NOTICIASMERCEDINAS.COM","article_publisher":"https:\/\/www.facebook.com\/noticiasmercedinas\/","article_published_time":"2019-03-26T11:29:11+00:00","og_image":[{"width":864,"height":576,"url":"https:\/\/noticiasmercedinas.com\/site\/wp-content\/uploads\/2019\/03\/DSC_0026-3.jpg","type":"image\/jpeg"}],"author":"NOTICIASMERCEDINAS.COM","twitter_card":"summary_large_image","twitter_creator":"@notmercedinas","twitter_site":"@notmercedinas","twitter_misc":{"Escrito por":"NOTICIASMERCEDINAS.COM","Tiempo de lectura":"3 minutos"},"schema":{"@context":"https:\/\/schema.org","@graph":[{"@type":"Article","@id":"https:\/\/noticiasmercedinas.com\/site\/2019\/03\/26\/centro-de-rehabilitacion-intantil-triplicara-su-espacio\/#article","isPartOf":{"@id":"https:\/\/noticiasmercedinas.com\/site\/2019\/03\/26\/centro-de-rehabilitacion-intantil-triplicara-su-espacio\/"},"author":{"name":"NOTICIASMERCEDINAS.COM","@id":"https:\/\/noticiasmercedinas.com\/site\/#\/schema\/person\/84b59c099c28ff2e8b77d4ceec5d8063"},"headline":"Centro de Rehabilitaci\u00f3n Intantil triplicar\u00e1 su espacio","datePublished":"2019-03-26T11:29:11+00:00","mainEntityOfPage":{"@id":"https:\/\/noticiasmercedinas.com\/site\/2019\/03\/26\/centro-de-rehabilitacion-intantil-triplicara-su-espacio\/"},"wordCount":519,"commentCount":0,"publisher":{"@id":"https:\/\/noticiasmercedinas.com\/site\/#organization"},"image":{"@id":"https:\/\/noticiasmercedinas.com\/site\/2019\/03\/26\/centro-de-rehabilitacion-intantil-triplicara-su-espacio\/#primaryimage"},"thumbnailUrl":"https:\/\/noticiasmercedinas.com\/site\/wp-content\/uploads\/2019\/03\/DSC_0026-3.jpg","keywords":["Centro de Estimulaci\u00f3n Temprana","cetim","juan ignacio ustarroz","pablo cassiani","tatiana lopez"],"articleSection":["Sociedad"],"inLanguage":"es","potentialAction":[{"@type":"CommentAction","name":"Comment","target":["https:\/\/noticiasmercedinas.com\/site\/2019\/03\/26\/centro-de-rehabilitacion-intantil-triplicara-su-espacio\/#respond"]}]},{"@type":"WebPage","@id":"https:\/\/noticiasmercedinas.com\/site\/2019\/03\/26\/centro-de-rehabilitacion-intantil-triplicara-su-espacio\/","url":"https:\/\/noticiasmercedinas.com\/site\/2019\/03\/26\/centro-de-rehabilitacion-intantil-triplicara-su-espacio\/","name":"Centro de Rehabilitaci\u00f3n Intantil triplicar\u00e1 su espacio","isPartOf":{"@id":"https:\/\/noticiasmercedinas.com\/site\/#website"},"primaryImageOfPage":{"@id":"https:\/\/noticiasmercedinas.com\/site\/2019\/03\/26\/centro-de-rehabilitacion-intantil-triplicara-su-espacio\/#primaryimage"},"image":{"@id":"https:\/\/noticiasmercedinas.com\/site\/2019\/03\/26\/centro-de-rehabilitacion-intantil-triplicara-su-espacio\/#primaryimage"},"thumbnailUrl":"https:\/\/noticiasmercedinas.com\/site\/wp-content\/uploads\/2019\/03\/DSC_0026-3.jpg","datePublished":"2019-03-26T11:29:11+00:00","breadcrumb":{"@id":"https:\/\/noticiasmercedinas.com\/site\/2019\/03\/26\/centro-de-rehabilitacion-intantil-triplicara-su-espacio\/#breadcrumb"},"inLanguage":"es","potentialAction":[{"@type":"ReadAction","target":["https:\/\/noticiasmercedinas.com\/site\/2019\/03\/26\/centro-de-rehabilitacion-intantil-triplicara-su-espacio\/"]}]},{"@type":"ImageObject","inLanguage":"es","@id":"https:\/\/noticiasmercedinas.com\/site\/2019\/03\/26\/centro-de-rehabilitacion-intantil-triplicara-su-espacio\/#primaryimage","url":"https:\/\/noticiasmercedinas.com\/site\/wp-content\/uploads\/2019\/03\/DSC_0026-3.jpg","contentUrl":"https:\/\/noticiasmercedinas.com\/site\/wp-content\/uploads\/2019\/03\/DSC_0026-3.jpg","width":864,"height":576},{"@type":"BreadcrumbList","@id":"https:\/\/noticiasmercedinas.com\/site\/2019\/03\/26\/centro-de-rehabilitacion-intantil-triplicara-su-espacio\/#breadcrumb","itemListElement":[{"@type":"ListItem","position":1,"name":"Portada","item":"https:\/\/noticiasmercedinas.com\/site\/"},{"@type":"ListItem","position":2,"name":"Centro de Rehabilitaci\u00f3n Intantil triplicar\u00e1 su espacio"}]},{"@type":"WebSite","@id":"https:\/\/noticiasmercedinas.com\/site\/#website","url":"https:\/\/noticiasmercedinas.com\/site\/","name":"NOTICIASMERCEDINAS.COM","description":"Mercedes, Buenos Aires, Argentina","publisher":{"@id":"https:\/\/noticiasmercedinas.com\/site\/#organization"},"potentialAction":[{"@type":"SearchAction","target":{"@type":"EntryPoint","urlTemplate":"https:\/\/noticiasmercedinas.com\/site\/?s={search_term_string}"},"query-input":{"@type":"PropertyValueSpecification","valueRequired":true,"valueName":"search_term_string"}}],"inLanguage":"es"},{"@type":"Organization","@id":"https:\/\/noticiasmercedinas.com\/site\/#organization","name":"NOTICIASMERCEDINAS.COM","url":"https:\/\/noticiasmercedinas.com\/site\/","logo":{"@type":"ImageObject","inLanguage":"es","@id":"https:\/\/noticiasmercedinas.com\/site\/#\/schema\/logo\/image\/","url":"https:\/\/noticiasmercedinas.com\/site\/wp-content\/uploads\/2020\/06\/LOGO-512.jpg","contentUrl":"https:\/\/noticiasmercedinas.com\/site\/wp-content\/uploads\/2020\/06\/LOGO-512.jpg","width":512,"height":512,"caption":"NOTICIASMERCEDINAS.COM"},"image":{"@id":"https:\/\/noticiasmercedinas.com\/site\/#\/schema\/logo\/image\/"},"sameAs":["https:\/\/www.facebook.com\/noticiasmercedinas\/","https:\/\/x.com\/notmercedinas","https:\/\/www.instagram.com\/noticiasmercedinas\/"]},{"@type":"Person","@id":"https:\/\/noticiasmercedinas.com\/site\/#\/schema\/person\/84b59c099c28ff2e8b77d4ceec5d8063","name":"NOTICIASMERCEDINAS.COM","image":{"@type":"ImageObject","inLanguage":"es","@id":"https:\/\/secure.gravatar.com\/avatar\/4dfbf16b4d17945bfb6341b2d19043457132fcf478a5ee04f42e959fd8f5df0a?s=96&d=mm&r=g","url":"https:\/\/secure.gravatar.com\/avatar\/4dfbf16b4d17945bfb6341b2d19043457132fcf478a5ee04f42e959fd8f5df0a?s=96&d=mm&r=g","contentUrl":"https:\/\/secure.gravatar.com\/avatar\/4dfbf16b4d17945bfb6341b2d19043457132fcf478a5ee04f42e959fd8f5df0a?s=96&d=mm&r=g","caption":"NOTICIASMERCEDINAS.COM"},"url":"https:\/\/noticiasmercedinas.com\/site\/author\/anonimo\/"}]}},"amp_enabled":true,"_links":{"self":[{"href":"https:\/\/noticiasmercedinas.com\/site\/wp-json\/wp\/v2\/posts\/15011","targetHints":{"allow":["GET"]}}],"collection":[{"href":"https:\/\/noticiasmercedinas.com\/site\/wp-json\/wp\/v2\/posts"}],"about":[{"href":"https:\/\/noticiasmercedinas.com\/site\/wp-json\/wp\/v2\/types\/post"}],"author":[{"embeddable":true,"href":"https:\/\/noticiasmercedinas.com\/site\/wp-json\/wp\/v2\/users\/16"}],"replies":[{"embeddable":true,"href":"https:\/\/noticiasmercedinas.com\/site\/wp-json\/wp\/v2\/comments?post=15011"}],"version-history":[{"count":1,"href":"https:\/\/noticiasmercedinas.com\/site\/wp-json\/wp\/v2\/posts\/15011\/revisions"}],"predecessor-version":[{"id":15013,"href":"https:\/\/noticiasmercedinas.com\/site\/wp-json\/wp\/v2\/posts\/15011\/revisions\/15013"}],"wp:featuredmedia":[{"embeddable":true,"href":"https:\/\/noticiasmercedinas.com\/site\/wp-json\/wp\/v2\/media\/15012"}],"wp:attachment":[{"href":"https:\/\/noticiasmercedinas.com\/site\/wp-json\/wp\/v2\/media?parent=15011"}],"wp:term":[{"taxonomy":"category","embeddable":true,"href":"https:\/\/noticiasmercedinas.com\/site\/wp-json\/wp\/v2\/categories?post=15011"},{"taxonomy":"post_tag","embeddable":true,"href":"https:\/\/noticiasmercedinas.com\/site\/wp-json\/wp\/v2\/tags?post=15011"}],"curies":[{"name":"wp","href":"https:\/\/api.w.org\/{rel}","templated":true}]}}