{"id":150194,"date":"2024-12-10T20:17:56","date_gmt":"2024-12-10T23:17:56","guid":{"rendered":"https:\/\/noticiasmercedinas.com\/site\/?p=150194"},"modified":"2024-12-10T20:17:56","modified_gmt":"2024-12-10T23:17:56","slug":"festival-solidario-en-la-trocha-todos-x-marti-este-domingo-desde-las-18","status":"publish","type":"post","link":"https:\/\/noticiasmercedinas.com\/site\/2024\/12\/10\/festival-solidario-en-la-trocha-todos-x-marti-este-domingo-desde-las-18\/","title":{"rendered":"Festival solidario en La Trocha: \u201cTodos x Marti\u201d este domingo desde las 18"},"content":{"rendered":"<p><img loading=\"lazy\" decoding=\"async\" class=\"alignnone size-full wp-image-139451\" src=\"https:\/\/noticiasmercedinas.com\/site\/wp-content\/uploads\/2024\/07\/POLILLAS.jpg\" alt=\"\" width=\"702\" height=\"405\" srcset=\"https:\/\/noticiasmercedinas.com\/site\/wp-content\/uploads\/2024\/07\/POLILLAS.jpg 702w, https:\/\/noticiasmercedinas.com\/site\/wp-content\/uploads\/2024\/07\/POLILLAS-300x173.jpg 300w, https:\/\/noticiasmercedinas.com\/site\/wp-content\/uploads\/2024\/07\/POLILLAS-640x369.jpg 640w, https:\/\/noticiasmercedinas.com\/site\/wp-content\/uploads\/2024\/07\/POLILLAS-681x393.jpg 681w\" sizes=\"auto, (max-width: 702px) 100vw, 702px\" \/><\/p>\n<p>Este domingo 15 de diciembre, la comunidad se reunir\u00e1 en un evento solidario para apoyar la causa de Marti, un peque\u00f1o que se recupera de un grave accidente, en el marco del festival \u00abTodos x Marti\u00bb.<\/p>\n<p>La jornada comenzar\u00e1 a las 18 en el Complejo Cultural La Trocha y promete actividades para toda la familia.<\/p>\n<p>El festival contar\u00e1 con servicio de cantina, stands de productos dulces, sorteos, y otras propuestas para quienes asistan.<\/p>\n<p>Adem\u00e1s, desde las 19, habr\u00e1 m\u00fasica en vivo con las presentaciones de Menta &amp; Lim\u00f3n, Polillas de Poli\u00e9ster y Las Pistolas de Warhol, asegurando una noche llena de ritmo y entretenimiento.<\/p>\n<p><strong>Entradas y puntos de venta<\/strong><\/p>\n<p>Las entradas anticipadas pueden adquirirse en:<\/p>\n<ul>\n<li>Vasco Hogar, calle 24 entre 11 y 13.<\/li>\n<li>Colegio Santa Mar\u00eda, en calle 3 y 38 (administraci\u00f3n).<\/li>\n<li>Vidrier\u00eda Los Tilos, calle 11 entre 2 y 102.<\/li>\n<\/ul>\n<blockquote><p>La solidaridad de todos es fundamental para ayudar en este tratamiento que requiere tiempo y recursos.<\/p><\/blockquote>\n<p><strong>Agradecimiento a los colaboradores<br \/>\n<\/strong>La organizaci\u00f3n agradeci\u00f3 a los numerosos comercios y personas que donaron regalos para los sorteos, entre ellos: La Catedral, Perfumer\u00eda Valeria Mart\u00edn, \u00d3ptica Smith, Mundo Beb\u00e9, Uma, Now Sport, Perfumer\u00eda Al\u00fa, Peperina, Emotiva y muchos m\u00e1s.<\/p>\n<p>Para quienes deseen apoyar la causa pero no puedan participar del evento, es posible colaborar mediante transferencia bancaria al alias danielaconte84 (Banco Provincia). Cabe aclarar que esta cuenta no se utiliza para la venta de entradas.<\/p>\n<p>El festival \u00abTodos x Marti\u00bb invita a toda la comunidad a sumarse, ya sea asistiendo o colaborando a la distancia.<\/p>\n<p>La solidaridad de todos es fundamental para ayudar en este tratamiento que requiere tiempo y recursos.<\/p>\n<p><img loading=\"lazy\" decoding=\"async\" class=\"alignnone size-full wp-image-150195\" src=\"https:\/\/noticiasmercedinas.com\/site\/wp-content\/uploads\/2024\/12\/93f1bc89-1850-4623-8881-e8941f0c0d9a.jpg\" alt=\"\" width=\"720\" height=\"1280\" srcset=\"https:\/\/noticiasmercedinas.com\/site\/wp-content\/uploads\/2024\/12\/93f1bc89-1850-4623-8881-e8941f0c0d9a.jpg 720w, https:\/\/noticiasmercedinas.com\/site\/wp-content\/uploads\/2024\/12\/93f1bc89-1850-4623-8881-e8941f0c0d9a-169x300.jpg 169w, https:\/\/noticiasmercedinas.com\/site\/wp-content\/uploads\/2024\/12\/93f1bc89-1850-4623-8881-e8941f0c0d9a-576x1024.jpg 576w, https:\/\/noticiasmercedinas.com\/site\/wp-content\/uploads\/2024\/12\/93f1bc89-1850-4623-8881-e8941f0c0d9a-640x1138.jpg 640w, https:\/\/noticiasmercedinas.com\/site\/wp-content\/uploads\/2024\/12\/93f1bc89-1850-4623-8881-e8941f0c0d9a-681x1211.jpg 681w\" sizes=\"auto, (max-width: 720px) 100vw, 720px\" \/><\/p>\n","protected":false},"excerpt":{"rendered":"<p>\u25a0 Habr\u00e1 servicio de cantina, stands de productos dulces, sorteos, y otras propuestas. Adem\u00e1s, m\u00fasica en vivo con las presentaciones de Menta &#038; Lim\u00f3n, Polillas de Poli\u00e9ster y Las Pistolas de Warhol.<\/p>\n","protected":false},"author":16,"featured_media":139451,"comment_status":"closed","ping_status":"closed","sticky":false,"template":"","format":"standard","meta":{"footnotes":""},"categories":[4],"tags":[846,1057,3158,3420,19330],"class_list":["post-150194","post","type-post","status-publish","format-standard","has-post-thumbnail","hentry","category-cultura","tag-festival","tag-la-trocha","tag-las-polillas-de-poliester","tag-menta-y-limon","tag-todos-por-marti"],"yoast_head":"<!-- This site is optimized with the Yoast SEO plugin v27.5 - https:\/\/yoast.com\/product\/yoast-seo-wordpress\/ -->\n<title>Festival solidario en La Trocha: \u201cTodos x Marti\u201d este domingo desde las 18<\/title>\n<meta name=\"robots\" content=\"index, follow, max-snippet:-1, max-image-preview:large, max-video-preview:-1\" \/>\n<link rel=\"canonical\" href=\"https:\/\/noticiasmercedinas.com\/site\/2024\/12\/10\/festival-solidario-en-la-trocha-todos-x-marti-este-domingo-desde-las-18\/\" \/>\n<meta property=\"og:locale\" content=\"es_ES\" \/>\n<meta property=\"og:type\" content=\"article\" \/>\n<meta property=\"og:title\" content=\"Festival solidario en La Trocha: \u201cTodos x Marti\u201d este domingo desde las 18\" \/>\n<meta property=\"og:description\" content=\"\u25a0 Habr\u00e1 servicio de cantina, stands de productos dulces, sorteos, y otras propuestas. Adem\u00e1s, m\u00fasica en vivo con las presentaciones de Menta &amp; Lim\u00f3n, Polillas de Poli\u00e9ster y Las Pistolas de Warhol.\" \/>\n<meta property=\"og:url\" content=\"https:\/\/noticiasmercedinas.com\/site\/2024\/12\/10\/festival-solidario-en-la-trocha-todos-x-marti-este-domingo-desde-las-18\/\" \/>\n<meta property=\"og:site_name\" content=\"NOTICIASMERCEDINAS.COM\" \/>\n<meta property=\"article:publisher\" content=\"https:\/\/www.facebook.com\/noticiasmercedinas\/\" \/>\n<meta property=\"article:published_time\" content=\"2024-12-10T23:17:56+00:00\" \/>\n<meta property=\"og:image\" content=\"https:\/\/noticiasmercedinas.com\/site\/wp-content\/uploads\/2024\/07\/POLILLAS.jpg\" \/>\n\t<meta property=\"og:image:width\" content=\"702\" \/>\n\t<meta property=\"og:image:height\" content=\"405\" \/>\n\t<meta property=\"og:image:type\" content=\"image\/jpeg\" \/>\n<meta name=\"author\" content=\"NOTICIASMERCEDINAS.COM\" \/>\n<meta name=\"twitter:card\" content=\"summary_large_image\" \/>\n<meta name=\"twitter:creator\" content=\"@notmercedinas\" \/>\n<meta name=\"twitter:site\" content=\"@notmercedinas\" \/>\n<meta name=\"twitter:label1\" content=\"Escrito por\" \/>\n\t<meta name=\"twitter:data1\" content=\"NOTICIASMERCEDINAS.COM\" \/>\n\t<meta name=\"twitter:label2\" content=\"Tiempo de lectura\" \/>\n\t<meta name=\"twitter:data2\" content=\"1 minuto\" \/>\n<script type=\"application\/ld+json\" class=\"yoast-schema-graph\">{\"@context\":\"https:\\\/\\\/schema.org\",\"@graph\":[{\"@type\":\"Article\",\"@id\":\"https:\\\/\\\/noticiasmercedinas.com\\\/site\\\/2024\\\/12\\\/10\\\/festival-solidario-en-la-trocha-todos-x-marti-este-domingo-desde-las-18\\\/#article\",\"isPartOf\":{\"@id\":\"https:\\\/\\\/noticiasmercedinas.com\\\/site\\\/2024\\\/12\\\/10\\\/festival-solidario-en-la-trocha-todos-x-marti-este-domingo-desde-las-18\\\/\"},\"author\":{\"name\":\"NOTICIASMERCEDINAS.COM\",\"@id\":\"https:\\\/\\\/noticiasmercedinas.com\\\/site\\\/#\\\/schema\\\/person\\\/84b59c099c28ff2e8b77d4ceec5d8063\"},\"headline\":\"Festival solidario en La Trocha: \u201cTodos x Marti\u201d este domingo desde las 18\",\"datePublished\":\"2024-12-10T23:17:56+00:00\",\"mainEntityOfPage\":{\"@id\":\"https:\\\/\\\/noticiasmercedinas.com\\\/site\\\/2024\\\/12\\\/10\\\/festival-solidario-en-la-trocha-todos-x-marti-este-domingo-desde-las-18\\\/\"},\"wordCount\":283,\"publisher\":{\"@id\":\"https:\\\/\\\/noticiasmercedinas.com\\\/site\\\/#organization\"},\"image\":{\"@id\":\"https:\\\/\\\/noticiasmercedinas.com\\\/site\\\/2024\\\/12\\\/10\\\/festival-solidario-en-la-trocha-todos-x-marti-este-domingo-desde-las-18\\\/#primaryimage\"},\"thumbnailUrl\":\"https:\\\/\\\/noticiasmercedinas.com\\\/site\\\/wp-content\\\/uploads\\\/2024\\\/07\\\/POLILLAS.jpg\",\"keywords\":[\"festival\",\"la trocha\",\"las polillas de poliester\",\"menta y limon\",\"todos por marti\"],\"articleSection\":[\"Cultura\"],\"inLanguage\":\"es\"},{\"@type\":\"WebPage\",\"@id\":\"https:\\\/\\\/noticiasmercedinas.com\\\/site\\\/2024\\\/12\\\/10\\\/festival-solidario-en-la-trocha-todos-x-marti-este-domingo-desde-las-18\\\/\",\"url\":\"https:\\\/\\\/noticiasmercedinas.com\\\/site\\\/2024\\\/12\\\/10\\\/festival-solidario-en-la-trocha-todos-x-marti-este-domingo-desde-las-18\\\/\",\"name\":\"Festival solidario en La Trocha: \u201cTodos x Marti\u201d este domingo desde las 18\",\"isPartOf\":{\"@id\":\"https:\\\/\\\/noticiasmercedinas.com\\\/site\\\/#website\"},\"primaryImageOfPage\":{\"@id\":\"https:\\\/\\\/noticiasmercedinas.com\\\/site\\\/2024\\\/12\\\/10\\\/festival-solidario-en-la-trocha-todos-x-marti-este-domingo-desde-las-18\\\/#primaryimage\"},\"image\":{\"@id\":\"https:\\\/\\\/noticiasmercedinas.com\\\/site\\\/2024\\\/12\\\/10\\\/festival-solidario-en-la-trocha-todos-x-marti-este-domingo-desde-las-18\\\/#primaryimage\"},\"thumbnailUrl\":\"https:\\\/\\\/noticiasmercedinas.com\\\/site\\\/wp-content\\\/uploads\\\/2024\\\/07\\\/POLILLAS.jpg\",\"datePublished\":\"2024-12-10T23:17:56+00:00\",\"breadcrumb\":{\"@id\":\"https:\\\/\\\/noticiasmercedinas.com\\\/site\\\/2024\\\/12\\\/10\\\/festival-solidario-en-la-trocha-todos-x-marti-este-domingo-desde-las-18\\\/#breadcrumb\"},\"inLanguage\":\"es\",\"potentialAction\":[{\"@type\":\"ReadAction\",\"target\":[\"https:\\\/\\\/noticiasmercedinas.com\\\/site\\\/2024\\\/12\\\/10\\\/festival-solidario-en-la-trocha-todos-x-marti-este-domingo-desde-las-18\\\/\"]}]},{\"@type\":\"ImageObject\",\"inLanguage\":\"es\",\"@id\":\"https:\\\/\\\/noticiasmercedinas.com\\\/site\\\/2024\\\/12\\\/10\\\/festival-solidario-en-la-trocha-todos-x-marti-este-domingo-desde-las-18\\\/#primaryimage\",\"url\":\"https:\\\/\\\/noticiasmercedinas.com\\\/site\\\/wp-content\\\/uploads\\\/2024\\\/07\\\/POLILLAS.jpg\",\"contentUrl\":\"https:\\\/\\\/noticiasmercedinas.com\\\/site\\\/wp-content\\\/uploads\\\/2024\\\/07\\\/POLILLAS.jpg\",\"width\":702,\"height\":405},{\"@type\":\"BreadcrumbList\",\"@id\":\"https:\\\/\\\/noticiasmercedinas.com\\\/site\\\/2024\\\/12\\\/10\\\/festival-solidario-en-la-trocha-todos-x-marti-este-domingo-desde-las-18\\\/#breadcrumb\",\"itemListElement\":[{\"@type\":\"ListItem\",\"position\":1,\"name\":\"Portada\",\"item\":\"https:\\\/\\\/noticiasmercedinas.com\\\/site\\\/\"},{\"@type\":\"ListItem\",\"position\":2,\"name\":\"Festival solidario en La Trocha: \u201cTodos x Marti\u201d este domingo desde las 18\"}]},{\"@type\":\"WebSite\",\"@id\":\"https:\\\/\\\/noticiasmercedinas.com\\\/site\\\/#website\",\"url\":\"https:\\\/\\\/noticiasmercedinas.com\\\/site\\\/\",\"name\":\"NOTICIASMERCEDINAS.COM\",\"description\":\"Mercedes, Buenos Aires, Argentina\",\"publisher\":{\"@id\":\"https:\\\/\\\/noticiasmercedinas.com\\\/site\\\/#organization\"},\"potentialAction\":[{\"@type\":\"SearchAction\",\"target\":{\"@type\":\"EntryPoint\",\"urlTemplate\":\"https:\\\/\\\/noticiasmercedinas.com\\\/site\\\/?s={search_term_string}\"},\"query-input\":{\"@type\":\"PropertyValueSpecification\",\"valueRequired\":true,\"valueName\":\"search_term_string\"}}],\"inLanguage\":\"es\"},{\"@type\":\"Organization\",\"@id\":\"https:\\\/\\\/noticiasmercedinas.com\\\/site\\\/#organization\",\"name\":\"NOTICIASMERCEDINAS.COM\",\"url\":\"https:\\\/\\\/noticiasmercedinas.com\\\/site\\\/\",\"logo\":{\"@type\":\"ImageObject\",\"inLanguage\":\"es\",\"@id\":\"https:\\\/\\\/noticiasmercedinas.com\\\/site\\\/#\\\/schema\\\/logo\\\/image\\\/\",\"url\":\"https:\\\/\\\/noticiasmercedinas.com\\\/site\\\/wp-content\\\/uploads\\\/2020\\\/06\\\/LOGO-512.jpg\",\"contentUrl\":\"https:\\\/\\\/noticiasmercedinas.com\\\/site\\\/wp-content\\\/uploads\\\/2020\\\/06\\\/LOGO-512.jpg\",\"width\":512,\"height\":512,\"caption\":\"NOTICIASMERCEDINAS.COM\"},\"image\":{\"@id\":\"https:\\\/\\\/noticiasmercedinas.com\\\/site\\\/#\\\/schema\\\/logo\\\/image\\\/\"},\"sameAs\":[\"https:\\\/\\\/www.facebook.com\\\/noticiasmercedinas\\\/\",\"https:\\\/\\\/x.com\\\/notmercedinas\",\"https:\\\/\\\/www.instagram.com\\\/noticiasmercedinas\\\/\"]},{\"@type\":\"Person\",\"@id\":\"https:\\\/\\\/noticiasmercedinas.com\\\/site\\\/#\\\/schema\\\/person\\\/84b59c099c28ff2e8b77d4ceec5d8063\",\"name\":\"NOTICIASMERCEDINAS.COM\",\"image\":{\"@type\":\"ImageObject\",\"inLanguage\":\"es\",\"@id\":\"https:\\\/\\\/secure.gravatar.com\\\/avatar\\\/4dfbf16b4d17945bfb6341b2d19043457132fcf478a5ee04f42e959fd8f5df0a?s=96&d=mm&r=g\",\"url\":\"https:\\\/\\\/secure.gravatar.com\\\/avatar\\\/4dfbf16b4d17945bfb6341b2d19043457132fcf478a5ee04f42e959fd8f5df0a?s=96&d=mm&r=g\",\"contentUrl\":\"https:\\\/\\\/secure.gravatar.com\\\/avatar\\\/4dfbf16b4d17945bfb6341b2d19043457132fcf478a5ee04f42e959fd8f5df0a?s=96&d=mm&r=g\",\"caption\":\"NOTICIASMERCEDINAS.COM\"},\"url\":\"https:\\\/\\\/noticiasmercedinas.com\\\/site\\\/author\\\/anonimo\\\/\"}]}<\/script>\n<!-- \/ Yoast SEO plugin. -->","yoast_head_json":{"title":"Festival solidario en La Trocha: \u201cTodos x Marti\u201d este domingo desde las 18","robots":{"index":"index","follow":"follow","max-snippet":"max-snippet:-1","max-image-preview":"max-image-preview:large","max-video-preview":"max-video-preview:-1"},"canonical":"https:\/\/noticiasmercedinas.com\/site\/2024\/12\/10\/festival-solidario-en-la-trocha-todos-x-marti-este-domingo-desde-las-18\/","og_locale":"es_ES","og_type":"article","og_title":"Festival solidario en La Trocha: \u201cTodos x Marti\u201d este domingo desde las 18","og_description":"\u25a0 Habr\u00e1 servicio de cantina, stands de productos dulces, sorteos, y otras propuestas. Adem\u00e1s, m\u00fasica en vivo con las presentaciones de Menta & Lim\u00f3n, Polillas de Poli\u00e9ster y Las Pistolas de Warhol.","og_url":"https:\/\/noticiasmercedinas.com\/site\/2024\/12\/10\/festival-solidario-en-la-trocha-todos-x-marti-este-domingo-desde-las-18\/","og_site_name":"NOTICIASMERCEDINAS.COM","article_publisher":"https:\/\/www.facebook.com\/noticiasmercedinas\/","article_published_time":"2024-12-10T23:17:56+00:00","og_image":[{"width":702,"height":405,"url":"https:\/\/noticiasmercedinas.com\/site\/wp-content\/uploads\/2024\/07\/POLILLAS.jpg","type":"image\/jpeg"}],"author":"NOTICIASMERCEDINAS.COM","twitter_card":"summary_large_image","twitter_creator":"@notmercedinas","twitter_site":"@notmercedinas","twitter_misc":{"Escrito por":"NOTICIASMERCEDINAS.COM","Tiempo de lectura":"1 minuto"},"schema":{"@context":"https:\/\/schema.org","@graph":[{"@type":"Article","@id":"https:\/\/noticiasmercedinas.com\/site\/2024\/12\/10\/festival-solidario-en-la-trocha-todos-x-marti-este-domingo-desde-las-18\/#article","isPartOf":{"@id":"https:\/\/noticiasmercedinas.com\/site\/2024\/12\/10\/festival-solidario-en-la-trocha-todos-x-marti-este-domingo-desde-las-18\/"},"author":{"name":"NOTICIASMERCEDINAS.COM","@id":"https:\/\/noticiasmercedinas.com\/site\/#\/schema\/person\/84b59c099c28ff2e8b77d4ceec5d8063"},"headline":"Festival solidario en La Trocha: \u201cTodos x Marti\u201d este domingo desde las 18","datePublished":"2024-12-10T23:17:56+00:00","mainEntityOfPage":{"@id":"https:\/\/noticiasmercedinas.com\/site\/2024\/12\/10\/festival-solidario-en-la-trocha-todos-x-marti-este-domingo-desde-las-18\/"},"wordCount":283,"publisher":{"@id":"https:\/\/noticiasmercedinas.com\/site\/#organization"},"image":{"@id":"https:\/\/noticiasmercedinas.com\/site\/2024\/12\/10\/festival-solidario-en-la-trocha-todos-x-marti-este-domingo-desde-las-18\/#primaryimage"},"thumbnailUrl":"https:\/\/noticiasmercedinas.com\/site\/wp-content\/uploads\/2024\/07\/POLILLAS.jpg","keywords":["festival","la trocha","las polillas de poliester","menta y limon","todos por marti"],"articleSection":["Cultura"],"inLanguage":"es"},{"@type":"WebPage","@id":"https:\/\/noticiasmercedinas.com\/site\/2024\/12\/10\/festival-solidario-en-la-trocha-todos-x-marti-este-domingo-desde-las-18\/","url":"https:\/\/noticiasmercedinas.com\/site\/2024\/12\/10\/festival-solidario-en-la-trocha-todos-x-marti-este-domingo-desde-las-18\/","name":"Festival solidario en La Trocha: \u201cTodos x Marti\u201d este domingo desde las 18","isPartOf":{"@id":"https:\/\/noticiasmercedinas.com\/site\/#website"},"primaryImageOfPage":{"@id":"https:\/\/noticiasmercedinas.com\/site\/2024\/12\/10\/festival-solidario-en-la-trocha-todos-x-marti-este-domingo-desde-las-18\/#primaryimage"},"image":{"@id":"https:\/\/noticiasmercedinas.com\/site\/2024\/12\/10\/festival-solidario-en-la-trocha-todos-x-marti-este-domingo-desde-las-18\/#primaryimage"},"thumbnailUrl":"https:\/\/noticiasmercedinas.com\/site\/wp-content\/uploads\/2024\/07\/POLILLAS.jpg","datePublished":"2024-12-10T23:17:56+00:00","breadcrumb":{"@id":"https:\/\/noticiasmercedinas.com\/site\/2024\/12\/10\/festival-solidario-en-la-trocha-todos-x-marti-este-domingo-desde-las-18\/#breadcrumb"},"inLanguage":"es","potentialAction":[{"@type":"ReadAction","target":["https:\/\/noticiasmercedinas.com\/site\/2024\/12\/10\/festival-solidario-en-la-trocha-todos-x-marti-este-domingo-desde-las-18\/"]}]},{"@type":"ImageObject","inLanguage":"es","@id":"https:\/\/noticiasmercedinas.com\/site\/2024\/12\/10\/festival-solidario-en-la-trocha-todos-x-marti-este-domingo-desde-las-18\/#primaryimage","url":"https:\/\/noticiasmercedinas.com\/site\/wp-content\/uploads\/2024\/07\/POLILLAS.jpg","contentUrl":"https:\/\/noticiasmercedinas.com\/site\/wp-content\/uploads\/2024\/07\/POLILLAS.jpg","width":702,"height":405},{"@type":"BreadcrumbList","@id":"https:\/\/noticiasmercedinas.com\/site\/2024\/12\/10\/festival-solidario-en-la-trocha-todos-x-marti-este-domingo-desde-las-18\/#breadcrumb","itemListElement":[{"@type":"ListItem","position":1,"name":"Portada","item":"https:\/\/noticiasmercedinas.com\/site\/"},{"@type":"ListItem","position":2,"name":"Festival solidario en La Trocha: \u201cTodos x Marti\u201d este domingo desde las 18"}]},{"@type":"WebSite","@id":"https:\/\/noticiasmercedinas.com\/site\/#website","url":"https:\/\/noticiasmercedinas.com\/site\/","name":"NOTICIASMERCEDINAS.COM","description":"Mercedes, Buenos Aires, Argentina","publisher":{"@id":"https:\/\/noticiasmercedinas.com\/site\/#organization"},"potentialAction":[{"@type":"SearchAction","target":{"@type":"EntryPoint","urlTemplate":"https:\/\/noticiasmercedinas.com\/site\/?s={search_term_string}"},"query-input":{"@type":"PropertyValueSpecification","valueRequired":true,"valueName":"search_term_string"}}],"inLanguage":"es"},{"@type":"Organization","@id":"https:\/\/noticiasmercedinas.com\/site\/#organization","name":"NOTICIASMERCEDINAS.COM","url":"https:\/\/noticiasmercedinas.com\/site\/","logo":{"@type":"ImageObject","inLanguage":"es","@id":"https:\/\/noticiasmercedinas.com\/site\/#\/schema\/logo\/image\/","url":"https:\/\/noticiasmercedinas.com\/site\/wp-content\/uploads\/2020\/06\/LOGO-512.jpg","contentUrl":"https:\/\/noticiasmercedinas.com\/site\/wp-content\/uploads\/2020\/06\/LOGO-512.jpg","width":512,"height":512,"caption":"NOTICIASMERCEDINAS.COM"},"image":{"@id":"https:\/\/noticiasmercedinas.com\/site\/#\/schema\/logo\/image\/"},"sameAs":["https:\/\/www.facebook.com\/noticiasmercedinas\/","https:\/\/x.com\/notmercedinas","https:\/\/www.instagram.com\/noticiasmercedinas\/"]},{"@type":"Person","@id":"https:\/\/noticiasmercedinas.com\/site\/#\/schema\/person\/84b59c099c28ff2e8b77d4ceec5d8063","name":"NOTICIASMERCEDINAS.COM","image":{"@type":"ImageObject","inLanguage":"es","@id":"https:\/\/secure.gravatar.com\/avatar\/4dfbf16b4d17945bfb6341b2d19043457132fcf478a5ee04f42e959fd8f5df0a?s=96&d=mm&r=g","url":"https:\/\/secure.gravatar.com\/avatar\/4dfbf16b4d17945bfb6341b2d19043457132fcf478a5ee04f42e959fd8f5df0a?s=96&d=mm&r=g","contentUrl":"https:\/\/secure.gravatar.com\/avatar\/4dfbf16b4d17945bfb6341b2d19043457132fcf478a5ee04f42e959fd8f5df0a?s=96&d=mm&r=g","caption":"NOTICIASMERCEDINAS.COM"},"url":"https:\/\/noticiasmercedinas.com\/site\/author\/anonimo\/"}]}},"amp_enabled":true,"_links":{"self":[{"href":"https:\/\/noticiasmercedinas.com\/site\/wp-json\/wp\/v2\/posts\/150194","targetHints":{"allow":["GET"]}}],"collection":[{"href":"https:\/\/noticiasmercedinas.com\/site\/wp-json\/wp\/v2\/posts"}],"about":[{"href":"https:\/\/noticiasmercedinas.com\/site\/wp-json\/wp\/v2\/types\/post"}],"author":[{"embeddable":true,"href":"https:\/\/noticiasmercedinas.com\/site\/wp-json\/wp\/v2\/users\/16"}],"replies":[{"embeddable":true,"href":"https:\/\/noticiasmercedinas.com\/site\/wp-json\/wp\/v2\/comments?post=150194"}],"version-history":[{"count":1,"href":"https:\/\/noticiasmercedinas.com\/site\/wp-json\/wp\/v2\/posts\/150194\/revisions"}],"predecessor-version":[{"id":150196,"href":"https:\/\/noticiasmercedinas.com\/site\/wp-json\/wp\/v2\/posts\/150194\/revisions\/150196"}],"wp:featuredmedia":[{"embeddable":true,"href":"https:\/\/noticiasmercedinas.com\/site\/wp-json\/wp\/v2\/media\/139451"}],"wp:attachment":[{"href":"https:\/\/noticiasmercedinas.com\/site\/wp-json\/wp\/v2\/media?parent=150194"}],"wp:term":[{"taxonomy":"category","embeddable":true,"href":"https:\/\/noticiasmercedinas.com\/site\/wp-json\/wp\/v2\/categories?post=150194"},{"taxonomy":"post_tag","embeddable":true,"href":"https:\/\/noticiasmercedinas.com\/site\/wp-json\/wp\/v2\/tags?post=150194"}],"curies":[{"name":"wp","href":"https:\/\/api.w.org\/{rel}","templated":true}]}}