{"id":150391,"date":"2024-12-13T10:32:11","date_gmt":"2024-12-13T13:32:11","guid":{"rendered":"https:\/\/noticiasmercedinas.com\/site\/?p=150391"},"modified":"2024-12-13T10:32:11","modified_gmt":"2024-12-13T13:32:11","slug":"influenza-aviar-medidas-sanitarias-para-prevenir-su-ingreso-en-granjas-comerciales","status":"publish","type":"post","link":"https:\/\/noticiasmercedinas.com\/site\/2024\/12\/13\/influenza-aviar-medidas-sanitarias-para-prevenir-su-ingreso-en-granjas-comerciales\/","title":{"rendered":"Influenza aviar: Medidas sanitarias para prevenir su ingreso en granjas comerciales"},"content":{"rendered":"<p><img loading=\"lazy\" decoding=\"async\" class=\"alignnone size-full wp-image-150392\" src=\"https:\/\/noticiasmercedinas.com\/site\/wp-content\/uploads\/2024\/12\/Granja-ave.jpg\" alt=\"\" width=\"960\" height=\"540\" srcset=\"https:\/\/noticiasmercedinas.com\/site\/wp-content\/uploads\/2024\/12\/Granja-ave.jpg 960w, https:\/\/noticiasmercedinas.com\/site\/wp-content\/uploads\/2024\/12\/Granja-ave-300x169.jpg 300w, https:\/\/noticiasmercedinas.com\/site\/wp-content\/uploads\/2024\/12\/Granja-ave-768x432.jpg 768w, https:\/\/noticiasmercedinas.com\/site\/wp-content\/uploads\/2024\/12\/Granja-ave-640x360.jpg 640w, https:\/\/noticiasmercedinas.com\/site\/wp-content\/uploads\/2024\/12\/Granja-ave-681x383.jpg 681w\" sizes=\"auto, (max-width: 960px) 100vw, 960px\" \/><\/p>\n<p>El <strong>Servicio Nacional de Sanidad y Calidad Agroalimentaria (Senasa)<\/strong> recibi\u00f3 una <a href=\"https:\/\/openknowledge.fao.org\/server\/api\/core\/bitstreams\/45e2c615-90d2-4f05-8aa2-550f40129a2f\/content\"><strong>comunicaci\u00f3n de la Organizaci\u00f3n de las Naciones Unidas para la Alimentaci\u00f3n y la Agricultura (FAO)<\/strong><\/a>, que alerta a los <strong>pa\u00edses de Am\u00e9rica Latina y el Caribe<\/strong> por el <strong>aumento del riesgo de propagaci\u00f3n<\/strong> de la <strong>influenza aviar altamente pat\u00f3gena (IAAP).<\/strong><\/p>\n<p>La IAAP es una enfermedad que <strong>afecta a las aves dom\u00e9sticas y silvestres<\/strong>, que puede dispersarse a trav\u00e9s de sus heces y secreciones respiratorias. <strong>Desde el 21 de septiembre<\/strong> hasta la fecha, los <strong>casos aumentaron en Am\u00e9rica<\/strong>, principalmente por el inicio de la temporada migratoria.<\/p>\n<p>Durante este per\u00edodo, <strong>Estados Unidos notific\u00f3 80 brotes<\/strong>: 44 en granjas comerciales, mientras que los 36 restantes fueron identificados como brotes no comerciales. Por su parte, <strong>Canad\u00e1 notific\u00f3 72<\/strong> brotes de IAAP en los \u00faltimos dos meses; <strong>Per\u00fa detect\u00f3 al menos 13<\/strong> casos en aves dom\u00e9sticas desde agosto de 2024 y <strong>Colombia confirm\u00f3 recientemente su primer brote<\/strong> del a\u00f1o en una granja de traspatio.<\/p>\n<p>Ante esto, el <strong>Senasa recomienda que los establecimientos av\u00edcolas nacionales refuercen todas las medidas de manejo, higiene y bioseguridad de sus granjas<\/strong>, contempladas en la <a href=\"https:\/\/www.argentina.gob.ar\/normativa\/nacional\/resoluci%C3%B3n-1699-2019-333207\/texto\"><strong>Resoluci\u00f3n 1699\/2019<\/strong><\/a>:<\/p>\n<p>-Revisar sus mallas antip\u00e1jaros.<br \/>\n-Aumentar la limpieza de las zonas donde se acumule materia fecal de aves silvestres.<br \/>\n-Minimizar las visitas de personas ajenas.<br \/>\n-Mantener registro de las mismas e impedir el contacto con animales vecinos u otras especies.<br \/>\n-Reducir o eliminar las zonas de agua estancada que puedan atraer a las aves silvestres.<br \/>\n-No tomar medidas de control o espanto contra las aves, como pueden ser la caza o la destrucci\u00f3n de su h\u00e1bitat.<\/p>\n<p>Asimismo, los tenedores de aves de traspatio deber\u00e1n restringir el acceso de aves silvestres a las fuentes de agua y comida de sus gallineros familiares. Una actuaci\u00f3n inmediata del servicio sanitario permite minimizar las consecuencias y optimiza la intervenci\u00f3n, a la vez que posibilita el control de este tipo de enfermedades antes de que se establezcan y se diseminen<\/p>\n<p>En caso de observarse la sospecha de signos cl\u00ednicos compatibles en aves silvestres y\/o dom\u00e9sticas o en mam\u00edferos marinos, notificar al Senasa:<\/p>\n<p>En la <a href=\"https:\/\/www.argentina.gob.ar\/node\/100415\"><strong>oficina de la jurisdicci\u00f3n m\u00e1s cercana<\/strong><\/a>,<br \/>\nPor <a href=\"https:\/\/api.whatsapp.com\/send\/?phone=541157005704&amp;text=Hola!%20Quiero%20Informaci%C3%B3n\"><strong>Whatsapp, al (11) 5700-5704<\/strong><\/a>,<br \/>\nCorreo electr\u00f3nico: &lt;<strong>notificaciones@senasa.gob.ar<\/strong>&gt;,<br \/>\n<a href=\"https:\/\/www.argentina.gob.ar\/senasa\/avisa-al-senasa-sanidad-animal\"><strong>Formulario Avis\u00e1 al Senasa<\/strong><\/a>.<\/p>\n","protected":false},"excerpt":{"rendered":"<p>\u25a0 Senasa brinda informaci\u00f3n para reforzar la bioseguridad de establecimientos av\u00edcolas, ante la reciente detecci\u00f3n en Colombia.<\/p>\n","protected":false},"author":16,"featured_media":150392,"comment_status":"closed","ping_status":"closed","sticky":false,"template":"","format":"standard","meta":{"footnotes":""},"categories":[9527],"tags":[19345,225],"class_list":["post-150391","post","type-post","status-publish","format-standard","has-post-thumbnail","hentry","category-campo","tag-influenza-aviar","tag-senasa"],"yoast_head":"<!-- This site is optimized with the Yoast SEO plugin v27.5 - https:\/\/yoast.com\/product\/yoast-seo-wordpress\/ -->\n<title>Influenza aviar: Medidas sanitarias para prevenir su ingreso en granjas comerciales<\/title>\n<meta name=\"robots\" content=\"index, follow, max-snippet:-1, max-image-preview:large, max-video-preview:-1\" \/>\n<link rel=\"canonical\" href=\"https:\/\/noticiasmercedinas.com\/site\/2024\/12\/13\/influenza-aviar-medidas-sanitarias-para-prevenir-su-ingreso-en-granjas-comerciales\/\" \/>\n<meta property=\"og:locale\" content=\"es_ES\" \/>\n<meta property=\"og:type\" content=\"article\" \/>\n<meta property=\"og:title\" content=\"Influenza aviar: Medidas sanitarias para prevenir su ingreso en granjas comerciales\" \/>\n<meta property=\"og:description\" content=\"\u25a0 Senasa brinda informaci\u00f3n para reforzar la bioseguridad de establecimientos av\u00edcolas, ante la reciente detecci\u00f3n en Colombia.\" \/>\n<meta property=\"og:url\" content=\"https:\/\/noticiasmercedinas.com\/site\/2024\/12\/13\/influenza-aviar-medidas-sanitarias-para-prevenir-su-ingreso-en-granjas-comerciales\/\" \/>\n<meta property=\"og:site_name\" content=\"NOTICIASMERCEDINAS.COM\" \/>\n<meta property=\"article:publisher\" content=\"https:\/\/www.facebook.com\/noticiasmercedinas\/\" \/>\n<meta property=\"article:published_time\" content=\"2024-12-13T13:32:11+00:00\" \/>\n<meta property=\"og:image\" content=\"https:\/\/noticiasmercedinas.com\/site\/wp-content\/uploads\/2024\/12\/Granja-ave.jpg\" \/>\n\t<meta property=\"og:image:width\" content=\"960\" \/>\n\t<meta property=\"og:image:height\" content=\"540\" \/>\n\t<meta property=\"og:image:type\" content=\"image\/jpeg\" \/>\n<meta name=\"author\" content=\"NOTICIASMERCEDINAS.COM\" \/>\n<meta name=\"twitter:card\" content=\"summary_large_image\" \/>\n<meta name=\"twitter:creator\" content=\"@notmercedinas\" \/>\n<meta name=\"twitter:site\" content=\"@notmercedinas\" \/>\n<meta name=\"twitter:label1\" content=\"Escrito por\" \/>\n\t<meta name=\"twitter:data1\" content=\"NOTICIASMERCEDINAS.COM\" \/>\n\t<meta name=\"twitter:label2\" content=\"Tiempo de lectura\" \/>\n\t<meta name=\"twitter:data2\" content=\"2 minutos\" \/>\n<script type=\"application\/ld+json\" class=\"yoast-schema-graph\">{\"@context\":\"https:\\\/\\\/schema.org\",\"@graph\":[{\"@type\":\"Article\",\"@id\":\"https:\\\/\\\/noticiasmercedinas.com\\\/site\\\/2024\\\/12\\\/13\\\/influenza-aviar-medidas-sanitarias-para-prevenir-su-ingreso-en-granjas-comerciales\\\/#article\",\"isPartOf\":{\"@id\":\"https:\\\/\\\/noticiasmercedinas.com\\\/site\\\/2024\\\/12\\\/13\\\/influenza-aviar-medidas-sanitarias-para-prevenir-su-ingreso-en-granjas-comerciales\\\/\"},\"author\":{\"name\":\"NOTICIASMERCEDINAS.COM\",\"@id\":\"https:\\\/\\\/noticiasmercedinas.com\\\/site\\\/#\\\/schema\\\/person\\\/84b59c099c28ff2e8b77d4ceec5d8063\"},\"headline\":\"Influenza aviar: Medidas sanitarias para prevenir su ingreso en granjas comerciales\",\"datePublished\":\"2024-12-13T13:32:11+00:00\",\"mainEntityOfPage\":{\"@id\":\"https:\\\/\\\/noticiasmercedinas.com\\\/site\\\/2024\\\/12\\\/13\\\/influenza-aviar-medidas-sanitarias-para-prevenir-su-ingreso-en-granjas-comerciales\\\/\"},\"wordCount\":398,\"publisher\":{\"@id\":\"https:\\\/\\\/noticiasmercedinas.com\\\/site\\\/#organization\"},\"image\":{\"@id\":\"https:\\\/\\\/noticiasmercedinas.com\\\/site\\\/2024\\\/12\\\/13\\\/influenza-aviar-medidas-sanitarias-para-prevenir-su-ingreso-en-granjas-comerciales\\\/#primaryimage\"},\"thumbnailUrl\":\"https:\\\/\\\/noticiasmercedinas.com\\\/site\\\/wp-content\\\/uploads\\\/2024\\\/12\\\/Granja-ave.jpg\",\"keywords\":[\"influenza aviar\",\"senasa\"],\"articleSection\":[\"Campo\"],\"inLanguage\":\"es\"},{\"@type\":\"WebPage\",\"@id\":\"https:\\\/\\\/noticiasmercedinas.com\\\/site\\\/2024\\\/12\\\/13\\\/influenza-aviar-medidas-sanitarias-para-prevenir-su-ingreso-en-granjas-comerciales\\\/\",\"url\":\"https:\\\/\\\/noticiasmercedinas.com\\\/site\\\/2024\\\/12\\\/13\\\/influenza-aviar-medidas-sanitarias-para-prevenir-su-ingreso-en-granjas-comerciales\\\/\",\"name\":\"Influenza aviar: Medidas sanitarias para prevenir su ingreso en granjas comerciales\",\"isPartOf\":{\"@id\":\"https:\\\/\\\/noticiasmercedinas.com\\\/site\\\/#website\"},\"primaryImageOfPage\":{\"@id\":\"https:\\\/\\\/noticiasmercedinas.com\\\/site\\\/2024\\\/12\\\/13\\\/influenza-aviar-medidas-sanitarias-para-prevenir-su-ingreso-en-granjas-comerciales\\\/#primaryimage\"},\"image\":{\"@id\":\"https:\\\/\\\/noticiasmercedinas.com\\\/site\\\/2024\\\/12\\\/13\\\/influenza-aviar-medidas-sanitarias-para-prevenir-su-ingreso-en-granjas-comerciales\\\/#primaryimage\"},\"thumbnailUrl\":\"https:\\\/\\\/noticiasmercedinas.com\\\/site\\\/wp-content\\\/uploads\\\/2024\\\/12\\\/Granja-ave.jpg\",\"datePublished\":\"2024-12-13T13:32:11+00:00\",\"breadcrumb\":{\"@id\":\"https:\\\/\\\/noticiasmercedinas.com\\\/site\\\/2024\\\/12\\\/13\\\/influenza-aviar-medidas-sanitarias-para-prevenir-su-ingreso-en-granjas-comerciales\\\/#breadcrumb\"},\"inLanguage\":\"es\",\"potentialAction\":[{\"@type\":\"ReadAction\",\"target\":[\"https:\\\/\\\/noticiasmercedinas.com\\\/site\\\/2024\\\/12\\\/13\\\/influenza-aviar-medidas-sanitarias-para-prevenir-su-ingreso-en-granjas-comerciales\\\/\"]}]},{\"@type\":\"ImageObject\",\"inLanguage\":\"es\",\"@id\":\"https:\\\/\\\/noticiasmercedinas.com\\\/site\\\/2024\\\/12\\\/13\\\/influenza-aviar-medidas-sanitarias-para-prevenir-su-ingreso-en-granjas-comerciales\\\/#primaryimage\",\"url\":\"https:\\\/\\\/noticiasmercedinas.com\\\/site\\\/wp-content\\\/uploads\\\/2024\\\/12\\\/Granja-ave.jpg\",\"contentUrl\":\"https:\\\/\\\/noticiasmercedinas.com\\\/site\\\/wp-content\\\/uploads\\\/2024\\\/12\\\/Granja-ave.jpg\",\"width\":960,\"height\":540},{\"@type\":\"BreadcrumbList\",\"@id\":\"https:\\\/\\\/noticiasmercedinas.com\\\/site\\\/2024\\\/12\\\/13\\\/influenza-aviar-medidas-sanitarias-para-prevenir-su-ingreso-en-granjas-comerciales\\\/#breadcrumb\",\"itemListElement\":[{\"@type\":\"ListItem\",\"position\":1,\"name\":\"Portada\",\"item\":\"https:\\\/\\\/noticiasmercedinas.com\\\/site\\\/\"},{\"@type\":\"ListItem\",\"position\":2,\"name\":\"Influenza aviar: Medidas sanitarias para prevenir su ingreso en granjas comerciales\"}]},{\"@type\":\"WebSite\",\"@id\":\"https:\\\/\\\/noticiasmercedinas.com\\\/site\\\/#website\",\"url\":\"https:\\\/\\\/noticiasmercedinas.com\\\/site\\\/\",\"name\":\"NOTICIASMERCEDINAS.COM\",\"description\":\"Mercedes, Buenos Aires, Argentina\",\"publisher\":{\"@id\":\"https:\\\/\\\/noticiasmercedinas.com\\\/site\\\/#organization\"},\"potentialAction\":[{\"@type\":\"SearchAction\",\"target\":{\"@type\":\"EntryPoint\",\"urlTemplate\":\"https:\\\/\\\/noticiasmercedinas.com\\\/site\\\/?s={search_term_string}\"},\"query-input\":{\"@type\":\"PropertyValueSpecification\",\"valueRequired\":true,\"valueName\":\"search_term_string\"}}],\"inLanguage\":\"es\"},{\"@type\":\"Organization\",\"@id\":\"https:\\\/\\\/noticiasmercedinas.com\\\/site\\\/#organization\",\"name\":\"NOTICIASMERCEDINAS.COM\",\"url\":\"https:\\\/\\\/noticiasmercedinas.com\\\/site\\\/\",\"logo\":{\"@type\":\"ImageObject\",\"inLanguage\":\"es\",\"@id\":\"https:\\\/\\\/noticiasmercedinas.com\\\/site\\\/#\\\/schema\\\/logo\\\/image\\\/\",\"url\":\"https:\\\/\\\/noticiasmercedinas.com\\\/site\\\/wp-content\\\/uploads\\\/2020\\\/06\\\/LOGO-512.jpg\",\"contentUrl\":\"https:\\\/\\\/noticiasmercedinas.com\\\/site\\\/wp-content\\\/uploads\\\/2020\\\/06\\\/LOGO-512.jpg\",\"width\":512,\"height\":512,\"caption\":\"NOTICIASMERCEDINAS.COM\"},\"image\":{\"@id\":\"https:\\\/\\\/noticiasmercedinas.com\\\/site\\\/#\\\/schema\\\/logo\\\/image\\\/\"},\"sameAs\":[\"https:\\\/\\\/www.facebook.com\\\/noticiasmercedinas\\\/\",\"https:\\\/\\\/x.com\\\/notmercedinas\",\"https:\\\/\\\/www.instagram.com\\\/noticiasmercedinas\\\/\"]},{\"@type\":\"Person\",\"@id\":\"https:\\\/\\\/noticiasmercedinas.com\\\/site\\\/#\\\/schema\\\/person\\\/84b59c099c28ff2e8b77d4ceec5d8063\",\"name\":\"NOTICIASMERCEDINAS.COM\",\"image\":{\"@type\":\"ImageObject\",\"inLanguage\":\"es\",\"@id\":\"https:\\\/\\\/secure.gravatar.com\\\/avatar\\\/4dfbf16b4d17945bfb6341b2d19043457132fcf478a5ee04f42e959fd8f5df0a?s=96&d=mm&r=g\",\"url\":\"https:\\\/\\\/secure.gravatar.com\\\/avatar\\\/4dfbf16b4d17945bfb6341b2d19043457132fcf478a5ee04f42e959fd8f5df0a?s=96&d=mm&r=g\",\"contentUrl\":\"https:\\\/\\\/secure.gravatar.com\\\/avatar\\\/4dfbf16b4d17945bfb6341b2d19043457132fcf478a5ee04f42e959fd8f5df0a?s=96&d=mm&r=g\",\"caption\":\"NOTICIASMERCEDINAS.COM\"},\"url\":\"https:\\\/\\\/noticiasmercedinas.com\\\/site\\\/author\\\/anonimo\\\/\"}]}<\/script>\n<!-- \/ Yoast SEO plugin. -->","yoast_head_json":{"title":"Influenza aviar: Medidas sanitarias para prevenir su ingreso en granjas comerciales","robots":{"index":"index","follow":"follow","max-snippet":"max-snippet:-1","max-image-preview":"max-image-preview:large","max-video-preview":"max-video-preview:-1"},"canonical":"https:\/\/noticiasmercedinas.com\/site\/2024\/12\/13\/influenza-aviar-medidas-sanitarias-para-prevenir-su-ingreso-en-granjas-comerciales\/","og_locale":"es_ES","og_type":"article","og_title":"Influenza aviar: Medidas sanitarias para prevenir su ingreso en granjas comerciales","og_description":"\u25a0 Senasa brinda informaci\u00f3n para reforzar la bioseguridad de establecimientos av\u00edcolas, ante la reciente detecci\u00f3n en Colombia.","og_url":"https:\/\/noticiasmercedinas.com\/site\/2024\/12\/13\/influenza-aviar-medidas-sanitarias-para-prevenir-su-ingreso-en-granjas-comerciales\/","og_site_name":"NOTICIASMERCEDINAS.COM","article_publisher":"https:\/\/www.facebook.com\/noticiasmercedinas\/","article_published_time":"2024-12-13T13:32:11+00:00","og_image":[{"width":960,"height":540,"url":"https:\/\/noticiasmercedinas.com\/site\/wp-content\/uploads\/2024\/12\/Granja-ave.jpg","type":"image\/jpeg"}],"author":"NOTICIASMERCEDINAS.COM","twitter_card":"summary_large_image","twitter_creator":"@notmercedinas","twitter_site":"@notmercedinas","twitter_misc":{"Escrito por":"NOTICIASMERCEDINAS.COM","Tiempo de lectura":"2 minutos"},"schema":{"@context":"https:\/\/schema.org","@graph":[{"@type":"Article","@id":"https:\/\/noticiasmercedinas.com\/site\/2024\/12\/13\/influenza-aviar-medidas-sanitarias-para-prevenir-su-ingreso-en-granjas-comerciales\/#article","isPartOf":{"@id":"https:\/\/noticiasmercedinas.com\/site\/2024\/12\/13\/influenza-aviar-medidas-sanitarias-para-prevenir-su-ingreso-en-granjas-comerciales\/"},"author":{"name":"NOTICIASMERCEDINAS.COM","@id":"https:\/\/noticiasmercedinas.com\/site\/#\/schema\/person\/84b59c099c28ff2e8b77d4ceec5d8063"},"headline":"Influenza aviar: Medidas sanitarias para prevenir su ingreso en granjas comerciales","datePublished":"2024-12-13T13:32:11+00:00","mainEntityOfPage":{"@id":"https:\/\/noticiasmercedinas.com\/site\/2024\/12\/13\/influenza-aviar-medidas-sanitarias-para-prevenir-su-ingreso-en-granjas-comerciales\/"},"wordCount":398,"publisher":{"@id":"https:\/\/noticiasmercedinas.com\/site\/#organization"},"image":{"@id":"https:\/\/noticiasmercedinas.com\/site\/2024\/12\/13\/influenza-aviar-medidas-sanitarias-para-prevenir-su-ingreso-en-granjas-comerciales\/#primaryimage"},"thumbnailUrl":"https:\/\/noticiasmercedinas.com\/site\/wp-content\/uploads\/2024\/12\/Granja-ave.jpg","keywords":["influenza aviar","senasa"],"articleSection":["Campo"],"inLanguage":"es"},{"@type":"WebPage","@id":"https:\/\/noticiasmercedinas.com\/site\/2024\/12\/13\/influenza-aviar-medidas-sanitarias-para-prevenir-su-ingreso-en-granjas-comerciales\/","url":"https:\/\/noticiasmercedinas.com\/site\/2024\/12\/13\/influenza-aviar-medidas-sanitarias-para-prevenir-su-ingreso-en-granjas-comerciales\/","name":"Influenza aviar: Medidas sanitarias para prevenir su ingreso en granjas comerciales","isPartOf":{"@id":"https:\/\/noticiasmercedinas.com\/site\/#website"},"primaryImageOfPage":{"@id":"https:\/\/noticiasmercedinas.com\/site\/2024\/12\/13\/influenza-aviar-medidas-sanitarias-para-prevenir-su-ingreso-en-granjas-comerciales\/#primaryimage"},"image":{"@id":"https:\/\/noticiasmercedinas.com\/site\/2024\/12\/13\/influenza-aviar-medidas-sanitarias-para-prevenir-su-ingreso-en-granjas-comerciales\/#primaryimage"},"thumbnailUrl":"https:\/\/noticiasmercedinas.com\/site\/wp-content\/uploads\/2024\/12\/Granja-ave.jpg","datePublished":"2024-12-13T13:32:11+00:00","breadcrumb":{"@id":"https:\/\/noticiasmercedinas.com\/site\/2024\/12\/13\/influenza-aviar-medidas-sanitarias-para-prevenir-su-ingreso-en-granjas-comerciales\/#breadcrumb"},"inLanguage":"es","potentialAction":[{"@type":"ReadAction","target":["https:\/\/noticiasmercedinas.com\/site\/2024\/12\/13\/influenza-aviar-medidas-sanitarias-para-prevenir-su-ingreso-en-granjas-comerciales\/"]}]},{"@type":"ImageObject","inLanguage":"es","@id":"https:\/\/noticiasmercedinas.com\/site\/2024\/12\/13\/influenza-aviar-medidas-sanitarias-para-prevenir-su-ingreso-en-granjas-comerciales\/#primaryimage","url":"https:\/\/noticiasmercedinas.com\/site\/wp-content\/uploads\/2024\/12\/Granja-ave.jpg","contentUrl":"https:\/\/noticiasmercedinas.com\/site\/wp-content\/uploads\/2024\/12\/Granja-ave.jpg","width":960,"height":540},{"@type":"BreadcrumbList","@id":"https:\/\/noticiasmercedinas.com\/site\/2024\/12\/13\/influenza-aviar-medidas-sanitarias-para-prevenir-su-ingreso-en-granjas-comerciales\/#breadcrumb","itemListElement":[{"@type":"ListItem","position":1,"name":"Portada","item":"https:\/\/noticiasmercedinas.com\/site\/"},{"@type":"ListItem","position":2,"name":"Influenza aviar: Medidas sanitarias para prevenir su ingreso en granjas comerciales"}]},{"@type":"WebSite","@id":"https:\/\/noticiasmercedinas.com\/site\/#website","url":"https:\/\/noticiasmercedinas.com\/site\/","name":"NOTICIASMERCEDINAS.COM","description":"Mercedes, Buenos Aires, Argentina","publisher":{"@id":"https:\/\/noticiasmercedinas.com\/site\/#organization"},"potentialAction":[{"@type":"SearchAction","target":{"@type":"EntryPoint","urlTemplate":"https:\/\/noticiasmercedinas.com\/site\/?s={search_term_string}"},"query-input":{"@type":"PropertyValueSpecification","valueRequired":true,"valueName":"search_term_string"}}],"inLanguage":"es"},{"@type":"Organization","@id":"https:\/\/noticiasmercedinas.com\/site\/#organization","name":"NOTICIASMERCEDINAS.COM","url":"https:\/\/noticiasmercedinas.com\/site\/","logo":{"@type":"ImageObject","inLanguage":"es","@id":"https:\/\/noticiasmercedinas.com\/site\/#\/schema\/logo\/image\/","url":"https:\/\/noticiasmercedinas.com\/site\/wp-content\/uploads\/2020\/06\/LOGO-512.jpg","contentUrl":"https:\/\/noticiasmercedinas.com\/site\/wp-content\/uploads\/2020\/06\/LOGO-512.jpg","width":512,"height":512,"caption":"NOTICIASMERCEDINAS.COM"},"image":{"@id":"https:\/\/noticiasmercedinas.com\/site\/#\/schema\/logo\/image\/"},"sameAs":["https:\/\/www.facebook.com\/noticiasmercedinas\/","https:\/\/x.com\/notmercedinas","https:\/\/www.instagram.com\/noticiasmercedinas\/"]},{"@type":"Person","@id":"https:\/\/noticiasmercedinas.com\/site\/#\/schema\/person\/84b59c099c28ff2e8b77d4ceec5d8063","name":"NOTICIASMERCEDINAS.COM","image":{"@type":"ImageObject","inLanguage":"es","@id":"https:\/\/secure.gravatar.com\/avatar\/4dfbf16b4d17945bfb6341b2d19043457132fcf478a5ee04f42e959fd8f5df0a?s=96&d=mm&r=g","url":"https:\/\/secure.gravatar.com\/avatar\/4dfbf16b4d17945bfb6341b2d19043457132fcf478a5ee04f42e959fd8f5df0a?s=96&d=mm&r=g","contentUrl":"https:\/\/secure.gravatar.com\/avatar\/4dfbf16b4d17945bfb6341b2d19043457132fcf478a5ee04f42e959fd8f5df0a?s=96&d=mm&r=g","caption":"NOTICIASMERCEDINAS.COM"},"url":"https:\/\/noticiasmercedinas.com\/site\/author\/anonimo\/"}]}},"amp_enabled":true,"_links":{"self":[{"href":"https:\/\/noticiasmercedinas.com\/site\/wp-json\/wp\/v2\/posts\/150391","targetHints":{"allow":["GET"]}}],"collection":[{"href":"https:\/\/noticiasmercedinas.com\/site\/wp-json\/wp\/v2\/posts"}],"about":[{"href":"https:\/\/noticiasmercedinas.com\/site\/wp-json\/wp\/v2\/types\/post"}],"author":[{"embeddable":true,"href":"https:\/\/noticiasmercedinas.com\/site\/wp-json\/wp\/v2\/users\/16"}],"replies":[{"embeddable":true,"href":"https:\/\/noticiasmercedinas.com\/site\/wp-json\/wp\/v2\/comments?post=150391"}],"version-history":[{"count":1,"href":"https:\/\/noticiasmercedinas.com\/site\/wp-json\/wp\/v2\/posts\/150391\/revisions"}],"predecessor-version":[{"id":150393,"href":"https:\/\/noticiasmercedinas.com\/site\/wp-json\/wp\/v2\/posts\/150391\/revisions\/150393"}],"wp:featuredmedia":[{"embeddable":true,"href":"https:\/\/noticiasmercedinas.com\/site\/wp-json\/wp\/v2\/media\/150392"}],"wp:attachment":[{"href":"https:\/\/noticiasmercedinas.com\/site\/wp-json\/wp\/v2\/media?parent=150391"}],"wp:term":[{"taxonomy":"category","embeddable":true,"href":"https:\/\/noticiasmercedinas.com\/site\/wp-json\/wp\/v2\/categories?post=150391"},{"taxonomy":"post_tag","embeddable":true,"href":"https:\/\/noticiasmercedinas.com\/site\/wp-json\/wp\/v2\/tags?post=150391"}],"curies":[{"name":"wp","href":"https:\/\/api.w.org\/{rel}","templated":true}]}}