{"id":150673,"date":"2024-12-17T19:01:04","date_gmt":"2024-12-17T22:01:04","guid":{"rendered":"https:\/\/noticiasmercedinas.com\/site\/?p=150673"},"modified":"2024-12-17T19:01:43","modified_gmt":"2024-12-17T22:01:43","slug":"fernando-masson-los-libertarios-dicen-defender-a-los-vecinos-y-hacen-justamente-lo-contrario","status":"publish","type":"post","link":"https:\/\/noticiasmercedinas.com\/site\/2024\/12\/17\/fernando-masson-los-libertarios-dicen-defender-a-los-vecinos-y-hacen-justamente-lo-contrario\/","title":{"rendered":"Fernando Mass\u00f3n: \u201cLos libertarios dicen defender a los vecinos y hacen justamente lo contrario\u201d"},"content":{"rendered":"<p><img loading=\"lazy\" decoding=\"async\" class=\"alignnone size-full wp-image-150674\" src=\"https:\/\/noticiasmercedinas.com\/site\/wp-content\/uploads\/2024\/12\/IMG-20241217-WA0091.jpg\" alt=\"\" width=\"1319\" height=\"879\" srcset=\"https:\/\/noticiasmercedinas.com\/site\/wp-content\/uploads\/2024\/12\/IMG-20241217-WA0091.jpg 1319w, https:\/\/noticiasmercedinas.com\/site\/wp-content\/uploads\/2024\/12\/IMG-20241217-WA0091-300x200.jpg 300w, https:\/\/noticiasmercedinas.com\/site\/wp-content\/uploads\/2024\/12\/IMG-20241217-WA0091-1024x682.jpg 1024w, https:\/\/noticiasmercedinas.com\/site\/wp-content\/uploads\/2024\/12\/IMG-20241217-WA0091-768x512.jpg 768w, https:\/\/noticiasmercedinas.com\/site\/wp-content\/uploads\/2024\/12\/IMG-20241217-WA0091-640x427.jpg 640w, https:\/\/noticiasmercedinas.com\/site\/wp-content\/uploads\/2024\/12\/IMG-20241217-WA0091-1280x853.jpg 1280w, https:\/\/noticiasmercedinas.com\/site\/wp-content\/uploads\/2024\/12\/IMG-20241217-WA0091-681x454.jpg 681w\" sizes=\"auto, (max-width: 1319px) 100vw, 1319px\" \/><\/p>\n<p>El Concejo Deliberante aprob\u00f3 este martes la ordenanza fiscal impositiva para 2025 con el respaldo del oficialismo y de los concejales de la Uni\u00f3n C\u00edvica Radical (UCR), mientras que los libertarios y macristas votaron en contra, lo que gener\u00f3 fuertes cr\u00edticas por parte del concejal de Uni\u00f3n por la Patria, <strong>Fernando Mass\u00f3n<\/strong>.<\/p>\n<p>Mass\u00f3n cuestion\u00f3 la postura de los ediles libertarios y del PRO, asegurando que su rechazo al proyecto \u201cno es a favor de los vecinos, sino justamente lo contrario\u201d, porque implica dejar a la ciudad \u201ccon menos recursos y menos servicios\u201d. Adem\u00e1s, vincul\u00f3 la actitud de estos sectores con las pol\u00edticas del gobierno nacional encabezado por Javier Milei.<\/p>\n<p>\u201cLa inflaci\u00f3n anual es de m\u00e1s del 160 por ciento. Los servicios subieron casi un 300 por ciento y el transporte m\u00e1s de un 200 por ciento. Esos n\u00fameros son consecuencia de las pol\u00edticas econ\u00f3micas del gobierno de Javier Milei y representaron un impacto brutal en el bolsillo de la gente, pero sus representantes en nuestra ciudad de eso no dicen ni \u2018mu\u2019. Miden todo con distinta vara\u201d, se\u00f1al\u00f3 Mass\u00f3n.<\/p>\n<p>El concejal tambi\u00e9n cuestion\u00f3 la falta de apoyo a la contribuci\u00f3n hist\u00f3rica que realizan los vecinos a las cooperadoras de Bomberos Voluntarios y del Hospital Blas Dubarry. Adem\u00e1s, critic\u00f3 la postura del PRO y de los libertarios, afirmando que \u201csobreact\u00faan el esc\u00e1ndalo y terminan haciendo lo contrario a lo que declaman\u201d.<\/p>\n<blockquote><p>\u201cCreemos siempre que debe existir una oposici\u00f3n responsable, que haga cr\u00edticas constructivas sin perder su identidad ni su historia. Y hay otra que parece que su estrategia electoralista es querer que a la gente le vaya peor\u201d<\/p><\/blockquote>\n<p>En contraste, Mass\u00f3n destac\u00f3 la actitud de los concejales de la UCR -Daniel Ivaldi, A\u00edda Pety Laporta y D\u00e9bora Lacasa-, quienes, seg\u00fan sostuvo, realizaron cuestionamientos y manifestaron dudas durante el debate, pero finalmente respaldaron el proyecto tras comprender su importancia para el desarrollo y funcionamiento de la ciudad.<\/p>\n<p>\u201cCreemos siempre que debe existir una oposici\u00f3n responsable, que haga cr\u00edticas constructivas sin perder su identidad ni su historia. Y hay otra que parece que su estrategia electoralista es querer que a la gente le vaya peor\u201d, agreg\u00f3 Mass\u00f3n.<\/p>\n<p>La ordenanza fiscal impositiva fue aprobada en la asamblea de concejales y mayores contribuyentes gracias al voto positivo del oficialismo y la UCR. En tanto, los libertarios Mauricio Pollacchi y Emanuel G\u00f3mez, los concejales del PRO Evangelina Cabral, Gustavo Mangoni y Marcela Mun\u00e1rriz, y el edil de la Coalici\u00f3n C\u00edvica Mart\u00edn Bossi votaron en contra.<\/p>\n","protected":false},"excerpt":{"rendered":"<p>\u25a0 Se aprob\u00f3 este martes la ordenanza fiscal impositiva para 2025 con el respaldo del oficialismo y de los concejales de la Uni\u00f3n C\u00edvica Radical (UCR), mientras que los libertarios y macristas votaron en contra<\/p>\n","protected":false},"author":16,"featured_media":150674,"comment_status":"closed","ping_status":"closed","sticky":false,"template":"","format":"standard","meta":{"footnotes":""},"categories":[16],"tags":[243,10040,17024],"class_list":["post-150673","post","type-post","status-publish","format-standard","has-post-thumbnail","hentry","category-politica","tag-concejo-deliberante","tag-fernando-masson","tag-union-por-la-patria"],"yoast_head":"<!-- This site is optimized with the Yoast SEO plugin v27.5 - https:\/\/yoast.com\/product\/yoast-seo-wordpress\/ -->\n<title>Fernando Mass\u00f3n: \u201cLos libertarios dicen defender a los vecinos y hacen justamente lo contrario\u201d<\/title>\n<meta name=\"robots\" content=\"index, follow, max-snippet:-1, max-image-preview:large, max-video-preview:-1\" \/>\n<link rel=\"canonical\" href=\"https:\/\/noticiasmercedinas.com\/site\/2024\/12\/17\/fernando-masson-los-libertarios-dicen-defender-a-los-vecinos-y-hacen-justamente-lo-contrario\/\" \/>\n<meta property=\"og:locale\" content=\"es_ES\" \/>\n<meta property=\"og:type\" content=\"article\" \/>\n<meta property=\"og:title\" content=\"Fernando Mass\u00f3n: \u201cLos libertarios dicen defender a los vecinos y hacen justamente lo contrario\u201d\" \/>\n<meta property=\"og:description\" content=\"\u25a0 Se aprob\u00f3 este martes la ordenanza fiscal impositiva para 2025 con el respaldo del oficialismo y de los concejales de la Uni\u00f3n C\u00edvica Radical (UCR), mientras que los libertarios y macristas votaron en contra\" \/>\n<meta property=\"og:url\" content=\"https:\/\/noticiasmercedinas.com\/site\/2024\/12\/17\/fernando-masson-los-libertarios-dicen-defender-a-los-vecinos-y-hacen-justamente-lo-contrario\/\" \/>\n<meta property=\"og:site_name\" content=\"NOTICIASMERCEDINAS.COM\" \/>\n<meta property=\"article:publisher\" content=\"https:\/\/www.facebook.com\/noticiasmercedinas\/\" \/>\n<meta property=\"article:published_time\" content=\"2024-12-17T22:01:04+00:00\" \/>\n<meta property=\"article:modified_time\" content=\"2024-12-17T22:01:43+00:00\" \/>\n<meta property=\"og:image\" content=\"https:\/\/noticiasmercedinas.com\/site\/wp-content\/uploads\/2024\/12\/IMG-20241217-WA0091.jpg\" \/>\n\t<meta property=\"og:image:width\" content=\"1319\" \/>\n\t<meta property=\"og:image:height\" content=\"879\" \/>\n\t<meta property=\"og:image:type\" content=\"image\/jpeg\" \/>\n<meta name=\"author\" content=\"NOTICIASMERCEDINAS.COM\" \/>\n<meta name=\"twitter:card\" content=\"summary_large_image\" \/>\n<meta name=\"twitter:creator\" content=\"@notmercedinas\" \/>\n<meta name=\"twitter:site\" content=\"@notmercedinas\" \/>\n<meta name=\"twitter:label1\" content=\"Escrito por\" \/>\n\t<meta name=\"twitter:data1\" content=\"NOTICIASMERCEDINAS.COM\" \/>\n\t<meta name=\"twitter:label2\" content=\"Tiempo de lectura\" \/>\n\t<meta name=\"twitter:data2\" content=\"2 minutos\" \/>\n<script type=\"application\/ld+json\" class=\"yoast-schema-graph\">{\"@context\":\"https:\\\/\\\/schema.org\",\"@graph\":[{\"@type\":\"Article\",\"@id\":\"https:\\\/\\\/noticiasmercedinas.com\\\/site\\\/2024\\\/12\\\/17\\\/fernando-masson-los-libertarios-dicen-defender-a-los-vecinos-y-hacen-justamente-lo-contrario\\\/#article\",\"isPartOf\":{\"@id\":\"https:\\\/\\\/noticiasmercedinas.com\\\/site\\\/2024\\\/12\\\/17\\\/fernando-masson-los-libertarios-dicen-defender-a-los-vecinos-y-hacen-justamente-lo-contrario\\\/\"},\"author\":{\"name\":\"NOTICIASMERCEDINAS.COM\",\"@id\":\"https:\\\/\\\/noticiasmercedinas.com\\\/site\\\/#\\\/schema\\\/person\\\/84b59c099c28ff2e8b77d4ceec5d8063\"},\"headline\":\"Fernando Mass\u00f3n: \u201cLos libertarios dicen defender a los vecinos y hacen justamente lo contrario\u201d\",\"datePublished\":\"2024-12-17T22:01:04+00:00\",\"dateModified\":\"2024-12-17T22:01:43+00:00\",\"mainEntityOfPage\":{\"@id\":\"https:\\\/\\\/noticiasmercedinas.com\\\/site\\\/2024\\\/12\\\/17\\\/fernando-masson-los-libertarios-dicen-defender-a-los-vecinos-y-hacen-justamente-lo-contrario\\\/\"},\"wordCount\":456,\"publisher\":{\"@id\":\"https:\\\/\\\/noticiasmercedinas.com\\\/site\\\/#organization\"},\"image\":{\"@id\":\"https:\\\/\\\/noticiasmercedinas.com\\\/site\\\/2024\\\/12\\\/17\\\/fernando-masson-los-libertarios-dicen-defender-a-los-vecinos-y-hacen-justamente-lo-contrario\\\/#primaryimage\"},\"thumbnailUrl\":\"https:\\\/\\\/noticiasmercedinas.com\\\/site\\\/wp-content\\\/uploads\\\/2024\\\/12\\\/IMG-20241217-WA0091.jpg\",\"keywords\":[\"concejo deliberante\",\"fernando masson\",\"Uni\u00f3n por la Patria\"],\"articleSection\":[\"Politica\"],\"inLanguage\":\"es\"},{\"@type\":\"WebPage\",\"@id\":\"https:\\\/\\\/noticiasmercedinas.com\\\/site\\\/2024\\\/12\\\/17\\\/fernando-masson-los-libertarios-dicen-defender-a-los-vecinos-y-hacen-justamente-lo-contrario\\\/\",\"url\":\"https:\\\/\\\/noticiasmercedinas.com\\\/site\\\/2024\\\/12\\\/17\\\/fernando-masson-los-libertarios-dicen-defender-a-los-vecinos-y-hacen-justamente-lo-contrario\\\/\",\"name\":\"Fernando Mass\u00f3n: \u201cLos libertarios dicen defender a los vecinos y hacen justamente lo contrario\u201d\",\"isPartOf\":{\"@id\":\"https:\\\/\\\/noticiasmercedinas.com\\\/site\\\/#website\"},\"primaryImageOfPage\":{\"@id\":\"https:\\\/\\\/noticiasmercedinas.com\\\/site\\\/2024\\\/12\\\/17\\\/fernando-masson-los-libertarios-dicen-defender-a-los-vecinos-y-hacen-justamente-lo-contrario\\\/#primaryimage\"},\"image\":{\"@id\":\"https:\\\/\\\/noticiasmercedinas.com\\\/site\\\/2024\\\/12\\\/17\\\/fernando-masson-los-libertarios-dicen-defender-a-los-vecinos-y-hacen-justamente-lo-contrario\\\/#primaryimage\"},\"thumbnailUrl\":\"https:\\\/\\\/noticiasmercedinas.com\\\/site\\\/wp-content\\\/uploads\\\/2024\\\/12\\\/IMG-20241217-WA0091.jpg\",\"datePublished\":\"2024-12-17T22:01:04+00:00\",\"dateModified\":\"2024-12-17T22:01:43+00:00\",\"breadcrumb\":{\"@id\":\"https:\\\/\\\/noticiasmercedinas.com\\\/site\\\/2024\\\/12\\\/17\\\/fernando-masson-los-libertarios-dicen-defender-a-los-vecinos-y-hacen-justamente-lo-contrario\\\/#breadcrumb\"},\"inLanguage\":\"es\",\"potentialAction\":[{\"@type\":\"ReadAction\",\"target\":[\"https:\\\/\\\/noticiasmercedinas.com\\\/site\\\/2024\\\/12\\\/17\\\/fernando-masson-los-libertarios-dicen-defender-a-los-vecinos-y-hacen-justamente-lo-contrario\\\/\"]}]},{\"@type\":\"ImageObject\",\"inLanguage\":\"es\",\"@id\":\"https:\\\/\\\/noticiasmercedinas.com\\\/site\\\/2024\\\/12\\\/17\\\/fernando-masson-los-libertarios-dicen-defender-a-los-vecinos-y-hacen-justamente-lo-contrario\\\/#primaryimage\",\"url\":\"https:\\\/\\\/noticiasmercedinas.com\\\/site\\\/wp-content\\\/uploads\\\/2024\\\/12\\\/IMG-20241217-WA0091.jpg\",\"contentUrl\":\"https:\\\/\\\/noticiasmercedinas.com\\\/site\\\/wp-content\\\/uploads\\\/2024\\\/12\\\/IMG-20241217-WA0091.jpg\",\"width\":1319,\"height\":879},{\"@type\":\"BreadcrumbList\",\"@id\":\"https:\\\/\\\/noticiasmercedinas.com\\\/site\\\/2024\\\/12\\\/17\\\/fernando-masson-los-libertarios-dicen-defender-a-los-vecinos-y-hacen-justamente-lo-contrario\\\/#breadcrumb\",\"itemListElement\":[{\"@type\":\"ListItem\",\"position\":1,\"name\":\"Portada\",\"item\":\"https:\\\/\\\/noticiasmercedinas.com\\\/site\\\/\"},{\"@type\":\"ListItem\",\"position\":2,\"name\":\"Fernando Mass\u00f3n: \u201cLos libertarios dicen defender a los vecinos y hacen justamente lo contrario\u201d\"}]},{\"@type\":\"WebSite\",\"@id\":\"https:\\\/\\\/noticiasmercedinas.com\\\/site\\\/#website\",\"url\":\"https:\\\/\\\/noticiasmercedinas.com\\\/site\\\/\",\"name\":\"NOTICIASMERCEDINAS.COM\",\"description\":\"Mercedes, Buenos Aires, Argentina\",\"publisher\":{\"@id\":\"https:\\\/\\\/noticiasmercedinas.com\\\/site\\\/#organization\"},\"potentialAction\":[{\"@type\":\"SearchAction\",\"target\":{\"@type\":\"EntryPoint\",\"urlTemplate\":\"https:\\\/\\\/noticiasmercedinas.com\\\/site\\\/?s={search_term_string}\"},\"query-input\":{\"@type\":\"PropertyValueSpecification\",\"valueRequired\":true,\"valueName\":\"search_term_string\"}}],\"inLanguage\":\"es\"},{\"@type\":\"Organization\",\"@id\":\"https:\\\/\\\/noticiasmercedinas.com\\\/site\\\/#organization\",\"name\":\"NOTICIASMERCEDINAS.COM\",\"url\":\"https:\\\/\\\/noticiasmercedinas.com\\\/site\\\/\",\"logo\":{\"@type\":\"ImageObject\",\"inLanguage\":\"es\",\"@id\":\"https:\\\/\\\/noticiasmercedinas.com\\\/site\\\/#\\\/schema\\\/logo\\\/image\\\/\",\"url\":\"https:\\\/\\\/noticiasmercedinas.com\\\/site\\\/wp-content\\\/uploads\\\/2020\\\/06\\\/LOGO-512.jpg\",\"contentUrl\":\"https:\\\/\\\/noticiasmercedinas.com\\\/site\\\/wp-content\\\/uploads\\\/2020\\\/06\\\/LOGO-512.jpg\",\"width\":512,\"height\":512,\"caption\":\"NOTICIASMERCEDINAS.COM\"},\"image\":{\"@id\":\"https:\\\/\\\/noticiasmercedinas.com\\\/site\\\/#\\\/schema\\\/logo\\\/image\\\/\"},\"sameAs\":[\"https:\\\/\\\/www.facebook.com\\\/noticiasmercedinas\\\/\",\"https:\\\/\\\/x.com\\\/notmercedinas\",\"https:\\\/\\\/www.instagram.com\\\/noticiasmercedinas\\\/\"]},{\"@type\":\"Person\",\"@id\":\"https:\\\/\\\/noticiasmercedinas.com\\\/site\\\/#\\\/schema\\\/person\\\/84b59c099c28ff2e8b77d4ceec5d8063\",\"name\":\"NOTICIASMERCEDINAS.COM\",\"image\":{\"@type\":\"ImageObject\",\"inLanguage\":\"es\",\"@id\":\"https:\\\/\\\/secure.gravatar.com\\\/avatar\\\/4dfbf16b4d17945bfb6341b2d19043457132fcf478a5ee04f42e959fd8f5df0a?s=96&d=mm&r=g\",\"url\":\"https:\\\/\\\/secure.gravatar.com\\\/avatar\\\/4dfbf16b4d17945bfb6341b2d19043457132fcf478a5ee04f42e959fd8f5df0a?s=96&d=mm&r=g\",\"contentUrl\":\"https:\\\/\\\/secure.gravatar.com\\\/avatar\\\/4dfbf16b4d17945bfb6341b2d19043457132fcf478a5ee04f42e959fd8f5df0a?s=96&d=mm&r=g\",\"caption\":\"NOTICIASMERCEDINAS.COM\"},\"url\":\"https:\\\/\\\/noticiasmercedinas.com\\\/site\\\/author\\\/anonimo\\\/\"}]}<\/script>\n<!-- \/ Yoast SEO plugin. -->","yoast_head_json":{"title":"Fernando Mass\u00f3n: \u201cLos libertarios dicen defender a los vecinos y hacen justamente lo contrario\u201d","robots":{"index":"index","follow":"follow","max-snippet":"max-snippet:-1","max-image-preview":"max-image-preview:large","max-video-preview":"max-video-preview:-1"},"canonical":"https:\/\/noticiasmercedinas.com\/site\/2024\/12\/17\/fernando-masson-los-libertarios-dicen-defender-a-los-vecinos-y-hacen-justamente-lo-contrario\/","og_locale":"es_ES","og_type":"article","og_title":"Fernando Mass\u00f3n: \u201cLos libertarios dicen defender a los vecinos y hacen justamente lo contrario\u201d","og_description":"\u25a0 Se aprob\u00f3 este martes la ordenanza fiscal impositiva para 2025 con el respaldo del oficialismo y de los concejales de la Uni\u00f3n C\u00edvica Radical (UCR), mientras que los libertarios y macristas votaron en contra","og_url":"https:\/\/noticiasmercedinas.com\/site\/2024\/12\/17\/fernando-masson-los-libertarios-dicen-defender-a-los-vecinos-y-hacen-justamente-lo-contrario\/","og_site_name":"NOTICIASMERCEDINAS.COM","article_publisher":"https:\/\/www.facebook.com\/noticiasmercedinas\/","article_published_time":"2024-12-17T22:01:04+00:00","article_modified_time":"2024-12-17T22:01:43+00:00","og_image":[{"width":1319,"height":879,"url":"https:\/\/noticiasmercedinas.com\/site\/wp-content\/uploads\/2024\/12\/IMG-20241217-WA0091.jpg","type":"image\/jpeg"}],"author":"NOTICIASMERCEDINAS.COM","twitter_card":"summary_large_image","twitter_creator":"@notmercedinas","twitter_site":"@notmercedinas","twitter_misc":{"Escrito por":"NOTICIASMERCEDINAS.COM","Tiempo de lectura":"2 minutos"},"schema":{"@context":"https:\/\/schema.org","@graph":[{"@type":"Article","@id":"https:\/\/noticiasmercedinas.com\/site\/2024\/12\/17\/fernando-masson-los-libertarios-dicen-defender-a-los-vecinos-y-hacen-justamente-lo-contrario\/#article","isPartOf":{"@id":"https:\/\/noticiasmercedinas.com\/site\/2024\/12\/17\/fernando-masson-los-libertarios-dicen-defender-a-los-vecinos-y-hacen-justamente-lo-contrario\/"},"author":{"name":"NOTICIASMERCEDINAS.COM","@id":"https:\/\/noticiasmercedinas.com\/site\/#\/schema\/person\/84b59c099c28ff2e8b77d4ceec5d8063"},"headline":"Fernando Mass\u00f3n: \u201cLos libertarios dicen defender a los vecinos y hacen justamente lo contrario\u201d","datePublished":"2024-12-17T22:01:04+00:00","dateModified":"2024-12-17T22:01:43+00:00","mainEntityOfPage":{"@id":"https:\/\/noticiasmercedinas.com\/site\/2024\/12\/17\/fernando-masson-los-libertarios-dicen-defender-a-los-vecinos-y-hacen-justamente-lo-contrario\/"},"wordCount":456,"publisher":{"@id":"https:\/\/noticiasmercedinas.com\/site\/#organization"},"image":{"@id":"https:\/\/noticiasmercedinas.com\/site\/2024\/12\/17\/fernando-masson-los-libertarios-dicen-defender-a-los-vecinos-y-hacen-justamente-lo-contrario\/#primaryimage"},"thumbnailUrl":"https:\/\/noticiasmercedinas.com\/site\/wp-content\/uploads\/2024\/12\/IMG-20241217-WA0091.jpg","keywords":["concejo deliberante","fernando masson","Uni\u00f3n por la Patria"],"articleSection":["Politica"],"inLanguage":"es"},{"@type":"WebPage","@id":"https:\/\/noticiasmercedinas.com\/site\/2024\/12\/17\/fernando-masson-los-libertarios-dicen-defender-a-los-vecinos-y-hacen-justamente-lo-contrario\/","url":"https:\/\/noticiasmercedinas.com\/site\/2024\/12\/17\/fernando-masson-los-libertarios-dicen-defender-a-los-vecinos-y-hacen-justamente-lo-contrario\/","name":"Fernando Mass\u00f3n: \u201cLos libertarios dicen defender a los vecinos y hacen justamente lo contrario\u201d","isPartOf":{"@id":"https:\/\/noticiasmercedinas.com\/site\/#website"},"primaryImageOfPage":{"@id":"https:\/\/noticiasmercedinas.com\/site\/2024\/12\/17\/fernando-masson-los-libertarios-dicen-defender-a-los-vecinos-y-hacen-justamente-lo-contrario\/#primaryimage"},"image":{"@id":"https:\/\/noticiasmercedinas.com\/site\/2024\/12\/17\/fernando-masson-los-libertarios-dicen-defender-a-los-vecinos-y-hacen-justamente-lo-contrario\/#primaryimage"},"thumbnailUrl":"https:\/\/noticiasmercedinas.com\/site\/wp-content\/uploads\/2024\/12\/IMG-20241217-WA0091.jpg","datePublished":"2024-12-17T22:01:04+00:00","dateModified":"2024-12-17T22:01:43+00:00","breadcrumb":{"@id":"https:\/\/noticiasmercedinas.com\/site\/2024\/12\/17\/fernando-masson-los-libertarios-dicen-defender-a-los-vecinos-y-hacen-justamente-lo-contrario\/#breadcrumb"},"inLanguage":"es","potentialAction":[{"@type":"ReadAction","target":["https:\/\/noticiasmercedinas.com\/site\/2024\/12\/17\/fernando-masson-los-libertarios-dicen-defender-a-los-vecinos-y-hacen-justamente-lo-contrario\/"]}]},{"@type":"ImageObject","inLanguage":"es","@id":"https:\/\/noticiasmercedinas.com\/site\/2024\/12\/17\/fernando-masson-los-libertarios-dicen-defender-a-los-vecinos-y-hacen-justamente-lo-contrario\/#primaryimage","url":"https:\/\/noticiasmercedinas.com\/site\/wp-content\/uploads\/2024\/12\/IMG-20241217-WA0091.jpg","contentUrl":"https:\/\/noticiasmercedinas.com\/site\/wp-content\/uploads\/2024\/12\/IMG-20241217-WA0091.jpg","width":1319,"height":879},{"@type":"BreadcrumbList","@id":"https:\/\/noticiasmercedinas.com\/site\/2024\/12\/17\/fernando-masson-los-libertarios-dicen-defender-a-los-vecinos-y-hacen-justamente-lo-contrario\/#breadcrumb","itemListElement":[{"@type":"ListItem","position":1,"name":"Portada","item":"https:\/\/noticiasmercedinas.com\/site\/"},{"@type":"ListItem","position":2,"name":"Fernando Mass\u00f3n: \u201cLos libertarios dicen defender a los vecinos y hacen justamente lo contrario\u201d"}]},{"@type":"WebSite","@id":"https:\/\/noticiasmercedinas.com\/site\/#website","url":"https:\/\/noticiasmercedinas.com\/site\/","name":"NOTICIASMERCEDINAS.COM","description":"Mercedes, Buenos Aires, Argentina","publisher":{"@id":"https:\/\/noticiasmercedinas.com\/site\/#organization"},"potentialAction":[{"@type":"SearchAction","target":{"@type":"EntryPoint","urlTemplate":"https:\/\/noticiasmercedinas.com\/site\/?s={search_term_string}"},"query-input":{"@type":"PropertyValueSpecification","valueRequired":true,"valueName":"search_term_string"}}],"inLanguage":"es"},{"@type":"Organization","@id":"https:\/\/noticiasmercedinas.com\/site\/#organization","name":"NOTICIASMERCEDINAS.COM","url":"https:\/\/noticiasmercedinas.com\/site\/","logo":{"@type":"ImageObject","inLanguage":"es","@id":"https:\/\/noticiasmercedinas.com\/site\/#\/schema\/logo\/image\/","url":"https:\/\/noticiasmercedinas.com\/site\/wp-content\/uploads\/2020\/06\/LOGO-512.jpg","contentUrl":"https:\/\/noticiasmercedinas.com\/site\/wp-content\/uploads\/2020\/06\/LOGO-512.jpg","width":512,"height":512,"caption":"NOTICIASMERCEDINAS.COM"},"image":{"@id":"https:\/\/noticiasmercedinas.com\/site\/#\/schema\/logo\/image\/"},"sameAs":["https:\/\/www.facebook.com\/noticiasmercedinas\/","https:\/\/x.com\/notmercedinas","https:\/\/www.instagram.com\/noticiasmercedinas\/"]},{"@type":"Person","@id":"https:\/\/noticiasmercedinas.com\/site\/#\/schema\/person\/84b59c099c28ff2e8b77d4ceec5d8063","name":"NOTICIASMERCEDINAS.COM","image":{"@type":"ImageObject","inLanguage":"es","@id":"https:\/\/secure.gravatar.com\/avatar\/4dfbf16b4d17945bfb6341b2d19043457132fcf478a5ee04f42e959fd8f5df0a?s=96&d=mm&r=g","url":"https:\/\/secure.gravatar.com\/avatar\/4dfbf16b4d17945bfb6341b2d19043457132fcf478a5ee04f42e959fd8f5df0a?s=96&d=mm&r=g","contentUrl":"https:\/\/secure.gravatar.com\/avatar\/4dfbf16b4d17945bfb6341b2d19043457132fcf478a5ee04f42e959fd8f5df0a?s=96&d=mm&r=g","caption":"NOTICIASMERCEDINAS.COM"},"url":"https:\/\/noticiasmercedinas.com\/site\/author\/anonimo\/"}]}},"amp_enabled":true,"_links":{"self":[{"href":"https:\/\/noticiasmercedinas.com\/site\/wp-json\/wp\/v2\/posts\/150673","targetHints":{"allow":["GET"]}}],"collection":[{"href":"https:\/\/noticiasmercedinas.com\/site\/wp-json\/wp\/v2\/posts"}],"about":[{"href":"https:\/\/noticiasmercedinas.com\/site\/wp-json\/wp\/v2\/types\/post"}],"author":[{"embeddable":true,"href":"https:\/\/noticiasmercedinas.com\/site\/wp-json\/wp\/v2\/users\/16"}],"replies":[{"embeddable":true,"href":"https:\/\/noticiasmercedinas.com\/site\/wp-json\/wp\/v2\/comments?post=150673"}],"version-history":[{"count":3,"href":"https:\/\/noticiasmercedinas.com\/site\/wp-json\/wp\/v2\/posts\/150673\/revisions"}],"predecessor-version":[{"id":150677,"href":"https:\/\/noticiasmercedinas.com\/site\/wp-json\/wp\/v2\/posts\/150673\/revisions\/150677"}],"wp:featuredmedia":[{"embeddable":true,"href":"https:\/\/noticiasmercedinas.com\/site\/wp-json\/wp\/v2\/media\/150674"}],"wp:attachment":[{"href":"https:\/\/noticiasmercedinas.com\/site\/wp-json\/wp\/v2\/media?parent=150673"}],"wp:term":[{"taxonomy":"category","embeddable":true,"href":"https:\/\/noticiasmercedinas.com\/site\/wp-json\/wp\/v2\/categories?post=150673"},{"taxonomy":"post_tag","embeddable":true,"href":"https:\/\/noticiasmercedinas.com\/site\/wp-json\/wp\/v2\/tags?post=150673"}],"curies":[{"name":"wp","href":"https:\/\/api.w.org\/{rel}","templated":true}]}}