{"id":150772,"date":"2024-12-19T18:37:44","date_gmt":"2024-12-19T21:37:44","guid":{"rendered":"https:\/\/noticiasmercedinas.com\/site\/?p=150772"},"modified":"2024-12-19T18:37:44","modified_gmt":"2024-12-19T21:37:44","slug":"entrega-de-certificados-marco-el-cierre-de-un-ano-de-capacitaciones-en-mercedes","status":"publish","type":"post","link":"https:\/\/noticiasmercedinas.com\/site\/2024\/12\/19\/entrega-de-certificados-marco-el-cierre-de-un-ano-de-capacitaciones-en-mercedes\/","title":{"rendered":"Entrega de certificados marc\u00f3 el cierre de un a\u00f1o de capacitaciones en Mercedes"},"content":{"rendered":"<p><img loading=\"lazy\" decoding=\"async\" class=\"alignnone size-full wp-image-150774\" src=\"https:\/\/noticiasmercedinas.com\/site\/wp-content\/uploads\/2024\/12\/PRODUCCI.jpg\" alt=\"\" width=\"820\" height=\"546\" srcset=\"https:\/\/noticiasmercedinas.com\/site\/wp-content\/uploads\/2024\/12\/PRODUCCI.jpg 820w, https:\/\/noticiasmercedinas.com\/site\/wp-content\/uploads\/2024\/12\/PRODUCCI-300x200.jpg 300w, https:\/\/noticiasmercedinas.com\/site\/wp-content\/uploads\/2024\/12\/PRODUCCI-768x511.jpg 768w, https:\/\/noticiasmercedinas.com\/site\/wp-content\/uploads\/2024\/12\/PRODUCCI-640x426.jpg 640w, https:\/\/noticiasmercedinas.com\/site\/wp-content\/uploads\/2024\/12\/PRODUCCI-681x453.jpg 681w\" sizes=\"auto, (max-width: 820px) 100vw, 820px\" \/><\/p>\n<p>Con una importante concurrencia, se realiz\u00f3 la entrega de certificados a los participantes de las capacitaciones dictadas durante 2024 en Mercedes.<\/p>\n<p>El evento cont\u00f3 con la presencia del intendente <strong>Juan Ignacio Ustarroz<\/strong>, el secretario de Educaci\u00f3n <strong>Jos\u00e9 Luis Pisano<\/strong> y el director de Producci\u00f3n <strong>Mart\u00edn Boragno<\/strong>, quienes acompa\u00f1aron a los asistentes en esta jornada especial.<\/p>\n<p>Entre las propuestas ofrecidas este a\u00f1o se destacaron:<\/p>\n<ul>\n<li>Emprender con \u00c9xito, un ciclo de minicursos orientado a desarrollar el pensamiento emprendedor.<\/li>\n<li>Habilidades Laborales, dise\u00f1ado para j\u00f3venes en b\u00fasqueda de su primer empleo.<\/li>\n<li>Manipulador de Alimentos, un curso gratuito dictado en convenio con el Ministerio de Asuntos Agrarios, requisito indispensable para obtener la libreta sanitaria.<\/li>\n<li>Durante el acto, se reconoci\u00f3 la labor de los capacitadores <strong>Claudia Adami<\/strong>,<strong> Estefan\u00eda Testa <\/strong>y <strong>Mariano Silvera<\/strong>, quienes lideraron cada iniciativa con dedicaci\u00f3n. Adem\u00e1s, se destac\u00f3 el compromiso de varios participantes del curso \u00abEmprender con \u00c9xito\u00bb, entre ellos <strong>Natalia Facciolo<\/strong>,<strong> Natalia Bonifazi<\/strong>, <strong>Leandro Valerga <\/strong>y<strong> Daniela Gabriele<\/strong>.<\/li>\n<\/ul>\n<p>La Municipalidad reafirm\u00f3 su compromiso con la educaci\u00f3n y la formaci\u00f3n laboral, proyectando nuevos desaf\u00edos para 2025.<\/p>\n<p><img loading=\"lazy\" decoding=\"async\" class=\"alignnone size-full wp-image-150773\" src=\"https:\/\/noticiasmercedinas.com\/site\/wp-content\/uploads\/2024\/12\/PRODUCCI2.jpg\" alt=\"\" width=\"763\" height=\"544\" srcset=\"https:\/\/noticiasmercedinas.com\/site\/wp-content\/uploads\/2024\/12\/PRODUCCI2.jpg 763w, https:\/\/noticiasmercedinas.com\/site\/wp-content\/uploads\/2024\/12\/PRODUCCI2-300x214.jpg 300w, https:\/\/noticiasmercedinas.com\/site\/wp-content\/uploads\/2024\/12\/PRODUCCI2-640x456.jpg 640w, https:\/\/noticiasmercedinas.com\/site\/wp-content\/uploads\/2024\/12\/PRODUCCI2-681x486.jpg 681w\" sizes=\"auto, (max-width: 763px) 100vw, 763px\" \/><\/p>\n","protected":false},"excerpt":{"rendered":"<p>Con una importante concurrencia, se realiz\u00f3 la entrega de certificados a los participantes de las capacitaciones dictadas durante 2024 en Mercedes. El evento cont\u00f3 con la presencia del intendente Juan Ignacio Ustarroz, el secretario de Educaci\u00f3n Jos\u00e9 Luis Pisano y el director de Producci\u00f3n Mart\u00edn Boragno, quienes acompa\u00f1aron a los asistentes en esta jornada especial. [&hellip;]<\/p>\n","protected":false},"author":16,"featured_media":150774,"comment_status":"closed","ping_status":"closed","sticky":false,"template":"","format":"standard","meta":{"footnotes":""},"categories":[74],"tags":[19374,1085,19376,268,266,19377,19375,16376,4043,32],"class_list":["post-150772","post","type-post","status-publish","format-standard","has-post-thumbnail","hentry","category-emprendimientos","tag-claudia-adami","tag-cursos","tag-estefania-testa","tag-jose-luis-pisano","tag-juan-ignacio-ustarroz","tag-leandro-valerga","tag-matin-boragno","tag-natalia-bonifazi","tag-natalia-facciolo","tag-produccion"],"yoast_head":"<!-- This site is optimized with the Yoast SEO plugin v27.5 - https:\/\/yoast.com\/product\/yoast-seo-wordpress\/ -->\n<title>Entrega de certificados marc\u00f3 el cierre de un a\u00f1o de capacitaciones en Mercedes<\/title>\n<meta name=\"robots\" content=\"index, follow, max-snippet:-1, max-image-preview:large, max-video-preview:-1\" \/>\n<link rel=\"canonical\" href=\"https:\/\/noticiasmercedinas.com\/site\/2024\/12\/19\/entrega-de-certificados-marco-el-cierre-de-un-ano-de-capacitaciones-en-mercedes\/\" \/>\n<meta property=\"og:locale\" content=\"es_ES\" \/>\n<meta property=\"og:type\" content=\"article\" \/>\n<meta property=\"og:title\" content=\"Entrega de certificados marc\u00f3 el cierre de un a\u00f1o de capacitaciones en Mercedes\" \/>\n<meta property=\"og:description\" content=\"Con una importante concurrencia, se realiz\u00f3 la entrega de certificados a los participantes de las capacitaciones dictadas durante 2024 en Mercedes. El evento cont\u00f3 con la presencia del intendente Juan Ignacio Ustarroz, el secretario de Educaci\u00f3n Jos\u00e9 Luis Pisano y el director de Producci\u00f3n Mart\u00edn Boragno, quienes acompa\u00f1aron a los asistentes en esta jornada especial. [&hellip;]\" \/>\n<meta property=\"og:url\" content=\"https:\/\/noticiasmercedinas.com\/site\/2024\/12\/19\/entrega-de-certificados-marco-el-cierre-de-un-ano-de-capacitaciones-en-mercedes\/\" \/>\n<meta property=\"og:site_name\" content=\"NOTICIASMERCEDINAS.COM\" \/>\n<meta property=\"article:publisher\" content=\"https:\/\/www.facebook.com\/noticiasmercedinas\/\" \/>\n<meta property=\"article:published_time\" content=\"2024-12-19T21:37:44+00:00\" \/>\n<meta property=\"og:image\" content=\"https:\/\/noticiasmercedinas.com\/site\/wp-content\/uploads\/2024\/12\/PRODUCCI.jpg\" \/>\n\t<meta property=\"og:image:width\" content=\"820\" \/>\n\t<meta property=\"og:image:height\" content=\"546\" \/>\n\t<meta property=\"og:image:type\" content=\"image\/jpeg\" \/>\n<meta name=\"author\" content=\"NOTICIASMERCEDINAS.COM\" \/>\n<meta name=\"twitter:card\" content=\"summary_large_image\" \/>\n<meta name=\"twitter:creator\" content=\"@notmercedinas\" \/>\n<meta name=\"twitter:site\" content=\"@notmercedinas\" \/>\n<meta name=\"twitter:label1\" content=\"Escrito por\" \/>\n\t<meta name=\"twitter:data1\" content=\"NOTICIASMERCEDINAS.COM\" \/>\n\t<meta name=\"twitter:label2\" content=\"Tiempo de lectura\" \/>\n\t<meta name=\"twitter:data2\" content=\"1 minuto\" \/>\n<script type=\"application\/ld+json\" class=\"yoast-schema-graph\">{\"@context\":\"https:\\\/\\\/schema.org\",\"@graph\":[{\"@type\":\"Article\",\"@id\":\"https:\\\/\\\/noticiasmercedinas.com\\\/site\\\/2024\\\/12\\\/19\\\/entrega-de-certificados-marco-el-cierre-de-un-ano-de-capacitaciones-en-mercedes\\\/#article\",\"isPartOf\":{\"@id\":\"https:\\\/\\\/noticiasmercedinas.com\\\/site\\\/2024\\\/12\\\/19\\\/entrega-de-certificados-marco-el-cierre-de-un-ano-de-capacitaciones-en-mercedes\\\/\"},\"author\":{\"name\":\"NOTICIASMERCEDINAS.COM\",\"@id\":\"https:\\\/\\\/noticiasmercedinas.com\\\/site\\\/#\\\/schema\\\/person\\\/84b59c099c28ff2e8b77d4ceec5d8063\"},\"headline\":\"Entrega de certificados marc\u00f3 el cierre de un a\u00f1o de capacitaciones en Mercedes\",\"datePublished\":\"2024-12-19T21:37:44+00:00\",\"mainEntityOfPage\":{\"@id\":\"https:\\\/\\\/noticiasmercedinas.com\\\/site\\\/2024\\\/12\\\/19\\\/entrega-de-certificados-marco-el-cierre-de-un-ano-de-capacitaciones-en-mercedes\\\/\"},\"wordCount\":199,\"publisher\":{\"@id\":\"https:\\\/\\\/noticiasmercedinas.com\\\/site\\\/#organization\"},\"image\":{\"@id\":\"https:\\\/\\\/noticiasmercedinas.com\\\/site\\\/2024\\\/12\\\/19\\\/entrega-de-certificados-marco-el-cierre-de-un-ano-de-capacitaciones-en-mercedes\\\/#primaryimage\"},\"thumbnailUrl\":\"https:\\\/\\\/noticiasmercedinas.com\\\/site\\\/wp-content\\\/uploads\\\/2024\\\/12\\\/PRODUCCI.jpg\",\"keywords\":[\"claudia adami\",\"cursos\",\"estefania testa\",\"jose luis pisano\",\"juan ignacio ustarroz\",\"leandro valerga\",\"matin boragno\",\"Natalia Bonifazi\",\"natalia facciolo\",\"produccion\"],\"articleSection\":[\"Emprendimientos\"],\"inLanguage\":\"es\"},{\"@type\":\"WebPage\",\"@id\":\"https:\\\/\\\/noticiasmercedinas.com\\\/site\\\/2024\\\/12\\\/19\\\/entrega-de-certificados-marco-el-cierre-de-un-ano-de-capacitaciones-en-mercedes\\\/\",\"url\":\"https:\\\/\\\/noticiasmercedinas.com\\\/site\\\/2024\\\/12\\\/19\\\/entrega-de-certificados-marco-el-cierre-de-un-ano-de-capacitaciones-en-mercedes\\\/\",\"name\":\"Entrega de certificados marc\u00f3 el cierre de un a\u00f1o de capacitaciones en Mercedes\",\"isPartOf\":{\"@id\":\"https:\\\/\\\/noticiasmercedinas.com\\\/site\\\/#website\"},\"primaryImageOfPage\":{\"@id\":\"https:\\\/\\\/noticiasmercedinas.com\\\/site\\\/2024\\\/12\\\/19\\\/entrega-de-certificados-marco-el-cierre-de-un-ano-de-capacitaciones-en-mercedes\\\/#primaryimage\"},\"image\":{\"@id\":\"https:\\\/\\\/noticiasmercedinas.com\\\/site\\\/2024\\\/12\\\/19\\\/entrega-de-certificados-marco-el-cierre-de-un-ano-de-capacitaciones-en-mercedes\\\/#primaryimage\"},\"thumbnailUrl\":\"https:\\\/\\\/noticiasmercedinas.com\\\/site\\\/wp-content\\\/uploads\\\/2024\\\/12\\\/PRODUCCI.jpg\",\"datePublished\":\"2024-12-19T21:37:44+00:00\",\"breadcrumb\":{\"@id\":\"https:\\\/\\\/noticiasmercedinas.com\\\/site\\\/2024\\\/12\\\/19\\\/entrega-de-certificados-marco-el-cierre-de-un-ano-de-capacitaciones-en-mercedes\\\/#breadcrumb\"},\"inLanguage\":\"es\",\"potentialAction\":[{\"@type\":\"ReadAction\",\"target\":[\"https:\\\/\\\/noticiasmercedinas.com\\\/site\\\/2024\\\/12\\\/19\\\/entrega-de-certificados-marco-el-cierre-de-un-ano-de-capacitaciones-en-mercedes\\\/\"]}]},{\"@type\":\"ImageObject\",\"inLanguage\":\"es\",\"@id\":\"https:\\\/\\\/noticiasmercedinas.com\\\/site\\\/2024\\\/12\\\/19\\\/entrega-de-certificados-marco-el-cierre-de-un-ano-de-capacitaciones-en-mercedes\\\/#primaryimage\",\"url\":\"https:\\\/\\\/noticiasmercedinas.com\\\/site\\\/wp-content\\\/uploads\\\/2024\\\/12\\\/PRODUCCI.jpg\",\"contentUrl\":\"https:\\\/\\\/noticiasmercedinas.com\\\/site\\\/wp-content\\\/uploads\\\/2024\\\/12\\\/PRODUCCI.jpg\",\"width\":820,\"height\":546},{\"@type\":\"BreadcrumbList\",\"@id\":\"https:\\\/\\\/noticiasmercedinas.com\\\/site\\\/2024\\\/12\\\/19\\\/entrega-de-certificados-marco-el-cierre-de-un-ano-de-capacitaciones-en-mercedes\\\/#breadcrumb\",\"itemListElement\":[{\"@type\":\"ListItem\",\"position\":1,\"name\":\"Portada\",\"item\":\"https:\\\/\\\/noticiasmercedinas.com\\\/site\\\/\"},{\"@type\":\"ListItem\",\"position\":2,\"name\":\"Entrega de certificados marc\u00f3 el cierre de un a\u00f1o de capacitaciones en Mercedes\"}]},{\"@type\":\"WebSite\",\"@id\":\"https:\\\/\\\/noticiasmercedinas.com\\\/site\\\/#website\",\"url\":\"https:\\\/\\\/noticiasmercedinas.com\\\/site\\\/\",\"name\":\"NOTICIASMERCEDINAS.COM\",\"description\":\"Mercedes, Buenos Aires, Argentina\",\"publisher\":{\"@id\":\"https:\\\/\\\/noticiasmercedinas.com\\\/site\\\/#organization\"},\"potentialAction\":[{\"@type\":\"SearchAction\",\"target\":{\"@type\":\"EntryPoint\",\"urlTemplate\":\"https:\\\/\\\/noticiasmercedinas.com\\\/site\\\/?s={search_term_string}\"},\"query-input\":{\"@type\":\"PropertyValueSpecification\",\"valueRequired\":true,\"valueName\":\"search_term_string\"}}],\"inLanguage\":\"es\"},{\"@type\":\"Organization\",\"@id\":\"https:\\\/\\\/noticiasmercedinas.com\\\/site\\\/#organization\",\"name\":\"NOTICIASMERCEDINAS.COM\",\"url\":\"https:\\\/\\\/noticiasmercedinas.com\\\/site\\\/\",\"logo\":{\"@type\":\"ImageObject\",\"inLanguage\":\"es\",\"@id\":\"https:\\\/\\\/noticiasmercedinas.com\\\/site\\\/#\\\/schema\\\/logo\\\/image\\\/\",\"url\":\"https:\\\/\\\/noticiasmercedinas.com\\\/site\\\/wp-content\\\/uploads\\\/2020\\\/06\\\/LOGO-512.jpg\",\"contentUrl\":\"https:\\\/\\\/noticiasmercedinas.com\\\/site\\\/wp-content\\\/uploads\\\/2020\\\/06\\\/LOGO-512.jpg\",\"width\":512,\"height\":512,\"caption\":\"NOTICIASMERCEDINAS.COM\"},\"image\":{\"@id\":\"https:\\\/\\\/noticiasmercedinas.com\\\/site\\\/#\\\/schema\\\/logo\\\/image\\\/\"},\"sameAs\":[\"https:\\\/\\\/www.facebook.com\\\/noticiasmercedinas\\\/\",\"https:\\\/\\\/x.com\\\/notmercedinas\",\"https:\\\/\\\/www.instagram.com\\\/noticiasmercedinas\\\/\"]},{\"@type\":\"Person\",\"@id\":\"https:\\\/\\\/noticiasmercedinas.com\\\/site\\\/#\\\/schema\\\/person\\\/84b59c099c28ff2e8b77d4ceec5d8063\",\"name\":\"NOTICIASMERCEDINAS.COM\",\"image\":{\"@type\":\"ImageObject\",\"inLanguage\":\"es\",\"@id\":\"https:\\\/\\\/secure.gravatar.com\\\/avatar\\\/4dfbf16b4d17945bfb6341b2d19043457132fcf478a5ee04f42e959fd8f5df0a?s=96&d=mm&r=g\",\"url\":\"https:\\\/\\\/secure.gravatar.com\\\/avatar\\\/4dfbf16b4d17945bfb6341b2d19043457132fcf478a5ee04f42e959fd8f5df0a?s=96&d=mm&r=g\",\"contentUrl\":\"https:\\\/\\\/secure.gravatar.com\\\/avatar\\\/4dfbf16b4d17945bfb6341b2d19043457132fcf478a5ee04f42e959fd8f5df0a?s=96&d=mm&r=g\",\"caption\":\"NOTICIASMERCEDINAS.COM\"},\"url\":\"https:\\\/\\\/noticiasmercedinas.com\\\/site\\\/author\\\/anonimo\\\/\"}]}<\/script>\n<!-- \/ Yoast SEO plugin. -->","yoast_head_json":{"title":"Entrega de certificados marc\u00f3 el cierre de un a\u00f1o de capacitaciones en Mercedes","robots":{"index":"index","follow":"follow","max-snippet":"max-snippet:-1","max-image-preview":"max-image-preview:large","max-video-preview":"max-video-preview:-1"},"canonical":"https:\/\/noticiasmercedinas.com\/site\/2024\/12\/19\/entrega-de-certificados-marco-el-cierre-de-un-ano-de-capacitaciones-en-mercedes\/","og_locale":"es_ES","og_type":"article","og_title":"Entrega de certificados marc\u00f3 el cierre de un a\u00f1o de capacitaciones en Mercedes","og_description":"Con una importante concurrencia, se realiz\u00f3 la entrega de certificados a los participantes de las capacitaciones dictadas durante 2024 en Mercedes. El evento cont\u00f3 con la presencia del intendente Juan Ignacio Ustarroz, el secretario de Educaci\u00f3n Jos\u00e9 Luis Pisano y el director de Producci\u00f3n Mart\u00edn Boragno, quienes acompa\u00f1aron a los asistentes en esta jornada especial. [&hellip;]","og_url":"https:\/\/noticiasmercedinas.com\/site\/2024\/12\/19\/entrega-de-certificados-marco-el-cierre-de-un-ano-de-capacitaciones-en-mercedes\/","og_site_name":"NOTICIASMERCEDINAS.COM","article_publisher":"https:\/\/www.facebook.com\/noticiasmercedinas\/","article_published_time":"2024-12-19T21:37:44+00:00","og_image":[{"width":820,"height":546,"url":"https:\/\/noticiasmercedinas.com\/site\/wp-content\/uploads\/2024\/12\/PRODUCCI.jpg","type":"image\/jpeg"}],"author":"NOTICIASMERCEDINAS.COM","twitter_card":"summary_large_image","twitter_creator":"@notmercedinas","twitter_site":"@notmercedinas","twitter_misc":{"Escrito por":"NOTICIASMERCEDINAS.COM","Tiempo de lectura":"1 minuto"},"schema":{"@context":"https:\/\/schema.org","@graph":[{"@type":"Article","@id":"https:\/\/noticiasmercedinas.com\/site\/2024\/12\/19\/entrega-de-certificados-marco-el-cierre-de-un-ano-de-capacitaciones-en-mercedes\/#article","isPartOf":{"@id":"https:\/\/noticiasmercedinas.com\/site\/2024\/12\/19\/entrega-de-certificados-marco-el-cierre-de-un-ano-de-capacitaciones-en-mercedes\/"},"author":{"name":"NOTICIASMERCEDINAS.COM","@id":"https:\/\/noticiasmercedinas.com\/site\/#\/schema\/person\/84b59c099c28ff2e8b77d4ceec5d8063"},"headline":"Entrega de certificados marc\u00f3 el cierre de un a\u00f1o de capacitaciones en Mercedes","datePublished":"2024-12-19T21:37:44+00:00","mainEntityOfPage":{"@id":"https:\/\/noticiasmercedinas.com\/site\/2024\/12\/19\/entrega-de-certificados-marco-el-cierre-de-un-ano-de-capacitaciones-en-mercedes\/"},"wordCount":199,"publisher":{"@id":"https:\/\/noticiasmercedinas.com\/site\/#organization"},"image":{"@id":"https:\/\/noticiasmercedinas.com\/site\/2024\/12\/19\/entrega-de-certificados-marco-el-cierre-de-un-ano-de-capacitaciones-en-mercedes\/#primaryimage"},"thumbnailUrl":"https:\/\/noticiasmercedinas.com\/site\/wp-content\/uploads\/2024\/12\/PRODUCCI.jpg","keywords":["claudia adami","cursos","estefania testa","jose luis pisano","juan ignacio ustarroz","leandro valerga","matin boragno","Natalia Bonifazi","natalia facciolo","produccion"],"articleSection":["Emprendimientos"],"inLanguage":"es"},{"@type":"WebPage","@id":"https:\/\/noticiasmercedinas.com\/site\/2024\/12\/19\/entrega-de-certificados-marco-el-cierre-de-un-ano-de-capacitaciones-en-mercedes\/","url":"https:\/\/noticiasmercedinas.com\/site\/2024\/12\/19\/entrega-de-certificados-marco-el-cierre-de-un-ano-de-capacitaciones-en-mercedes\/","name":"Entrega de certificados marc\u00f3 el cierre de un a\u00f1o de capacitaciones en Mercedes","isPartOf":{"@id":"https:\/\/noticiasmercedinas.com\/site\/#website"},"primaryImageOfPage":{"@id":"https:\/\/noticiasmercedinas.com\/site\/2024\/12\/19\/entrega-de-certificados-marco-el-cierre-de-un-ano-de-capacitaciones-en-mercedes\/#primaryimage"},"image":{"@id":"https:\/\/noticiasmercedinas.com\/site\/2024\/12\/19\/entrega-de-certificados-marco-el-cierre-de-un-ano-de-capacitaciones-en-mercedes\/#primaryimage"},"thumbnailUrl":"https:\/\/noticiasmercedinas.com\/site\/wp-content\/uploads\/2024\/12\/PRODUCCI.jpg","datePublished":"2024-12-19T21:37:44+00:00","breadcrumb":{"@id":"https:\/\/noticiasmercedinas.com\/site\/2024\/12\/19\/entrega-de-certificados-marco-el-cierre-de-un-ano-de-capacitaciones-en-mercedes\/#breadcrumb"},"inLanguage":"es","potentialAction":[{"@type":"ReadAction","target":["https:\/\/noticiasmercedinas.com\/site\/2024\/12\/19\/entrega-de-certificados-marco-el-cierre-de-un-ano-de-capacitaciones-en-mercedes\/"]}]},{"@type":"ImageObject","inLanguage":"es","@id":"https:\/\/noticiasmercedinas.com\/site\/2024\/12\/19\/entrega-de-certificados-marco-el-cierre-de-un-ano-de-capacitaciones-en-mercedes\/#primaryimage","url":"https:\/\/noticiasmercedinas.com\/site\/wp-content\/uploads\/2024\/12\/PRODUCCI.jpg","contentUrl":"https:\/\/noticiasmercedinas.com\/site\/wp-content\/uploads\/2024\/12\/PRODUCCI.jpg","width":820,"height":546},{"@type":"BreadcrumbList","@id":"https:\/\/noticiasmercedinas.com\/site\/2024\/12\/19\/entrega-de-certificados-marco-el-cierre-de-un-ano-de-capacitaciones-en-mercedes\/#breadcrumb","itemListElement":[{"@type":"ListItem","position":1,"name":"Portada","item":"https:\/\/noticiasmercedinas.com\/site\/"},{"@type":"ListItem","position":2,"name":"Entrega de certificados marc\u00f3 el cierre de un a\u00f1o de capacitaciones en Mercedes"}]},{"@type":"WebSite","@id":"https:\/\/noticiasmercedinas.com\/site\/#website","url":"https:\/\/noticiasmercedinas.com\/site\/","name":"NOTICIASMERCEDINAS.COM","description":"Mercedes, Buenos Aires, Argentina","publisher":{"@id":"https:\/\/noticiasmercedinas.com\/site\/#organization"},"potentialAction":[{"@type":"SearchAction","target":{"@type":"EntryPoint","urlTemplate":"https:\/\/noticiasmercedinas.com\/site\/?s={search_term_string}"},"query-input":{"@type":"PropertyValueSpecification","valueRequired":true,"valueName":"search_term_string"}}],"inLanguage":"es"},{"@type":"Organization","@id":"https:\/\/noticiasmercedinas.com\/site\/#organization","name":"NOTICIASMERCEDINAS.COM","url":"https:\/\/noticiasmercedinas.com\/site\/","logo":{"@type":"ImageObject","inLanguage":"es","@id":"https:\/\/noticiasmercedinas.com\/site\/#\/schema\/logo\/image\/","url":"https:\/\/noticiasmercedinas.com\/site\/wp-content\/uploads\/2020\/06\/LOGO-512.jpg","contentUrl":"https:\/\/noticiasmercedinas.com\/site\/wp-content\/uploads\/2020\/06\/LOGO-512.jpg","width":512,"height":512,"caption":"NOTICIASMERCEDINAS.COM"},"image":{"@id":"https:\/\/noticiasmercedinas.com\/site\/#\/schema\/logo\/image\/"},"sameAs":["https:\/\/www.facebook.com\/noticiasmercedinas\/","https:\/\/x.com\/notmercedinas","https:\/\/www.instagram.com\/noticiasmercedinas\/"]},{"@type":"Person","@id":"https:\/\/noticiasmercedinas.com\/site\/#\/schema\/person\/84b59c099c28ff2e8b77d4ceec5d8063","name":"NOTICIASMERCEDINAS.COM","image":{"@type":"ImageObject","inLanguage":"es","@id":"https:\/\/secure.gravatar.com\/avatar\/4dfbf16b4d17945bfb6341b2d19043457132fcf478a5ee04f42e959fd8f5df0a?s=96&d=mm&r=g","url":"https:\/\/secure.gravatar.com\/avatar\/4dfbf16b4d17945bfb6341b2d19043457132fcf478a5ee04f42e959fd8f5df0a?s=96&d=mm&r=g","contentUrl":"https:\/\/secure.gravatar.com\/avatar\/4dfbf16b4d17945bfb6341b2d19043457132fcf478a5ee04f42e959fd8f5df0a?s=96&d=mm&r=g","caption":"NOTICIASMERCEDINAS.COM"},"url":"https:\/\/noticiasmercedinas.com\/site\/author\/anonimo\/"}]}},"amp_enabled":true,"_links":{"self":[{"href":"https:\/\/noticiasmercedinas.com\/site\/wp-json\/wp\/v2\/posts\/150772","targetHints":{"allow":["GET"]}}],"collection":[{"href":"https:\/\/noticiasmercedinas.com\/site\/wp-json\/wp\/v2\/posts"}],"about":[{"href":"https:\/\/noticiasmercedinas.com\/site\/wp-json\/wp\/v2\/types\/post"}],"author":[{"embeddable":true,"href":"https:\/\/noticiasmercedinas.com\/site\/wp-json\/wp\/v2\/users\/16"}],"replies":[{"embeddable":true,"href":"https:\/\/noticiasmercedinas.com\/site\/wp-json\/wp\/v2\/comments?post=150772"}],"version-history":[{"count":1,"href":"https:\/\/noticiasmercedinas.com\/site\/wp-json\/wp\/v2\/posts\/150772\/revisions"}],"predecessor-version":[{"id":150775,"href":"https:\/\/noticiasmercedinas.com\/site\/wp-json\/wp\/v2\/posts\/150772\/revisions\/150775"}],"wp:featuredmedia":[{"embeddable":true,"href":"https:\/\/noticiasmercedinas.com\/site\/wp-json\/wp\/v2\/media\/150774"}],"wp:attachment":[{"href":"https:\/\/noticiasmercedinas.com\/site\/wp-json\/wp\/v2\/media?parent=150772"}],"wp:term":[{"taxonomy":"category","embeddable":true,"href":"https:\/\/noticiasmercedinas.com\/site\/wp-json\/wp\/v2\/categories?post=150772"},{"taxonomy":"post_tag","embeddable":true,"href":"https:\/\/noticiasmercedinas.com\/site\/wp-json\/wp\/v2\/tags?post=150772"}],"curies":[{"name":"wp","href":"https:\/\/api.w.org\/{rel}","templated":true}]}}