{"id":150785,"date":"2024-12-19T20:13:07","date_gmt":"2024-12-19T23:13:07","guid":{"rendered":"https:\/\/noticiasmercedinas.com\/site\/?p=150785"},"modified":"2024-12-19T20:13:07","modified_gmt":"2024-12-19T23:13:07","slug":"realizaran-una-interrupcion-programada-de-energia-el-domingo-22-por-tareas-de-mantenimiento","status":"publish","type":"post","link":"https:\/\/noticiasmercedinas.com\/site\/2024\/12\/19\/realizaran-una-interrupcion-programada-de-energia-el-domingo-22-por-tareas-de-mantenimiento\/","title":{"rendered":"Realizar\u00e1n una interrupci\u00f3n programada de energ\u00eda el domingo 22 por tareas de mantenimiento"},"content":{"rendered":"<p><img loading=\"lazy\" decoding=\"async\" class=\"alignnone size-full wp-image-5317\" src=\"https:\/\/noticiasmercedinas.com\/site\/wp-content\/uploads\/2018\/10\/EDENObrasMercedes2-1.jpg\" alt=\"\" width=\"640\" height=\"434\" srcset=\"https:\/\/noticiasmercedinas.com\/site\/wp-content\/uploads\/2018\/10\/EDENObrasMercedes2-1.jpg 640w, https:\/\/noticiasmercedinas.com\/site\/wp-content\/uploads\/2018\/10\/EDENObrasMercedes2-1-300x203.jpg 300w\" sizes=\"auto, (max-width: 640px) 100vw, 640px\" \/><\/p>\n<p>La distribuidora de electricidad EDEN llevar\u00e1 a cabo el pr\u00f3ximo domingo 22 de diciembre una interrupci\u00f3n programada en el suministro de energ\u00eda en la zona centro de Mercedes, en el marco de un importante trabajo de mantenimiento y modernizaci\u00f3n de su infraestructura.<\/p>\n<p>La interrupci\u00f3n se extender\u00e1 entre las 4:30 y las 15:00 horas, afectando a los usuarios de un sector espec\u00edfico de la ciudad.<\/p>\n<blockquote><p>La interrupci\u00f3n del servicio afectar\u00e1 el cuadrante delimitado por las calles 22 a 28 y 23 a 33.<\/p><\/blockquote>\n<p>Entre las tareas planificadas, se destacan la modernizaci\u00f3n de equipos para mejorar la maniobrabilidad de la red el\u00e9ctrica y la instalaci\u00f3n de un nuevo sistema de ventilaci\u00f3n en un Centro de Transformaci\u00f3n.<\/p>\n<p>Esta medida tiene como objetivo garantizar la eficiencia de los equipos frente al aumento de las temperaturas que se prev\u00e9n para la temporada de verano, asegurando as\u00ed un suministro m\u00e1s seguro y confiable para los usuarios.<\/p>\n<p>La interrupci\u00f3n del servicio afectar\u00e1 el cuadrante delimitado por las calles 22 a 28 y 23 a 33. Los usuarios registrados en la Oficina Virtual de EDEN (a trav\u00e9s de su p\u00e1gina web o aplicaci\u00f3n m\u00f3vil) recibir\u00e1n notificaciones por correo electr\u00f3nico, tanto antes como despu\u00e9s de la realizaci\u00f3n de los trabajos, para mantenerlos informados sobre el estado de la intervenci\u00f3n.<\/p>\n<p>Para m\u00e1s informaci\u00f3n o consultas, los usuarios pueden comunicarse con la empresa a trav\u00e9s del n\u00famero de atenci\u00f3n telef\u00f3nica 0800 999 3336 o mediante sus redes sociales oficiales en Facebook, Instagram, X y LinkedIn.<\/p>\n","protected":false},"excerpt":{"rendered":"<p>\u25a0 El corte se extender\u00e1 entre las 4:30 y las 15:00 horas, afectando a los usuarios de un sector espec\u00edfico en la zona c\u00e9ntrica. Lo anunci\u00f3 la Distribuidora EDEN.<\/p>\n","protected":false},"author":16,"featured_media":5317,"comment_status":"closed","ping_status":"closed","sticky":false,"template":"","format":"standard","meta":{"footnotes":""},"categories":[3],"tags":[1801,34],"class_list":["post-150785","post","type-post","status-publish","format-standard","has-post-thumbnail","hentry","category-sociedad","tag-corte-de-luz","tag-eden"],"yoast_head":"<!-- This site is optimized with the Yoast SEO plugin v27.5 - https:\/\/yoast.com\/product\/yoast-seo-wordpress\/ -->\n<title>Realizar\u00e1n una interrupci\u00f3n programada de energ\u00eda el domingo 22 por tareas de mantenimiento<\/title>\n<meta name=\"robots\" content=\"index, follow, max-snippet:-1, max-image-preview:large, max-video-preview:-1\" \/>\n<link rel=\"canonical\" href=\"https:\/\/noticiasmercedinas.com\/site\/2024\/12\/19\/realizaran-una-interrupcion-programada-de-energia-el-domingo-22-por-tareas-de-mantenimiento\/\" \/>\n<meta property=\"og:locale\" content=\"es_ES\" \/>\n<meta property=\"og:type\" content=\"article\" \/>\n<meta property=\"og:title\" content=\"Realizar\u00e1n una interrupci\u00f3n programada de energ\u00eda el domingo 22 por tareas de mantenimiento\" \/>\n<meta property=\"og:description\" content=\"\u25a0 El corte se extender\u00e1 entre las 4:30 y las 15:00 horas, afectando a los usuarios de un sector espec\u00edfico en la zona c\u00e9ntrica. Lo anunci\u00f3 la Distribuidora EDEN.\" \/>\n<meta property=\"og:url\" content=\"https:\/\/noticiasmercedinas.com\/site\/2024\/12\/19\/realizaran-una-interrupcion-programada-de-energia-el-domingo-22-por-tareas-de-mantenimiento\/\" \/>\n<meta property=\"og:site_name\" content=\"NOTICIASMERCEDINAS.COM\" \/>\n<meta property=\"article:publisher\" content=\"https:\/\/www.facebook.com\/noticiasmercedinas\/\" \/>\n<meta property=\"article:published_time\" content=\"2024-12-19T23:13:07+00:00\" \/>\n<meta property=\"og:image\" content=\"https:\/\/noticiasmercedinas.com\/site\/wp-content\/uploads\/2018\/10\/EDENObrasMercedes2-1.jpg\" \/>\n\t<meta property=\"og:image:width\" content=\"640\" \/>\n\t<meta property=\"og:image:height\" content=\"434\" \/>\n\t<meta property=\"og:image:type\" content=\"image\/jpeg\" \/>\n<meta name=\"author\" content=\"NOTICIASMERCEDINAS.COM\" \/>\n<meta name=\"twitter:card\" content=\"summary_large_image\" \/>\n<meta name=\"twitter:creator\" content=\"@notmercedinas\" \/>\n<meta name=\"twitter:site\" content=\"@notmercedinas\" \/>\n<meta name=\"twitter:label1\" content=\"Escrito por\" \/>\n\t<meta name=\"twitter:data1\" content=\"NOTICIASMERCEDINAS.COM\" \/>\n\t<meta name=\"twitter:label2\" content=\"Tiempo de lectura\" \/>\n\t<meta name=\"twitter:data2\" content=\"1 minuto\" \/>\n<script type=\"application\/ld+json\" class=\"yoast-schema-graph\">{\"@context\":\"https:\\\/\\\/schema.org\",\"@graph\":[{\"@type\":\"Article\",\"@id\":\"https:\\\/\\\/noticiasmercedinas.com\\\/site\\\/2024\\\/12\\\/19\\\/realizaran-una-interrupcion-programada-de-energia-el-domingo-22-por-tareas-de-mantenimiento\\\/#article\",\"isPartOf\":{\"@id\":\"https:\\\/\\\/noticiasmercedinas.com\\\/site\\\/2024\\\/12\\\/19\\\/realizaran-una-interrupcion-programada-de-energia-el-domingo-22-por-tareas-de-mantenimiento\\\/\"},\"author\":{\"name\":\"NOTICIASMERCEDINAS.COM\",\"@id\":\"https:\\\/\\\/noticiasmercedinas.com\\\/site\\\/#\\\/schema\\\/person\\\/84b59c099c28ff2e8b77d4ceec5d8063\"},\"headline\":\"Realizar\u00e1n una interrupci\u00f3n programada de energ\u00eda el domingo 22 por tareas de mantenimiento\",\"datePublished\":\"2024-12-19T23:13:07+00:00\",\"mainEntityOfPage\":{\"@id\":\"https:\\\/\\\/noticiasmercedinas.com\\\/site\\\/2024\\\/12\\\/19\\\/realizaran-una-interrupcion-programada-de-energia-el-domingo-22-por-tareas-de-mantenimiento\\\/\"},\"wordCount\":275,\"publisher\":{\"@id\":\"https:\\\/\\\/noticiasmercedinas.com\\\/site\\\/#organization\"},\"image\":{\"@id\":\"https:\\\/\\\/noticiasmercedinas.com\\\/site\\\/2024\\\/12\\\/19\\\/realizaran-una-interrupcion-programada-de-energia-el-domingo-22-por-tareas-de-mantenimiento\\\/#primaryimage\"},\"thumbnailUrl\":\"https:\\\/\\\/noticiasmercedinas.com\\\/site\\\/wp-content\\\/uploads\\\/2018\\\/10\\\/EDENObrasMercedes2-1.jpg\",\"keywords\":[\"corte de luz\",\"eden\"],\"articleSection\":[\"Sociedad\"],\"inLanguage\":\"es\"},{\"@type\":\"WebPage\",\"@id\":\"https:\\\/\\\/noticiasmercedinas.com\\\/site\\\/2024\\\/12\\\/19\\\/realizaran-una-interrupcion-programada-de-energia-el-domingo-22-por-tareas-de-mantenimiento\\\/\",\"url\":\"https:\\\/\\\/noticiasmercedinas.com\\\/site\\\/2024\\\/12\\\/19\\\/realizaran-una-interrupcion-programada-de-energia-el-domingo-22-por-tareas-de-mantenimiento\\\/\",\"name\":\"Realizar\u00e1n una interrupci\u00f3n programada de energ\u00eda el domingo 22 por tareas de mantenimiento\",\"isPartOf\":{\"@id\":\"https:\\\/\\\/noticiasmercedinas.com\\\/site\\\/#website\"},\"primaryImageOfPage\":{\"@id\":\"https:\\\/\\\/noticiasmercedinas.com\\\/site\\\/2024\\\/12\\\/19\\\/realizaran-una-interrupcion-programada-de-energia-el-domingo-22-por-tareas-de-mantenimiento\\\/#primaryimage\"},\"image\":{\"@id\":\"https:\\\/\\\/noticiasmercedinas.com\\\/site\\\/2024\\\/12\\\/19\\\/realizaran-una-interrupcion-programada-de-energia-el-domingo-22-por-tareas-de-mantenimiento\\\/#primaryimage\"},\"thumbnailUrl\":\"https:\\\/\\\/noticiasmercedinas.com\\\/site\\\/wp-content\\\/uploads\\\/2018\\\/10\\\/EDENObrasMercedes2-1.jpg\",\"datePublished\":\"2024-12-19T23:13:07+00:00\",\"breadcrumb\":{\"@id\":\"https:\\\/\\\/noticiasmercedinas.com\\\/site\\\/2024\\\/12\\\/19\\\/realizaran-una-interrupcion-programada-de-energia-el-domingo-22-por-tareas-de-mantenimiento\\\/#breadcrumb\"},\"inLanguage\":\"es\",\"potentialAction\":[{\"@type\":\"ReadAction\",\"target\":[\"https:\\\/\\\/noticiasmercedinas.com\\\/site\\\/2024\\\/12\\\/19\\\/realizaran-una-interrupcion-programada-de-energia-el-domingo-22-por-tareas-de-mantenimiento\\\/\"]}]},{\"@type\":\"ImageObject\",\"inLanguage\":\"es\",\"@id\":\"https:\\\/\\\/noticiasmercedinas.com\\\/site\\\/2024\\\/12\\\/19\\\/realizaran-una-interrupcion-programada-de-energia-el-domingo-22-por-tareas-de-mantenimiento\\\/#primaryimage\",\"url\":\"https:\\\/\\\/noticiasmercedinas.com\\\/site\\\/wp-content\\\/uploads\\\/2018\\\/10\\\/EDENObrasMercedes2-1.jpg\",\"contentUrl\":\"https:\\\/\\\/noticiasmercedinas.com\\\/site\\\/wp-content\\\/uploads\\\/2018\\\/10\\\/EDENObrasMercedes2-1.jpg\",\"width\":640,\"height\":434},{\"@type\":\"BreadcrumbList\",\"@id\":\"https:\\\/\\\/noticiasmercedinas.com\\\/site\\\/2024\\\/12\\\/19\\\/realizaran-una-interrupcion-programada-de-energia-el-domingo-22-por-tareas-de-mantenimiento\\\/#breadcrumb\",\"itemListElement\":[{\"@type\":\"ListItem\",\"position\":1,\"name\":\"Portada\",\"item\":\"https:\\\/\\\/noticiasmercedinas.com\\\/site\\\/\"},{\"@type\":\"ListItem\",\"position\":2,\"name\":\"Realizar\u00e1n una interrupci\u00f3n programada de energ\u00eda el domingo 22 por tareas de mantenimiento\"}]},{\"@type\":\"WebSite\",\"@id\":\"https:\\\/\\\/noticiasmercedinas.com\\\/site\\\/#website\",\"url\":\"https:\\\/\\\/noticiasmercedinas.com\\\/site\\\/\",\"name\":\"NOTICIASMERCEDINAS.COM\",\"description\":\"Mercedes, Buenos Aires, Argentina\",\"publisher\":{\"@id\":\"https:\\\/\\\/noticiasmercedinas.com\\\/site\\\/#organization\"},\"potentialAction\":[{\"@type\":\"SearchAction\",\"target\":{\"@type\":\"EntryPoint\",\"urlTemplate\":\"https:\\\/\\\/noticiasmercedinas.com\\\/site\\\/?s={search_term_string}\"},\"query-input\":{\"@type\":\"PropertyValueSpecification\",\"valueRequired\":true,\"valueName\":\"search_term_string\"}}],\"inLanguage\":\"es\"},{\"@type\":\"Organization\",\"@id\":\"https:\\\/\\\/noticiasmercedinas.com\\\/site\\\/#organization\",\"name\":\"NOTICIASMERCEDINAS.COM\",\"url\":\"https:\\\/\\\/noticiasmercedinas.com\\\/site\\\/\",\"logo\":{\"@type\":\"ImageObject\",\"inLanguage\":\"es\",\"@id\":\"https:\\\/\\\/noticiasmercedinas.com\\\/site\\\/#\\\/schema\\\/logo\\\/image\\\/\",\"url\":\"https:\\\/\\\/noticiasmercedinas.com\\\/site\\\/wp-content\\\/uploads\\\/2020\\\/06\\\/LOGO-512.jpg\",\"contentUrl\":\"https:\\\/\\\/noticiasmercedinas.com\\\/site\\\/wp-content\\\/uploads\\\/2020\\\/06\\\/LOGO-512.jpg\",\"width\":512,\"height\":512,\"caption\":\"NOTICIASMERCEDINAS.COM\"},\"image\":{\"@id\":\"https:\\\/\\\/noticiasmercedinas.com\\\/site\\\/#\\\/schema\\\/logo\\\/image\\\/\"},\"sameAs\":[\"https:\\\/\\\/www.facebook.com\\\/noticiasmercedinas\\\/\",\"https:\\\/\\\/x.com\\\/notmercedinas\",\"https:\\\/\\\/www.instagram.com\\\/noticiasmercedinas\\\/\"]},{\"@type\":\"Person\",\"@id\":\"https:\\\/\\\/noticiasmercedinas.com\\\/site\\\/#\\\/schema\\\/person\\\/84b59c099c28ff2e8b77d4ceec5d8063\",\"name\":\"NOTICIASMERCEDINAS.COM\",\"image\":{\"@type\":\"ImageObject\",\"inLanguage\":\"es\",\"@id\":\"https:\\\/\\\/secure.gravatar.com\\\/avatar\\\/4dfbf16b4d17945bfb6341b2d19043457132fcf478a5ee04f42e959fd8f5df0a?s=96&d=mm&r=g\",\"url\":\"https:\\\/\\\/secure.gravatar.com\\\/avatar\\\/4dfbf16b4d17945bfb6341b2d19043457132fcf478a5ee04f42e959fd8f5df0a?s=96&d=mm&r=g\",\"contentUrl\":\"https:\\\/\\\/secure.gravatar.com\\\/avatar\\\/4dfbf16b4d17945bfb6341b2d19043457132fcf478a5ee04f42e959fd8f5df0a?s=96&d=mm&r=g\",\"caption\":\"NOTICIASMERCEDINAS.COM\"},\"url\":\"https:\\\/\\\/noticiasmercedinas.com\\\/site\\\/author\\\/anonimo\\\/\"}]}<\/script>\n<!-- \/ Yoast SEO plugin. -->","yoast_head_json":{"title":"Realizar\u00e1n una interrupci\u00f3n programada de energ\u00eda el domingo 22 por tareas de mantenimiento","robots":{"index":"index","follow":"follow","max-snippet":"max-snippet:-1","max-image-preview":"max-image-preview:large","max-video-preview":"max-video-preview:-1"},"canonical":"https:\/\/noticiasmercedinas.com\/site\/2024\/12\/19\/realizaran-una-interrupcion-programada-de-energia-el-domingo-22-por-tareas-de-mantenimiento\/","og_locale":"es_ES","og_type":"article","og_title":"Realizar\u00e1n una interrupci\u00f3n programada de energ\u00eda el domingo 22 por tareas de mantenimiento","og_description":"\u25a0 El corte se extender\u00e1 entre las 4:30 y las 15:00 horas, afectando a los usuarios de un sector espec\u00edfico en la zona c\u00e9ntrica. Lo anunci\u00f3 la Distribuidora EDEN.","og_url":"https:\/\/noticiasmercedinas.com\/site\/2024\/12\/19\/realizaran-una-interrupcion-programada-de-energia-el-domingo-22-por-tareas-de-mantenimiento\/","og_site_name":"NOTICIASMERCEDINAS.COM","article_publisher":"https:\/\/www.facebook.com\/noticiasmercedinas\/","article_published_time":"2024-12-19T23:13:07+00:00","og_image":[{"width":640,"height":434,"url":"https:\/\/noticiasmercedinas.com\/site\/wp-content\/uploads\/2018\/10\/EDENObrasMercedes2-1.jpg","type":"image\/jpeg"}],"author":"NOTICIASMERCEDINAS.COM","twitter_card":"summary_large_image","twitter_creator":"@notmercedinas","twitter_site":"@notmercedinas","twitter_misc":{"Escrito por":"NOTICIASMERCEDINAS.COM","Tiempo de lectura":"1 minuto"},"schema":{"@context":"https:\/\/schema.org","@graph":[{"@type":"Article","@id":"https:\/\/noticiasmercedinas.com\/site\/2024\/12\/19\/realizaran-una-interrupcion-programada-de-energia-el-domingo-22-por-tareas-de-mantenimiento\/#article","isPartOf":{"@id":"https:\/\/noticiasmercedinas.com\/site\/2024\/12\/19\/realizaran-una-interrupcion-programada-de-energia-el-domingo-22-por-tareas-de-mantenimiento\/"},"author":{"name":"NOTICIASMERCEDINAS.COM","@id":"https:\/\/noticiasmercedinas.com\/site\/#\/schema\/person\/84b59c099c28ff2e8b77d4ceec5d8063"},"headline":"Realizar\u00e1n una interrupci\u00f3n programada de energ\u00eda el domingo 22 por tareas de mantenimiento","datePublished":"2024-12-19T23:13:07+00:00","mainEntityOfPage":{"@id":"https:\/\/noticiasmercedinas.com\/site\/2024\/12\/19\/realizaran-una-interrupcion-programada-de-energia-el-domingo-22-por-tareas-de-mantenimiento\/"},"wordCount":275,"publisher":{"@id":"https:\/\/noticiasmercedinas.com\/site\/#organization"},"image":{"@id":"https:\/\/noticiasmercedinas.com\/site\/2024\/12\/19\/realizaran-una-interrupcion-programada-de-energia-el-domingo-22-por-tareas-de-mantenimiento\/#primaryimage"},"thumbnailUrl":"https:\/\/noticiasmercedinas.com\/site\/wp-content\/uploads\/2018\/10\/EDENObrasMercedes2-1.jpg","keywords":["corte de luz","eden"],"articleSection":["Sociedad"],"inLanguage":"es"},{"@type":"WebPage","@id":"https:\/\/noticiasmercedinas.com\/site\/2024\/12\/19\/realizaran-una-interrupcion-programada-de-energia-el-domingo-22-por-tareas-de-mantenimiento\/","url":"https:\/\/noticiasmercedinas.com\/site\/2024\/12\/19\/realizaran-una-interrupcion-programada-de-energia-el-domingo-22-por-tareas-de-mantenimiento\/","name":"Realizar\u00e1n una interrupci\u00f3n programada de energ\u00eda el domingo 22 por tareas de mantenimiento","isPartOf":{"@id":"https:\/\/noticiasmercedinas.com\/site\/#website"},"primaryImageOfPage":{"@id":"https:\/\/noticiasmercedinas.com\/site\/2024\/12\/19\/realizaran-una-interrupcion-programada-de-energia-el-domingo-22-por-tareas-de-mantenimiento\/#primaryimage"},"image":{"@id":"https:\/\/noticiasmercedinas.com\/site\/2024\/12\/19\/realizaran-una-interrupcion-programada-de-energia-el-domingo-22-por-tareas-de-mantenimiento\/#primaryimage"},"thumbnailUrl":"https:\/\/noticiasmercedinas.com\/site\/wp-content\/uploads\/2018\/10\/EDENObrasMercedes2-1.jpg","datePublished":"2024-12-19T23:13:07+00:00","breadcrumb":{"@id":"https:\/\/noticiasmercedinas.com\/site\/2024\/12\/19\/realizaran-una-interrupcion-programada-de-energia-el-domingo-22-por-tareas-de-mantenimiento\/#breadcrumb"},"inLanguage":"es","potentialAction":[{"@type":"ReadAction","target":["https:\/\/noticiasmercedinas.com\/site\/2024\/12\/19\/realizaran-una-interrupcion-programada-de-energia-el-domingo-22-por-tareas-de-mantenimiento\/"]}]},{"@type":"ImageObject","inLanguage":"es","@id":"https:\/\/noticiasmercedinas.com\/site\/2024\/12\/19\/realizaran-una-interrupcion-programada-de-energia-el-domingo-22-por-tareas-de-mantenimiento\/#primaryimage","url":"https:\/\/noticiasmercedinas.com\/site\/wp-content\/uploads\/2018\/10\/EDENObrasMercedes2-1.jpg","contentUrl":"https:\/\/noticiasmercedinas.com\/site\/wp-content\/uploads\/2018\/10\/EDENObrasMercedes2-1.jpg","width":640,"height":434},{"@type":"BreadcrumbList","@id":"https:\/\/noticiasmercedinas.com\/site\/2024\/12\/19\/realizaran-una-interrupcion-programada-de-energia-el-domingo-22-por-tareas-de-mantenimiento\/#breadcrumb","itemListElement":[{"@type":"ListItem","position":1,"name":"Portada","item":"https:\/\/noticiasmercedinas.com\/site\/"},{"@type":"ListItem","position":2,"name":"Realizar\u00e1n una interrupci\u00f3n programada de energ\u00eda el domingo 22 por tareas de mantenimiento"}]},{"@type":"WebSite","@id":"https:\/\/noticiasmercedinas.com\/site\/#website","url":"https:\/\/noticiasmercedinas.com\/site\/","name":"NOTICIASMERCEDINAS.COM","description":"Mercedes, Buenos Aires, Argentina","publisher":{"@id":"https:\/\/noticiasmercedinas.com\/site\/#organization"},"potentialAction":[{"@type":"SearchAction","target":{"@type":"EntryPoint","urlTemplate":"https:\/\/noticiasmercedinas.com\/site\/?s={search_term_string}"},"query-input":{"@type":"PropertyValueSpecification","valueRequired":true,"valueName":"search_term_string"}}],"inLanguage":"es"},{"@type":"Organization","@id":"https:\/\/noticiasmercedinas.com\/site\/#organization","name":"NOTICIASMERCEDINAS.COM","url":"https:\/\/noticiasmercedinas.com\/site\/","logo":{"@type":"ImageObject","inLanguage":"es","@id":"https:\/\/noticiasmercedinas.com\/site\/#\/schema\/logo\/image\/","url":"https:\/\/noticiasmercedinas.com\/site\/wp-content\/uploads\/2020\/06\/LOGO-512.jpg","contentUrl":"https:\/\/noticiasmercedinas.com\/site\/wp-content\/uploads\/2020\/06\/LOGO-512.jpg","width":512,"height":512,"caption":"NOTICIASMERCEDINAS.COM"},"image":{"@id":"https:\/\/noticiasmercedinas.com\/site\/#\/schema\/logo\/image\/"},"sameAs":["https:\/\/www.facebook.com\/noticiasmercedinas\/","https:\/\/x.com\/notmercedinas","https:\/\/www.instagram.com\/noticiasmercedinas\/"]},{"@type":"Person","@id":"https:\/\/noticiasmercedinas.com\/site\/#\/schema\/person\/84b59c099c28ff2e8b77d4ceec5d8063","name":"NOTICIASMERCEDINAS.COM","image":{"@type":"ImageObject","inLanguage":"es","@id":"https:\/\/secure.gravatar.com\/avatar\/4dfbf16b4d17945bfb6341b2d19043457132fcf478a5ee04f42e959fd8f5df0a?s=96&d=mm&r=g","url":"https:\/\/secure.gravatar.com\/avatar\/4dfbf16b4d17945bfb6341b2d19043457132fcf478a5ee04f42e959fd8f5df0a?s=96&d=mm&r=g","contentUrl":"https:\/\/secure.gravatar.com\/avatar\/4dfbf16b4d17945bfb6341b2d19043457132fcf478a5ee04f42e959fd8f5df0a?s=96&d=mm&r=g","caption":"NOTICIASMERCEDINAS.COM"},"url":"https:\/\/noticiasmercedinas.com\/site\/author\/anonimo\/"}]}},"amp_enabled":true,"_links":{"self":[{"href":"https:\/\/noticiasmercedinas.com\/site\/wp-json\/wp\/v2\/posts\/150785","targetHints":{"allow":["GET"]}}],"collection":[{"href":"https:\/\/noticiasmercedinas.com\/site\/wp-json\/wp\/v2\/posts"}],"about":[{"href":"https:\/\/noticiasmercedinas.com\/site\/wp-json\/wp\/v2\/types\/post"}],"author":[{"embeddable":true,"href":"https:\/\/noticiasmercedinas.com\/site\/wp-json\/wp\/v2\/users\/16"}],"replies":[{"embeddable":true,"href":"https:\/\/noticiasmercedinas.com\/site\/wp-json\/wp\/v2\/comments?post=150785"}],"version-history":[{"count":1,"href":"https:\/\/noticiasmercedinas.com\/site\/wp-json\/wp\/v2\/posts\/150785\/revisions"}],"predecessor-version":[{"id":150786,"href":"https:\/\/noticiasmercedinas.com\/site\/wp-json\/wp\/v2\/posts\/150785\/revisions\/150786"}],"wp:featuredmedia":[{"embeddable":true,"href":"https:\/\/noticiasmercedinas.com\/site\/wp-json\/wp\/v2\/media\/5317"}],"wp:attachment":[{"href":"https:\/\/noticiasmercedinas.com\/site\/wp-json\/wp\/v2\/media?parent=150785"}],"wp:term":[{"taxonomy":"category","embeddable":true,"href":"https:\/\/noticiasmercedinas.com\/site\/wp-json\/wp\/v2\/categories?post=150785"},{"taxonomy":"post_tag","embeddable":true,"href":"https:\/\/noticiasmercedinas.com\/site\/wp-json\/wp\/v2\/tags?post=150785"}],"curies":[{"name":"wp","href":"https:\/\/api.w.org\/{rel}","templated":true}]}}