{"id":150872,"date":"2024-12-21T09:15:43","date_gmt":"2024-12-21T12:15:43","guid":{"rendered":"https:\/\/noticiasmercedinas.com\/site\/?p=150872"},"modified":"2024-12-21T09:15:43","modified_gmt":"2024-12-21T12:15:43","slug":"la-unlu-celebro-su-52o-aniversario-con-distinciones-y-un-balance-de-logros","status":"publish","type":"post","link":"https:\/\/noticiasmercedinas.com\/site\/2024\/12\/21\/la-unlu-celebro-su-52o-aniversario-con-distinciones-y-un-balance-de-logros\/","title":{"rendered":"La UNLu celebr\u00f3 su 52\u00ba aniversario con distinciones y un balance de logros"},"content":{"rendered":"<p><img loading=\"lazy\" decoding=\"async\" class=\"alignnone size-full wp-image-150874\" src=\"https:\/\/noticiasmercedinas.com\/site\/wp-content\/uploads\/2024\/12\/unlu-cincuenta-y-dos-anos-4-.jpeg\" alt=\"\" width=\"640\" height=\"480\" srcset=\"https:\/\/noticiasmercedinas.com\/site\/wp-content\/uploads\/2024\/12\/unlu-cincuenta-y-dos-anos-4-.jpeg 640w, https:\/\/noticiasmercedinas.com\/site\/wp-content\/uploads\/2024\/12\/unlu-cincuenta-y-dos-anos-4--300x225.jpeg 300w, https:\/\/noticiasmercedinas.com\/site\/wp-content\/uploads\/2024\/12\/unlu-cincuenta-y-dos-anos-4--80x60.jpeg 80w, https:\/\/noticiasmercedinas.com\/site\/wp-content\/uploads\/2024\/12\/unlu-cincuenta-y-dos-anos-4--160x120.jpeg 160w, https:\/\/noticiasmercedinas.com\/site\/wp-content\/uploads\/2024\/12\/unlu-cincuenta-y-dos-anos-4--100x75.jpeg 100w, https:\/\/noticiasmercedinas.com\/site\/wp-content\/uploads\/2024\/12\/unlu-cincuenta-y-dos-anos-4--200x150.jpeg 200w, https:\/\/noticiasmercedinas.com\/site\/wp-content\/uploads\/2024\/12\/unlu-cincuenta-y-dos-anos-4--180x135.jpeg 180w, https:\/\/noticiasmercedinas.com\/site\/wp-content\/uploads\/2024\/12\/unlu-cincuenta-y-dos-anos-4--360x270.jpeg 360w, https:\/\/noticiasmercedinas.com\/site\/wp-content\/uploads\/2024\/12\/unlu-cincuenta-y-dos-anos-4--238x178.jpeg 238w, https:\/\/noticiasmercedinas.com\/site\/wp-content\/uploads\/2024\/12\/unlu-cincuenta-y-dos-anos-4--476x356.jpeg 476w\" sizes=\"auto, (max-width: 640px) 100vw, 640px\" \/><\/p>\n<p>La Universidad Nacional de Luj\u00e1n conmemor\u00f3 este viernes 20 de diciembre su 52\u00ba aniversario con un acto realizado en el Auditorio \u201cDardo Dorronzoro\u201d de la Sede Central. Durante la ceremonia, se entregaron distinciones al \u00abProfesor Extraordinario Em\u00e9rito\u00bb y de \u00abReconocimiento al Compromiso Institucional\u00bb a docentes y nodocentes.<\/p>\n<p>El evento estuvo encabezado por el rector Walter Panessi, la vicerrectora Mar\u00eda Ester Leguizam\u00f3n y los directores decanos de los cuatro Departamentos Acad\u00e9micos, junto a otras autoridades de la instituci\u00f3n.<\/p>\n<p>En su discurso, Panessi destac\u00f3 los avances logrados por la UNLu en 2024, pese a las dificultades presupuestarias. \u201cFue un a\u00f1o de crecimiento, dentro de lo espantoso de la pelea por el presupuesto\u201d, expres\u00f3 el Rector, quien agradeci\u00f3 \u201ca la comunidad universitaria y al pueblo todo\u201d por el apoyo recibido. Entre los logros mencionados se encuentran la ampliaci\u00f3n de la oferta acad\u00e9mica, la integraci\u00f3n regional y la curricularizaci\u00f3n de la extensi\u00f3n.<\/p>\n<p>En el marco de las distinciones, los profesores extraordinarios em\u00e9ritos Fernando Momo y Alejandro Balozzote Oliver compartieron emotivas reflexiones sobre su trayectoria en la Universidad. \u201cMe dio mucho y di lo mejor de m\u00ed, creo que estamos a mano\u201d, expres\u00f3 Momo.<\/p>\n<p>El acto concluy\u00f3 con el tradicional brindis de fin de a\u00f1o en el hall del Pabell\u00f3n Scalabrini Ortiz, donde estudiantes, docentes, nodocentes y autoridades alzaron sus copas con los deseos de un buen 2025, reafirmando el compromiso con el desarrollo y la integraci\u00f3n de la Casa de Altos Estudios.<\/p>\n<p><img loading=\"lazy\" decoding=\"async\" class=\"alignnone size-full wp-image-150873\" src=\"https:\/\/noticiasmercedinas.com\/site\/wp-content\/uploads\/2024\/12\/unlu-cincuenta-y-dos-anos-9.jpeg\" alt=\"\" width=\"640\" height=\"426\" srcset=\"https:\/\/noticiasmercedinas.com\/site\/wp-content\/uploads\/2024\/12\/unlu-cincuenta-y-dos-anos-9.jpeg 640w, https:\/\/noticiasmercedinas.com\/site\/wp-content\/uploads\/2024\/12\/unlu-cincuenta-y-dos-anos-9-300x200.jpeg 300w\" sizes=\"auto, (max-width: 640px) 100vw, 640px\" \/><\/p>\n","protected":false},"excerpt":{"rendered":"<p>La Universidad Nacional de Luj\u00e1n conmemor\u00f3 este viernes 20 de diciembre su 52\u00ba aniversario con un acto realizado en el Auditorio \u201cDardo Dorronzoro\u201d de la Sede Central. Durante la ceremonia, se entregaron distinciones al \u00abProfesor Extraordinario Em\u00e9rito\u00bb y de \u00abReconocimiento al Compromiso Institucional\u00bb a docentes y nodocentes. El evento estuvo encabezado por el rector Walter [&hellip;]<\/p>\n","protected":false},"author":16,"featured_media":150874,"comment_status":"closed","ping_status":"closed","sticky":false,"template":"","format":"standard","meta":{"footnotes":""},"categories":[139],"tags":[471,2932,40,335,116],"class_list":["post-150872","post","type-post","status-publish","format-standard","has-post-thumbnail","hentry","category-regionales","tag-aniversario","tag-brindis","tag-lujan","tag-universidad","tag-unlu"],"yoast_head":"<!-- This site is optimized with the Yoast SEO plugin v27.4 - https:\/\/yoast.com\/product\/yoast-seo-wordpress\/ -->\n<title>La UNLu celebr\u00f3 su 52\u00ba aniversario con distinciones y un balance de logros<\/title>\n<meta name=\"robots\" content=\"index, follow, max-snippet:-1, max-image-preview:large, max-video-preview:-1\" \/>\n<link rel=\"canonical\" href=\"https:\/\/noticiasmercedinas.com\/site\/2024\/12\/21\/la-unlu-celebro-su-52o-aniversario-con-distinciones-y-un-balance-de-logros\/\" \/>\n<meta property=\"og:locale\" content=\"es_ES\" \/>\n<meta property=\"og:type\" content=\"article\" \/>\n<meta property=\"og:title\" content=\"La UNLu celebr\u00f3 su 52\u00ba aniversario con distinciones y un balance de logros\" \/>\n<meta property=\"og:description\" content=\"La Universidad Nacional de Luj\u00e1n conmemor\u00f3 este viernes 20 de diciembre su 52\u00ba aniversario con un acto realizado en el Auditorio \u201cDardo Dorronzoro\u201d de la Sede Central. Durante la ceremonia, se entregaron distinciones al \u00abProfesor Extraordinario Em\u00e9rito\u00bb y de \u00abReconocimiento al Compromiso Institucional\u00bb a docentes y nodocentes. El evento estuvo encabezado por el rector Walter [&hellip;]\" \/>\n<meta property=\"og:url\" content=\"https:\/\/noticiasmercedinas.com\/site\/2024\/12\/21\/la-unlu-celebro-su-52o-aniversario-con-distinciones-y-un-balance-de-logros\/\" \/>\n<meta property=\"og:site_name\" content=\"NOTICIASMERCEDINAS.COM\" \/>\n<meta property=\"article:publisher\" content=\"https:\/\/www.facebook.com\/noticiasmercedinas\/\" \/>\n<meta property=\"article:published_time\" content=\"2024-12-21T12:15:43+00:00\" \/>\n<meta property=\"og:image\" content=\"https:\/\/noticiasmercedinas.com\/site\/wp-content\/uploads\/2024\/12\/unlu-cincuenta-y-dos-anos-4-.jpeg\" \/>\n\t<meta property=\"og:image:width\" content=\"640\" \/>\n\t<meta property=\"og:image:height\" content=\"480\" \/>\n\t<meta property=\"og:image:type\" content=\"image\/jpeg\" \/>\n<meta name=\"author\" content=\"NOTICIASMERCEDINAS.COM\" \/>\n<meta name=\"twitter:card\" content=\"summary_large_image\" \/>\n<meta name=\"twitter:creator\" content=\"@notmercedinas\" \/>\n<meta name=\"twitter:site\" content=\"@notmercedinas\" \/>\n<meta name=\"twitter:label1\" content=\"Escrito por\" \/>\n\t<meta name=\"twitter:data1\" content=\"NOTICIASMERCEDINAS.COM\" \/>\n\t<meta name=\"twitter:label2\" content=\"Tiempo de lectura\" \/>\n\t<meta name=\"twitter:data2\" content=\"1 minuto\" \/>\n<script type=\"application\/ld+json\" class=\"yoast-schema-graph\">{\"@context\":\"https:\\\/\\\/schema.org\",\"@graph\":[{\"@type\":\"Article\",\"@id\":\"https:\\\/\\\/noticiasmercedinas.com\\\/site\\\/2024\\\/12\\\/21\\\/la-unlu-celebro-su-52o-aniversario-con-distinciones-y-un-balance-de-logros\\\/#article\",\"isPartOf\":{\"@id\":\"https:\\\/\\\/noticiasmercedinas.com\\\/site\\\/2024\\\/12\\\/21\\\/la-unlu-celebro-su-52o-aniversario-con-distinciones-y-un-balance-de-logros\\\/\"},\"author\":{\"name\":\"NOTICIASMERCEDINAS.COM\",\"@id\":\"https:\\\/\\\/noticiasmercedinas.com\\\/site\\\/#\\\/schema\\\/person\\\/84b59c099c28ff2e8b77d4ceec5d8063\"},\"headline\":\"La UNLu celebr\u00f3 su 52\u00ba aniversario con distinciones y un balance de logros\",\"datePublished\":\"2024-12-21T12:15:43+00:00\",\"mainEntityOfPage\":{\"@id\":\"https:\\\/\\\/noticiasmercedinas.com\\\/site\\\/2024\\\/12\\\/21\\\/la-unlu-celebro-su-52o-aniversario-con-distinciones-y-un-balance-de-logros\\\/\"},\"wordCount\":262,\"publisher\":{\"@id\":\"https:\\\/\\\/noticiasmercedinas.com\\\/site\\\/#organization\"},\"image\":{\"@id\":\"https:\\\/\\\/noticiasmercedinas.com\\\/site\\\/2024\\\/12\\\/21\\\/la-unlu-celebro-su-52o-aniversario-con-distinciones-y-un-balance-de-logros\\\/#primaryimage\"},\"thumbnailUrl\":\"https:\\\/\\\/noticiasmercedinas.com\\\/site\\\/wp-content\\\/uploads\\\/2024\\\/12\\\/unlu-cincuenta-y-dos-anos-4-.jpeg\",\"keywords\":[\"aniversario\",\"brindis\",\"lujan\",\"universidad\",\"unlu\"],\"articleSection\":[\"Regionales\"],\"inLanguage\":\"es\"},{\"@type\":\"WebPage\",\"@id\":\"https:\\\/\\\/noticiasmercedinas.com\\\/site\\\/2024\\\/12\\\/21\\\/la-unlu-celebro-su-52o-aniversario-con-distinciones-y-un-balance-de-logros\\\/\",\"url\":\"https:\\\/\\\/noticiasmercedinas.com\\\/site\\\/2024\\\/12\\\/21\\\/la-unlu-celebro-su-52o-aniversario-con-distinciones-y-un-balance-de-logros\\\/\",\"name\":\"La UNLu celebr\u00f3 su 52\u00ba aniversario con distinciones y un balance de logros\",\"isPartOf\":{\"@id\":\"https:\\\/\\\/noticiasmercedinas.com\\\/site\\\/#website\"},\"primaryImageOfPage\":{\"@id\":\"https:\\\/\\\/noticiasmercedinas.com\\\/site\\\/2024\\\/12\\\/21\\\/la-unlu-celebro-su-52o-aniversario-con-distinciones-y-un-balance-de-logros\\\/#primaryimage\"},\"image\":{\"@id\":\"https:\\\/\\\/noticiasmercedinas.com\\\/site\\\/2024\\\/12\\\/21\\\/la-unlu-celebro-su-52o-aniversario-con-distinciones-y-un-balance-de-logros\\\/#primaryimage\"},\"thumbnailUrl\":\"https:\\\/\\\/noticiasmercedinas.com\\\/site\\\/wp-content\\\/uploads\\\/2024\\\/12\\\/unlu-cincuenta-y-dos-anos-4-.jpeg\",\"datePublished\":\"2024-12-21T12:15:43+00:00\",\"breadcrumb\":{\"@id\":\"https:\\\/\\\/noticiasmercedinas.com\\\/site\\\/2024\\\/12\\\/21\\\/la-unlu-celebro-su-52o-aniversario-con-distinciones-y-un-balance-de-logros\\\/#breadcrumb\"},\"inLanguage\":\"es\",\"potentialAction\":[{\"@type\":\"ReadAction\",\"target\":[\"https:\\\/\\\/noticiasmercedinas.com\\\/site\\\/2024\\\/12\\\/21\\\/la-unlu-celebro-su-52o-aniversario-con-distinciones-y-un-balance-de-logros\\\/\"]}]},{\"@type\":\"ImageObject\",\"inLanguage\":\"es\",\"@id\":\"https:\\\/\\\/noticiasmercedinas.com\\\/site\\\/2024\\\/12\\\/21\\\/la-unlu-celebro-su-52o-aniversario-con-distinciones-y-un-balance-de-logros\\\/#primaryimage\",\"url\":\"https:\\\/\\\/noticiasmercedinas.com\\\/site\\\/wp-content\\\/uploads\\\/2024\\\/12\\\/unlu-cincuenta-y-dos-anos-4-.jpeg\",\"contentUrl\":\"https:\\\/\\\/noticiasmercedinas.com\\\/site\\\/wp-content\\\/uploads\\\/2024\\\/12\\\/unlu-cincuenta-y-dos-anos-4-.jpeg\",\"width\":640,\"height\":480},{\"@type\":\"BreadcrumbList\",\"@id\":\"https:\\\/\\\/noticiasmercedinas.com\\\/site\\\/2024\\\/12\\\/21\\\/la-unlu-celebro-su-52o-aniversario-con-distinciones-y-un-balance-de-logros\\\/#breadcrumb\",\"itemListElement\":[{\"@type\":\"ListItem\",\"position\":1,\"name\":\"Portada\",\"item\":\"https:\\\/\\\/noticiasmercedinas.com\\\/site\\\/\"},{\"@type\":\"ListItem\",\"position\":2,\"name\":\"La UNLu celebr\u00f3 su 52\u00ba aniversario con distinciones y un balance de logros\"}]},{\"@type\":\"WebSite\",\"@id\":\"https:\\\/\\\/noticiasmercedinas.com\\\/site\\\/#website\",\"url\":\"https:\\\/\\\/noticiasmercedinas.com\\\/site\\\/\",\"name\":\"NOTICIASMERCEDINAS.COM\",\"description\":\"Mercedes, Buenos Aires, Argentina\",\"publisher\":{\"@id\":\"https:\\\/\\\/noticiasmercedinas.com\\\/site\\\/#organization\"},\"potentialAction\":[{\"@type\":\"SearchAction\",\"target\":{\"@type\":\"EntryPoint\",\"urlTemplate\":\"https:\\\/\\\/noticiasmercedinas.com\\\/site\\\/?s={search_term_string}\"},\"query-input\":{\"@type\":\"PropertyValueSpecification\",\"valueRequired\":true,\"valueName\":\"search_term_string\"}}],\"inLanguage\":\"es\"},{\"@type\":\"Organization\",\"@id\":\"https:\\\/\\\/noticiasmercedinas.com\\\/site\\\/#organization\",\"name\":\"NOTICIASMERCEDINAS.COM\",\"url\":\"https:\\\/\\\/noticiasmercedinas.com\\\/site\\\/\",\"logo\":{\"@type\":\"ImageObject\",\"inLanguage\":\"es\",\"@id\":\"https:\\\/\\\/noticiasmercedinas.com\\\/site\\\/#\\\/schema\\\/logo\\\/image\\\/\",\"url\":\"https:\\\/\\\/noticiasmercedinas.com\\\/site\\\/wp-content\\\/uploads\\\/2020\\\/06\\\/LOGO-512.jpg\",\"contentUrl\":\"https:\\\/\\\/noticiasmercedinas.com\\\/site\\\/wp-content\\\/uploads\\\/2020\\\/06\\\/LOGO-512.jpg\",\"width\":512,\"height\":512,\"caption\":\"NOTICIASMERCEDINAS.COM\"},\"image\":{\"@id\":\"https:\\\/\\\/noticiasmercedinas.com\\\/site\\\/#\\\/schema\\\/logo\\\/image\\\/\"},\"sameAs\":[\"https:\\\/\\\/www.facebook.com\\\/noticiasmercedinas\\\/\",\"https:\\\/\\\/x.com\\\/notmercedinas\",\"https:\\\/\\\/www.instagram.com\\\/noticiasmercedinas\\\/\"]},{\"@type\":\"Person\",\"@id\":\"https:\\\/\\\/noticiasmercedinas.com\\\/site\\\/#\\\/schema\\\/person\\\/84b59c099c28ff2e8b77d4ceec5d8063\",\"name\":\"NOTICIASMERCEDINAS.COM\",\"image\":{\"@type\":\"ImageObject\",\"inLanguage\":\"es\",\"@id\":\"https:\\\/\\\/secure.gravatar.com\\\/avatar\\\/4dfbf16b4d17945bfb6341b2d19043457132fcf478a5ee04f42e959fd8f5df0a?s=96&d=mm&r=g\",\"url\":\"https:\\\/\\\/secure.gravatar.com\\\/avatar\\\/4dfbf16b4d17945bfb6341b2d19043457132fcf478a5ee04f42e959fd8f5df0a?s=96&d=mm&r=g\",\"contentUrl\":\"https:\\\/\\\/secure.gravatar.com\\\/avatar\\\/4dfbf16b4d17945bfb6341b2d19043457132fcf478a5ee04f42e959fd8f5df0a?s=96&d=mm&r=g\",\"caption\":\"NOTICIASMERCEDINAS.COM\"},\"url\":\"https:\\\/\\\/noticiasmercedinas.com\\\/site\\\/author\\\/anonimo\\\/\"}]}<\/script>\n<!-- \/ Yoast SEO plugin. -->","yoast_head_json":{"title":"La UNLu celebr\u00f3 su 52\u00ba aniversario con distinciones y un balance de logros","robots":{"index":"index","follow":"follow","max-snippet":"max-snippet:-1","max-image-preview":"max-image-preview:large","max-video-preview":"max-video-preview:-1"},"canonical":"https:\/\/noticiasmercedinas.com\/site\/2024\/12\/21\/la-unlu-celebro-su-52o-aniversario-con-distinciones-y-un-balance-de-logros\/","og_locale":"es_ES","og_type":"article","og_title":"La UNLu celebr\u00f3 su 52\u00ba aniversario con distinciones y un balance de logros","og_description":"La Universidad Nacional de Luj\u00e1n conmemor\u00f3 este viernes 20 de diciembre su 52\u00ba aniversario con un acto realizado en el Auditorio \u201cDardo Dorronzoro\u201d de la Sede Central. Durante la ceremonia, se entregaron distinciones al \u00abProfesor Extraordinario Em\u00e9rito\u00bb y de \u00abReconocimiento al Compromiso Institucional\u00bb a docentes y nodocentes. El evento estuvo encabezado por el rector Walter [&hellip;]","og_url":"https:\/\/noticiasmercedinas.com\/site\/2024\/12\/21\/la-unlu-celebro-su-52o-aniversario-con-distinciones-y-un-balance-de-logros\/","og_site_name":"NOTICIASMERCEDINAS.COM","article_publisher":"https:\/\/www.facebook.com\/noticiasmercedinas\/","article_published_time":"2024-12-21T12:15:43+00:00","og_image":[{"width":640,"height":480,"url":"https:\/\/noticiasmercedinas.com\/site\/wp-content\/uploads\/2024\/12\/unlu-cincuenta-y-dos-anos-4-.jpeg","type":"image\/jpeg"}],"author":"NOTICIASMERCEDINAS.COM","twitter_card":"summary_large_image","twitter_creator":"@notmercedinas","twitter_site":"@notmercedinas","twitter_misc":{"Escrito por":"NOTICIASMERCEDINAS.COM","Tiempo de lectura":"1 minuto"},"schema":{"@context":"https:\/\/schema.org","@graph":[{"@type":"Article","@id":"https:\/\/noticiasmercedinas.com\/site\/2024\/12\/21\/la-unlu-celebro-su-52o-aniversario-con-distinciones-y-un-balance-de-logros\/#article","isPartOf":{"@id":"https:\/\/noticiasmercedinas.com\/site\/2024\/12\/21\/la-unlu-celebro-su-52o-aniversario-con-distinciones-y-un-balance-de-logros\/"},"author":{"name":"NOTICIASMERCEDINAS.COM","@id":"https:\/\/noticiasmercedinas.com\/site\/#\/schema\/person\/84b59c099c28ff2e8b77d4ceec5d8063"},"headline":"La UNLu celebr\u00f3 su 52\u00ba aniversario con distinciones y un balance de logros","datePublished":"2024-12-21T12:15:43+00:00","mainEntityOfPage":{"@id":"https:\/\/noticiasmercedinas.com\/site\/2024\/12\/21\/la-unlu-celebro-su-52o-aniversario-con-distinciones-y-un-balance-de-logros\/"},"wordCount":262,"publisher":{"@id":"https:\/\/noticiasmercedinas.com\/site\/#organization"},"image":{"@id":"https:\/\/noticiasmercedinas.com\/site\/2024\/12\/21\/la-unlu-celebro-su-52o-aniversario-con-distinciones-y-un-balance-de-logros\/#primaryimage"},"thumbnailUrl":"https:\/\/noticiasmercedinas.com\/site\/wp-content\/uploads\/2024\/12\/unlu-cincuenta-y-dos-anos-4-.jpeg","keywords":["aniversario","brindis","lujan","universidad","unlu"],"articleSection":["Regionales"],"inLanguage":"es"},{"@type":"WebPage","@id":"https:\/\/noticiasmercedinas.com\/site\/2024\/12\/21\/la-unlu-celebro-su-52o-aniversario-con-distinciones-y-un-balance-de-logros\/","url":"https:\/\/noticiasmercedinas.com\/site\/2024\/12\/21\/la-unlu-celebro-su-52o-aniversario-con-distinciones-y-un-balance-de-logros\/","name":"La UNLu celebr\u00f3 su 52\u00ba aniversario con distinciones y un balance de logros","isPartOf":{"@id":"https:\/\/noticiasmercedinas.com\/site\/#website"},"primaryImageOfPage":{"@id":"https:\/\/noticiasmercedinas.com\/site\/2024\/12\/21\/la-unlu-celebro-su-52o-aniversario-con-distinciones-y-un-balance-de-logros\/#primaryimage"},"image":{"@id":"https:\/\/noticiasmercedinas.com\/site\/2024\/12\/21\/la-unlu-celebro-su-52o-aniversario-con-distinciones-y-un-balance-de-logros\/#primaryimage"},"thumbnailUrl":"https:\/\/noticiasmercedinas.com\/site\/wp-content\/uploads\/2024\/12\/unlu-cincuenta-y-dos-anos-4-.jpeg","datePublished":"2024-12-21T12:15:43+00:00","breadcrumb":{"@id":"https:\/\/noticiasmercedinas.com\/site\/2024\/12\/21\/la-unlu-celebro-su-52o-aniversario-con-distinciones-y-un-balance-de-logros\/#breadcrumb"},"inLanguage":"es","potentialAction":[{"@type":"ReadAction","target":["https:\/\/noticiasmercedinas.com\/site\/2024\/12\/21\/la-unlu-celebro-su-52o-aniversario-con-distinciones-y-un-balance-de-logros\/"]}]},{"@type":"ImageObject","inLanguage":"es","@id":"https:\/\/noticiasmercedinas.com\/site\/2024\/12\/21\/la-unlu-celebro-su-52o-aniversario-con-distinciones-y-un-balance-de-logros\/#primaryimage","url":"https:\/\/noticiasmercedinas.com\/site\/wp-content\/uploads\/2024\/12\/unlu-cincuenta-y-dos-anos-4-.jpeg","contentUrl":"https:\/\/noticiasmercedinas.com\/site\/wp-content\/uploads\/2024\/12\/unlu-cincuenta-y-dos-anos-4-.jpeg","width":640,"height":480},{"@type":"BreadcrumbList","@id":"https:\/\/noticiasmercedinas.com\/site\/2024\/12\/21\/la-unlu-celebro-su-52o-aniversario-con-distinciones-y-un-balance-de-logros\/#breadcrumb","itemListElement":[{"@type":"ListItem","position":1,"name":"Portada","item":"https:\/\/noticiasmercedinas.com\/site\/"},{"@type":"ListItem","position":2,"name":"La UNLu celebr\u00f3 su 52\u00ba aniversario con distinciones y un balance de logros"}]},{"@type":"WebSite","@id":"https:\/\/noticiasmercedinas.com\/site\/#website","url":"https:\/\/noticiasmercedinas.com\/site\/","name":"NOTICIASMERCEDINAS.COM","description":"Mercedes, Buenos Aires, Argentina","publisher":{"@id":"https:\/\/noticiasmercedinas.com\/site\/#organization"},"potentialAction":[{"@type":"SearchAction","target":{"@type":"EntryPoint","urlTemplate":"https:\/\/noticiasmercedinas.com\/site\/?s={search_term_string}"},"query-input":{"@type":"PropertyValueSpecification","valueRequired":true,"valueName":"search_term_string"}}],"inLanguage":"es"},{"@type":"Organization","@id":"https:\/\/noticiasmercedinas.com\/site\/#organization","name":"NOTICIASMERCEDINAS.COM","url":"https:\/\/noticiasmercedinas.com\/site\/","logo":{"@type":"ImageObject","inLanguage":"es","@id":"https:\/\/noticiasmercedinas.com\/site\/#\/schema\/logo\/image\/","url":"https:\/\/noticiasmercedinas.com\/site\/wp-content\/uploads\/2020\/06\/LOGO-512.jpg","contentUrl":"https:\/\/noticiasmercedinas.com\/site\/wp-content\/uploads\/2020\/06\/LOGO-512.jpg","width":512,"height":512,"caption":"NOTICIASMERCEDINAS.COM"},"image":{"@id":"https:\/\/noticiasmercedinas.com\/site\/#\/schema\/logo\/image\/"},"sameAs":["https:\/\/www.facebook.com\/noticiasmercedinas\/","https:\/\/x.com\/notmercedinas","https:\/\/www.instagram.com\/noticiasmercedinas\/"]},{"@type":"Person","@id":"https:\/\/noticiasmercedinas.com\/site\/#\/schema\/person\/84b59c099c28ff2e8b77d4ceec5d8063","name":"NOTICIASMERCEDINAS.COM","image":{"@type":"ImageObject","inLanguage":"es","@id":"https:\/\/secure.gravatar.com\/avatar\/4dfbf16b4d17945bfb6341b2d19043457132fcf478a5ee04f42e959fd8f5df0a?s=96&d=mm&r=g","url":"https:\/\/secure.gravatar.com\/avatar\/4dfbf16b4d17945bfb6341b2d19043457132fcf478a5ee04f42e959fd8f5df0a?s=96&d=mm&r=g","contentUrl":"https:\/\/secure.gravatar.com\/avatar\/4dfbf16b4d17945bfb6341b2d19043457132fcf478a5ee04f42e959fd8f5df0a?s=96&d=mm&r=g","caption":"NOTICIASMERCEDINAS.COM"},"url":"https:\/\/noticiasmercedinas.com\/site\/author\/anonimo\/"}]}},"amp_enabled":true,"_links":{"self":[{"href":"https:\/\/noticiasmercedinas.com\/site\/wp-json\/wp\/v2\/posts\/150872","targetHints":{"allow":["GET"]}}],"collection":[{"href":"https:\/\/noticiasmercedinas.com\/site\/wp-json\/wp\/v2\/posts"}],"about":[{"href":"https:\/\/noticiasmercedinas.com\/site\/wp-json\/wp\/v2\/types\/post"}],"author":[{"embeddable":true,"href":"https:\/\/noticiasmercedinas.com\/site\/wp-json\/wp\/v2\/users\/16"}],"replies":[{"embeddable":true,"href":"https:\/\/noticiasmercedinas.com\/site\/wp-json\/wp\/v2\/comments?post=150872"}],"version-history":[{"count":1,"href":"https:\/\/noticiasmercedinas.com\/site\/wp-json\/wp\/v2\/posts\/150872\/revisions"}],"predecessor-version":[{"id":150875,"href":"https:\/\/noticiasmercedinas.com\/site\/wp-json\/wp\/v2\/posts\/150872\/revisions\/150875"}],"wp:featuredmedia":[{"embeddable":true,"href":"https:\/\/noticiasmercedinas.com\/site\/wp-json\/wp\/v2\/media\/150874"}],"wp:attachment":[{"href":"https:\/\/noticiasmercedinas.com\/site\/wp-json\/wp\/v2\/media?parent=150872"}],"wp:term":[{"taxonomy":"category","embeddable":true,"href":"https:\/\/noticiasmercedinas.com\/site\/wp-json\/wp\/v2\/categories?post=150872"},{"taxonomy":"post_tag","embeddable":true,"href":"https:\/\/noticiasmercedinas.com\/site\/wp-json\/wp\/v2\/tags?post=150872"}],"curies":[{"name":"wp","href":"https:\/\/api.w.org\/{rel}","templated":true}]}}