{"id":150883,"date":"2024-12-21T09:56:03","date_gmt":"2024-12-21T12:56:03","guid":{"rendered":"https:\/\/noticiasmercedinas.com\/site\/?p=150883"},"modified":"2024-12-21T09:56:15","modified_gmt":"2024-12-21T12:56:15","slug":"un-fallecido-embestido-en-un-siniestro-vial-sobre-la-ruta-5-km-152","status":"publish","type":"post","link":"https:\/\/noticiasmercedinas.com\/site\/2024\/12\/21\/un-fallecido-embestido-en-un-siniestro-vial-sobre-la-ruta-5-km-152\/","title":{"rendered":"Un fallecido embestido en un siniestro vial sobre la Ruta 5 km 152"},"content":{"rendered":"<p><img loading=\"lazy\" decoding=\"async\" class=\"alignnone size-full wp-image-150884\" src=\"https:\/\/noticiasmercedinas.com\/site\/wp-content\/uploads\/2024\/12\/470228020_9261929580507955_2376390762926189415_n-e1734785722780.jpg\" alt=\"\" width=\"1440\" height=\"1152\" srcset=\"https:\/\/noticiasmercedinas.com\/site\/wp-content\/uploads\/2024\/12\/470228020_9261929580507955_2376390762926189415_n-e1734785722780.jpg 1440w, https:\/\/noticiasmercedinas.com\/site\/wp-content\/uploads\/2024\/12\/470228020_9261929580507955_2376390762926189415_n-e1734785722780-300x240.jpg 300w, https:\/\/noticiasmercedinas.com\/site\/wp-content\/uploads\/2024\/12\/470228020_9261929580507955_2376390762926189415_n-e1734785722780-1024x819.jpg 1024w, https:\/\/noticiasmercedinas.com\/site\/wp-content\/uploads\/2024\/12\/470228020_9261929580507955_2376390762926189415_n-e1734785722780-768x614.jpg 768w, https:\/\/noticiasmercedinas.com\/site\/wp-content\/uploads\/2024\/12\/470228020_9261929580507955_2376390762926189415_n-e1734785722780-640x512.jpg 640w, https:\/\/noticiasmercedinas.com\/site\/wp-content\/uploads\/2024\/12\/470228020_9261929580507955_2376390762926189415_n-e1734785722780-1280x1024.jpg 1280w, https:\/\/noticiasmercedinas.com\/site\/wp-content\/uploads\/2024\/12\/470228020_9261929580507955_2376390762926189415_n-e1734785722780-681x545.jpg 681w, https:\/\/noticiasmercedinas.com\/site\/wp-content\/uploads\/2024\/12\/470228020_9261929580507955_2376390762926189415_n-e1734785722780-1362x1090.jpg 1362w\" sizes=\"auto, (max-width: 1440px) 100vw, 1440px\" \/><\/p>\n<p>Un tr\u00e1gico accidente vial ocurri\u00f3 la noche del viernes 20 de diciembre, alrededor de las 21:40 horas, en la Ruta 5, a la altura del kil\u00f3metro 152,400, jurisdicci\u00f3n del partido de Chivilcoy, que dej\u00f3 como saldo una persona fallecida.<\/p>\n<p>El siniestro se produjo cuando una Pick Up Nissan Frontier de color gris claro, con dominio NMD011, que circulaba en direcci\u00f3n Suipacha-Chivilcoy, embisti\u00f3 a un hombre que se encontraba sobre la cinta asf\u00e1ltica.<\/p>\n<p>El conductor del veh\u00edculo, identificado como Rodolfo H\u00e9ctor Arg\u00fcelles, un chivilcoyano, no pudo evitar la colisi\u00f3n, lo que result\u00f3 en la muerte de la persona embestida en el lugar del accidente.<\/p>\n<p>Seg\u00fan versiones de testigos, otros automovilistas que transitaban por el lugar momentos antes del siniestro advirtieron la presencia de la persona sobre la ruta y alertaron al 911, pero lamentablemente no se pudo evitar la tragedia.<\/p>\n<p>El tr\u00e1nsito estuvo interrumpido durante varias horas, hasta pasadas las 2:00 de la ma\u00f1ana del s\u00e1bado, mientras se realizaban las tareas de investigaci\u00f3n y levantamiento de pruebas en el lugar del accidente.<\/p>\n<p>Intervinieron en el hecho Sub Comisar\u00eda OI Dardo Garelli, Polic\u00eda Vial, Bomberos Voluntarios de Chivilcoy, personal de Polic\u00eda Cient\u00edfica Mercedes, ayudant\u00eda fiscal y personal de Corredores Viales.<\/p>\n","protected":false},"excerpt":{"rendered":"<p>\u25a0 El tr\u00e1nsito estuvo interrumpido durante varias horas, hasta pasadas las 2:00 de la ma\u00f1ana del s\u00e1bado, mientras se realizaban las tareas de investigaci\u00f3n y levantamiento de pruebas<\/p>\n","protected":false},"author":16,"featured_media":150884,"comment_status":"closed","ping_status":"closed","sticky":false,"template":"","format":"standard","meta":{"footnotes":""},"categories":[7],"tags":[502,665],"class_list":["post-150883","post","type-post","status-publish","format-standard","has-post-thumbnail","hentry","category-policiales","tag-accidente","tag-ruta-5"],"yoast_head":"<!-- This site is optimized with the Yoast SEO plugin v27.4 - https:\/\/yoast.com\/product\/yoast-seo-wordpress\/ -->\n<title>Un fallecido embestido en un siniestro vial sobre la Ruta 5 km 152<\/title>\n<meta name=\"robots\" content=\"index, follow, max-snippet:-1, max-image-preview:large, max-video-preview:-1\" \/>\n<link rel=\"canonical\" href=\"https:\/\/noticiasmercedinas.com\/site\/2024\/12\/21\/un-fallecido-embestido-en-un-siniestro-vial-sobre-la-ruta-5-km-152\/\" \/>\n<meta property=\"og:locale\" content=\"es_ES\" \/>\n<meta property=\"og:type\" content=\"article\" \/>\n<meta property=\"og:title\" content=\"Un fallecido embestido en un siniestro vial sobre la Ruta 5 km 152\" \/>\n<meta property=\"og:description\" content=\"\u25a0 El tr\u00e1nsito estuvo interrumpido durante varias horas, hasta pasadas las 2:00 de la ma\u00f1ana del s\u00e1bado, mientras se realizaban las tareas de investigaci\u00f3n y levantamiento de pruebas\" \/>\n<meta property=\"og:url\" content=\"https:\/\/noticiasmercedinas.com\/site\/2024\/12\/21\/un-fallecido-embestido-en-un-siniestro-vial-sobre-la-ruta-5-km-152\/\" \/>\n<meta property=\"og:site_name\" content=\"NOTICIASMERCEDINAS.COM\" \/>\n<meta property=\"article:publisher\" content=\"https:\/\/www.facebook.com\/noticiasmercedinas\/\" \/>\n<meta property=\"article:published_time\" content=\"2024-12-21T12:56:03+00:00\" \/>\n<meta property=\"article:modified_time\" content=\"2024-12-21T12:56:15+00:00\" \/>\n<meta property=\"og:image\" content=\"https:\/\/noticiasmercedinas.com\/site\/wp-content\/uploads\/2024\/12\/470228020_9261929580507955_2376390762926189415_n-e1734785722780.jpg\" \/>\n\t<meta property=\"og:image:width\" content=\"1440\" \/>\n\t<meta property=\"og:image:height\" content=\"1152\" \/>\n\t<meta property=\"og:image:type\" content=\"image\/jpeg\" \/>\n<meta name=\"author\" content=\"NOTICIASMERCEDINAS.COM\" \/>\n<meta name=\"twitter:card\" content=\"summary_large_image\" \/>\n<meta name=\"twitter:creator\" content=\"@notmercedinas\" \/>\n<meta name=\"twitter:site\" content=\"@notmercedinas\" \/>\n<meta name=\"twitter:label1\" content=\"Escrito por\" \/>\n\t<meta name=\"twitter:data1\" content=\"NOTICIASMERCEDINAS.COM\" \/>\n\t<meta name=\"twitter:label2\" content=\"Tiempo de lectura\" \/>\n\t<meta name=\"twitter:data2\" content=\"1 minuto\" \/>\n<script type=\"application\/ld+json\" class=\"yoast-schema-graph\">{\"@context\":\"https:\\\/\\\/schema.org\",\"@graph\":[{\"@type\":\"Article\",\"@id\":\"https:\\\/\\\/noticiasmercedinas.com\\\/site\\\/2024\\\/12\\\/21\\\/un-fallecido-embestido-en-un-siniestro-vial-sobre-la-ruta-5-km-152\\\/#article\",\"isPartOf\":{\"@id\":\"https:\\\/\\\/noticiasmercedinas.com\\\/site\\\/2024\\\/12\\\/21\\\/un-fallecido-embestido-en-un-siniestro-vial-sobre-la-ruta-5-km-152\\\/\"},\"author\":{\"name\":\"NOTICIASMERCEDINAS.COM\",\"@id\":\"https:\\\/\\\/noticiasmercedinas.com\\\/site\\\/#\\\/schema\\\/person\\\/84b59c099c28ff2e8b77d4ceec5d8063\"},\"headline\":\"Un fallecido embestido en un siniestro vial sobre la Ruta 5 km 152\",\"datePublished\":\"2024-12-21T12:56:03+00:00\",\"dateModified\":\"2024-12-21T12:56:15+00:00\",\"mainEntityOfPage\":{\"@id\":\"https:\\\/\\\/noticiasmercedinas.com\\\/site\\\/2024\\\/12\\\/21\\\/un-fallecido-embestido-en-un-siniestro-vial-sobre-la-ruta-5-km-152\\\/\"},\"wordCount\":222,\"publisher\":{\"@id\":\"https:\\\/\\\/noticiasmercedinas.com\\\/site\\\/#organization\"},\"image\":{\"@id\":\"https:\\\/\\\/noticiasmercedinas.com\\\/site\\\/2024\\\/12\\\/21\\\/un-fallecido-embestido-en-un-siniestro-vial-sobre-la-ruta-5-km-152\\\/#primaryimage\"},\"thumbnailUrl\":\"https:\\\/\\\/noticiasmercedinas.com\\\/site\\\/wp-content\\\/uploads\\\/2024\\\/12\\\/470228020_9261929580507955_2376390762926189415_n-e1734785722780.jpg\",\"keywords\":[\"accidente\",\"ruta 5\"],\"articleSection\":[\"Seguridad\"],\"inLanguage\":\"es\"},{\"@type\":\"WebPage\",\"@id\":\"https:\\\/\\\/noticiasmercedinas.com\\\/site\\\/2024\\\/12\\\/21\\\/un-fallecido-embestido-en-un-siniestro-vial-sobre-la-ruta-5-km-152\\\/\",\"url\":\"https:\\\/\\\/noticiasmercedinas.com\\\/site\\\/2024\\\/12\\\/21\\\/un-fallecido-embestido-en-un-siniestro-vial-sobre-la-ruta-5-km-152\\\/\",\"name\":\"Un fallecido embestido en un siniestro vial sobre la Ruta 5 km 152\",\"isPartOf\":{\"@id\":\"https:\\\/\\\/noticiasmercedinas.com\\\/site\\\/#website\"},\"primaryImageOfPage\":{\"@id\":\"https:\\\/\\\/noticiasmercedinas.com\\\/site\\\/2024\\\/12\\\/21\\\/un-fallecido-embestido-en-un-siniestro-vial-sobre-la-ruta-5-km-152\\\/#primaryimage\"},\"image\":{\"@id\":\"https:\\\/\\\/noticiasmercedinas.com\\\/site\\\/2024\\\/12\\\/21\\\/un-fallecido-embestido-en-un-siniestro-vial-sobre-la-ruta-5-km-152\\\/#primaryimage\"},\"thumbnailUrl\":\"https:\\\/\\\/noticiasmercedinas.com\\\/site\\\/wp-content\\\/uploads\\\/2024\\\/12\\\/470228020_9261929580507955_2376390762926189415_n-e1734785722780.jpg\",\"datePublished\":\"2024-12-21T12:56:03+00:00\",\"dateModified\":\"2024-12-21T12:56:15+00:00\",\"breadcrumb\":{\"@id\":\"https:\\\/\\\/noticiasmercedinas.com\\\/site\\\/2024\\\/12\\\/21\\\/un-fallecido-embestido-en-un-siniestro-vial-sobre-la-ruta-5-km-152\\\/#breadcrumb\"},\"inLanguage\":\"es\",\"potentialAction\":[{\"@type\":\"ReadAction\",\"target\":[\"https:\\\/\\\/noticiasmercedinas.com\\\/site\\\/2024\\\/12\\\/21\\\/un-fallecido-embestido-en-un-siniestro-vial-sobre-la-ruta-5-km-152\\\/\"]}]},{\"@type\":\"ImageObject\",\"inLanguage\":\"es\",\"@id\":\"https:\\\/\\\/noticiasmercedinas.com\\\/site\\\/2024\\\/12\\\/21\\\/un-fallecido-embestido-en-un-siniestro-vial-sobre-la-ruta-5-km-152\\\/#primaryimage\",\"url\":\"https:\\\/\\\/noticiasmercedinas.com\\\/site\\\/wp-content\\\/uploads\\\/2024\\\/12\\\/470228020_9261929580507955_2376390762926189415_n-e1734785722780.jpg\",\"contentUrl\":\"https:\\\/\\\/noticiasmercedinas.com\\\/site\\\/wp-content\\\/uploads\\\/2024\\\/12\\\/470228020_9261929580507955_2376390762926189415_n-e1734785722780.jpg\",\"width\":1440,\"height\":1152},{\"@type\":\"BreadcrumbList\",\"@id\":\"https:\\\/\\\/noticiasmercedinas.com\\\/site\\\/2024\\\/12\\\/21\\\/un-fallecido-embestido-en-un-siniestro-vial-sobre-la-ruta-5-km-152\\\/#breadcrumb\",\"itemListElement\":[{\"@type\":\"ListItem\",\"position\":1,\"name\":\"Portada\",\"item\":\"https:\\\/\\\/noticiasmercedinas.com\\\/site\\\/\"},{\"@type\":\"ListItem\",\"position\":2,\"name\":\"Un fallecido embestido en un siniestro vial sobre la Ruta 5 km 152\"}]},{\"@type\":\"WebSite\",\"@id\":\"https:\\\/\\\/noticiasmercedinas.com\\\/site\\\/#website\",\"url\":\"https:\\\/\\\/noticiasmercedinas.com\\\/site\\\/\",\"name\":\"NOTICIASMERCEDINAS.COM\",\"description\":\"Mercedes, Buenos Aires, Argentina\",\"publisher\":{\"@id\":\"https:\\\/\\\/noticiasmercedinas.com\\\/site\\\/#organization\"},\"potentialAction\":[{\"@type\":\"SearchAction\",\"target\":{\"@type\":\"EntryPoint\",\"urlTemplate\":\"https:\\\/\\\/noticiasmercedinas.com\\\/site\\\/?s={search_term_string}\"},\"query-input\":{\"@type\":\"PropertyValueSpecification\",\"valueRequired\":true,\"valueName\":\"search_term_string\"}}],\"inLanguage\":\"es\"},{\"@type\":\"Organization\",\"@id\":\"https:\\\/\\\/noticiasmercedinas.com\\\/site\\\/#organization\",\"name\":\"NOTICIASMERCEDINAS.COM\",\"url\":\"https:\\\/\\\/noticiasmercedinas.com\\\/site\\\/\",\"logo\":{\"@type\":\"ImageObject\",\"inLanguage\":\"es\",\"@id\":\"https:\\\/\\\/noticiasmercedinas.com\\\/site\\\/#\\\/schema\\\/logo\\\/image\\\/\",\"url\":\"https:\\\/\\\/noticiasmercedinas.com\\\/site\\\/wp-content\\\/uploads\\\/2020\\\/06\\\/LOGO-512.jpg\",\"contentUrl\":\"https:\\\/\\\/noticiasmercedinas.com\\\/site\\\/wp-content\\\/uploads\\\/2020\\\/06\\\/LOGO-512.jpg\",\"width\":512,\"height\":512,\"caption\":\"NOTICIASMERCEDINAS.COM\"},\"image\":{\"@id\":\"https:\\\/\\\/noticiasmercedinas.com\\\/site\\\/#\\\/schema\\\/logo\\\/image\\\/\"},\"sameAs\":[\"https:\\\/\\\/www.facebook.com\\\/noticiasmercedinas\\\/\",\"https:\\\/\\\/x.com\\\/notmercedinas\",\"https:\\\/\\\/www.instagram.com\\\/noticiasmercedinas\\\/\"]},{\"@type\":\"Person\",\"@id\":\"https:\\\/\\\/noticiasmercedinas.com\\\/site\\\/#\\\/schema\\\/person\\\/84b59c099c28ff2e8b77d4ceec5d8063\",\"name\":\"NOTICIASMERCEDINAS.COM\",\"image\":{\"@type\":\"ImageObject\",\"inLanguage\":\"es\",\"@id\":\"https:\\\/\\\/secure.gravatar.com\\\/avatar\\\/4dfbf16b4d17945bfb6341b2d19043457132fcf478a5ee04f42e959fd8f5df0a?s=96&d=mm&r=g\",\"url\":\"https:\\\/\\\/secure.gravatar.com\\\/avatar\\\/4dfbf16b4d17945bfb6341b2d19043457132fcf478a5ee04f42e959fd8f5df0a?s=96&d=mm&r=g\",\"contentUrl\":\"https:\\\/\\\/secure.gravatar.com\\\/avatar\\\/4dfbf16b4d17945bfb6341b2d19043457132fcf478a5ee04f42e959fd8f5df0a?s=96&d=mm&r=g\",\"caption\":\"NOTICIASMERCEDINAS.COM\"},\"url\":\"https:\\\/\\\/noticiasmercedinas.com\\\/site\\\/author\\\/anonimo\\\/\"}]}<\/script>\n<!-- \/ Yoast SEO plugin. -->","yoast_head_json":{"title":"Un fallecido embestido en un siniestro vial sobre la Ruta 5 km 152","robots":{"index":"index","follow":"follow","max-snippet":"max-snippet:-1","max-image-preview":"max-image-preview:large","max-video-preview":"max-video-preview:-1"},"canonical":"https:\/\/noticiasmercedinas.com\/site\/2024\/12\/21\/un-fallecido-embestido-en-un-siniestro-vial-sobre-la-ruta-5-km-152\/","og_locale":"es_ES","og_type":"article","og_title":"Un fallecido embestido en un siniestro vial sobre la Ruta 5 km 152","og_description":"\u25a0 El tr\u00e1nsito estuvo interrumpido durante varias horas, hasta pasadas las 2:00 de la ma\u00f1ana del s\u00e1bado, mientras se realizaban las tareas de investigaci\u00f3n y levantamiento de pruebas","og_url":"https:\/\/noticiasmercedinas.com\/site\/2024\/12\/21\/un-fallecido-embestido-en-un-siniestro-vial-sobre-la-ruta-5-km-152\/","og_site_name":"NOTICIASMERCEDINAS.COM","article_publisher":"https:\/\/www.facebook.com\/noticiasmercedinas\/","article_published_time":"2024-12-21T12:56:03+00:00","article_modified_time":"2024-12-21T12:56:15+00:00","og_image":[{"width":1440,"height":1152,"url":"https:\/\/noticiasmercedinas.com\/site\/wp-content\/uploads\/2024\/12\/470228020_9261929580507955_2376390762926189415_n-e1734785722780.jpg","type":"image\/jpeg"}],"author":"NOTICIASMERCEDINAS.COM","twitter_card":"summary_large_image","twitter_creator":"@notmercedinas","twitter_site":"@notmercedinas","twitter_misc":{"Escrito por":"NOTICIASMERCEDINAS.COM","Tiempo de lectura":"1 minuto"},"schema":{"@context":"https:\/\/schema.org","@graph":[{"@type":"Article","@id":"https:\/\/noticiasmercedinas.com\/site\/2024\/12\/21\/un-fallecido-embestido-en-un-siniestro-vial-sobre-la-ruta-5-km-152\/#article","isPartOf":{"@id":"https:\/\/noticiasmercedinas.com\/site\/2024\/12\/21\/un-fallecido-embestido-en-un-siniestro-vial-sobre-la-ruta-5-km-152\/"},"author":{"name":"NOTICIASMERCEDINAS.COM","@id":"https:\/\/noticiasmercedinas.com\/site\/#\/schema\/person\/84b59c099c28ff2e8b77d4ceec5d8063"},"headline":"Un fallecido embestido en un siniestro vial sobre la Ruta 5 km 152","datePublished":"2024-12-21T12:56:03+00:00","dateModified":"2024-12-21T12:56:15+00:00","mainEntityOfPage":{"@id":"https:\/\/noticiasmercedinas.com\/site\/2024\/12\/21\/un-fallecido-embestido-en-un-siniestro-vial-sobre-la-ruta-5-km-152\/"},"wordCount":222,"publisher":{"@id":"https:\/\/noticiasmercedinas.com\/site\/#organization"},"image":{"@id":"https:\/\/noticiasmercedinas.com\/site\/2024\/12\/21\/un-fallecido-embestido-en-un-siniestro-vial-sobre-la-ruta-5-km-152\/#primaryimage"},"thumbnailUrl":"https:\/\/noticiasmercedinas.com\/site\/wp-content\/uploads\/2024\/12\/470228020_9261929580507955_2376390762926189415_n-e1734785722780.jpg","keywords":["accidente","ruta 5"],"articleSection":["Seguridad"],"inLanguage":"es"},{"@type":"WebPage","@id":"https:\/\/noticiasmercedinas.com\/site\/2024\/12\/21\/un-fallecido-embestido-en-un-siniestro-vial-sobre-la-ruta-5-km-152\/","url":"https:\/\/noticiasmercedinas.com\/site\/2024\/12\/21\/un-fallecido-embestido-en-un-siniestro-vial-sobre-la-ruta-5-km-152\/","name":"Un fallecido embestido en un siniestro vial sobre la Ruta 5 km 152","isPartOf":{"@id":"https:\/\/noticiasmercedinas.com\/site\/#website"},"primaryImageOfPage":{"@id":"https:\/\/noticiasmercedinas.com\/site\/2024\/12\/21\/un-fallecido-embestido-en-un-siniestro-vial-sobre-la-ruta-5-km-152\/#primaryimage"},"image":{"@id":"https:\/\/noticiasmercedinas.com\/site\/2024\/12\/21\/un-fallecido-embestido-en-un-siniestro-vial-sobre-la-ruta-5-km-152\/#primaryimage"},"thumbnailUrl":"https:\/\/noticiasmercedinas.com\/site\/wp-content\/uploads\/2024\/12\/470228020_9261929580507955_2376390762926189415_n-e1734785722780.jpg","datePublished":"2024-12-21T12:56:03+00:00","dateModified":"2024-12-21T12:56:15+00:00","breadcrumb":{"@id":"https:\/\/noticiasmercedinas.com\/site\/2024\/12\/21\/un-fallecido-embestido-en-un-siniestro-vial-sobre-la-ruta-5-km-152\/#breadcrumb"},"inLanguage":"es","potentialAction":[{"@type":"ReadAction","target":["https:\/\/noticiasmercedinas.com\/site\/2024\/12\/21\/un-fallecido-embestido-en-un-siniestro-vial-sobre-la-ruta-5-km-152\/"]}]},{"@type":"ImageObject","inLanguage":"es","@id":"https:\/\/noticiasmercedinas.com\/site\/2024\/12\/21\/un-fallecido-embestido-en-un-siniestro-vial-sobre-la-ruta-5-km-152\/#primaryimage","url":"https:\/\/noticiasmercedinas.com\/site\/wp-content\/uploads\/2024\/12\/470228020_9261929580507955_2376390762926189415_n-e1734785722780.jpg","contentUrl":"https:\/\/noticiasmercedinas.com\/site\/wp-content\/uploads\/2024\/12\/470228020_9261929580507955_2376390762926189415_n-e1734785722780.jpg","width":1440,"height":1152},{"@type":"BreadcrumbList","@id":"https:\/\/noticiasmercedinas.com\/site\/2024\/12\/21\/un-fallecido-embestido-en-un-siniestro-vial-sobre-la-ruta-5-km-152\/#breadcrumb","itemListElement":[{"@type":"ListItem","position":1,"name":"Portada","item":"https:\/\/noticiasmercedinas.com\/site\/"},{"@type":"ListItem","position":2,"name":"Un fallecido embestido en un siniestro vial sobre la Ruta 5 km 152"}]},{"@type":"WebSite","@id":"https:\/\/noticiasmercedinas.com\/site\/#website","url":"https:\/\/noticiasmercedinas.com\/site\/","name":"NOTICIASMERCEDINAS.COM","description":"Mercedes, Buenos Aires, Argentina","publisher":{"@id":"https:\/\/noticiasmercedinas.com\/site\/#organization"},"potentialAction":[{"@type":"SearchAction","target":{"@type":"EntryPoint","urlTemplate":"https:\/\/noticiasmercedinas.com\/site\/?s={search_term_string}"},"query-input":{"@type":"PropertyValueSpecification","valueRequired":true,"valueName":"search_term_string"}}],"inLanguage":"es"},{"@type":"Organization","@id":"https:\/\/noticiasmercedinas.com\/site\/#organization","name":"NOTICIASMERCEDINAS.COM","url":"https:\/\/noticiasmercedinas.com\/site\/","logo":{"@type":"ImageObject","inLanguage":"es","@id":"https:\/\/noticiasmercedinas.com\/site\/#\/schema\/logo\/image\/","url":"https:\/\/noticiasmercedinas.com\/site\/wp-content\/uploads\/2020\/06\/LOGO-512.jpg","contentUrl":"https:\/\/noticiasmercedinas.com\/site\/wp-content\/uploads\/2020\/06\/LOGO-512.jpg","width":512,"height":512,"caption":"NOTICIASMERCEDINAS.COM"},"image":{"@id":"https:\/\/noticiasmercedinas.com\/site\/#\/schema\/logo\/image\/"},"sameAs":["https:\/\/www.facebook.com\/noticiasmercedinas\/","https:\/\/x.com\/notmercedinas","https:\/\/www.instagram.com\/noticiasmercedinas\/"]},{"@type":"Person","@id":"https:\/\/noticiasmercedinas.com\/site\/#\/schema\/person\/84b59c099c28ff2e8b77d4ceec5d8063","name":"NOTICIASMERCEDINAS.COM","image":{"@type":"ImageObject","inLanguage":"es","@id":"https:\/\/secure.gravatar.com\/avatar\/4dfbf16b4d17945bfb6341b2d19043457132fcf478a5ee04f42e959fd8f5df0a?s=96&d=mm&r=g","url":"https:\/\/secure.gravatar.com\/avatar\/4dfbf16b4d17945bfb6341b2d19043457132fcf478a5ee04f42e959fd8f5df0a?s=96&d=mm&r=g","contentUrl":"https:\/\/secure.gravatar.com\/avatar\/4dfbf16b4d17945bfb6341b2d19043457132fcf478a5ee04f42e959fd8f5df0a?s=96&d=mm&r=g","caption":"NOTICIASMERCEDINAS.COM"},"url":"https:\/\/noticiasmercedinas.com\/site\/author\/anonimo\/"}]}},"amp_enabled":true,"_links":{"self":[{"href":"https:\/\/noticiasmercedinas.com\/site\/wp-json\/wp\/v2\/posts\/150883","targetHints":{"allow":["GET"]}}],"collection":[{"href":"https:\/\/noticiasmercedinas.com\/site\/wp-json\/wp\/v2\/posts"}],"about":[{"href":"https:\/\/noticiasmercedinas.com\/site\/wp-json\/wp\/v2\/types\/post"}],"author":[{"embeddable":true,"href":"https:\/\/noticiasmercedinas.com\/site\/wp-json\/wp\/v2\/users\/16"}],"replies":[{"embeddable":true,"href":"https:\/\/noticiasmercedinas.com\/site\/wp-json\/wp\/v2\/comments?post=150883"}],"version-history":[{"count":1,"href":"https:\/\/noticiasmercedinas.com\/site\/wp-json\/wp\/v2\/posts\/150883\/revisions"}],"predecessor-version":[{"id":150885,"href":"https:\/\/noticiasmercedinas.com\/site\/wp-json\/wp\/v2\/posts\/150883\/revisions\/150885"}],"wp:featuredmedia":[{"embeddable":true,"href":"https:\/\/noticiasmercedinas.com\/site\/wp-json\/wp\/v2\/media\/150884"}],"wp:attachment":[{"href":"https:\/\/noticiasmercedinas.com\/site\/wp-json\/wp\/v2\/media?parent=150883"}],"wp:term":[{"taxonomy":"category","embeddable":true,"href":"https:\/\/noticiasmercedinas.com\/site\/wp-json\/wp\/v2\/categories?post=150883"},{"taxonomy":"post_tag","embeddable":true,"href":"https:\/\/noticiasmercedinas.com\/site\/wp-json\/wp\/v2\/tags?post=150883"}],"curies":[{"name":"wp","href":"https:\/\/api.w.org\/{rel}","templated":true}]}}