{"id":151029,"date":"2024-12-23T17:27:35","date_gmt":"2024-12-23T20:27:35","guid":{"rendered":"https:\/\/noticiasmercedinas.com\/site\/?p=151029"},"modified":"2024-12-23T17:27:35","modified_gmt":"2024-12-23T20:27:35","slug":"agrale-reconocio-a-bomberos-voluntarios-al-municipio-y-a-su-personal-en-una-jornada-especial","status":"publish","type":"post","link":"https:\/\/noticiasmercedinas.com\/site\/2024\/12\/23\/agrale-reconocio-a-bomberos-voluntarios-al-municipio-y-a-su-personal-en-una-jornada-especial\/","title":{"rendered":"Agrale reconoci\u00f3 a Bomberos Voluntarios, al Municipio y a su personal en una jornada especial"},"content":{"rendered":"<p><img loading=\"lazy\" decoding=\"async\" class=\"alignnone size-full wp-image-151032\" src=\"https:\/\/noticiasmercedinas.com\/site\/wp-content\/uploads\/2024\/12\/471261668_1127598308722235_7369333695986827103_n.jpg\" alt=\"\" width=\"2048\" height=\"1365\" srcset=\"https:\/\/noticiasmercedinas.com\/site\/wp-content\/uploads\/2024\/12\/471261668_1127598308722235_7369333695986827103_n.jpg 2048w, https:\/\/noticiasmercedinas.com\/site\/wp-content\/uploads\/2024\/12\/471261668_1127598308722235_7369333695986827103_n-300x200.jpg 300w, https:\/\/noticiasmercedinas.com\/site\/wp-content\/uploads\/2024\/12\/471261668_1127598308722235_7369333695986827103_n-1024x683.jpg 1024w, https:\/\/noticiasmercedinas.com\/site\/wp-content\/uploads\/2024\/12\/471261668_1127598308722235_7369333695986827103_n-768x512.jpg 768w, https:\/\/noticiasmercedinas.com\/site\/wp-content\/uploads\/2024\/12\/471261668_1127598308722235_7369333695986827103_n-1536x1024.jpg 1536w, https:\/\/noticiasmercedinas.com\/site\/wp-content\/uploads\/2024\/12\/471261668_1127598308722235_7369333695986827103_n-640x427.jpg 640w, https:\/\/noticiasmercedinas.com\/site\/wp-content\/uploads\/2024\/12\/471261668_1127598308722235_7369333695986827103_n-1280x853.jpg 1280w, https:\/\/noticiasmercedinas.com\/site\/wp-content\/uploads\/2024\/12\/471261668_1127598308722235_7369333695986827103_n-681x454.jpg 681w, https:\/\/noticiasmercedinas.com\/site\/wp-content\/uploads\/2024\/12\/471261668_1127598308722235_7369333695986827103_n-1362x908.jpg 1362w\" sizes=\"auto, (max-width: 2048px) 100vw, 2048px\" \/><\/p>\n<p>El pasado viernes, la empresa Agrale, reconocida f\u00e1brica de chasis de Mercedes, realiz\u00f3 un acto de cierre de a\u00f1o en el que destac\u00f3 la labor de quienes participaron activamente en la recuperaci\u00f3n tras <a href=\"https:\/\/noticiasmercedinas.com\/site\/2024\/11\/20\/incendio-en-la-planta-de-agrale-en-mercedes-moviliza-a-bomberos-y-proteccion-civil\/\">el incendio que afect\u00f3 parte de sus instalaciones<\/a>.<\/p>\n<p>Durante la jornada, se entregaron reconocimientos tanto a empleados como a instituciones clave de la ciudad.<\/p>\n<p>En el acto se rindi\u00f3 homenaje a los Bomberos Voluntarios de Mercedes y al \u00e1rea de Servicios P\u00fablicos y Protecci\u00f3n Civil del Municipio, quienes recibieron una plaqueta y una colaboraci\u00f3n de 500 litros de combustible como muestra de gratitud por su apoyo fundamental durante y despu\u00e9s del siniestro.<\/p>\n<p>Asimismo, Gabriel Sebastiano, encargado de mantenimiento, y su equipo fueron reconocidos con una plaqueta por su dedicaci\u00f3n en las tareas de recuperaci\u00f3n y puesta a punto de la planta tras el incidente.<\/p>\n<p><img loading=\"lazy\" decoding=\"async\" class=\"alignnone size-full wp-image-151030\" src=\"https:\/\/noticiasmercedinas.com\/site\/wp-content\/uploads\/2024\/12\/471258648_1127598372055562_8282917382540076772_n.jpg\" alt=\"\" width=\"2048\" height=\"1365\" srcset=\"https:\/\/noticiasmercedinas.com\/site\/wp-content\/uploads\/2024\/12\/471258648_1127598372055562_8282917382540076772_n.jpg 2048w, https:\/\/noticiasmercedinas.com\/site\/wp-content\/uploads\/2024\/12\/471258648_1127598372055562_8282917382540076772_n-300x200.jpg 300w, https:\/\/noticiasmercedinas.com\/site\/wp-content\/uploads\/2024\/12\/471258648_1127598372055562_8282917382540076772_n-1024x683.jpg 1024w, https:\/\/noticiasmercedinas.com\/site\/wp-content\/uploads\/2024\/12\/471258648_1127598372055562_8282917382540076772_n-768x512.jpg 768w, https:\/\/noticiasmercedinas.com\/site\/wp-content\/uploads\/2024\/12\/471258648_1127598372055562_8282917382540076772_n-1536x1024.jpg 1536w, https:\/\/noticiasmercedinas.com\/site\/wp-content\/uploads\/2024\/12\/471258648_1127598372055562_8282917382540076772_n-640x427.jpg 640w, https:\/\/noticiasmercedinas.com\/site\/wp-content\/uploads\/2024\/12\/471258648_1127598372055562_8282917382540076772_n-1280x853.jpg 1280w, https:\/\/noticiasmercedinas.com\/site\/wp-content\/uploads\/2024\/12\/471258648_1127598372055562_8282917382540076772_n-681x454.jpg 681w, https:\/\/noticiasmercedinas.com\/site\/wp-content\/uploads\/2024\/12\/471258648_1127598372055562_8282917382540076772_n-1362x908.jpg 1362w\" sizes=\"auto, (max-width: 2048px) 100vw, 2048px\" \/><\/p>\n<p><strong>Reconocimiento al personal de Agrale<\/strong><br \/>\nTambi\u00e9n se destac\u00f3 a los empleados que cumplieron 10 a\u00f1os de trayectoria en la empresa:<\/p>\n<ul>\n<li><strong>2023<\/strong>: Marcos Cirelli, Juan Manuel Chee, Sergio Pereira, Luciano Acu\u00f1a, Omar Arizmendi.<\/li>\n<li><strong>2024<\/strong>: Sandra Giovanelli, Rub\u00e9n Irigoyen, Germ\u00e1n Solivella.<\/li>\n<\/ul>\n<p>El acto cont\u00f3 con un mensaje especial enviado desde Brasil por el director ejecutivo de Agrale, Rog\u00e9rio Vacari, quien expres\u00f3 su gratitud hacia los equipos e instituciones que colaboraron en este dif\u00edcil contexto, as\u00ed como su confianza en el futuro de la empresa en Mercedes.<\/p>\n<p><strong>Compromiso con la comunidad<\/strong><br \/>\nEl intendente Juan Ignacio Ustarroz estuvo presente y resalt\u00f3 la importancia de trabajar en conjunto para superar los desaf\u00edos. \u201cAgrale no solo produce chasis, sino que genera v\u00ednculos s\u00f3lidos con la comunidad, construyendo una ciudad unida\u201d, se\u00f1al\u00f3.<\/p>\n<p>La jornada culmin\u00f3 con un brindis y un clima de agradecimiento mutuo, renovando el compromiso de Agrale con sus empleados y con Mercedes.<\/p>\n<p><img loading=\"lazy\" decoding=\"async\" class=\"alignnone size-full wp-image-151031\" src=\"https:\/\/noticiasmercedinas.com\/site\/wp-content\/uploads\/2024\/12\/471327456_1127598328722233_6296313300406086431_n.jpg\" alt=\"\" width=\"2048\" height=\"1365\" srcset=\"https:\/\/noticiasmercedinas.com\/site\/wp-content\/uploads\/2024\/12\/471327456_1127598328722233_6296313300406086431_n.jpg 2048w, https:\/\/noticiasmercedinas.com\/site\/wp-content\/uploads\/2024\/12\/471327456_1127598328722233_6296313300406086431_n-300x200.jpg 300w, https:\/\/noticiasmercedinas.com\/site\/wp-content\/uploads\/2024\/12\/471327456_1127598328722233_6296313300406086431_n-1024x683.jpg 1024w, https:\/\/noticiasmercedinas.com\/site\/wp-content\/uploads\/2024\/12\/471327456_1127598328722233_6296313300406086431_n-768x512.jpg 768w, https:\/\/noticiasmercedinas.com\/site\/wp-content\/uploads\/2024\/12\/471327456_1127598328722233_6296313300406086431_n-1536x1024.jpg 1536w, https:\/\/noticiasmercedinas.com\/site\/wp-content\/uploads\/2024\/12\/471327456_1127598328722233_6296313300406086431_n-640x427.jpg 640w, https:\/\/noticiasmercedinas.com\/site\/wp-content\/uploads\/2024\/12\/471327456_1127598328722233_6296313300406086431_n-1280x853.jpg 1280w, https:\/\/noticiasmercedinas.com\/site\/wp-content\/uploads\/2024\/12\/471327456_1127598328722233_6296313300406086431_n-681x454.jpg 681w, https:\/\/noticiasmercedinas.com\/site\/wp-content\/uploads\/2024\/12\/471327456_1127598328722233_6296313300406086431_n-1362x908.jpg 1362w\" sizes=\"auto, (max-width: 2048px) 100vw, 2048px\" \/><\/p>\n","protected":false},"excerpt":{"rendered":"<p>\u25a0 En el acto se rindi\u00f3 homenaje a los Bomberos Voluntarios de Mercedes y al \u00e1rea de Servicios P\u00fablicos y Protecci\u00f3n Civil del Municipio, quienes recibieron una plaqueta y una colaboraci\u00f3n<\/p>\n","protected":false},"author":16,"featured_media":151032,"comment_status":"closed","ping_status":"closed","sticky":false,"template":"","format":"standard","meta":{"footnotes":""},"categories":[3],"tags":[4143,120,80,1746],"class_list":["post-151029","post","type-post","status-publish","format-standard","has-post-thumbnail","hentry","category-sociedad","tag-agradecimiento","tag-agrale","tag-bomberos","tag-incendio"],"yoast_head":"<!-- This site is optimized with the Yoast SEO plugin v27.5 - https:\/\/yoast.com\/product\/yoast-seo-wordpress\/ -->\n<title>Agrale reconoci\u00f3 a Bomberos Voluntarios, al Municipio y a su personal en una jornada especial<\/title>\n<meta name=\"robots\" content=\"index, follow, max-snippet:-1, max-image-preview:large, max-video-preview:-1\" \/>\n<link rel=\"canonical\" href=\"https:\/\/noticiasmercedinas.com\/site\/2024\/12\/23\/agrale-reconocio-a-bomberos-voluntarios-al-municipio-y-a-su-personal-en-una-jornada-especial\/\" \/>\n<meta property=\"og:locale\" content=\"es_ES\" \/>\n<meta property=\"og:type\" content=\"article\" \/>\n<meta property=\"og:title\" content=\"Agrale reconoci\u00f3 a Bomberos Voluntarios, al Municipio y a su personal en una jornada especial\" \/>\n<meta property=\"og:description\" content=\"\u25a0 En el acto se rindi\u00f3 homenaje a los Bomberos Voluntarios de Mercedes y al \u00e1rea de Servicios P\u00fablicos y Protecci\u00f3n Civil del Municipio, quienes recibieron una plaqueta y una colaboraci\u00f3n\" \/>\n<meta property=\"og:url\" content=\"https:\/\/noticiasmercedinas.com\/site\/2024\/12\/23\/agrale-reconocio-a-bomberos-voluntarios-al-municipio-y-a-su-personal-en-una-jornada-especial\/\" \/>\n<meta property=\"og:site_name\" content=\"NOTICIASMERCEDINAS.COM\" \/>\n<meta property=\"article:publisher\" content=\"https:\/\/www.facebook.com\/noticiasmercedinas\/\" \/>\n<meta property=\"article:published_time\" content=\"2024-12-23T20:27:35+00:00\" \/>\n<meta property=\"og:image\" content=\"https:\/\/noticiasmercedinas.com\/site\/wp-content\/uploads\/2024\/12\/471261668_1127598308722235_7369333695986827103_n.jpg\" \/>\n\t<meta property=\"og:image:width\" content=\"2048\" \/>\n\t<meta property=\"og:image:height\" content=\"1365\" \/>\n\t<meta property=\"og:image:type\" content=\"image\/jpeg\" \/>\n<meta name=\"author\" content=\"NOTICIASMERCEDINAS.COM\" \/>\n<meta name=\"twitter:card\" content=\"summary_large_image\" \/>\n<meta name=\"twitter:creator\" content=\"@notmercedinas\" \/>\n<meta name=\"twitter:site\" content=\"@notmercedinas\" \/>\n<meta name=\"twitter:label1\" content=\"Escrito por\" \/>\n\t<meta name=\"twitter:data1\" content=\"NOTICIASMERCEDINAS.COM\" \/>\n\t<meta name=\"twitter:label2\" content=\"Tiempo de lectura\" \/>\n\t<meta name=\"twitter:data2\" content=\"2 minutos\" \/>\n<script type=\"application\/ld+json\" class=\"yoast-schema-graph\">{\"@context\":\"https:\\\/\\\/schema.org\",\"@graph\":[{\"@type\":\"Article\",\"@id\":\"https:\\\/\\\/noticiasmercedinas.com\\\/site\\\/2024\\\/12\\\/23\\\/agrale-reconocio-a-bomberos-voluntarios-al-municipio-y-a-su-personal-en-una-jornada-especial\\\/#article\",\"isPartOf\":{\"@id\":\"https:\\\/\\\/noticiasmercedinas.com\\\/site\\\/2024\\\/12\\\/23\\\/agrale-reconocio-a-bomberos-voluntarios-al-municipio-y-a-su-personal-en-una-jornada-especial\\\/\"},\"author\":{\"name\":\"NOTICIASMERCEDINAS.COM\",\"@id\":\"https:\\\/\\\/noticiasmercedinas.com\\\/site\\\/#\\\/schema\\\/person\\\/84b59c099c28ff2e8b77d4ceec5d8063\"},\"headline\":\"Agrale reconoci\u00f3 a Bomberos Voluntarios, al Municipio y a su personal en una jornada especial\",\"datePublished\":\"2024-12-23T20:27:35+00:00\",\"mainEntityOfPage\":{\"@id\":\"https:\\\/\\\/noticiasmercedinas.com\\\/site\\\/2024\\\/12\\\/23\\\/agrale-reconocio-a-bomberos-voluntarios-al-municipio-y-a-su-personal-en-una-jornada-especial\\\/\"},\"wordCount\":316,\"publisher\":{\"@id\":\"https:\\\/\\\/noticiasmercedinas.com\\\/site\\\/#organization\"},\"image\":{\"@id\":\"https:\\\/\\\/noticiasmercedinas.com\\\/site\\\/2024\\\/12\\\/23\\\/agrale-reconocio-a-bomberos-voluntarios-al-municipio-y-a-su-personal-en-una-jornada-especial\\\/#primaryimage\"},\"thumbnailUrl\":\"https:\\\/\\\/noticiasmercedinas.com\\\/site\\\/wp-content\\\/uploads\\\/2024\\\/12\\\/471261668_1127598308722235_7369333695986827103_n.jpg\",\"keywords\":[\"agradecimiento\",\"agrale\",\"bomberos\",\"incendio\"],\"articleSection\":[\"Sociedad\"],\"inLanguage\":\"es\"},{\"@type\":\"WebPage\",\"@id\":\"https:\\\/\\\/noticiasmercedinas.com\\\/site\\\/2024\\\/12\\\/23\\\/agrale-reconocio-a-bomberos-voluntarios-al-municipio-y-a-su-personal-en-una-jornada-especial\\\/\",\"url\":\"https:\\\/\\\/noticiasmercedinas.com\\\/site\\\/2024\\\/12\\\/23\\\/agrale-reconocio-a-bomberos-voluntarios-al-municipio-y-a-su-personal-en-una-jornada-especial\\\/\",\"name\":\"Agrale reconoci\u00f3 a Bomberos Voluntarios, al Municipio y a su personal en una jornada especial\",\"isPartOf\":{\"@id\":\"https:\\\/\\\/noticiasmercedinas.com\\\/site\\\/#website\"},\"primaryImageOfPage\":{\"@id\":\"https:\\\/\\\/noticiasmercedinas.com\\\/site\\\/2024\\\/12\\\/23\\\/agrale-reconocio-a-bomberos-voluntarios-al-municipio-y-a-su-personal-en-una-jornada-especial\\\/#primaryimage\"},\"image\":{\"@id\":\"https:\\\/\\\/noticiasmercedinas.com\\\/site\\\/2024\\\/12\\\/23\\\/agrale-reconocio-a-bomberos-voluntarios-al-municipio-y-a-su-personal-en-una-jornada-especial\\\/#primaryimage\"},\"thumbnailUrl\":\"https:\\\/\\\/noticiasmercedinas.com\\\/site\\\/wp-content\\\/uploads\\\/2024\\\/12\\\/471261668_1127598308722235_7369333695986827103_n.jpg\",\"datePublished\":\"2024-12-23T20:27:35+00:00\",\"breadcrumb\":{\"@id\":\"https:\\\/\\\/noticiasmercedinas.com\\\/site\\\/2024\\\/12\\\/23\\\/agrale-reconocio-a-bomberos-voluntarios-al-municipio-y-a-su-personal-en-una-jornada-especial\\\/#breadcrumb\"},\"inLanguage\":\"es\",\"potentialAction\":[{\"@type\":\"ReadAction\",\"target\":[\"https:\\\/\\\/noticiasmercedinas.com\\\/site\\\/2024\\\/12\\\/23\\\/agrale-reconocio-a-bomberos-voluntarios-al-municipio-y-a-su-personal-en-una-jornada-especial\\\/\"]}]},{\"@type\":\"ImageObject\",\"inLanguage\":\"es\",\"@id\":\"https:\\\/\\\/noticiasmercedinas.com\\\/site\\\/2024\\\/12\\\/23\\\/agrale-reconocio-a-bomberos-voluntarios-al-municipio-y-a-su-personal-en-una-jornada-especial\\\/#primaryimage\",\"url\":\"https:\\\/\\\/noticiasmercedinas.com\\\/site\\\/wp-content\\\/uploads\\\/2024\\\/12\\\/471261668_1127598308722235_7369333695986827103_n.jpg\",\"contentUrl\":\"https:\\\/\\\/noticiasmercedinas.com\\\/site\\\/wp-content\\\/uploads\\\/2024\\\/12\\\/471261668_1127598308722235_7369333695986827103_n.jpg\",\"width\":2048,\"height\":1365},{\"@type\":\"BreadcrumbList\",\"@id\":\"https:\\\/\\\/noticiasmercedinas.com\\\/site\\\/2024\\\/12\\\/23\\\/agrale-reconocio-a-bomberos-voluntarios-al-municipio-y-a-su-personal-en-una-jornada-especial\\\/#breadcrumb\",\"itemListElement\":[{\"@type\":\"ListItem\",\"position\":1,\"name\":\"Portada\",\"item\":\"https:\\\/\\\/noticiasmercedinas.com\\\/site\\\/\"},{\"@type\":\"ListItem\",\"position\":2,\"name\":\"Agrale reconoci\u00f3 a Bomberos Voluntarios, al Municipio y a su personal en una jornada especial\"}]},{\"@type\":\"WebSite\",\"@id\":\"https:\\\/\\\/noticiasmercedinas.com\\\/site\\\/#website\",\"url\":\"https:\\\/\\\/noticiasmercedinas.com\\\/site\\\/\",\"name\":\"NOTICIASMERCEDINAS.COM\",\"description\":\"Mercedes, Buenos Aires, Argentina\",\"publisher\":{\"@id\":\"https:\\\/\\\/noticiasmercedinas.com\\\/site\\\/#organization\"},\"potentialAction\":[{\"@type\":\"SearchAction\",\"target\":{\"@type\":\"EntryPoint\",\"urlTemplate\":\"https:\\\/\\\/noticiasmercedinas.com\\\/site\\\/?s={search_term_string}\"},\"query-input\":{\"@type\":\"PropertyValueSpecification\",\"valueRequired\":true,\"valueName\":\"search_term_string\"}}],\"inLanguage\":\"es\"},{\"@type\":\"Organization\",\"@id\":\"https:\\\/\\\/noticiasmercedinas.com\\\/site\\\/#organization\",\"name\":\"NOTICIASMERCEDINAS.COM\",\"url\":\"https:\\\/\\\/noticiasmercedinas.com\\\/site\\\/\",\"logo\":{\"@type\":\"ImageObject\",\"inLanguage\":\"es\",\"@id\":\"https:\\\/\\\/noticiasmercedinas.com\\\/site\\\/#\\\/schema\\\/logo\\\/image\\\/\",\"url\":\"https:\\\/\\\/noticiasmercedinas.com\\\/site\\\/wp-content\\\/uploads\\\/2020\\\/06\\\/LOGO-512.jpg\",\"contentUrl\":\"https:\\\/\\\/noticiasmercedinas.com\\\/site\\\/wp-content\\\/uploads\\\/2020\\\/06\\\/LOGO-512.jpg\",\"width\":512,\"height\":512,\"caption\":\"NOTICIASMERCEDINAS.COM\"},\"image\":{\"@id\":\"https:\\\/\\\/noticiasmercedinas.com\\\/site\\\/#\\\/schema\\\/logo\\\/image\\\/\"},\"sameAs\":[\"https:\\\/\\\/www.facebook.com\\\/noticiasmercedinas\\\/\",\"https:\\\/\\\/x.com\\\/notmercedinas\",\"https:\\\/\\\/www.instagram.com\\\/noticiasmercedinas\\\/\"]},{\"@type\":\"Person\",\"@id\":\"https:\\\/\\\/noticiasmercedinas.com\\\/site\\\/#\\\/schema\\\/person\\\/84b59c099c28ff2e8b77d4ceec5d8063\",\"name\":\"NOTICIASMERCEDINAS.COM\",\"image\":{\"@type\":\"ImageObject\",\"inLanguage\":\"es\",\"@id\":\"https:\\\/\\\/secure.gravatar.com\\\/avatar\\\/4dfbf16b4d17945bfb6341b2d19043457132fcf478a5ee04f42e959fd8f5df0a?s=96&d=mm&r=g\",\"url\":\"https:\\\/\\\/secure.gravatar.com\\\/avatar\\\/4dfbf16b4d17945bfb6341b2d19043457132fcf478a5ee04f42e959fd8f5df0a?s=96&d=mm&r=g\",\"contentUrl\":\"https:\\\/\\\/secure.gravatar.com\\\/avatar\\\/4dfbf16b4d17945bfb6341b2d19043457132fcf478a5ee04f42e959fd8f5df0a?s=96&d=mm&r=g\",\"caption\":\"NOTICIASMERCEDINAS.COM\"},\"url\":\"https:\\\/\\\/noticiasmercedinas.com\\\/site\\\/author\\\/anonimo\\\/\"}]}<\/script>\n<!-- \/ Yoast SEO plugin. -->","yoast_head_json":{"title":"Agrale reconoci\u00f3 a Bomberos Voluntarios, al Municipio y a su personal en una jornada especial","robots":{"index":"index","follow":"follow","max-snippet":"max-snippet:-1","max-image-preview":"max-image-preview:large","max-video-preview":"max-video-preview:-1"},"canonical":"https:\/\/noticiasmercedinas.com\/site\/2024\/12\/23\/agrale-reconocio-a-bomberos-voluntarios-al-municipio-y-a-su-personal-en-una-jornada-especial\/","og_locale":"es_ES","og_type":"article","og_title":"Agrale reconoci\u00f3 a Bomberos Voluntarios, al Municipio y a su personal en una jornada especial","og_description":"\u25a0 En el acto se rindi\u00f3 homenaje a los Bomberos Voluntarios de Mercedes y al \u00e1rea de Servicios P\u00fablicos y Protecci\u00f3n Civil del Municipio, quienes recibieron una plaqueta y una colaboraci\u00f3n","og_url":"https:\/\/noticiasmercedinas.com\/site\/2024\/12\/23\/agrale-reconocio-a-bomberos-voluntarios-al-municipio-y-a-su-personal-en-una-jornada-especial\/","og_site_name":"NOTICIASMERCEDINAS.COM","article_publisher":"https:\/\/www.facebook.com\/noticiasmercedinas\/","article_published_time":"2024-12-23T20:27:35+00:00","og_image":[{"width":2048,"height":1365,"url":"https:\/\/noticiasmercedinas.com\/site\/wp-content\/uploads\/2024\/12\/471261668_1127598308722235_7369333695986827103_n.jpg","type":"image\/jpeg"}],"author":"NOTICIASMERCEDINAS.COM","twitter_card":"summary_large_image","twitter_creator":"@notmercedinas","twitter_site":"@notmercedinas","twitter_misc":{"Escrito por":"NOTICIASMERCEDINAS.COM","Tiempo de lectura":"2 minutos"},"schema":{"@context":"https:\/\/schema.org","@graph":[{"@type":"Article","@id":"https:\/\/noticiasmercedinas.com\/site\/2024\/12\/23\/agrale-reconocio-a-bomberos-voluntarios-al-municipio-y-a-su-personal-en-una-jornada-especial\/#article","isPartOf":{"@id":"https:\/\/noticiasmercedinas.com\/site\/2024\/12\/23\/agrale-reconocio-a-bomberos-voluntarios-al-municipio-y-a-su-personal-en-una-jornada-especial\/"},"author":{"name":"NOTICIASMERCEDINAS.COM","@id":"https:\/\/noticiasmercedinas.com\/site\/#\/schema\/person\/84b59c099c28ff2e8b77d4ceec5d8063"},"headline":"Agrale reconoci\u00f3 a Bomberos Voluntarios, al Municipio y a su personal en una jornada especial","datePublished":"2024-12-23T20:27:35+00:00","mainEntityOfPage":{"@id":"https:\/\/noticiasmercedinas.com\/site\/2024\/12\/23\/agrale-reconocio-a-bomberos-voluntarios-al-municipio-y-a-su-personal-en-una-jornada-especial\/"},"wordCount":316,"publisher":{"@id":"https:\/\/noticiasmercedinas.com\/site\/#organization"},"image":{"@id":"https:\/\/noticiasmercedinas.com\/site\/2024\/12\/23\/agrale-reconocio-a-bomberos-voluntarios-al-municipio-y-a-su-personal-en-una-jornada-especial\/#primaryimage"},"thumbnailUrl":"https:\/\/noticiasmercedinas.com\/site\/wp-content\/uploads\/2024\/12\/471261668_1127598308722235_7369333695986827103_n.jpg","keywords":["agradecimiento","agrale","bomberos","incendio"],"articleSection":["Sociedad"],"inLanguage":"es"},{"@type":"WebPage","@id":"https:\/\/noticiasmercedinas.com\/site\/2024\/12\/23\/agrale-reconocio-a-bomberos-voluntarios-al-municipio-y-a-su-personal-en-una-jornada-especial\/","url":"https:\/\/noticiasmercedinas.com\/site\/2024\/12\/23\/agrale-reconocio-a-bomberos-voluntarios-al-municipio-y-a-su-personal-en-una-jornada-especial\/","name":"Agrale reconoci\u00f3 a Bomberos Voluntarios, al Municipio y a su personal en una jornada especial","isPartOf":{"@id":"https:\/\/noticiasmercedinas.com\/site\/#website"},"primaryImageOfPage":{"@id":"https:\/\/noticiasmercedinas.com\/site\/2024\/12\/23\/agrale-reconocio-a-bomberos-voluntarios-al-municipio-y-a-su-personal-en-una-jornada-especial\/#primaryimage"},"image":{"@id":"https:\/\/noticiasmercedinas.com\/site\/2024\/12\/23\/agrale-reconocio-a-bomberos-voluntarios-al-municipio-y-a-su-personal-en-una-jornada-especial\/#primaryimage"},"thumbnailUrl":"https:\/\/noticiasmercedinas.com\/site\/wp-content\/uploads\/2024\/12\/471261668_1127598308722235_7369333695986827103_n.jpg","datePublished":"2024-12-23T20:27:35+00:00","breadcrumb":{"@id":"https:\/\/noticiasmercedinas.com\/site\/2024\/12\/23\/agrale-reconocio-a-bomberos-voluntarios-al-municipio-y-a-su-personal-en-una-jornada-especial\/#breadcrumb"},"inLanguage":"es","potentialAction":[{"@type":"ReadAction","target":["https:\/\/noticiasmercedinas.com\/site\/2024\/12\/23\/agrale-reconocio-a-bomberos-voluntarios-al-municipio-y-a-su-personal-en-una-jornada-especial\/"]}]},{"@type":"ImageObject","inLanguage":"es","@id":"https:\/\/noticiasmercedinas.com\/site\/2024\/12\/23\/agrale-reconocio-a-bomberos-voluntarios-al-municipio-y-a-su-personal-en-una-jornada-especial\/#primaryimage","url":"https:\/\/noticiasmercedinas.com\/site\/wp-content\/uploads\/2024\/12\/471261668_1127598308722235_7369333695986827103_n.jpg","contentUrl":"https:\/\/noticiasmercedinas.com\/site\/wp-content\/uploads\/2024\/12\/471261668_1127598308722235_7369333695986827103_n.jpg","width":2048,"height":1365},{"@type":"BreadcrumbList","@id":"https:\/\/noticiasmercedinas.com\/site\/2024\/12\/23\/agrale-reconocio-a-bomberos-voluntarios-al-municipio-y-a-su-personal-en-una-jornada-especial\/#breadcrumb","itemListElement":[{"@type":"ListItem","position":1,"name":"Portada","item":"https:\/\/noticiasmercedinas.com\/site\/"},{"@type":"ListItem","position":2,"name":"Agrale reconoci\u00f3 a Bomberos Voluntarios, al Municipio y a su personal en una jornada especial"}]},{"@type":"WebSite","@id":"https:\/\/noticiasmercedinas.com\/site\/#website","url":"https:\/\/noticiasmercedinas.com\/site\/","name":"NOTICIASMERCEDINAS.COM","description":"Mercedes, Buenos Aires, Argentina","publisher":{"@id":"https:\/\/noticiasmercedinas.com\/site\/#organization"},"potentialAction":[{"@type":"SearchAction","target":{"@type":"EntryPoint","urlTemplate":"https:\/\/noticiasmercedinas.com\/site\/?s={search_term_string}"},"query-input":{"@type":"PropertyValueSpecification","valueRequired":true,"valueName":"search_term_string"}}],"inLanguage":"es"},{"@type":"Organization","@id":"https:\/\/noticiasmercedinas.com\/site\/#organization","name":"NOTICIASMERCEDINAS.COM","url":"https:\/\/noticiasmercedinas.com\/site\/","logo":{"@type":"ImageObject","inLanguage":"es","@id":"https:\/\/noticiasmercedinas.com\/site\/#\/schema\/logo\/image\/","url":"https:\/\/noticiasmercedinas.com\/site\/wp-content\/uploads\/2020\/06\/LOGO-512.jpg","contentUrl":"https:\/\/noticiasmercedinas.com\/site\/wp-content\/uploads\/2020\/06\/LOGO-512.jpg","width":512,"height":512,"caption":"NOTICIASMERCEDINAS.COM"},"image":{"@id":"https:\/\/noticiasmercedinas.com\/site\/#\/schema\/logo\/image\/"},"sameAs":["https:\/\/www.facebook.com\/noticiasmercedinas\/","https:\/\/x.com\/notmercedinas","https:\/\/www.instagram.com\/noticiasmercedinas\/"]},{"@type":"Person","@id":"https:\/\/noticiasmercedinas.com\/site\/#\/schema\/person\/84b59c099c28ff2e8b77d4ceec5d8063","name":"NOTICIASMERCEDINAS.COM","image":{"@type":"ImageObject","inLanguage":"es","@id":"https:\/\/secure.gravatar.com\/avatar\/4dfbf16b4d17945bfb6341b2d19043457132fcf478a5ee04f42e959fd8f5df0a?s=96&d=mm&r=g","url":"https:\/\/secure.gravatar.com\/avatar\/4dfbf16b4d17945bfb6341b2d19043457132fcf478a5ee04f42e959fd8f5df0a?s=96&d=mm&r=g","contentUrl":"https:\/\/secure.gravatar.com\/avatar\/4dfbf16b4d17945bfb6341b2d19043457132fcf478a5ee04f42e959fd8f5df0a?s=96&d=mm&r=g","caption":"NOTICIASMERCEDINAS.COM"},"url":"https:\/\/noticiasmercedinas.com\/site\/author\/anonimo\/"}]}},"amp_enabled":true,"_links":{"self":[{"href":"https:\/\/noticiasmercedinas.com\/site\/wp-json\/wp\/v2\/posts\/151029","targetHints":{"allow":["GET"]}}],"collection":[{"href":"https:\/\/noticiasmercedinas.com\/site\/wp-json\/wp\/v2\/posts"}],"about":[{"href":"https:\/\/noticiasmercedinas.com\/site\/wp-json\/wp\/v2\/types\/post"}],"author":[{"embeddable":true,"href":"https:\/\/noticiasmercedinas.com\/site\/wp-json\/wp\/v2\/users\/16"}],"replies":[{"embeddable":true,"href":"https:\/\/noticiasmercedinas.com\/site\/wp-json\/wp\/v2\/comments?post=151029"}],"version-history":[{"count":1,"href":"https:\/\/noticiasmercedinas.com\/site\/wp-json\/wp\/v2\/posts\/151029\/revisions"}],"predecessor-version":[{"id":151033,"href":"https:\/\/noticiasmercedinas.com\/site\/wp-json\/wp\/v2\/posts\/151029\/revisions\/151033"}],"wp:featuredmedia":[{"embeddable":true,"href":"https:\/\/noticiasmercedinas.com\/site\/wp-json\/wp\/v2\/media\/151032"}],"wp:attachment":[{"href":"https:\/\/noticiasmercedinas.com\/site\/wp-json\/wp\/v2\/media?parent=151029"}],"wp:term":[{"taxonomy":"category","embeddable":true,"href":"https:\/\/noticiasmercedinas.com\/site\/wp-json\/wp\/v2\/categories?post=151029"},{"taxonomy":"post_tag","embeddable":true,"href":"https:\/\/noticiasmercedinas.com\/site\/wp-json\/wp\/v2\/tags?post=151029"}],"curies":[{"name":"wp","href":"https:\/\/api.w.org\/{rel}","templated":true}]}}