{"id":151564,"date":"2025-01-07T15:29:39","date_gmt":"2025-01-07T18:29:39","guid":{"rendered":"https:\/\/noticiasmercedinas.com\/site\/?p=151564"},"modified":"2025-01-07T17:20:55","modified_gmt":"2025-01-07T20:20:55","slug":"los-da-skate-arrancaron-el-2025-con-dos-shows-en-chile-y-uno-en-buenos-aires","status":"publish","type":"post","link":"https:\/\/noticiasmercedinas.com\/site\/2025\/01\/07\/los-da-skate-arrancaron-el-2025-con-dos-shows-en-chile-y-uno-en-buenos-aires\/","title":{"rendered":"Los Da Skate arrancaron el 2025 con dos shows en Chile y uno en Buenos Aires"},"content":{"rendered":"<p>El cantante <strong>Leandro Flores<\/strong>, voz l\u00edder de Da Skate, comparti\u00f3 con este medio las sensaciones de un intenso fin de semana que incluy\u00f3 tres presentaciones: dos en Santiago de Chile y una en Buenos Aires. Los conciertos marcaron el inicio de un a\u00f1o cargado de energ\u00eda para la banda.<\/p>\n<p>El viernes, el grupo se present\u00f3 en formato ac\u00fastico en el centro de Santiago, en un evento \u00edntimo que combin\u00f3 canciones del proyecto solista de Flores con cl\u00e1sicos de Da Skate. \u201cFue una noche incre\u00edble, un espacio m\u00e1s peque\u00f1o y cercano, pero con una recepci\u00f3n hermosa\u201d, coment\u00f3 el cantante.<\/p>\n<blockquote><p>\u00abEl p\u00fablico cant\u00f3 todas las canciones a un volumen impresionante, tanto que a veces no pod\u00eda escucharme en los monitores. Fue emocionante sentir c\u00f3mo el cari\u00f1o crece con los a\u00f1os\u00bb<\/p><\/blockquote>\n<p>El s\u00e1bado, la banda subi\u00f3 al escenario nuevamente en Santiago, esta vez con un show el\u00e9ctrico que reuni\u00f3 a leyendas del rock chileno. \u201cLa sala estaba agotada, desbordando de energ\u00eda. El p\u00fablico cant\u00f3 todas las canciones a un volumen impresionante, tanto que a veces no pod\u00eda escucharme en los monitores. Fue emocionante sentir c\u00f3mo el cari\u00f1o crece con los a\u00f1os\u201d, relat\u00f3 Flores.<\/p>\n<p>El domingo, el grupo regres\u00f3 a Buenos Aires para un concierto en el Sal\u00f3n Pueyrred\u00f3n, un espacio que consideran su \u201ccasa\u201d. \u201cTocamos ah\u00ed desde nuestros comienzos. Fue un show muy movido y en\u00e9rgico, ideal para arrancar este 2025 con todo\u201d, afirm\u00f3.<\/p>\n<p>Da Skate est\u00e1 integrada por <strong>Leandro Flores<\/strong> (voces), <strong>Marcos Di Federico<\/strong> y <strong>Nicol\u00e1s Malinosky<\/strong> (guitarras),<strong> Germ\u00e1n Pace<\/strong> (bater\u00eda) y<strong> Eugenia Valle<\/strong> (bajo).<\/p>\n<p>Tras este intenso arranque, y mientras realiza un mini descanso familiar en su ciudad de Mercedes, Lea Flores junto a la banda que lidera proyecta un a\u00f1o lleno de m\u00fasica y nuevas aventuras en los escenarios.<\/p>\n","protected":false},"excerpt":{"rendered":"<p>\u25a0 Los conciertos marcaron el inicio de un a\u00f1o cargado de energ\u00eda para la banda. Santiago de Chile y la Ciudad de Buenos Aires vibraron con su m\u00fasica<\/p>\n","protected":false},"author":16,"featured_media":151565,"comment_status":"closed","ping_status":"closed","sticky":false,"template":"","format":"video","meta":{"footnotes":""},"categories":[4],"tags":[6618,2229,13414,15986],"class_list":["post-151564","post","type-post","status-publish","format-video","has-post-thumbnail","hentry","category-cultura","tag-chile","tag-da-skate","tag-lea-flores","tag-salon-pueyrredon","post_format-post-format-video"],"yoast_head":"<!-- This site is optimized with the Yoast SEO plugin v27.4 - https:\/\/yoast.com\/product\/yoast-seo-wordpress\/ -->\n<title>Los Da Skate arrancaron el 2025 con dos shows en Chile y uno en Buenos Aires<\/title>\n<meta name=\"robots\" content=\"index, follow, max-snippet:-1, max-image-preview:large, max-video-preview:-1\" \/>\n<link rel=\"canonical\" href=\"https:\/\/noticiasmercedinas.com\/site\/2025\/01\/07\/los-da-skate-arrancaron-el-2025-con-dos-shows-en-chile-y-uno-en-buenos-aires\/\" \/>\n<meta property=\"og:locale\" content=\"es_ES\" \/>\n<meta property=\"og:type\" content=\"article\" \/>\n<meta property=\"og:title\" content=\"Los Da Skate arrancaron el 2025 con dos shows en Chile y uno en Buenos Aires\" \/>\n<meta property=\"og:description\" content=\"\u25a0 Los conciertos marcaron el inicio de un a\u00f1o cargado de energ\u00eda para la banda. Santiago de Chile y la Ciudad de Buenos Aires vibraron con su m\u00fasica\" \/>\n<meta property=\"og:url\" content=\"https:\/\/noticiasmercedinas.com\/site\/2025\/01\/07\/los-da-skate-arrancaron-el-2025-con-dos-shows-en-chile-y-uno-en-buenos-aires\/\" \/>\n<meta property=\"og:site_name\" content=\"NOTICIASMERCEDINAS.COM\" \/>\n<meta property=\"article:publisher\" content=\"https:\/\/www.facebook.com\/noticiasmercedinas\/\" \/>\n<meta property=\"article:published_time\" content=\"2025-01-07T18:29:39+00:00\" \/>\n<meta property=\"article:modified_time\" content=\"2025-01-07T20:20:55+00:00\" \/>\n<meta property=\"og:image\" content=\"https:\/\/noticiasmercedinas.com\/site\/wp-content\/uploads\/2025\/01\/maxresdefault.jpg\" \/>\n\t<meta property=\"og:image:width\" content=\"1280\" \/>\n\t<meta property=\"og:image:height\" content=\"720\" \/>\n\t<meta property=\"og:image:type\" content=\"image\/jpeg\" \/>\n<meta name=\"author\" content=\"NOTICIASMERCEDINAS.COM\" \/>\n<meta name=\"twitter:card\" content=\"summary_large_image\" \/>\n<meta name=\"twitter:creator\" content=\"@notmercedinas\" \/>\n<meta name=\"twitter:site\" content=\"@notmercedinas\" \/>\n<meta name=\"twitter:label1\" content=\"Escrito por\" \/>\n\t<meta name=\"twitter:data1\" content=\"NOTICIASMERCEDINAS.COM\" \/>\n\t<meta name=\"twitter:label2\" content=\"Tiempo de lectura\" \/>\n\t<meta name=\"twitter:data2\" content=\"2 minutos\" \/>\n<script type=\"application\/ld+json\" class=\"yoast-schema-graph\">{\"@context\":\"https:\\\/\\\/schema.org\",\"@graph\":[{\"@type\":\"Article\",\"@id\":\"https:\\\/\\\/noticiasmercedinas.com\\\/site\\\/2025\\\/01\\\/07\\\/los-da-skate-arrancaron-el-2025-con-dos-shows-en-chile-y-uno-en-buenos-aires\\\/#article\",\"isPartOf\":{\"@id\":\"https:\\\/\\\/noticiasmercedinas.com\\\/site\\\/2025\\\/01\\\/07\\\/los-da-skate-arrancaron-el-2025-con-dos-shows-en-chile-y-uno-en-buenos-aires\\\/\"},\"author\":{\"name\":\"NOTICIASMERCEDINAS.COM\",\"@id\":\"https:\\\/\\\/noticiasmercedinas.com\\\/site\\\/#\\\/schema\\\/person\\\/84b59c099c28ff2e8b77d4ceec5d8063\"},\"headline\":\"Los Da Skate arrancaron el 2025 con dos shows en Chile y uno en Buenos Aires\",\"datePublished\":\"2025-01-07T18:29:39+00:00\",\"dateModified\":\"2025-01-07T20:20:55+00:00\",\"mainEntityOfPage\":{\"@id\":\"https:\\\/\\\/noticiasmercedinas.com\\\/site\\\/2025\\\/01\\\/07\\\/los-da-skate-arrancaron-el-2025-con-dos-shows-en-chile-y-uno-en-buenos-aires\\\/\"},\"wordCount\":333,\"publisher\":{\"@id\":\"https:\\\/\\\/noticiasmercedinas.com\\\/site\\\/#organization\"},\"image\":{\"@id\":\"https:\\\/\\\/noticiasmercedinas.com\\\/site\\\/2025\\\/01\\\/07\\\/los-da-skate-arrancaron-el-2025-con-dos-shows-en-chile-y-uno-en-buenos-aires\\\/#primaryimage\"},\"thumbnailUrl\":\"https:\\\/\\\/noticiasmercedinas.com\\\/site\\\/wp-content\\\/uploads\\\/2025\\\/01\\\/maxresdefault.jpg\",\"keywords\":[\"chile\",\"da skate\",\"lea flores\",\"salon pueyrredon\"],\"articleSection\":[\"Cultura\"],\"inLanguage\":\"es\"},{\"@type\":\"WebPage\",\"@id\":\"https:\\\/\\\/noticiasmercedinas.com\\\/site\\\/2025\\\/01\\\/07\\\/los-da-skate-arrancaron-el-2025-con-dos-shows-en-chile-y-uno-en-buenos-aires\\\/\",\"url\":\"https:\\\/\\\/noticiasmercedinas.com\\\/site\\\/2025\\\/01\\\/07\\\/los-da-skate-arrancaron-el-2025-con-dos-shows-en-chile-y-uno-en-buenos-aires\\\/\",\"name\":\"Los Da Skate arrancaron el 2025 con dos shows en Chile y uno en Buenos Aires\",\"isPartOf\":{\"@id\":\"https:\\\/\\\/noticiasmercedinas.com\\\/site\\\/#website\"},\"primaryImageOfPage\":{\"@id\":\"https:\\\/\\\/noticiasmercedinas.com\\\/site\\\/2025\\\/01\\\/07\\\/los-da-skate-arrancaron-el-2025-con-dos-shows-en-chile-y-uno-en-buenos-aires\\\/#primaryimage\"},\"image\":{\"@id\":\"https:\\\/\\\/noticiasmercedinas.com\\\/site\\\/2025\\\/01\\\/07\\\/los-da-skate-arrancaron-el-2025-con-dos-shows-en-chile-y-uno-en-buenos-aires\\\/#primaryimage\"},\"thumbnailUrl\":\"https:\\\/\\\/noticiasmercedinas.com\\\/site\\\/wp-content\\\/uploads\\\/2025\\\/01\\\/maxresdefault.jpg\",\"datePublished\":\"2025-01-07T18:29:39+00:00\",\"dateModified\":\"2025-01-07T20:20:55+00:00\",\"breadcrumb\":{\"@id\":\"https:\\\/\\\/noticiasmercedinas.com\\\/site\\\/2025\\\/01\\\/07\\\/los-da-skate-arrancaron-el-2025-con-dos-shows-en-chile-y-uno-en-buenos-aires\\\/#breadcrumb\"},\"inLanguage\":\"es\",\"potentialAction\":[{\"@type\":\"ReadAction\",\"target\":[\"https:\\\/\\\/noticiasmercedinas.com\\\/site\\\/2025\\\/01\\\/07\\\/los-da-skate-arrancaron-el-2025-con-dos-shows-en-chile-y-uno-en-buenos-aires\\\/\"]}]},{\"@type\":\"ImageObject\",\"inLanguage\":\"es\",\"@id\":\"https:\\\/\\\/noticiasmercedinas.com\\\/site\\\/2025\\\/01\\\/07\\\/los-da-skate-arrancaron-el-2025-con-dos-shows-en-chile-y-uno-en-buenos-aires\\\/#primaryimage\",\"url\":\"https:\\\/\\\/noticiasmercedinas.com\\\/site\\\/wp-content\\\/uploads\\\/2025\\\/01\\\/maxresdefault.jpg\",\"contentUrl\":\"https:\\\/\\\/noticiasmercedinas.com\\\/site\\\/wp-content\\\/uploads\\\/2025\\\/01\\\/maxresdefault.jpg\",\"width\":1280,\"height\":720},{\"@type\":\"BreadcrumbList\",\"@id\":\"https:\\\/\\\/noticiasmercedinas.com\\\/site\\\/2025\\\/01\\\/07\\\/los-da-skate-arrancaron-el-2025-con-dos-shows-en-chile-y-uno-en-buenos-aires\\\/#breadcrumb\",\"itemListElement\":[{\"@type\":\"ListItem\",\"position\":1,\"name\":\"Portada\",\"item\":\"https:\\\/\\\/noticiasmercedinas.com\\\/site\\\/\"},{\"@type\":\"ListItem\",\"position\":2,\"name\":\"Los Da Skate arrancaron el 2025 con dos shows en Chile y uno en Buenos Aires\"}]},{\"@type\":\"WebSite\",\"@id\":\"https:\\\/\\\/noticiasmercedinas.com\\\/site\\\/#website\",\"url\":\"https:\\\/\\\/noticiasmercedinas.com\\\/site\\\/\",\"name\":\"NOTICIASMERCEDINAS.COM\",\"description\":\"Mercedes, Buenos Aires, Argentina\",\"publisher\":{\"@id\":\"https:\\\/\\\/noticiasmercedinas.com\\\/site\\\/#organization\"},\"potentialAction\":[{\"@type\":\"SearchAction\",\"target\":{\"@type\":\"EntryPoint\",\"urlTemplate\":\"https:\\\/\\\/noticiasmercedinas.com\\\/site\\\/?s={search_term_string}\"},\"query-input\":{\"@type\":\"PropertyValueSpecification\",\"valueRequired\":true,\"valueName\":\"search_term_string\"}}],\"inLanguage\":\"es\"},{\"@type\":\"Organization\",\"@id\":\"https:\\\/\\\/noticiasmercedinas.com\\\/site\\\/#organization\",\"name\":\"NOTICIASMERCEDINAS.COM\",\"url\":\"https:\\\/\\\/noticiasmercedinas.com\\\/site\\\/\",\"logo\":{\"@type\":\"ImageObject\",\"inLanguage\":\"es\",\"@id\":\"https:\\\/\\\/noticiasmercedinas.com\\\/site\\\/#\\\/schema\\\/logo\\\/image\\\/\",\"url\":\"https:\\\/\\\/noticiasmercedinas.com\\\/site\\\/wp-content\\\/uploads\\\/2020\\\/06\\\/LOGO-512.jpg\",\"contentUrl\":\"https:\\\/\\\/noticiasmercedinas.com\\\/site\\\/wp-content\\\/uploads\\\/2020\\\/06\\\/LOGO-512.jpg\",\"width\":512,\"height\":512,\"caption\":\"NOTICIASMERCEDINAS.COM\"},\"image\":{\"@id\":\"https:\\\/\\\/noticiasmercedinas.com\\\/site\\\/#\\\/schema\\\/logo\\\/image\\\/\"},\"sameAs\":[\"https:\\\/\\\/www.facebook.com\\\/noticiasmercedinas\\\/\",\"https:\\\/\\\/x.com\\\/notmercedinas\",\"https:\\\/\\\/www.instagram.com\\\/noticiasmercedinas\\\/\"]},{\"@type\":\"Person\",\"@id\":\"https:\\\/\\\/noticiasmercedinas.com\\\/site\\\/#\\\/schema\\\/person\\\/84b59c099c28ff2e8b77d4ceec5d8063\",\"name\":\"NOTICIASMERCEDINAS.COM\",\"image\":{\"@type\":\"ImageObject\",\"inLanguage\":\"es\",\"@id\":\"https:\\\/\\\/secure.gravatar.com\\\/avatar\\\/4dfbf16b4d17945bfb6341b2d19043457132fcf478a5ee04f42e959fd8f5df0a?s=96&d=mm&r=g\",\"url\":\"https:\\\/\\\/secure.gravatar.com\\\/avatar\\\/4dfbf16b4d17945bfb6341b2d19043457132fcf478a5ee04f42e959fd8f5df0a?s=96&d=mm&r=g\",\"contentUrl\":\"https:\\\/\\\/secure.gravatar.com\\\/avatar\\\/4dfbf16b4d17945bfb6341b2d19043457132fcf478a5ee04f42e959fd8f5df0a?s=96&d=mm&r=g\",\"caption\":\"NOTICIASMERCEDINAS.COM\"},\"url\":\"https:\\\/\\\/noticiasmercedinas.com\\\/site\\\/author\\\/anonimo\\\/\"}]}<\/script>\n<!-- \/ Yoast SEO plugin. -->","yoast_head_json":{"title":"Los Da Skate arrancaron el 2025 con dos shows en Chile y uno en Buenos Aires","robots":{"index":"index","follow":"follow","max-snippet":"max-snippet:-1","max-image-preview":"max-image-preview:large","max-video-preview":"max-video-preview:-1"},"canonical":"https:\/\/noticiasmercedinas.com\/site\/2025\/01\/07\/los-da-skate-arrancaron-el-2025-con-dos-shows-en-chile-y-uno-en-buenos-aires\/","og_locale":"es_ES","og_type":"article","og_title":"Los Da Skate arrancaron el 2025 con dos shows en Chile y uno en Buenos Aires","og_description":"\u25a0 Los conciertos marcaron el inicio de un a\u00f1o cargado de energ\u00eda para la banda. Santiago de Chile y la Ciudad de Buenos Aires vibraron con su m\u00fasica","og_url":"https:\/\/noticiasmercedinas.com\/site\/2025\/01\/07\/los-da-skate-arrancaron-el-2025-con-dos-shows-en-chile-y-uno-en-buenos-aires\/","og_site_name":"NOTICIASMERCEDINAS.COM","article_publisher":"https:\/\/www.facebook.com\/noticiasmercedinas\/","article_published_time":"2025-01-07T18:29:39+00:00","article_modified_time":"2025-01-07T20:20:55+00:00","og_image":[{"width":1280,"height":720,"url":"https:\/\/noticiasmercedinas.com\/site\/wp-content\/uploads\/2025\/01\/maxresdefault.jpg","type":"image\/jpeg"}],"author":"NOTICIASMERCEDINAS.COM","twitter_card":"summary_large_image","twitter_creator":"@notmercedinas","twitter_site":"@notmercedinas","twitter_misc":{"Escrito por":"NOTICIASMERCEDINAS.COM","Tiempo de lectura":"2 minutos"},"schema":{"@context":"https:\/\/schema.org","@graph":[{"@type":"Article","@id":"https:\/\/noticiasmercedinas.com\/site\/2025\/01\/07\/los-da-skate-arrancaron-el-2025-con-dos-shows-en-chile-y-uno-en-buenos-aires\/#article","isPartOf":{"@id":"https:\/\/noticiasmercedinas.com\/site\/2025\/01\/07\/los-da-skate-arrancaron-el-2025-con-dos-shows-en-chile-y-uno-en-buenos-aires\/"},"author":{"name":"NOTICIASMERCEDINAS.COM","@id":"https:\/\/noticiasmercedinas.com\/site\/#\/schema\/person\/84b59c099c28ff2e8b77d4ceec5d8063"},"headline":"Los Da Skate arrancaron el 2025 con dos shows en Chile y uno en Buenos Aires","datePublished":"2025-01-07T18:29:39+00:00","dateModified":"2025-01-07T20:20:55+00:00","mainEntityOfPage":{"@id":"https:\/\/noticiasmercedinas.com\/site\/2025\/01\/07\/los-da-skate-arrancaron-el-2025-con-dos-shows-en-chile-y-uno-en-buenos-aires\/"},"wordCount":333,"publisher":{"@id":"https:\/\/noticiasmercedinas.com\/site\/#organization"},"image":{"@id":"https:\/\/noticiasmercedinas.com\/site\/2025\/01\/07\/los-da-skate-arrancaron-el-2025-con-dos-shows-en-chile-y-uno-en-buenos-aires\/#primaryimage"},"thumbnailUrl":"https:\/\/noticiasmercedinas.com\/site\/wp-content\/uploads\/2025\/01\/maxresdefault.jpg","keywords":["chile","da skate","lea flores","salon pueyrredon"],"articleSection":["Cultura"],"inLanguage":"es"},{"@type":"WebPage","@id":"https:\/\/noticiasmercedinas.com\/site\/2025\/01\/07\/los-da-skate-arrancaron-el-2025-con-dos-shows-en-chile-y-uno-en-buenos-aires\/","url":"https:\/\/noticiasmercedinas.com\/site\/2025\/01\/07\/los-da-skate-arrancaron-el-2025-con-dos-shows-en-chile-y-uno-en-buenos-aires\/","name":"Los Da Skate arrancaron el 2025 con dos shows en Chile y uno en Buenos Aires","isPartOf":{"@id":"https:\/\/noticiasmercedinas.com\/site\/#website"},"primaryImageOfPage":{"@id":"https:\/\/noticiasmercedinas.com\/site\/2025\/01\/07\/los-da-skate-arrancaron-el-2025-con-dos-shows-en-chile-y-uno-en-buenos-aires\/#primaryimage"},"image":{"@id":"https:\/\/noticiasmercedinas.com\/site\/2025\/01\/07\/los-da-skate-arrancaron-el-2025-con-dos-shows-en-chile-y-uno-en-buenos-aires\/#primaryimage"},"thumbnailUrl":"https:\/\/noticiasmercedinas.com\/site\/wp-content\/uploads\/2025\/01\/maxresdefault.jpg","datePublished":"2025-01-07T18:29:39+00:00","dateModified":"2025-01-07T20:20:55+00:00","breadcrumb":{"@id":"https:\/\/noticiasmercedinas.com\/site\/2025\/01\/07\/los-da-skate-arrancaron-el-2025-con-dos-shows-en-chile-y-uno-en-buenos-aires\/#breadcrumb"},"inLanguage":"es","potentialAction":[{"@type":"ReadAction","target":["https:\/\/noticiasmercedinas.com\/site\/2025\/01\/07\/los-da-skate-arrancaron-el-2025-con-dos-shows-en-chile-y-uno-en-buenos-aires\/"]}]},{"@type":"ImageObject","inLanguage":"es","@id":"https:\/\/noticiasmercedinas.com\/site\/2025\/01\/07\/los-da-skate-arrancaron-el-2025-con-dos-shows-en-chile-y-uno-en-buenos-aires\/#primaryimage","url":"https:\/\/noticiasmercedinas.com\/site\/wp-content\/uploads\/2025\/01\/maxresdefault.jpg","contentUrl":"https:\/\/noticiasmercedinas.com\/site\/wp-content\/uploads\/2025\/01\/maxresdefault.jpg","width":1280,"height":720},{"@type":"BreadcrumbList","@id":"https:\/\/noticiasmercedinas.com\/site\/2025\/01\/07\/los-da-skate-arrancaron-el-2025-con-dos-shows-en-chile-y-uno-en-buenos-aires\/#breadcrumb","itemListElement":[{"@type":"ListItem","position":1,"name":"Portada","item":"https:\/\/noticiasmercedinas.com\/site\/"},{"@type":"ListItem","position":2,"name":"Los Da Skate arrancaron el 2025 con dos shows en Chile y uno en Buenos Aires"}]},{"@type":"WebSite","@id":"https:\/\/noticiasmercedinas.com\/site\/#website","url":"https:\/\/noticiasmercedinas.com\/site\/","name":"NOTICIASMERCEDINAS.COM","description":"Mercedes, Buenos Aires, Argentina","publisher":{"@id":"https:\/\/noticiasmercedinas.com\/site\/#organization"},"potentialAction":[{"@type":"SearchAction","target":{"@type":"EntryPoint","urlTemplate":"https:\/\/noticiasmercedinas.com\/site\/?s={search_term_string}"},"query-input":{"@type":"PropertyValueSpecification","valueRequired":true,"valueName":"search_term_string"}}],"inLanguage":"es"},{"@type":"Organization","@id":"https:\/\/noticiasmercedinas.com\/site\/#organization","name":"NOTICIASMERCEDINAS.COM","url":"https:\/\/noticiasmercedinas.com\/site\/","logo":{"@type":"ImageObject","inLanguage":"es","@id":"https:\/\/noticiasmercedinas.com\/site\/#\/schema\/logo\/image\/","url":"https:\/\/noticiasmercedinas.com\/site\/wp-content\/uploads\/2020\/06\/LOGO-512.jpg","contentUrl":"https:\/\/noticiasmercedinas.com\/site\/wp-content\/uploads\/2020\/06\/LOGO-512.jpg","width":512,"height":512,"caption":"NOTICIASMERCEDINAS.COM"},"image":{"@id":"https:\/\/noticiasmercedinas.com\/site\/#\/schema\/logo\/image\/"},"sameAs":["https:\/\/www.facebook.com\/noticiasmercedinas\/","https:\/\/x.com\/notmercedinas","https:\/\/www.instagram.com\/noticiasmercedinas\/"]},{"@type":"Person","@id":"https:\/\/noticiasmercedinas.com\/site\/#\/schema\/person\/84b59c099c28ff2e8b77d4ceec5d8063","name":"NOTICIASMERCEDINAS.COM","image":{"@type":"ImageObject","inLanguage":"es","@id":"https:\/\/secure.gravatar.com\/avatar\/4dfbf16b4d17945bfb6341b2d19043457132fcf478a5ee04f42e959fd8f5df0a?s=96&d=mm&r=g","url":"https:\/\/secure.gravatar.com\/avatar\/4dfbf16b4d17945bfb6341b2d19043457132fcf478a5ee04f42e959fd8f5df0a?s=96&d=mm&r=g","contentUrl":"https:\/\/secure.gravatar.com\/avatar\/4dfbf16b4d17945bfb6341b2d19043457132fcf478a5ee04f42e959fd8f5df0a?s=96&d=mm&r=g","caption":"NOTICIASMERCEDINAS.COM"},"url":"https:\/\/noticiasmercedinas.com\/site\/author\/anonimo\/"}]}},"amp_enabled":true,"_links":{"self":[{"href":"https:\/\/noticiasmercedinas.com\/site\/wp-json\/wp\/v2\/posts\/151564","targetHints":{"allow":["GET"]}}],"collection":[{"href":"https:\/\/noticiasmercedinas.com\/site\/wp-json\/wp\/v2\/posts"}],"about":[{"href":"https:\/\/noticiasmercedinas.com\/site\/wp-json\/wp\/v2\/types\/post"}],"author":[{"embeddable":true,"href":"https:\/\/noticiasmercedinas.com\/site\/wp-json\/wp\/v2\/users\/16"}],"replies":[{"embeddable":true,"href":"https:\/\/noticiasmercedinas.com\/site\/wp-json\/wp\/v2\/comments?post=151564"}],"version-history":[{"count":5,"href":"https:\/\/noticiasmercedinas.com\/site\/wp-json\/wp\/v2\/posts\/151564\/revisions"}],"predecessor-version":[{"id":151570,"href":"https:\/\/noticiasmercedinas.com\/site\/wp-json\/wp\/v2\/posts\/151564\/revisions\/151570"}],"wp:featuredmedia":[{"embeddable":true,"href":"https:\/\/noticiasmercedinas.com\/site\/wp-json\/wp\/v2\/media\/151565"}],"wp:attachment":[{"href":"https:\/\/noticiasmercedinas.com\/site\/wp-json\/wp\/v2\/media?parent=151564"}],"wp:term":[{"taxonomy":"category","embeddable":true,"href":"https:\/\/noticiasmercedinas.com\/site\/wp-json\/wp\/v2\/categories?post=151564"},{"taxonomy":"post_tag","embeddable":true,"href":"https:\/\/noticiasmercedinas.com\/site\/wp-json\/wp\/v2\/tags?post=151564"}],"curies":[{"name":"wp","href":"https:\/\/api.w.org\/{rel}","templated":true}]}}