{"id":15157,"date":"2019-03-27T20:13:08","date_gmt":"2019-03-27T23:13:08","guid":{"rendered":"https:\/\/noticiasmercedinas.com\/site\/2019\/03\/27\/volatilidad-del-dolar-acertada-planificacion-economica-sostiene-a-la-comuna\/"},"modified":"2019-03-27T20:13:08","modified_gmt":"2019-03-27T23:13:08","slug":"volatilidad-del-dolar-acertada-planificacion-economica-sostiene-a-la-comuna","status":"publish","type":"post","link":"https:\/\/noticiasmercedinas.com\/site\/2019\/03\/27\/volatilidad-del-dolar-acertada-planificacion-economica-sostiene-a-la-comuna\/","title":{"rendered":"Volatilidad del D\u00f3lar: acertada planificaci\u00f3n econ\u00f3mica sostiene a la comuna"},"content":{"rendered":"<p><img loading=\"lazy\" decoding=\"async\" class=\"alignnone size-full wp-image-15154\" src=\"https:\/\/noticiasmercedinas.com\/site\/wp-content\/uploads\/2019\/03\/IMG-20190327-WA0087-3.jpg\" width=\"937\" height=\"625\" srcset=\"https:\/\/noticiasmercedinas.com\/site\/wp-content\/uploads\/2019\/03\/IMG-20190327-WA0087-3.jpg 937w, https:\/\/noticiasmercedinas.com\/site\/wp-content\/uploads\/2019\/03\/IMG-20190327-WA0087-3-300x200.jpg 300w, https:\/\/noticiasmercedinas.com\/site\/wp-content\/uploads\/2019\/03\/IMG-20190327-WA0087-3-768x512.jpg 768w, https:\/\/noticiasmercedinas.com\/site\/wp-content\/uploads\/2019\/03\/IMG-20190327-WA0087-3-640x427.jpg 640w, https:\/\/noticiasmercedinas.com\/site\/wp-content\/uploads\/2019\/03\/IMG-20190327-WA0087-3-681x454.jpg 681w\" sizes=\"auto, (max-width: 937px) 100vw, 937px\" \/><\/p>\n<p>La importante devaluaci\u00f3n registrada en el peso argentino en el a\u00f1o pasado, sumada a la volatilidad del d\u00f3lar, moneda que no para de aumentar en estos \u00faltimos 6 meses, complica en general la econom\u00eda argentina tanto sea en las peque\u00f1as y medianas empresas como en los comercios y las familias, y por cierto hace mellas en las administraciones comunales. Aunque en Mercedes gracias a una planificaci\u00f3n importante se ha logrado mantener en pie una serie de obras de envergadura, que hoy ser\u00eda imposible realizar de otra manera.<\/p>\n<p>Diego Men\u00e9ndez, Secretario de Econom\u00eda y Hacienda de la Municipalidad de Mercedes explic\u00f3 que \u201cdesde el a\u00f1o pasado, en marzo o abril, notamos que hay una gran volatilidad del d\u00f3lar con una importante devaluaci\u00f3n que afect\u00f3 a la econom\u00eda real y gener\u00f3 un espiral inflacionario tremendo\u201d.<\/p>\n<p>\u201cPara intentar frenar eso se pusieron tasas muy por encima de lo recompensable afectando por ejemplo el consumo\u201d, agreg\u00f3 en su an\u00e1lisis explicando que la convalidaci\u00f3n de tasas por encima del 50% se mantiene desde hace 6 meses por lo menos, lo que trae aparejada \u00abuna retracci\u00f3n econ\u00f3mica que afecta fuertemente al comercio, sobre todo a los m\u00e1s peque\u00f1os, vi\u00e9ndose tambi\u00e9n una gran ca\u00edda en el consumo\u00bb. En este sentido puso como ejemplo a las automotrices con una ca\u00edda de m\u00e1s de 50%. \u00bb Aunque no hay que olvidar los l\u00e1cteos, remedios, todo. Es muy grave en t\u00e9rminos alimentarios lo que sucede\u201d, opin\u00f3 Menendez.<\/p>\n<p>En cuanto al Municipio, explic\u00f3 que para cuidar la econom\u00eda de manera planificada el a\u00f1o pasado &#8211;antes de la primera gran corrida, en abril&#8211; se realiz\u00f3 una serie de licitaciones que  permitieron, a valores que hoy ser\u00edan bajos contemplando la inflaci\u00f3n, hacer obras como la Casa Velatoria, los Jardines Primeras Infancia, las calles asfaltadas y empedradas, entre otras muy valiosas para los mercedinos.<\/p>\n<p>\u00abA eso le sumamos que tenemos a\u00fan una buena cobrabilidad de tasas, con liquidez financiera que nos da tener el fondo anti c\u00edclico, que nos permite tener obras en ejecuci\u00f3n, obras en licitaci\u00f3n y dar un aumento del 40.5% al b\u00e1sico. Esto bajo otras circunstancias ser\u00eda imposible dar y se ve claramente en comparaci\u00f3n con otros municipios\u00bb, dijo el funcionario, entrevistado por este medio.<\/p>\n<p>Seg\u00fan Menendez, un aspecto tambi\u00e9n para destacar es que en 2015, al asumir, esta gesti\u00f3n hizo \u00abuna excelente lectura de lo que pod\u00eda venirse con el plan econ\u00f3mico\u00bb: \u00abPor eso en ese momento se capitaliz\u00f3 el municipio comprando veh\u00edculos y maquinarias, capitalizando la Comuna, lo que hoy permite trabajar sin necesidad de alquilar, siendo pagado todo al contado, por eso esa lectura de lo que se ven\u00eda hoy queda muy claro fue muy correcta y beneficiosa para todos los mercedinos\u00bb, apunt\u00f3 e indic\u00f3 que para mantener el ritmo de obras y econom\u00eda saneada fue bueno no haber tomado deuda. \u00abHoy se ven municipios que con los valores existentes y los intereses que circulan se les hace muy cuesta arriba mantenerse, y nosotros al no deber tenemos un ox\u00edgeno extra gracias a, como dije, la correcta lectura econ\u00f3mica que realiz\u00f3 el intendente cuando asumi\u00f3 la gesti\u00f3n all\u00e1 por diciembre de 2015 y sin recibir dinero desde Provincia y Naci\u00f3n, logrando precios muy accesibles con la transparencia de las licitaciones y concurso de precios\u00bb, puntualiz\u00f3, remarcando que la ca\u00edda en otras ciudades hace que tambi\u00e9n muchos grandes oferentes peleen por poder venderle a un municipio con capacidad de pago, ofreciendo precios incluso por debajo del mercado.<\/p>\n","protected":false},"excerpt":{"rendered":"<p>La importante devaluaci\u00f3n registrada en el peso argentino en el a\u00f1o pasado, sumada a la volatilidad del d\u00f3lar, moneda que no para de aumentar en estos \u00faltimos 6 meses, complica en general la econom\u00eda argentina tanto sea en las peque\u00f1as y medianas empresas como en los comercios y las familias, y por cierto hace mellas [&hellip;]<\/p>\n","protected":false},"author":2,"featured_media":15154,"comment_status":"open","ping_status":"open","sticky":false,"template":"","format":"standard","meta":{"footnotes":""},"categories":[3],"tags":[2077,4089,351,23,36,4090],"class_list":["post-15157","post","type-post","status-publish","format-standard","has-post-thumbnail","hentry","category-sociedad","tag-diego-menendez","tag-dolar","tag-economia","tag-mercedes","tag-obras","tag-tasas"],"yoast_head":"<!-- This site is optimized with the Yoast SEO plugin v27.4 - https:\/\/yoast.com\/product\/yoast-seo-wordpress\/ -->\n<title>Volatilidad del D\u00f3lar: acertada planificaci\u00f3n econ\u00f3mica sostiene a la comuna<\/title>\n<meta name=\"robots\" content=\"index, follow, max-snippet:-1, max-image-preview:large, max-video-preview:-1\" \/>\n<link rel=\"canonical\" href=\"https:\/\/noticiasmercedinas.com\/site\/2019\/03\/27\/volatilidad-del-dolar-acertada-planificacion-economica-sostiene-a-la-comuna\/\" \/>\n<meta property=\"og:locale\" content=\"es_ES\" \/>\n<meta property=\"og:type\" content=\"article\" \/>\n<meta property=\"og:title\" content=\"Volatilidad del D\u00f3lar: acertada planificaci\u00f3n econ\u00f3mica sostiene a la comuna\" \/>\n<meta property=\"og:description\" content=\"La importante devaluaci\u00f3n registrada en el peso argentino en el a\u00f1o pasado, sumada a la volatilidad del d\u00f3lar, moneda que no para de aumentar en estos \u00faltimos 6 meses, complica en general la econom\u00eda argentina tanto sea en las peque\u00f1as y medianas empresas como en los comercios y las familias, y por cierto hace mellas [&hellip;]\" \/>\n<meta property=\"og:url\" content=\"https:\/\/noticiasmercedinas.com\/site\/2019\/03\/27\/volatilidad-del-dolar-acertada-planificacion-economica-sostiene-a-la-comuna\/\" \/>\n<meta property=\"og:site_name\" content=\"NOTICIASMERCEDINAS.COM\" \/>\n<meta property=\"article:publisher\" content=\"https:\/\/www.facebook.com\/noticiasmercedinas\/\" \/>\n<meta property=\"article:author\" content=\"https:\/\/www.facebook.com\/cristian.falabella\" \/>\n<meta property=\"article:published_time\" content=\"2019-03-27T23:13:08+00:00\" \/>\n<meta property=\"og:image\" content=\"https:\/\/noticiasmercedinas.com\/site\/wp-content\/uploads\/2019\/03\/IMG-20190327-WA0087-3.jpg\" \/>\n\t<meta property=\"og:image:width\" content=\"937\" \/>\n\t<meta property=\"og:image:height\" content=\"625\" \/>\n\t<meta property=\"og:image:type\" content=\"image\/jpeg\" \/>\n<meta name=\"author\" content=\"Cristian Falabella NOTICIASMERCEDINAS.COM\" \/>\n<meta name=\"twitter:card\" content=\"summary_large_image\" \/>\n<meta name=\"twitter:creator\" content=\"@https:\/\/twitter.com\/NOTMERCEDINAS\" \/>\n<meta name=\"twitter:site\" content=\"@notmercedinas\" \/>\n<meta name=\"twitter:label1\" content=\"Escrito por\" \/>\n\t<meta name=\"twitter:data1\" content=\"Cristian Falabella NOTICIASMERCEDINAS.COM\" \/>\n\t<meta name=\"twitter:label2\" content=\"Tiempo de lectura\" \/>\n\t<meta name=\"twitter:data2\" content=\"3 minutos\" \/>\n<script type=\"application\/ld+json\" class=\"yoast-schema-graph\">{\"@context\":\"https:\\\/\\\/schema.org\",\"@graph\":[{\"@type\":\"Article\",\"@id\":\"https:\\\/\\\/noticiasmercedinas.com\\\/site\\\/2019\\\/03\\\/27\\\/volatilidad-del-dolar-acertada-planificacion-economica-sostiene-a-la-comuna\\\/#article\",\"isPartOf\":{\"@id\":\"https:\\\/\\\/noticiasmercedinas.com\\\/site\\\/2019\\\/03\\\/27\\\/volatilidad-del-dolar-acertada-planificacion-economica-sostiene-a-la-comuna\\\/\"},\"author\":{\"name\":\"Cristian Falabella NOTICIASMERCEDINAS.COM\",\"@id\":\"https:\\\/\\\/noticiasmercedinas.com\\\/site\\\/#\\\/schema\\\/person\\\/d481a9696a5feaec13a60e2bbd991a6a\"},\"headline\":\"Volatilidad del D\u00f3lar: acertada planificaci\u00f3n econ\u00f3mica sostiene a la comuna\",\"datePublished\":\"2019-03-27T23:13:08+00:00\",\"mainEntityOfPage\":{\"@id\":\"https:\\\/\\\/noticiasmercedinas.com\\\/site\\\/2019\\\/03\\\/27\\\/volatilidad-del-dolar-acertada-planificacion-economica-sostiene-a-la-comuna\\\/\"},\"wordCount\":624,\"commentCount\":0,\"publisher\":{\"@id\":\"https:\\\/\\\/noticiasmercedinas.com\\\/site\\\/#organization\"},\"image\":{\"@id\":\"https:\\\/\\\/noticiasmercedinas.com\\\/site\\\/2019\\\/03\\\/27\\\/volatilidad-del-dolar-acertada-planificacion-economica-sostiene-a-la-comuna\\\/#primaryimage\"},\"thumbnailUrl\":\"https:\\\/\\\/noticiasmercedinas.com\\\/site\\\/wp-content\\\/uploads\\\/2019\\\/03\\\/IMG-20190327-WA0087-3.jpg\",\"keywords\":[\"diego menendez\",\"dolar\",\"economia\",\"mercedes\",\"obras\",\"tasas\"],\"articleSection\":[\"Sociedad\"],\"inLanguage\":\"es\",\"potentialAction\":[{\"@type\":\"CommentAction\",\"name\":\"Comment\",\"target\":[\"https:\\\/\\\/noticiasmercedinas.com\\\/site\\\/2019\\\/03\\\/27\\\/volatilidad-del-dolar-acertada-planificacion-economica-sostiene-a-la-comuna\\\/#respond\"]}]},{\"@type\":\"WebPage\",\"@id\":\"https:\\\/\\\/noticiasmercedinas.com\\\/site\\\/2019\\\/03\\\/27\\\/volatilidad-del-dolar-acertada-planificacion-economica-sostiene-a-la-comuna\\\/\",\"url\":\"https:\\\/\\\/noticiasmercedinas.com\\\/site\\\/2019\\\/03\\\/27\\\/volatilidad-del-dolar-acertada-planificacion-economica-sostiene-a-la-comuna\\\/\",\"name\":\"Volatilidad del D\u00f3lar: acertada planificaci\u00f3n econ\u00f3mica sostiene a la comuna\",\"isPartOf\":{\"@id\":\"https:\\\/\\\/noticiasmercedinas.com\\\/site\\\/#website\"},\"primaryImageOfPage\":{\"@id\":\"https:\\\/\\\/noticiasmercedinas.com\\\/site\\\/2019\\\/03\\\/27\\\/volatilidad-del-dolar-acertada-planificacion-economica-sostiene-a-la-comuna\\\/#primaryimage\"},\"image\":{\"@id\":\"https:\\\/\\\/noticiasmercedinas.com\\\/site\\\/2019\\\/03\\\/27\\\/volatilidad-del-dolar-acertada-planificacion-economica-sostiene-a-la-comuna\\\/#primaryimage\"},\"thumbnailUrl\":\"https:\\\/\\\/noticiasmercedinas.com\\\/site\\\/wp-content\\\/uploads\\\/2019\\\/03\\\/IMG-20190327-WA0087-3.jpg\",\"datePublished\":\"2019-03-27T23:13:08+00:00\",\"breadcrumb\":{\"@id\":\"https:\\\/\\\/noticiasmercedinas.com\\\/site\\\/2019\\\/03\\\/27\\\/volatilidad-del-dolar-acertada-planificacion-economica-sostiene-a-la-comuna\\\/#breadcrumb\"},\"inLanguage\":\"es\",\"potentialAction\":[{\"@type\":\"ReadAction\",\"target\":[\"https:\\\/\\\/noticiasmercedinas.com\\\/site\\\/2019\\\/03\\\/27\\\/volatilidad-del-dolar-acertada-planificacion-economica-sostiene-a-la-comuna\\\/\"]}]},{\"@type\":\"ImageObject\",\"inLanguage\":\"es\",\"@id\":\"https:\\\/\\\/noticiasmercedinas.com\\\/site\\\/2019\\\/03\\\/27\\\/volatilidad-del-dolar-acertada-planificacion-economica-sostiene-a-la-comuna\\\/#primaryimage\",\"url\":\"https:\\\/\\\/noticiasmercedinas.com\\\/site\\\/wp-content\\\/uploads\\\/2019\\\/03\\\/IMG-20190327-WA0087-3.jpg\",\"contentUrl\":\"https:\\\/\\\/noticiasmercedinas.com\\\/site\\\/wp-content\\\/uploads\\\/2019\\\/03\\\/IMG-20190327-WA0087-3.jpg\",\"width\":937,\"height\":625},{\"@type\":\"BreadcrumbList\",\"@id\":\"https:\\\/\\\/noticiasmercedinas.com\\\/site\\\/2019\\\/03\\\/27\\\/volatilidad-del-dolar-acertada-planificacion-economica-sostiene-a-la-comuna\\\/#breadcrumb\",\"itemListElement\":[{\"@type\":\"ListItem\",\"position\":1,\"name\":\"Portada\",\"item\":\"https:\\\/\\\/noticiasmercedinas.com\\\/site\\\/\"},{\"@type\":\"ListItem\",\"position\":2,\"name\":\"Volatilidad del D\u00f3lar: acertada planificaci\u00f3n econ\u00f3mica sostiene a la comuna\"}]},{\"@type\":\"WebSite\",\"@id\":\"https:\\\/\\\/noticiasmercedinas.com\\\/site\\\/#website\",\"url\":\"https:\\\/\\\/noticiasmercedinas.com\\\/site\\\/\",\"name\":\"NOTICIASMERCEDINAS.COM\",\"description\":\"Mercedes, Buenos Aires, Argentina\",\"publisher\":{\"@id\":\"https:\\\/\\\/noticiasmercedinas.com\\\/site\\\/#organization\"},\"potentialAction\":[{\"@type\":\"SearchAction\",\"target\":{\"@type\":\"EntryPoint\",\"urlTemplate\":\"https:\\\/\\\/noticiasmercedinas.com\\\/site\\\/?s={search_term_string}\"},\"query-input\":{\"@type\":\"PropertyValueSpecification\",\"valueRequired\":true,\"valueName\":\"search_term_string\"}}],\"inLanguage\":\"es\"},{\"@type\":\"Organization\",\"@id\":\"https:\\\/\\\/noticiasmercedinas.com\\\/site\\\/#organization\",\"name\":\"NOTICIASMERCEDINAS.COM\",\"url\":\"https:\\\/\\\/noticiasmercedinas.com\\\/site\\\/\",\"logo\":{\"@type\":\"ImageObject\",\"inLanguage\":\"es\",\"@id\":\"https:\\\/\\\/noticiasmercedinas.com\\\/site\\\/#\\\/schema\\\/logo\\\/image\\\/\",\"url\":\"https:\\\/\\\/noticiasmercedinas.com\\\/site\\\/wp-content\\\/uploads\\\/2020\\\/06\\\/LOGO-512.jpg\",\"contentUrl\":\"https:\\\/\\\/noticiasmercedinas.com\\\/site\\\/wp-content\\\/uploads\\\/2020\\\/06\\\/LOGO-512.jpg\",\"width\":512,\"height\":512,\"caption\":\"NOTICIASMERCEDINAS.COM\"},\"image\":{\"@id\":\"https:\\\/\\\/noticiasmercedinas.com\\\/site\\\/#\\\/schema\\\/logo\\\/image\\\/\"},\"sameAs\":[\"https:\\\/\\\/www.facebook.com\\\/noticiasmercedinas\\\/\",\"https:\\\/\\\/x.com\\\/notmercedinas\",\"https:\\\/\\\/www.instagram.com\\\/noticiasmercedinas\\\/\"]},{\"@type\":\"Person\",\"@id\":\"https:\\\/\\\/noticiasmercedinas.com\\\/site\\\/#\\\/schema\\\/person\\\/d481a9696a5feaec13a60e2bbd991a6a\",\"name\":\"Cristian Falabella NOTICIASMERCEDINAS.COM\",\"image\":{\"@type\":\"ImageObject\",\"inLanguage\":\"es\",\"@id\":\"https:\\\/\\\/secure.gravatar.com\\\/avatar\\\/0dbbfc45970cc46bcd0e57766228574ff3511d6eed045b182f536f0f478c1f06?s=96&d=mm&r=g\",\"url\":\"https:\\\/\\\/secure.gravatar.com\\\/avatar\\\/0dbbfc45970cc46bcd0e57766228574ff3511d6eed045b182f536f0f478c1f06?s=96&d=mm&r=g\",\"contentUrl\":\"https:\\\/\\\/secure.gravatar.com\\\/avatar\\\/0dbbfc45970cc46bcd0e57766228574ff3511d6eed045b182f536f0f478c1f06?s=96&d=mm&r=g\",\"caption\":\"Cristian Falabella NOTICIASMERCEDINAS.COM\"},\"description\":\"Periodista, editor de Noticias Mercedinas. Pas\u00f3 por varias redacciones y emprendimientos de prensa, en distintos formatos y \u00e9pocas. Se especializ\u00f3 --y sigue haci\u00e9ndolo-- en comunicaci\u00f3n en la web y en junio de 2006 fund\u00f3 este diario digital.\",\"sameAs\":[\"https:\\\/\\\/noticiasmercedinas.com\",\"https:\\\/\\\/www.facebook.com\\\/cristian.falabella\",\"https:\\\/\\\/www.instagram.com\\\/noticiasmercedinas\\\/\",\"https:\\\/\\\/x.com\\\/https:\\\/\\\/twitter.com\\\/NOTMERCEDINAS\"],\"url\":\"https:\\\/\\\/noticiasmercedinas.com\\\/site\\\/author\\\/as000384\\\/\"}]}<\/script>\n<!-- \/ Yoast SEO plugin. -->","yoast_head_json":{"title":"Volatilidad del D\u00f3lar: acertada planificaci\u00f3n econ\u00f3mica sostiene a la comuna","robots":{"index":"index","follow":"follow","max-snippet":"max-snippet:-1","max-image-preview":"max-image-preview:large","max-video-preview":"max-video-preview:-1"},"canonical":"https:\/\/noticiasmercedinas.com\/site\/2019\/03\/27\/volatilidad-del-dolar-acertada-planificacion-economica-sostiene-a-la-comuna\/","og_locale":"es_ES","og_type":"article","og_title":"Volatilidad del D\u00f3lar: acertada planificaci\u00f3n econ\u00f3mica sostiene a la comuna","og_description":"La importante devaluaci\u00f3n registrada en el peso argentino en el a\u00f1o pasado, sumada a la volatilidad del d\u00f3lar, moneda que no para de aumentar en estos \u00faltimos 6 meses, complica en general la econom\u00eda argentina tanto sea en las peque\u00f1as y medianas empresas como en los comercios y las familias, y por cierto hace mellas [&hellip;]","og_url":"https:\/\/noticiasmercedinas.com\/site\/2019\/03\/27\/volatilidad-del-dolar-acertada-planificacion-economica-sostiene-a-la-comuna\/","og_site_name":"NOTICIASMERCEDINAS.COM","article_publisher":"https:\/\/www.facebook.com\/noticiasmercedinas\/","article_author":"https:\/\/www.facebook.com\/cristian.falabella","article_published_time":"2019-03-27T23:13:08+00:00","og_image":[{"width":937,"height":625,"url":"https:\/\/noticiasmercedinas.com\/site\/wp-content\/uploads\/2019\/03\/IMG-20190327-WA0087-3.jpg","type":"image\/jpeg"}],"author":"Cristian Falabella NOTICIASMERCEDINAS.COM","twitter_card":"summary_large_image","twitter_creator":"@https:\/\/twitter.com\/NOTMERCEDINAS","twitter_site":"@notmercedinas","twitter_misc":{"Escrito por":"Cristian Falabella NOTICIASMERCEDINAS.COM","Tiempo de lectura":"3 minutos"},"schema":{"@context":"https:\/\/schema.org","@graph":[{"@type":"Article","@id":"https:\/\/noticiasmercedinas.com\/site\/2019\/03\/27\/volatilidad-del-dolar-acertada-planificacion-economica-sostiene-a-la-comuna\/#article","isPartOf":{"@id":"https:\/\/noticiasmercedinas.com\/site\/2019\/03\/27\/volatilidad-del-dolar-acertada-planificacion-economica-sostiene-a-la-comuna\/"},"author":{"name":"Cristian Falabella NOTICIASMERCEDINAS.COM","@id":"https:\/\/noticiasmercedinas.com\/site\/#\/schema\/person\/d481a9696a5feaec13a60e2bbd991a6a"},"headline":"Volatilidad del D\u00f3lar: acertada planificaci\u00f3n econ\u00f3mica sostiene a la comuna","datePublished":"2019-03-27T23:13:08+00:00","mainEntityOfPage":{"@id":"https:\/\/noticiasmercedinas.com\/site\/2019\/03\/27\/volatilidad-del-dolar-acertada-planificacion-economica-sostiene-a-la-comuna\/"},"wordCount":624,"commentCount":0,"publisher":{"@id":"https:\/\/noticiasmercedinas.com\/site\/#organization"},"image":{"@id":"https:\/\/noticiasmercedinas.com\/site\/2019\/03\/27\/volatilidad-del-dolar-acertada-planificacion-economica-sostiene-a-la-comuna\/#primaryimage"},"thumbnailUrl":"https:\/\/noticiasmercedinas.com\/site\/wp-content\/uploads\/2019\/03\/IMG-20190327-WA0087-3.jpg","keywords":["diego menendez","dolar","economia","mercedes","obras","tasas"],"articleSection":["Sociedad"],"inLanguage":"es","potentialAction":[{"@type":"CommentAction","name":"Comment","target":["https:\/\/noticiasmercedinas.com\/site\/2019\/03\/27\/volatilidad-del-dolar-acertada-planificacion-economica-sostiene-a-la-comuna\/#respond"]}]},{"@type":"WebPage","@id":"https:\/\/noticiasmercedinas.com\/site\/2019\/03\/27\/volatilidad-del-dolar-acertada-planificacion-economica-sostiene-a-la-comuna\/","url":"https:\/\/noticiasmercedinas.com\/site\/2019\/03\/27\/volatilidad-del-dolar-acertada-planificacion-economica-sostiene-a-la-comuna\/","name":"Volatilidad del D\u00f3lar: acertada planificaci\u00f3n econ\u00f3mica sostiene a la comuna","isPartOf":{"@id":"https:\/\/noticiasmercedinas.com\/site\/#website"},"primaryImageOfPage":{"@id":"https:\/\/noticiasmercedinas.com\/site\/2019\/03\/27\/volatilidad-del-dolar-acertada-planificacion-economica-sostiene-a-la-comuna\/#primaryimage"},"image":{"@id":"https:\/\/noticiasmercedinas.com\/site\/2019\/03\/27\/volatilidad-del-dolar-acertada-planificacion-economica-sostiene-a-la-comuna\/#primaryimage"},"thumbnailUrl":"https:\/\/noticiasmercedinas.com\/site\/wp-content\/uploads\/2019\/03\/IMG-20190327-WA0087-3.jpg","datePublished":"2019-03-27T23:13:08+00:00","breadcrumb":{"@id":"https:\/\/noticiasmercedinas.com\/site\/2019\/03\/27\/volatilidad-del-dolar-acertada-planificacion-economica-sostiene-a-la-comuna\/#breadcrumb"},"inLanguage":"es","potentialAction":[{"@type":"ReadAction","target":["https:\/\/noticiasmercedinas.com\/site\/2019\/03\/27\/volatilidad-del-dolar-acertada-planificacion-economica-sostiene-a-la-comuna\/"]}]},{"@type":"ImageObject","inLanguage":"es","@id":"https:\/\/noticiasmercedinas.com\/site\/2019\/03\/27\/volatilidad-del-dolar-acertada-planificacion-economica-sostiene-a-la-comuna\/#primaryimage","url":"https:\/\/noticiasmercedinas.com\/site\/wp-content\/uploads\/2019\/03\/IMG-20190327-WA0087-3.jpg","contentUrl":"https:\/\/noticiasmercedinas.com\/site\/wp-content\/uploads\/2019\/03\/IMG-20190327-WA0087-3.jpg","width":937,"height":625},{"@type":"BreadcrumbList","@id":"https:\/\/noticiasmercedinas.com\/site\/2019\/03\/27\/volatilidad-del-dolar-acertada-planificacion-economica-sostiene-a-la-comuna\/#breadcrumb","itemListElement":[{"@type":"ListItem","position":1,"name":"Portada","item":"https:\/\/noticiasmercedinas.com\/site\/"},{"@type":"ListItem","position":2,"name":"Volatilidad del D\u00f3lar: acertada planificaci\u00f3n econ\u00f3mica sostiene a la comuna"}]},{"@type":"WebSite","@id":"https:\/\/noticiasmercedinas.com\/site\/#website","url":"https:\/\/noticiasmercedinas.com\/site\/","name":"NOTICIASMERCEDINAS.COM","description":"Mercedes, Buenos Aires, Argentina","publisher":{"@id":"https:\/\/noticiasmercedinas.com\/site\/#organization"},"potentialAction":[{"@type":"SearchAction","target":{"@type":"EntryPoint","urlTemplate":"https:\/\/noticiasmercedinas.com\/site\/?s={search_term_string}"},"query-input":{"@type":"PropertyValueSpecification","valueRequired":true,"valueName":"search_term_string"}}],"inLanguage":"es"},{"@type":"Organization","@id":"https:\/\/noticiasmercedinas.com\/site\/#organization","name":"NOTICIASMERCEDINAS.COM","url":"https:\/\/noticiasmercedinas.com\/site\/","logo":{"@type":"ImageObject","inLanguage":"es","@id":"https:\/\/noticiasmercedinas.com\/site\/#\/schema\/logo\/image\/","url":"https:\/\/noticiasmercedinas.com\/site\/wp-content\/uploads\/2020\/06\/LOGO-512.jpg","contentUrl":"https:\/\/noticiasmercedinas.com\/site\/wp-content\/uploads\/2020\/06\/LOGO-512.jpg","width":512,"height":512,"caption":"NOTICIASMERCEDINAS.COM"},"image":{"@id":"https:\/\/noticiasmercedinas.com\/site\/#\/schema\/logo\/image\/"},"sameAs":["https:\/\/www.facebook.com\/noticiasmercedinas\/","https:\/\/x.com\/notmercedinas","https:\/\/www.instagram.com\/noticiasmercedinas\/"]},{"@type":"Person","@id":"https:\/\/noticiasmercedinas.com\/site\/#\/schema\/person\/d481a9696a5feaec13a60e2bbd991a6a","name":"Cristian Falabella NOTICIASMERCEDINAS.COM","image":{"@type":"ImageObject","inLanguage":"es","@id":"https:\/\/secure.gravatar.com\/avatar\/0dbbfc45970cc46bcd0e57766228574ff3511d6eed045b182f536f0f478c1f06?s=96&d=mm&r=g","url":"https:\/\/secure.gravatar.com\/avatar\/0dbbfc45970cc46bcd0e57766228574ff3511d6eed045b182f536f0f478c1f06?s=96&d=mm&r=g","contentUrl":"https:\/\/secure.gravatar.com\/avatar\/0dbbfc45970cc46bcd0e57766228574ff3511d6eed045b182f536f0f478c1f06?s=96&d=mm&r=g","caption":"Cristian Falabella NOTICIASMERCEDINAS.COM"},"description":"Periodista, editor de Noticias Mercedinas. Pas\u00f3 por varias redacciones y emprendimientos de prensa, en distintos formatos y \u00e9pocas. Se especializ\u00f3 --y sigue haci\u00e9ndolo-- en comunicaci\u00f3n en la web y en junio de 2006 fund\u00f3 este diario digital.","sameAs":["https:\/\/noticiasmercedinas.com","https:\/\/www.facebook.com\/cristian.falabella","https:\/\/www.instagram.com\/noticiasmercedinas\/","https:\/\/x.com\/https:\/\/twitter.com\/NOTMERCEDINAS"],"url":"https:\/\/noticiasmercedinas.com\/site\/author\/as000384\/"}]}},"amp_enabled":true,"_links":{"self":[{"href":"https:\/\/noticiasmercedinas.com\/site\/wp-json\/wp\/v2\/posts\/15157","targetHints":{"allow":["GET"]}}],"collection":[{"href":"https:\/\/noticiasmercedinas.com\/site\/wp-json\/wp\/v2\/posts"}],"about":[{"href":"https:\/\/noticiasmercedinas.com\/site\/wp-json\/wp\/v2\/types\/post"}],"author":[{"embeddable":true,"href":"https:\/\/noticiasmercedinas.com\/site\/wp-json\/wp\/v2\/users\/2"}],"replies":[{"embeddable":true,"href":"https:\/\/noticiasmercedinas.com\/site\/wp-json\/wp\/v2\/comments?post=15157"}],"version-history":[{"count":0,"href":"https:\/\/noticiasmercedinas.com\/site\/wp-json\/wp\/v2\/posts\/15157\/revisions"}],"wp:featuredmedia":[{"embeddable":true,"href":"https:\/\/noticiasmercedinas.com\/site\/wp-json\/wp\/v2\/media\/15154"}],"wp:attachment":[{"href":"https:\/\/noticiasmercedinas.com\/site\/wp-json\/wp\/v2\/media?parent=15157"}],"wp:term":[{"taxonomy":"category","embeddable":true,"href":"https:\/\/noticiasmercedinas.com\/site\/wp-json\/wp\/v2\/categories?post=15157"},{"taxonomy":"post_tag","embeddable":true,"href":"https:\/\/noticiasmercedinas.com\/site\/wp-json\/wp\/v2\/tags?post=15157"}],"curies":[{"name":"wp","href":"https:\/\/api.w.org\/{rel}","templated":true}]}}