{"id":151645,"date":"2025-01-08T16:36:03","date_gmt":"2025-01-08T19:36:03","guid":{"rendered":"https:\/\/noticiasmercedinas.com\/site\/?p=151645"},"modified":"2025-01-08T17:07:33","modified_gmt":"2025-01-08T20:07:33","slug":"virginia-altube-mercedes-es-mi-raiz-pero-tambien-encuentro-mi-paz-en-capilla-del-monte","status":"publish","type":"post","link":"https:\/\/noticiasmercedinas.com\/site\/2025\/01\/08\/virginia-altube-mercedes-es-mi-raiz-pero-tambien-encuentro-mi-paz-en-capilla-del-monte\/","title":{"rendered":"Virginia Altube: \u00abMercedes es mi ra\u00edz, pero tambi\u00e9n encuentro mi paz en Capilla del Monte\u00bb"},"content":{"rendered":"<p><img loading=\"lazy\" decoding=\"async\" class=\"alignnone size-full wp-image-151647\" src=\"https:\/\/noticiasmercedinas.com\/site\/wp-content\/uploads\/2025\/01\/ALTUBE-e1736364887578.jpg\" alt=\"\" width=\"1200\" height=\"893\" srcset=\"https:\/\/noticiasmercedinas.com\/site\/wp-content\/uploads\/2025\/01\/ALTUBE-e1736364887578.jpg 1200w, https:\/\/noticiasmercedinas.com\/site\/wp-content\/uploads\/2025\/01\/ALTUBE-e1736364887578-300x223.jpg 300w, https:\/\/noticiasmercedinas.com\/site\/wp-content\/uploads\/2025\/01\/ALTUBE-e1736364887578-1024x762.jpg 1024w, https:\/\/noticiasmercedinas.com\/site\/wp-content\/uploads\/2025\/01\/ALTUBE-e1736364887578-768x572.jpg 768w, https:\/\/noticiasmercedinas.com\/site\/wp-content\/uploads\/2025\/01\/ALTUBE-e1736364887578-80x60.jpg 80w, https:\/\/noticiasmercedinas.com\/site\/wp-content\/uploads\/2025\/01\/ALTUBE-e1736364887578-160x120.jpg 160w, https:\/\/noticiasmercedinas.com\/site\/wp-content\/uploads\/2025\/01\/ALTUBE-e1736364887578-100x75.jpg 100w, https:\/\/noticiasmercedinas.com\/site\/wp-content\/uploads\/2025\/01\/ALTUBE-e1736364887578-200x150.jpg 200w, https:\/\/noticiasmercedinas.com\/site\/wp-content\/uploads\/2025\/01\/ALTUBE-e1736364887578-180x135.jpg 180w, https:\/\/noticiasmercedinas.com\/site\/wp-content\/uploads\/2025\/01\/ALTUBE-e1736364887578-238x178.jpg 238w, https:\/\/noticiasmercedinas.com\/site\/wp-content\/uploads\/2025\/01\/ALTUBE-e1736364887578-640x476.jpg 640w, https:\/\/noticiasmercedinas.com\/site\/wp-content\/uploads\/2025\/01\/ALTUBE-e1736364887578-681x507.jpg 681w\" sizes=\"auto, (max-width: 1200px) 100vw, 1200px\" \/><\/p>\n<p>La cantante <strong>Virginia Altube<\/strong> regresa a Mercedes para realizar dos presentaciones que prometen cautivar al p\u00fablico local.<\/p>\n<p>Este viernes <a href=\"https:\/\/noticiasmercedinas.com\/site\/2024\/12\/26\/del-mismo-rio-nacion-wiphala-cierra-un-ciclo-con-un-show-unico-en-el-limonero\/\">estar\u00e1 en el movimiento cultural El Limonero<\/a>, y el s\u00e1bado participar\u00e1 en una <a href=\"https:\/\/noticiasmercedinas.com\/site\/2025\/01\/03\/virginia-altube-regresa-a-mercedes-para-ser-parte-de-dos-propuestas-culturales-imperdibles\/\">actividad art\u00edstica en la estaci\u00f3n de Altamira<\/a>.<\/p>\n<p>Tras su reciente llegada a la ciudad, convers\u00f3 con este medio sobre su relaci\u00f3n con Mercedes, su conexi\u00f3n con la naturaleza y su vida en Capilla del Monte, donde se dedica por completo a la m\u00fasica.<\/p>\n<p><strong>\u2014Virginia, hace algunos d\u00edas que est\u00e1s en Mercedes. Viv\u00eds en Capilla del Monte, un lugar rodeado de naturaleza y tranquilidad. \u00bfQu\u00e9 te trae de vuelta a la ciudad?<br \/>\n<\/strong><br \/>\n\u2014Siempre vuelvo a Mercedes por varias razones. Primero, est\u00e1 parte de mi familia: uno de mis hijos\u00a0 Sebasti\u00e1n, su compa\u00f1era, sus tres hijitos, mi hermano, y muchos afectos.<\/p>\n<p>Adem\u00e1s, me encanta reencontrarme con el pueblo, aunque debo decir que Mercedes ya no es tan tranquilo como antes. Est\u00e1 creciendo mucho y hay m\u00e1s bullicio. Por otro lado, siempre hay motivos musicales. En este caso, se dieron dos oportunidades consecutivas este fin de semana.<\/p>\n<p><strong>\u2014Contanos sobre estas presentaciones.<\/strong><\/p>\n<p>\u2014El viernes voy a estar en El Limonero, un lugar que amo profundamente. Ese recital lo organizamos con Rulo Godar. Lo planificamos con tiempo; incluso Rulo estuvo en C\u00f3rdoba el a\u00f1o pasado y gust\u00f3 mucho lo que hizo all\u00e1. El concierto ser\u00e1 a las 21 horas, y recomiendo que la gente reserve mesa porque la capacidad es limitada. Esa noche voy a compartir escenario con Fran Ram\u00edrez, un m\u00fasico excelente, y tambi\u00e9n con Rulo. Vamos a hacer un recorrido que comienza con un repertorio folkl\u00f3rico y culmina con temas propios. Es un formato que me encanta porque fluimos entre todos los artistas.<\/p>\n<p><strong>\u2014\u00bfY el s\u00e1bado en Altamira?<\/strong><\/p>\n<p>\u2014En Altamira participar\u00e9 en una actividad cultural en La Payr\u00f3, un espacio recuperado frente a la estaci\u00f3n de tren. Gabriela Lorusso me invit\u00f3 generosamente a abrir el ciclo de este a\u00f1o, y me encant\u00f3 la idea. Es un lugar hermoso, con una pasi\u00f3n enorme puesta en su recuperaci\u00f3n. Habr\u00e1 una muestra fotogr\u00e1fica sobre Altamira, y Fran Ram\u00edrez me acompa\u00f1ar\u00e1 nuevamente, junto a Jo Marcel en el bombo. Va a ser algo m\u00e1s tem\u00e1tico, con canciones y relatos que se entrelazan con el espacio y su historia.<\/p>\n<blockquote><p>\u00abLa m\u00fasica es lo que me mueve, lo que me conecta con los dem\u00e1s y conmigo misma. Cada canci\u00f3n, cada escenario, cada encuentro con otros m\u00fasicos es una forma de seguir creciendo y compartiendo\u00bb<\/p><\/blockquote>\n<p><strong>\u2014Volviendo a Mercedes, mencionaste que la ciudad est\u00e1 cambiando mucho. \u00bfC\u00f3mo te afecta esa transformaci\u00f3n?<\/strong><\/p>\n<p>\u2014Mercedes es mi ra\u00edz, y eso no cambia. Sin embargo, cada vez la veo m\u00e1s crecida y bulliciosa. Hay una gran cantidad de bares y restaurantes que est\u00e1n llenos al atardecer. Tambi\u00e9n creo que ha llegado mucha gente de afuera, lo cual transforma el esp\u00edritu del lugar. Para m\u00ed, sigue siendo hermoso, pero tambi\u00e9n lo siento muy distinto al Mercedes tranquilo de mi infancia.<\/p>\n<p><strong>\u2014Viv\u00eds en Capilla del Monte desde hace un tiempo. \u00bfQu\u00e9 te llev\u00f3 a elegir ese lugar como tu hogar?<\/strong><\/p>\n<p>\u2014Capilla es donde establec\u00ed mi nido, como digo yo. Es un lugar rodeado de naturaleza y silencio, lo que me hace mucho bien en este momento de mi vida. All\u00ed puedo escuchar los p\u00e1jaros y encontrar un espacio para mirar hacia adentro. Esa tranquilidad me ayuda a ser m\u00e1s comprensiva y compasiva con las personas y sus formas de vida, algo que creo que todos necesitamos.<\/p>\n<blockquote><p>\u00abEn Capilla del Monte puedo escuchar los p\u00e1jaros y encontrar un espacio para mirar hacia adentro. Esa tranquilidad me ayuda a ser m\u00e1s comprensiva y compasiva con las personas y sus formas de vida, algo que creo que todos necesitamos\u00bb<\/p><\/blockquote>\n<p><strong>\u2014Capilla del Monte es conocido por su misticismo y energ\u00edas particulares. \u00bfTuviste alguna experiencia relacionada con eso?<\/strong><\/p>\n<p>\u2014No personalmente, pero respeto mucho las creencias y estudios sobre el tema. Hay gente que investiga estas energ\u00edas desde hace a\u00f1os, y creo que es importante escuchar y no emitir juicios. Capilla tiene una diversidad de personas y estilos de vida que ense\u00f1an mucho. Adem\u00e1s, hay una historia muy rica en toda la zona, como la ciudad de piedra de Ongamira, que tiene una energ\u00eda muy especial.<\/p>\n<p><strong>\u2014Volviendo a la m\u00fasica, estar\u00e1s en un lugar muy especial como El Limonero que este a\u00f1o cumple sus 25 a\u00f1os&#8230;<\/strong><\/p>\n<p>\u2014Es incre\u00edble pensar que ya son 25 a\u00f1os. Y s\u00e9 que Pablo Russo ya ha comenzado a planificar una gran fiesta para conmemorar este aniversario. Mi paso por El Limonero ha sido un camino lleno de momentos hermosos, desde ciclos de pe\u00f1as en Mercedes hasta recitales en distintas \u00e9pocas y lugares. Y yo estoy muy agradecida por todas las experiencias que la m\u00fasica me ha regalado.<\/p>\n<p><strong>\u2014Por \u00faltimo, \u00bfqu\u00e9 significa la m\u00fasica en tu vida hoy?<\/strong><\/p>\n<p>\u2014Ser cantora, c\u00f3mo actividad , es el eje central de mi vida, sin dudas. Durante un tiempo lo combin\u00e9 con la docencia, pero ahora me dedico completamente a la m\u00fasica. Es lo que me mueve, lo que me conecta con los dem\u00e1s y conmigo misma. Cada canci\u00f3n, cada escenario, cada encuentro con otros m\u00fasicos es una forma de seguir creciendo y compartiendo. Y volver a Mercedes siempre tiene un sabor especial, porque es volver a mis or\u00edgenes.<\/p>\n<p><img loading=\"lazy\" decoding=\"async\" class=\"alignnone size-full wp-image-151646\" src=\"https:\/\/noticiasmercedinas.com\/site\/wp-content\/uploads\/2025\/01\/VIRGINIA_ALTUBE.jpg\" alt=\"\" width=\"640\" height=\"434\" srcset=\"https:\/\/noticiasmercedinas.com\/site\/wp-content\/uploads\/2025\/01\/VIRGINIA_ALTUBE.jpg 640w, https:\/\/noticiasmercedinas.com\/site\/wp-content\/uploads\/2025\/01\/VIRGINIA_ALTUBE-300x203.jpg 300w\" sizes=\"auto, (max-width: 640px) 100vw, 640px\" \/><\/p>\n","protected":false},"excerpt":{"rendered":"<p>\u25a0 La cantante este viernes se presentar\u00e1 en el movimiento cultural El Limonero, y el s\u00e1bado participar\u00e1 en una actividad art\u00edstica en la estaci\u00f3n de Altamira.<\/p>\n","protected":false},"author":16,"featured_media":151647,"comment_status":"closed","ping_status":"closed","sticky":false,"template":"","format":"standard","meta":{"footnotes":""},"categories":[4,9],"tags":[2553,273,88,164],"class_list":["post-151645","post","type-post","status-publish","format-standard","has-post-thumbnail","hentry","category-cultura","category-entrevistas","tag-altamira","tag-el-limonero","tag-musica","tag-virginia-altube"],"yoast_head":"<!-- This site is optimized with the Yoast SEO plugin v27.5 - https:\/\/yoast.com\/product\/yoast-seo-wordpress\/ -->\n<title>Virginia Altube: &quot;Mercedes es mi ra\u00edz, pero tambi\u00e9n encuentro mi paz en Capilla del Monte&quot;<\/title>\n<meta name=\"robots\" content=\"index, follow, max-snippet:-1, max-image-preview:large, max-video-preview:-1\" \/>\n<link rel=\"canonical\" href=\"https:\/\/noticiasmercedinas.com\/site\/2025\/01\/08\/virginia-altube-mercedes-es-mi-raiz-pero-tambien-encuentro-mi-paz-en-capilla-del-monte\/\" \/>\n<meta property=\"og:locale\" content=\"es_ES\" \/>\n<meta property=\"og:type\" content=\"article\" \/>\n<meta property=\"og:title\" content=\"Virginia Altube: &quot;Mercedes es mi ra\u00edz, pero tambi\u00e9n encuentro mi paz en Capilla del Monte&quot;\" \/>\n<meta property=\"og:description\" content=\"\u25a0 La cantante este viernes se presentar\u00e1 en el movimiento cultural El Limonero, y el s\u00e1bado participar\u00e1 en una actividad art\u00edstica en la estaci\u00f3n de Altamira.\" \/>\n<meta property=\"og:url\" content=\"https:\/\/noticiasmercedinas.com\/site\/2025\/01\/08\/virginia-altube-mercedes-es-mi-raiz-pero-tambien-encuentro-mi-paz-en-capilla-del-monte\/\" \/>\n<meta property=\"og:site_name\" content=\"NOTICIASMERCEDINAS.COM\" \/>\n<meta property=\"article:publisher\" content=\"https:\/\/www.facebook.com\/noticiasmercedinas\/\" \/>\n<meta property=\"article:published_time\" content=\"2025-01-08T19:36:03+00:00\" \/>\n<meta property=\"article:modified_time\" content=\"2025-01-08T20:07:33+00:00\" \/>\n<meta property=\"og:image\" content=\"https:\/\/noticiasmercedinas.com\/site\/wp-content\/uploads\/2025\/01\/ALTUBE-e1736364887578.jpg\" \/>\n\t<meta property=\"og:image:width\" content=\"1200\" \/>\n\t<meta property=\"og:image:height\" content=\"893\" \/>\n\t<meta property=\"og:image:type\" content=\"image\/jpeg\" \/>\n<meta name=\"author\" content=\"NOTICIASMERCEDINAS.COM\" \/>\n<meta name=\"twitter:card\" content=\"summary_large_image\" \/>\n<meta name=\"twitter:creator\" content=\"@notmercedinas\" \/>\n<meta name=\"twitter:site\" content=\"@notmercedinas\" \/>\n<meta name=\"twitter:label1\" content=\"Escrito por\" \/>\n\t<meta name=\"twitter:data1\" content=\"NOTICIASMERCEDINAS.COM\" \/>\n\t<meta name=\"twitter:label2\" content=\"Tiempo de lectura\" \/>\n\t<meta name=\"twitter:data2\" content=\"5 minutos\" \/>\n<script type=\"application\/ld+json\" class=\"yoast-schema-graph\">{\"@context\":\"https:\\\/\\\/schema.org\",\"@graph\":[{\"@type\":\"Article\",\"@id\":\"https:\\\/\\\/noticiasmercedinas.com\\\/site\\\/2025\\\/01\\\/08\\\/virginia-altube-mercedes-es-mi-raiz-pero-tambien-encuentro-mi-paz-en-capilla-del-monte\\\/#article\",\"isPartOf\":{\"@id\":\"https:\\\/\\\/noticiasmercedinas.com\\\/site\\\/2025\\\/01\\\/08\\\/virginia-altube-mercedes-es-mi-raiz-pero-tambien-encuentro-mi-paz-en-capilla-del-monte\\\/\"},\"author\":{\"name\":\"NOTICIASMERCEDINAS.COM\",\"@id\":\"https:\\\/\\\/noticiasmercedinas.com\\\/site\\\/#\\\/schema\\\/person\\\/84b59c099c28ff2e8b77d4ceec5d8063\"},\"headline\":\"Virginia Altube: \u00abMercedes es mi ra\u00edz, pero tambi\u00e9n encuentro mi paz en Capilla del Monte\u00bb\",\"datePublished\":\"2025-01-08T19:36:03+00:00\",\"dateModified\":\"2025-01-08T20:07:33+00:00\",\"mainEntityOfPage\":{\"@id\":\"https:\\\/\\\/noticiasmercedinas.com\\\/site\\\/2025\\\/01\\\/08\\\/virginia-altube-mercedes-es-mi-raiz-pero-tambien-encuentro-mi-paz-en-capilla-del-monte\\\/\"},\"wordCount\":949,\"publisher\":{\"@id\":\"https:\\\/\\\/noticiasmercedinas.com\\\/site\\\/#organization\"},\"image\":{\"@id\":\"https:\\\/\\\/noticiasmercedinas.com\\\/site\\\/2025\\\/01\\\/08\\\/virginia-altube-mercedes-es-mi-raiz-pero-tambien-encuentro-mi-paz-en-capilla-del-monte\\\/#primaryimage\"},\"thumbnailUrl\":\"https:\\\/\\\/noticiasmercedinas.com\\\/site\\\/wp-content\\\/uploads\\\/2025\\\/01\\\/ALTUBE-e1736364887578.jpg\",\"keywords\":[\"altamira\",\"el limonero\",\"musica\",\"virginia altube\"],\"articleSection\":[\"Cultura\",\"Entrevistas\"],\"inLanguage\":\"es\"},{\"@type\":\"WebPage\",\"@id\":\"https:\\\/\\\/noticiasmercedinas.com\\\/site\\\/2025\\\/01\\\/08\\\/virginia-altube-mercedes-es-mi-raiz-pero-tambien-encuentro-mi-paz-en-capilla-del-monte\\\/\",\"url\":\"https:\\\/\\\/noticiasmercedinas.com\\\/site\\\/2025\\\/01\\\/08\\\/virginia-altube-mercedes-es-mi-raiz-pero-tambien-encuentro-mi-paz-en-capilla-del-monte\\\/\",\"name\":\"Virginia Altube: \\\"Mercedes es mi ra\u00edz, pero tambi\u00e9n encuentro mi paz en Capilla del Monte\\\"\",\"isPartOf\":{\"@id\":\"https:\\\/\\\/noticiasmercedinas.com\\\/site\\\/#website\"},\"primaryImageOfPage\":{\"@id\":\"https:\\\/\\\/noticiasmercedinas.com\\\/site\\\/2025\\\/01\\\/08\\\/virginia-altube-mercedes-es-mi-raiz-pero-tambien-encuentro-mi-paz-en-capilla-del-monte\\\/#primaryimage\"},\"image\":{\"@id\":\"https:\\\/\\\/noticiasmercedinas.com\\\/site\\\/2025\\\/01\\\/08\\\/virginia-altube-mercedes-es-mi-raiz-pero-tambien-encuentro-mi-paz-en-capilla-del-monte\\\/#primaryimage\"},\"thumbnailUrl\":\"https:\\\/\\\/noticiasmercedinas.com\\\/site\\\/wp-content\\\/uploads\\\/2025\\\/01\\\/ALTUBE-e1736364887578.jpg\",\"datePublished\":\"2025-01-08T19:36:03+00:00\",\"dateModified\":\"2025-01-08T20:07:33+00:00\",\"breadcrumb\":{\"@id\":\"https:\\\/\\\/noticiasmercedinas.com\\\/site\\\/2025\\\/01\\\/08\\\/virginia-altube-mercedes-es-mi-raiz-pero-tambien-encuentro-mi-paz-en-capilla-del-monte\\\/#breadcrumb\"},\"inLanguage\":\"es\",\"potentialAction\":[{\"@type\":\"ReadAction\",\"target\":[\"https:\\\/\\\/noticiasmercedinas.com\\\/site\\\/2025\\\/01\\\/08\\\/virginia-altube-mercedes-es-mi-raiz-pero-tambien-encuentro-mi-paz-en-capilla-del-monte\\\/\"]}]},{\"@type\":\"ImageObject\",\"inLanguage\":\"es\",\"@id\":\"https:\\\/\\\/noticiasmercedinas.com\\\/site\\\/2025\\\/01\\\/08\\\/virginia-altube-mercedes-es-mi-raiz-pero-tambien-encuentro-mi-paz-en-capilla-del-monte\\\/#primaryimage\",\"url\":\"https:\\\/\\\/noticiasmercedinas.com\\\/site\\\/wp-content\\\/uploads\\\/2025\\\/01\\\/ALTUBE-e1736364887578.jpg\",\"contentUrl\":\"https:\\\/\\\/noticiasmercedinas.com\\\/site\\\/wp-content\\\/uploads\\\/2025\\\/01\\\/ALTUBE-e1736364887578.jpg\",\"width\":1200,\"height\":893},{\"@type\":\"BreadcrumbList\",\"@id\":\"https:\\\/\\\/noticiasmercedinas.com\\\/site\\\/2025\\\/01\\\/08\\\/virginia-altube-mercedes-es-mi-raiz-pero-tambien-encuentro-mi-paz-en-capilla-del-monte\\\/#breadcrumb\",\"itemListElement\":[{\"@type\":\"ListItem\",\"position\":1,\"name\":\"Portada\",\"item\":\"https:\\\/\\\/noticiasmercedinas.com\\\/site\\\/\"},{\"@type\":\"ListItem\",\"position\":2,\"name\":\"Virginia Altube: \u00abMercedes es mi ra\u00edz, pero tambi\u00e9n encuentro mi paz en Capilla del Monte\u00bb\"}]},{\"@type\":\"WebSite\",\"@id\":\"https:\\\/\\\/noticiasmercedinas.com\\\/site\\\/#website\",\"url\":\"https:\\\/\\\/noticiasmercedinas.com\\\/site\\\/\",\"name\":\"NOTICIASMERCEDINAS.COM\",\"description\":\"Mercedes, Buenos Aires, Argentina\",\"publisher\":{\"@id\":\"https:\\\/\\\/noticiasmercedinas.com\\\/site\\\/#organization\"},\"potentialAction\":[{\"@type\":\"SearchAction\",\"target\":{\"@type\":\"EntryPoint\",\"urlTemplate\":\"https:\\\/\\\/noticiasmercedinas.com\\\/site\\\/?s={search_term_string}\"},\"query-input\":{\"@type\":\"PropertyValueSpecification\",\"valueRequired\":true,\"valueName\":\"search_term_string\"}}],\"inLanguage\":\"es\"},{\"@type\":\"Organization\",\"@id\":\"https:\\\/\\\/noticiasmercedinas.com\\\/site\\\/#organization\",\"name\":\"NOTICIASMERCEDINAS.COM\",\"url\":\"https:\\\/\\\/noticiasmercedinas.com\\\/site\\\/\",\"logo\":{\"@type\":\"ImageObject\",\"inLanguage\":\"es\",\"@id\":\"https:\\\/\\\/noticiasmercedinas.com\\\/site\\\/#\\\/schema\\\/logo\\\/image\\\/\",\"url\":\"https:\\\/\\\/noticiasmercedinas.com\\\/site\\\/wp-content\\\/uploads\\\/2020\\\/06\\\/LOGO-512.jpg\",\"contentUrl\":\"https:\\\/\\\/noticiasmercedinas.com\\\/site\\\/wp-content\\\/uploads\\\/2020\\\/06\\\/LOGO-512.jpg\",\"width\":512,\"height\":512,\"caption\":\"NOTICIASMERCEDINAS.COM\"},\"image\":{\"@id\":\"https:\\\/\\\/noticiasmercedinas.com\\\/site\\\/#\\\/schema\\\/logo\\\/image\\\/\"},\"sameAs\":[\"https:\\\/\\\/www.facebook.com\\\/noticiasmercedinas\\\/\",\"https:\\\/\\\/x.com\\\/notmercedinas\",\"https:\\\/\\\/www.instagram.com\\\/noticiasmercedinas\\\/\"]},{\"@type\":\"Person\",\"@id\":\"https:\\\/\\\/noticiasmercedinas.com\\\/site\\\/#\\\/schema\\\/person\\\/84b59c099c28ff2e8b77d4ceec5d8063\",\"name\":\"NOTICIASMERCEDINAS.COM\",\"image\":{\"@type\":\"ImageObject\",\"inLanguage\":\"es\",\"@id\":\"https:\\\/\\\/secure.gravatar.com\\\/avatar\\\/4dfbf16b4d17945bfb6341b2d19043457132fcf478a5ee04f42e959fd8f5df0a?s=96&d=mm&r=g\",\"url\":\"https:\\\/\\\/secure.gravatar.com\\\/avatar\\\/4dfbf16b4d17945bfb6341b2d19043457132fcf478a5ee04f42e959fd8f5df0a?s=96&d=mm&r=g\",\"contentUrl\":\"https:\\\/\\\/secure.gravatar.com\\\/avatar\\\/4dfbf16b4d17945bfb6341b2d19043457132fcf478a5ee04f42e959fd8f5df0a?s=96&d=mm&r=g\",\"caption\":\"NOTICIASMERCEDINAS.COM\"},\"url\":\"https:\\\/\\\/noticiasmercedinas.com\\\/site\\\/author\\\/anonimo\\\/\"}]}<\/script>\n<!-- \/ Yoast SEO plugin. -->","yoast_head_json":{"title":"Virginia Altube: \"Mercedes es mi ra\u00edz, pero tambi\u00e9n encuentro mi paz en Capilla del Monte\"","robots":{"index":"index","follow":"follow","max-snippet":"max-snippet:-1","max-image-preview":"max-image-preview:large","max-video-preview":"max-video-preview:-1"},"canonical":"https:\/\/noticiasmercedinas.com\/site\/2025\/01\/08\/virginia-altube-mercedes-es-mi-raiz-pero-tambien-encuentro-mi-paz-en-capilla-del-monte\/","og_locale":"es_ES","og_type":"article","og_title":"Virginia Altube: \"Mercedes es mi ra\u00edz, pero tambi\u00e9n encuentro mi paz en Capilla del Monte\"","og_description":"\u25a0 La cantante este viernes se presentar\u00e1 en el movimiento cultural El Limonero, y el s\u00e1bado participar\u00e1 en una actividad art\u00edstica en la estaci\u00f3n de Altamira.","og_url":"https:\/\/noticiasmercedinas.com\/site\/2025\/01\/08\/virginia-altube-mercedes-es-mi-raiz-pero-tambien-encuentro-mi-paz-en-capilla-del-monte\/","og_site_name":"NOTICIASMERCEDINAS.COM","article_publisher":"https:\/\/www.facebook.com\/noticiasmercedinas\/","article_published_time":"2025-01-08T19:36:03+00:00","article_modified_time":"2025-01-08T20:07:33+00:00","og_image":[{"width":1200,"height":893,"url":"https:\/\/noticiasmercedinas.com\/site\/wp-content\/uploads\/2025\/01\/ALTUBE-e1736364887578.jpg","type":"image\/jpeg"}],"author":"NOTICIASMERCEDINAS.COM","twitter_card":"summary_large_image","twitter_creator":"@notmercedinas","twitter_site":"@notmercedinas","twitter_misc":{"Escrito por":"NOTICIASMERCEDINAS.COM","Tiempo de lectura":"5 minutos"},"schema":{"@context":"https:\/\/schema.org","@graph":[{"@type":"Article","@id":"https:\/\/noticiasmercedinas.com\/site\/2025\/01\/08\/virginia-altube-mercedes-es-mi-raiz-pero-tambien-encuentro-mi-paz-en-capilla-del-monte\/#article","isPartOf":{"@id":"https:\/\/noticiasmercedinas.com\/site\/2025\/01\/08\/virginia-altube-mercedes-es-mi-raiz-pero-tambien-encuentro-mi-paz-en-capilla-del-monte\/"},"author":{"name":"NOTICIASMERCEDINAS.COM","@id":"https:\/\/noticiasmercedinas.com\/site\/#\/schema\/person\/84b59c099c28ff2e8b77d4ceec5d8063"},"headline":"Virginia Altube: \u00abMercedes es mi ra\u00edz, pero tambi\u00e9n encuentro mi paz en Capilla del Monte\u00bb","datePublished":"2025-01-08T19:36:03+00:00","dateModified":"2025-01-08T20:07:33+00:00","mainEntityOfPage":{"@id":"https:\/\/noticiasmercedinas.com\/site\/2025\/01\/08\/virginia-altube-mercedes-es-mi-raiz-pero-tambien-encuentro-mi-paz-en-capilla-del-monte\/"},"wordCount":949,"publisher":{"@id":"https:\/\/noticiasmercedinas.com\/site\/#organization"},"image":{"@id":"https:\/\/noticiasmercedinas.com\/site\/2025\/01\/08\/virginia-altube-mercedes-es-mi-raiz-pero-tambien-encuentro-mi-paz-en-capilla-del-monte\/#primaryimage"},"thumbnailUrl":"https:\/\/noticiasmercedinas.com\/site\/wp-content\/uploads\/2025\/01\/ALTUBE-e1736364887578.jpg","keywords":["altamira","el limonero","musica","virginia altube"],"articleSection":["Cultura","Entrevistas"],"inLanguage":"es"},{"@type":"WebPage","@id":"https:\/\/noticiasmercedinas.com\/site\/2025\/01\/08\/virginia-altube-mercedes-es-mi-raiz-pero-tambien-encuentro-mi-paz-en-capilla-del-monte\/","url":"https:\/\/noticiasmercedinas.com\/site\/2025\/01\/08\/virginia-altube-mercedes-es-mi-raiz-pero-tambien-encuentro-mi-paz-en-capilla-del-monte\/","name":"Virginia Altube: \"Mercedes es mi ra\u00edz, pero tambi\u00e9n encuentro mi paz en Capilla del Monte\"","isPartOf":{"@id":"https:\/\/noticiasmercedinas.com\/site\/#website"},"primaryImageOfPage":{"@id":"https:\/\/noticiasmercedinas.com\/site\/2025\/01\/08\/virginia-altube-mercedes-es-mi-raiz-pero-tambien-encuentro-mi-paz-en-capilla-del-monte\/#primaryimage"},"image":{"@id":"https:\/\/noticiasmercedinas.com\/site\/2025\/01\/08\/virginia-altube-mercedes-es-mi-raiz-pero-tambien-encuentro-mi-paz-en-capilla-del-monte\/#primaryimage"},"thumbnailUrl":"https:\/\/noticiasmercedinas.com\/site\/wp-content\/uploads\/2025\/01\/ALTUBE-e1736364887578.jpg","datePublished":"2025-01-08T19:36:03+00:00","dateModified":"2025-01-08T20:07:33+00:00","breadcrumb":{"@id":"https:\/\/noticiasmercedinas.com\/site\/2025\/01\/08\/virginia-altube-mercedes-es-mi-raiz-pero-tambien-encuentro-mi-paz-en-capilla-del-monte\/#breadcrumb"},"inLanguage":"es","potentialAction":[{"@type":"ReadAction","target":["https:\/\/noticiasmercedinas.com\/site\/2025\/01\/08\/virginia-altube-mercedes-es-mi-raiz-pero-tambien-encuentro-mi-paz-en-capilla-del-monte\/"]}]},{"@type":"ImageObject","inLanguage":"es","@id":"https:\/\/noticiasmercedinas.com\/site\/2025\/01\/08\/virginia-altube-mercedes-es-mi-raiz-pero-tambien-encuentro-mi-paz-en-capilla-del-monte\/#primaryimage","url":"https:\/\/noticiasmercedinas.com\/site\/wp-content\/uploads\/2025\/01\/ALTUBE-e1736364887578.jpg","contentUrl":"https:\/\/noticiasmercedinas.com\/site\/wp-content\/uploads\/2025\/01\/ALTUBE-e1736364887578.jpg","width":1200,"height":893},{"@type":"BreadcrumbList","@id":"https:\/\/noticiasmercedinas.com\/site\/2025\/01\/08\/virginia-altube-mercedes-es-mi-raiz-pero-tambien-encuentro-mi-paz-en-capilla-del-monte\/#breadcrumb","itemListElement":[{"@type":"ListItem","position":1,"name":"Portada","item":"https:\/\/noticiasmercedinas.com\/site\/"},{"@type":"ListItem","position":2,"name":"Virginia Altube: \u00abMercedes es mi ra\u00edz, pero tambi\u00e9n encuentro mi paz en Capilla del Monte\u00bb"}]},{"@type":"WebSite","@id":"https:\/\/noticiasmercedinas.com\/site\/#website","url":"https:\/\/noticiasmercedinas.com\/site\/","name":"NOTICIASMERCEDINAS.COM","description":"Mercedes, Buenos Aires, Argentina","publisher":{"@id":"https:\/\/noticiasmercedinas.com\/site\/#organization"},"potentialAction":[{"@type":"SearchAction","target":{"@type":"EntryPoint","urlTemplate":"https:\/\/noticiasmercedinas.com\/site\/?s={search_term_string}"},"query-input":{"@type":"PropertyValueSpecification","valueRequired":true,"valueName":"search_term_string"}}],"inLanguage":"es"},{"@type":"Organization","@id":"https:\/\/noticiasmercedinas.com\/site\/#organization","name":"NOTICIASMERCEDINAS.COM","url":"https:\/\/noticiasmercedinas.com\/site\/","logo":{"@type":"ImageObject","inLanguage":"es","@id":"https:\/\/noticiasmercedinas.com\/site\/#\/schema\/logo\/image\/","url":"https:\/\/noticiasmercedinas.com\/site\/wp-content\/uploads\/2020\/06\/LOGO-512.jpg","contentUrl":"https:\/\/noticiasmercedinas.com\/site\/wp-content\/uploads\/2020\/06\/LOGO-512.jpg","width":512,"height":512,"caption":"NOTICIASMERCEDINAS.COM"},"image":{"@id":"https:\/\/noticiasmercedinas.com\/site\/#\/schema\/logo\/image\/"},"sameAs":["https:\/\/www.facebook.com\/noticiasmercedinas\/","https:\/\/x.com\/notmercedinas","https:\/\/www.instagram.com\/noticiasmercedinas\/"]},{"@type":"Person","@id":"https:\/\/noticiasmercedinas.com\/site\/#\/schema\/person\/84b59c099c28ff2e8b77d4ceec5d8063","name":"NOTICIASMERCEDINAS.COM","image":{"@type":"ImageObject","inLanguage":"es","@id":"https:\/\/secure.gravatar.com\/avatar\/4dfbf16b4d17945bfb6341b2d19043457132fcf478a5ee04f42e959fd8f5df0a?s=96&d=mm&r=g","url":"https:\/\/secure.gravatar.com\/avatar\/4dfbf16b4d17945bfb6341b2d19043457132fcf478a5ee04f42e959fd8f5df0a?s=96&d=mm&r=g","contentUrl":"https:\/\/secure.gravatar.com\/avatar\/4dfbf16b4d17945bfb6341b2d19043457132fcf478a5ee04f42e959fd8f5df0a?s=96&d=mm&r=g","caption":"NOTICIASMERCEDINAS.COM"},"url":"https:\/\/noticiasmercedinas.com\/site\/author\/anonimo\/"}]}},"amp_enabled":true,"_links":{"self":[{"href":"https:\/\/noticiasmercedinas.com\/site\/wp-json\/wp\/v2\/posts\/151645","targetHints":{"allow":["GET"]}}],"collection":[{"href":"https:\/\/noticiasmercedinas.com\/site\/wp-json\/wp\/v2\/posts"}],"about":[{"href":"https:\/\/noticiasmercedinas.com\/site\/wp-json\/wp\/v2\/types\/post"}],"author":[{"embeddable":true,"href":"https:\/\/noticiasmercedinas.com\/site\/wp-json\/wp\/v2\/users\/16"}],"replies":[{"embeddable":true,"href":"https:\/\/noticiasmercedinas.com\/site\/wp-json\/wp\/v2\/comments?post=151645"}],"version-history":[{"count":5,"href":"https:\/\/noticiasmercedinas.com\/site\/wp-json\/wp\/v2\/posts\/151645\/revisions"}],"predecessor-version":[{"id":151654,"href":"https:\/\/noticiasmercedinas.com\/site\/wp-json\/wp\/v2\/posts\/151645\/revisions\/151654"}],"wp:featuredmedia":[{"embeddable":true,"href":"https:\/\/noticiasmercedinas.com\/site\/wp-json\/wp\/v2\/media\/151647"}],"wp:attachment":[{"href":"https:\/\/noticiasmercedinas.com\/site\/wp-json\/wp\/v2\/media?parent=151645"}],"wp:term":[{"taxonomy":"category","embeddable":true,"href":"https:\/\/noticiasmercedinas.com\/site\/wp-json\/wp\/v2\/categories?post=151645"},{"taxonomy":"post_tag","embeddable":true,"href":"https:\/\/noticiasmercedinas.com\/site\/wp-json\/wp\/v2\/tags?post=151645"}],"curies":[{"name":"wp","href":"https:\/\/api.w.org\/{rel}","templated":true}]}}