{"id":151734,"date":"2025-01-10T18:08:40","date_gmt":"2025-01-10T21:08:40","guid":{"rendered":"https:\/\/noticiasmercedinas.com\/site\/?p=151734"},"modified":"2025-01-10T18:08:40","modified_gmt":"2025-01-10T21:08:40","slug":"palometas-abre-sus-puertas-este-verano-y-pone-en-alquiler-sus-canchas-de-futbol-5-y-7","status":"publish","type":"post","link":"https:\/\/noticiasmercedinas.com\/site\/2025\/01\/10\/palometas-abre-sus-puertas-este-verano-y-pone-en-alquiler-sus-canchas-de-futbol-5-y-7\/","title":{"rendered":"Palometas abre sus puertas este verano y pone en alquiler sus canchas de f\u00fatbol 5 y 7"},"content":{"rendered":"<p><img loading=\"lazy\" decoding=\"async\" class=\"alignnone size-full wp-image-151735\" src=\"https:\/\/noticiasmercedinas.com\/site\/wp-content\/uploads\/2025\/01\/d2f2bc3c-0144-4fcc-b7ad-48babc133f1c.jpg\" alt=\"\" width=\"1600\" height=\"738\" srcset=\"https:\/\/noticiasmercedinas.com\/site\/wp-content\/uploads\/2025\/01\/d2f2bc3c-0144-4fcc-b7ad-48babc133f1c.jpg 1600w, https:\/\/noticiasmercedinas.com\/site\/wp-content\/uploads\/2025\/01\/d2f2bc3c-0144-4fcc-b7ad-48babc133f1c-300x138.jpg 300w, https:\/\/noticiasmercedinas.com\/site\/wp-content\/uploads\/2025\/01\/d2f2bc3c-0144-4fcc-b7ad-48babc133f1c-1024x472.jpg 1024w, https:\/\/noticiasmercedinas.com\/site\/wp-content\/uploads\/2025\/01\/d2f2bc3c-0144-4fcc-b7ad-48babc133f1c-768x354.jpg 768w, https:\/\/noticiasmercedinas.com\/site\/wp-content\/uploads\/2025\/01\/d2f2bc3c-0144-4fcc-b7ad-48babc133f1c-1536x708.jpg 1536w, https:\/\/noticiasmercedinas.com\/site\/wp-content\/uploads\/2025\/01\/d2f2bc3c-0144-4fcc-b7ad-48babc133f1c-640x295.jpg 640w, https:\/\/noticiasmercedinas.com\/site\/wp-content\/uploads\/2025\/01\/d2f2bc3c-0144-4fcc-b7ad-48babc133f1c-1280x590.jpg 1280w, https:\/\/noticiasmercedinas.com\/site\/wp-content\/uploads\/2025\/01\/d2f2bc3c-0144-4fcc-b7ad-48babc133f1c-681x314.jpg 681w, https:\/\/noticiasmercedinas.com\/site\/wp-content\/uploads\/2025\/01\/d2f2bc3c-0144-4fcc-b7ad-48babc133f1c-1362x628.jpg 1362w\" sizes=\"auto, (max-width: 1600px) 100vw, 1600px\" \/><\/p>\n<p>En este verano el Club Palometas est\u00e1 ofreciendo en alquiler sus instalaciones deportivas y organizando propuestas recreativas para toda la comunidad. Durante los meses de enero y febrero, las canchas de f\u00fatbol 5 de c\u00e9sped sint\u00e9tico y f\u00fatbol 7 de pasto natural estar\u00e1n disponibles para quienes deseen disfrutar de un espacio deportivo de calidad.<\/p>\n<p>M\u00e1s all\u00e1 de su intensa actividad deportiva durante el a\u00f1o, el Club Palometas apuesta por mantener su predio activo en la temporada estival. Los visitantes no solo podr\u00e1n alquilar las canchas, sino que tambi\u00e9n contar\u00e1n con el servicio de cantina, ideal para relajarse y compartir un momento agradable despu\u00e9s del juego.<\/p>\n<p>Adem\u00e1s, los d\u00edas viernes se suman jornadas especiales con clases abiertas de zumba, que invitan a toda la comunidad a participar en actividades f\u00edsicas y recreativas al aire libre.<\/p>\n<p><strong>Un espacio para la comunidad<\/strong><br \/>\nDesde el club destacaron la importancia de mantener las instalaciones en funcionamiento durante el verano: \u00abLa idea es que el club est\u00e9 en actividad en el verano y darle participaci\u00f3n a toda la comunidad\u00bb, se\u00f1alaron, reafirmando su compromiso con ofrecer un espacio abierto y accesible para los vecinos de la regi\u00f3n.<\/p>\n<p><strong>C\u00f3mo reservar las canchas<\/strong><br \/>\nPara quienes deseen alquilar las canchas, se pueden realizar reservas de manera anticipada a trav\u00e9s de los siguientes n\u00fameros de contacto:<\/p>\n<p>&#x1f4de; 2324508127<br \/>\n&#x1f4de; 2324622368<\/p>\n<p>El club est\u00e1 ubicado en calle 2 y 3. Las instalaciones cuentan con todas las comodidades necesarias para pasar un buen rato en familia o con amigos, combinando deporte y recreaci\u00f3n.<\/p>\n<p><img loading=\"lazy\" decoding=\"async\" class=\"alignnone size-full wp-image-151736\" src=\"https:\/\/noticiasmercedinas.com\/site\/wp-content\/uploads\/2025\/01\/42eaba60-c0ea-43b2-8f90-4d2bc90aa641.jpg\" alt=\"\" width=\"899\" height=\"1599\" srcset=\"https:\/\/noticiasmercedinas.com\/site\/wp-content\/uploads\/2025\/01\/42eaba60-c0ea-43b2-8f90-4d2bc90aa641.jpg 899w, https:\/\/noticiasmercedinas.com\/site\/wp-content\/uploads\/2025\/01\/42eaba60-c0ea-43b2-8f90-4d2bc90aa641-169x300.jpg 169w, https:\/\/noticiasmercedinas.com\/site\/wp-content\/uploads\/2025\/01\/42eaba60-c0ea-43b2-8f90-4d2bc90aa641-576x1024.jpg 576w, https:\/\/noticiasmercedinas.com\/site\/wp-content\/uploads\/2025\/01\/42eaba60-c0ea-43b2-8f90-4d2bc90aa641-768x1366.jpg 768w, https:\/\/noticiasmercedinas.com\/site\/wp-content\/uploads\/2025\/01\/42eaba60-c0ea-43b2-8f90-4d2bc90aa641-864x1536.jpg 864w, https:\/\/noticiasmercedinas.com\/site\/wp-content\/uploads\/2025\/01\/42eaba60-c0ea-43b2-8f90-4d2bc90aa641-640x1138.jpg 640w, https:\/\/noticiasmercedinas.com\/site\/wp-content\/uploads\/2025\/01\/42eaba60-c0ea-43b2-8f90-4d2bc90aa641-681x1211.jpg 681w\" sizes=\"auto, (max-width: 899px) 100vw, 899px\" \/><\/p>\n","protected":false},"excerpt":{"rendered":"<p>\u25a0 El club est\u00e1 ubicado en calle 2 y 3. Las instalaciones cuentan con todas las comodidades necesarias para pasar un buen rato en familia o con amigos, combinando deporte y recreaci\u00f3n.<\/p>\n","protected":false},"author":16,"featured_media":151735,"comment_status":"closed","ping_status":"closed","sticky":false,"template":"","format":"standard","meta":{"footnotes":""},"categories":[5],"tags":[4539,11473,27,4159],"class_list":["post-151734","post","type-post","status-publish","format-standard","has-post-thumbnail","hentry","category-deportes","tag-alquiler","tag-canchas","tag-futbol","tag-palometas"],"yoast_head":"<!-- This site is optimized with the Yoast SEO plugin v27.5 - https:\/\/yoast.com\/product\/yoast-seo-wordpress\/ -->\n<title>Palometas abre sus puertas este verano y pone en alquiler sus canchas de f\u00fatbol 5 y 7<\/title>\n<meta name=\"robots\" content=\"index, follow, max-snippet:-1, max-image-preview:large, max-video-preview:-1\" \/>\n<link rel=\"canonical\" href=\"https:\/\/noticiasmercedinas.com\/site\/2025\/01\/10\/palometas-abre-sus-puertas-este-verano-y-pone-en-alquiler-sus-canchas-de-futbol-5-y-7\/\" \/>\n<meta property=\"og:locale\" content=\"es_ES\" \/>\n<meta property=\"og:type\" content=\"article\" \/>\n<meta property=\"og:title\" content=\"Palometas abre sus puertas este verano y pone en alquiler sus canchas de f\u00fatbol 5 y 7\" \/>\n<meta property=\"og:description\" content=\"\u25a0 El club est\u00e1 ubicado en calle 2 y 3. Las instalaciones cuentan con todas las comodidades necesarias para pasar un buen rato en familia o con amigos, combinando deporte y recreaci\u00f3n.\" \/>\n<meta property=\"og:url\" content=\"https:\/\/noticiasmercedinas.com\/site\/2025\/01\/10\/palometas-abre-sus-puertas-este-verano-y-pone-en-alquiler-sus-canchas-de-futbol-5-y-7\/\" \/>\n<meta property=\"og:site_name\" content=\"NOTICIASMERCEDINAS.COM\" \/>\n<meta property=\"article:publisher\" content=\"https:\/\/www.facebook.com\/noticiasmercedinas\/\" \/>\n<meta property=\"article:published_time\" content=\"2025-01-10T21:08:40+00:00\" \/>\n<meta property=\"og:image\" content=\"https:\/\/noticiasmercedinas.com\/site\/wp-content\/uploads\/2025\/01\/d2f2bc3c-0144-4fcc-b7ad-48babc133f1c.jpg\" \/>\n\t<meta property=\"og:image:width\" content=\"1600\" \/>\n\t<meta property=\"og:image:height\" content=\"738\" \/>\n\t<meta property=\"og:image:type\" content=\"image\/jpeg\" \/>\n<meta name=\"author\" content=\"NOTICIASMERCEDINAS.COM\" \/>\n<meta name=\"twitter:card\" content=\"summary_large_image\" \/>\n<meta name=\"twitter:creator\" content=\"@notmercedinas\" \/>\n<meta name=\"twitter:site\" content=\"@notmercedinas\" \/>\n<meta name=\"twitter:label1\" content=\"Escrito por\" \/>\n\t<meta name=\"twitter:data1\" content=\"NOTICIASMERCEDINAS.COM\" \/>\n\t<meta name=\"twitter:label2\" content=\"Tiempo de lectura\" \/>\n\t<meta name=\"twitter:data2\" content=\"1 minuto\" \/>\n<script type=\"application\/ld+json\" class=\"yoast-schema-graph\">{\"@context\":\"https:\\\/\\\/schema.org\",\"@graph\":[{\"@type\":\"Article\",\"@id\":\"https:\\\/\\\/noticiasmercedinas.com\\\/site\\\/2025\\\/01\\\/10\\\/palometas-abre-sus-puertas-este-verano-y-pone-en-alquiler-sus-canchas-de-futbol-5-y-7\\\/#article\",\"isPartOf\":{\"@id\":\"https:\\\/\\\/noticiasmercedinas.com\\\/site\\\/2025\\\/01\\\/10\\\/palometas-abre-sus-puertas-este-verano-y-pone-en-alquiler-sus-canchas-de-futbol-5-y-7\\\/\"},\"author\":{\"name\":\"NOTICIASMERCEDINAS.COM\",\"@id\":\"https:\\\/\\\/noticiasmercedinas.com\\\/site\\\/#\\\/schema\\\/person\\\/84b59c099c28ff2e8b77d4ceec5d8063\"},\"headline\":\"Palometas abre sus puertas este verano y pone en alquiler sus canchas de f\u00fatbol 5 y 7\",\"datePublished\":\"2025-01-10T21:08:40+00:00\",\"mainEntityOfPage\":{\"@id\":\"https:\\\/\\\/noticiasmercedinas.com\\\/site\\\/2025\\\/01\\\/10\\\/palometas-abre-sus-puertas-este-verano-y-pone-en-alquiler-sus-canchas-de-futbol-5-y-7\\\/\"},\"wordCount\":285,\"publisher\":{\"@id\":\"https:\\\/\\\/noticiasmercedinas.com\\\/site\\\/#organization\"},\"image\":{\"@id\":\"https:\\\/\\\/noticiasmercedinas.com\\\/site\\\/2025\\\/01\\\/10\\\/palometas-abre-sus-puertas-este-verano-y-pone-en-alquiler-sus-canchas-de-futbol-5-y-7\\\/#primaryimage\"},\"thumbnailUrl\":\"https:\\\/\\\/noticiasmercedinas.com\\\/site\\\/wp-content\\\/uploads\\\/2025\\\/01\\\/d2f2bc3c-0144-4fcc-b7ad-48babc133f1c.jpg\",\"keywords\":[\"alquiler\",\"canchas\",\"futbol\",\"Palometas\"],\"articleSection\":[\"Deportes\"],\"inLanguage\":\"es\"},{\"@type\":\"WebPage\",\"@id\":\"https:\\\/\\\/noticiasmercedinas.com\\\/site\\\/2025\\\/01\\\/10\\\/palometas-abre-sus-puertas-este-verano-y-pone-en-alquiler-sus-canchas-de-futbol-5-y-7\\\/\",\"url\":\"https:\\\/\\\/noticiasmercedinas.com\\\/site\\\/2025\\\/01\\\/10\\\/palometas-abre-sus-puertas-este-verano-y-pone-en-alquiler-sus-canchas-de-futbol-5-y-7\\\/\",\"name\":\"Palometas abre sus puertas este verano y pone en alquiler sus canchas de f\u00fatbol 5 y 7\",\"isPartOf\":{\"@id\":\"https:\\\/\\\/noticiasmercedinas.com\\\/site\\\/#website\"},\"primaryImageOfPage\":{\"@id\":\"https:\\\/\\\/noticiasmercedinas.com\\\/site\\\/2025\\\/01\\\/10\\\/palometas-abre-sus-puertas-este-verano-y-pone-en-alquiler-sus-canchas-de-futbol-5-y-7\\\/#primaryimage\"},\"image\":{\"@id\":\"https:\\\/\\\/noticiasmercedinas.com\\\/site\\\/2025\\\/01\\\/10\\\/palometas-abre-sus-puertas-este-verano-y-pone-en-alquiler-sus-canchas-de-futbol-5-y-7\\\/#primaryimage\"},\"thumbnailUrl\":\"https:\\\/\\\/noticiasmercedinas.com\\\/site\\\/wp-content\\\/uploads\\\/2025\\\/01\\\/d2f2bc3c-0144-4fcc-b7ad-48babc133f1c.jpg\",\"datePublished\":\"2025-01-10T21:08:40+00:00\",\"breadcrumb\":{\"@id\":\"https:\\\/\\\/noticiasmercedinas.com\\\/site\\\/2025\\\/01\\\/10\\\/palometas-abre-sus-puertas-este-verano-y-pone-en-alquiler-sus-canchas-de-futbol-5-y-7\\\/#breadcrumb\"},\"inLanguage\":\"es\",\"potentialAction\":[{\"@type\":\"ReadAction\",\"target\":[\"https:\\\/\\\/noticiasmercedinas.com\\\/site\\\/2025\\\/01\\\/10\\\/palometas-abre-sus-puertas-este-verano-y-pone-en-alquiler-sus-canchas-de-futbol-5-y-7\\\/\"]}]},{\"@type\":\"ImageObject\",\"inLanguage\":\"es\",\"@id\":\"https:\\\/\\\/noticiasmercedinas.com\\\/site\\\/2025\\\/01\\\/10\\\/palometas-abre-sus-puertas-este-verano-y-pone-en-alquiler-sus-canchas-de-futbol-5-y-7\\\/#primaryimage\",\"url\":\"https:\\\/\\\/noticiasmercedinas.com\\\/site\\\/wp-content\\\/uploads\\\/2025\\\/01\\\/d2f2bc3c-0144-4fcc-b7ad-48babc133f1c.jpg\",\"contentUrl\":\"https:\\\/\\\/noticiasmercedinas.com\\\/site\\\/wp-content\\\/uploads\\\/2025\\\/01\\\/d2f2bc3c-0144-4fcc-b7ad-48babc133f1c.jpg\",\"width\":1600,\"height\":738},{\"@type\":\"BreadcrumbList\",\"@id\":\"https:\\\/\\\/noticiasmercedinas.com\\\/site\\\/2025\\\/01\\\/10\\\/palometas-abre-sus-puertas-este-verano-y-pone-en-alquiler-sus-canchas-de-futbol-5-y-7\\\/#breadcrumb\",\"itemListElement\":[{\"@type\":\"ListItem\",\"position\":1,\"name\":\"Portada\",\"item\":\"https:\\\/\\\/noticiasmercedinas.com\\\/site\\\/\"},{\"@type\":\"ListItem\",\"position\":2,\"name\":\"Palometas abre sus puertas este verano y pone en alquiler sus canchas de f\u00fatbol 5 y 7\"}]},{\"@type\":\"WebSite\",\"@id\":\"https:\\\/\\\/noticiasmercedinas.com\\\/site\\\/#website\",\"url\":\"https:\\\/\\\/noticiasmercedinas.com\\\/site\\\/\",\"name\":\"NOTICIASMERCEDINAS.COM\",\"description\":\"Mercedes, Buenos Aires, Argentina\",\"publisher\":{\"@id\":\"https:\\\/\\\/noticiasmercedinas.com\\\/site\\\/#organization\"},\"potentialAction\":[{\"@type\":\"SearchAction\",\"target\":{\"@type\":\"EntryPoint\",\"urlTemplate\":\"https:\\\/\\\/noticiasmercedinas.com\\\/site\\\/?s={search_term_string}\"},\"query-input\":{\"@type\":\"PropertyValueSpecification\",\"valueRequired\":true,\"valueName\":\"search_term_string\"}}],\"inLanguage\":\"es\"},{\"@type\":\"Organization\",\"@id\":\"https:\\\/\\\/noticiasmercedinas.com\\\/site\\\/#organization\",\"name\":\"NOTICIASMERCEDINAS.COM\",\"url\":\"https:\\\/\\\/noticiasmercedinas.com\\\/site\\\/\",\"logo\":{\"@type\":\"ImageObject\",\"inLanguage\":\"es\",\"@id\":\"https:\\\/\\\/noticiasmercedinas.com\\\/site\\\/#\\\/schema\\\/logo\\\/image\\\/\",\"url\":\"https:\\\/\\\/noticiasmercedinas.com\\\/site\\\/wp-content\\\/uploads\\\/2020\\\/06\\\/LOGO-512.jpg\",\"contentUrl\":\"https:\\\/\\\/noticiasmercedinas.com\\\/site\\\/wp-content\\\/uploads\\\/2020\\\/06\\\/LOGO-512.jpg\",\"width\":512,\"height\":512,\"caption\":\"NOTICIASMERCEDINAS.COM\"},\"image\":{\"@id\":\"https:\\\/\\\/noticiasmercedinas.com\\\/site\\\/#\\\/schema\\\/logo\\\/image\\\/\"},\"sameAs\":[\"https:\\\/\\\/www.facebook.com\\\/noticiasmercedinas\\\/\",\"https:\\\/\\\/x.com\\\/notmercedinas\",\"https:\\\/\\\/www.instagram.com\\\/noticiasmercedinas\\\/\"]},{\"@type\":\"Person\",\"@id\":\"https:\\\/\\\/noticiasmercedinas.com\\\/site\\\/#\\\/schema\\\/person\\\/84b59c099c28ff2e8b77d4ceec5d8063\",\"name\":\"NOTICIASMERCEDINAS.COM\",\"image\":{\"@type\":\"ImageObject\",\"inLanguage\":\"es\",\"@id\":\"https:\\\/\\\/secure.gravatar.com\\\/avatar\\\/4dfbf16b4d17945bfb6341b2d19043457132fcf478a5ee04f42e959fd8f5df0a?s=96&d=mm&r=g\",\"url\":\"https:\\\/\\\/secure.gravatar.com\\\/avatar\\\/4dfbf16b4d17945bfb6341b2d19043457132fcf478a5ee04f42e959fd8f5df0a?s=96&d=mm&r=g\",\"contentUrl\":\"https:\\\/\\\/secure.gravatar.com\\\/avatar\\\/4dfbf16b4d17945bfb6341b2d19043457132fcf478a5ee04f42e959fd8f5df0a?s=96&d=mm&r=g\",\"caption\":\"NOTICIASMERCEDINAS.COM\"},\"url\":\"https:\\\/\\\/noticiasmercedinas.com\\\/site\\\/author\\\/anonimo\\\/\"}]}<\/script>\n<!-- \/ Yoast SEO plugin. -->","yoast_head_json":{"title":"Palometas abre sus puertas este verano y pone en alquiler sus canchas de f\u00fatbol 5 y 7","robots":{"index":"index","follow":"follow","max-snippet":"max-snippet:-1","max-image-preview":"max-image-preview:large","max-video-preview":"max-video-preview:-1"},"canonical":"https:\/\/noticiasmercedinas.com\/site\/2025\/01\/10\/palometas-abre-sus-puertas-este-verano-y-pone-en-alquiler-sus-canchas-de-futbol-5-y-7\/","og_locale":"es_ES","og_type":"article","og_title":"Palometas abre sus puertas este verano y pone en alquiler sus canchas de f\u00fatbol 5 y 7","og_description":"\u25a0 El club est\u00e1 ubicado en calle 2 y 3. Las instalaciones cuentan con todas las comodidades necesarias para pasar un buen rato en familia o con amigos, combinando deporte y recreaci\u00f3n.","og_url":"https:\/\/noticiasmercedinas.com\/site\/2025\/01\/10\/palometas-abre-sus-puertas-este-verano-y-pone-en-alquiler-sus-canchas-de-futbol-5-y-7\/","og_site_name":"NOTICIASMERCEDINAS.COM","article_publisher":"https:\/\/www.facebook.com\/noticiasmercedinas\/","article_published_time":"2025-01-10T21:08:40+00:00","og_image":[{"width":1600,"height":738,"url":"https:\/\/noticiasmercedinas.com\/site\/wp-content\/uploads\/2025\/01\/d2f2bc3c-0144-4fcc-b7ad-48babc133f1c.jpg","type":"image\/jpeg"}],"author":"NOTICIASMERCEDINAS.COM","twitter_card":"summary_large_image","twitter_creator":"@notmercedinas","twitter_site":"@notmercedinas","twitter_misc":{"Escrito por":"NOTICIASMERCEDINAS.COM","Tiempo de lectura":"1 minuto"},"schema":{"@context":"https:\/\/schema.org","@graph":[{"@type":"Article","@id":"https:\/\/noticiasmercedinas.com\/site\/2025\/01\/10\/palometas-abre-sus-puertas-este-verano-y-pone-en-alquiler-sus-canchas-de-futbol-5-y-7\/#article","isPartOf":{"@id":"https:\/\/noticiasmercedinas.com\/site\/2025\/01\/10\/palometas-abre-sus-puertas-este-verano-y-pone-en-alquiler-sus-canchas-de-futbol-5-y-7\/"},"author":{"name":"NOTICIASMERCEDINAS.COM","@id":"https:\/\/noticiasmercedinas.com\/site\/#\/schema\/person\/84b59c099c28ff2e8b77d4ceec5d8063"},"headline":"Palometas abre sus puertas este verano y pone en alquiler sus canchas de f\u00fatbol 5 y 7","datePublished":"2025-01-10T21:08:40+00:00","mainEntityOfPage":{"@id":"https:\/\/noticiasmercedinas.com\/site\/2025\/01\/10\/palometas-abre-sus-puertas-este-verano-y-pone-en-alquiler-sus-canchas-de-futbol-5-y-7\/"},"wordCount":285,"publisher":{"@id":"https:\/\/noticiasmercedinas.com\/site\/#organization"},"image":{"@id":"https:\/\/noticiasmercedinas.com\/site\/2025\/01\/10\/palometas-abre-sus-puertas-este-verano-y-pone-en-alquiler-sus-canchas-de-futbol-5-y-7\/#primaryimage"},"thumbnailUrl":"https:\/\/noticiasmercedinas.com\/site\/wp-content\/uploads\/2025\/01\/d2f2bc3c-0144-4fcc-b7ad-48babc133f1c.jpg","keywords":["alquiler","canchas","futbol","Palometas"],"articleSection":["Deportes"],"inLanguage":"es"},{"@type":"WebPage","@id":"https:\/\/noticiasmercedinas.com\/site\/2025\/01\/10\/palometas-abre-sus-puertas-este-verano-y-pone-en-alquiler-sus-canchas-de-futbol-5-y-7\/","url":"https:\/\/noticiasmercedinas.com\/site\/2025\/01\/10\/palometas-abre-sus-puertas-este-verano-y-pone-en-alquiler-sus-canchas-de-futbol-5-y-7\/","name":"Palometas abre sus puertas este verano y pone en alquiler sus canchas de f\u00fatbol 5 y 7","isPartOf":{"@id":"https:\/\/noticiasmercedinas.com\/site\/#website"},"primaryImageOfPage":{"@id":"https:\/\/noticiasmercedinas.com\/site\/2025\/01\/10\/palometas-abre-sus-puertas-este-verano-y-pone-en-alquiler-sus-canchas-de-futbol-5-y-7\/#primaryimage"},"image":{"@id":"https:\/\/noticiasmercedinas.com\/site\/2025\/01\/10\/palometas-abre-sus-puertas-este-verano-y-pone-en-alquiler-sus-canchas-de-futbol-5-y-7\/#primaryimage"},"thumbnailUrl":"https:\/\/noticiasmercedinas.com\/site\/wp-content\/uploads\/2025\/01\/d2f2bc3c-0144-4fcc-b7ad-48babc133f1c.jpg","datePublished":"2025-01-10T21:08:40+00:00","breadcrumb":{"@id":"https:\/\/noticiasmercedinas.com\/site\/2025\/01\/10\/palometas-abre-sus-puertas-este-verano-y-pone-en-alquiler-sus-canchas-de-futbol-5-y-7\/#breadcrumb"},"inLanguage":"es","potentialAction":[{"@type":"ReadAction","target":["https:\/\/noticiasmercedinas.com\/site\/2025\/01\/10\/palometas-abre-sus-puertas-este-verano-y-pone-en-alquiler-sus-canchas-de-futbol-5-y-7\/"]}]},{"@type":"ImageObject","inLanguage":"es","@id":"https:\/\/noticiasmercedinas.com\/site\/2025\/01\/10\/palometas-abre-sus-puertas-este-verano-y-pone-en-alquiler-sus-canchas-de-futbol-5-y-7\/#primaryimage","url":"https:\/\/noticiasmercedinas.com\/site\/wp-content\/uploads\/2025\/01\/d2f2bc3c-0144-4fcc-b7ad-48babc133f1c.jpg","contentUrl":"https:\/\/noticiasmercedinas.com\/site\/wp-content\/uploads\/2025\/01\/d2f2bc3c-0144-4fcc-b7ad-48babc133f1c.jpg","width":1600,"height":738},{"@type":"BreadcrumbList","@id":"https:\/\/noticiasmercedinas.com\/site\/2025\/01\/10\/palometas-abre-sus-puertas-este-verano-y-pone-en-alquiler-sus-canchas-de-futbol-5-y-7\/#breadcrumb","itemListElement":[{"@type":"ListItem","position":1,"name":"Portada","item":"https:\/\/noticiasmercedinas.com\/site\/"},{"@type":"ListItem","position":2,"name":"Palometas abre sus puertas este verano y pone en alquiler sus canchas de f\u00fatbol 5 y 7"}]},{"@type":"WebSite","@id":"https:\/\/noticiasmercedinas.com\/site\/#website","url":"https:\/\/noticiasmercedinas.com\/site\/","name":"NOTICIASMERCEDINAS.COM","description":"Mercedes, Buenos Aires, Argentina","publisher":{"@id":"https:\/\/noticiasmercedinas.com\/site\/#organization"},"potentialAction":[{"@type":"SearchAction","target":{"@type":"EntryPoint","urlTemplate":"https:\/\/noticiasmercedinas.com\/site\/?s={search_term_string}"},"query-input":{"@type":"PropertyValueSpecification","valueRequired":true,"valueName":"search_term_string"}}],"inLanguage":"es"},{"@type":"Organization","@id":"https:\/\/noticiasmercedinas.com\/site\/#organization","name":"NOTICIASMERCEDINAS.COM","url":"https:\/\/noticiasmercedinas.com\/site\/","logo":{"@type":"ImageObject","inLanguage":"es","@id":"https:\/\/noticiasmercedinas.com\/site\/#\/schema\/logo\/image\/","url":"https:\/\/noticiasmercedinas.com\/site\/wp-content\/uploads\/2020\/06\/LOGO-512.jpg","contentUrl":"https:\/\/noticiasmercedinas.com\/site\/wp-content\/uploads\/2020\/06\/LOGO-512.jpg","width":512,"height":512,"caption":"NOTICIASMERCEDINAS.COM"},"image":{"@id":"https:\/\/noticiasmercedinas.com\/site\/#\/schema\/logo\/image\/"},"sameAs":["https:\/\/www.facebook.com\/noticiasmercedinas\/","https:\/\/x.com\/notmercedinas","https:\/\/www.instagram.com\/noticiasmercedinas\/"]},{"@type":"Person","@id":"https:\/\/noticiasmercedinas.com\/site\/#\/schema\/person\/84b59c099c28ff2e8b77d4ceec5d8063","name":"NOTICIASMERCEDINAS.COM","image":{"@type":"ImageObject","inLanguage":"es","@id":"https:\/\/secure.gravatar.com\/avatar\/4dfbf16b4d17945bfb6341b2d19043457132fcf478a5ee04f42e959fd8f5df0a?s=96&d=mm&r=g","url":"https:\/\/secure.gravatar.com\/avatar\/4dfbf16b4d17945bfb6341b2d19043457132fcf478a5ee04f42e959fd8f5df0a?s=96&d=mm&r=g","contentUrl":"https:\/\/secure.gravatar.com\/avatar\/4dfbf16b4d17945bfb6341b2d19043457132fcf478a5ee04f42e959fd8f5df0a?s=96&d=mm&r=g","caption":"NOTICIASMERCEDINAS.COM"},"url":"https:\/\/noticiasmercedinas.com\/site\/author\/anonimo\/"}]}},"amp_enabled":true,"_links":{"self":[{"href":"https:\/\/noticiasmercedinas.com\/site\/wp-json\/wp\/v2\/posts\/151734","targetHints":{"allow":["GET"]}}],"collection":[{"href":"https:\/\/noticiasmercedinas.com\/site\/wp-json\/wp\/v2\/posts"}],"about":[{"href":"https:\/\/noticiasmercedinas.com\/site\/wp-json\/wp\/v2\/types\/post"}],"author":[{"embeddable":true,"href":"https:\/\/noticiasmercedinas.com\/site\/wp-json\/wp\/v2\/users\/16"}],"replies":[{"embeddable":true,"href":"https:\/\/noticiasmercedinas.com\/site\/wp-json\/wp\/v2\/comments?post=151734"}],"version-history":[{"count":1,"href":"https:\/\/noticiasmercedinas.com\/site\/wp-json\/wp\/v2\/posts\/151734\/revisions"}],"predecessor-version":[{"id":151737,"href":"https:\/\/noticiasmercedinas.com\/site\/wp-json\/wp\/v2\/posts\/151734\/revisions\/151737"}],"wp:featuredmedia":[{"embeddable":true,"href":"https:\/\/noticiasmercedinas.com\/site\/wp-json\/wp\/v2\/media\/151735"}],"wp:attachment":[{"href":"https:\/\/noticiasmercedinas.com\/site\/wp-json\/wp\/v2\/media?parent=151734"}],"wp:term":[{"taxonomy":"category","embeddable":true,"href":"https:\/\/noticiasmercedinas.com\/site\/wp-json\/wp\/v2\/categories?post=151734"},{"taxonomy":"post_tag","embeddable":true,"href":"https:\/\/noticiasmercedinas.com\/site\/wp-json\/wp\/v2\/tags?post=151734"}],"curies":[{"name":"wp","href":"https:\/\/api.w.org\/{rel}","templated":true}]}}