{"id":15212,"date":"2019-03-28T18:53:43","date_gmt":"2019-03-28T21:53:43","guid":{"rendered":"https:\/\/noticiasmercedinas.com\/site\/?p=15212"},"modified":"2019-03-28T18:53:43","modified_gmt":"2019-03-28T21:53:43","slug":"bidone-vinculo-a-dalessio-con-la-ministra-bullrich","status":"publish","type":"post","link":"https:\/\/noticiasmercedinas.com\/site\/2019\/03\/28\/bidone-vinculo-a-dalessio-con-la-ministra-bullrich\/","title":{"rendered":"Bidone vincul\u00f3 a D\u2019Alessio con la ministra Bullrich"},"content":{"rendered":"<p><a href=\"https:\/\/noticiasmercedinas.com\/site\/wp-content\/uploads\/2019\/03\/bidone_fiscal-2.jpg\"><img loading=\"lazy\" decoding=\"async\" class=\"alignnone size-full wp-image-14970\" src=\"https:\/\/noticiasmercedinas.com\/site\/wp-content\/uploads\/2019\/03\/bidone_fiscal-2.jpg\" alt=\"\" width=\"640\" height=\"425\" srcset=\"https:\/\/noticiasmercedinas.com\/site\/wp-content\/uploads\/2019\/03\/bidone_fiscal-2.jpg 640w, https:\/\/noticiasmercedinas.com\/site\/wp-content\/uploads\/2019\/03\/bidone_fiscal-2-300x199.jpg 300w\" sizes=\"auto, (max-width: 640px) 100vw, 640px\" \/><\/a><\/p>\n<p>El suspendido titular de la Fiscal\u00eda de Delitos Complejos de Mercedes, Juan Ignacio Bidone, vincul\u00f3 hoy al detenido esp\u00eda Marcelo D\u2019Alessio con la ministra de Seguridad, Patricia Bullrich, en su declaraci\u00f3n ante el juez federal Luis Rodr\u00edguez.<\/p>\n<p>Bidone \u2013quien asegur\u00f3 haber sido enga\u00f1ado por el \u201cagente de inteligencia\u201d- record\u00f3 que ante la necesidad de comunicarse con Bullrich \u201cfue D&#8217;Alessio quien me pas\u00f3 su tel\u00e9fono celular, el cual efectivamente se correspond\u00eda con el de la ministra\u201d, inform\u00f3 hoy el diario Tiempo.<\/p>\n<p>\u201cNo fui el \u00fanico funcionario enga\u00f1ado por D&#8217;Alessio\u201d, declar\u00f3 Bidone y mencion\u00f3 fotos en las que aparecer\u00eda el esp\u00eda en la cumbre del G-20 y en el traslado del narcotraficante Ibar P\u00e9rez Corradi junto a la ministra.<\/p>\n<p>En tanto, consign\u00f3 Infobae que el fiscal de Mercedes \u201chabl\u00f3 de las injurias que sufre desde que el caso estall\u00f3\u201d. \u201cAntes de esto, dijo, todos hablaban bien de su trabajo y hoy es la peor lacra del mundo, perdi\u00f3 amigos y conocidos no quieren tener contacto con \u00e9l\u201d.<\/p>\n<p>Bidone fue suspendido por la Corte Suprema de la Provincia por 90 d\u00edas, investigado por \u201cabuso de autoridad e incumplimiento de los deberes de funcionario p\u00fablico\u201d al suministrar informaci\u00f3n al falso abogado, \u201cesp\u00eda\u201d e imputado por extorsiones varias, Marcelo D\u2019Alessio.<\/p>\n","protected":false},"excerpt":{"rendered":"<p>El suspendido titular de la Fiscal\u00eda de Delitos Complejos de Mercedes, Juan Ignacio Bidone, vincul\u00f3 hoy al detenido esp\u00eda Marcelo D\u2019Alessio con la ministra de Seguridad, Patricia Bullrich, en su declaraci\u00f3n ante el juez federal Luis Rodr\u00edguez. Bidone \u2013quien asegur\u00f3 haber sido enga\u00f1ado por el \u201cagente de inteligencia\u201d- record\u00f3 que ante la necesidad de comunicarse [&hellip;]<\/p>\n","protected":false},"author":16,"featured_media":13728,"comment_status":"open","ping_status":"open","sticky":false,"template":"","format":"standard","meta":{"footnotes":""},"categories":[16],"tags":[3837,3900,4105],"class_list":["post-15212","post","type-post","status-publish","format-standard","has-post-thumbnail","hentry","category-politica","tag-juan-ignacio-bidone","tag-marcelo-dalessio","tag-patricia-bullrich"],"yoast_head":"<!-- This site is optimized with the Yoast SEO plugin v27.5 - https:\/\/yoast.com\/product\/yoast-seo-wordpress\/ -->\n<title>Bidone vincul\u00f3 a D\u2019Alessio con la ministra Bullrich<\/title>\n<meta name=\"robots\" content=\"index, follow, max-snippet:-1, max-image-preview:large, max-video-preview:-1\" \/>\n<link rel=\"canonical\" href=\"https:\/\/noticiasmercedinas.com\/site\/2019\/03\/28\/bidone-vinculo-a-dalessio-con-la-ministra-bullrich\/\" \/>\n<meta property=\"og:locale\" content=\"es_ES\" \/>\n<meta property=\"og:type\" content=\"article\" \/>\n<meta property=\"og:title\" content=\"Bidone vincul\u00f3 a D\u2019Alessio con la ministra Bullrich\" \/>\n<meta property=\"og:description\" content=\"El suspendido titular de la Fiscal\u00eda de Delitos Complejos de Mercedes, Juan Ignacio Bidone, vincul\u00f3 hoy al detenido esp\u00eda Marcelo D\u2019Alessio con la ministra de Seguridad, Patricia Bullrich, en su declaraci\u00f3n ante el juez federal Luis Rodr\u00edguez. Bidone \u2013quien asegur\u00f3 haber sido enga\u00f1ado por el \u201cagente de inteligencia\u201d- record\u00f3 que ante la necesidad de comunicarse [&hellip;]\" \/>\n<meta property=\"og:url\" content=\"https:\/\/noticiasmercedinas.com\/site\/2019\/03\/28\/bidone-vinculo-a-dalessio-con-la-ministra-bullrich\/\" \/>\n<meta property=\"og:site_name\" content=\"NOTICIASMERCEDINAS.COM\" \/>\n<meta property=\"article:publisher\" content=\"https:\/\/www.facebook.com\/noticiasmercedinas\/\" \/>\n<meta property=\"article:published_time\" content=\"2019-03-28T21:53:43+00:00\" \/>\n<meta property=\"og:image\" content=\"https:\/\/noticiasmercedinas.com\/site\/wp-content\/uploads\/2019\/03\/bidone_fiscal.jpg\" \/>\n\t<meta property=\"og:image:width\" content=\"640\" \/>\n\t<meta property=\"og:image:height\" content=\"425\" \/>\n\t<meta property=\"og:image:type\" content=\"image\/jpeg\" \/>\n<meta name=\"author\" content=\"NOTICIASMERCEDINAS.COM\" \/>\n<meta name=\"twitter:card\" content=\"summary_large_image\" \/>\n<meta name=\"twitter:creator\" content=\"@notmercedinas\" \/>\n<meta name=\"twitter:site\" content=\"@notmercedinas\" \/>\n<meta name=\"twitter:label1\" content=\"Escrito por\" \/>\n\t<meta name=\"twitter:data1\" content=\"NOTICIASMERCEDINAS.COM\" \/>\n\t<meta name=\"twitter:label2\" content=\"Tiempo de lectura\" \/>\n\t<meta name=\"twitter:data2\" content=\"1 minuto\" \/>\n<script type=\"application\/ld+json\" class=\"yoast-schema-graph\">{\"@context\":\"https:\\\/\\\/schema.org\",\"@graph\":[{\"@type\":\"Article\",\"@id\":\"https:\\\/\\\/noticiasmercedinas.com\\\/site\\\/2019\\\/03\\\/28\\\/bidone-vinculo-a-dalessio-con-la-ministra-bullrich\\\/#article\",\"isPartOf\":{\"@id\":\"https:\\\/\\\/noticiasmercedinas.com\\\/site\\\/2019\\\/03\\\/28\\\/bidone-vinculo-a-dalessio-con-la-ministra-bullrich\\\/\"},\"author\":{\"name\":\"NOTICIASMERCEDINAS.COM\",\"@id\":\"https:\\\/\\\/noticiasmercedinas.com\\\/site\\\/#\\\/schema\\\/person\\\/84b59c099c28ff2e8b77d4ceec5d8063\"},\"headline\":\"Bidone vincul\u00f3 a D\u2019Alessio con la ministra Bullrich\",\"datePublished\":\"2019-03-28T21:53:43+00:00\",\"mainEntityOfPage\":{\"@id\":\"https:\\\/\\\/noticiasmercedinas.com\\\/site\\\/2019\\\/03\\\/28\\\/bidone-vinculo-a-dalessio-con-la-ministra-bullrich\\\/\"},\"wordCount\":233,\"commentCount\":0,\"publisher\":{\"@id\":\"https:\\\/\\\/noticiasmercedinas.com\\\/site\\\/#organization\"},\"image\":{\"@id\":\"https:\\\/\\\/noticiasmercedinas.com\\\/site\\\/2019\\\/03\\\/28\\\/bidone-vinculo-a-dalessio-con-la-ministra-bullrich\\\/#primaryimage\"},\"thumbnailUrl\":\"https:\\\/\\\/noticiasmercedinas.com\\\/site\\\/wp-content\\\/uploads\\\/2019\\\/03\\\/bidone_fiscal.jpg\",\"keywords\":[\"Juan Ignacio Bidone\",\"Marcelo D'Alessio\",\"Patricia Bullrich\"],\"articleSection\":[\"Politica\"],\"inLanguage\":\"es\",\"potentialAction\":[{\"@type\":\"CommentAction\",\"name\":\"Comment\",\"target\":[\"https:\\\/\\\/noticiasmercedinas.com\\\/site\\\/2019\\\/03\\\/28\\\/bidone-vinculo-a-dalessio-con-la-ministra-bullrich\\\/#respond\"]}]},{\"@type\":\"WebPage\",\"@id\":\"https:\\\/\\\/noticiasmercedinas.com\\\/site\\\/2019\\\/03\\\/28\\\/bidone-vinculo-a-dalessio-con-la-ministra-bullrich\\\/\",\"url\":\"https:\\\/\\\/noticiasmercedinas.com\\\/site\\\/2019\\\/03\\\/28\\\/bidone-vinculo-a-dalessio-con-la-ministra-bullrich\\\/\",\"name\":\"Bidone vincul\u00f3 a D\u2019Alessio con la ministra Bullrich\",\"isPartOf\":{\"@id\":\"https:\\\/\\\/noticiasmercedinas.com\\\/site\\\/#website\"},\"primaryImageOfPage\":{\"@id\":\"https:\\\/\\\/noticiasmercedinas.com\\\/site\\\/2019\\\/03\\\/28\\\/bidone-vinculo-a-dalessio-con-la-ministra-bullrich\\\/#primaryimage\"},\"image\":{\"@id\":\"https:\\\/\\\/noticiasmercedinas.com\\\/site\\\/2019\\\/03\\\/28\\\/bidone-vinculo-a-dalessio-con-la-ministra-bullrich\\\/#primaryimage\"},\"thumbnailUrl\":\"https:\\\/\\\/noticiasmercedinas.com\\\/site\\\/wp-content\\\/uploads\\\/2019\\\/03\\\/bidone_fiscal.jpg\",\"datePublished\":\"2019-03-28T21:53:43+00:00\",\"breadcrumb\":{\"@id\":\"https:\\\/\\\/noticiasmercedinas.com\\\/site\\\/2019\\\/03\\\/28\\\/bidone-vinculo-a-dalessio-con-la-ministra-bullrich\\\/#breadcrumb\"},\"inLanguage\":\"es\",\"potentialAction\":[{\"@type\":\"ReadAction\",\"target\":[\"https:\\\/\\\/noticiasmercedinas.com\\\/site\\\/2019\\\/03\\\/28\\\/bidone-vinculo-a-dalessio-con-la-ministra-bullrich\\\/\"]}]},{\"@type\":\"ImageObject\",\"inLanguage\":\"es\",\"@id\":\"https:\\\/\\\/noticiasmercedinas.com\\\/site\\\/2019\\\/03\\\/28\\\/bidone-vinculo-a-dalessio-con-la-ministra-bullrich\\\/#primaryimage\",\"url\":\"https:\\\/\\\/noticiasmercedinas.com\\\/site\\\/wp-content\\\/uploads\\\/2019\\\/03\\\/bidone_fiscal.jpg\",\"contentUrl\":\"https:\\\/\\\/noticiasmercedinas.com\\\/site\\\/wp-content\\\/uploads\\\/2019\\\/03\\\/bidone_fiscal.jpg\",\"width\":640,\"height\":425},{\"@type\":\"BreadcrumbList\",\"@id\":\"https:\\\/\\\/noticiasmercedinas.com\\\/site\\\/2019\\\/03\\\/28\\\/bidone-vinculo-a-dalessio-con-la-ministra-bullrich\\\/#breadcrumb\",\"itemListElement\":[{\"@type\":\"ListItem\",\"position\":1,\"name\":\"Portada\",\"item\":\"https:\\\/\\\/noticiasmercedinas.com\\\/site\\\/\"},{\"@type\":\"ListItem\",\"position\":2,\"name\":\"Bidone vincul\u00f3 a D\u2019Alessio con la ministra Bullrich\"}]},{\"@type\":\"WebSite\",\"@id\":\"https:\\\/\\\/noticiasmercedinas.com\\\/site\\\/#website\",\"url\":\"https:\\\/\\\/noticiasmercedinas.com\\\/site\\\/\",\"name\":\"NOTICIASMERCEDINAS.COM\",\"description\":\"Mercedes, Buenos Aires, Argentina\",\"publisher\":{\"@id\":\"https:\\\/\\\/noticiasmercedinas.com\\\/site\\\/#organization\"},\"potentialAction\":[{\"@type\":\"SearchAction\",\"target\":{\"@type\":\"EntryPoint\",\"urlTemplate\":\"https:\\\/\\\/noticiasmercedinas.com\\\/site\\\/?s={search_term_string}\"},\"query-input\":{\"@type\":\"PropertyValueSpecification\",\"valueRequired\":true,\"valueName\":\"search_term_string\"}}],\"inLanguage\":\"es\"},{\"@type\":\"Organization\",\"@id\":\"https:\\\/\\\/noticiasmercedinas.com\\\/site\\\/#organization\",\"name\":\"NOTICIASMERCEDINAS.COM\",\"url\":\"https:\\\/\\\/noticiasmercedinas.com\\\/site\\\/\",\"logo\":{\"@type\":\"ImageObject\",\"inLanguage\":\"es\",\"@id\":\"https:\\\/\\\/noticiasmercedinas.com\\\/site\\\/#\\\/schema\\\/logo\\\/image\\\/\",\"url\":\"https:\\\/\\\/noticiasmercedinas.com\\\/site\\\/wp-content\\\/uploads\\\/2020\\\/06\\\/LOGO-512.jpg\",\"contentUrl\":\"https:\\\/\\\/noticiasmercedinas.com\\\/site\\\/wp-content\\\/uploads\\\/2020\\\/06\\\/LOGO-512.jpg\",\"width\":512,\"height\":512,\"caption\":\"NOTICIASMERCEDINAS.COM\"},\"image\":{\"@id\":\"https:\\\/\\\/noticiasmercedinas.com\\\/site\\\/#\\\/schema\\\/logo\\\/image\\\/\"},\"sameAs\":[\"https:\\\/\\\/www.facebook.com\\\/noticiasmercedinas\\\/\",\"https:\\\/\\\/x.com\\\/notmercedinas\",\"https:\\\/\\\/www.instagram.com\\\/noticiasmercedinas\\\/\"]},{\"@type\":\"Person\",\"@id\":\"https:\\\/\\\/noticiasmercedinas.com\\\/site\\\/#\\\/schema\\\/person\\\/84b59c099c28ff2e8b77d4ceec5d8063\",\"name\":\"NOTICIASMERCEDINAS.COM\",\"image\":{\"@type\":\"ImageObject\",\"inLanguage\":\"es\",\"@id\":\"https:\\\/\\\/secure.gravatar.com\\\/avatar\\\/4dfbf16b4d17945bfb6341b2d19043457132fcf478a5ee04f42e959fd8f5df0a?s=96&d=mm&r=g\",\"url\":\"https:\\\/\\\/secure.gravatar.com\\\/avatar\\\/4dfbf16b4d17945bfb6341b2d19043457132fcf478a5ee04f42e959fd8f5df0a?s=96&d=mm&r=g\",\"contentUrl\":\"https:\\\/\\\/secure.gravatar.com\\\/avatar\\\/4dfbf16b4d17945bfb6341b2d19043457132fcf478a5ee04f42e959fd8f5df0a?s=96&d=mm&r=g\",\"caption\":\"NOTICIASMERCEDINAS.COM\"},\"url\":\"https:\\\/\\\/noticiasmercedinas.com\\\/site\\\/author\\\/anonimo\\\/\"}]}<\/script>\n<!-- \/ Yoast SEO plugin. -->","yoast_head_json":{"title":"Bidone vincul\u00f3 a D\u2019Alessio con la ministra Bullrich","robots":{"index":"index","follow":"follow","max-snippet":"max-snippet:-1","max-image-preview":"max-image-preview:large","max-video-preview":"max-video-preview:-1"},"canonical":"https:\/\/noticiasmercedinas.com\/site\/2019\/03\/28\/bidone-vinculo-a-dalessio-con-la-ministra-bullrich\/","og_locale":"es_ES","og_type":"article","og_title":"Bidone vincul\u00f3 a D\u2019Alessio con la ministra Bullrich","og_description":"El suspendido titular de la Fiscal\u00eda de Delitos Complejos de Mercedes, Juan Ignacio Bidone, vincul\u00f3 hoy al detenido esp\u00eda Marcelo D\u2019Alessio con la ministra de Seguridad, Patricia Bullrich, en su declaraci\u00f3n ante el juez federal Luis Rodr\u00edguez. Bidone \u2013quien asegur\u00f3 haber sido enga\u00f1ado por el \u201cagente de inteligencia\u201d- record\u00f3 que ante la necesidad de comunicarse [&hellip;]","og_url":"https:\/\/noticiasmercedinas.com\/site\/2019\/03\/28\/bidone-vinculo-a-dalessio-con-la-ministra-bullrich\/","og_site_name":"NOTICIASMERCEDINAS.COM","article_publisher":"https:\/\/www.facebook.com\/noticiasmercedinas\/","article_published_time":"2019-03-28T21:53:43+00:00","og_image":[{"width":640,"height":425,"url":"https:\/\/noticiasmercedinas.com\/site\/wp-content\/uploads\/2019\/03\/bidone_fiscal.jpg","type":"image\/jpeg"}],"author":"NOTICIASMERCEDINAS.COM","twitter_card":"summary_large_image","twitter_creator":"@notmercedinas","twitter_site":"@notmercedinas","twitter_misc":{"Escrito por":"NOTICIASMERCEDINAS.COM","Tiempo de lectura":"1 minuto"},"schema":{"@context":"https:\/\/schema.org","@graph":[{"@type":"Article","@id":"https:\/\/noticiasmercedinas.com\/site\/2019\/03\/28\/bidone-vinculo-a-dalessio-con-la-ministra-bullrich\/#article","isPartOf":{"@id":"https:\/\/noticiasmercedinas.com\/site\/2019\/03\/28\/bidone-vinculo-a-dalessio-con-la-ministra-bullrich\/"},"author":{"name":"NOTICIASMERCEDINAS.COM","@id":"https:\/\/noticiasmercedinas.com\/site\/#\/schema\/person\/84b59c099c28ff2e8b77d4ceec5d8063"},"headline":"Bidone vincul\u00f3 a D\u2019Alessio con la ministra Bullrich","datePublished":"2019-03-28T21:53:43+00:00","mainEntityOfPage":{"@id":"https:\/\/noticiasmercedinas.com\/site\/2019\/03\/28\/bidone-vinculo-a-dalessio-con-la-ministra-bullrich\/"},"wordCount":233,"commentCount":0,"publisher":{"@id":"https:\/\/noticiasmercedinas.com\/site\/#organization"},"image":{"@id":"https:\/\/noticiasmercedinas.com\/site\/2019\/03\/28\/bidone-vinculo-a-dalessio-con-la-ministra-bullrich\/#primaryimage"},"thumbnailUrl":"https:\/\/noticiasmercedinas.com\/site\/wp-content\/uploads\/2019\/03\/bidone_fiscal.jpg","keywords":["Juan Ignacio Bidone","Marcelo D'Alessio","Patricia Bullrich"],"articleSection":["Politica"],"inLanguage":"es","potentialAction":[{"@type":"CommentAction","name":"Comment","target":["https:\/\/noticiasmercedinas.com\/site\/2019\/03\/28\/bidone-vinculo-a-dalessio-con-la-ministra-bullrich\/#respond"]}]},{"@type":"WebPage","@id":"https:\/\/noticiasmercedinas.com\/site\/2019\/03\/28\/bidone-vinculo-a-dalessio-con-la-ministra-bullrich\/","url":"https:\/\/noticiasmercedinas.com\/site\/2019\/03\/28\/bidone-vinculo-a-dalessio-con-la-ministra-bullrich\/","name":"Bidone vincul\u00f3 a D\u2019Alessio con la ministra Bullrich","isPartOf":{"@id":"https:\/\/noticiasmercedinas.com\/site\/#website"},"primaryImageOfPage":{"@id":"https:\/\/noticiasmercedinas.com\/site\/2019\/03\/28\/bidone-vinculo-a-dalessio-con-la-ministra-bullrich\/#primaryimage"},"image":{"@id":"https:\/\/noticiasmercedinas.com\/site\/2019\/03\/28\/bidone-vinculo-a-dalessio-con-la-ministra-bullrich\/#primaryimage"},"thumbnailUrl":"https:\/\/noticiasmercedinas.com\/site\/wp-content\/uploads\/2019\/03\/bidone_fiscal.jpg","datePublished":"2019-03-28T21:53:43+00:00","breadcrumb":{"@id":"https:\/\/noticiasmercedinas.com\/site\/2019\/03\/28\/bidone-vinculo-a-dalessio-con-la-ministra-bullrich\/#breadcrumb"},"inLanguage":"es","potentialAction":[{"@type":"ReadAction","target":["https:\/\/noticiasmercedinas.com\/site\/2019\/03\/28\/bidone-vinculo-a-dalessio-con-la-ministra-bullrich\/"]}]},{"@type":"ImageObject","inLanguage":"es","@id":"https:\/\/noticiasmercedinas.com\/site\/2019\/03\/28\/bidone-vinculo-a-dalessio-con-la-ministra-bullrich\/#primaryimage","url":"https:\/\/noticiasmercedinas.com\/site\/wp-content\/uploads\/2019\/03\/bidone_fiscal.jpg","contentUrl":"https:\/\/noticiasmercedinas.com\/site\/wp-content\/uploads\/2019\/03\/bidone_fiscal.jpg","width":640,"height":425},{"@type":"BreadcrumbList","@id":"https:\/\/noticiasmercedinas.com\/site\/2019\/03\/28\/bidone-vinculo-a-dalessio-con-la-ministra-bullrich\/#breadcrumb","itemListElement":[{"@type":"ListItem","position":1,"name":"Portada","item":"https:\/\/noticiasmercedinas.com\/site\/"},{"@type":"ListItem","position":2,"name":"Bidone vincul\u00f3 a D\u2019Alessio con la ministra Bullrich"}]},{"@type":"WebSite","@id":"https:\/\/noticiasmercedinas.com\/site\/#website","url":"https:\/\/noticiasmercedinas.com\/site\/","name":"NOTICIASMERCEDINAS.COM","description":"Mercedes, Buenos Aires, Argentina","publisher":{"@id":"https:\/\/noticiasmercedinas.com\/site\/#organization"},"potentialAction":[{"@type":"SearchAction","target":{"@type":"EntryPoint","urlTemplate":"https:\/\/noticiasmercedinas.com\/site\/?s={search_term_string}"},"query-input":{"@type":"PropertyValueSpecification","valueRequired":true,"valueName":"search_term_string"}}],"inLanguage":"es"},{"@type":"Organization","@id":"https:\/\/noticiasmercedinas.com\/site\/#organization","name":"NOTICIASMERCEDINAS.COM","url":"https:\/\/noticiasmercedinas.com\/site\/","logo":{"@type":"ImageObject","inLanguage":"es","@id":"https:\/\/noticiasmercedinas.com\/site\/#\/schema\/logo\/image\/","url":"https:\/\/noticiasmercedinas.com\/site\/wp-content\/uploads\/2020\/06\/LOGO-512.jpg","contentUrl":"https:\/\/noticiasmercedinas.com\/site\/wp-content\/uploads\/2020\/06\/LOGO-512.jpg","width":512,"height":512,"caption":"NOTICIASMERCEDINAS.COM"},"image":{"@id":"https:\/\/noticiasmercedinas.com\/site\/#\/schema\/logo\/image\/"},"sameAs":["https:\/\/www.facebook.com\/noticiasmercedinas\/","https:\/\/x.com\/notmercedinas","https:\/\/www.instagram.com\/noticiasmercedinas\/"]},{"@type":"Person","@id":"https:\/\/noticiasmercedinas.com\/site\/#\/schema\/person\/84b59c099c28ff2e8b77d4ceec5d8063","name":"NOTICIASMERCEDINAS.COM","image":{"@type":"ImageObject","inLanguage":"es","@id":"https:\/\/secure.gravatar.com\/avatar\/4dfbf16b4d17945bfb6341b2d19043457132fcf478a5ee04f42e959fd8f5df0a?s=96&d=mm&r=g","url":"https:\/\/secure.gravatar.com\/avatar\/4dfbf16b4d17945bfb6341b2d19043457132fcf478a5ee04f42e959fd8f5df0a?s=96&d=mm&r=g","contentUrl":"https:\/\/secure.gravatar.com\/avatar\/4dfbf16b4d17945bfb6341b2d19043457132fcf478a5ee04f42e959fd8f5df0a?s=96&d=mm&r=g","caption":"NOTICIASMERCEDINAS.COM"},"url":"https:\/\/noticiasmercedinas.com\/site\/author\/anonimo\/"}]}},"amp_enabled":true,"_links":{"self":[{"href":"https:\/\/noticiasmercedinas.com\/site\/wp-json\/wp\/v2\/posts\/15212","targetHints":{"allow":["GET"]}}],"collection":[{"href":"https:\/\/noticiasmercedinas.com\/site\/wp-json\/wp\/v2\/posts"}],"about":[{"href":"https:\/\/noticiasmercedinas.com\/site\/wp-json\/wp\/v2\/types\/post"}],"author":[{"embeddable":true,"href":"https:\/\/noticiasmercedinas.com\/site\/wp-json\/wp\/v2\/users\/16"}],"replies":[{"embeddable":true,"href":"https:\/\/noticiasmercedinas.com\/site\/wp-json\/wp\/v2\/comments?post=15212"}],"version-history":[{"count":1,"href":"https:\/\/noticiasmercedinas.com\/site\/wp-json\/wp\/v2\/posts\/15212\/revisions"}],"predecessor-version":[{"id":15213,"href":"https:\/\/noticiasmercedinas.com\/site\/wp-json\/wp\/v2\/posts\/15212\/revisions\/15213"}],"wp:featuredmedia":[{"embeddable":true,"href":"https:\/\/noticiasmercedinas.com\/site\/wp-json\/wp\/v2\/media\/13728"}],"wp:attachment":[{"href":"https:\/\/noticiasmercedinas.com\/site\/wp-json\/wp\/v2\/media?parent=15212"}],"wp:term":[{"taxonomy":"category","embeddable":true,"href":"https:\/\/noticiasmercedinas.com\/site\/wp-json\/wp\/v2\/categories?post=15212"},{"taxonomy":"post_tag","embeddable":true,"href":"https:\/\/noticiasmercedinas.com\/site\/wp-json\/wp\/v2\/tags?post=15212"}],"curies":[{"name":"wp","href":"https:\/\/api.w.org\/{rel}","templated":true}]}}