{"id":152253,"date":"2025-01-21T09:12:00","date_gmt":"2025-01-21T12:12:00","guid":{"rendered":"https:\/\/noticiasmercedinas.com\/site\/?p=152253"},"modified":"2025-01-21T09:12:00","modified_gmt":"2025-01-21T12:12:00","slug":"el-instituto-superior-ciudad-de-mercedes-abre-inscripciones-para-el-ciclo-2025","status":"publish","type":"post","link":"https:\/\/noticiasmercedinas.com\/site\/2025\/01\/21\/el-instituto-superior-ciudad-de-mercedes-abre-inscripciones-para-el-ciclo-2025\/","title":{"rendered":"El Instituto Superior Ciudad de Mercedes abre inscripciones para el ciclo 2025"},"content":{"rendered":"<p><img loading=\"lazy\" decoding=\"async\" class=\"alignnone size-full wp-image-53550\" src=\"https:\/\/noticiasmercedinas.com\/site\/wp-content\/uploads\/2020\/09\/iscmportada.jpg\" alt=\"\" width=\"815\" height=\"497\" srcset=\"https:\/\/noticiasmercedinas.com\/site\/wp-content\/uploads\/2020\/09\/iscmportada.jpg 815w, https:\/\/noticiasmercedinas.com\/site\/wp-content\/uploads\/2020\/09\/iscmportada-300x183.jpg 300w, https:\/\/noticiasmercedinas.com\/site\/wp-content\/uploads\/2020\/09\/iscmportada-768x468.jpg 768w, https:\/\/noticiasmercedinas.com\/site\/wp-content\/uploads\/2020\/09\/iscmportada-640x390.jpg 640w, https:\/\/noticiasmercedinas.com\/site\/wp-content\/uploads\/2020\/09\/iscmportada-681x415.jpg 681w\" sizes=\"auto, (max-width: 815px) 100vw, 815px\" \/><\/p>\n<p>El Instituto Superior Ciudad de Mercedes (ISCM), reconocido por su variada oferta educativa en carreras terciarias y profesorados, anunci\u00f3 la apertura de inscripciones para el ciclo lectivo 2025.<\/p>\n<p>Con opciones en \u00e1reas clave de formaci\u00f3n profesional y acad\u00e9mica, el ISCM invita a estudiantes a pensar en su futuro y sumarse a esta comunidad educativa.<\/p>\n<p>Entre las carreras ofrecidas se destacan los profesorados en Ingl\u00e9s y Educaci\u00f3n F\u00edsica, y tecnicaturas superiores en Acompa\u00f1amiento Terap\u00e9utico, Trabajo Social, Psicopedagog\u00eda, Escena del Crimen y Pr\u00e1cticas Deportivas.<\/p>\n<p>Las inscripciones y consultas pueden realizarse de lunes a viernes de 17 a 20:30 horas en las oficinas del instituto. Adem\u00e1s, los interesados pueden comunicarse a trav\u00e9s del tel\u00e9fono (02324) 421211, WhatsApp (+54 9 2324 560128), o visitando el sitio web oficial del ISCM: iscm.edu.ar.<\/p>\n<p>El ISCM, ubicado en Mercedes, provincia de Buenos Aires, se ha consolidado como un espacio de referencia en la formaci\u00f3n de profesionales en la regi\u00f3n. Su propuesta educativa combina excelencia acad\u00e9mica y orientaci\u00f3n pr\u00e1ctica, preparando a sus egresados para los desaf\u00edos del \u00e1mbito laboral.<\/p>\n<p>M\u00e1s informaci\u00f3n en sus redes sociales bajo el hashtag #ISCMMercedes.<\/p>\n","protected":false},"excerpt":{"rendered":"<p>El Instituto Superior Ciudad de Mercedes (ISCM), reconocido por su variada oferta educativa en carreras terciarias y profesorados, anunci\u00f3 la apertura de inscripciones para el ciclo lectivo 2025. Con opciones en \u00e1reas clave de formaci\u00f3n profesional y acad\u00e9mica, el ISCM invita a estudiantes a pensar en su futuro y sumarse a esta comunidad educativa. Entre [&hellip;]<\/p>\n","protected":false},"author":16,"featured_media":53550,"comment_status":"closed","ping_status":"closed","sticky":false,"template":"","format":"standard","meta":{"footnotes":""},"categories":[15755],"tags":[2364,38,1736,7294],"class_list":["post-152253","post","type-post","status-publish","format-standard","has-post-thumbnail","hentry","category-educacion","tag-carreras","tag-educacion","tag-iscm","tag-terciario"],"yoast_head":"<!-- This site is optimized with the Yoast SEO plugin v27.4 - https:\/\/yoast.com\/product\/yoast-seo-wordpress\/ -->\n<title>El Instituto Superior Ciudad de Mercedes abre inscripciones para el ciclo 2025<\/title>\n<meta name=\"robots\" content=\"index, follow, max-snippet:-1, max-image-preview:large, max-video-preview:-1\" \/>\n<link rel=\"canonical\" href=\"https:\/\/noticiasmercedinas.com\/site\/2025\/01\/21\/el-instituto-superior-ciudad-de-mercedes-abre-inscripciones-para-el-ciclo-2025\/\" \/>\n<meta property=\"og:locale\" content=\"es_ES\" \/>\n<meta property=\"og:type\" content=\"article\" \/>\n<meta property=\"og:title\" content=\"El Instituto Superior Ciudad de Mercedes abre inscripciones para el ciclo 2025\" \/>\n<meta property=\"og:description\" content=\"El Instituto Superior Ciudad de Mercedes (ISCM), reconocido por su variada oferta educativa en carreras terciarias y profesorados, anunci\u00f3 la apertura de inscripciones para el ciclo lectivo 2025. Con opciones en \u00e1reas clave de formaci\u00f3n profesional y acad\u00e9mica, el ISCM invita a estudiantes a pensar en su futuro y sumarse a esta comunidad educativa. Entre [&hellip;]\" \/>\n<meta property=\"og:url\" content=\"https:\/\/noticiasmercedinas.com\/site\/2025\/01\/21\/el-instituto-superior-ciudad-de-mercedes-abre-inscripciones-para-el-ciclo-2025\/\" \/>\n<meta property=\"og:site_name\" content=\"NOTICIASMERCEDINAS.COM\" \/>\n<meta property=\"article:publisher\" content=\"https:\/\/www.facebook.com\/noticiasmercedinas\/\" \/>\n<meta property=\"article:published_time\" content=\"2025-01-21T12:12:00+00:00\" \/>\n<meta property=\"og:image\" content=\"https:\/\/noticiasmercedinas.com\/site\/wp-content\/uploads\/2020\/09\/iscmportada.jpg\" \/>\n\t<meta property=\"og:image:width\" content=\"815\" \/>\n\t<meta property=\"og:image:height\" content=\"497\" \/>\n\t<meta property=\"og:image:type\" content=\"image\/jpeg\" \/>\n<meta name=\"author\" content=\"NOTICIASMERCEDINAS.COM\" \/>\n<meta name=\"twitter:card\" content=\"summary_large_image\" \/>\n<meta name=\"twitter:creator\" content=\"@notmercedinas\" \/>\n<meta name=\"twitter:site\" content=\"@notmercedinas\" \/>\n<meta name=\"twitter:label1\" content=\"Escrito por\" \/>\n\t<meta name=\"twitter:data1\" content=\"NOTICIASMERCEDINAS.COM\" \/>\n\t<meta name=\"twitter:label2\" content=\"Tiempo de lectura\" \/>\n\t<meta name=\"twitter:data2\" content=\"1 minuto\" \/>\n<script type=\"application\/ld+json\" class=\"yoast-schema-graph\">{\"@context\":\"https:\\\/\\\/schema.org\",\"@graph\":[{\"@type\":\"Article\",\"@id\":\"https:\\\/\\\/noticiasmercedinas.com\\\/site\\\/2025\\\/01\\\/21\\\/el-instituto-superior-ciudad-de-mercedes-abre-inscripciones-para-el-ciclo-2025\\\/#article\",\"isPartOf\":{\"@id\":\"https:\\\/\\\/noticiasmercedinas.com\\\/site\\\/2025\\\/01\\\/21\\\/el-instituto-superior-ciudad-de-mercedes-abre-inscripciones-para-el-ciclo-2025\\\/\"},\"author\":{\"name\":\"NOTICIASMERCEDINAS.COM\",\"@id\":\"https:\\\/\\\/noticiasmercedinas.com\\\/site\\\/#\\\/schema\\\/person\\\/84b59c099c28ff2e8b77d4ceec5d8063\"},\"headline\":\"El Instituto Superior Ciudad de Mercedes abre inscripciones para el ciclo 2025\",\"datePublished\":\"2025-01-21T12:12:00+00:00\",\"mainEntityOfPage\":{\"@id\":\"https:\\\/\\\/noticiasmercedinas.com\\\/site\\\/2025\\\/01\\\/21\\\/el-instituto-superior-ciudad-de-mercedes-abre-inscripciones-para-el-ciclo-2025\\\/\"},\"wordCount\":205,\"publisher\":{\"@id\":\"https:\\\/\\\/noticiasmercedinas.com\\\/site\\\/#organization\"},\"image\":{\"@id\":\"https:\\\/\\\/noticiasmercedinas.com\\\/site\\\/2025\\\/01\\\/21\\\/el-instituto-superior-ciudad-de-mercedes-abre-inscripciones-para-el-ciclo-2025\\\/#primaryimage\"},\"thumbnailUrl\":\"https:\\\/\\\/noticiasmercedinas.com\\\/site\\\/wp-content\\\/uploads\\\/2020\\\/09\\\/iscmportada.jpg\",\"keywords\":[\"carreras\",\"educacion\",\"iscm\",\"terciario\"],\"articleSection\":[\"Educacion\"],\"inLanguage\":\"es\"},{\"@type\":\"WebPage\",\"@id\":\"https:\\\/\\\/noticiasmercedinas.com\\\/site\\\/2025\\\/01\\\/21\\\/el-instituto-superior-ciudad-de-mercedes-abre-inscripciones-para-el-ciclo-2025\\\/\",\"url\":\"https:\\\/\\\/noticiasmercedinas.com\\\/site\\\/2025\\\/01\\\/21\\\/el-instituto-superior-ciudad-de-mercedes-abre-inscripciones-para-el-ciclo-2025\\\/\",\"name\":\"El Instituto Superior Ciudad de Mercedes abre inscripciones para el ciclo 2025\",\"isPartOf\":{\"@id\":\"https:\\\/\\\/noticiasmercedinas.com\\\/site\\\/#website\"},\"primaryImageOfPage\":{\"@id\":\"https:\\\/\\\/noticiasmercedinas.com\\\/site\\\/2025\\\/01\\\/21\\\/el-instituto-superior-ciudad-de-mercedes-abre-inscripciones-para-el-ciclo-2025\\\/#primaryimage\"},\"image\":{\"@id\":\"https:\\\/\\\/noticiasmercedinas.com\\\/site\\\/2025\\\/01\\\/21\\\/el-instituto-superior-ciudad-de-mercedes-abre-inscripciones-para-el-ciclo-2025\\\/#primaryimage\"},\"thumbnailUrl\":\"https:\\\/\\\/noticiasmercedinas.com\\\/site\\\/wp-content\\\/uploads\\\/2020\\\/09\\\/iscmportada.jpg\",\"datePublished\":\"2025-01-21T12:12:00+00:00\",\"breadcrumb\":{\"@id\":\"https:\\\/\\\/noticiasmercedinas.com\\\/site\\\/2025\\\/01\\\/21\\\/el-instituto-superior-ciudad-de-mercedes-abre-inscripciones-para-el-ciclo-2025\\\/#breadcrumb\"},\"inLanguage\":\"es\",\"potentialAction\":[{\"@type\":\"ReadAction\",\"target\":[\"https:\\\/\\\/noticiasmercedinas.com\\\/site\\\/2025\\\/01\\\/21\\\/el-instituto-superior-ciudad-de-mercedes-abre-inscripciones-para-el-ciclo-2025\\\/\"]}]},{\"@type\":\"ImageObject\",\"inLanguage\":\"es\",\"@id\":\"https:\\\/\\\/noticiasmercedinas.com\\\/site\\\/2025\\\/01\\\/21\\\/el-instituto-superior-ciudad-de-mercedes-abre-inscripciones-para-el-ciclo-2025\\\/#primaryimage\",\"url\":\"https:\\\/\\\/noticiasmercedinas.com\\\/site\\\/wp-content\\\/uploads\\\/2020\\\/09\\\/iscmportada.jpg\",\"contentUrl\":\"https:\\\/\\\/noticiasmercedinas.com\\\/site\\\/wp-content\\\/uploads\\\/2020\\\/09\\\/iscmportada.jpg\",\"width\":815,\"height\":497},{\"@type\":\"BreadcrumbList\",\"@id\":\"https:\\\/\\\/noticiasmercedinas.com\\\/site\\\/2025\\\/01\\\/21\\\/el-instituto-superior-ciudad-de-mercedes-abre-inscripciones-para-el-ciclo-2025\\\/#breadcrumb\",\"itemListElement\":[{\"@type\":\"ListItem\",\"position\":1,\"name\":\"Portada\",\"item\":\"https:\\\/\\\/noticiasmercedinas.com\\\/site\\\/\"},{\"@type\":\"ListItem\",\"position\":2,\"name\":\"El Instituto Superior Ciudad de Mercedes abre inscripciones para el ciclo 2025\"}]},{\"@type\":\"WebSite\",\"@id\":\"https:\\\/\\\/noticiasmercedinas.com\\\/site\\\/#website\",\"url\":\"https:\\\/\\\/noticiasmercedinas.com\\\/site\\\/\",\"name\":\"NOTICIASMERCEDINAS.COM\",\"description\":\"Mercedes, Buenos Aires, Argentina\",\"publisher\":{\"@id\":\"https:\\\/\\\/noticiasmercedinas.com\\\/site\\\/#organization\"},\"potentialAction\":[{\"@type\":\"SearchAction\",\"target\":{\"@type\":\"EntryPoint\",\"urlTemplate\":\"https:\\\/\\\/noticiasmercedinas.com\\\/site\\\/?s={search_term_string}\"},\"query-input\":{\"@type\":\"PropertyValueSpecification\",\"valueRequired\":true,\"valueName\":\"search_term_string\"}}],\"inLanguage\":\"es\"},{\"@type\":\"Organization\",\"@id\":\"https:\\\/\\\/noticiasmercedinas.com\\\/site\\\/#organization\",\"name\":\"NOTICIASMERCEDINAS.COM\",\"url\":\"https:\\\/\\\/noticiasmercedinas.com\\\/site\\\/\",\"logo\":{\"@type\":\"ImageObject\",\"inLanguage\":\"es\",\"@id\":\"https:\\\/\\\/noticiasmercedinas.com\\\/site\\\/#\\\/schema\\\/logo\\\/image\\\/\",\"url\":\"https:\\\/\\\/noticiasmercedinas.com\\\/site\\\/wp-content\\\/uploads\\\/2020\\\/06\\\/LOGO-512.jpg\",\"contentUrl\":\"https:\\\/\\\/noticiasmercedinas.com\\\/site\\\/wp-content\\\/uploads\\\/2020\\\/06\\\/LOGO-512.jpg\",\"width\":512,\"height\":512,\"caption\":\"NOTICIASMERCEDINAS.COM\"},\"image\":{\"@id\":\"https:\\\/\\\/noticiasmercedinas.com\\\/site\\\/#\\\/schema\\\/logo\\\/image\\\/\"},\"sameAs\":[\"https:\\\/\\\/www.facebook.com\\\/noticiasmercedinas\\\/\",\"https:\\\/\\\/x.com\\\/notmercedinas\",\"https:\\\/\\\/www.instagram.com\\\/noticiasmercedinas\\\/\"]},{\"@type\":\"Person\",\"@id\":\"https:\\\/\\\/noticiasmercedinas.com\\\/site\\\/#\\\/schema\\\/person\\\/84b59c099c28ff2e8b77d4ceec5d8063\",\"name\":\"NOTICIASMERCEDINAS.COM\",\"image\":{\"@type\":\"ImageObject\",\"inLanguage\":\"es\",\"@id\":\"https:\\\/\\\/secure.gravatar.com\\\/avatar\\\/4dfbf16b4d17945bfb6341b2d19043457132fcf478a5ee04f42e959fd8f5df0a?s=96&d=mm&r=g\",\"url\":\"https:\\\/\\\/secure.gravatar.com\\\/avatar\\\/4dfbf16b4d17945bfb6341b2d19043457132fcf478a5ee04f42e959fd8f5df0a?s=96&d=mm&r=g\",\"contentUrl\":\"https:\\\/\\\/secure.gravatar.com\\\/avatar\\\/4dfbf16b4d17945bfb6341b2d19043457132fcf478a5ee04f42e959fd8f5df0a?s=96&d=mm&r=g\",\"caption\":\"NOTICIASMERCEDINAS.COM\"},\"url\":\"https:\\\/\\\/noticiasmercedinas.com\\\/site\\\/author\\\/anonimo\\\/\"}]}<\/script>\n<!-- \/ Yoast SEO plugin. -->","yoast_head_json":{"title":"El Instituto Superior Ciudad de Mercedes abre inscripciones para el ciclo 2025","robots":{"index":"index","follow":"follow","max-snippet":"max-snippet:-1","max-image-preview":"max-image-preview:large","max-video-preview":"max-video-preview:-1"},"canonical":"https:\/\/noticiasmercedinas.com\/site\/2025\/01\/21\/el-instituto-superior-ciudad-de-mercedes-abre-inscripciones-para-el-ciclo-2025\/","og_locale":"es_ES","og_type":"article","og_title":"El Instituto Superior Ciudad de Mercedes abre inscripciones para el ciclo 2025","og_description":"El Instituto Superior Ciudad de Mercedes (ISCM), reconocido por su variada oferta educativa en carreras terciarias y profesorados, anunci\u00f3 la apertura de inscripciones para el ciclo lectivo 2025. Con opciones en \u00e1reas clave de formaci\u00f3n profesional y acad\u00e9mica, el ISCM invita a estudiantes a pensar en su futuro y sumarse a esta comunidad educativa. Entre [&hellip;]","og_url":"https:\/\/noticiasmercedinas.com\/site\/2025\/01\/21\/el-instituto-superior-ciudad-de-mercedes-abre-inscripciones-para-el-ciclo-2025\/","og_site_name":"NOTICIASMERCEDINAS.COM","article_publisher":"https:\/\/www.facebook.com\/noticiasmercedinas\/","article_published_time":"2025-01-21T12:12:00+00:00","og_image":[{"width":815,"height":497,"url":"https:\/\/noticiasmercedinas.com\/site\/wp-content\/uploads\/2020\/09\/iscmportada.jpg","type":"image\/jpeg"}],"author":"NOTICIASMERCEDINAS.COM","twitter_card":"summary_large_image","twitter_creator":"@notmercedinas","twitter_site":"@notmercedinas","twitter_misc":{"Escrito por":"NOTICIASMERCEDINAS.COM","Tiempo de lectura":"1 minuto"},"schema":{"@context":"https:\/\/schema.org","@graph":[{"@type":"Article","@id":"https:\/\/noticiasmercedinas.com\/site\/2025\/01\/21\/el-instituto-superior-ciudad-de-mercedes-abre-inscripciones-para-el-ciclo-2025\/#article","isPartOf":{"@id":"https:\/\/noticiasmercedinas.com\/site\/2025\/01\/21\/el-instituto-superior-ciudad-de-mercedes-abre-inscripciones-para-el-ciclo-2025\/"},"author":{"name":"NOTICIASMERCEDINAS.COM","@id":"https:\/\/noticiasmercedinas.com\/site\/#\/schema\/person\/84b59c099c28ff2e8b77d4ceec5d8063"},"headline":"El Instituto Superior Ciudad de Mercedes abre inscripciones para el ciclo 2025","datePublished":"2025-01-21T12:12:00+00:00","mainEntityOfPage":{"@id":"https:\/\/noticiasmercedinas.com\/site\/2025\/01\/21\/el-instituto-superior-ciudad-de-mercedes-abre-inscripciones-para-el-ciclo-2025\/"},"wordCount":205,"publisher":{"@id":"https:\/\/noticiasmercedinas.com\/site\/#organization"},"image":{"@id":"https:\/\/noticiasmercedinas.com\/site\/2025\/01\/21\/el-instituto-superior-ciudad-de-mercedes-abre-inscripciones-para-el-ciclo-2025\/#primaryimage"},"thumbnailUrl":"https:\/\/noticiasmercedinas.com\/site\/wp-content\/uploads\/2020\/09\/iscmportada.jpg","keywords":["carreras","educacion","iscm","terciario"],"articleSection":["Educacion"],"inLanguage":"es"},{"@type":"WebPage","@id":"https:\/\/noticiasmercedinas.com\/site\/2025\/01\/21\/el-instituto-superior-ciudad-de-mercedes-abre-inscripciones-para-el-ciclo-2025\/","url":"https:\/\/noticiasmercedinas.com\/site\/2025\/01\/21\/el-instituto-superior-ciudad-de-mercedes-abre-inscripciones-para-el-ciclo-2025\/","name":"El Instituto Superior Ciudad de Mercedes abre inscripciones para el ciclo 2025","isPartOf":{"@id":"https:\/\/noticiasmercedinas.com\/site\/#website"},"primaryImageOfPage":{"@id":"https:\/\/noticiasmercedinas.com\/site\/2025\/01\/21\/el-instituto-superior-ciudad-de-mercedes-abre-inscripciones-para-el-ciclo-2025\/#primaryimage"},"image":{"@id":"https:\/\/noticiasmercedinas.com\/site\/2025\/01\/21\/el-instituto-superior-ciudad-de-mercedes-abre-inscripciones-para-el-ciclo-2025\/#primaryimage"},"thumbnailUrl":"https:\/\/noticiasmercedinas.com\/site\/wp-content\/uploads\/2020\/09\/iscmportada.jpg","datePublished":"2025-01-21T12:12:00+00:00","breadcrumb":{"@id":"https:\/\/noticiasmercedinas.com\/site\/2025\/01\/21\/el-instituto-superior-ciudad-de-mercedes-abre-inscripciones-para-el-ciclo-2025\/#breadcrumb"},"inLanguage":"es","potentialAction":[{"@type":"ReadAction","target":["https:\/\/noticiasmercedinas.com\/site\/2025\/01\/21\/el-instituto-superior-ciudad-de-mercedes-abre-inscripciones-para-el-ciclo-2025\/"]}]},{"@type":"ImageObject","inLanguage":"es","@id":"https:\/\/noticiasmercedinas.com\/site\/2025\/01\/21\/el-instituto-superior-ciudad-de-mercedes-abre-inscripciones-para-el-ciclo-2025\/#primaryimage","url":"https:\/\/noticiasmercedinas.com\/site\/wp-content\/uploads\/2020\/09\/iscmportada.jpg","contentUrl":"https:\/\/noticiasmercedinas.com\/site\/wp-content\/uploads\/2020\/09\/iscmportada.jpg","width":815,"height":497},{"@type":"BreadcrumbList","@id":"https:\/\/noticiasmercedinas.com\/site\/2025\/01\/21\/el-instituto-superior-ciudad-de-mercedes-abre-inscripciones-para-el-ciclo-2025\/#breadcrumb","itemListElement":[{"@type":"ListItem","position":1,"name":"Portada","item":"https:\/\/noticiasmercedinas.com\/site\/"},{"@type":"ListItem","position":2,"name":"El Instituto Superior Ciudad de Mercedes abre inscripciones para el ciclo 2025"}]},{"@type":"WebSite","@id":"https:\/\/noticiasmercedinas.com\/site\/#website","url":"https:\/\/noticiasmercedinas.com\/site\/","name":"NOTICIASMERCEDINAS.COM","description":"Mercedes, Buenos Aires, Argentina","publisher":{"@id":"https:\/\/noticiasmercedinas.com\/site\/#organization"},"potentialAction":[{"@type":"SearchAction","target":{"@type":"EntryPoint","urlTemplate":"https:\/\/noticiasmercedinas.com\/site\/?s={search_term_string}"},"query-input":{"@type":"PropertyValueSpecification","valueRequired":true,"valueName":"search_term_string"}}],"inLanguage":"es"},{"@type":"Organization","@id":"https:\/\/noticiasmercedinas.com\/site\/#organization","name":"NOTICIASMERCEDINAS.COM","url":"https:\/\/noticiasmercedinas.com\/site\/","logo":{"@type":"ImageObject","inLanguage":"es","@id":"https:\/\/noticiasmercedinas.com\/site\/#\/schema\/logo\/image\/","url":"https:\/\/noticiasmercedinas.com\/site\/wp-content\/uploads\/2020\/06\/LOGO-512.jpg","contentUrl":"https:\/\/noticiasmercedinas.com\/site\/wp-content\/uploads\/2020\/06\/LOGO-512.jpg","width":512,"height":512,"caption":"NOTICIASMERCEDINAS.COM"},"image":{"@id":"https:\/\/noticiasmercedinas.com\/site\/#\/schema\/logo\/image\/"},"sameAs":["https:\/\/www.facebook.com\/noticiasmercedinas\/","https:\/\/x.com\/notmercedinas","https:\/\/www.instagram.com\/noticiasmercedinas\/"]},{"@type":"Person","@id":"https:\/\/noticiasmercedinas.com\/site\/#\/schema\/person\/84b59c099c28ff2e8b77d4ceec5d8063","name":"NOTICIASMERCEDINAS.COM","image":{"@type":"ImageObject","inLanguage":"es","@id":"https:\/\/secure.gravatar.com\/avatar\/4dfbf16b4d17945bfb6341b2d19043457132fcf478a5ee04f42e959fd8f5df0a?s=96&d=mm&r=g","url":"https:\/\/secure.gravatar.com\/avatar\/4dfbf16b4d17945bfb6341b2d19043457132fcf478a5ee04f42e959fd8f5df0a?s=96&d=mm&r=g","contentUrl":"https:\/\/secure.gravatar.com\/avatar\/4dfbf16b4d17945bfb6341b2d19043457132fcf478a5ee04f42e959fd8f5df0a?s=96&d=mm&r=g","caption":"NOTICIASMERCEDINAS.COM"},"url":"https:\/\/noticiasmercedinas.com\/site\/author\/anonimo\/"}]}},"amp_enabled":true,"_links":{"self":[{"href":"https:\/\/noticiasmercedinas.com\/site\/wp-json\/wp\/v2\/posts\/152253","targetHints":{"allow":["GET"]}}],"collection":[{"href":"https:\/\/noticiasmercedinas.com\/site\/wp-json\/wp\/v2\/posts"}],"about":[{"href":"https:\/\/noticiasmercedinas.com\/site\/wp-json\/wp\/v2\/types\/post"}],"author":[{"embeddable":true,"href":"https:\/\/noticiasmercedinas.com\/site\/wp-json\/wp\/v2\/users\/16"}],"replies":[{"embeddable":true,"href":"https:\/\/noticiasmercedinas.com\/site\/wp-json\/wp\/v2\/comments?post=152253"}],"version-history":[{"count":1,"href":"https:\/\/noticiasmercedinas.com\/site\/wp-json\/wp\/v2\/posts\/152253\/revisions"}],"predecessor-version":[{"id":152254,"href":"https:\/\/noticiasmercedinas.com\/site\/wp-json\/wp\/v2\/posts\/152253\/revisions\/152254"}],"wp:featuredmedia":[{"embeddable":true,"href":"https:\/\/noticiasmercedinas.com\/site\/wp-json\/wp\/v2\/media\/53550"}],"wp:attachment":[{"href":"https:\/\/noticiasmercedinas.com\/site\/wp-json\/wp\/v2\/media?parent=152253"}],"wp:term":[{"taxonomy":"category","embeddable":true,"href":"https:\/\/noticiasmercedinas.com\/site\/wp-json\/wp\/v2\/categories?post=152253"},{"taxonomy":"post_tag","embeddable":true,"href":"https:\/\/noticiasmercedinas.com\/site\/wp-json\/wp\/v2\/tags?post=152253"}],"curies":[{"name":"wp","href":"https:\/\/api.w.org\/{rel}","templated":true}]}}