{"id":152375,"date":"2025-01-23T15:47:44","date_gmt":"2025-01-23T18:47:44","guid":{"rendered":"https:\/\/noticiasmercedinas.com\/site\/?p=152375"},"modified":"2025-01-23T15:47:44","modified_gmt":"2025-01-23T18:47:44","slug":"avanza-la-construccion-de-un-anfiteatro-en-el-centro-cultural-la-trocha","status":"publish","type":"post","link":"https:\/\/noticiasmercedinas.com\/site\/2025\/01\/23\/avanza-la-construccion-de-un-anfiteatro-en-el-centro-cultural-la-trocha\/","title":{"rendered":"Avanza la construcci\u00f3n de un anfiteatro en el Centro Cultural La Trocha"},"content":{"rendered":"<p><img loading=\"lazy\" decoding=\"async\" class=\"alignnone size-full wp-image-152377\" src=\"https:\/\/noticiasmercedinas.com\/site\/wp-content\/uploads\/2025\/01\/DSC09370-scaled.jpg\" alt=\"\" width=\"2560\" height=\"1707\" srcset=\"https:\/\/noticiasmercedinas.com\/site\/wp-content\/uploads\/2025\/01\/DSC09370-scaled.jpg 2560w, https:\/\/noticiasmercedinas.com\/site\/wp-content\/uploads\/2025\/01\/DSC09370-300x200.jpg 300w, https:\/\/noticiasmercedinas.com\/site\/wp-content\/uploads\/2025\/01\/DSC09370-1024x683.jpg 1024w, https:\/\/noticiasmercedinas.com\/site\/wp-content\/uploads\/2025\/01\/DSC09370-768x512.jpg 768w, https:\/\/noticiasmercedinas.com\/site\/wp-content\/uploads\/2025\/01\/DSC09370-1536x1024.jpg 1536w, https:\/\/noticiasmercedinas.com\/site\/wp-content\/uploads\/2025\/01\/DSC09370-2048x1365.jpg 2048w, https:\/\/noticiasmercedinas.com\/site\/wp-content\/uploads\/2025\/01\/DSC09370-640x427.jpg 640w, https:\/\/noticiasmercedinas.com\/site\/wp-content\/uploads\/2025\/01\/DSC09370-1280x853.jpg 1280w, https:\/\/noticiasmercedinas.com\/site\/wp-content\/uploads\/2025\/01\/DSC09370-681x454.jpg 681w, https:\/\/noticiasmercedinas.com\/site\/wp-content\/uploads\/2025\/01\/DSC09370-1362x908.jpg 1362w\" sizes=\"auto, (max-width: 2560px) 100vw, 2560px\" \/><\/p>\n<p>El Centro Cultural La Trocha de Mercedes contar\u00e1 pr\u00f3ximamente con un nuevo anfiteatro, una obra que se est\u00e1 llevando adelante con recursos y trabajadores municipales en la esquina de la avenida 29 y calle 42. Actualmente, se est\u00e1 rellenando con hormig\u00f3n la base del escenario y, posteriormente, se avanzar\u00e1 con la construcci\u00f3n de las gradas semicirculares.<\/p>\n<p>Los trabajos est\u00e1n bajo la coordinaci\u00f3n de Carlos Romero, integrante de la subsecretar\u00eda de Servicios P\u00fablicos liderada por Luis Ponce. \u201cTodo lo estamos haciendo con recursos y empleados del municipio, desde arquitectos e ingenieros hasta la mano de obra y el cami\u00f3n hormigonero\u201d, explic\u00f3 Romero, quien destac\u00f3 la capacitaci\u00f3n progresiva de los trabajadores municipales para la realizaci\u00f3n de obras.<\/p>\n<p>Romero tambi\u00e9n se\u00f1al\u00f3 la colaboraci\u00f3n de un vecino que, al viajar a San Antonio de Areco, inform\u00f3 sobre un proyecto similar en esa localidad, lo que permiti\u00f3 al equipo municipal perfeccionar algunos aspectos del dise\u00f1o del anfiteatro local. \u201cM\u00e1s all\u00e1 de que la base de ellos es diferente porque est\u00e1 cerca del r\u00edo, esta experiencia fue enriquecedora\u201d, coment\u00f3.<\/p>\n<p>El intendente Juan Ignacio Ustarroz elogi\u00f3 el compromiso de los trabajadores municipales y record\u00f3 que en el pasado se hab\u00eda intentado licitar la construcci\u00f3n del anfiteatro, pero los costos superaban las estimaciones t\u00e9cnicas. \u201cAhora, gracias a la capacitaci\u00f3n y vocaci\u00f3n de nuestros empleados, estamos encarando esta obra de manera \u00edntegra desde el municipio, lo que refleja el compromiso y la unidad de nuestra comunidad\u201d, afirm\u00f3.<\/p>\n<p>Ustarroz tambi\u00e9n subray\u00f3 que este anfiteatro permitir\u00e1 revitalizar un sector del predio que hasta ahora estaba poco aprovechado. \u201cQueremos darle vida plena a todo el complejo de La Trocha, potenciando su belleza y su funci\u00f3n cultural\u201d, expres\u00f3. Adem\u00e1s, adelant\u00f3 que un grupo de tango local ya se ofreci\u00f3 para realizar la inauguraci\u00f3n oficial del espacio.<\/p>\n<p>El intendente destac\u00f3 la importancia de la participaci\u00f3n comunitaria y el aprendizaje conjunto con otros municipios. \u201cEn estos tiempos complejos, seguimos apostando a la cultura y al crecimiento con visi\u00f3n de futuro\u201d, concluy\u00f3.<\/p>\n","protected":false},"excerpt":{"rendered":"<p>Se lleva adelante con trabajadores municipales. Se utiliza el espacio que ocupaban los viejos talleres ferroviarios y donde queda una vistosa pared en pie<\/p>\n","protected":false},"author":16,"featured_media":152377,"comment_status":"closed","ping_status":"closed","sticky":false,"template":"","format":"standard","meta":{"footnotes":""},"categories":[4],"tags":[15989,2510],"class_list":["post-152375","post","type-post","status-publish","format-standard","has-post-thumbnail","hentry","category-cultura","tag-anfiteatro","tag-centro-cultural-la-trocha"],"yoast_head":"<!-- This site is optimized with the Yoast SEO plugin v27.4 - https:\/\/yoast.com\/product\/yoast-seo-wordpress\/ -->\n<title>Avanza la construcci\u00f3n de un anfiteatro en el Centro Cultural La Trocha<\/title>\n<meta name=\"robots\" content=\"index, follow, max-snippet:-1, max-image-preview:large, max-video-preview:-1\" \/>\n<link rel=\"canonical\" href=\"https:\/\/noticiasmercedinas.com\/site\/2025\/01\/23\/avanza-la-construccion-de-un-anfiteatro-en-el-centro-cultural-la-trocha\/\" \/>\n<meta property=\"og:locale\" content=\"es_ES\" \/>\n<meta property=\"og:type\" content=\"article\" \/>\n<meta property=\"og:title\" content=\"Avanza la construcci\u00f3n de un anfiteatro en el Centro Cultural La Trocha\" \/>\n<meta property=\"og:description\" content=\"Se lleva adelante con trabajadores municipales. Se utiliza el espacio que ocupaban los viejos talleres ferroviarios y donde queda una vistosa pared en pie\" \/>\n<meta property=\"og:url\" content=\"https:\/\/noticiasmercedinas.com\/site\/2025\/01\/23\/avanza-la-construccion-de-un-anfiteatro-en-el-centro-cultural-la-trocha\/\" \/>\n<meta property=\"og:site_name\" content=\"NOTICIASMERCEDINAS.COM\" \/>\n<meta property=\"article:publisher\" content=\"https:\/\/www.facebook.com\/noticiasmercedinas\/\" \/>\n<meta property=\"article:published_time\" content=\"2025-01-23T18:47:44+00:00\" \/>\n<meta property=\"og:image\" content=\"https:\/\/noticiasmercedinas.com\/site\/wp-content\/uploads\/2025\/01\/DSC09370-scaled.jpg\" \/>\n\t<meta property=\"og:image:width\" content=\"2560\" \/>\n\t<meta property=\"og:image:height\" content=\"1707\" \/>\n\t<meta property=\"og:image:type\" content=\"image\/jpeg\" \/>\n<meta name=\"author\" content=\"NOTICIASMERCEDINAS.COM\" \/>\n<meta name=\"twitter:card\" content=\"summary_large_image\" \/>\n<meta name=\"twitter:creator\" content=\"@notmercedinas\" \/>\n<meta name=\"twitter:site\" content=\"@notmercedinas\" \/>\n<meta name=\"twitter:label1\" content=\"Escrito por\" \/>\n\t<meta name=\"twitter:data1\" content=\"NOTICIASMERCEDINAS.COM\" \/>\n\t<meta name=\"twitter:label2\" content=\"Tiempo de lectura\" \/>\n\t<meta name=\"twitter:data2\" content=\"2 minutos\" \/>\n<script type=\"application\/ld+json\" class=\"yoast-schema-graph\">{\"@context\":\"https:\\\/\\\/schema.org\",\"@graph\":[{\"@type\":\"Article\",\"@id\":\"https:\\\/\\\/noticiasmercedinas.com\\\/site\\\/2025\\\/01\\\/23\\\/avanza-la-construccion-de-un-anfiteatro-en-el-centro-cultural-la-trocha\\\/#article\",\"isPartOf\":{\"@id\":\"https:\\\/\\\/noticiasmercedinas.com\\\/site\\\/2025\\\/01\\\/23\\\/avanza-la-construccion-de-un-anfiteatro-en-el-centro-cultural-la-trocha\\\/\"},\"author\":{\"name\":\"NOTICIASMERCEDINAS.COM\",\"@id\":\"https:\\\/\\\/noticiasmercedinas.com\\\/site\\\/#\\\/schema\\\/person\\\/84b59c099c28ff2e8b77d4ceec5d8063\"},\"headline\":\"Avanza la construcci\u00f3n de un anfiteatro en el Centro Cultural La Trocha\",\"datePublished\":\"2025-01-23T18:47:44+00:00\",\"mainEntityOfPage\":{\"@id\":\"https:\\\/\\\/noticiasmercedinas.com\\\/site\\\/2025\\\/01\\\/23\\\/avanza-la-construccion-de-un-anfiteatro-en-el-centro-cultural-la-trocha\\\/\"},\"wordCount\":364,\"publisher\":{\"@id\":\"https:\\\/\\\/noticiasmercedinas.com\\\/site\\\/#organization\"},\"image\":{\"@id\":\"https:\\\/\\\/noticiasmercedinas.com\\\/site\\\/2025\\\/01\\\/23\\\/avanza-la-construccion-de-un-anfiteatro-en-el-centro-cultural-la-trocha\\\/#primaryimage\"},\"thumbnailUrl\":\"https:\\\/\\\/noticiasmercedinas.com\\\/site\\\/wp-content\\\/uploads\\\/2025\\\/01\\\/DSC09370-scaled.jpg\",\"keywords\":[\"Anfiteatro\",\"centro cultural la trocha\"],\"articleSection\":[\"Cultura\"],\"inLanguage\":\"es\"},{\"@type\":\"WebPage\",\"@id\":\"https:\\\/\\\/noticiasmercedinas.com\\\/site\\\/2025\\\/01\\\/23\\\/avanza-la-construccion-de-un-anfiteatro-en-el-centro-cultural-la-trocha\\\/\",\"url\":\"https:\\\/\\\/noticiasmercedinas.com\\\/site\\\/2025\\\/01\\\/23\\\/avanza-la-construccion-de-un-anfiteatro-en-el-centro-cultural-la-trocha\\\/\",\"name\":\"Avanza la construcci\u00f3n de un anfiteatro en el Centro Cultural La Trocha\",\"isPartOf\":{\"@id\":\"https:\\\/\\\/noticiasmercedinas.com\\\/site\\\/#website\"},\"primaryImageOfPage\":{\"@id\":\"https:\\\/\\\/noticiasmercedinas.com\\\/site\\\/2025\\\/01\\\/23\\\/avanza-la-construccion-de-un-anfiteatro-en-el-centro-cultural-la-trocha\\\/#primaryimage\"},\"image\":{\"@id\":\"https:\\\/\\\/noticiasmercedinas.com\\\/site\\\/2025\\\/01\\\/23\\\/avanza-la-construccion-de-un-anfiteatro-en-el-centro-cultural-la-trocha\\\/#primaryimage\"},\"thumbnailUrl\":\"https:\\\/\\\/noticiasmercedinas.com\\\/site\\\/wp-content\\\/uploads\\\/2025\\\/01\\\/DSC09370-scaled.jpg\",\"datePublished\":\"2025-01-23T18:47:44+00:00\",\"breadcrumb\":{\"@id\":\"https:\\\/\\\/noticiasmercedinas.com\\\/site\\\/2025\\\/01\\\/23\\\/avanza-la-construccion-de-un-anfiteatro-en-el-centro-cultural-la-trocha\\\/#breadcrumb\"},\"inLanguage\":\"es\",\"potentialAction\":[{\"@type\":\"ReadAction\",\"target\":[\"https:\\\/\\\/noticiasmercedinas.com\\\/site\\\/2025\\\/01\\\/23\\\/avanza-la-construccion-de-un-anfiteatro-en-el-centro-cultural-la-trocha\\\/\"]}]},{\"@type\":\"ImageObject\",\"inLanguage\":\"es\",\"@id\":\"https:\\\/\\\/noticiasmercedinas.com\\\/site\\\/2025\\\/01\\\/23\\\/avanza-la-construccion-de-un-anfiteatro-en-el-centro-cultural-la-trocha\\\/#primaryimage\",\"url\":\"https:\\\/\\\/noticiasmercedinas.com\\\/site\\\/wp-content\\\/uploads\\\/2025\\\/01\\\/DSC09370-scaled.jpg\",\"contentUrl\":\"https:\\\/\\\/noticiasmercedinas.com\\\/site\\\/wp-content\\\/uploads\\\/2025\\\/01\\\/DSC09370-scaled.jpg\",\"width\":2560,\"height\":1707},{\"@type\":\"BreadcrumbList\",\"@id\":\"https:\\\/\\\/noticiasmercedinas.com\\\/site\\\/2025\\\/01\\\/23\\\/avanza-la-construccion-de-un-anfiteatro-en-el-centro-cultural-la-trocha\\\/#breadcrumb\",\"itemListElement\":[{\"@type\":\"ListItem\",\"position\":1,\"name\":\"Portada\",\"item\":\"https:\\\/\\\/noticiasmercedinas.com\\\/site\\\/\"},{\"@type\":\"ListItem\",\"position\":2,\"name\":\"Avanza la construcci\u00f3n de un anfiteatro en el Centro Cultural La Trocha\"}]},{\"@type\":\"WebSite\",\"@id\":\"https:\\\/\\\/noticiasmercedinas.com\\\/site\\\/#website\",\"url\":\"https:\\\/\\\/noticiasmercedinas.com\\\/site\\\/\",\"name\":\"NOTICIASMERCEDINAS.COM\",\"description\":\"Mercedes, Buenos Aires, Argentina\",\"publisher\":{\"@id\":\"https:\\\/\\\/noticiasmercedinas.com\\\/site\\\/#organization\"},\"potentialAction\":[{\"@type\":\"SearchAction\",\"target\":{\"@type\":\"EntryPoint\",\"urlTemplate\":\"https:\\\/\\\/noticiasmercedinas.com\\\/site\\\/?s={search_term_string}\"},\"query-input\":{\"@type\":\"PropertyValueSpecification\",\"valueRequired\":true,\"valueName\":\"search_term_string\"}}],\"inLanguage\":\"es\"},{\"@type\":\"Organization\",\"@id\":\"https:\\\/\\\/noticiasmercedinas.com\\\/site\\\/#organization\",\"name\":\"NOTICIASMERCEDINAS.COM\",\"url\":\"https:\\\/\\\/noticiasmercedinas.com\\\/site\\\/\",\"logo\":{\"@type\":\"ImageObject\",\"inLanguage\":\"es\",\"@id\":\"https:\\\/\\\/noticiasmercedinas.com\\\/site\\\/#\\\/schema\\\/logo\\\/image\\\/\",\"url\":\"https:\\\/\\\/noticiasmercedinas.com\\\/site\\\/wp-content\\\/uploads\\\/2020\\\/06\\\/LOGO-512.jpg\",\"contentUrl\":\"https:\\\/\\\/noticiasmercedinas.com\\\/site\\\/wp-content\\\/uploads\\\/2020\\\/06\\\/LOGO-512.jpg\",\"width\":512,\"height\":512,\"caption\":\"NOTICIASMERCEDINAS.COM\"},\"image\":{\"@id\":\"https:\\\/\\\/noticiasmercedinas.com\\\/site\\\/#\\\/schema\\\/logo\\\/image\\\/\"},\"sameAs\":[\"https:\\\/\\\/www.facebook.com\\\/noticiasmercedinas\\\/\",\"https:\\\/\\\/x.com\\\/notmercedinas\",\"https:\\\/\\\/www.instagram.com\\\/noticiasmercedinas\\\/\"]},{\"@type\":\"Person\",\"@id\":\"https:\\\/\\\/noticiasmercedinas.com\\\/site\\\/#\\\/schema\\\/person\\\/84b59c099c28ff2e8b77d4ceec5d8063\",\"name\":\"NOTICIASMERCEDINAS.COM\",\"image\":{\"@type\":\"ImageObject\",\"inLanguage\":\"es\",\"@id\":\"https:\\\/\\\/secure.gravatar.com\\\/avatar\\\/4dfbf16b4d17945bfb6341b2d19043457132fcf478a5ee04f42e959fd8f5df0a?s=96&d=mm&r=g\",\"url\":\"https:\\\/\\\/secure.gravatar.com\\\/avatar\\\/4dfbf16b4d17945bfb6341b2d19043457132fcf478a5ee04f42e959fd8f5df0a?s=96&d=mm&r=g\",\"contentUrl\":\"https:\\\/\\\/secure.gravatar.com\\\/avatar\\\/4dfbf16b4d17945bfb6341b2d19043457132fcf478a5ee04f42e959fd8f5df0a?s=96&d=mm&r=g\",\"caption\":\"NOTICIASMERCEDINAS.COM\"},\"url\":\"https:\\\/\\\/noticiasmercedinas.com\\\/site\\\/author\\\/anonimo\\\/\"}]}<\/script>\n<!-- \/ Yoast SEO plugin. -->","yoast_head_json":{"title":"Avanza la construcci\u00f3n de un anfiteatro en el Centro Cultural La Trocha","robots":{"index":"index","follow":"follow","max-snippet":"max-snippet:-1","max-image-preview":"max-image-preview:large","max-video-preview":"max-video-preview:-1"},"canonical":"https:\/\/noticiasmercedinas.com\/site\/2025\/01\/23\/avanza-la-construccion-de-un-anfiteatro-en-el-centro-cultural-la-trocha\/","og_locale":"es_ES","og_type":"article","og_title":"Avanza la construcci\u00f3n de un anfiteatro en el Centro Cultural La Trocha","og_description":"Se lleva adelante con trabajadores municipales. Se utiliza el espacio que ocupaban los viejos talleres ferroviarios y donde queda una vistosa pared en pie","og_url":"https:\/\/noticiasmercedinas.com\/site\/2025\/01\/23\/avanza-la-construccion-de-un-anfiteatro-en-el-centro-cultural-la-trocha\/","og_site_name":"NOTICIASMERCEDINAS.COM","article_publisher":"https:\/\/www.facebook.com\/noticiasmercedinas\/","article_published_time":"2025-01-23T18:47:44+00:00","og_image":[{"width":2560,"height":1707,"url":"https:\/\/noticiasmercedinas.com\/site\/wp-content\/uploads\/2025\/01\/DSC09370-scaled.jpg","type":"image\/jpeg"}],"author":"NOTICIASMERCEDINAS.COM","twitter_card":"summary_large_image","twitter_creator":"@notmercedinas","twitter_site":"@notmercedinas","twitter_misc":{"Escrito por":"NOTICIASMERCEDINAS.COM","Tiempo de lectura":"2 minutos"},"schema":{"@context":"https:\/\/schema.org","@graph":[{"@type":"Article","@id":"https:\/\/noticiasmercedinas.com\/site\/2025\/01\/23\/avanza-la-construccion-de-un-anfiteatro-en-el-centro-cultural-la-trocha\/#article","isPartOf":{"@id":"https:\/\/noticiasmercedinas.com\/site\/2025\/01\/23\/avanza-la-construccion-de-un-anfiteatro-en-el-centro-cultural-la-trocha\/"},"author":{"name":"NOTICIASMERCEDINAS.COM","@id":"https:\/\/noticiasmercedinas.com\/site\/#\/schema\/person\/84b59c099c28ff2e8b77d4ceec5d8063"},"headline":"Avanza la construcci\u00f3n de un anfiteatro en el Centro Cultural La Trocha","datePublished":"2025-01-23T18:47:44+00:00","mainEntityOfPage":{"@id":"https:\/\/noticiasmercedinas.com\/site\/2025\/01\/23\/avanza-la-construccion-de-un-anfiteatro-en-el-centro-cultural-la-trocha\/"},"wordCount":364,"publisher":{"@id":"https:\/\/noticiasmercedinas.com\/site\/#organization"},"image":{"@id":"https:\/\/noticiasmercedinas.com\/site\/2025\/01\/23\/avanza-la-construccion-de-un-anfiteatro-en-el-centro-cultural-la-trocha\/#primaryimage"},"thumbnailUrl":"https:\/\/noticiasmercedinas.com\/site\/wp-content\/uploads\/2025\/01\/DSC09370-scaled.jpg","keywords":["Anfiteatro","centro cultural la trocha"],"articleSection":["Cultura"],"inLanguage":"es"},{"@type":"WebPage","@id":"https:\/\/noticiasmercedinas.com\/site\/2025\/01\/23\/avanza-la-construccion-de-un-anfiteatro-en-el-centro-cultural-la-trocha\/","url":"https:\/\/noticiasmercedinas.com\/site\/2025\/01\/23\/avanza-la-construccion-de-un-anfiteatro-en-el-centro-cultural-la-trocha\/","name":"Avanza la construcci\u00f3n de un anfiteatro en el Centro Cultural La Trocha","isPartOf":{"@id":"https:\/\/noticiasmercedinas.com\/site\/#website"},"primaryImageOfPage":{"@id":"https:\/\/noticiasmercedinas.com\/site\/2025\/01\/23\/avanza-la-construccion-de-un-anfiteatro-en-el-centro-cultural-la-trocha\/#primaryimage"},"image":{"@id":"https:\/\/noticiasmercedinas.com\/site\/2025\/01\/23\/avanza-la-construccion-de-un-anfiteatro-en-el-centro-cultural-la-trocha\/#primaryimage"},"thumbnailUrl":"https:\/\/noticiasmercedinas.com\/site\/wp-content\/uploads\/2025\/01\/DSC09370-scaled.jpg","datePublished":"2025-01-23T18:47:44+00:00","breadcrumb":{"@id":"https:\/\/noticiasmercedinas.com\/site\/2025\/01\/23\/avanza-la-construccion-de-un-anfiteatro-en-el-centro-cultural-la-trocha\/#breadcrumb"},"inLanguage":"es","potentialAction":[{"@type":"ReadAction","target":["https:\/\/noticiasmercedinas.com\/site\/2025\/01\/23\/avanza-la-construccion-de-un-anfiteatro-en-el-centro-cultural-la-trocha\/"]}]},{"@type":"ImageObject","inLanguage":"es","@id":"https:\/\/noticiasmercedinas.com\/site\/2025\/01\/23\/avanza-la-construccion-de-un-anfiteatro-en-el-centro-cultural-la-trocha\/#primaryimage","url":"https:\/\/noticiasmercedinas.com\/site\/wp-content\/uploads\/2025\/01\/DSC09370-scaled.jpg","contentUrl":"https:\/\/noticiasmercedinas.com\/site\/wp-content\/uploads\/2025\/01\/DSC09370-scaled.jpg","width":2560,"height":1707},{"@type":"BreadcrumbList","@id":"https:\/\/noticiasmercedinas.com\/site\/2025\/01\/23\/avanza-la-construccion-de-un-anfiteatro-en-el-centro-cultural-la-trocha\/#breadcrumb","itemListElement":[{"@type":"ListItem","position":1,"name":"Portada","item":"https:\/\/noticiasmercedinas.com\/site\/"},{"@type":"ListItem","position":2,"name":"Avanza la construcci\u00f3n de un anfiteatro en el Centro Cultural La Trocha"}]},{"@type":"WebSite","@id":"https:\/\/noticiasmercedinas.com\/site\/#website","url":"https:\/\/noticiasmercedinas.com\/site\/","name":"NOTICIASMERCEDINAS.COM","description":"Mercedes, Buenos Aires, Argentina","publisher":{"@id":"https:\/\/noticiasmercedinas.com\/site\/#organization"},"potentialAction":[{"@type":"SearchAction","target":{"@type":"EntryPoint","urlTemplate":"https:\/\/noticiasmercedinas.com\/site\/?s={search_term_string}"},"query-input":{"@type":"PropertyValueSpecification","valueRequired":true,"valueName":"search_term_string"}}],"inLanguage":"es"},{"@type":"Organization","@id":"https:\/\/noticiasmercedinas.com\/site\/#organization","name":"NOTICIASMERCEDINAS.COM","url":"https:\/\/noticiasmercedinas.com\/site\/","logo":{"@type":"ImageObject","inLanguage":"es","@id":"https:\/\/noticiasmercedinas.com\/site\/#\/schema\/logo\/image\/","url":"https:\/\/noticiasmercedinas.com\/site\/wp-content\/uploads\/2020\/06\/LOGO-512.jpg","contentUrl":"https:\/\/noticiasmercedinas.com\/site\/wp-content\/uploads\/2020\/06\/LOGO-512.jpg","width":512,"height":512,"caption":"NOTICIASMERCEDINAS.COM"},"image":{"@id":"https:\/\/noticiasmercedinas.com\/site\/#\/schema\/logo\/image\/"},"sameAs":["https:\/\/www.facebook.com\/noticiasmercedinas\/","https:\/\/x.com\/notmercedinas","https:\/\/www.instagram.com\/noticiasmercedinas\/"]},{"@type":"Person","@id":"https:\/\/noticiasmercedinas.com\/site\/#\/schema\/person\/84b59c099c28ff2e8b77d4ceec5d8063","name":"NOTICIASMERCEDINAS.COM","image":{"@type":"ImageObject","inLanguage":"es","@id":"https:\/\/secure.gravatar.com\/avatar\/4dfbf16b4d17945bfb6341b2d19043457132fcf478a5ee04f42e959fd8f5df0a?s=96&d=mm&r=g","url":"https:\/\/secure.gravatar.com\/avatar\/4dfbf16b4d17945bfb6341b2d19043457132fcf478a5ee04f42e959fd8f5df0a?s=96&d=mm&r=g","contentUrl":"https:\/\/secure.gravatar.com\/avatar\/4dfbf16b4d17945bfb6341b2d19043457132fcf478a5ee04f42e959fd8f5df0a?s=96&d=mm&r=g","caption":"NOTICIASMERCEDINAS.COM"},"url":"https:\/\/noticiasmercedinas.com\/site\/author\/anonimo\/"}]}},"amp_enabled":true,"_links":{"self":[{"href":"https:\/\/noticiasmercedinas.com\/site\/wp-json\/wp\/v2\/posts\/152375","targetHints":{"allow":["GET"]}}],"collection":[{"href":"https:\/\/noticiasmercedinas.com\/site\/wp-json\/wp\/v2\/posts"}],"about":[{"href":"https:\/\/noticiasmercedinas.com\/site\/wp-json\/wp\/v2\/types\/post"}],"author":[{"embeddable":true,"href":"https:\/\/noticiasmercedinas.com\/site\/wp-json\/wp\/v2\/users\/16"}],"replies":[{"embeddable":true,"href":"https:\/\/noticiasmercedinas.com\/site\/wp-json\/wp\/v2\/comments?post=152375"}],"version-history":[{"count":1,"href":"https:\/\/noticiasmercedinas.com\/site\/wp-json\/wp\/v2\/posts\/152375\/revisions"}],"predecessor-version":[{"id":152378,"href":"https:\/\/noticiasmercedinas.com\/site\/wp-json\/wp\/v2\/posts\/152375\/revisions\/152378"}],"wp:featuredmedia":[{"embeddable":true,"href":"https:\/\/noticiasmercedinas.com\/site\/wp-json\/wp\/v2\/media\/152377"}],"wp:attachment":[{"href":"https:\/\/noticiasmercedinas.com\/site\/wp-json\/wp\/v2\/media?parent=152375"}],"wp:term":[{"taxonomy":"category","embeddable":true,"href":"https:\/\/noticiasmercedinas.com\/site\/wp-json\/wp\/v2\/categories?post=152375"},{"taxonomy":"post_tag","embeddable":true,"href":"https:\/\/noticiasmercedinas.com\/site\/wp-json\/wp\/v2\/tags?post=152375"}],"curies":[{"name":"wp","href":"https:\/\/api.w.org\/{rel}","templated":true}]}}