{"id":152399,"date":"2025-01-24T12:23:07","date_gmt":"2025-01-24T15:23:07","guid":{"rendered":"https:\/\/noticiasmercedinas.com\/site\/?p=152399"},"modified":"2025-01-24T12:23:07","modified_gmt":"2025-01-24T15:23:07","slug":"anuncian-ordenaciones-diaconales-y-sacerdotales-en-la-arquidiocesis-de-mercedes-lujan","status":"publish","type":"post","link":"https:\/\/noticiasmercedinas.com\/site\/2025\/01\/24\/anuncian-ordenaciones-diaconales-y-sacerdotales-en-la-arquidiocesis-de-mercedes-lujan\/","title":{"rendered":"Anuncian ordenaciones diaconales y sacerdotales en la Arquidi\u00f3cesis de Mercedes-Luj\u00e1n"},"content":{"rendered":"<p><img loading=\"lazy\" decoding=\"async\" class=\"alignnone size-full wp-image-105972\" src=\"https:\/\/noticiasmercedinas.com\/site\/wp-content\/uploads\/2022\/12\/jorge_eduardo_scheinig.jpg\" alt=\"\" width=\"640\" height=\"389\" srcset=\"https:\/\/noticiasmercedinas.com\/site\/wp-content\/uploads\/2022\/12\/jorge_eduardo_scheinig.jpg 640w, https:\/\/noticiasmercedinas.com\/site\/wp-content\/uploads\/2022\/12\/jorge_eduardo_scheinig-300x182.jpg 300w\" sizes=\"auto, (max-width: 640px) 100vw, 640px\" \/><\/p>\n<p>El pr\u00f3ximo s\u00e1bado 22 de marzo ser\u00e1 un d\u00eda de profunda significaci\u00f3n para la comunidad cat\u00f3lica de la Arquidi\u00f3cesis de Mercedes-Luj\u00e1n, ya que se llevar\u00e1n a cabo importantes ordenaciones diaconales y sacerdotales en el \u00abEstadio Centro\u00bb, ubicado en Belgrano 67, en la ciudad de Chivilcoy.<\/p>\n<p>En la ceremonia, que ser\u00e1 presidida por el arzobispo <strong>Jorge Eduardo Scheinig<\/strong>, recibir\u00e1n el sacramento del Orden Sagrado como sacerdotes <strong>Agust\u00edn B\u00e1ez<\/strong>, <strong>Agust\u00edn Denezio<\/strong> y <strong>Nicol\u00e1s Monti<\/strong>. Asimismo, el seminarista <strong>Manuel Asenzo<\/strong> ser\u00e1 ordenado di\u00e1cono, dando un nuevo paso en su camino hacia el sacerdocio.<\/p>\n<p>La misa comenzar\u00e1 a las 11:00 horas, y al concluir el acto lit\u00fargico se compartir\u00e1 un \u00e1gape entre los presentes, un momento de comuni\u00f3n y celebraci\u00f3n comunitaria.<\/p>\n<p>Desde la arquidi\u00f3cesis expresaron su gratitud por estos nuevos ministerios. \u00abDamos gracias a Jes\u00fas Buen Pastor por la fecundidad del ministerio de cada uno de ellos. Le pedimos a la Sant\u00edsima Virgen Mar\u00eda, en sus advocaciones de Nuestra Se\u00f1ora de las Mercedes y de Luj\u00e1n, por las gracias derramadas en nuestra Iglesia arquidiocesana\u00bb, destacaron en un comunicado oficial.<\/p>\n<p>Las ordenaciones representan un hito significativo en la vida de la Iglesia, ya que refuerzan el compromiso de nuevos ministros con su labor pastoral, evangelizadora y comunitaria. La entrega de estos j\u00f3venes al servicio del pueblo de Dios se da en un contexto de renovaci\u00f3n espiritual en la arquidi\u00f3cesis, que se prepara para celebrar este gran acontecimiento con fe y esperanza.<\/p>\n","protected":false},"excerpt":{"rendered":"<p>\u25a0 Recibir\u00e1n el sacramento del Orden Sagrado como sacerdotes Agust\u00edn B\u00e1ez, Agust\u00edn Denezio y Nicol\u00e1s Monti. Asimismo, el seminarista Manuel Asenzo ser\u00e1 ordenado di\u00e1cono<\/p>\n","protected":false},"author":16,"featured_media":105972,"comment_status":"closed","ping_status":"closed","sticky":false,"template":"","format":"standard","meta":{"footnotes":""},"categories":[3],"tags":[19530,19531,11318,6541,19532],"class_list":["post-152399","post","type-post","status-publish","format-standard","has-post-thumbnail","hentry","category-sociedad","tag-agustin-baez","tag-agustin-denezio","tag-arzobispo-jorge-eduardo-scheinig","tag-manuel-asenzo","tag-nicolas-monti"],"yoast_head":"<!-- This site is optimized with the Yoast SEO plugin v27.4 - https:\/\/yoast.com\/product\/yoast-seo-wordpress\/ -->\n<title>Anuncian ordenaciones diaconales y sacerdotales en la Arquidi\u00f3cesis de Mercedes-Luj\u00e1n<\/title>\n<meta name=\"robots\" content=\"index, follow, max-snippet:-1, max-image-preview:large, max-video-preview:-1\" \/>\n<link rel=\"canonical\" href=\"https:\/\/noticiasmercedinas.com\/site\/2025\/01\/24\/anuncian-ordenaciones-diaconales-y-sacerdotales-en-la-arquidiocesis-de-mercedes-lujan\/\" \/>\n<meta property=\"og:locale\" content=\"es_ES\" \/>\n<meta property=\"og:type\" content=\"article\" \/>\n<meta property=\"og:title\" content=\"Anuncian ordenaciones diaconales y sacerdotales en la Arquidi\u00f3cesis de Mercedes-Luj\u00e1n\" \/>\n<meta property=\"og:description\" content=\"\u25a0 Recibir\u00e1n el sacramento del Orden Sagrado como sacerdotes Agust\u00edn B\u00e1ez, Agust\u00edn Denezio y Nicol\u00e1s Monti. Asimismo, el seminarista Manuel Asenzo ser\u00e1 ordenado di\u00e1cono\" \/>\n<meta property=\"og:url\" content=\"https:\/\/noticiasmercedinas.com\/site\/2025\/01\/24\/anuncian-ordenaciones-diaconales-y-sacerdotales-en-la-arquidiocesis-de-mercedes-lujan\/\" \/>\n<meta property=\"og:site_name\" content=\"NOTICIASMERCEDINAS.COM\" \/>\n<meta property=\"article:publisher\" content=\"https:\/\/www.facebook.com\/noticiasmercedinas\/\" \/>\n<meta property=\"article:published_time\" content=\"2025-01-24T15:23:07+00:00\" \/>\n<meta property=\"og:image\" content=\"https:\/\/noticiasmercedinas.com\/site\/wp-content\/uploads\/2022\/12\/jorge_eduardo_scheinig.jpg\" \/>\n\t<meta property=\"og:image:width\" content=\"640\" \/>\n\t<meta property=\"og:image:height\" content=\"389\" \/>\n\t<meta property=\"og:image:type\" content=\"image\/jpeg\" \/>\n<meta name=\"author\" content=\"NOTICIASMERCEDINAS.COM\" \/>\n<meta name=\"twitter:card\" content=\"summary_large_image\" \/>\n<meta name=\"twitter:creator\" content=\"@notmercedinas\" \/>\n<meta name=\"twitter:site\" content=\"@notmercedinas\" \/>\n<meta name=\"twitter:label1\" content=\"Escrito por\" \/>\n\t<meta name=\"twitter:data1\" content=\"NOTICIASMERCEDINAS.COM\" \/>\n\t<meta name=\"twitter:label2\" content=\"Tiempo de lectura\" \/>\n\t<meta name=\"twitter:data2\" content=\"1 minuto\" \/>\n<script type=\"application\/ld+json\" class=\"yoast-schema-graph\">{\"@context\":\"https:\\\/\\\/schema.org\",\"@graph\":[{\"@type\":\"Article\",\"@id\":\"https:\\\/\\\/noticiasmercedinas.com\\\/site\\\/2025\\\/01\\\/24\\\/anuncian-ordenaciones-diaconales-y-sacerdotales-en-la-arquidiocesis-de-mercedes-lujan\\\/#article\",\"isPartOf\":{\"@id\":\"https:\\\/\\\/noticiasmercedinas.com\\\/site\\\/2025\\\/01\\\/24\\\/anuncian-ordenaciones-diaconales-y-sacerdotales-en-la-arquidiocesis-de-mercedes-lujan\\\/\"},\"author\":{\"name\":\"NOTICIASMERCEDINAS.COM\",\"@id\":\"https:\\\/\\\/noticiasmercedinas.com\\\/site\\\/#\\\/schema\\\/person\\\/84b59c099c28ff2e8b77d4ceec5d8063\"},\"headline\":\"Anuncian ordenaciones diaconales y sacerdotales en la Arquidi\u00f3cesis de Mercedes-Luj\u00e1n\",\"datePublished\":\"2025-01-24T15:23:07+00:00\",\"mainEntityOfPage\":{\"@id\":\"https:\\\/\\\/noticiasmercedinas.com\\\/site\\\/2025\\\/01\\\/24\\\/anuncian-ordenaciones-diaconales-y-sacerdotales-en-la-arquidiocesis-de-mercedes-lujan\\\/\"},\"wordCount\":271,\"publisher\":{\"@id\":\"https:\\\/\\\/noticiasmercedinas.com\\\/site\\\/#organization\"},\"image\":{\"@id\":\"https:\\\/\\\/noticiasmercedinas.com\\\/site\\\/2025\\\/01\\\/24\\\/anuncian-ordenaciones-diaconales-y-sacerdotales-en-la-arquidiocesis-de-mercedes-lujan\\\/#primaryimage\"},\"thumbnailUrl\":\"https:\\\/\\\/noticiasmercedinas.com\\\/site\\\/wp-content\\\/uploads\\\/2022\\\/12\\\/jorge_eduardo_scheinig.jpg\",\"keywords\":[\"Agust\u00edn B\u00e1ez\",\"Agust\u00edn Denezio\",\"arzobispo Jorge Eduardo Scheinig\",\"Manuel Asenzo\",\"Nicol\u00e1s Monti\"],\"articleSection\":[\"Sociedad\"],\"inLanguage\":\"es\"},{\"@type\":\"WebPage\",\"@id\":\"https:\\\/\\\/noticiasmercedinas.com\\\/site\\\/2025\\\/01\\\/24\\\/anuncian-ordenaciones-diaconales-y-sacerdotales-en-la-arquidiocesis-de-mercedes-lujan\\\/\",\"url\":\"https:\\\/\\\/noticiasmercedinas.com\\\/site\\\/2025\\\/01\\\/24\\\/anuncian-ordenaciones-diaconales-y-sacerdotales-en-la-arquidiocesis-de-mercedes-lujan\\\/\",\"name\":\"Anuncian ordenaciones diaconales y sacerdotales en la Arquidi\u00f3cesis de Mercedes-Luj\u00e1n\",\"isPartOf\":{\"@id\":\"https:\\\/\\\/noticiasmercedinas.com\\\/site\\\/#website\"},\"primaryImageOfPage\":{\"@id\":\"https:\\\/\\\/noticiasmercedinas.com\\\/site\\\/2025\\\/01\\\/24\\\/anuncian-ordenaciones-diaconales-y-sacerdotales-en-la-arquidiocesis-de-mercedes-lujan\\\/#primaryimage\"},\"image\":{\"@id\":\"https:\\\/\\\/noticiasmercedinas.com\\\/site\\\/2025\\\/01\\\/24\\\/anuncian-ordenaciones-diaconales-y-sacerdotales-en-la-arquidiocesis-de-mercedes-lujan\\\/#primaryimage\"},\"thumbnailUrl\":\"https:\\\/\\\/noticiasmercedinas.com\\\/site\\\/wp-content\\\/uploads\\\/2022\\\/12\\\/jorge_eduardo_scheinig.jpg\",\"datePublished\":\"2025-01-24T15:23:07+00:00\",\"breadcrumb\":{\"@id\":\"https:\\\/\\\/noticiasmercedinas.com\\\/site\\\/2025\\\/01\\\/24\\\/anuncian-ordenaciones-diaconales-y-sacerdotales-en-la-arquidiocesis-de-mercedes-lujan\\\/#breadcrumb\"},\"inLanguage\":\"es\",\"potentialAction\":[{\"@type\":\"ReadAction\",\"target\":[\"https:\\\/\\\/noticiasmercedinas.com\\\/site\\\/2025\\\/01\\\/24\\\/anuncian-ordenaciones-diaconales-y-sacerdotales-en-la-arquidiocesis-de-mercedes-lujan\\\/\"]}]},{\"@type\":\"ImageObject\",\"inLanguage\":\"es\",\"@id\":\"https:\\\/\\\/noticiasmercedinas.com\\\/site\\\/2025\\\/01\\\/24\\\/anuncian-ordenaciones-diaconales-y-sacerdotales-en-la-arquidiocesis-de-mercedes-lujan\\\/#primaryimage\",\"url\":\"https:\\\/\\\/noticiasmercedinas.com\\\/site\\\/wp-content\\\/uploads\\\/2022\\\/12\\\/jorge_eduardo_scheinig.jpg\",\"contentUrl\":\"https:\\\/\\\/noticiasmercedinas.com\\\/site\\\/wp-content\\\/uploads\\\/2022\\\/12\\\/jorge_eduardo_scheinig.jpg\",\"width\":640,\"height\":389},{\"@type\":\"BreadcrumbList\",\"@id\":\"https:\\\/\\\/noticiasmercedinas.com\\\/site\\\/2025\\\/01\\\/24\\\/anuncian-ordenaciones-diaconales-y-sacerdotales-en-la-arquidiocesis-de-mercedes-lujan\\\/#breadcrumb\",\"itemListElement\":[{\"@type\":\"ListItem\",\"position\":1,\"name\":\"Portada\",\"item\":\"https:\\\/\\\/noticiasmercedinas.com\\\/site\\\/\"},{\"@type\":\"ListItem\",\"position\":2,\"name\":\"Anuncian ordenaciones diaconales y sacerdotales en la Arquidi\u00f3cesis de Mercedes-Luj\u00e1n\"}]},{\"@type\":\"WebSite\",\"@id\":\"https:\\\/\\\/noticiasmercedinas.com\\\/site\\\/#website\",\"url\":\"https:\\\/\\\/noticiasmercedinas.com\\\/site\\\/\",\"name\":\"NOTICIASMERCEDINAS.COM\",\"description\":\"Mercedes, Buenos Aires, Argentina\",\"publisher\":{\"@id\":\"https:\\\/\\\/noticiasmercedinas.com\\\/site\\\/#organization\"},\"potentialAction\":[{\"@type\":\"SearchAction\",\"target\":{\"@type\":\"EntryPoint\",\"urlTemplate\":\"https:\\\/\\\/noticiasmercedinas.com\\\/site\\\/?s={search_term_string}\"},\"query-input\":{\"@type\":\"PropertyValueSpecification\",\"valueRequired\":true,\"valueName\":\"search_term_string\"}}],\"inLanguage\":\"es\"},{\"@type\":\"Organization\",\"@id\":\"https:\\\/\\\/noticiasmercedinas.com\\\/site\\\/#organization\",\"name\":\"NOTICIASMERCEDINAS.COM\",\"url\":\"https:\\\/\\\/noticiasmercedinas.com\\\/site\\\/\",\"logo\":{\"@type\":\"ImageObject\",\"inLanguage\":\"es\",\"@id\":\"https:\\\/\\\/noticiasmercedinas.com\\\/site\\\/#\\\/schema\\\/logo\\\/image\\\/\",\"url\":\"https:\\\/\\\/noticiasmercedinas.com\\\/site\\\/wp-content\\\/uploads\\\/2020\\\/06\\\/LOGO-512.jpg\",\"contentUrl\":\"https:\\\/\\\/noticiasmercedinas.com\\\/site\\\/wp-content\\\/uploads\\\/2020\\\/06\\\/LOGO-512.jpg\",\"width\":512,\"height\":512,\"caption\":\"NOTICIASMERCEDINAS.COM\"},\"image\":{\"@id\":\"https:\\\/\\\/noticiasmercedinas.com\\\/site\\\/#\\\/schema\\\/logo\\\/image\\\/\"},\"sameAs\":[\"https:\\\/\\\/www.facebook.com\\\/noticiasmercedinas\\\/\",\"https:\\\/\\\/x.com\\\/notmercedinas\",\"https:\\\/\\\/www.instagram.com\\\/noticiasmercedinas\\\/\"]},{\"@type\":\"Person\",\"@id\":\"https:\\\/\\\/noticiasmercedinas.com\\\/site\\\/#\\\/schema\\\/person\\\/84b59c099c28ff2e8b77d4ceec5d8063\",\"name\":\"NOTICIASMERCEDINAS.COM\",\"image\":{\"@type\":\"ImageObject\",\"inLanguage\":\"es\",\"@id\":\"https:\\\/\\\/secure.gravatar.com\\\/avatar\\\/4dfbf16b4d17945bfb6341b2d19043457132fcf478a5ee04f42e959fd8f5df0a?s=96&d=mm&r=g\",\"url\":\"https:\\\/\\\/secure.gravatar.com\\\/avatar\\\/4dfbf16b4d17945bfb6341b2d19043457132fcf478a5ee04f42e959fd8f5df0a?s=96&d=mm&r=g\",\"contentUrl\":\"https:\\\/\\\/secure.gravatar.com\\\/avatar\\\/4dfbf16b4d17945bfb6341b2d19043457132fcf478a5ee04f42e959fd8f5df0a?s=96&d=mm&r=g\",\"caption\":\"NOTICIASMERCEDINAS.COM\"},\"url\":\"https:\\\/\\\/noticiasmercedinas.com\\\/site\\\/author\\\/anonimo\\\/\"}]}<\/script>\n<!-- \/ Yoast SEO plugin. -->","yoast_head_json":{"title":"Anuncian ordenaciones diaconales y sacerdotales en la Arquidi\u00f3cesis de Mercedes-Luj\u00e1n","robots":{"index":"index","follow":"follow","max-snippet":"max-snippet:-1","max-image-preview":"max-image-preview:large","max-video-preview":"max-video-preview:-1"},"canonical":"https:\/\/noticiasmercedinas.com\/site\/2025\/01\/24\/anuncian-ordenaciones-diaconales-y-sacerdotales-en-la-arquidiocesis-de-mercedes-lujan\/","og_locale":"es_ES","og_type":"article","og_title":"Anuncian ordenaciones diaconales y sacerdotales en la Arquidi\u00f3cesis de Mercedes-Luj\u00e1n","og_description":"\u25a0 Recibir\u00e1n el sacramento del Orden Sagrado como sacerdotes Agust\u00edn B\u00e1ez, Agust\u00edn Denezio y Nicol\u00e1s Monti. Asimismo, el seminarista Manuel Asenzo ser\u00e1 ordenado di\u00e1cono","og_url":"https:\/\/noticiasmercedinas.com\/site\/2025\/01\/24\/anuncian-ordenaciones-diaconales-y-sacerdotales-en-la-arquidiocesis-de-mercedes-lujan\/","og_site_name":"NOTICIASMERCEDINAS.COM","article_publisher":"https:\/\/www.facebook.com\/noticiasmercedinas\/","article_published_time":"2025-01-24T15:23:07+00:00","og_image":[{"width":640,"height":389,"url":"https:\/\/noticiasmercedinas.com\/site\/wp-content\/uploads\/2022\/12\/jorge_eduardo_scheinig.jpg","type":"image\/jpeg"}],"author":"NOTICIASMERCEDINAS.COM","twitter_card":"summary_large_image","twitter_creator":"@notmercedinas","twitter_site":"@notmercedinas","twitter_misc":{"Escrito por":"NOTICIASMERCEDINAS.COM","Tiempo de lectura":"1 minuto"},"schema":{"@context":"https:\/\/schema.org","@graph":[{"@type":"Article","@id":"https:\/\/noticiasmercedinas.com\/site\/2025\/01\/24\/anuncian-ordenaciones-diaconales-y-sacerdotales-en-la-arquidiocesis-de-mercedes-lujan\/#article","isPartOf":{"@id":"https:\/\/noticiasmercedinas.com\/site\/2025\/01\/24\/anuncian-ordenaciones-diaconales-y-sacerdotales-en-la-arquidiocesis-de-mercedes-lujan\/"},"author":{"name":"NOTICIASMERCEDINAS.COM","@id":"https:\/\/noticiasmercedinas.com\/site\/#\/schema\/person\/84b59c099c28ff2e8b77d4ceec5d8063"},"headline":"Anuncian ordenaciones diaconales y sacerdotales en la Arquidi\u00f3cesis de Mercedes-Luj\u00e1n","datePublished":"2025-01-24T15:23:07+00:00","mainEntityOfPage":{"@id":"https:\/\/noticiasmercedinas.com\/site\/2025\/01\/24\/anuncian-ordenaciones-diaconales-y-sacerdotales-en-la-arquidiocesis-de-mercedes-lujan\/"},"wordCount":271,"publisher":{"@id":"https:\/\/noticiasmercedinas.com\/site\/#organization"},"image":{"@id":"https:\/\/noticiasmercedinas.com\/site\/2025\/01\/24\/anuncian-ordenaciones-diaconales-y-sacerdotales-en-la-arquidiocesis-de-mercedes-lujan\/#primaryimage"},"thumbnailUrl":"https:\/\/noticiasmercedinas.com\/site\/wp-content\/uploads\/2022\/12\/jorge_eduardo_scheinig.jpg","keywords":["Agust\u00edn B\u00e1ez","Agust\u00edn Denezio","arzobispo Jorge Eduardo Scheinig","Manuel Asenzo","Nicol\u00e1s Monti"],"articleSection":["Sociedad"],"inLanguage":"es"},{"@type":"WebPage","@id":"https:\/\/noticiasmercedinas.com\/site\/2025\/01\/24\/anuncian-ordenaciones-diaconales-y-sacerdotales-en-la-arquidiocesis-de-mercedes-lujan\/","url":"https:\/\/noticiasmercedinas.com\/site\/2025\/01\/24\/anuncian-ordenaciones-diaconales-y-sacerdotales-en-la-arquidiocesis-de-mercedes-lujan\/","name":"Anuncian ordenaciones diaconales y sacerdotales en la Arquidi\u00f3cesis de Mercedes-Luj\u00e1n","isPartOf":{"@id":"https:\/\/noticiasmercedinas.com\/site\/#website"},"primaryImageOfPage":{"@id":"https:\/\/noticiasmercedinas.com\/site\/2025\/01\/24\/anuncian-ordenaciones-diaconales-y-sacerdotales-en-la-arquidiocesis-de-mercedes-lujan\/#primaryimage"},"image":{"@id":"https:\/\/noticiasmercedinas.com\/site\/2025\/01\/24\/anuncian-ordenaciones-diaconales-y-sacerdotales-en-la-arquidiocesis-de-mercedes-lujan\/#primaryimage"},"thumbnailUrl":"https:\/\/noticiasmercedinas.com\/site\/wp-content\/uploads\/2022\/12\/jorge_eduardo_scheinig.jpg","datePublished":"2025-01-24T15:23:07+00:00","breadcrumb":{"@id":"https:\/\/noticiasmercedinas.com\/site\/2025\/01\/24\/anuncian-ordenaciones-diaconales-y-sacerdotales-en-la-arquidiocesis-de-mercedes-lujan\/#breadcrumb"},"inLanguage":"es","potentialAction":[{"@type":"ReadAction","target":["https:\/\/noticiasmercedinas.com\/site\/2025\/01\/24\/anuncian-ordenaciones-diaconales-y-sacerdotales-en-la-arquidiocesis-de-mercedes-lujan\/"]}]},{"@type":"ImageObject","inLanguage":"es","@id":"https:\/\/noticiasmercedinas.com\/site\/2025\/01\/24\/anuncian-ordenaciones-diaconales-y-sacerdotales-en-la-arquidiocesis-de-mercedes-lujan\/#primaryimage","url":"https:\/\/noticiasmercedinas.com\/site\/wp-content\/uploads\/2022\/12\/jorge_eduardo_scheinig.jpg","contentUrl":"https:\/\/noticiasmercedinas.com\/site\/wp-content\/uploads\/2022\/12\/jorge_eduardo_scheinig.jpg","width":640,"height":389},{"@type":"BreadcrumbList","@id":"https:\/\/noticiasmercedinas.com\/site\/2025\/01\/24\/anuncian-ordenaciones-diaconales-y-sacerdotales-en-la-arquidiocesis-de-mercedes-lujan\/#breadcrumb","itemListElement":[{"@type":"ListItem","position":1,"name":"Portada","item":"https:\/\/noticiasmercedinas.com\/site\/"},{"@type":"ListItem","position":2,"name":"Anuncian ordenaciones diaconales y sacerdotales en la Arquidi\u00f3cesis de Mercedes-Luj\u00e1n"}]},{"@type":"WebSite","@id":"https:\/\/noticiasmercedinas.com\/site\/#website","url":"https:\/\/noticiasmercedinas.com\/site\/","name":"NOTICIASMERCEDINAS.COM","description":"Mercedes, Buenos Aires, Argentina","publisher":{"@id":"https:\/\/noticiasmercedinas.com\/site\/#organization"},"potentialAction":[{"@type":"SearchAction","target":{"@type":"EntryPoint","urlTemplate":"https:\/\/noticiasmercedinas.com\/site\/?s={search_term_string}"},"query-input":{"@type":"PropertyValueSpecification","valueRequired":true,"valueName":"search_term_string"}}],"inLanguage":"es"},{"@type":"Organization","@id":"https:\/\/noticiasmercedinas.com\/site\/#organization","name":"NOTICIASMERCEDINAS.COM","url":"https:\/\/noticiasmercedinas.com\/site\/","logo":{"@type":"ImageObject","inLanguage":"es","@id":"https:\/\/noticiasmercedinas.com\/site\/#\/schema\/logo\/image\/","url":"https:\/\/noticiasmercedinas.com\/site\/wp-content\/uploads\/2020\/06\/LOGO-512.jpg","contentUrl":"https:\/\/noticiasmercedinas.com\/site\/wp-content\/uploads\/2020\/06\/LOGO-512.jpg","width":512,"height":512,"caption":"NOTICIASMERCEDINAS.COM"},"image":{"@id":"https:\/\/noticiasmercedinas.com\/site\/#\/schema\/logo\/image\/"},"sameAs":["https:\/\/www.facebook.com\/noticiasmercedinas\/","https:\/\/x.com\/notmercedinas","https:\/\/www.instagram.com\/noticiasmercedinas\/"]},{"@type":"Person","@id":"https:\/\/noticiasmercedinas.com\/site\/#\/schema\/person\/84b59c099c28ff2e8b77d4ceec5d8063","name":"NOTICIASMERCEDINAS.COM","image":{"@type":"ImageObject","inLanguage":"es","@id":"https:\/\/secure.gravatar.com\/avatar\/4dfbf16b4d17945bfb6341b2d19043457132fcf478a5ee04f42e959fd8f5df0a?s=96&d=mm&r=g","url":"https:\/\/secure.gravatar.com\/avatar\/4dfbf16b4d17945bfb6341b2d19043457132fcf478a5ee04f42e959fd8f5df0a?s=96&d=mm&r=g","contentUrl":"https:\/\/secure.gravatar.com\/avatar\/4dfbf16b4d17945bfb6341b2d19043457132fcf478a5ee04f42e959fd8f5df0a?s=96&d=mm&r=g","caption":"NOTICIASMERCEDINAS.COM"},"url":"https:\/\/noticiasmercedinas.com\/site\/author\/anonimo\/"}]}},"amp_enabled":true,"_links":{"self":[{"href":"https:\/\/noticiasmercedinas.com\/site\/wp-json\/wp\/v2\/posts\/152399","targetHints":{"allow":["GET"]}}],"collection":[{"href":"https:\/\/noticiasmercedinas.com\/site\/wp-json\/wp\/v2\/posts"}],"about":[{"href":"https:\/\/noticiasmercedinas.com\/site\/wp-json\/wp\/v2\/types\/post"}],"author":[{"embeddable":true,"href":"https:\/\/noticiasmercedinas.com\/site\/wp-json\/wp\/v2\/users\/16"}],"replies":[{"embeddable":true,"href":"https:\/\/noticiasmercedinas.com\/site\/wp-json\/wp\/v2\/comments?post=152399"}],"version-history":[{"count":1,"href":"https:\/\/noticiasmercedinas.com\/site\/wp-json\/wp\/v2\/posts\/152399\/revisions"}],"predecessor-version":[{"id":152400,"href":"https:\/\/noticiasmercedinas.com\/site\/wp-json\/wp\/v2\/posts\/152399\/revisions\/152400"}],"wp:featuredmedia":[{"embeddable":true,"href":"https:\/\/noticiasmercedinas.com\/site\/wp-json\/wp\/v2\/media\/105972"}],"wp:attachment":[{"href":"https:\/\/noticiasmercedinas.com\/site\/wp-json\/wp\/v2\/media?parent=152399"}],"wp:term":[{"taxonomy":"category","embeddable":true,"href":"https:\/\/noticiasmercedinas.com\/site\/wp-json\/wp\/v2\/categories?post=152399"},{"taxonomy":"post_tag","embeddable":true,"href":"https:\/\/noticiasmercedinas.com\/site\/wp-json\/wp\/v2\/tags?post=152399"}],"curies":[{"name":"wp","href":"https:\/\/api.w.org\/{rel}","templated":true}]}}