{"id":152504,"date":"2025-01-27T00:50:47","date_gmt":"2025-01-27T03:50:47","guid":{"rendered":"https:\/\/noticiasmercedinas.com\/site\/?p=152504"},"modified":"2025-01-27T09:47:29","modified_gmt":"2025-01-27T12:47:29","slug":"corte-de-agua-en-mercedes-afecto-a-varias-zonas-este-domingo","status":"publish","type":"post","link":"https:\/\/noticiasmercedinas.com\/site\/2025\/01\/27\/corte-de-agua-en-mercedes-afecto-a-varias-zonas-este-domingo\/","title":{"rendered":"Corte de agua en Mercedes afect\u00f3 a varias zonas este domingo"},"content":{"rendered":"<p><img loading=\"lazy\" decoding=\"async\" class=\"alignnone size-full wp-image-116244\" src=\"https:\/\/noticiasmercedinas.com\/site\/wp-content\/uploads\/2023\/06\/Sin-agua.jpg\" alt=\"\" width=\"700\" height=\"430\" srcset=\"https:\/\/noticiasmercedinas.com\/site\/wp-content\/uploads\/2023\/06\/Sin-agua.jpg 700w, https:\/\/noticiasmercedinas.com\/site\/wp-content\/uploads\/2023\/06\/Sin-agua-300x184.jpg 300w, https:\/\/noticiasmercedinas.com\/site\/wp-content\/uploads\/2023\/06\/Sin-agua-640x393.jpg 640w, https:\/\/noticiasmercedinas.com\/site\/wp-content\/uploads\/2023\/06\/Sin-agua-681x418.jpg 681w\" sizes=\"auto, (max-width: 700px) 100vw, 700px\" \/><\/p>\n<p>Un corte de energ\u00eda prolongado dej\u00f3 sin agua a varias zonas de Mercedes este domingo, seg\u00fan informaron fuentes oficiales.<\/p>\n<p>El corte el\u00e9ctrico, que dur\u00f3 m\u00e1s de tres horas, afect\u00f3 el funcionamiento de las bombas de extracci\u00f3n de los pozos 1, 2, 3, 4, 7, 8, 9, 11, 12, 13, 14, 15, 17, 18, 18 bis, 20, 24, 25, 26 y 31. Esto provoc\u00f3 una reducci\u00f3n en la extracci\u00f3n de agua potable de 4.724.000 litros, generando faltantes en distintos puntos de la ciudad.<\/p>\n<p>Desde el servicio de agua corriente explicaron que, ante cortes prolongados de energ\u00eda el\u00e9ctrica, el suministro de agua se ve inevitablemente afectado debido a la dependencia de las bombas para la distribuci\u00f3n del recurso.<\/p>\n<p>Las autoridades recomiendan a los vecinos tomar precauciones y utilizar el agua de manera responsable en estos casos, para minimizar los inconvenientes.<\/p>\n","protected":false},"excerpt":{"rendered":"<p>\u25a0 El corte el\u00e9ctrico, que dur\u00f3 m\u00e1s de tres horas, afect\u00f3 el funcionamiento de las bombas de extracci\u00f3n provoc\u00f3 una reducci\u00f3n en la extracci\u00f3n de agua potable de 4.724.000 litros, generando faltantes en distintos puntos<\/p>\n","protected":false},"author":16,"featured_media":116244,"comment_status":"closed","ping_status":"closed","sticky":false,"template":"","format":"standard","meta":{"footnotes":""},"categories":[3],"tags":[2410,11203,1801],"class_list":["post-152504","post","type-post","status-publish","format-standard","has-post-thumbnail","hentry","category-sociedad","tag-agua-potable","tag-corte-de-agua","tag-corte-de-luz"],"yoast_head":"<!-- This site is optimized with the Yoast SEO plugin v27.4 - https:\/\/yoast.com\/product\/yoast-seo-wordpress\/ -->\n<title>Corte de agua en Mercedes afect\u00f3 a varias zonas este domingo<\/title>\n<meta name=\"robots\" content=\"index, follow, max-snippet:-1, max-image-preview:large, max-video-preview:-1\" \/>\n<link rel=\"canonical\" href=\"https:\/\/noticiasmercedinas.com\/site\/2025\/01\/27\/corte-de-agua-en-mercedes-afecto-a-varias-zonas-este-domingo\/\" \/>\n<meta property=\"og:locale\" content=\"es_ES\" \/>\n<meta property=\"og:type\" content=\"article\" \/>\n<meta property=\"og:title\" content=\"Corte de agua en Mercedes afect\u00f3 a varias zonas este domingo\" \/>\n<meta property=\"og:description\" content=\"\u25a0 El corte el\u00e9ctrico, que dur\u00f3 m\u00e1s de tres horas, afect\u00f3 el funcionamiento de las bombas de extracci\u00f3n provoc\u00f3 una reducci\u00f3n en la extracci\u00f3n de agua potable de 4.724.000 litros, generando faltantes en distintos puntos\" \/>\n<meta property=\"og:url\" content=\"https:\/\/noticiasmercedinas.com\/site\/2025\/01\/27\/corte-de-agua-en-mercedes-afecto-a-varias-zonas-este-domingo\/\" \/>\n<meta property=\"og:site_name\" content=\"NOTICIASMERCEDINAS.COM\" \/>\n<meta property=\"article:publisher\" content=\"https:\/\/www.facebook.com\/noticiasmercedinas\/\" \/>\n<meta property=\"article:published_time\" content=\"2025-01-27T03:50:47+00:00\" \/>\n<meta property=\"article:modified_time\" content=\"2025-01-27T12:47:29+00:00\" \/>\n<meta property=\"og:image\" content=\"https:\/\/noticiasmercedinas.com\/site\/wp-content\/uploads\/2023\/06\/Sin-agua.jpg\" \/>\n\t<meta property=\"og:image:width\" content=\"700\" \/>\n\t<meta property=\"og:image:height\" content=\"430\" \/>\n\t<meta property=\"og:image:type\" content=\"image\/jpeg\" \/>\n<meta name=\"author\" content=\"NOTICIASMERCEDINAS.COM\" \/>\n<meta name=\"twitter:card\" content=\"summary_large_image\" \/>\n<meta name=\"twitter:creator\" content=\"@notmercedinas\" \/>\n<meta name=\"twitter:site\" content=\"@notmercedinas\" \/>\n<meta name=\"twitter:label1\" content=\"Escrito por\" \/>\n\t<meta name=\"twitter:data1\" content=\"NOTICIASMERCEDINAS.COM\" \/>\n\t<meta name=\"twitter:label2\" content=\"Tiempo de lectura\" \/>\n\t<meta name=\"twitter:data2\" content=\"1 minuto\" \/>\n<script type=\"application\/ld+json\" class=\"yoast-schema-graph\">{\"@context\":\"https:\\\/\\\/schema.org\",\"@graph\":[{\"@type\":\"Article\",\"@id\":\"https:\\\/\\\/noticiasmercedinas.com\\\/site\\\/2025\\\/01\\\/27\\\/corte-de-agua-en-mercedes-afecto-a-varias-zonas-este-domingo\\\/#article\",\"isPartOf\":{\"@id\":\"https:\\\/\\\/noticiasmercedinas.com\\\/site\\\/2025\\\/01\\\/27\\\/corte-de-agua-en-mercedes-afecto-a-varias-zonas-este-domingo\\\/\"},\"author\":{\"name\":\"NOTICIASMERCEDINAS.COM\",\"@id\":\"https:\\\/\\\/noticiasmercedinas.com\\\/site\\\/#\\\/schema\\\/person\\\/84b59c099c28ff2e8b77d4ceec5d8063\"},\"headline\":\"Corte de agua en Mercedes afect\u00f3 a varias zonas este domingo\",\"datePublished\":\"2025-01-27T03:50:47+00:00\",\"dateModified\":\"2025-01-27T12:47:29+00:00\",\"mainEntityOfPage\":{\"@id\":\"https:\\\/\\\/noticiasmercedinas.com\\\/site\\\/2025\\\/01\\\/27\\\/corte-de-agua-en-mercedes-afecto-a-varias-zonas-este-domingo\\\/\"},\"wordCount\":138,\"publisher\":{\"@id\":\"https:\\\/\\\/noticiasmercedinas.com\\\/site\\\/#organization\"},\"image\":{\"@id\":\"https:\\\/\\\/noticiasmercedinas.com\\\/site\\\/2025\\\/01\\\/27\\\/corte-de-agua-en-mercedes-afecto-a-varias-zonas-este-domingo\\\/#primaryimage\"},\"thumbnailUrl\":\"https:\\\/\\\/noticiasmercedinas.com\\\/site\\\/wp-content\\\/uploads\\\/2023\\\/06\\\/Sin-agua.jpg\",\"keywords\":[\"agua potable\",\"corte de agua\",\"corte de luz\"],\"articleSection\":[\"Sociedad\"],\"inLanguage\":\"es\"},{\"@type\":\"WebPage\",\"@id\":\"https:\\\/\\\/noticiasmercedinas.com\\\/site\\\/2025\\\/01\\\/27\\\/corte-de-agua-en-mercedes-afecto-a-varias-zonas-este-domingo\\\/\",\"url\":\"https:\\\/\\\/noticiasmercedinas.com\\\/site\\\/2025\\\/01\\\/27\\\/corte-de-agua-en-mercedes-afecto-a-varias-zonas-este-domingo\\\/\",\"name\":\"Corte de agua en Mercedes afect\u00f3 a varias zonas este domingo\",\"isPartOf\":{\"@id\":\"https:\\\/\\\/noticiasmercedinas.com\\\/site\\\/#website\"},\"primaryImageOfPage\":{\"@id\":\"https:\\\/\\\/noticiasmercedinas.com\\\/site\\\/2025\\\/01\\\/27\\\/corte-de-agua-en-mercedes-afecto-a-varias-zonas-este-domingo\\\/#primaryimage\"},\"image\":{\"@id\":\"https:\\\/\\\/noticiasmercedinas.com\\\/site\\\/2025\\\/01\\\/27\\\/corte-de-agua-en-mercedes-afecto-a-varias-zonas-este-domingo\\\/#primaryimage\"},\"thumbnailUrl\":\"https:\\\/\\\/noticiasmercedinas.com\\\/site\\\/wp-content\\\/uploads\\\/2023\\\/06\\\/Sin-agua.jpg\",\"datePublished\":\"2025-01-27T03:50:47+00:00\",\"dateModified\":\"2025-01-27T12:47:29+00:00\",\"breadcrumb\":{\"@id\":\"https:\\\/\\\/noticiasmercedinas.com\\\/site\\\/2025\\\/01\\\/27\\\/corte-de-agua-en-mercedes-afecto-a-varias-zonas-este-domingo\\\/#breadcrumb\"},\"inLanguage\":\"es\",\"potentialAction\":[{\"@type\":\"ReadAction\",\"target\":[\"https:\\\/\\\/noticiasmercedinas.com\\\/site\\\/2025\\\/01\\\/27\\\/corte-de-agua-en-mercedes-afecto-a-varias-zonas-este-domingo\\\/\"]}]},{\"@type\":\"ImageObject\",\"inLanguage\":\"es\",\"@id\":\"https:\\\/\\\/noticiasmercedinas.com\\\/site\\\/2025\\\/01\\\/27\\\/corte-de-agua-en-mercedes-afecto-a-varias-zonas-este-domingo\\\/#primaryimage\",\"url\":\"https:\\\/\\\/noticiasmercedinas.com\\\/site\\\/wp-content\\\/uploads\\\/2023\\\/06\\\/Sin-agua.jpg\",\"contentUrl\":\"https:\\\/\\\/noticiasmercedinas.com\\\/site\\\/wp-content\\\/uploads\\\/2023\\\/06\\\/Sin-agua.jpg\",\"width\":700,\"height\":430},{\"@type\":\"BreadcrumbList\",\"@id\":\"https:\\\/\\\/noticiasmercedinas.com\\\/site\\\/2025\\\/01\\\/27\\\/corte-de-agua-en-mercedes-afecto-a-varias-zonas-este-domingo\\\/#breadcrumb\",\"itemListElement\":[{\"@type\":\"ListItem\",\"position\":1,\"name\":\"Portada\",\"item\":\"https:\\\/\\\/noticiasmercedinas.com\\\/site\\\/\"},{\"@type\":\"ListItem\",\"position\":2,\"name\":\"Corte de agua en Mercedes afect\u00f3 a varias zonas este domingo\"}]},{\"@type\":\"WebSite\",\"@id\":\"https:\\\/\\\/noticiasmercedinas.com\\\/site\\\/#website\",\"url\":\"https:\\\/\\\/noticiasmercedinas.com\\\/site\\\/\",\"name\":\"NOTICIASMERCEDINAS.COM\",\"description\":\"Mercedes, Buenos Aires, Argentina\",\"publisher\":{\"@id\":\"https:\\\/\\\/noticiasmercedinas.com\\\/site\\\/#organization\"},\"potentialAction\":[{\"@type\":\"SearchAction\",\"target\":{\"@type\":\"EntryPoint\",\"urlTemplate\":\"https:\\\/\\\/noticiasmercedinas.com\\\/site\\\/?s={search_term_string}\"},\"query-input\":{\"@type\":\"PropertyValueSpecification\",\"valueRequired\":true,\"valueName\":\"search_term_string\"}}],\"inLanguage\":\"es\"},{\"@type\":\"Organization\",\"@id\":\"https:\\\/\\\/noticiasmercedinas.com\\\/site\\\/#organization\",\"name\":\"NOTICIASMERCEDINAS.COM\",\"url\":\"https:\\\/\\\/noticiasmercedinas.com\\\/site\\\/\",\"logo\":{\"@type\":\"ImageObject\",\"inLanguage\":\"es\",\"@id\":\"https:\\\/\\\/noticiasmercedinas.com\\\/site\\\/#\\\/schema\\\/logo\\\/image\\\/\",\"url\":\"https:\\\/\\\/noticiasmercedinas.com\\\/site\\\/wp-content\\\/uploads\\\/2020\\\/06\\\/LOGO-512.jpg\",\"contentUrl\":\"https:\\\/\\\/noticiasmercedinas.com\\\/site\\\/wp-content\\\/uploads\\\/2020\\\/06\\\/LOGO-512.jpg\",\"width\":512,\"height\":512,\"caption\":\"NOTICIASMERCEDINAS.COM\"},\"image\":{\"@id\":\"https:\\\/\\\/noticiasmercedinas.com\\\/site\\\/#\\\/schema\\\/logo\\\/image\\\/\"},\"sameAs\":[\"https:\\\/\\\/www.facebook.com\\\/noticiasmercedinas\\\/\",\"https:\\\/\\\/x.com\\\/notmercedinas\",\"https:\\\/\\\/www.instagram.com\\\/noticiasmercedinas\\\/\"]},{\"@type\":\"Person\",\"@id\":\"https:\\\/\\\/noticiasmercedinas.com\\\/site\\\/#\\\/schema\\\/person\\\/84b59c099c28ff2e8b77d4ceec5d8063\",\"name\":\"NOTICIASMERCEDINAS.COM\",\"image\":{\"@type\":\"ImageObject\",\"inLanguage\":\"es\",\"@id\":\"https:\\\/\\\/secure.gravatar.com\\\/avatar\\\/4dfbf16b4d17945bfb6341b2d19043457132fcf478a5ee04f42e959fd8f5df0a?s=96&d=mm&r=g\",\"url\":\"https:\\\/\\\/secure.gravatar.com\\\/avatar\\\/4dfbf16b4d17945bfb6341b2d19043457132fcf478a5ee04f42e959fd8f5df0a?s=96&d=mm&r=g\",\"contentUrl\":\"https:\\\/\\\/secure.gravatar.com\\\/avatar\\\/4dfbf16b4d17945bfb6341b2d19043457132fcf478a5ee04f42e959fd8f5df0a?s=96&d=mm&r=g\",\"caption\":\"NOTICIASMERCEDINAS.COM\"},\"url\":\"https:\\\/\\\/noticiasmercedinas.com\\\/site\\\/author\\\/anonimo\\\/\"}]}<\/script>\n<!-- \/ Yoast SEO plugin. -->","yoast_head_json":{"title":"Corte de agua en Mercedes afect\u00f3 a varias zonas este domingo","robots":{"index":"index","follow":"follow","max-snippet":"max-snippet:-1","max-image-preview":"max-image-preview:large","max-video-preview":"max-video-preview:-1"},"canonical":"https:\/\/noticiasmercedinas.com\/site\/2025\/01\/27\/corte-de-agua-en-mercedes-afecto-a-varias-zonas-este-domingo\/","og_locale":"es_ES","og_type":"article","og_title":"Corte de agua en Mercedes afect\u00f3 a varias zonas este domingo","og_description":"\u25a0 El corte el\u00e9ctrico, que dur\u00f3 m\u00e1s de tres horas, afect\u00f3 el funcionamiento de las bombas de extracci\u00f3n provoc\u00f3 una reducci\u00f3n en la extracci\u00f3n de agua potable de 4.724.000 litros, generando faltantes en distintos puntos","og_url":"https:\/\/noticiasmercedinas.com\/site\/2025\/01\/27\/corte-de-agua-en-mercedes-afecto-a-varias-zonas-este-domingo\/","og_site_name":"NOTICIASMERCEDINAS.COM","article_publisher":"https:\/\/www.facebook.com\/noticiasmercedinas\/","article_published_time":"2025-01-27T03:50:47+00:00","article_modified_time":"2025-01-27T12:47:29+00:00","og_image":[{"width":700,"height":430,"url":"https:\/\/noticiasmercedinas.com\/site\/wp-content\/uploads\/2023\/06\/Sin-agua.jpg","type":"image\/jpeg"}],"author":"NOTICIASMERCEDINAS.COM","twitter_card":"summary_large_image","twitter_creator":"@notmercedinas","twitter_site":"@notmercedinas","twitter_misc":{"Escrito por":"NOTICIASMERCEDINAS.COM","Tiempo de lectura":"1 minuto"},"schema":{"@context":"https:\/\/schema.org","@graph":[{"@type":"Article","@id":"https:\/\/noticiasmercedinas.com\/site\/2025\/01\/27\/corte-de-agua-en-mercedes-afecto-a-varias-zonas-este-domingo\/#article","isPartOf":{"@id":"https:\/\/noticiasmercedinas.com\/site\/2025\/01\/27\/corte-de-agua-en-mercedes-afecto-a-varias-zonas-este-domingo\/"},"author":{"name":"NOTICIASMERCEDINAS.COM","@id":"https:\/\/noticiasmercedinas.com\/site\/#\/schema\/person\/84b59c099c28ff2e8b77d4ceec5d8063"},"headline":"Corte de agua en Mercedes afect\u00f3 a varias zonas este domingo","datePublished":"2025-01-27T03:50:47+00:00","dateModified":"2025-01-27T12:47:29+00:00","mainEntityOfPage":{"@id":"https:\/\/noticiasmercedinas.com\/site\/2025\/01\/27\/corte-de-agua-en-mercedes-afecto-a-varias-zonas-este-domingo\/"},"wordCount":138,"publisher":{"@id":"https:\/\/noticiasmercedinas.com\/site\/#organization"},"image":{"@id":"https:\/\/noticiasmercedinas.com\/site\/2025\/01\/27\/corte-de-agua-en-mercedes-afecto-a-varias-zonas-este-domingo\/#primaryimage"},"thumbnailUrl":"https:\/\/noticiasmercedinas.com\/site\/wp-content\/uploads\/2023\/06\/Sin-agua.jpg","keywords":["agua potable","corte de agua","corte de luz"],"articleSection":["Sociedad"],"inLanguage":"es"},{"@type":"WebPage","@id":"https:\/\/noticiasmercedinas.com\/site\/2025\/01\/27\/corte-de-agua-en-mercedes-afecto-a-varias-zonas-este-domingo\/","url":"https:\/\/noticiasmercedinas.com\/site\/2025\/01\/27\/corte-de-agua-en-mercedes-afecto-a-varias-zonas-este-domingo\/","name":"Corte de agua en Mercedes afect\u00f3 a varias zonas este domingo","isPartOf":{"@id":"https:\/\/noticiasmercedinas.com\/site\/#website"},"primaryImageOfPage":{"@id":"https:\/\/noticiasmercedinas.com\/site\/2025\/01\/27\/corte-de-agua-en-mercedes-afecto-a-varias-zonas-este-domingo\/#primaryimage"},"image":{"@id":"https:\/\/noticiasmercedinas.com\/site\/2025\/01\/27\/corte-de-agua-en-mercedes-afecto-a-varias-zonas-este-domingo\/#primaryimage"},"thumbnailUrl":"https:\/\/noticiasmercedinas.com\/site\/wp-content\/uploads\/2023\/06\/Sin-agua.jpg","datePublished":"2025-01-27T03:50:47+00:00","dateModified":"2025-01-27T12:47:29+00:00","breadcrumb":{"@id":"https:\/\/noticiasmercedinas.com\/site\/2025\/01\/27\/corte-de-agua-en-mercedes-afecto-a-varias-zonas-este-domingo\/#breadcrumb"},"inLanguage":"es","potentialAction":[{"@type":"ReadAction","target":["https:\/\/noticiasmercedinas.com\/site\/2025\/01\/27\/corte-de-agua-en-mercedes-afecto-a-varias-zonas-este-domingo\/"]}]},{"@type":"ImageObject","inLanguage":"es","@id":"https:\/\/noticiasmercedinas.com\/site\/2025\/01\/27\/corte-de-agua-en-mercedes-afecto-a-varias-zonas-este-domingo\/#primaryimage","url":"https:\/\/noticiasmercedinas.com\/site\/wp-content\/uploads\/2023\/06\/Sin-agua.jpg","contentUrl":"https:\/\/noticiasmercedinas.com\/site\/wp-content\/uploads\/2023\/06\/Sin-agua.jpg","width":700,"height":430},{"@type":"BreadcrumbList","@id":"https:\/\/noticiasmercedinas.com\/site\/2025\/01\/27\/corte-de-agua-en-mercedes-afecto-a-varias-zonas-este-domingo\/#breadcrumb","itemListElement":[{"@type":"ListItem","position":1,"name":"Portada","item":"https:\/\/noticiasmercedinas.com\/site\/"},{"@type":"ListItem","position":2,"name":"Corte de agua en Mercedes afect\u00f3 a varias zonas este domingo"}]},{"@type":"WebSite","@id":"https:\/\/noticiasmercedinas.com\/site\/#website","url":"https:\/\/noticiasmercedinas.com\/site\/","name":"NOTICIASMERCEDINAS.COM","description":"Mercedes, Buenos Aires, Argentina","publisher":{"@id":"https:\/\/noticiasmercedinas.com\/site\/#organization"},"potentialAction":[{"@type":"SearchAction","target":{"@type":"EntryPoint","urlTemplate":"https:\/\/noticiasmercedinas.com\/site\/?s={search_term_string}"},"query-input":{"@type":"PropertyValueSpecification","valueRequired":true,"valueName":"search_term_string"}}],"inLanguage":"es"},{"@type":"Organization","@id":"https:\/\/noticiasmercedinas.com\/site\/#organization","name":"NOTICIASMERCEDINAS.COM","url":"https:\/\/noticiasmercedinas.com\/site\/","logo":{"@type":"ImageObject","inLanguage":"es","@id":"https:\/\/noticiasmercedinas.com\/site\/#\/schema\/logo\/image\/","url":"https:\/\/noticiasmercedinas.com\/site\/wp-content\/uploads\/2020\/06\/LOGO-512.jpg","contentUrl":"https:\/\/noticiasmercedinas.com\/site\/wp-content\/uploads\/2020\/06\/LOGO-512.jpg","width":512,"height":512,"caption":"NOTICIASMERCEDINAS.COM"},"image":{"@id":"https:\/\/noticiasmercedinas.com\/site\/#\/schema\/logo\/image\/"},"sameAs":["https:\/\/www.facebook.com\/noticiasmercedinas\/","https:\/\/x.com\/notmercedinas","https:\/\/www.instagram.com\/noticiasmercedinas\/"]},{"@type":"Person","@id":"https:\/\/noticiasmercedinas.com\/site\/#\/schema\/person\/84b59c099c28ff2e8b77d4ceec5d8063","name":"NOTICIASMERCEDINAS.COM","image":{"@type":"ImageObject","inLanguage":"es","@id":"https:\/\/secure.gravatar.com\/avatar\/4dfbf16b4d17945bfb6341b2d19043457132fcf478a5ee04f42e959fd8f5df0a?s=96&d=mm&r=g","url":"https:\/\/secure.gravatar.com\/avatar\/4dfbf16b4d17945bfb6341b2d19043457132fcf478a5ee04f42e959fd8f5df0a?s=96&d=mm&r=g","contentUrl":"https:\/\/secure.gravatar.com\/avatar\/4dfbf16b4d17945bfb6341b2d19043457132fcf478a5ee04f42e959fd8f5df0a?s=96&d=mm&r=g","caption":"NOTICIASMERCEDINAS.COM"},"url":"https:\/\/noticiasmercedinas.com\/site\/author\/anonimo\/"}]}},"amp_enabled":true,"_links":{"self":[{"href":"https:\/\/noticiasmercedinas.com\/site\/wp-json\/wp\/v2\/posts\/152504","targetHints":{"allow":["GET"]}}],"collection":[{"href":"https:\/\/noticiasmercedinas.com\/site\/wp-json\/wp\/v2\/posts"}],"about":[{"href":"https:\/\/noticiasmercedinas.com\/site\/wp-json\/wp\/v2\/types\/post"}],"author":[{"embeddable":true,"href":"https:\/\/noticiasmercedinas.com\/site\/wp-json\/wp\/v2\/users\/16"}],"replies":[{"embeddable":true,"href":"https:\/\/noticiasmercedinas.com\/site\/wp-json\/wp\/v2\/comments?post=152504"}],"version-history":[{"count":2,"href":"https:\/\/noticiasmercedinas.com\/site\/wp-json\/wp\/v2\/posts\/152504\/revisions"}],"predecessor-version":[{"id":152521,"href":"https:\/\/noticiasmercedinas.com\/site\/wp-json\/wp\/v2\/posts\/152504\/revisions\/152521"}],"wp:featuredmedia":[{"embeddable":true,"href":"https:\/\/noticiasmercedinas.com\/site\/wp-json\/wp\/v2\/media\/116244"}],"wp:attachment":[{"href":"https:\/\/noticiasmercedinas.com\/site\/wp-json\/wp\/v2\/media?parent=152504"}],"wp:term":[{"taxonomy":"category","embeddable":true,"href":"https:\/\/noticiasmercedinas.com\/site\/wp-json\/wp\/v2\/categories?post=152504"},{"taxonomy":"post_tag","embeddable":true,"href":"https:\/\/noticiasmercedinas.com\/site\/wp-json\/wp\/v2\/tags?post=152504"}],"curies":[{"name":"wp","href":"https:\/\/api.w.org\/{rel}","templated":true}]}}