{"id":153,"date":"2018-08-19T20:06:25","date_gmt":"2018-08-19T23:06:25","guid":{"rendered":"http:\/\/noticiasmercedinas.com\/site\/?p=153"},"modified":"2018-08-19T20:06:25","modified_gmt":"2018-08-19T23:06:25","slug":"cena-solidaria-todos-x-bomberos-en-el-cef-40","status":"publish","type":"post","link":"https:\/\/noticiasmercedinas.com\/site\/2018\/08\/19\/cena-solidaria-todos-x-bomberos-en-el-cef-40\/","title":{"rendered":"Cena solidaria \u201cTodos x Bomberos\u201d en el CEF 40"},"content":{"rendered":"<p><strong>Se recaud\u00f3 dinero para afrontar el dif\u00edcil presente tras el recorte de fondos efectuado por el gobierno nacional. Bomberos tuvieron un s\u00f3lido apoyo de parte de los mercedinos en momentos dif\u00edciles. Y la velada fue un gran \u00e9xito<\/strong><\/p>\n<p><img loading=\"lazy\" decoding=\"async\" class=\"alignnone size-full wp-image-154\" src=\"http:\/\/noticiasmercedinas.com\/site\/wp-content\/uploads\/2018\/08\/DSC_3118.jpg\" alt=\"\" width=\"512\" height=\"284\" srcset=\"https:\/\/noticiasmercedinas.com\/site\/wp-content\/uploads\/2018\/08\/DSC_3118.jpg 512w, https:\/\/noticiasmercedinas.com\/site\/wp-content\/uploads\/2018\/08\/DSC_3118-300x166.jpg 300w, https:\/\/noticiasmercedinas.com\/site\/wp-content\/uploads\/2018\/08\/DSC_3118-511x284.jpg 511w\" sizes=\"auto, (max-width: 512px) 100vw, 512px\" \/><\/p>\n<p class=\"Estilo25\">Casi 1000 vecinos fueron parte de la cena solidaria \u201cTodos X Bomberos\u201d. Organizada por los Bomberos Voluntarios y la Municipalidad recaud\u00f3 dinero para afrontar el dif\u00edcil presente tras el recorte de fondos efectuado por el gobierno nacional. Hubo sorteos, artistas y videos de famosos. Tambi\u00e9n se entregaron dos subsidios a instancias de los diputados Eduardo de Pedro y Santiago R\u00e9vora.<\/p>\n<p class=\"Estilo25\">\u201cMuchas gracias a cada uno de ustedes por venir a participar, para nosotros es una gran colaboraci\u00f3n de toda la comunidad\u201d, dijo el jefe del cuerpo Ismael Guti\u00e9rrez. Por su parte, el intendente Juan Ustarroz resalt\u00f3 que \u201ces muy injusto que el gobierno ajuste a los bomberos voluntarios. Todos los que estamos ac\u00e1 y a lo largo y ancho de nuestro pa\u00eds reconocemos que los bomberos son una instituci\u00f3n ejemplar<\/p>\n<p>En el CEF N\u00ba40 se reuni\u00f3 una enorme cantidad de vecinos, como hace mucho no se ve\u00eda, tras la convocatoria efectuada por la instituci\u00f3n y bajo la modalidad de cenas solidarias impulsadas por la Comuna.<\/p>\n<p class=\"Estilo25\">Hubo shows en vivo de Tren Misterioso, La Clave, Fernando Aschero y Gonzalo Jes\u00fas y Menta y Lim\u00f3n. Se proyect\u00f3 un video en el cual varios mercedinos famosos invitan a asociase. Asi hablan Miguel Angel Etchegaray, Javier Funcia, Hern\u00e1n Casciari, Lucas Biglia, Osvaldo Pr\u00edncipi, Mart\u00edn Perazzo, Yacar\u00e9 Sequeira, Fernando Moner y Pulga Defelippe.<\/p>\n<p class=\"Estilo25\">En cuanto a la asistencia, en las parrillas trabajaron voluntarios de Desarrollo Social, los bomberos, y fueron mozos integrantes de la Juventud de Unidad Ciudadana, del Centro de Estudiantes de la Escuela N\u00ba15, del Centro de Estudiantes del Colegio Industrial y estudiantes de la Escuela Media, quienes recibieron tambi\u00e9n el aplauso y agradecimiento de los presentes.<\/p>\n<p class=\"Estilo25\">Sobre el escenario, el primero en tomar la palabra fue \u201cTito\u201d Borsalino, de la cooperadora, quien expres\u00f3 el \u201cagradecimiento a todos los que han trabajado por esta cena, a los que con la lluvia desde temprano est\u00e1n ac\u00e1, sirviendo, asando, a los artistas\u201d, y dijo que \u201cesta colaboraci\u00f3n que ustedes hacen en esta cena, con la rifa, no s\u00f3lo ayuda al cuerpo de bomberos, sino que se ayudan a s\u00ed mismo para tener un eficiente servicio los 365 d\u00edas del a\u00f1o, a toda hora\u201d.<\/p>\n<p class=\"Estilo25\">Ismael Guti\u00e9rrez, jefe del cuerpo, aprovech\u00f3 la ocasi\u00f3n para dar gracias a cada uno \u201cpor venir a participar, para nosotros es una gran colaboraci\u00f3n de toda la comunidad. Quiero agradecer al intendente municipal como a todo su equipo que nos ha brindado la posibilidad de hacer esta cena en beneficio de esta instituci\u00f3n\u201d, y tambi\u00e9n al \u201cdiputado Carlos Selva que siempre nos acompa\u00f1a y a Eduardo de Pedro que tambi\u00e9n nos va a ayudar\u201d ya que \u201cen la C\u00e1mara de Diputados act\u00faan en los temas que incumben\u201d tras \u201cel desfinanciamiento por la quita de un subsidio del Estado nacional\u201d.<\/p>\n<p class=\"Estilo25\">El intendente municipal Juan Ignacio Ustarroz, por su parte, sostuvo que \u201ces un honor y un orgullo que a pesar del clima el pueblo de Mercedes dijo si a los bomberos voluntarios y si a la solidaridad\u201d y \u00a0quiso expresar su \u201cagradecimiento y felicitaciones a quienes han servido, cocinado, haciendo esta rica comida\u201d.<br \/>\n\u201cMe parece muy injusto que el gobierno ajuste a los bomberos voluntarios. Todos los que estamos ac\u00e1 y a lo largo y ancho de nuestro pa\u00eds reconocemos que los bomberos son una instituci\u00f3n ejemplar, con un profesionalismo, una voluntad, un coraje y entrega enorme, por eso estamos ac\u00e1. Agradezco el apoyo del diputado Selva, de Pedro, R\u00e9vora, porque estamos todos unidos por los bomberos\u201d, afirm\u00f3 entre otros conceptos invitando a \u201casociarnos porque ellos nos necesitan\u201d.<\/p>\n<p class=\"Estilo25\">El Jefe de Gabinete, Mat\u00edas Dematei, quien fue uno de los organizadores, tambi\u00e9n agradeci\u00f3 a \u201ctodos los presentes\u201d: \u201cSin duda es emocionante. Ellos siempre est\u00e1n, hoy no pod\u00edamos faltar. Muchas gracias\u201d, dijo.<\/p>\n<p class=\"Estilo25\">Hubo una gran cantidad de sorteos entre ellos una remera de Racing entregada por Ricky Centuri\u00f3n que se remat\u00f3. La gan\u00f3 \u201cNito\u201d Alomar, pag\u00f3 $5000 para luego donarla y que sea sorteada de nuevo.<\/p>\n<p class=\"Estilo25\">Sin duda, los Bomberos Voluntarios tuvieron un s\u00f3lido apoyo de parte de los mercedinos en momentos dif\u00edciles. Y la velada fue un gran \u00e9xito.<\/p>\n<p class=\"Estilo25\">\n<p class=\"Estilo25\">\n<p class=\"Estilo25\">\n","protected":false},"excerpt":{"rendered":"<p>Se recaud\u00f3 dinero para afrontar el dif\u00edcil presente tras el recorte de fondos efectuado por el gobierno nacional. Bomberos tuvieron un s\u00f3lido apoyo de parte de los mercedinos en momentos dif\u00edciles. Y la velada fue un gran \u00e9xito Casi 1000 vecinos fueron parte de la cena solidaria \u201cTodos X Bomberos\u201d. Organizada por los Bomberos Voluntarios [&hellip;]<\/p>\n","protected":false},"author":2,"featured_media":154,"comment_status":"open","ping_status":"open","sticky":false,"template":"","format":"standard","meta":{"footnotes":""},"categories":[3],"tags":[80,23,81],"class_list":["post-153","post","type-post","status-publish","format-standard","has-post-thumbnail","hentry","category-sociedad","tag-bomberos","tag-mercedes","tag-solidaridad"],"yoast_head":"<!-- This site is optimized with the Yoast SEO plugin v27.5 - https:\/\/yoast.com\/product\/yoast-seo-wordpress\/ -->\n<title>Cena solidaria \u201cTodos x Bomberos\u201d en el CEF 40<\/title>\n<meta name=\"robots\" content=\"index, follow, max-snippet:-1, max-image-preview:large, max-video-preview:-1\" \/>\n<link rel=\"canonical\" href=\"https:\/\/noticiasmercedinas.com\/site\/2018\/08\/19\/cena-solidaria-todos-x-bomberos-en-el-cef-40\/\" \/>\n<meta property=\"og:locale\" content=\"es_ES\" \/>\n<meta property=\"og:type\" content=\"article\" \/>\n<meta property=\"og:title\" content=\"Cena solidaria \u201cTodos x Bomberos\u201d en el CEF 40\" \/>\n<meta property=\"og:description\" content=\"Se recaud\u00f3 dinero para afrontar el dif\u00edcil presente tras el recorte de fondos efectuado por el gobierno nacional. Bomberos tuvieron un s\u00f3lido apoyo de parte de los mercedinos en momentos dif\u00edciles. Y la velada fue un gran \u00e9xito Casi 1000 vecinos fueron parte de la cena solidaria \u201cTodos X Bomberos\u201d. Organizada por los Bomberos Voluntarios [&hellip;]\" \/>\n<meta property=\"og:url\" content=\"https:\/\/noticiasmercedinas.com\/site\/2018\/08\/19\/cena-solidaria-todos-x-bomberos-en-el-cef-40\/\" \/>\n<meta property=\"og:site_name\" content=\"NOTICIASMERCEDINAS.COM\" \/>\n<meta property=\"article:publisher\" content=\"https:\/\/www.facebook.com\/noticiasmercedinas\/\" \/>\n<meta property=\"article:author\" content=\"https:\/\/www.facebook.com\/cristian.falabella\" \/>\n<meta property=\"article:published_time\" content=\"2018-08-19T23:06:25+00:00\" \/>\n<meta property=\"og:image\" content=\"https:\/\/noticiasmercedinas.com\/site\/wp-content\/uploads\/2018\/08\/DSC_3118.jpg\" \/>\n\t<meta property=\"og:image:width\" content=\"512\" \/>\n\t<meta property=\"og:image:height\" content=\"284\" \/>\n\t<meta property=\"og:image:type\" content=\"image\/jpeg\" \/>\n<meta name=\"author\" content=\"Cristian Falabella NOTICIASMERCEDINAS.COM\" \/>\n<meta name=\"twitter:card\" content=\"summary_large_image\" \/>\n<meta name=\"twitter:creator\" content=\"@https:\/\/twitter.com\/NOTMERCEDINAS\" \/>\n<meta name=\"twitter:site\" content=\"@notmercedinas\" \/>\n<meta name=\"twitter:label1\" content=\"Escrito por\" \/>\n\t<meta name=\"twitter:data1\" content=\"Cristian Falabella NOTICIASMERCEDINAS.COM\" \/>\n\t<meta name=\"twitter:label2\" content=\"Tiempo de lectura\" \/>\n\t<meta name=\"twitter:data2\" content=\"4 minutos\" \/>\n<script type=\"application\/ld+json\" class=\"yoast-schema-graph\">{\"@context\":\"https:\\\/\\\/schema.org\",\"@graph\":[{\"@type\":\"Article\",\"@id\":\"https:\\\/\\\/noticiasmercedinas.com\\\/site\\\/2018\\\/08\\\/19\\\/cena-solidaria-todos-x-bomberos-en-el-cef-40\\\/#article\",\"isPartOf\":{\"@id\":\"https:\\\/\\\/noticiasmercedinas.com\\\/site\\\/2018\\\/08\\\/19\\\/cena-solidaria-todos-x-bomberos-en-el-cef-40\\\/\"},\"author\":{\"name\":\"Cristian Falabella NOTICIASMERCEDINAS.COM\",\"@id\":\"https:\\\/\\\/noticiasmercedinas.com\\\/site\\\/#\\\/schema\\\/person\\\/d481a9696a5feaec13a60e2bbd991a6a\"},\"headline\":\"Cena solidaria \u201cTodos x Bomberos\u201d en el CEF 40\",\"datePublished\":\"2018-08-19T23:06:25+00:00\",\"mainEntityOfPage\":{\"@id\":\"https:\\\/\\\/noticiasmercedinas.com\\\/site\\\/2018\\\/08\\\/19\\\/cena-solidaria-todos-x-bomberos-en-el-cef-40\\\/\"},\"wordCount\":760,\"commentCount\":0,\"publisher\":{\"@id\":\"https:\\\/\\\/noticiasmercedinas.com\\\/site\\\/#organization\"},\"image\":{\"@id\":\"https:\\\/\\\/noticiasmercedinas.com\\\/site\\\/2018\\\/08\\\/19\\\/cena-solidaria-todos-x-bomberos-en-el-cef-40\\\/#primaryimage\"},\"thumbnailUrl\":\"https:\\\/\\\/noticiasmercedinas.com\\\/site\\\/wp-content\\\/uploads\\\/2018\\\/08\\\/DSC_3118.jpg\",\"keywords\":[\"bomberos\",\"mercedes\",\"solidaridad\"],\"articleSection\":[\"Sociedad\"],\"inLanguage\":\"es\",\"potentialAction\":[{\"@type\":\"CommentAction\",\"name\":\"Comment\",\"target\":[\"https:\\\/\\\/noticiasmercedinas.com\\\/site\\\/2018\\\/08\\\/19\\\/cena-solidaria-todos-x-bomberos-en-el-cef-40\\\/#respond\"]}]},{\"@type\":\"WebPage\",\"@id\":\"https:\\\/\\\/noticiasmercedinas.com\\\/site\\\/2018\\\/08\\\/19\\\/cena-solidaria-todos-x-bomberos-en-el-cef-40\\\/\",\"url\":\"https:\\\/\\\/noticiasmercedinas.com\\\/site\\\/2018\\\/08\\\/19\\\/cena-solidaria-todos-x-bomberos-en-el-cef-40\\\/\",\"name\":\"Cena solidaria \u201cTodos x Bomberos\u201d en el CEF 40\",\"isPartOf\":{\"@id\":\"https:\\\/\\\/noticiasmercedinas.com\\\/site\\\/#website\"},\"primaryImageOfPage\":{\"@id\":\"https:\\\/\\\/noticiasmercedinas.com\\\/site\\\/2018\\\/08\\\/19\\\/cena-solidaria-todos-x-bomberos-en-el-cef-40\\\/#primaryimage\"},\"image\":{\"@id\":\"https:\\\/\\\/noticiasmercedinas.com\\\/site\\\/2018\\\/08\\\/19\\\/cena-solidaria-todos-x-bomberos-en-el-cef-40\\\/#primaryimage\"},\"thumbnailUrl\":\"https:\\\/\\\/noticiasmercedinas.com\\\/site\\\/wp-content\\\/uploads\\\/2018\\\/08\\\/DSC_3118.jpg\",\"datePublished\":\"2018-08-19T23:06:25+00:00\",\"breadcrumb\":{\"@id\":\"https:\\\/\\\/noticiasmercedinas.com\\\/site\\\/2018\\\/08\\\/19\\\/cena-solidaria-todos-x-bomberos-en-el-cef-40\\\/#breadcrumb\"},\"inLanguage\":\"es\",\"potentialAction\":[{\"@type\":\"ReadAction\",\"target\":[\"https:\\\/\\\/noticiasmercedinas.com\\\/site\\\/2018\\\/08\\\/19\\\/cena-solidaria-todos-x-bomberos-en-el-cef-40\\\/\"]}]},{\"@type\":\"ImageObject\",\"inLanguage\":\"es\",\"@id\":\"https:\\\/\\\/noticiasmercedinas.com\\\/site\\\/2018\\\/08\\\/19\\\/cena-solidaria-todos-x-bomberos-en-el-cef-40\\\/#primaryimage\",\"url\":\"https:\\\/\\\/noticiasmercedinas.com\\\/site\\\/wp-content\\\/uploads\\\/2018\\\/08\\\/DSC_3118.jpg\",\"contentUrl\":\"https:\\\/\\\/noticiasmercedinas.com\\\/site\\\/wp-content\\\/uploads\\\/2018\\\/08\\\/DSC_3118.jpg\",\"width\":512,\"height\":284},{\"@type\":\"BreadcrumbList\",\"@id\":\"https:\\\/\\\/noticiasmercedinas.com\\\/site\\\/2018\\\/08\\\/19\\\/cena-solidaria-todos-x-bomberos-en-el-cef-40\\\/#breadcrumb\",\"itemListElement\":[{\"@type\":\"ListItem\",\"position\":1,\"name\":\"Portada\",\"item\":\"https:\\\/\\\/noticiasmercedinas.com\\\/site\\\/\"},{\"@type\":\"ListItem\",\"position\":2,\"name\":\"Cena solidaria \u201cTodos x Bomberos\u201d en el CEF 40\"}]},{\"@type\":\"WebSite\",\"@id\":\"https:\\\/\\\/noticiasmercedinas.com\\\/site\\\/#website\",\"url\":\"https:\\\/\\\/noticiasmercedinas.com\\\/site\\\/\",\"name\":\"NOTICIASMERCEDINAS.COM\",\"description\":\"Mercedes, Buenos Aires, Argentina\",\"publisher\":{\"@id\":\"https:\\\/\\\/noticiasmercedinas.com\\\/site\\\/#organization\"},\"potentialAction\":[{\"@type\":\"SearchAction\",\"target\":{\"@type\":\"EntryPoint\",\"urlTemplate\":\"https:\\\/\\\/noticiasmercedinas.com\\\/site\\\/?s={search_term_string}\"},\"query-input\":{\"@type\":\"PropertyValueSpecification\",\"valueRequired\":true,\"valueName\":\"search_term_string\"}}],\"inLanguage\":\"es\"},{\"@type\":\"Organization\",\"@id\":\"https:\\\/\\\/noticiasmercedinas.com\\\/site\\\/#organization\",\"name\":\"NOTICIASMERCEDINAS.COM\",\"url\":\"https:\\\/\\\/noticiasmercedinas.com\\\/site\\\/\",\"logo\":{\"@type\":\"ImageObject\",\"inLanguage\":\"es\",\"@id\":\"https:\\\/\\\/noticiasmercedinas.com\\\/site\\\/#\\\/schema\\\/logo\\\/image\\\/\",\"url\":\"https:\\\/\\\/noticiasmercedinas.com\\\/site\\\/wp-content\\\/uploads\\\/2020\\\/06\\\/LOGO-512.jpg\",\"contentUrl\":\"https:\\\/\\\/noticiasmercedinas.com\\\/site\\\/wp-content\\\/uploads\\\/2020\\\/06\\\/LOGO-512.jpg\",\"width\":512,\"height\":512,\"caption\":\"NOTICIASMERCEDINAS.COM\"},\"image\":{\"@id\":\"https:\\\/\\\/noticiasmercedinas.com\\\/site\\\/#\\\/schema\\\/logo\\\/image\\\/\"},\"sameAs\":[\"https:\\\/\\\/www.facebook.com\\\/noticiasmercedinas\\\/\",\"https:\\\/\\\/x.com\\\/notmercedinas\",\"https:\\\/\\\/www.instagram.com\\\/noticiasmercedinas\\\/\"]},{\"@type\":\"Person\",\"@id\":\"https:\\\/\\\/noticiasmercedinas.com\\\/site\\\/#\\\/schema\\\/person\\\/d481a9696a5feaec13a60e2bbd991a6a\",\"name\":\"Cristian Falabella NOTICIASMERCEDINAS.COM\",\"image\":{\"@type\":\"ImageObject\",\"inLanguage\":\"es\",\"@id\":\"https:\\\/\\\/secure.gravatar.com\\\/avatar\\\/0dbbfc45970cc46bcd0e57766228574ff3511d6eed045b182f536f0f478c1f06?s=96&d=mm&r=g\",\"url\":\"https:\\\/\\\/secure.gravatar.com\\\/avatar\\\/0dbbfc45970cc46bcd0e57766228574ff3511d6eed045b182f536f0f478c1f06?s=96&d=mm&r=g\",\"contentUrl\":\"https:\\\/\\\/secure.gravatar.com\\\/avatar\\\/0dbbfc45970cc46bcd0e57766228574ff3511d6eed045b182f536f0f478c1f06?s=96&d=mm&r=g\",\"caption\":\"Cristian Falabella NOTICIASMERCEDINAS.COM\"},\"description\":\"Periodista, editor de Noticias Mercedinas. Pas\u00f3 por varias redacciones y emprendimientos de prensa, en distintos formatos y \u00e9pocas. Se especializ\u00f3 --y sigue haci\u00e9ndolo-- en comunicaci\u00f3n en la web y en junio de 2006 fund\u00f3 este diario digital.\",\"sameAs\":[\"https:\\\/\\\/noticiasmercedinas.com\",\"https:\\\/\\\/www.facebook.com\\\/cristian.falabella\",\"https:\\\/\\\/www.instagram.com\\\/noticiasmercedinas\\\/\",\"https:\\\/\\\/x.com\\\/https:\\\/\\\/twitter.com\\\/NOTMERCEDINAS\"],\"url\":\"https:\\\/\\\/noticiasmercedinas.com\\\/site\\\/author\\\/as000384\\\/\"}]}<\/script>\n<!-- \/ Yoast SEO plugin. -->","yoast_head_json":{"title":"Cena solidaria \u201cTodos x Bomberos\u201d en el CEF 40","robots":{"index":"index","follow":"follow","max-snippet":"max-snippet:-1","max-image-preview":"max-image-preview:large","max-video-preview":"max-video-preview:-1"},"canonical":"https:\/\/noticiasmercedinas.com\/site\/2018\/08\/19\/cena-solidaria-todos-x-bomberos-en-el-cef-40\/","og_locale":"es_ES","og_type":"article","og_title":"Cena solidaria \u201cTodos x Bomberos\u201d en el CEF 40","og_description":"Se recaud\u00f3 dinero para afrontar el dif\u00edcil presente tras el recorte de fondos efectuado por el gobierno nacional. Bomberos tuvieron un s\u00f3lido apoyo de parte de los mercedinos en momentos dif\u00edciles. Y la velada fue un gran \u00e9xito Casi 1000 vecinos fueron parte de la cena solidaria \u201cTodos X Bomberos\u201d. Organizada por los Bomberos Voluntarios [&hellip;]","og_url":"https:\/\/noticiasmercedinas.com\/site\/2018\/08\/19\/cena-solidaria-todos-x-bomberos-en-el-cef-40\/","og_site_name":"NOTICIASMERCEDINAS.COM","article_publisher":"https:\/\/www.facebook.com\/noticiasmercedinas\/","article_author":"https:\/\/www.facebook.com\/cristian.falabella","article_published_time":"2018-08-19T23:06:25+00:00","og_image":[{"width":512,"height":284,"url":"https:\/\/noticiasmercedinas.com\/site\/wp-content\/uploads\/2018\/08\/DSC_3118.jpg","type":"image\/jpeg"}],"author":"Cristian Falabella NOTICIASMERCEDINAS.COM","twitter_card":"summary_large_image","twitter_creator":"@https:\/\/twitter.com\/NOTMERCEDINAS","twitter_site":"@notmercedinas","twitter_misc":{"Escrito por":"Cristian Falabella NOTICIASMERCEDINAS.COM","Tiempo de lectura":"4 minutos"},"schema":{"@context":"https:\/\/schema.org","@graph":[{"@type":"Article","@id":"https:\/\/noticiasmercedinas.com\/site\/2018\/08\/19\/cena-solidaria-todos-x-bomberos-en-el-cef-40\/#article","isPartOf":{"@id":"https:\/\/noticiasmercedinas.com\/site\/2018\/08\/19\/cena-solidaria-todos-x-bomberos-en-el-cef-40\/"},"author":{"name":"Cristian Falabella NOTICIASMERCEDINAS.COM","@id":"https:\/\/noticiasmercedinas.com\/site\/#\/schema\/person\/d481a9696a5feaec13a60e2bbd991a6a"},"headline":"Cena solidaria \u201cTodos x Bomberos\u201d en el CEF 40","datePublished":"2018-08-19T23:06:25+00:00","mainEntityOfPage":{"@id":"https:\/\/noticiasmercedinas.com\/site\/2018\/08\/19\/cena-solidaria-todos-x-bomberos-en-el-cef-40\/"},"wordCount":760,"commentCount":0,"publisher":{"@id":"https:\/\/noticiasmercedinas.com\/site\/#organization"},"image":{"@id":"https:\/\/noticiasmercedinas.com\/site\/2018\/08\/19\/cena-solidaria-todos-x-bomberos-en-el-cef-40\/#primaryimage"},"thumbnailUrl":"https:\/\/noticiasmercedinas.com\/site\/wp-content\/uploads\/2018\/08\/DSC_3118.jpg","keywords":["bomberos","mercedes","solidaridad"],"articleSection":["Sociedad"],"inLanguage":"es","potentialAction":[{"@type":"CommentAction","name":"Comment","target":["https:\/\/noticiasmercedinas.com\/site\/2018\/08\/19\/cena-solidaria-todos-x-bomberos-en-el-cef-40\/#respond"]}]},{"@type":"WebPage","@id":"https:\/\/noticiasmercedinas.com\/site\/2018\/08\/19\/cena-solidaria-todos-x-bomberos-en-el-cef-40\/","url":"https:\/\/noticiasmercedinas.com\/site\/2018\/08\/19\/cena-solidaria-todos-x-bomberos-en-el-cef-40\/","name":"Cena solidaria \u201cTodos x Bomberos\u201d en el CEF 40","isPartOf":{"@id":"https:\/\/noticiasmercedinas.com\/site\/#website"},"primaryImageOfPage":{"@id":"https:\/\/noticiasmercedinas.com\/site\/2018\/08\/19\/cena-solidaria-todos-x-bomberos-en-el-cef-40\/#primaryimage"},"image":{"@id":"https:\/\/noticiasmercedinas.com\/site\/2018\/08\/19\/cena-solidaria-todos-x-bomberos-en-el-cef-40\/#primaryimage"},"thumbnailUrl":"https:\/\/noticiasmercedinas.com\/site\/wp-content\/uploads\/2018\/08\/DSC_3118.jpg","datePublished":"2018-08-19T23:06:25+00:00","breadcrumb":{"@id":"https:\/\/noticiasmercedinas.com\/site\/2018\/08\/19\/cena-solidaria-todos-x-bomberos-en-el-cef-40\/#breadcrumb"},"inLanguage":"es","potentialAction":[{"@type":"ReadAction","target":["https:\/\/noticiasmercedinas.com\/site\/2018\/08\/19\/cena-solidaria-todos-x-bomberos-en-el-cef-40\/"]}]},{"@type":"ImageObject","inLanguage":"es","@id":"https:\/\/noticiasmercedinas.com\/site\/2018\/08\/19\/cena-solidaria-todos-x-bomberos-en-el-cef-40\/#primaryimage","url":"https:\/\/noticiasmercedinas.com\/site\/wp-content\/uploads\/2018\/08\/DSC_3118.jpg","contentUrl":"https:\/\/noticiasmercedinas.com\/site\/wp-content\/uploads\/2018\/08\/DSC_3118.jpg","width":512,"height":284},{"@type":"BreadcrumbList","@id":"https:\/\/noticiasmercedinas.com\/site\/2018\/08\/19\/cena-solidaria-todos-x-bomberos-en-el-cef-40\/#breadcrumb","itemListElement":[{"@type":"ListItem","position":1,"name":"Portada","item":"https:\/\/noticiasmercedinas.com\/site\/"},{"@type":"ListItem","position":2,"name":"Cena solidaria \u201cTodos x Bomberos\u201d en el CEF 40"}]},{"@type":"WebSite","@id":"https:\/\/noticiasmercedinas.com\/site\/#website","url":"https:\/\/noticiasmercedinas.com\/site\/","name":"NOTICIASMERCEDINAS.COM","description":"Mercedes, Buenos Aires, Argentina","publisher":{"@id":"https:\/\/noticiasmercedinas.com\/site\/#organization"},"potentialAction":[{"@type":"SearchAction","target":{"@type":"EntryPoint","urlTemplate":"https:\/\/noticiasmercedinas.com\/site\/?s={search_term_string}"},"query-input":{"@type":"PropertyValueSpecification","valueRequired":true,"valueName":"search_term_string"}}],"inLanguage":"es"},{"@type":"Organization","@id":"https:\/\/noticiasmercedinas.com\/site\/#organization","name":"NOTICIASMERCEDINAS.COM","url":"https:\/\/noticiasmercedinas.com\/site\/","logo":{"@type":"ImageObject","inLanguage":"es","@id":"https:\/\/noticiasmercedinas.com\/site\/#\/schema\/logo\/image\/","url":"https:\/\/noticiasmercedinas.com\/site\/wp-content\/uploads\/2020\/06\/LOGO-512.jpg","contentUrl":"https:\/\/noticiasmercedinas.com\/site\/wp-content\/uploads\/2020\/06\/LOGO-512.jpg","width":512,"height":512,"caption":"NOTICIASMERCEDINAS.COM"},"image":{"@id":"https:\/\/noticiasmercedinas.com\/site\/#\/schema\/logo\/image\/"},"sameAs":["https:\/\/www.facebook.com\/noticiasmercedinas\/","https:\/\/x.com\/notmercedinas","https:\/\/www.instagram.com\/noticiasmercedinas\/"]},{"@type":"Person","@id":"https:\/\/noticiasmercedinas.com\/site\/#\/schema\/person\/d481a9696a5feaec13a60e2bbd991a6a","name":"Cristian Falabella NOTICIASMERCEDINAS.COM","image":{"@type":"ImageObject","inLanguage":"es","@id":"https:\/\/secure.gravatar.com\/avatar\/0dbbfc45970cc46bcd0e57766228574ff3511d6eed045b182f536f0f478c1f06?s=96&d=mm&r=g","url":"https:\/\/secure.gravatar.com\/avatar\/0dbbfc45970cc46bcd0e57766228574ff3511d6eed045b182f536f0f478c1f06?s=96&d=mm&r=g","contentUrl":"https:\/\/secure.gravatar.com\/avatar\/0dbbfc45970cc46bcd0e57766228574ff3511d6eed045b182f536f0f478c1f06?s=96&d=mm&r=g","caption":"Cristian Falabella NOTICIASMERCEDINAS.COM"},"description":"Periodista, editor de Noticias Mercedinas. Pas\u00f3 por varias redacciones y emprendimientos de prensa, en distintos formatos y \u00e9pocas. Se especializ\u00f3 --y sigue haci\u00e9ndolo-- en comunicaci\u00f3n en la web y en junio de 2006 fund\u00f3 este diario digital.","sameAs":["https:\/\/noticiasmercedinas.com","https:\/\/www.facebook.com\/cristian.falabella","https:\/\/www.instagram.com\/noticiasmercedinas\/","https:\/\/x.com\/https:\/\/twitter.com\/NOTMERCEDINAS"],"url":"https:\/\/noticiasmercedinas.com\/site\/author\/as000384\/"}]}},"amp_enabled":true,"_links":{"self":[{"href":"https:\/\/noticiasmercedinas.com\/site\/wp-json\/wp\/v2\/posts\/153","targetHints":{"allow":["GET"]}}],"collection":[{"href":"https:\/\/noticiasmercedinas.com\/site\/wp-json\/wp\/v2\/posts"}],"about":[{"href":"https:\/\/noticiasmercedinas.com\/site\/wp-json\/wp\/v2\/types\/post"}],"author":[{"embeddable":true,"href":"https:\/\/noticiasmercedinas.com\/site\/wp-json\/wp\/v2\/users\/2"}],"replies":[{"embeddable":true,"href":"https:\/\/noticiasmercedinas.com\/site\/wp-json\/wp\/v2\/comments?post=153"}],"version-history":[{"count":1,"href":"https:\/\/noticiasmercedinas.com\/site\/wp-json\/wp\/v2\/posts\/153\/revisions"}],"predecessor-version":[{"id":155,"href":"https:\/\/noticiasmercedinas.com\/site\/wp-json\/wp\/v2\/posts\/153\/revisions\/155"}],"wp:featuredmedia":[{"embeddable":true,"href":"https:\/\/noticiasmercedinas.com\/site\/wp-json\/wp\/v2\/media\/154"}],"wp:attachment":[{"href":"https:\/\/noticiasmercedinas.com\/site\/wp-json\/wp\/v2\/media?parent=153"}],"wp:term":[{"taxonomy":"category","embeddable":true,"href":"https:\/\/noticiasmercedinas.com\/site\/wp-json\/wp\/v2\/categories?post=153"},{"taxonomy":"post_tag","embeddable":true,"href":"https:\/\/noticiasmercedinas.com\/site\/wp-json\/wp\/v2\/tags?post=153"}],"curies":[{"name":"wp","href":"https:\/\/api.w.org\/{rel}","templated":true}]}}