{"id":153129,"date":"2025-02-07T13:45:25","date_gmt":"2025-02-07T16:45:25","guid":{"rendered":"https:\/\/noticiasmercedinas.com\/site\/?p=153129"},"modified":"2025-02-07T13:45:25","modified_gmt":"2025-02-07T16:45:25","slug":"diego-frenkel-se-presenta-en-uh-meda-para-un-san-valentin-con-musica-en-vivo","status":"publish","type":"post","link":"https:\/\/noticiasmercedinas.com\/site\/2025\/02\/07\/diego-frenkel-se-presenta-en-uh-meda-para-un-san-valentin-con-musica-en-vivo\/","title":{"rendered":"Diego Frenkel se presenta en Uh Meda para un San Valent\u00edn con m\u00fasica en vivo"},"content":{"rendered":"<p><img loading=\"lazy\" decoding=\"async\" class=\"alignnone size-full wp-image-153130\" src=\"https:\/\/noticiasmercedinas.com\/site\/wp-content\/uploads\/2025\/02\/1630458045304.jpg\" alt=\"\" width=\"861\" height=\"525\" srcset=\"https:\/\/noticiasmercedinas.com\/site\/wp-content\/uploads\/2025\/02\/1630458045304.jpg 861w, https:\/\/noticiasmercedinas.com\/site\/wp-content\/uploads\/2025\/02\/1630458045304-300x183.jpg 300w, https:\/\/noticiasmercedinas.com\/site\/wp-content\/uploads\/2025\/02\/1630458045304-768x468.jpg 768w, https:\/\/noticiasmercedinas.com\/site\/wp-content\/uploads\/2025\/02\/1630458045304-640x390.jpg 640w, https:\/\/noticiasmercedinas.com\/site\/wp-content\/uploads\/2025\/02\/1630458045304-681x415.jpg 681w\" sizes=\"auto, (max-width: 861px) 100vw, 861px\" \/><\/p>\n<p>El pr\u00f3ximo viernes 14 de febrero, el reconocido m\u00fasico <strong>Diego Frenkel<\/strong> se presentar\u00e1 en Uh Meda Restobar, ubicado en la Curva del Pajarito (Ruta 5 y calle 178, Mercedes).<\/p>\n<p>El evento, con entrada libre y gratuita, propone una noche especial en el marco del D\u00eda de los Enamorados, donde el artista repasar\u00e1 su obra personal y los \u00e9xitos de La Portuaria.<\/p>\n<p>Frenkel, cantante, guitarrista y compositor, es conocido por su trayectoria en el rock y la m\u00fasica alternativa argentina. Como l\u00edder de La Portuaria, marc\u00f3 los a\u00f1os \u201890 con canciones ic\u00f3nicas como El bar de la calle Rodney y Selva. Tambi\u00e9n desarroll\u00f3 una destacada carrera solista, explorando distintos g\u00e9neros y sonidos.<\/p>\n<p>La velada contar\u00e1 adem\u00e1s con la musicalizaci\u00f3n en formato CD de Pablo y Emiliano Punte. La producci\u00f3n del evento est\u00e1 a cargo de Uh Meda Producciones.<\/p>\n<p>Las reservas de mesa ya est\u00e1n disponibles para quienes deseen vivir una experiencia diferente en San Valent\u00edn, con m\u00fasica en vivo y un ambiente especial.<\/p>\n","protected":false},"excerpt":{"rendered":"<p>Ser\u00e1 una noche especial en el marco del D\u00eda de los Enamorados, donde el artista repasar\u00e1 su obra personal y los \u00e9xitos de La Portuaria.<\/p>\n","protected":false},"author":16,"featured_media":153130,"comment_status":"closed","ping_status":"closed","sticky":false,"template":"","format":"standard","meta":{"footnotes":""},"categories":[4],"tags":[13928,88,13708,13193],"class_list":["post-153129","post","type-post","status-publish","format-standard","has-post-thumbnail","hentry","category-cultura","tag-diego-frenkel","tag-musica","tag-san-valentin","tag-uh-meda"],"yoast_head":"<!-- This site is optimized with the Yoast SEO plugin v27.5 - https:\/\/yoast.com\/product\/yoast-seo-wordpress\/ -->\n<title>Diego Frenkel se presenta en Uh Meda para un San Valent\u00edn con m\u00fasica en vivo<\/title>\n<meta name=\"robots\" content=\"index, follow, max-snippet:-1, max-image-preview:large, max-video-preview:-1\" \/>\n<link rel=\"canonical\" href=\"https:\/\/noticiasmercedinas.com\/site\/2025\/02\/07\/diego-frenkel-se-presenta-en-uh-meda-para-un-san-valentin-con-musica-en-vivo\/\" \/>\n<meta property=\"og:locale\" content=\"es_ES\" \/>\n<meta property=\"og:type\" content=\"article\" \/>\n<meta property=\"og:title\" content=\"Diego Frenkel se presenta en Uh Meda para un San Valent\u00edn con m\u00fasica en vivo\" \/>\n<meta property=\"og:description\" content=\"Ser\u00e1 una noche especial en el marco del D\u00eda de los Enamorados, donde el artista repasar\u00e1 su obra personal y los \u00e9xitos de La Portuaria.\" \/>\n<meta property=\"og:url\" content=\"https:\/\/noticiasmercedinas.com\/site\/2025\/02\/07\/diego-frenkel-se-presenta-en-uh-meda-para-un-san-valentin-con-musica-en-vivo\/\" \/>\n<meta property=\"og:site_name\" content=\"NOTICIASMERCEDINAS.COM\" \/>\n<meta property=\"article:publisher\" content=\"https:\/\/www.facebook.com\/noticiasmercedinas\/\" \/>\n<meta property=\"article:published_time\" content=\"2025-02-07T16:45:25+00:00\" \/>\n<meta property=\"og:image\" content=\"https:\/\/noticiasmercedinas.com\/site\/wp-content\/uploads\/2025\/02\/1630458045304.jpg\" \/>\n\t<meta property=\"og:image:width\" content=\"861\" \/>\n\t<meta property=\"og:image:height\" content=\"525\" \/>\n\t<meta property=\"og:image:type\" content=\"image\/jpeg\" \/>\n<meta name=\"author\" content=\"NOTICIASMERCEDINAS.COM\" \/>\n<meta name=\"twitter:card\" content=\"summary_large_image\" \/>\n<meta name=\"twitter:creator\" content=\"@notmercedinas\" \/>\n<meta name=\"twitter:site\" content=\"@notmercedinas\" \/>\n<meta name=\"twitter:label1\" content=\"Escrito por\" \/>\n\t<meta name=\"twitter:data1\" content=\"NOTICIASMERCEDINAS.COM\" \/>\n\t<meta name=\"twitter:label2\" content=\"Tiempo de lectura\" \/>\n\t<meta name=\"twitter:data2\" content=\"1 minuto\" \/>\n<script type=\"application\/ld+json\" class=\"yoast-schema-graph\">{\"@context\":\"https:\\\/\\\/schema.org\",\"@graph\":[{\"@type\":\"Article\",\"@id\":\"https:\\\/\\\/noticiasmercedinas.com\\\/site\\\/2025\\\/02\\\/07\\\/diego-frenkel-se-presenta-en-uh-meda-para-un-san-valentin-con-musica-en-vivo\\\/#article\",\"isPartOf\":{\"@id\":\"https:\\\/\\\/noticiasmercedinas.com\\\/site\\\/2025\\\/02\\\/07\\\/diego-frenkel-se-presenta-en-uh-meda-para-un-san-valentin-con-musica-en-vivo\\\/\"},\"author\":{\"name\":\"NOTICIASMERCEDINAS.COM\",\"@id\":\"https:\\\/\\\/noticiasmercedinas.com\\\/site\\\/#\\\/schema\\\/person\\\/84b59c099c28ff2e8b77d4ceec5d8063\"},\"headline\":\"Diego Frenkel se presenta en Uh Meda para un San Valent\u00edn con m\u00fasica en vivo\",\"datePublished\":\"2025-02-07T16:45:25+00:00\",\"mainEntityOfPage\":{\"@id\":\"https:\\\/\\\/noticiasmercedinas.com\\\/site\\\/2025\\\/02\\\/07\\\/diego-frenkel-se-presenta-en-uh-meda-para-un-san-valentin-con-musica-en-vivo\\\/\"},\"wordCount\":190,\"publisher\":{\"@id\":\"https:\\\/\\\/noticiasmercedinas.com\\\/site\\\/#organization\"},\"image\":{\"@id\":\"https:\\\/\\\/noticiasmercedinas.com\\\/site\\\/2025\\\/02\\\/07\\\/diego-frenkel-se-presenta-en-uh-meda-para-un-san-valentin-con-musica-en-vivo\\\/#primaryimage\"},\"thumbnailUrl\":\"https:\\\/\\\/noticiasmercedinas.com\\\/site\\\/wp-content\\\/uploads\\\/2025\\\/02\\\/1630458045304.jpg\",\"keywords\":[\"Diego Frenkel\",\"musica\",\"san valentin\",\"uh meda\"],\"articleSection\":[\"Cultura\"],\"inLanguage\":\"es\"},{\"@type\":\"WebPage\",\"@id\":\"https:\\\/\\\/noticiasmercedinas.com\\\/site\\\/2025\\\/02\\\/07\\\/diego-frenkel-se-presenta-en-uh-meda-para-un-san-valentin-con-musica-en-vivo\\\/\",\"url\":\"https:\\\/\\\/noticiasmercedinas.com\\\/site\\\/2025\\\/02\\\/07\\\/diego-frenkel-se-presenta-en-uh-meda-para-un-san-valentin-con-musica-en-vivo\\\/\",\"name\":\"Diego Frenkel se presenta en Uh Meda para un San Valent\u00edn con m\u00fasica en vivo\",\"isPartOf\":{\"@id\":\"https:\\\/\\\/noticiasmercedinas.com\\\/site\\\/#website\"},\"primaryImageOfPage\":{\"@id\":\"https:\\\/\\\/noticiasmercedinas.com\\\/site\\\/2025\\\/02\\\/07\\\/diego-frenkel-se-presenta-en-uh-meda-para-un-san-valentin-con-musica-en-vivo\\\/#primaryimage\"},\"image\":{\"@id\":\"https:\\\/\\\/noticiasmercedinas.com\\\/site\\\/2025\\\/02\\\/07\\\/diego-frenkel-se-presenta-en-uh-meda-para-un-san-valentin-con-musica-en-vivo\\\/#primaryimage\"},\"thumbnailUrl\":\"https:\\\/\\\/noticiasmercedinas.com\\\/site\\\/wp-content\\\/uploads\\\/2025\\\/02\\\/1630458045304.jpg\",\"datePublished\":\"2025-02-07T16:45:25+00:00\",\"breadcrumb\":{\"@id\":\"https:\\\/\\\/noticiasmercedinas.com\\\/site\\\/2025\\\/02\\\/07\\\/diego-frenkel-se-presenta-en-uh-meda-para-un-san-valentin-con-musica-en-vivo\\\/#breadcrumb\"},\"inLanguage\":\"es\",\"potentialAction\":[{\"@type\":\"ReadAction\",\"target\":[\"https:\\\/\\\/noticiasmercedinas.com\\\/site\\\/2025\\\/02\\\/07\\\/diego-frenkel-se-presenta-en-uh-meda-para-un-san-valentin-con-musica-en-vivo\\\/\"]}]},{\"@type\":\"ImageObject\",\"inLanguage\":\"es\",\"@id\":\"https:\\\/\\\/noticiasmercedinas.com\\\/site\\\/2025\\\/02\\\/07\\\/diego-frenkel-se-presenta-en-uh-meda-para-un-san-valentin-con-musica-en-vivo\\\/#primaryimage\",\"url\":\"https:\\\/\\\/noticiasmercedinas.com\\\/site\\\/wp-content\\\/uploads\\\/2025\\\/02\\\/1630458045304.jpg\",\"contentUrl\":\"https:\\\/\\\/noticiasmercedinas.com\\\/site\\\/wp-content\\\/uploads\\\/2025\\\/02\\\/1630458045304.jpg\",\"width\":861,\"height\":525},{\"@type\":\"BreadcrumbList\",\"@id\":\"https:\\\/\\\/noticiasmercedinas.com\\\/site\\\/2025\\\/02\\\/07\\\/diego-frenkel-se-presenta-en-uh-meda-para-un-san-valentin-con-musica-en-vivo\\\/#breadcrumb\",\"itemListElement\":[{\"@type\":\"ListItem\",\"position\":1,\"name\":\"Portada\",\"item\":\"https:\\\/\\\/noticiasmercedinas.com\\\/site\\\/\"},{\"@type\":\"ListItem\",\"position\":2,\"name\":\"Diego Frenkel se presenta en Uh Meda para un San Valent\u00edn con m\u00fasica en vivo\"}]},{\"@type\":\"WebSite\",\"@id\":\"https:\\\/\\\/noticiasmercedinas.com\\\/site\\\/#website\",\"url\":\"https:\\\/\\\/noticiasmercedinas.com\\\/site\\\/\",\"name\":\"NOTICIASMERCEDINAS.COM\",\"description\":\"Mercedes, Buenos Aires, Argentina\",\"publisher\":{\"@id\":\"https:\\\/\\\/noticiasmercedinas.com\\\/site\\\/#organization\"},\"potentialAction\":[{\"@type\":\"SearchAction\",\"target\":{\"@type\":\"EntryPoint\",\"urlTemplate\":\"https:\\\/\\\/noticiasmercedinas.com\\\/site\\\/?s={search_term_string}\"},\"query-input\":{\"@type\":\"PropertyValueSpecification\",\"valueRequired\":true,\"valueName\":\"search_term_string\"}}],\"inLanguage\":\"es\"},{\"@type\":\"Organization\",\"@id\":\"https:\\\/\\\/noticiasmercedinas.com\\\/site\\\/#organization\",\"name\":\"NOTICIASMERCEDINAS.COM\",\"url\":\"https:\\\/\\\/noticiasmercedinas.com\\\/site\\\/\",\"logo\":{\"@type\":\"ImageObject\",\"inLanguage\":\"es\",\"@id\":\"https:\\\/\\\/noticiasmercedinas.com\\\/site\\\/#\\\/schema\\\/logo\\\/image\\\/\",\"url\":\"https:\\\/\\\/noticiasmercedinas.com\\\/site\\\/wp-content\\\/uploads\\\/2020\\\/06\\\/LOGO-512.jpg\",\"contentUrl\":\"https:\\\/\\\/noticiasmercedinas.com\\\/site\\\/wp-content\\\/uploads\\\/2020\\\/06\\\/LOGO-512.jpg\",\"width\":512,\"height\":512,\"caption\":\"NOTICIASMERCEDINAS.COM\"},\"image\":{\"@id\":\"https:\\\/\\\/noticiasmercedinas.com\\\/site\\\/#\\\/schema\\\/logo\\\/image\\\/\"},\"sameAs\":[\"https:\\\/\\\/www.facebook.com\\\/noticiasmercedinas\\\/\",\"https:\\\/\\\/x.com\\\/notmercedinas\",\"https:\\\/\\\/www.instagram.com\\\/noticiasmercedinas\\\/\"]},{\"@type\":\"Person\",\"@id\":\"https:\\\/\\\/noticiasmercedinas.com\\\/site\\\/#\\\/schema\\\/person\\\/84b59c099c28ff2e8b77d4ceec5d8063\",\"name\":\"NOTICIASMERCEDINAS.COM\",\"image\":{\"@type\":\"ImageObject\",\"inLanguage\":\"es\",\"@id\":\"https:\\\/\\\/secure.gravatar.com\\\/avatar\\\/4dfbf16b4d17945bfb6341b2d19043457132fcf478a5ee04f42e959fd8f5df0a?s=96&d=mm&r=g\",\"url\":\"https:\\\/\\\/secure.gravatar.com\\\/avatar\\\/4dfbf16b4d17945bfb6341b2d19043457132fcf478a5ee04f42e959fd8f5df0a?s=96&d=mm&r=g\",\"contentUrl\":\"https:\\\/\\\/secure.gravatar.com\\\/avatar\\\/4dfbf16b4d17945bfb6341b2d19043457132fcf478a5ee04f42e959fd8f5df0a?s=96&d=mm&r=g\",\"caption\":\"NOTICIASMERCEDINAS.COM\"},\"url\":\"https:\\\/\\\/noticiasmercedinas.com\\\/site\\\/author\\\/anonimo\\\/\"}]}<\/script>\n<!-- \/ Yoast SEO plugin. -->","yoast_head_json":{"title":"Diego Frenkel se presenta en Uh Meda para un San Valent\u00edn con m\u00fasica en vivo","robots":{"index":"index","follow":"follow","max-snippet":"max-snippet:-1","max-image-preview":"max-image-preview:large","max-video-preview":"max-video-preview:-1"},"canonical":"https:\/\/noticiasmercedinas.com\/site\/2025\/02\/07\/diego-frenkel-se-presenta-en-uh-meda-para-un-san-valentin-con-musica-en-vivo\/","og_locale":"es_ES","og_type":"article","og_title":"Diego Frenkel se presenta en Uh Meda para un San Valent\u00edn con m\u00fasica en vivo","og_description":"Ser\u00e1 una noche especial en el marco del D\u00eda de los Enamorados, donde el artista repasar\u00e1 su obra personal y los \u00e9xitos de La Portuaria.","og_url":"https:\/\/noticiasmercedinas.com\/site\/2025\/02\/07\/diego-frenkel-se-presenta-en-uh-meda-para-un-san-valentin-con-musica-en-vivo\/","og_site_name":"NOTICIASMERCEDINAS.COM","article_publisher":"https:\/\/www.facebook.com\/noticiasmercedinas\/","article_published_time":"2025-02-07T16:45:25+00:00","og_image":[{"width":861,"height":525,"url":"https:\/\/noticiasmercedinas.com\/site\/wp-content\/uploads\/2025\/02\/1630458045304.jpg","type":"image\/jpeg"}],"author":"NOTICIASMERCEDINAS.COM","twitter_card":"summary_large_image","twitter_creator":"@notmercedinas","twitter_site":"@notmercedinas","twitter_misc":{"Escrito por":"NOTICIASMERCEDINAS.COM","Tiempo de lectura":"1 minuto"},"schema":{"@context":"https:\/\/schema.org","@graph":[{"@type":"Article","@id":"https:\/\/noticiasmercedinas.com\/site\/2025\/02\/07\/diego-frenkel-se-presenta-en-uh-meda-para-un-san-valentin-con-musica-en-vivo\/#article","isPartOf":{"@id":"https:\/\/noticiasmercedinas.com\/site\/2025\/02\/07\/diego-frenkel-se-presenta-en-uh-meda-para-un-san-valentin-con-musica-en-vivo\/"},"author":{"name":"NOTICIASMERCEDINAS.COM","@id":"https:\/\/noticiasmercedinas.com\/site\/#\/schema\/person\/84b59c099c28ff2e8b77d4ceec5d8063"},"headline":"Diego Frenkel se presenta en Uh Meda para un San Valent\u00edn con m\u00fasica en vivo","datePublished":"2025-02-07T16:45:25+00:00","mainEntityOfPage":{"@id":"https:\/\/noticiasmercedinas.com\/site\/2025\/02\/07\/diego-frenkel-se-presenta-en-uh-meda-para-un-san-valentin-con-musica-en-vivo\/"},"wordCount":190,"publisher":{"@id":"https:\/\/noticiasmercedinas.com\/site\/#organization"},"image":{"@id":"https:\/\/noticiasmercedinas.com\/site\/2025\/02\/07\/diego-frenkel-se-presenta-en-uh-meda-para-un-san-valentin-con-musica-en-vivo\/#primaryimage"},"thumbnailUrl":"https:\/\/noticiasmercedinas.com\/site\/wp-content\/uploads\/2025\/02\/1630458045304.jpg","keywords":["Diego Frenkel","musica","san valentin","uh meda"],"articleSection":["Cultura"],"inLanguage":"es"},{"@type":"WebPage","@id":"https:\/\/noticiasmercedinas.com\/site\/2025\/02\/07\/diego-frenkel-se-presenta-en-uh-meda-para-un-san-valentin-con-musica-en-vivo\/","url":"https:\/\/noticiasmercedinas.com\/site\/2025\/02\/07\/diego-frenkel-se-presenta-en-uh-meda-para-un-san-valentin-con-musica-en-vivo\/","name":"Diego Frenkel se presenta en Uh Meda para un San Valent\u00edn con m\u00fasica en vivo","isPartOf":{"@id":"https:\/\/noticiasmercedinas.com\/site\/#website"},"primaryImageOfPage":{"@id":"https:\/\/noticiasmercedinas.com\/site\/2025\/02\/07\/diego-frenkel-se-presenta-en-uh-meda-para-un-san-valentin-con-musica-en-vivo\/#primaryimage"},"image":{"@id":"https:\/\/noticiasmercedinas.com\/site\/2025\/02\/07\/diego-frenkel-se-presenta-en-uh-meda-para-un-san-valentin-con-musica-en-vivo\/#primaryimage"},"thumbnailUrl":"https:\/\/noticiasmercedinas.com\/site\/wp-content\/uploads\/2025\/02\/1630458045304.jpg","datePublished":"2025-02-07T16:45:25+00:00","breadcrumb":{"@id":"https:\/\/noticiasmercedinas.com\/site\/2025\/02\/07\/diego-frenkel-se-presenta-en-uh-meda-para-un-san-valentin-con-musica-en-vivo\/#breadcrumb"},"inLanguage":"es","potentialAction":[{"@type":"ReadAction","target":["https:\/\/noticiasmercedinas.com\/site\/2025\/02\/07\/diego-frenkel-se-presenta-en-uh-meda-para-un-san-valentin-con-musica-en-vivo\/"]}]},{"@type":"ImageObject","inLanguage":"es","@id":"https:\/\/noticiasmercedinas.com\/site\/2025\/02\/07\/diego-frenkel-se-presenta-en-uh-meda-para-un-san-valentin-con-musica-en-vivo\/#primaryimage","url":"https:\/\/noticiasmercedinas.com\/site\/wp-content\/uploads\/2025\/02\/1630458045304.jpg","contentUrl":"https:\/\/noticiasmercedinas.com\/site\/wp-content\/uploads\/2025\/02\/1630458045304.jpg","width":861,"height":525},{"@type":"BreadcrumbList","@id":"https:\/\/noticiasmercedinas.com\/site\/2025\/02\/07\/diego-frenkel-se-presenta-en-uh-meda-para-un-san-valentin-con-musica-en-vivo\/#breadcrumb","itemListElement":[{"@type":"ListItem","position":1,"name":"Portada","item":"https:\/\/noticiasmercedinas.com\/site\/"},{"@type":"ListItem","position":2,"name":"Diego Frenkel se presenta en Uh Meda para un San Valent\u00edn con m\u00fasica en vivo"}]},{"@type":"WebSite","@id":"https:\/\/noticiasmercedinas.com\/site\/#website","url":"https:\/\/noticiasmercedinas.com\/site\/","name":"NOTICIASMERCEDINAS.COM","description":"Mercedes, Buenos Aires, Argentina","publisher":{"@id":"https:\/\/noticiasmercedinas.com\/site\/#organization"},"potentialAction":[{"@type":"SearchAction","target":{"@type":"EntryPoint","urlTemplate":"https:\/\/noticiasmercedinas.com\/site\/?s={search_term_string}"},"query-input":{"@type":"PropertyValueSpecification","valueRequired":true,"valueName":"search_term_string"}}],"inLanguage":"es"},{"@type":"Organization","@id":"https:\/\/noticiasmercedinas.com\/site\/#organization","name":"NOTICIASMERCEDINAS.COM","url":"https:\/\/noticiasmercedinas.com\/site\/","logo":{"@type":"ImageObject","inLanguage":"es","@id":"https:\/\/noticiasmercedinas.com\/site\/#\/schema\/logo\/image\/","url":"https:\/\/noticiasmercedinas.com\/site\/wp-content\/uploads\/2020\/06\/LOGO-512.jpg","contentUrl":"https:\/\/noticiasmercedinas.com\/site\/wp-content\/uploads\/2020\/06\/LOGO-512.jpg","width":512,"height":512,"caption":"NOTICIASMERCEDINAS.COM"},"image":{"@id":"https:\/\/noticiasmercedinas.com\/site\/#\/schema\/logo\/image\/"},"sameAs":["https:\/\/www.facebook.com\/noticiasmercedinas\/","https:\/\/x.com\/notmercedinas","https:\/\/www.instagram.com\/noticiasmercedinas\/"]},{"@type":"Person","@id":"https:\/\/noticiasmercedinas.com\/site\/#\/schema\/person\/84b59c099c28ff2e8b77d4ceec5d8063","name":"NOTICIASMERCEDINAS.COM","image":{"@type":"ImageObject","inLanguage":"es","@id":"https:\/\/secure.gravatar.com\/avatar\/4dfbf16b4d17945bfb6341b2d19043457132fcf478a5ee04f42e959fd8f5df0a?s=96&d=mm&r=g","url":"https:\/\/secure.gravatar.com\/avatar\/4dfbf16b4d17945bfb6341b2d19043457132fcf478a5ee04f42e959fd8f5df0a?s=96&d=mm&r=g","contentUrl":"https:\/\/secure.gravatar.com\/avatar\/4dfbf16b4d17945bfb6341b2d19043457132fcf478a5ee04f42e959fd8f5df0a?s=96&d=mm&r=g","caption":"NOTICIASMERCEDINAS.COM"},"url":"https:\/\/noticiasmercedinas.com\/site\/author\/anonimo\/"}]}},"amp_enabled":true,"_links":{"self":[{"href":"https:\/\/noticiasmercedinas.com\/site\/wp-json\/wp\/v2\/posts\/153129","targetHints":{"allow":["GET"]}}],"collection":[{"href":"https:\/\/noticiasmercedinas.com\/site\/wp-json\/wp\/v2\/posts"}],"about":[{"href":"https:\/\/noticiasmercedinas.com\/site\/wp-json\/wp\/v2\/types\/post"}],"author":[{"embeddable":true,"href":"https:\/\/noticiasmercedinas.com\/site\/wp-json\/wp\/v2\/users\/16"}],"replies":[{"embeddable":true,"href":"https:\/\/noticiasmercedinas.com\/site\/wp-json\/wp\/v2\/comments?post=153129"}],"version-history":[{"count":1,"href":"https:\/\/noticiasmercedinas.com\/site\/wp-json\/wp\/v2\/posts\/153129\/revisions"}],"predecessor-version":[{"id":153133,"href":"https:\/\/noticiasmercedinas.com\/site\/wp-json\/wp\/v2\/posts\/153129\/revisions\/153133"}],"wp:featuredmedia":[{"embeddable":true,"href":"https:\/\/noticiasmercedinas.com\/site\/wp-json\/wp\/v2\/media\/153130"}],"wp:attachment":[{"href":"https:\/\/noticiasmercedinas.com\/site\/wp-json\/wp\/v2\/media?parent=153129"}],"wp:term":[{"taxonomy":"category","embeddable":true,"href":"https:\/\/noticiasmercedinas.com\/site\/wp-json\/wp\/v2\/categories?post=153129"},{"taxonomy":"post_tag","embeddable":true,"href":"https:\/\/noticiasmercedinas.com\/site\/wp-json\/wp\/v2\/tags?post=153129"}],"curies":[{"name":"wp","href":"https:\/\/api.w.org\/{rel}","templated":true}]}}