{"id":153150,"date":"2025-02-07T18:30:46","date_gmt":"2025-02-07T21:30:46","guid":{"rendered":"https:\/\/noticiasmercedinas.com\/site\/?p=153150"},"modified":"2025-02-07T18:36:33","modified_gmt":"2025-02-07T21:36:33","slug":"el-campeon-se-entrena-en-el-ano-de-su-centenario","status":"publish","type":"post","link":"https:\/\/noticiasmercedinas.com\/site\/2025\/02\/07\/el-campeon-se-entrena-en-el-ano-de-su-centenario\/","title":{"rendered":"El campe\u00f3n se entrena en el a\u00f1o de su centenario"},"content":{"rendered":"<figure id=\"attachment_153151\" aria-describedby=\"caption-attachment-153151\" style=\"width: 640px\" class=\"wp-caption alignnone\"><img loading=\"lazy\" decoding=\"async\" class=\"wp-image-153151 size-full\" src=\"https:\/\/noticiasmercedinas.com\/site\/wp-content\/uploads\/2025\/02\/03391359-9e44-417d-9517-1433500b554a.jpg\" alt=\"\" width=\"640\" height=\"361\" srcset=\"https:\/\/noticiasmercedinas.com\/site\/wp-content\/uploads\/2025\/02\/03391359-9e44-417d-9517-1433500b554a.jpg 640w, https:\/\/noticiasmercedinas.com\/site\/wp-content\/uploads\/2025\/02\/03391359-9e44-417d-9517-1433500b554a-300x169.jpg 300w\" sizes=\"auto, (max-width: 640px) 100vw, 640px\" \/><figcaption id=\"caption-attachment-153151\" class=\"wp-caption-text\">Men\u00e9ndez, DT de Trocha atento a la pretemporada.<\/figcaption><\/figure>\n<p>El pr\u00f3ximo 1 de marzo Trocha estar\u00e1 cumpliendo 100 a\u00f1os y en medio de ello se alista para ser parte de la temporada 2025 de Primera en la Liga Mercedina de F\u00fatbol. Con cinco d\u00edas a la semana de entrenamientos, el \u201cCarbonero\u201d defender\u00e1 el t\u00edtulo de campe\u00f3n que consigui\u00f3 en el \u00faltimo Clausura frente a All Haz en medio de una remontada \u00e9pica que deriv\u00f3 en penales.<\/p>\n<p>Juan Ignacio Men\u00e9ndez sigue siendo el DT, que resolvi\u00f3 en las \u00faltimas semanas las incorporaciones, en principio iba a llegar el arquero Gast\u00f3n Ben\u00edtez (Juventud Unida) con pasado en Club Mercedes, aunque una lesi\u00f3n llev\u00f3 a no ficharlo. El entrenador se movi\u00f3 r\u00e1pidamente y el jueves se entren\u00f3<br \/>\nAdri\u00e1n Leguizam\u00f3n (36) con pasado en Sacachispas y Argentino de Quilmes, est\u00e1 muy cerca se ser confirmado.<\/p>\n<p>Ya fueron presentados en redes sociales y se entrenan: Tamir Maldonado (21) volante de Luj\u00e1n, Alexis Grzesiak (22) defensores de Luj\u00e1n ex Club Mercedes, Agust\u00edn Rivera (22) ultimo paso en al Primera C como defensores de Club Mercedes y El\u00edas C\u00e1ceres (28) volante de Cultural de Tres Lomas son las caras nuevas en Trocha.<br \/>\n<iframe loading=\"lazy\" title=\"Pretemporada Trocha 2025 \u26bd\ufe0f\" width=\"640\" height=\"360\" src=\"https:\/\/www.youtube.com\/embed\/jCuESF1XEwU?feature=oembed\" frameborder=\"0\" allow=\"accelerometer; autoplay; clipboard-write; encrypted-media; gyroscope; picture-in-picture; web-share\" referrerpolicy=\"strict-origin-when-cross-origin\" allowfullscreen><\/iframe><br \/>\nAdem\u00e1s tendr\u00e1n continuidad Alejandro Pizarro, Iv\u00e1n Portillo, Agust\u00edn Uviz, Dante Garc\u00eda, Lucas Gallo, Juli\u00e1n Padula, Mauro Sigona, Agust\u00edn Barrera, Juan Sparks y Lautaro Gonz\u00e1lez entre lo futbolistas m\u00e1s destacados en el 2024, este a\u00f1o seguir\u00e1n defendiendo lo colores de Trocha, con escudo al que se le agrega el color dorado en medio de la proximidad del centenario del club.<\/p>\n<p>No seguir\u00e1n en el \u201cCarbonero\u201d: Blas De Los Santos (Carteros), Lucas Mansilla (Alem), Daniel Jara, el arquero Joaqu\u00edn Jim\u00e9nez, Franco Ju\u00e1rez, Germ\u00e1n Lucero (Carteros) y Facundo Romero (Independiente de Mones Caz\u00f3n). En lo que hace al cuerpo t\u00e9cnico a Men\u00e9ndez lo acompa\u00f1an Agust\u00edn Rosello (preparador f\u00edsico), Ezequiel Vaca y Tom\u00e1s G\u00f3mez (ayudantes de preparador f\u00edsico), Pablo Pais (entrenador de arqueros), Hern\u00e1n Astorga y Esteban Bastoni (ayudantes de campo). Para este s\u00e1bado Trocha tiene previsto su primer amistoso, ser\u00e1 en J\u00e1uregui frente a El Tim\u00f3n.<\/p>\n","protected":false},"excerpt":{"rendered":"<p>\u25a0 Trocha que se consagr\u00f3 a fines el 2024 inici\u00f3 su pretemporada. Sigue Men\u00e9ndez como DT ante un plantel con algunas bajas y varias altas. Este s\u00e1bado habr\u00e1 un amistoso en J\u00e1uregui ante El Tim\u00f3n.<\/p>\n","protected":false},"author":6,"featured_media":153151,"comment_status":"closed","ping_status":"closed","sticky":false,"template":"","format":"standard","meta":{"footnotes":""},"categories":[5],"tags":[3346,29],"class_list":["post-153150","post","type-post","status-publish","format-standard","has-post-thumbnail","hentry","category-deportes","tag-liga-mercedina-de-futbol","tag-trocha"],"yoast_head":"<!-- This site is optimized with the Yoast SEO plugin v27.4 - https:\/\/yoast.com\/product\/yoast-seo-wordpress\/ -->\n<title>El campe\u00f3n se entrena en el a\u00f1o de su centenario<\/title>\n<meta name=\"robots\" content=\"index, follow, max-snippet:-1, max-image-preview:large, max-video-preview:-1\" \/>\n<link rel=\"canonical\" href=\"https:\/\/noticiasmercedinas.com\/site\/2025\/02\/07\/el-campeon-se-entrena-en-el-ano-de-su-centenario\/\" \/>\n<meta property=\"og:locale\" content=\"es_ES\" \/>\n<meta property=\"og:type\" content=\"article\" \/>\n<meta property=\"og:title\" content=\"El campe\u00f3n se entrena en el a\u00f1o de su centenario\" \/>\n<meta property=\"og:description\" content=\"\u25a0 Trocha que se consagr\u00f3 a fines el 2024 inici\u00f3 su pretemporada. Sigue Men\u00e9ndez como DT ante un plantel con algunas bajas y varias altas. Este s\u00e1bado habr\u00e1 un amistoso en J\u00e1uregui ante El Tim\u00f3n.\" \/>\n<meta property=\"og:url\" content=\"https:\/\/noticiasmercedinas.com\/site\/2025\/02\/07\/el-campeon-se-entrena-en-el-ano-de-su-centenario\/\" \/>\n<meta property=\"og:site_name\" content=\"NOTICIASMERCEDINAS.COM\" \/>\n<meta property=\"article:publisher\" content=\"https:\/\/www.facebook.com\/noticiasmercedinas\/\" \/>\n<meta property=\"article:published_time\" content=\"2025-02-07T21:30:46+00:00\" \/>\n<meta property=\"article:modified_time\" content=\"2025-02-07T21:36:33+00:00\" \/>\n<meta property=\"og:image\" content=\"https:\/\/noticiasmercedinas.com\/site\/wp-content\/uploads\/2025\/02\/03391359-9e44-417d-9517-1433500b554a.jpg\" \/>\n\t<meta property=\"og:image:width\" content=\"640\" \/>\n\t<meta property=\"og:image:height\" content=\"361\" \/>\n\t<meta property=\"og:image:type\" content=\"image\/jpeg\" \/>\n<meta name=\"author\" content=\"Juan Dagnino NOTICIASMERCEDINAS.COM\" \/>\n<meta name=\"twitter:card\" content=\"summary_large_image\" \/>\n<meta name=\"twitter:creator\" content=\"@notmercedinas\" \/>\n<meta name=\"twitter:site\" content=\"@notmercedinas\" \/>\n<meta name=\"twitter:label1\" content=\"Escrito por\" \/>\n\t<meta name=\"twitter:data1\" content=\"Juan Dagnino NOTICIASMERCEDINAS.COM\" \/>\n\t<meta name=\"twitter:label2\" content=\"Tiempo de lectura\" \/>\n\t<meta name=\"twitter:data2\" content=\"2 minutos\" \/>\n<script type=\"application\/ld+json\" class=\"yoast-schema-graph\">{\"@context\":\"https:\\\/\\\/schema.org\",\"@graph\":[{\"@type\":\"Article\",\"@id\":\"https:\\\/\\\/noticiasmercedinas.com\\\/site\\\/2025\\\/02\\\/07\\\/el-campeon-se-entrena-en-el-ano-de-su-centenario\\\/#article\",\"isPartOf\":{\"@id\":\"https:\\\/\\\/noticiasmercedinas.com\\\/site\\\/2025\\\/02\\\/07\\\/el-campeon-se-entrena-en-el-ano-de-su-centenario\\\/\"},\"author\":{\"name\":\"Juan Dagnino NOTICIASMERCEDINAS.COM\",\"@id\":\"https:\\\/\\\/noticiasmercedinas.com\\\/site\\\/#\\\/schema\\\/person\\\/8f2f09d666ef40986eba4a5e6f2a06f9\"},\"headline\":\"El campe\u00f3n se entrena en el a\u00f1o de su centenario\",\"datePublished\":\"2025-02-07T21:30:46+00:00\",\"dateModified\":\"2025-02-07T21:36:33+00:00\",\"mainEntityOfPage\":{\"@id\":\"https:\\\/\\\/noticiasmercedinas.com\\\/site\\\/2025\\\/02\\\/07\\\/el-campeon-se-entrena-en-el-ano-de-su-centenario\\\/\"},\"wordCount\":404,\"publisher\":{\"@id\":\"https:\\\/\\\/noticiasmercedinas.com\\\/site\\\/#organization\"},\"image\":{\"@id\":\"https:\\\/\\\/noticiasmercedinas.com\\\/site\\\/2025\\\/02\\\/07\\\/el-campeon-se-entrena-en-el-ano-de-su-centenario\\\/#primaryimage\"},\"thumbnailUrl\":\"https:\\\/\\\/noticiasmercedinas.com\\\/site\\\/wp-content\\\/uploads\\\/2025\\\/02\\\/03391359-9e44-417d-9517-1433500b554a.jpg\",\"keywords\":[\"Liga Mercedina de F\u00fatbol\",\"trocha\"],\"articleSection\":[\"Deportes\"],\"inLanguage\":\"es\"},{\"@type\":\"WebPage\",\"@id\":\"https:\\\/\\\/noticiasmercedinas.com\\\/site\\\/2025\\\/02\\\/07\\\/el-campeon-se-entrena-en-el-ano-de-su-centenario\\\/\",\"url\":\"https:\\\/\\\/noticiasmercedinas.com\\\/site\\\/2025\\\/02\\\/07\\\/el-campeon-se-entrena-en-el-ano-de-su-centenario\\\/\",\"name\":\"El campe\u00f3n se entrena en el a\u00f1o de su centenario\",\"isPartOf\":{\"@id\":\"https:\\\/\\\/noticiasmercedinas.com\\\/site\\\/#website\"},\"primaryImageOfPage\":{\"@id\":\"https:\\\/\\\/noticiasmercedinas.com\\\/site\\\/2025\\\/02\\\/07\\\/el-campeon-se-entrena-en-el-ano-de-su-centenario\\\/#primaryimage\"},\"image\":{\"@id\":\"https:\\\/\\\/noticiasmercedinas.com\\\/site\\\/2025\\\/02\\\/07\\\/el-campeon-se-entrena-en-el-ano-de-su-centenario\\\/#primaryimage\"},\"thumbnailUrl\":\"https:\\\/\\\/noticiasmercedinas.com\\\/site\\\/wp-content\\\/uploads\\\/2025\\\/02\\\/03391359-9e44-417d-9517-1433500b554a.jpg\",\"datePublished\":\"2025-02-07T21:30:46+00:00\",\"dateModified\":\"2025-02-07T21:36:33+00:00\",\"breadcrumb\":{\"@id\":\"https:\\\/\\\/noticiasmercedinas.com\\\/site\\\/2025\\\/02\\\/07\\\/el-campeon-se-entrena-en-el-ano-de-su-centenario\\\/#breadcrumb\"},\"inLanguage\":\"es\",\"potentialAction\":[{\"@type\":\"ReadAction\",\"target\":[\"https:\\\/\\\/noticiasmercedinas.com\\\/site\\\/2025\\\/02\\\/07\\\/el-campeon-se-entrena-en-el-ano-de-su-centenario\\\/\"]}]},{\"@type\":\"ImageObject\",\"inLanguage\":\"es\",\"@id\":\"https:\\\/\\\/noticiasmercedinas.com\\\/site\\\/2025\\\/02\\\/07\\\/el-campeon-se-entrena-en-el-ano-de-su-centenario\\\/#primaryimage\",\"url\":\"https:\\\/\\\/noticiasmercedinas.com\\\/site\\\/wp-content\\\/uploads\\\/2025\\\/02\\\/03391359-9e44-417d-9517-1433500b554a.jpg\",\"contentUrl\":\"https:\\\/\\\/noticiasmercedinas.com\\\/site\\\/wp-content\\\/uploads\\\/2025\\\/02\\\/03391359-9e44-417d-9517-1433500b554a.jpg\",\"width\":640,\"height\":361},{\"@type\":\"BreadcrumbList\",\"@id\":\"https:\\\/\\\/noticiasmercedinas.com\\\/site\\\/2025\\\/02\\\/07\\\/el-campeon-se-entrena-en-el-ano-de-su-centenario\\\/#breadcrumb\",\"itemListElement\":[{\"@type\":\"ListItem\",\"position\":1,\"name\":\"Portada\",\"item\":\"https:\\\/\\\/noticiasmercedinas.com\\\/site\\\/\"},{\"@type\":\"ListItem\",\"position\":2,\"name\":\"El campe\u00f3n se entrena en el a\u00f1o de su centenario\"}]},{\"@type\":\"WebSite\",\"@id\":\"https:\\\/\\\/noticiasmercedinas.com\\\/site\\\/#website\",\"url\":\"https:\\\/\\\/noticiasmercedinas.com\\\/site\\\/\",\"name\":\"NOTICIASMERCEDINAS.COM\",\"description\":\"Mercedes, Buenos Aires, Argentina\",\"publisher\":{\"@id\":\"https:\\\/\\\/noticiasmercedinas.com\\\/site\\\/#organization\"},\"potentialAction\":[{\"@type\":\"SearchAction\",\"target\":{\"@type\":\"EntryPoint\",\"urlTemplate\":\"https:\\\/\\\/noticiasmercedinas.com\\\/site\\\/?s={search_term_string}\"},\"query-input\":{\"@type\":\"PropertyValueSpecification\",\"valueRequired\":true,\"valueName\":\"search_term_string\"}}],\"inLanguage\":\"es\"},{\"@type\":\"Organization\",\"@id\":\"https:\\\/\\\/noticiasmercedinas.com\\\/site\\\/#organization\",\"name\":\"NOTICIASMERCEDINAS.COM\",\"url\":\"https:\\\/\\\/noticiasmercedinas.com\\\/site\\\/\",\"logo\":{\"@type\":\"ImageObject\",\"inLanguage\":\"es\",\"@id\":\"https:\\\/\\\/noticiasmercedinas.com\\\/site\\\/#\\\/schema\\\/logo\\\/image\\\/\",\"url\":\"https:\\\/\\\/noticiasmercedinas.com\\\/site\\\/wp-content\\\/uploads\\\/2020\\\/06\\\/LOGO-512.jpg\",\"contentUrl\":\"https:\\\/\\\/noticiasmercedinas.com\\\/site\\\/wp-content\\\/uploads\\\/2020\\\/06\\\/LOGO-512.jpg\",\"width\":512,\"height\":512,\"caption\":\"NOTICIASMERCEDINAS.COM\"},\"image\":{\"@id\":\"https:\\\/\\\/noticiasmercedinas.com\\\/site\\\/#\\\/schema\\\/logo\\\/image\\\/\"},\"sameAs\":[\"https:\\\/\\\/www.facebook.com\\\/noticiasmercedinas\\\/\",\"https:\\\/\\\/x.com\\\/notmercedinas\",\"https:\\\/\\\/www.instagram.com\\\/noticiasmercedinas\\\/\"]},{\"@type\":\"Person\",\"@id\":\"https:\\\/\\\/noticiasmercedinas.com\\\/site\\\/#\\\/schema\\\/person\\\/8f2f09d666ef40986eba4a5e6f2a06f9\",\"name\":\"Juan Dagnino NOTICIASMERCEDINAS.COM\",\"image\":{\"@type\":\"ImageObject\",\"inLanguage\":\"es\",\"@id\":\"https:\\\/\\\/secure.gravatar.com\\\/avatar\\\/fc7059a769f5a3cae65fadb228a3e4accf3a64b4b2305020d0a27e6d5333c91b?s=96&d=mm&r=g\",\"url\":\"https:\\\/\\\/secure.gravatar.com\\\/avatar\\\/fc7059a769f5a3cae65fadb228a3e4accf3a64b4b2305020d0a27e6d5333c91b?s=96&d=mm&r=g\",\"contentUrl\":\"https:\\\/\\\/secure.gravatar.com\\\/avatar\\\/fc7059a769f5a3cae65fadb228a3e4accf3a64b4b2305020d0a27e6d5333c91b?s=96&d=mm&r=g\",\"caption\":\"Juan Dagnino NOTICIASMERCEDINAS.COM\"},\"url\":\"https:\\\/\\\/noticiasmercedinas.com\\\/site\\\/author\\\/juandagnino\\\/\"}]}<\/script>\n<!-- \/ Yoast SEO plugin. -->","yoast_head_json":{"title":"El campe\u00f3n se entrena en el a\u00f1o de su centenario","robots":{"index":"index","follow":"follow","max-snippet":"max-snippet:-1","max-image-preview":"max-image-preview:large","max-video-preview":"max-video-preview:-1"},"canonical":"https:\/\/noticiasmercedinas.com\/site\/2025\/02\/07\/el-campeon-se-entrena-en-el-ano-de-su-centenario\/","og_locale":"es_ES","og_type":"article","og_title":"El campe\u00f3n se entrena en el a\u00f1o de su centenario","og_description":"\u25a0 Trocha que se consagr\u00f3 a fines el 2024 inici\u00f3 su pretemporada. Sigue Men\u00e9ndez como DT ante un plantel con algunas bajas y varias altas. Este s\u00e1bado habr\u00e1 un amistoso en J\u00e1uregui ante El Tim\u00f3n.","og_url":"https:\/\/noticiasmercedinas.com\/site\/2025\/02\/07\/el-campeon-se-entrena-en-el-ano-de-su-centenario\/","og_site_name":"NOTICIASMERCEDINAS.COM","article_publisher":"https:\/\/www.facebook.com\/noticiasmercedinas\/","article_published_time":"2025-02-07T21:30:46+00:00","article_modified_time":"2025-02-07T21:36:33+00:00","og_image":[{"width":640,"height":361,"url":"https:\/\/noticiasmercedinas.com\/site\/wp-content\/uploads\/2025\/02\/03391359-9e44-417d-9517-1433500b554a.jpg","type":"image\/jpeg"}],"author":"Juan Dagnino NOTICIASMERCEDINAS.COM","twitter_card":"summary_large_image","twitter_creator":"@notmercedinas","twitter_site":"@notmercedinas","twitter_misc":{"Escrito por":"Juan Dagnino NOTICIASMERCEDINAS.COM","Tiempo de lectura":"2 minutos"},"schema":{"@context":"https:\/\/schema.org","@graph":[{"@type":"Article","@id":"https:\/\/noticiasmercedinas.com\/site\/2025\/02\/07\/el-campeon-se-entrena-en-el-ano-de-su-centenario\/#article","isPartOf":{"@id":"https:\/\/noticiasmercedinas.com\/site\/2025\/02\/07\/el-campeon-se-entrena-en-el-ano-de-su-centenario\/"},"author":{"name":"Juan Dagnino NOTICIASMERCEDINAS.COM","@id":"https:\/\/noticiasmercedinas.com\/site\/#\/schema\/person\/8f2f09d666ef40986eba4a5e6f2a06f9"},"headline":"El campe\u00f3n se entrena en el a\u00f1o de su centenario","datePublished":"2025-02-07T21:30:46+00:00","dateModified":"2025-02-07T21:36:33+00:00","mainEntityOfPage":{"@id":"https:\/\/noticiasmercedinas.com\/site\/2025\/02\/07\/el-campeon-se-entrena-en-el-ano-de-su-centenario\/"},"wordCount":404,"publisher":{"@id":"https:\/\/noticiasmercedinas.com\/site\/#organization"},"image":{"@id":"https:\/\/noticiasmercedinas.com\/site\/2025\/02\/07\/el-campeon-se-entrena-en-el-ano-de-su-centenario\/#primaryimage"},"thumbnailUrl":"https:\/\/noticiasmercedinas.com\/site\/wp-content\/uploads\/2025\/02\/03391359-9e44-417d-9517-1433500b554a.jpg","keywords":["Liga Mercedina de F\u00fatbol","trocha"],"articleSection":["Deportes"],"inLanguage":"es"},{"@type":"WebPage","@id":"https:\/\/noticiasmercedinas.com\/site\/2025\/02\/07\/el-campeon-se-entrena-en-el-ano-de-su-centenario\/","url":"https:\/\/noticiasmercedinas.com\/site\/2025\/02\/07\/el-campeon-se-entrena-en-el-ano-de-su-centenario\/","name":"El campe\u00f3n se entrena en el a\u00f1o de su centenario","isPartOf":{"@id":"https:\/\/noticiasmercedinas.com\/site\/#website"},"primaryImageOfPage":{"@id":"https:\/\/noticiasmercedinas.com\/site\/2025\/02\/07\/el-campeon-se-entrena-en-el-ano-de-su-centenario\/#primaryimage"},"image":{"@id":"https:\/\/noticiasmercedinas.com\/site\/2025\/02\/07\/el-campeon-se-entrena-en-el-ano-de-su-centenario\/#primaryimage"},"thumbnailUrl":"https:\/\/noticiasmercedinas.com\/site\/wp-content\/uploads\/2025\/02\/03391359-9e44-417d-9517-1433500b554a.jpg","datePublished":"2025-02-07T21:30:46+00:00","dateModified":"2025-02-07T21:36:33+00:00","breadcrumb":{"@id":"https:\/\/noticiasmercedinas.com\/site\/2025\/02\/07\/el-campeon-se-entrena-en-el-ano-de-su-centenario\/#breadcrumb"},"inLanguage":"es","potentialAction":[{"@type":"ReadAction","target":["https:\/\/noticiasmercedinas.com\/site\/2025\/02\/07\/el-campeon-se-entrena-en-el-ano-de-su-centenario\/"]}]},{"@type":"ImageObject","inLanguage":"es","@id":"https:\/\/noticiasmercedinas.com\/site\/2025\/02\/07\/el-campeon-se-entrena-en-el-ano-de-su-centenario\/#primaryimage","url":"https:\/\/noticiasmercedinas.com\/site\/wp-content\/uploads\/2025\/02\/03391359-9e44-417d-9517-1433500b554a.jpg","contentUrl":"https:\/\/noticiasmercedinas.com\/site\/wp-content\/uploads\/2025\/02\/03391359-9e44-417d-9517-1433500b554a.jpg","width":640,"height":361},{"@type":"BreadcrumbList","@id":"https:\/\/noticiasmercedinas.com\/site\/2025\/02\/07\/el-campeon-se-entrena-en-el-ano-de-su-centenario\/#breadcrumb","itemListElement":[{"@type":"ListItem","position":1,"name":"Portada","item":"https:\/\/noticiasmercedinas.com\/site\/"},{"@type":"ListItem","position":2,"name":"El campe\u00f3n se entrena en el a\u00f1o de su centenario"}]},{"@type":"WebSite","@id":"https:\/\/noticiasmercedinas.com\/site\/#website","url":"https:\/\/noticiasmercedinas.com\/site\/","name":"NOTICIASMERCEDINAS.COM","description":"Mercedes, Buenos Aires, Argentina","publisher":{"@id":"https:\/\/noticiasmercedinas.com\/site\/#organization"},"potentialAction":[{"@type":"SearchAction","target":{"@type":"EntryPoint","urlTemplate":"https:\/\/noticiasmercedinas.com\/site\/?s={search_term_string}"},"query-input":{"@type":"PropertyValueSpecification","valueRequired":true,"valueName":"search_term_string"}}],"inLanguage":"es"},{"@type":"Organization","@id":"https:\/\/noticiasmercedinas.com\/site\/#organization","name":"NOTICIASMERCEDINAS.COM","url":"https:\/\/noticiasmercedinas.com\/site\/","logo":{"@type":"ImageObject","inLanguage":"es","@id":"https:\/\/noticiasmercedinas.com\/site\/#\/schema\/logo\/image\/","url":"https:\/\/noticiasmercedinas.com\/site\/wp-content\/uploads\/2020\/06\/LOGO-512.jpg","contentUrl":"https:\/\/noticiasmercedinas.com\/site\/wp-content\/uploads\/2020\/06\/LOGO-512.jpg","width":512,"height":512,"caption":"NOTICIASMERCEDINAS.COM"},"image":{"@id":"https:\/\/noticiasmercedinas.com\/site\/#\/schema\/logo\/image\/"},"sameAs":["https:\/\/www.facebook.com\/noticiasmercedinas\/","https:\/\/x.com\/notmercedinas","https:\/\/www.instagram.com\/noticiasmercedinas\/"]},{"@type":"Person","@id":"https:\/\/noticiasmercedinas.com\/site\/#\/schema\/person\/8f2f09d666ef40986eba4a5e6f2a06f9","name":"Juan Dagnino NOTICIASMERCEDINAS.COM","image":{"@type":"ImageObject","inLanguage":"es","@id":"https:\/\/secure.gravatar.com\/avatar\/fc7059a769f5a3cae65fadb228a3e4accf3a64b4b2305020d0a27e6d5333c91b?s=96&d=mm&r=g","url":"https:\/\/secure.gravatar.com\/avatar\/fc7059a769f5a3cae65fadb228a3e4accf3a64b4b2305020d0a27e6d5333c91b?s=96&d=mm&r=g","contentUrl":"https:\/\/secure.gravatar.com\/avatar\/fc7059a769f5a3cae65fadb228a3e4accf3a64b4b2305020d0a27e6d5333c91b?s=96&d=mm&r=g","caption":"Juan Dagnino NOTICIASMERCEDINAS.COM"},"url":"https:\/\/noticiasmercedinas.com\/site\/author\/juandagnino\/"}]}},"amp_enabled":true,"_links":{"self":[{"href":"https:\/\/noticiasmercedinas.com\/site\/wp-json\/wp\/v2\/posts\/153150","targetHints":{"allow":["GET"]}}],"collection":[{"href":"https:\/\/noticiasmercedinas.com\/site\/wp-json\/wp\/v2\/posts"}],"about":[{"href":"https:\/\/noticiasmercedinas.com\/site\/wp-json\/wp\/v2\/types\/post"}],"author":[{"embeddable":true,"href":"https:\/\/noticiasmercedinas.com\/site\/wp-json\/wp\/v2\/users\/6"}],"replies":[{"embeddable":true,"href":"https:\/\/noticiasmercedinas.com\/site\/wp-json\/wp\/v2\/comments?post=153150"}],"version-history":[{"count":2,"href":"https:\/\/noticiasmercedinas.com\/site\/wp-json\/wp\/v2\/posts\/153150\/revisions"}],"predecessor-version":[{"id":153153,"href":"https:\/\/noticiasmercedinas.com\/site\/wp-json\/wp\/v2\/posts\/153150\/revisions\/153153"}],"wp:featuredmedia":[{"embeddable":true,"href":"https:\/\/noticiasmercedinas.com\/site\/wp-json\/wp\/v2\/media\/153151"}],"wp:attachment":[{"href":"https:\/\/noticiasmercedinas.com\/site\/wp-json\/wp\/v2\/media?parent=153150"}],"wp:term":[{"taxonomy":"category","embeddable":true,"href":"https:\/\/noticiasmercedinas.com\/site\/wp-json\/wp\/v2\/categories?post=153150"},{"taxonomy":"post_tag","embeddable":true,"href":"https:\/\/noticiasmercedinas.com\/site\/wp-json\/wp\/v2\/tags?post=153150"}],"curies":[{"name":"wp","href":"https:\/\/api.w.org\/{rel}","templated":true}]}}