{"id":153214,"date":"2025-02-09T14:20:11","date_gmt":"2025-02-09T17:20:11","guid":{"rendered":"https:\/\/noticiasmercedinas.com\/site\/?p=153214"},"modified":"2025-02-10T09:43:15","modified_gmt":"2025-02-10T12:43:15","slug":"los-monos-y-deportivo-merovek-campeones-del-torneo-de-verano-en-la-esmeralda","status":"publish","type":"post","link":"https:\/\/noticiasmercedinas.com\/site\/2025\/02\/09\/los-monos-y-deportivo-merovek-campeones-del-torneo-de-verano-en-la-esmeralda\/","title":{"rendered":"Los Monos y Deportivo Mer Bike, campeones del Torneo de Verano en La Esmeralda"},"content":{"rendered":"<p data-pm-slice=\"1 1 []\"><img loading=\"lazy\" decoding=\"async\" class=\"alignnone size-full wp-image-153216\" src=\"https:\/\/noticiasmercedinas.com\/site\/wp-content\/uploads\/2025\/02\/LAESME01.jpg\" alt=\"\" width=\"792\" height=\"543\" srcset=\"https:\/\/noticiasmercedinas.com\/site\/wp-content\/uploads\/2025\/02\/LAESME01.jpg 792w, https:\/\/noticiasmercedinas.com\/site\/wp-content\/uploads\/2025\/02\/LAESME01-300x206.jpg 300w, https:\/\/noticiasmercedinas.com\/site\/wp-content\/uploads\/2025\/02\/LAESME01-768x527.jpg 768w, https:\/\/noticiasmercedinas.com\/site\/wp-content\/uploads\/2025\/02\/LAESME01-640x439.jpg 640w, https:\/\/noticiasmercedinas.com\/site\/wp-content\/uploads\/2025\/02\/LAESME01-681x467.jpg 681w\" sizes=\"auto, (max-width: 792px) 100vw, 792px\" \/><\/p>\n<p>Este s\u00e1bado finaliz\u00f3 el Torneo de Verano de f\u00fatbol en La Esmeralda Club, con la consagraci\u00f3n de Los Monos en la Copa de Oro y Deportivo Mer Bike en la Copa de Plata.<\/p>\n<p>Con una gran convocatoria y un ambiente familiar, el certamen, que se desarroll\u00f3 desde el 25 de enero hasta el 8 de febrero, reuni\u00f3 a 16 equipos seleccionados entre m\u00e1s de 40 inscriptos.<\/p>\n<p>La final de la Copa de Oro fue electrizante. En el tiempo reglamentario, La Toponeta y Los Monos empataron 1-1 con goles de Nicol\u00e1s Contardi y Genaro Mustoni, quien adem\u00e1s fue el m\u00e1ximo artillero del torneo. En la definici\u00f3n por penales, el arquero Tadeo Roizarena fue la gran figura, atajando los remates de Solano Espil y Felipe Redondi, lo que permiti\u00f3 a Los Monos quedarse con el t\u00edtulo. Facundo Cardinale anot\u00f3 el penal decisivo para la consagraci\u00f3n.<\/p>\n<p><img loading=\"lazy\" decoding=\"async\" class=\"alignnone size-full wp-image-153217\" src=\"https:\/\/noticiasmercedinas.com\/site\/wp-content\/uploads\/2025\/02\/LAESM4.jpg\" alt=\"\" width=\"640\" height=\"420\" srcset=\"https:\/\/noticiasmercedinas.com\/site\/wp-content\/uploads\/2025\/02\/LAESM4.jpg 640w, https:\/\/noticiasmercedinas.com\/site\/wp-content\/uploads\/2025\/02\/LAESM4-300x197.jpg 300w\" sizes=\"auto, (max-width: 640px) 100vw, 640px\" \/><\/p>\n<p>En la Copa de Plata, Deportivo Mer Bike logr\u00f3 un triunfo ag\u00f3nico en una final re\u00f1ida que se defini\u00f3 tambi\u00e9n desde los doce pasos. Con un plantel reducido, el equipo jug\u00f3 gran parte del partido con menos jugadores, pero logr\u00f3 igualar el marcador sobre el final y destacarse en la tanda de penales, donde su arquero fue clave. \u00abEl sentimiento es grande porque lo luchamos mucho\u00bb, afirm\u00f3 <strong>Mariano Carretero<\/strong>, elegido mejor defensor de la Copa de Plata. \u00abMis hijos y mi mujer estuvieron alentando y festejando conmigo, lo que lo hace m\u00e1s especial\u00bb.<\/p>\n<p>Los premios individuales fueron un reconocimiento al desempe\u00f1o destacado de varios jugadores. En la Copa de Oro, adem\u00e1s de Mustoni como goleador, se distinguieron a Tadeo Roizarena como mejor arquero, Domingo de Paola como mejor defensor, Nicol\u00e1s Contardi como mejor mediocampista y Solano Espil como mejor delantero. En la Copa de Plata, Iv\u00e1n Gauna fue el goleador, Felipe Fedullo el mejor arquero, Mariano Carretero el mejor defensor, Nicol\u00e1s Ram\u00edrez el mejor mediocampista y Toto Covello el mejor delantero.<\/p>\n<p><img loading=\"lazy\" decoding=\"async\" class=\"alignnone size-full wp-image-153218\" src=\"https:\/\/noticiasmercedinas.com\/site\/wp-content\/uploads\/2025\/02\/hei-scaled.jpg\" alt=\"\" width=\"1968\" height=\"2560\" srcset=\"https:\/\/noticiasmercedinas.com\/site\/wp-content\/uploads\/2025\/02\/hei-scaled.jpg 1968w, https:\/\/noticiasmercedinas.com\/site\/wp-content\/uploads\/2025\/02\/hei-231x300.jpg 231w, https:\/\/noticiasmercedinas.com\/site\/wp-content\/uploads\/2025\/02\/hei-787x1024.jpg 787w, https:\/\/noticiasmercedinas.com\/site\/wp-content\/uploads\/2025\/02\/hei-768x999.jpg 768w, https:\/\/noticiasmercedinas.com\/site\/wp-content\/uploads\/2025\/02\/hei-1181x1536.jpg 1181w, https:\/\/noticiasmercedinas.com\/site\/wp-content\/uploads\/2025\/02\/hei-1574x2048.jpg 1574w, https:\/\/noticiasmercedinas.com\/site\/wp-content\/uploads\/2025\/02\/hei-640x833.jpg 640w, https:\/\/noticiasmercedinas.com\/site\/wp-content\/uploads\/2025\/02\/hei-1280x1665.jpg 1280w, https:\/\/noticiasmercedinas.com\/site\/wp-content\/uploads\/2025\/02\/hei-681x886.jpg 681w, https:\/\/noticiasmercedinas.com\/site\/wp-content\/uploads\/2025\/02\/hei-1362x1772.jpg 1362w\" sizes=\"auto, (max-width: 1968px) 100vw, 1968px\" \/><\/p>\n<p><strong>Juan Cruz Heiderscheid<\/strong>, organizador del torneo, destac\u00f3 el crecimiento del evento, que naci\u00f3 en 2018 y ha ido ganando relevancia a lo largo de los a\u00f1os. \u00abLo que m\u00e1s me gusta es que la gente viene a disfrutar sin importar el premio. Este sin duda fue la mejor edici\u00f3n de todas\u00bb, expres\u00f3. Tambi\u00e9n resalt\u00f3 la participaci\u00f3n de emprendimientos y marcas locales, que contribuyeron al desarrollo del certamen.<\/p>\n<p data-pm-slice=\"1 1 []\">Entre las empresas que acompa\u00f1aron el torneo se encuentra Cewes, que desde hace varios a\u00f1os provee las camisetas de juego para La Esmeralda y otros equipos participantes. \u00abTenemos una relaci\u00f3n comercial con el torneo desde sus inicios, no como sponsors, pero s\u00ed como proveedores de indumentaria deportiva. Adem\u00e1s de las camisetas de juego, realizamos un juego especial que es entregado a los campeones, financiado por los sponsors\u00bb, explic\u00f3 <strong>Carina Romans<\/strong> desde la empresa. Este a\u00f1o, Cewes tambi\u00e9n sum\u00f3 su presencia con un banner en la cancha. \u00abEs un evento que crece a\u00f1o a a\u00f1o y genera un v\u00ednculo especial con los jugadores. Muchas veces estos torneos logran una conexi\u00f3n m\u00e1s fuerte que los clubes, porque se manejan de una manera m\u00e1s distendida\u00bb, agreg\u00f3.<\/p>\n<p data-pm-slice=\"1 1 []\"><img loading=\"lazy\" decoding=\"async\" class=\"alignnone size-full wp-image-153215\" src=\"https:\/\/noticiasmercedinas.com\/site\/wp-content\/uploads\/2025\/02\/laesme011.jpg\" alt=\"\" width=\"792\" height=\"469\" srcset=\"https:\/\/noticiasmercedinas.com\/site\/wp-content\/uploads\/2025\/02\/laesme011.jpg 792w, https:\/\/noticiasmercedinas.com\/site\/wp-content\/uploads\/2025\/02\/laesme011-300x178.jpg 300w, https:\/\/noticiasmercedinas.com\/site\/wp-content\/uploads\/2025\/02\/laesme011-768x455.jpg 768w, https:\/\/noticiasmercedinas.com\/site\/wp-content\/uploads\/2025\/02\/laesme011-640x379.jpg 640w, https:\/\/noticiasmercedinas.com\/site\/wp-content\/uploads\/2025\/02\/laesme011-681x403.jpg 681w\" sizes=\"auto, (max-width: 792px) 100vw, 792px\" \/><\/p>\n<p>El cierre del torneo estuvo marcado por un \u00abafter sunset\u00bb con m\u00fasica en vivo, en el que se present\u00f3 la banda Menta y Lim\u00f3n.<\/p>\n<p>\u00abQueremos seguir creciendo y sumar m\u00e1s canchas para que m\u00e1s equipos puedan participar\u00bb, adelant\u00f3 Heiderscheid, dejando abierta la expectativa para futuras ediciones.<\/p>\n<p><em>Cr\u00e9ditos de im\u00e1genes de Noticias Mercedinas y Facundo Gui\u00f1azu<\/em><\/p>\n<p><img loading=\"lazy\" decoding=\"async\" class=\"alignnone size-full wp-image-153219\" src=\"https:\/\/noticiasmercedinas.com\/site\/wp-content\/uploads\/2025\/02\/COA4.jpg\" alt=\"\" width=\"640\" height=\"432\" srcset=\"https:\/\/noticiasmercedinas.com\/site\/wp-content\/uploads\/2025\/02\/COA4.jpg 640w, https:\/\/noticiasmercedinas.com\/site\/wp-content\/uploads\/2025\/02\/COA4-300x203.jpg 300w\" sizes=\"auto, (max-width: 640px) 100vw, 640px\" \/><\/p>\n","protected":false},"excerpt":{"rendered":"<p>\u25a0 Con una gran convocatoria y un ambiente familiar, el certamen, que se desarroll\u00f3 desde el 25 de enero hasta el 8 de febrero, reuni\u00f3 a 16 equipos seleccionados entre m\u00e1s de 40<\/p>\n","protected":false},"author":16,"featured_media":153216,"comment_status":"closed","ping_status":"closed","sticky":false,"template":"","format":"standard","meta":{"footnotes":""},"categories":[5],"tags":[5488,27,8574,8572],"class_list":["post-153214","post","type-post","status-publish","format-standard","has-post-thumbnail","hentry","category-deportes","tag-cewes","tag-futbol","tag-juan-cruz-heiderscheid","tag-la-esmeralda"],"yoast_head":"<!-- This site is optimized with the Yoast SEO plugin v27.5 - https:\/\/yoast.com\/product\/yoast-seo-wordpress\/ -->\n<title>Los Monos y Deportivo Mer Bike, campeones del Torneo de Verano en La Esmeralda<\/title>\n<meta name=\"robots\" content=\"index, follow, max-snippet:-1, max-image-preview:large, max-video-preview:-1\" \/>\n<link rel=\"canonical\" href=\"https:\/\/noticiasmercedinas.com\/site\/2025\/02\/09\/los-monos-y-deportivo-merovek-campeones-del-torneo-de-verano-en-la-esmeralda\/\" \/>\n<meta property=\"og:locale\" content=\"es_ES\" \/>\n<meta property=\"og:type\" content=\"article\" \/>\n<meta property=\"og:title\" content=\"Los Monos y Deportivo Mer Bike, campeones del Torneo de Verano en La Esmeralda\" \/>\n<meta property=\"og:description\" content=\"\u25a0 Con una gran convocatoria y un ambiente familiar, el certamen, que se desarroll\u00f3 desde el 25 de enero hasta el 8 de febrero, reuni\u00f3 a 16 equipos seleccionados entre m\u00e1s de 40\" \/>\n<meta property=\"og:url\" content=\"https:\/\/noticiasmercedinas.com\/site\/2025\/02\/09\/los-monos-y-deportivo-merovek-campeones-del-torneo-de-verano-en-la-esmeralda\/\" \/>\n<meta property=\"og:site_name\" content=\"NOTICIASMERCEDINAS.COM\" \/>\n<meta property=\"article:publisher\" content=\"https:\/\/www.facebook.com\/noticiasmercedinas\/\" \/>\n<meta property=\"article:published_time\" content=\"2025-02-09T17:20:11+00:00\" \/>\n<meta property=\"article:modified_time\" content=\"2025-02-10T12:43:15+00:00\" \/>\n<meta property=\"og:image\" content=\"https:\/\/noticiasmercedinas.com\/site\/wp-content\/uploads\/2025\/02\/LAESME01.jpg\" \/>\n\t<meta property=\"og:image:width\" content=\"792\" \/>\n\t<meta property=\"og:image:height\" content=\"543\" \/>\n\t<meta property=\"og:image:type\" content=\"image\/jpeg\" \/>\n<meta name=\"author\" content=\"NOTICIASMERCEDINAS.COM\" \/>\n<meta name=\"twitter:card\" content=\"summary_large_image\" \/>\n<meta name=\"twitter:creator\" content=\"@notmercedinas\" \/>\n<meta name=\"twitter:site\" content=\"@notmercedinas\" \/>\n<meta name=\"twitter:label1\" content=\"Escrito por\" \/>\n\t<meta name=\"twitter:data1\" content=\"NOTICIASMERCEDINAS.COM\" \/>\n\t<meta name=\"twitter:label2\" content=\"Tiempo de lectura\" \/>\n\t<meta name=\"twitter:data2\" content=\"3 minutos\" \/>\n<script type=\"application\/ld+json\" class=\"yoast-schema-graph\">{\"@context\":\"https:\\\/\\\/schema.org\",\"@graph\":[{\"@type\":\"Article\",\"@id\":\"https:\\\/\\\/noticiasmercedinas.com\\\/site\\\/2025\\\/02\\\/09\\\/los-monos-y-deportivo-merovek-campeones-del-torneo-de-verano-en-la-esmeralda\\\/#article\",\"isPartOf\":{\"@id\":\"https:\\\/\\\/noticiasmercedinas.com\\\/site\\\/2025\\\/02\\\/09\\\/los-monos-y-deportivo-merovek-campeones-del-torneo-de-verano-en-la-esmeralda\\\/\"},\"author\":{\"name\":\"NOTICIASMERCEDINAS.COM\",\"@id\":\"https:\\\/\\\/noticiasmercedinas.com\\\/site\\\/#\\\/schema\\\/person\\\/84b59c099c28ff2e8b77d4ceec5d8063\"},\"headline\":\"Los Monos y Deportivo Mer Bike, campeones del Torneo de Verano en La Esmeralda\",\"datePublished\":\"2025-02-09T17:20:11+00:00\",\"dateModified\":\"2025-02-10T12:43:15+00:00\",\"mainEntityOfPage\":{\"@id\":\"https:\\\/\\\/noticiasmercedinas.com\\\/site\\\/2025\\\/02\\\/09\\\/los-monos-y-deportivo-merovek-campeones-del-torneo-de-verano-en-la-esmeralda\\\/\"},\"wordCount\":612,\"publisher\":{\"@id\":\"https:\\\/\\\/noticiasmercedinas.com\\\/site\\\/#organization\"},\"image\":{\"@id\":\"https:\\\/\\\/noticiasmercedinas.com\\\/site\\\/2025\\\/02\\\/09\\\/los-monos-y-deportivo-merovek-campeones-del-torneo-de-verano-en-la-esmeralda\\\/#primaryimage\"},\"thumbnailUrl\":\"https:\\\/\\\/noticiasmercedinas.com\\\/site\\\/wp-content\\\/uploads\\\/2025\\\/02\\\/LAESME01.jpg\",\"keywords\":[\"cewes\",\"futbol\",\"Juan Cruz Heiderscheid\",\"la.esmeralda\"],\"articleSection\":[\"Deportes\"],\"inLanguage\":\"es\"},{\"@type\":\"WebPage\",\"@id\":\"https:\\\/\\\/noticiasmercedinas.com\\\/site\\\/2025\\\/02\\\/09\\\/los-monos-y-deportivo-merovek-campeones-del-torneo-de-verano-en-la-esmeralda\\\/\",\"url\":\"https:\\\/\\\/noticiasmercedinas.com\\\/site\\\/2025\\\/02\\\/09\\\/los-monos-y-deportivo-merovek-campeones-del-torneo-de-verano-en-la-esmeralda\\\/\",\"name\":\"Los Monos y Deportivo Mer Bike, campeones del Torneo de Verano en La Esmeralda\",\"isPartOf\":{\"@id\":\"https:\\\/\\\/noticiasmercedinas.com\\\/site\\\/#website\"},\"primaryImageOfPage\":{\"@id\":\"https:\\\/\\\/noticiasmercedinas.com\\\/site\\\/2025\\\/02\\\/09\\\/los-monos-y-deportivo-merovek-campeones-del-torneo-de-verano-en-la-esmeralda\\\/#primaryimage\"},\"image\":{\"@id\":\"https:\\\/\\\/noticiasmercedinas.com\\\/site\\\/2025\\\/02\\\/09\\\/los-monos-y-deportivo-merovek-campeones-del-torneo-de-verano-en-la-esmeralda\\\/#primaryimage\"},\"thumbnailUrl\":\"https:\\\/\\\/noticiasmercedinas.com\\\/site\\\/wp-content\\\/uploads\\\/2025\\\/02\\\/LAESME01.jpg\",\"datePublished\":\"2025-02-09T17:20:11+00:00\",\"dateModified\":\"2025-02-10T12:43:15+00:00\",\"breadcrumb\":{\"@id\":\"https:\\\/\\\/noticiasmercedinas.com\\\/site\\\/2025\\\/02\\\/09\\\/los-monos-y-deportivo-merovek-campeones-del-torneo-de-verano-en-la-esmeralda\\\/#breadcrumb\"},\"inLanguage\":\"es\",\"potentialAction\":[{\"@type\":\"ReadAction\",\"target\":[\"https:\\\/\\\/noticiasmercedinas.com\\\/site\\\/2025\\\/02\\\/09\\\/los-monos-y-deportivo-merovek-campeones-del-torneo-de-verano-en-la-esmeralda\\\/\"]}]},{\"@type\":\"ImageObject\",\"inLanguage\":\"es\",\"@id\":\"https:\\\/\\\/noticiasmercedinas.com\\\/site\\\/2025\\\/02\\\/09\\\/los-monos-y-deportivo-merovek-campeones-del-torneo-de-verano-en-la-esmeralda\\\/#primaryimage\",\"url\":\"https:\\\/\\\/noticiasmercedinas.com\\\/site\\\/wp-content\\\/uploads\\\/2025\\\/02\\\/LAESME01.jpg\",\"contentUrl\":\"https:\\\/\\\/noticiasmercedinas.com\\\/site\\\/wp-content\\\/uploads\\\/2025\\\/02\\\/LAESME01.jpg\",\"width\":792,\"height\":543},{\"@type\":\"BreadcrumbList\",\"@id\":\"https:\\\/\\\/noticiasmercedinas.com\\\/site\\\/2025\\\/02\\\/09\\\/los-monos-y-deportivo-merovek-campeones-del-torneo-de-verano-en-la-esmeralda\\\/#breadcrumb\",\"itemListElement\":[{\"@type\":\"ListItem\",\"position\":1,\"name\":\"Portada\",\"item\":\"https:\\\/\\\/noticiasmercedinas.com\\\/site\\\/\"},{\"@type\":\"ListItem\",\"position\":2,\"name\":\"Los Monos y Deportivo Mer Bike, campeones del Torneo de Verano en La Esmeralda\"}]},{\"@type\":\"WebSite\",\"@id\":\"https:\\\/\\\/noticiasmercedinas.com\\\/site\\\/#website\",\"url\":\"https:\\\/\\\/noticiasmercedinas.com\\\/site\\\/\",\"name\":\"NOTICIASMERCEDINAS.COM\",\"description\":\"Mercedes, Buenos Aires, Argentina\",\"publisher\":{\"@id\":\"https:\\\/\\\/noticiasmercedinas.com\\\/site\\\/#organization\"},\"potentialAction\":[{\"@type\":\"SearchAction\",\"target\":{\"@type\":\"EntryPoint\",\"urlTemplate\":\"https:\\\/\\\/noticiasmercedinas.com\\\/site\\\/?s={search_term_string}\"},\"query-input\":{\"@type\":\"PropertyValueSpecification\",\"valueRequired\":true,\"valueName\":\"search_term_string\"}}],\"inLanguage\":\"es\"},{\"@type\":\"Organization\",\"@id\":\"https:\\\/\\\/noticiasmercedinas.com\\\/site\\\/#organization\",\"name\":\"NOTICIASMERCEDINAS.COM\",\"url\":\"https:\\\/\\\/noticiasmercedinas.com\\\/site\\\/\",\"logo\":{\"@type\":\"ImageObject\",\"inLanguage\":\"es\",\"@id\":\"https:\\\/\\\/noticiasmercedinas.com\\\/site\\\/#\\\/schema\\\/logo\\\/image\\\/\",\"url\":\"https:\\\/\\\/noticiasmercedinas.com\\\/site\\\/wp-content\\\/uploads\\\/2020\\\/06\\\/LOGO-512.jpg\",\"contentUrl\":\"https:\\\/\\\/noticiasmercedinas.com\\\/site\\\/wp-content\\\/uploads\\\/2020\\\/06\\\/LOGO-512.jpg\",\"width\":512,\"height\":512,\"caption\":\"NOTICIASMERCEDINAS.COM\"},\"image\":{\"@id\":\"https:\\\/\\\/noticiasmercedinas.com\\\/site\\\/#\\\/schema\\\/logo\\\/image\\\/\"},\"sameAs\":[\"https:\\\/\\\/www.facebook.com\\\/noticiasmercedinas\\\/\",\"https:\\\/\\\/x.com\\\/notmercedinas\",\"https:\\\/\\\/www.instagram.com\\\/noticiasmercedinas\\\/\"]},{\"@type\":\"Person\",\"@id\":\"https:\\\/\\\/noticiasmercedinas.com\\\/site\\\/#\\\/schema\\\/person\\\/84b59c099c28ff2e8b77d4ceec5d8063\",\"name\":\"NOTICIASMERCEDINAS.COM\",\"image\":{\"@type\":\"ImageObject\",\"inLanguage\":\"es\",\"@id\":\"https:\\\/\\\/secure.gravatar.com\\\/avatar\\\/4dfbf16b4d17945bfb6341b2d19043457132fcf478a5ee04f42e959fd8f5df0a?s=96&d=mm&r=g\",\"url\":\"https:\\\/\\\/secure.gravatar.com\\\/avatar\\\/4dfbf16b4d17945bfb6341b2d19043457132fcf478a5ee04f42e959fd8f5df0a?s=96&d=mm&r=g\",\"contentUrl\":\"https:\\\/\\\/secure.gravatar.com\\\/avatar\\\/4dfbf16b4d17945bfb6341b2d19043457132fcf478a5ee04f42e959fd8f5df0a?s=96&d=mm&r=g\",\"caption\":\"NOTICIASMERCEDINAS.COM\"},\"url\":\"https:\\\/\\\/noticiasmercedinas.com\\\/site\\\/author\\\/anonimo\\\/\"}]}<\/script>\n<!-- \/ Yoast SEO plugin. -->","yoast_head_json":{"title":"Los Monos y Deportivo Mer Bike, campeones del Torneo de Verano en La Esmeralda","robots":{"index":"index","follow":"follow","max-snippet":"max-snippet:-1","max-image-preview":"max-image-preview:large","max-video-preview":"max-video-preview:-1"},"canonical":"https:\/\/noticiasmercedinas.com\/site\/2025\/02\/09\/los-monos-y-deportivo-merovek-campeones-del-torneo-de-verano-en-la-esmeralda\/","og_locale":"es_ES","og_type":"article","og_title":"Los Monos y Deportivo Mer Bike, campeones del Torneo de Verano en La Esmeralda","og_description":"\u25a0 Con una gran convocatoria y un ambiente familiar, el certamen, que se desarroll\u00f3 desde el 25 de enero hasta el 8 de febrero, reuni\u00f3 a 16 equipos seleccionados entre m\u00e1s de 40","og_url":"https:\/\/noticiasmercedinas.com\/site\/2025\/02\/09\/los-monos-y-deportivo-merovek-campeones-del-torneo-de-verano-en-la-esmeralda\/","og_site_name":"NOTICIASMERCEDINAS.COM","article_publisher":"https:\/\/www.facebook.com\/noticiasmercedinas\/","article_published_time":"2025-02-09T17:20:11+00:00","article_modified_time":"2025-02-10T12:43:15+00:00","og_image":[{"width":792,"height":543,"url":"https:\/\/noticiasmercedinas.com\/site\/wp-content\/uploads\/2025\/02\/LAESME01.jpg","type":"image\/jpeg"}],"author":"NOTICIASMERCEDINAS.COM","twitter_card":"summary_large_image","twitter_creator":"@notmercedinas","twitter_site":"@notmercedinas","twitter_misc":{"Escrito por":"NOTICIASMERCEDINAS.COM","Tiempo de lectura":"3 minutos"},"schema":{"@context":"https:\/\/schema.org","@graph":[{"@type":"Article","@id":"https:\/\/noticiasmercedinas.com\/site\/2025\/02\/09\/los-monos-y-deportivo-merovek-campeones-del-torneo-de-verano-en-la-esmeralda\/#article","isPartOf":{"@id":"https:\/\/noticiasmercedinas.com\/site\/2025\/02\/09\/los-monos-y-deportivo-merovek-campeones-del-torneo-de-verano-en-la-esmeralda\/"},"author":{"name":"NOTICIASMERCEDINAS.COM","@id":"https:\/\/noticiasmercedinas.com\/site\/#\/schema\/person\/84b59c099c28ff2e8b77d4ceec5d8063"},"headline":"Los Monos y Deportivo Mer Bike, campeones del Torneo de Verano en La Esmeralda","datePublished":"2025-02-09T17:20:11+00:00","dateModified":"2025-02-10T12:43:15+00:00","mainEntityOfPage":{"@id":"https:\/\/noticiasmercedinas.com\/site\/2025\/02\/09\/los-monos-y-deportivo-merovek-campeones-del-torneo-de-verano-en-la-esmeralda\/"},"wordCount":612,"publisher":{"@id":"https:\/\/noticiasmercedinas.com\/site\/#organization"},"image":{"@id":"https:\/\/noticiasmercedinas.com\/site\/2025\/02\/09\/los-monos-y-deportivo-merovek-campeones-del-torneo-de-verano-en-la-esmeralda\/#primaryimage"},"thumbnailUrl":"https:\/\/noticiasmercedinas.com\/site\/wp-content\/uploads\/2025\/02\/LAESME01.jpg","keywords":["cewes","futbol","Juan Cruz Heiderscheid","la.esmeralda"],"articleSection":["Deportes"],"inLanguage":"es"},{"@type":"WebPage","@id":"https:\/\/noticiasmercedinas.com\/site\/2025\/02\/09\/los-monos-y-deportivo-merovek-campeones-del-torneo-de-verano-en-la-esmeralda\/","url":"https:\/\/noticiasmercedinas.com\/site\/2025\/02\/09\/los-monos-y-deportivo-merovek-campeones-del-torneo-de-verano-en-la-esmeralda\/","name":"Los Monos y Deportivo Mer Bike, campeones del Torneo de Verano en La Esmeralda","isPartOf":{"@id":"https:\/\/noticiasmercedinas.com\/site\/#website"},"primaryImageOfPage":{"@id":"https:\/\/noticiasmercedinas.com\/site\/2025\/02\/09\/los-monos-y-deportivo-merovek-campeones-del-torneo-de-verano-en-la-esmeralda\/#primaryimage"},"image":{"@id":"https:\/\/noticiasmercedinas.com\/site\/2025\/02\/09\/los-monos-y-deportivo-merovek-campeones-del-torneo-de-verano-en-la-esmeralda\/#primaryimage"},"thumbnailUrl":"https:\/\/noticiasmercedinas.com\/site\/wp-content\/uploads\/2025\/02\/LAESME01.jpg","datePublished":"2025-02-09T17:20:11+00:00","dateModified":"2025-02-10T12:43:15+00:00","breadcrumb":{"@id":"https:\/\/noticiasmercedinas.com\/site\/2025\/02\/09\/los-monos-y-deportivo-merovek-campeones-del-torneo-de-verano-en-la-esmeralda\/#breadcrumb"},"inLanguage":"es","potentialAction":[{"@type":"ReadAction","target":["https:\/\/noticiasmercedinas.com\/site\/2025\/02\/09\/los-monos-y-deportivo-merovek-campeones-del-torneo-de-verano-en-la-esmeralda\/"]}]},{"@type":"ImageObject","inLanguage":"es","@id":"https:\/\/noticiasmercedinas.com\/site\/2025\/02\/09\/los-monos-y-deportivo-merovek-campeones-del-torneo-de-verano-en-la-esmeralda\/#primaryimage","url":"https:\/\/noticiasmercedinas.com\/site\/wp-content\/uploads\/2025\/02\/LAESME01.jpg","contentUrl":"https:\/\/noticiasmercedinas.com\/site\/wp-content\/uploads\/2025\/02\/LAESME01.jpg","width":792,"height":543},{"@type":"BreadcrumbList","@id":"https:\/\/noticiasmercedinas.com\/site\/2025\/02\/09\/los-monos-y-deportivo-merovek-campeones-del-torneo-de-verano-en-la-esmeralda\/#breadcrumb","itemListElement":[{"@type":"ListItem","position":1,"name":"Portada","item":"https:\/\/noticiasmercedinas.com\/site\/"},{"@type":"ListItem","position":2,"name":"Los Monos y Deportivo Mer Bike, campeones del Torneo de Verano en La Esmeralda"}]},{"@type":"WebSite","@id":"https:\/\/noticiasmercedinas.com\/site\/#website","url":"https:\/\/noticiasmercedinas.com\/site\/","name":"NOTICIASMERCEDINAS.COM","description":"Mercedes, Buenos Aires, Argentina","publisher":{"@id":"https:\/\/noticiasmercedinas.com\/site\/#organization"},"potentialAction":[{"@type":"SearchAction","target":{"@type":"EntryPoint","urlTemplate":"https:\/\/noticiasmercedinas.com\/site\/?s={search_term_string}"},"query-input":{"@type":"PropertyValueSpecification","valueRequired":true,"valueName":"search_term_string"}}],"inLanguage":"es"},{"@type":"Organization","@id":"https:\/\/noticiasmercedinas.com\/site\/#organization","name":"NOTICIASMERCEDINAS.COM","url":"https:\/\/noticiasmercedinas.com\/site\/","logo":{"@type":"ImageObject","inLanguage":"es","@id":"https:\/\/noticiasmercedinas.com\/site\/#\/schema\/logo\/image\/","url":"https:\/\/noticiasmercedinas.com\/site\/wp-content\/uploads\/2020\/06\/LOGO-512.jpg","contentUrl":"https:\/\/noticiasmercedinas.com\/site\/wp-content\/uploads\/2020\/06\/LOGO-512.jpg","width":512,"height":512,"caption":"NOTICIASMERCEDINAS.COM"},"image":{"@id":"https:\/\/noticiasmercedinas.com\/site\/#\/schema\/logo\/image\/"},"sameAs":["https:\/\/www.facebook.com\/noticiasmercedinas\/","https:\/\/x.com\/notmercedinas","https:\/\/www.instagram.com\/noticiasmercedinas\/"]},{"@type":"Person","@id":"https:\/\/noticiasmercedinas.com\/site\/#\/schema\/person\/84b59c099c28ff2e8b77d4ceec5d8063","name":"NOTICIASMERCEDINAS.COM","image":{"@type":"ImageObject","inLanguage":"es","@id":"https:\/\/secure.gravatar.com\/avatar\/4dfbf16b4d17945bfb6341b2d19043457132fcf478a5ee04f42e959fd8f5df0a?s=96&d=mm&r=g","url":"https:\/\/secure.gravatar.com\/avatar\/4dfbf16b4d17945bfb6341b2d19043457132fcf478a5ee04f42e959fd8f5df0a?s=96&d=mm&r=g","contentUrl":"https:\/\/secure.gravatar.com\/avatar\/4dfbf16b4d17945bfb6341b2d19043457132fcf478a5ee04f42e959fd8f5df0a?s=96&d=mm&r=g","caption":"NOTICIASMERCEDINAS.COM"},"url":"https:\/\/noticiasmercedinas.com\/site\/author\/anonimo\/"}]}},"amp_enabled":true,"_links":{"self":[{"href":"https:\/\/noticiasmercedinas.com\/site\/wp-json\/wp\/v2\/posts\/153214","targetHints":{"allow":["GET"]}}],"collection":[{"href":"https:\/\/noticiasmercedinas.com\/site\/wp-json\/wp\/v2\/posts"}],"about":[{"href":"https:\/\/noticiasmercedinas.com\/site\/wp-json\/wp\/v2\/types\/post"}],"author":[{"embeddable":true,"href":"https:\/\/noticiasmercedinas.com\/site\/wp-json\/wp\/v2\/users\/16"}],"replies":[{"embeddable":true,"href":"https:\/\/noticiasmercedinas.com\/site\/wp-json\/wp\/v2\/comments?post=153214"}],"version-history":[{"count":5,"href":"https:\/\/noticiasmercedinas.com\/site\/wp-json\/wp\/v2\/posts\/153214\/revisions"}],"predecessor-version":[{"id":153244,"href":"https:\/\/noticiasmercedinas.com\/site\/wp-json\/wp\/v2\/posts\/153214\/revisions\/153244"}],"wp:featuredmedia":[{"embeddable":true,"href":"https:\/\/noticiasmercedinas.com\/site\/wp-json\/wp\/v2\/media\/153216"}],"wp:attachment":[{"href":"https:\/\/noticiasmercedinas.com\/site\/wp-json\/wp\/v2\/media?parent=153214"}],"wp:term":[{"taxonomy":"category","embeddable":true,"href":"https:\/\/noticiasmercedinas.com\/site\/wp-json\/wp\/v2\/categories?post=153214"},{"taxonomy":"post_tag","embeddable":true,"href":"https:\/\/noticiasmercedinas.com\/site\/wp-json\/wp\/v2\/tags?post=153214"}],"curies":[{"name":"wp","href":"https:\/\/api.w.org\/{rel}","templated":true}]}}