{"id":153431,"date":"2025-02-12T19:26:25","date_gmt":"2025-02-12T22:26:25","guid":{"rendered":"https:\/\/noticiasmercedinas.com\/site\/?p=153431"},"modified":"2025-02-12T19:26:25","modified_gmt":"2025-02-12T22:26:25","slug":"docentes-bonaerenses-aceptaron-la-propuesta-salarial-en-medio-de-reclamos-por-mejores-condiciones-laborales","status":"publish","type":"post","link":"https:\/\/noticiasmercedinas.com\/site\/2025\/02\/12\/docentes-bonaerenses-aceptaron-la-propuesta-salarial-en-medio-de-reclamos-por-mejores-condiciones-laborales\/","title":{"rendered":"Docentes bonaerenses aceptaron la propuesta salarial en medio de reclamos por mejores condiciones laborales"},"content":{"rendered":"<p><img loading=\"lazy\" decoding=\"async\" class=\"alignnone size-full wp-image-11808\" src=\"https:\/\/noticiasmercedinas.com\/site\/wp-content\/uploads\/2019\/02\/docentes.jpg\" alt=\"\" width=\"640\" height=\"478\" srcset=\"https:\/\/noticiasmercedinas.com\/site\/wp-content\/uploads\/2019\/02\/docentes.jpg 640w, https:\/\/noticiasmercedinas.com\/site\/wp-content\/uploads\/2019\/02\/docentes-300x224.jpg 300w, https:\/\/noticiasmercedinas.com\/site\/wp-content\/uploads\/2019\/02\/docentes-80x60.jpg 80w, https:\/\/noticiasmercedinas.com\/site\/wp-content\/uploads\/2019\/02\/docentes-160x120.jpg 160w, https:\/\/noticiasmercedinas.com\/site\/wp-content\/uploads\/2019\/02\/docentes-100x75.jpg 100w, https:\/\/noticiasmercedinas.com\/site\/wp-content\/uploads\/2019\/02\/docentes-200x150.jpg 200w, https:\/\/noticiasmercedinas.com\/site\/wp-content\/uploads\/2019\/02\/docentes-180x135.jpg 180w, https:\/\/noticiasmercedinas.com\/site\/wp-content\/uploads\/2019\/02\/docentes-360x270.jpg 360w, https:\/\/noticiasmercedinas.com\/site\/wp-content\/uploads\/2019\/02\/docentes-238x178.jpg 238w, https:\/\/noticiasmercedinas.com\/site\/wp-content\/uploads\/2019\/02\/docentes-476x356.jpg 476w\" sizes=\"auto, (max-width: 640px) 100vw, 640px\" \/><\/p>\n<p>A pesar de la persistencia de reclamos por parte de sectores disidentes y las cr\u00edticas sobre los bajos salarios que, seg\u00fan varias voces gremiales, no alcanzan para cubrir las necesidades b\u00e1sicas, el Frente de Unidad Docente Bonaerense (FUDB) aprob\u00f3 hoy la propuesta salarial presentada por el Gobierno Provincial.<\/p>\n<p>Muchos docentes a\u00fan enfrentan el desaf\u00edo de trabajar largas jornadas para lograr un ingreso cercano a lo digno.<\/p>\n<p>Durante el Plenario de Secretarias y Secretarios Generales de UDOCBA, encabezado por su Secretario General, Alejandro Salcedo, se debatieron los t\u00e9rminos de la oferta, que fue aceptada por mayor\u00eda.<\/p>\n<p><strong>Detalles del acuerdo<\/strong><br \/>\nEl incremento salarial acordado es del 9%, tomando como base de c\u00e1lculo los sueldos de enero de 2025:<\/p>\n<ul>\n<li>7% con los sueldos de febrero.<\/li>\n<li>2% restante con los sueldos de marzo.<\/li>\n<\/ul>\n<p>Adem\u00e1s, la propuesta incluye:<\/p>\n<ul>\n<li>Cl\u00e1usula de revisi\u00f3n: Monitoreo de la inflaci\u00f3n en marzo y reapertura de las paritarias en abril.<\/li>\n<li>Pago adelantado: Los salarios de febrero se pagar\u00e1n el 8 de marzo, antes del feriado de carnaval.<\/li>\n<li>Aumento de ayuda escolar: Elevada a $85.000, con un incremento del 65,9%.<\/li>\n<li>Asignaciones familiares: Incremento del 10,4%, con tramos de $39.000, $26.500, $16.000 y $8.200.<\/li>\n<\/ul>\n<p><strong>Reclamo por el Fondo de Incentivo Docente<br \/>\n<\/strong>Los sindicatos que integran el FUDB (AMET, FEB, SADOP, SUTEBA y UDOCBA) reclamaron nuevamente al Gobierno Nacional la devoluci\u00f3n del Fondo de Incentivo Docente, se\u00f1alando que su eliminaci\u00f3n ha provocado una considerable disminuci\u00f3n en los ingresos de los trabajadores de la educaci\u00f3n.<\/p>\n<p>El FUDB destac\u00f3 que, si bien el acuerdo es un paso adelante, resulta crucial seguir negociando para mejorar las condiciones laborales y salariales del sector docente en la provincia de Buenos Aires.<\/p>\n","protected":false},"excerpt":{"rendered":"<p>A pesar de la persistencia de reclamos por parte de sectores disidentes y las cr\u00edticas sobre los bajos salarios que, seg\u00fan varias voces gremiales, no alcanzan para cubrir las necesidades b\u00e1sicas, el Frente de Unidad Docente Bonaerense (FUDB) aprob\u00f3 hoy la propuesta salarial presentada por el Gobierno Provincial. Muchos docentes a\u00fan enfrentan el desaf\u00edo de [&hellip;]<\/p>\n","protected":false},"author":16,"featured_media":11808,"comment_status":"closed","ping_status":"closed","sticky":false,"template":"","format":"standard","meta":{"footnotes":""},"categories":[7919],"tags":[118,423],"class_list":["post-153431","post","type-post","status-publish","format-standard","has-post-thumbnail","hentry","category-provinciales","tag-docentes","tag-salarios"],"yoast_head":"<!-- This site is optimized with the Yoast SEO plugin v27.4 - https:\/\/yoast.com\/product\/yoast-seo-wordpress\/ -->\n<title>Docentes bonaerenses aceptaron la propuesta salarial en medio de reclamos por mejores condiciones laborales<\/title>\n<meta name=\"robots\" content=\"index, follow, max-snippet:-1, max-image-preview:large, max-video-preview:-1\" \/>\n<link rel=\"canonical\" href=\"https:\/\/noticiasmercedinas.com\/site\/2025\/02\/12\/docentes-bonaerenses-aceptaron-la-propuesta-salarial-en-medio-de-reclamos-por-mejores-condiciones-laborales\/\" \/>\n<meta property=\"og:locale\" content=\"es_ES\" \/>\n<meta property=\"og:type\" content=\"article\" \/>\n<meta property=\"og:title\" content=\"Docentes bonaerenses aceptaron la propuesta salarial en medio de reclamos por mejores condiciones laborales\" \/>\n<meta property=\"og:description\" content=\"A pesar de la persistencia de reclamos por parte de sectores disidentes y las cr\u00edticas sobre los bajos salarios que, seg\u00fan varias voces gremiales, no alcanzan para cubrir las necesidades b\u00e1sicas, el Frente de Unidad Docente Bonaerense (FUDB) aprob\u00f3 hoy la propuesta salarial presentada por el Gobierno Provincial. Muchos docentes a\u00fan enfrentan el desaf\u00edo de [&hellip;]\" \/>\n<meta property=\"og:url\" content=\"https:\/\/noticiasmercedinas.com\/site\/2025\/02\/12\/docentes-bonaerenses-aceptaron-la-propuesta-salarial-en-medio-de-reclamos-por-mejores-condiciones-laborales\/\" \/>\n<meta property=\"og:site_name\" content=\"NOTICIASMERCEDINAS.COM\" \/>\n<meta property=\"article:publisher\" content=\"https:\/\/www.facebook.com\/noticiasmercedinas\/\" \/>\n<meta property=\"article:published_time\" content=\"2025-02-12T22:26:25+00:00\" \/>\n<meta property=\"og:image\" content=\"https:\/\/noticiasmercedinas.com\/site\/wp-content\/uploads\/2019\/02\/docentes.jpg\" \/>\n\t<meta property=\"og:image:width\" content=\"640\" \/>\n\t<meta property=\"og:image:height\" content=\"478\" \/>\n\t<meta property=\"og:image:type\" content=\"image\/jpeg\" \/>\n<meta name=\"author\" content=\"NOTICIASMERCEDINAS.COM\" \/>\n<meta name=\"twitter:card\" content=\"summary_large_image\" \/>\n<meta name=\"twitter:creator\" content=\"@notmercedinas\" \/>\n<meta name=\"twitter:site\" content=\"@notmercedinas\" \/>\n<meta name=\"twitter:label1\" content=\"Escrito por\" \/>\n\t<meta name=\"twitter:data1\" content=\"NOTICIASMERCEDINAS.COM\" \/>\n\t<meta name=\"twitter:label2\" content=\"Tiempo de lectura\" \/>\n\t<meta name=\"twitter:data2\" content=\"1 minuto\" \/>\n<script type=\"application\/ld+json\" class=\"yoast-schema-graph\">{\"@context\":\"https:\\\/\\\/schema.org\",\"@graph\":[{\"@type\":\"Article\",\"@id\":\"https:\\\/\\\/noticiasmercedinas.com\\\/site\\\/2025\\\/02\\\/12\\\/docentes-bonaerenses-aceptaron-la-propuesta-salarial-en-medio-de-reclamos-por-mejores-condiciones-laborales\\\/#article\",\"isPartOf\":{\"@id\":\"https:\\\/\\\/noticiasmercedinas.com\\\/site\\\/2025\\\/02\\\/12\\\/docentes-bonaerenses-aceptaron-la-propuesta-salarial-en-medio-de-reclamos-por-mejores-condiciones-laborales\\\/\"},\"author\":{\"name\":\"NOTICIASMERCEDINAS.COM\",\"@id\":\"https:\\\/\\\/noticiasmercedinas.com\\\/site\\\/#\\\/schema\\\/person\\\/84b59c099c28ff2e8b77d4ceec5d8063\"},\"headline\":\"Docentes bonaerenses aceptaron la propuesta salarial en medio de reclamos por mejores condiciones laborales\",\"datePublished\":\"2025-02-12T22:26:25+00:00\",\"mainEntityOfPage\":{\"@id\":\"https:\\\/\\\/noticiasmercedinas.com\\\/site\\\/2025\\\/02\\\/12\\\/docentes-bonaerenses-aceptaron-la-propuesta-salarial-en-medio-de-reclamos-por-mejores-condiciones-laborales\\\/\"},\"wordCount\":292,\"publisher\":{\"@id\":\"https:\\\/\\\/noticiasmercedinas.com\\\/site\\\/#organization\"},\"image\":{\"@id\":\"https:\\\/\\\/noticiasmercedinas.com\\\/site\\\/2025\\\/02\\\/12\\\/docentes-bonaerenses-aceptaron-la-propuesta-salarial-en-medio-de-reclamos-por-mejores-condiciones-laborales\\\/#primaryimage\"},\"thumbnailUrl\":\"https:\\\/\\\/noticiasmercedinas.com\\\/site\\\/wp-content\\\/uploads\\\/2019\\\/02\\\/docentes.jpg\",\"keywords\":[\"docentes\",\"salarios\"],\"articleSection\":[\"Provinciales\"],\"inLanguage\":\"es\"},{\"@type\":\"WebPage\",\"@id\":\"https:\\\/\\\/noticiasmercedinas.com\\\/site\\\/2025\\\/02\\\/12\\\/docentes-bonaerenses-aceptaron-la-propuesta-salarial-en-medio-de-reclamos-por-mejores-condiciones-laborales\\\/\",\"url\":\"https:\\\/\\\/noticiasmercedinas.com\\\/site\\\/2025\\\/02\\\/12\\\/docentes-bonaerenses-aceptaron-la-propuesta-salarial-en-medio-de-reclamos-por-mejores-condiciones-laborales\\\/\",\"name\":\"Docentes bonaerenses aceptaron la propuesta salarial en medio de reclamos por mejores condiciones laborales\",\"isPartOf\":{\"@id\":\"https:\\\/\\\/noticiasmercedinas.com\\\/site\\\/#website\"},\"primaryImageOfPage\":{\"@id\":\"https:\\\/\\\/noticiasmercedinas.com\\\/site\\\/2025\\\/02\\\/12\\\/docentes-bonaerenses-aceptaron-la-propuesta-salarial-en-medio-de-reclamos-por-mejores-condiciones-laborales\\\/#primaryimage\"},\"image\":{\"@id\":\"https:\\\/\\\/noticiasmercedinas.com\\\/site\\\/2025\\\/02\\\/12\\\/docentes-bonaerenses-aceptaron-la-propuesta-salarial-en-medio-de-reclamos-por-mejores-condiciones-laborales\\\/#primaryimage\"},\"thumbnailUrl\":\"https:\\\/\\\/noticiasmercedinas.com\\\/site\\\/wp-content\\\/uploads\\\/2019\\\/02\\\/docentes.jpg\",\"datePublished\":\"2025-02-12T22:26:25+00:00\",\"breadcrumb\":{\"@id\":\"https:\\\/\\\/noticiasmercedinas.com\\\/site\\\/2025\\\/02\\\/12\\\/docentes-bonaerenses-aceptaron-la-propuesta-salarial-en-medio-de-reclamos-por-mejores-condiciones-laborales\\\/#breadcrumb\"},\"inLanguage\":\"es\",\"potentialAction\":[{\"@type\":\"ReadAction\",\"target\":[\"https:\\\/\\\/noticiasmercedinas.com\\\/site\\\/2025\\\/02\\\/12\\\/docentes-bonaerenses-aceptaron-la-propuesta-salarial-en-medio-de-reclamos-por-mejores-condiciones-laborales\\\/\"]}]},{\"@type\":\"ImageObject\",\"inLanguage\":\"es\",\"@id\":\"https:\\\/\\\/noticiasmercedinas.com\\\/site\\\/2025\\\/02\\\/12\\\/docentes-bonaerenses-aceptaron-la-propuesta-salarial-en-medio-de-reclamos-por-mejores-condiciones-laborales\\\/#primaryimage\",\"url\":\"https:\\\/\\\/noticiasmercedinas.com\\\/site\\\/wp-content\\\/uploads\\\/2019\\\/02\\\/docentes.jpg\",\"contentUrl\":\"https:\\\/\\\/noticiasmercedinas.com\\\/site\\\/wp-content\\\/uploads\\\/2019\\\/02\\\/docentes.jpg\",\"width\":640,\"height\":478},{\"@type\":\"BreadcrumbList\",\"@id\":\"https:\\\/\\\/noticiasmercedinas.com\\\/site\\\/2025\\\/02\\\/12\\\/docentes-bonaerenses-aceptaron-la-propuesta-salarial-en-medio-de-reclamos-por-mejores-condiciones-laborales\\\/#breadcrumb\",\"itemListElement\":[{\"@type\":\"ListItem\",\"position\":1,\"name\":\"Portada\",\"item\":\"https:\\\/\\\/noticiasmercedinas.com\\\/site\\\/\"},{\"@type\":\"ListItem\",\"position\":2,\"name\":\"Docentes bonaerenses aceptaron la propuesta salarial en medio de reclamos por mejores condiciones laborales\"}]},{\"@type\":\"WebSite\",\"@id\":\"https:\\\/\\\/noticiasmercedinas.com\\\/site\\\/#website\",\"url\":\"https:\\\/\\\/noticiasmercedinas.com\\\/site\\\/\",\"name\":\"NOTICIASMERCEDINAS.COM\",\"description\":\"Mercedes, Buenos Aires, Argentina\",\"publisher\":{\"@id\":\"https:\\\/\\\/noticiasmercedinas.com\\\/site\\\/#organization\"},\"potentialAction\":[{\"@type\":\"SearchAction\",\"target\":{\"@type\":\"EntryPoint\",\"urlTemplate\":\"https:\\\/\\\/noticiasmercedinas.com\\\/site\\\/?s={search_term_string}\"},\"query-input\":{\"@type\":\"PropertyValueSpecification\",\"valueRequired\":true,\"valueName\":\"search_term_string\"}}],\"inLanguage\":\"es\"},{\"@type\":\"Organization\",\"@id\":\"https:\\\/\\\/noticiasmercedinas.com\\\/site\\\/#organization\",\"name\":\"NOTICIASMERCEDINAS.COM\",\"url\":\"https:\\\/\\\/noticiasmercedinas.com\\\/site\\\/\",\"logo\":{\"@type\":\"ImageObject\",\"inLanguage\":\"es\",\"@id\":\"https:\\\/\\\/noticiasmercedinas.com\\\/site\\\/#\\\/schema\\\/logo\\\/image\\\/\",\"url\":\"https:\\\/\\\/noticiasmercedinas.com\\\/site\\\/wp-content\\\/uploads\\\/2020\\\/06\\\/LOGO-512.jpg\",\"contentUrl\":\"https:\\\/\\\/noticiasmercedinas.com\\\/site\\\/wp-content\\\/uploads\\\/2020\\\/06\\\/LOGO-512.jpg\",\"width\":512,\"height\":512,\"caption\":\"NOTICIASMERCEDINAS.COM\"},\"image\":{\"@id\":\"https:\\\/\\\/noticiasmercedinas.com\\\/site\\\/#\\\/schema\\\/logo\\\/image\\\/\"},\"sameAs\":[\"https:\\\/\\\/www.facebook.com\\\/noticiasmercedinas\\\/\",\"https:\\\/\\\/x.com\\\/notmercedinas\",\"https:\\\/\\\/www.instagram.com\\\/noticiasmercedinas\\\/\"]},{\"@type\":\"Person\",\"@id\":\"https:\\\/\\\/noticiasmercedinas.com\\\/site\\\/#\\\/schema\\\/person\\\/84b59c099c28ff2e8b77d4ceec5d8063\",\"name\":\"NOTICIASMERCEDINAS.COM\",\"image\":{\"@type\":\"ImageObject\",\"inLanguage\":\"es\",\"@id\":\"https:\\\/\\\/secure.gravatar.com\\\/avatar\\\/4dfbf16b4d17945bfb6341b2d19043457132fcf478a5ee04f42e959fd8f5df0a?s=96&d=mm&r=g\",\"url\":\"https:\\\/\\\/secure.gravatar.com\\\/avatar\\\/4dfbf16b4d17945bfb6341b2d19043457132fcf478a5ee04f42e959fd8f5df0a?s=96&d=mm&r=g\",\"contentUrl\":\"https:\\\/\\\/secure.gravatar.com\\\/avatar\\\/4dfbf16b4d17945bfb6341b2d19043457132fcf478a5ee04f42e959fd8f5df0a?s=96&d=mm&r=g\",\"caption\":\"NOTICIASMERCEDINAS.COM\"},\"url\":\"https:\\\/\\\/noticiasmercedinas.com\\\/site\\\/author\\\/anonimo\\\/\"}]}<\/script>\n<!-- \/ Yoast SEO plugin. -->","yoast_head_json":{"title":"Docentes bonaerenses aceptaron la propuesta salarial en medio de reclamos por mejores condiciones laborales","robots":{"index":"index","follow":"follow","max-snippet":"max-snippet:-1","max-image-preview":"max-image-preview:large","max-video-preview":"max-video-preview:-1"},"canonical":"https:\/\/noticiasmercedinas.com\/site\/2025\/02\/12\/docentes-bonaerenses-aceptaron-la-propuesta-salarial-en-medio-de-reclamos-por-mejores-condiciones-laborales\/","og_locale":"es_ES","og_type":"article","og_title":"Docentes bonaerenses aceptaron la propuesta salarial en medio de reclamos por mejores condiciones laborales","og_description":"A pesar de la persistencia de reclamos por parte de sectores disidentes y las cr\u00edticas sobre los bajos salarios que, seg\u00fan varias voces gremiales, no alcanzan para cubrir las necesidades b\u00e1sicas, el Frente de Unidad Docente Bonaerense (FUDB) aprob\u00f3 hoy la propuesta salarial presentada por el Gobierno Provincial. Muchos docentes a\u00fan enfrentan el desaf\u00edo de [&hellip;]","og_url":"https:\/\/noticiasmercedinas.com\/site\/2025\/02\/12\/docentes-bonaerenses-aceptaron-la-propuesta-salarial-en-medio-de-reclamos-por-mejores-condiciones-laborales\/","og_site_name":"NOTICIASMERCEDINAS.COM","article_publisher":"https:\/\/www.facebook.com\/noticiasmercedinas\/","article_published_time":"2025-02-12T22:26:25+00:00","og_image":[{"width":640,"height":478,"url":"https:\/\/noticiasmercedinas.com\/site\/wp-content\/uploads\/2019\/02\/docentes.jpg","type":"image\/jpeg"}],"author":"NOTICIASMERCEDINAS.COM","twitter_card":"summary_large_image","twitter_creator":"@notmercedinas","twitter_site":"@notmercedinas","twitter_misc":{"Escrito por":"NOTICIASMERCEDINAS.COM","Tiempo de lectura":"1 minuto"},"schema":{"@context":"https:\/\/schema.org","@graph":[{"@type":"Article","@id":"https:\/\/noticiasmercedinas.com\/site\/2025\/02\/12\/docentes-bonaerenses-aceptaron-la-propuesta-salarial-en-medio-de-reclamos-por-mejores-condiciones-laborales\/#article","isPartOf":{"@id":"https:\/\/noticiasmercedinas.com\/site\/2025\/02\/12\/docentes-bonaerenses-aceptaron-la-propuesta-salarial-en-medio-de-reclamos-por-mejores-condiciones-laborales\/"},"author":{"name":"NOTICIASMERCEDINAS.COM","@id":"https:\/\/noticiasmercedinas.com\/site\/#\/schema\/person\/84b59c099c28ff2e8b77d4ceec5d8063"},"headline":"Docentes bonaerenses aceptaron la propuesta salarial en medio de reclamos por mejores condiciones laborales","datePublished":"2025-02-12T22:26:25+00:00","mainEntityOfPage":{"@id":"https:\/\/noticiasmercedinas.com\/site\/2025\/02\/12\/docentes-bonaerenses-aceptaron-la-propuesta-salarial-en-medio-de-reclamos-por-mejores-condiciones-laborales\/"},"wordCount":292,"publisher":{"@id":"https:\/\/noticiasmercedinas.com\/site\/#organization"},"image":{"@id":"https:\/\/noticiasmercedinas.com\/site\/2025\/02\/12\/docentes-bonaerenses-aceptaron-la-propuesta-salarial-en-medio-de-reclamos-por-mejores-condiciones-laborales\/#primaryimage"},"thumbnailUrl":"https:\/\/noticiasmercedinas.com\/site\/wp-content\/uploads\/2019\/02\/docentes.jpg","keywords":["docentes","salarios"],"articleSection":["Provinciales"],"inLanguage":"es"},{"@type":"WebPage","@id":"https:\/\/noticiasmercedinas.com\/site\/2025\/02\/12\/docentes-bonaerenses-aceptaron-la-propuesta-salarial-en-medio-de-reclamos-por-mejores-condiciones-laborales\/","url":"https:\/\/noticiasmercedinas.com\/site\/2025\/02\/12\/docentes-bonaerenses-aceptaron-la-propuesta-salarial-en-medio-de-reclamos-por-mejores-condiciones-laborales\/","name":"Docentes bonaerenses aceptaron la propuesta salarial en medio de reclamos por mejores condiciones laborales","isPartOf":{"@id":"https:\/\/noticiasmercedinas.com\/site\/#website"},"primaryImageOfPage":{"@id":"https:\/\/noticiasmercedinas.com\/site\/2025\/02\/12\/docentes-bonaerenses-aceptaron-la-propuesta-salarial-en-medio-de-reclamos-por-mejores-condiciones-laborales\/#primaryimage"},"image":{"@id":"https:\/\/noticiasmercedinas.com\/site\/2025\/02\/12\/docentes-bonaerenses-aceptaron-la-propuesta-salarial-en-medio-de-reclamos-por-mejores-condiciones-laborales\/#primaryimage"},"thumbnailUrl":"https:\/\/noticiasmercedinas.com\/site\/wp-content\/uploads\/2019\/02\/docentes.jpg","datePublished":"2025-02-12T22:26:25+00:00","breadcrumb":{"@id":"https:\/\/noticiasmercedinas.com\/site\/2025\/02\/12\/docentes-bonaerenses-aceptaron-la-propuesta-salarial-en-medio-de-reclamos-por-mejores-condiciones-laborales\/#breadcrumb"},"inLanguage":"es","potentialAction":[{"@type":"ReadAction","target":["https:\/\/noticiasmercedinas.com\/site\/2025\/02\/12\/docentes-bonaerenses-aceptaron-la-propuesta-salarial-en-medio-de-reclamos-por-mejores-condiciones-laborales\/"]}]},{"@type":"ImageObject","inLanguage":"es","@id":"https:\/\/noticiasmercedinas.com\/site\/2025\/02\/12\/docentes-bonaerenses-aceptaron-la-propuesta-salarial-en-medio-de-reclamos-por-mejores-condiciones-laborales\/#primaryimage","url":"https:\/\/noticiasmercedinas.com\/site\/wp-content\/uploads\/2019\/02\/docentes.jpg","contentUrl":"https:\/\/noticiasmercedinas.com\/site\/wp-content\/uploads\/2019\/02\/docentes.jpg","width":640,"height":478},{"@type":"BreadcrumbList","@id":"https:\/\/noticiasmercedinas.com\/site\/2025\/02\/12\/docentes-bonaerenses-aceptaron-la-propuesta-salarial-en-medio-de-reclamos-por-mejores-condiciones-laborales\/#breadcrumb","itemListElement":[{"@type":"ListItem","position":1,"name":"Portada","item":"https:\/\/noticiasmercedinas.com\/site\/"},{"@type":"ListItem","position":2,"name":"Docentes bonaerenses aceptaron la propuesta salarial en medio de reclamos por mejores condiciones laborales"}]},{"@type":"WebSite","@id":"https:\/\/noticiasmercedinas.com\/site\/#website","url":"https:\/\/noticiasmercedinas.com\/site\/","name":"NOTICIASMERCEDINAS.COM","description":"Mercedes, Buenos Aires, Argentina","publisher":{"@id":"https:\/\/noticiasmercedinas.com\/site\/#organization"},"potentialAction":[{"@type":"SearchAction","target":{"@type":"EntryPoint","urlTemplate":"https:\/\/noticiasmercedinas.com\/site\/?s={search_term_string}"},"query-input":{"@type":"PropertyValueSpecification","valueRequired":true,"valueName":"search_term_string"}}],"inLanguage":"es"},{"@type":"Organization","@id":"https:\/\/noticiasmercedinas.com\/site\/#organization","name":"NOTICIASMERCEDINAS.COM","url":"https:\/\/noticiasmercedinas.com\/site\/","logo":{"@type":"ImageObject","inLanguage":"es","@id":"https:\/\/noticiasmercedinas.com\/site\/#\/schema\/logo\/image\/","url":"https:\/\/noticiasmercedinas.com\/site\/wp-content\/uploads\/2020\/06\/LOGO-512.jpg","contentUrl":"https:\/\/noticiasmercedinas.com\/site\/wp-content\/uploads\/2020\/06\/LOGO-512.jpg","width":512,"height":512,"caption":"NOTICIASMERCEDINAS.COM"},"image":{"@id":"https:\/\/noticiasmercedinas.com\/site\/#\/schema\/logo\/image\/"},"sameAs":["https:\/\/www.facebook.com\/noticiasmercedinas\/","https:\/\/x.com\/notmercedinas","https:\/\/www.instagram.com\/noticiasmercedinas\/"]},{"@type":"Person","@id":"https:\/\/noticiasmercedinas.com\/site\/#\/schema\/person\/84b59c099c28ff2e8b77d4ceec5d8063","name":"NOTICIASMERCEDINAS.COM","image":{"@type":"ImageObject","inLanguage":"es","@id":"https:\/\/secure.gravatar.com\/avatar\/4dfbf16b4d17945bfb6341b2d19043457132fcf478a5ee04f42e959fd8f5df0a?s=96&d=mm&r=g","url":"https:\/\/secure.gravatar.com\/avatar\/4dfbf16b4d17945bfb6341b2d19043457132fcf478a5ee04f42e959fd8f5df0a?s=96&d=mm&r=g","contentUrl":"https:\/\/secure.gravatar.com\/avatar\/4dfbf16b4d17945bfb6341b2d19043457132fcf478a5ee04f42e959fd8f5df0a?s=96&d=mm&r=g","caption":"NOTICIASMERCEDINAS.COM"},"url":"https:\/\/noticiasmercedinas.com\/site\/author\/anonimo\/"}]}},"amp_enabled":true,"_links":{"self":[{"href":"https:\/\/noticiasmercedinas.com\/site\/wp-json\/wp\/v2\/posts\/153431","targetHints":{"allow":["GET"]}}],"collection":[{"href":"https:\/\/noticiasmercedinas.com\/site\/wp-json\/wp\/v2\/posts"}],"about":[{"href":"https:\/\/noticiasmercedinas.com\/site\/wp-json\/wp\/v2\/types\/post"}],"author":[{"embeddable":true,"href":"https:\/\/noticiasmercedinas.com\/site\/wp-json\/wp\/v2\/users\/16"}],"replies":[{"embeddable":true,"href":"https:\/\/noticiasmercedinas.com\/site\/wp-json\/wp\/v2\/comments?post=153431"}],"version-history":[{"count":1,"href":"https:\/\/noticiasmercedinas.com\/site\/wp-json\/wp\/v2\/posts\/153431\/revisions"}],"predecessor-version":[{"id":153432,"href":"https:\/\/noticiasmercedinas.com\/site\/wp-json\/wp\/v2\/posts\/153431\/revisions\/153432"}],"wp:featuredmedia":[{"embeddable":true,"href":"https:\/\/noticiasmercedinas.com\/site\/wp-json\/wp\/v2\/media\/11808"}],"wp:attachment":[{"href":"https:\/\/noticiasmercedinas.com\/site\/wp-json\/wp\/v2\/media?parent=153431"}],"wp:term":[{"taxonomy":"category","embeddable":true,"href":"https:\/\/noticiasmercedinas.com\/site\/wp-json\/wp\/v2\/categories?post=153431"},{"taxonomy":"post_tag","embeddable":true,"href":"https:\/\/noticiasmercedinas.com\/site\/wp-json\/wp\/v2\/tags?post=153431"}],"curies":[{"name":"wp","href":"https:\/\/api.w.org\/{rel}","templated":true}]}}