{"id":153477,"date":"2025-02-13T17:38:20","date_gmt":"2025-02-13T20:38:20","guid":{"rendered":"https:\/\/noticiasmercedinas.com\/site\/?p=153477"},"modified":"2025-02-13T17:38:20","modified_gmt":"2025-02-13T20:38:20","slug":"vecinos-de-agote-reclaman-por-acceso-a-electricidad-y-piden-financiamiento-para-tendido-electrico","status":"publish","type":"post","link":"https:\/\/noticiasmercedinas.com\/site\/2025\/02\/13\/vecinos-de-agote-reclaman-por-acceso-a-electricidad-y-piden-financiamiento-para-tendido-electrico\/","title":{"rendered":"Vecinos de Agote reclaman por acceso a electricidad y piden financiamiento para tendido el\u00e9ctrico"},"content":{"rendered":"<p><img loading=\"lazy\" decoding=\"async\" class=\"alignnone size-full wp-image-54042\" src=\"https:\/\/noticiasmercedinas.com\/site\/wp-content\/uploads\/2020\/10\/agote-e1601563059809.jpg\" alt=\"\" width=\"640\" height=\"369\" \/><\/p>\n<p>Vecinos de Agote, en el partido de Mercedes, retomaron sus reclamos por la falta de luz el\u00e9ctrica en sus domicilios, exigiendo que tanto el municipio como la Cooperativa El\u00e9ctrica Levin financien el tendido y la instalaci\u00f3n en varias manzanas afectadas.<\/p>\n<p>Desde hace tres a\u00f1os, los residentes del barrio vienen presentando documentaci\u00f3n de sus terrenos, firmas y solicitudes, sin obtener una respuesta concreta.<\/p>\n<p>La falta de electricidad impacta directamente en su calidad de vida, ya que no cuentan con ventilaci\u00f3n ni acceso al agua en un verano con temperaturas de 40\u00b0C.<\/p>\n<p>Durante una reuni\u00f3n esta ma\u00f1ana con representantes de la cooperativa, los vecinos se\u00f1alaron que los costos para realizar el tendido el\u00e9ctrico son elevados, y que la \u00fanica soluci\u00f3n viable es el financiamiento por parte del municipio o la cooperativa.<\/p>\n<p>Asimismo, se quejaron de un tratamiento desigual, afirmando que se realizaron obras similares en otras zonas del partido en condiciones m\u00e1s favorables.<\/p>\n<p>\u201cSomos gente trabajadora que solo busca vivir dignamente y pagar dentro de nuestras posibilidades. Pero el presupuesto que nos pasaron de 8 millones por terreno es inalcanzable\u201d, expresaron los vecinos de Diagonal norte.<\/p>\n<p>El grupo asegur\u00f3 que continuar\u00e1 realizando gestiones y presentaciones para presionar por una soluci\u00f3n definitiva a este problema que afecta su vida diaria.<\/p>\n","protected":false},"excerpt":{"rendered":"<p>\u25a0 Se quejan de un tratamiento desigual, afirmando que se realizaron obras similares en otras zonas del partido en condiciones m\u00e1s favorables. Esperan desde hace tres a\u00f1os<\/p>\n","protected":false},"author":16,"featured_media":54042,"comment_status":"closed","ping_status":"closed","sticky":false,"template":"","format":"standard","meta":{"footnotes":""},"categories":[3],"tags":[104,1549,239],"class_list":["post-153477","post","type-post","status-publish","format-standard","has-post-thumbnail","hentry","category-sociedad","tag-agote","tag-luz","tag-vecinos"],"yoast_head":"<!-- This site is optimized with the Yoast SEO plugin v27.4 - https:\/\/yoast.com\/product\/yoast-seo-wordpress\/ -->\n<title>Vecinos de Agote reclaman por acceso a electricidad y piden financiamiento para tendido el\u00e9ctrico<\/title>\n<meta name=\"robots\" content=\"index, follow, max-snippet:-1, max-image-preview:large, max-video-preview:-1\" \/>\n<link rel=\"canonical\" href=\"https:\/\/noticiasmercedinas.com\/site\/2025\/02\/13\/vecinos-de-agote-reclaman-por-acceso-a-electricidad-y-piden-financiamiento-para-tendido-electrico\/\" \/>\n<meta property=\"og:locale\" content=\"es_ES\" \/>\n<meta property=\"og:type\" content=\"article\" \/>\n<meta property=\"og:title\" content=\"Vecinos de Agote reclaman por acceso a electricidad y piden financiamiento para tendido el\u00e9ctrico\" \/>\n<meta property=\"og:description\" content=\"\u25a0 Se quejan de un tratamiento desigual, afirmando que se realizaron obras similares en otras zonas del partido en condiciones m\u00e1s favorables. Esperan desde hace tres a\u00f1os\" \/>\n<meta property=\"og:url\" content=\"https:\/\/noticiasmercedinas.com\/site\/2025\/02\/13\/vecinos-de-agote-reclaman-por-acceso-a-electricidad-y-piden-financiamiento-para-tendido-electrico\/\" \/>\n<meta property=\"og:site_name\" content=\"NOTICIASMERCEDINAS.COM\" \/>\n<meta property=\"article:publisher\" content=\"https:\/\/www.facebook.com\/noticiasmercedinas\/\" \/>\n<meta property=\"article:published_time\" content=\"2025-02-13T20:38:20+00:00\" \/>\n<meta property=\"og:image\" content=\"https:\/\/noticiasmercedinas.com\/site\/wp-content\/uploads\/2020\/10\/agote-e1601563059809.jpg\" \/>\n\t<meta property=\"og:image:width\" content=\"640\" \/>\n\t<meta property=\"og:image:height\" content=\"369\" \/>\n\t<meta property=\"og:image:type\" content=\"image\/jpeg\" \/>\n<meta name=\"author\" content=\"NOTICIASMERCEDINAS.COM\" \/>\n<meta name=\"twitter:card\" content=\"summary_large_image\" \/>\n<meta name=\"twitter:creator\" content=\"@notmercedinas\" \/>\n<meta name=\"twitter:site\" content=\"@notmercedinas\" \/>\n<meta name=\"twitter:label1\" content=\"Escrito por\" \/>\n\t<meta name=\"twitter:data1\" content=\"NOTICIASMERCEDINAS.COM\" \/>\n\t<meta name=\"twitter:label2\" content=\"Tiempo de lectura\" \/>\n\t<meta name=\"twitter:data2\" content=\"1 minuto\" \/>\n<script type=\"application\/ld+json\" class=\"yoast-schema-graph\">{\"@context\":\"https:\\\/\\\/schema.org\",\"@graph\":[{\"@type\":\"Article\",\"@id\":\"https:\\\/\\\/noticiasmercedinas.com\\\/site\\\/2025\\\/02\\\/13\\\/vecinos-de-agote-reclaman-por-acceso-a-electricidad-y-piden-financiamiento-para-tendido-electrico\\\/#article\",\"isPartOf\":{\"@id\":\"https:\\\/\\\/noticiasmercedinas.com\\\/site\\\/2025\\\/02\\\/13\\\/vecinos-de-agote-reclaman-por-acceso-a-electricidad-y-piden-financiamiento-para-tendido-electrico\\\/\"},\"author\":{\"name\":\"NOTICIASMERCEDINAS.COM\",\"@id\":\"https:\\\/\\\/noticiasmercedinas.com\\\/site\\\/#\\\/schema\\\/person\\\/84b59c099c28ff2e8b77d4ceec5d8063\"},\"headline\":\"Vecinos de Agote reclaman por acceso a electricidad y piden financiamiento para tendido el\u00e9ctrico\",\"datePublished\":\"2025-02-13T20:38:20+00:00\",\"mainEntityOfPage\":{\"@id\":\"https:\\\/\\\/noticiasmercedinas.com\\\/site\\\/2025\\\/02\\\/13\\\/vecinos-de-agote-reclaman-por-acceso-a-electricidad-y-piden-financiamiento-para-tendido-electrico\\\/\"},\"wordCount\":234,\"publisher\":{\"@id\":\"https:\\\/\\\/noticiasmercedinas.com\\\/site\\\/#organization\"},\"image\":{\"@id\":\"https:\\\/\\\/noticiasmercedinas.com\\\/site\\\/2025\\\/02\\\/13\\\/vecinos-de-agote-reclaman-por-acceso-a-electricidad-y-piden-financiamiento-para-tendido-electrico\\\/#primaryimage\"},\"thumbnailUrl\":\"https:\\\/\\\/noticiasmercedinas.com\\\/site\\\/wp-content\\\/uploads\\\/2020\\\/10\\\/agote-e1601563059809.jpg\",\"keywords\":[\"agote\",\"luz\",\"vecinos\"],\"articleSection\":[\"Sociedad\"],\"inLanguage\":\"es\"},{\"@type\":\"WebPage\",\"@id\":\"https:\\\/\\\/noticiasmercedinas.com\\\/site\\\/2025\\\/02\\\/13\\\/vecinos-de-agote-reclaman-por-acceso-a-electricidad-y-piden-financiamiento-para-tendido-electrico\\\/\",\"url\":\"https:\\\/\\\/noticiasmercedinas.com\\\/site\\\/2025\\\/02\\\/13\\\/vecinos-de-agote-reclaman-por-acceso-a-electricidad-y-piden-financiamiento-para-tendido-electrico\\\/\",\"name\":\"Vecinos de Agote reclaman por acceso a electricidad y piden financiamiento para tendido el\u00e9ctrico\",\"isPartOf\":{\"@id\":\"https:\\\/\\\/noticiasmercedinas.com\\\/site\\\/#website\"},\"primaryImageOfPage\":{\"@id\":\"https:\\\/\\\/noticiasmercedinas.com\\\/site\\\/2025\\\/02\\\/13\\\/vecinos-de-agote-reclaman-por-acceso-a-electricidad-y-piden-financiamiento-para-tendido-electrico\\\/#primaryimage\"},\"image\":{\"@id\":\"https:\\\/\\\/noticiasmercedinas.com\\\/site\\\/2025\\\/02\\\/13\\\/vecinos-de-agote-reclaman-por-acceso-a-electricidad-y-piden-financiamiento-para-tendido-electrico\\\/#primaryimage\"},\"thumbnailUrl\":\"https:\\\/\\\/noticiasmercedinas.com\\\/site\\\/wp-content\\\/uploads\\\/2020\\\/10\\\/agote-e1601563059809.jpg\",\"datePublished\":\"2025-02-13T20:38:20+00:00\",\"breadcrumb\":{\"@id\":\"https:\\\/\\\/noticiasmercedinas.com\\\/site\\\/2025\\\/02\\\/13\\\/vecinos-de-agote-reclaman-por-acceso-a-electricidad-y-piden-financiamiento-para-tendido-electrico\\\/#breadcrumb\"},\"inLanguage\":\"es\",\"potentialAction\":[{\"@type\":\"ReadAction\",\"target\":[\"https:\\\/\\\/noticiasmercedinas.com\\\/site\\\/2025\\\/02\\\/13\\\/vecinos-de-agote-reclaman-por-acceso-a-electricidad-y-piden-financiamiento-para-tendido-electrico\\\/\"]}]},{\"@type\":\"ImageObject\",\"inLanguage\":\"es\",\"@id\":\"https:\\\/\\\/noticiasmercedinas.com\\\/site\\\/2025\\\/02\\\/13\\\/vecinos-de-agote-reclaman-por-acceso-a-electricidad-y-piden-financiamiento-para-tendido-electrico\\\/#primaryimage\",\"url\":\"https:\\\/\\\/noticiasmercedinas.com\\\/site\\\/wp-content\\\/uploads\\\/2020\\\/10\\\/agote-e1601563059809.jpg\",\"contentUrl\":\"https:\\\/\\\/noticiasmercedinas.com\\\/site\\\/wp-content\\\/uploads\\\/2020\\\/10\\\/agote-e1601563059809.jpg\",\"width\":640,\"height\":369},{\"@type\":\"BreadcrumbList\",\"@id\":\"https:\\\/\\\/noticiasmercedinas.com\\\/site\\\/2025\\\/02\\\/13\\\/vecinos-de-agote-reclaman-por-acceso-a-electricidad-y-piden-financiamiento-para-tendido-electrico\\\/#breadcrumb\",\"itemListElement\":[{\"@type\":\"ListItem\",\"position\":1,\"name\":\"Portada\",\"item\":\"https:\\\/\\\/noticiasmercedinas.com\\\/site\\\/\"},{\"@type\":\"ListItem\",\"position\":2,\"name\":\"Vecinos de Agote reclaman por acceso a electricidad y piden financiamiento para tendido el\u00e9ctrico\"}]},{\"@type\":\"WebSite\",\"@id\":\"https:\\\/\\\/noticiasmercedinas.com\\\/site\\\/#website\",\"url\":\"https:\\\/\\\/noticiasmercedinas.com\\\/site\\\/\",\"name\":\"NOTICIASMERCEDINAS.COM\",\"description\":\"Mercedes, Buenos Aires, Argentina\",\"publisher\":{\"@id\":\"https:\\\/\\\/noticiasmercedinas.com\\\/site\\\/#organization\"},\"potentialAction\":[{\"@type\":\"SearchAction\",\"target\":{\"@type\":\"EntryPoint\",\"urlTemplate\":\"https:\\\/\\\/noticiasmercedinas.com\\\/site\\\/?s={search_term_string}\"},\"query-input\":{\"@type\":\"PropertyValueSpecification\",\"valueRequired\":true,\"valueName\":\"search_term_string\"}}],\"inLanguage\":\"es\"},{\"@type\":\"Organization\",\"@id\":\"https:\\\/\\\/noticiasmercedinas.com\\\/site\\\/#organization\",\"name\":\"NOTICIASMERCEDINAS.COM\",\"url\":\"https:\\\/\\\/noticiasmercedinas.com\\\/site\\\/\",\"logo\":{\"@type\":\"ImageObject\",\"inLanguage\":\"es\",\"@id\":\"https:\\\/\\\/noticiasmercedinas.com\\\/site\\\/#\\\/schema\\\/logo\\\/image\\\/\",\"url\":\"https:\\\/\\\/noticiasmercedinas.com\\\/site\\\/wp-content\\\/uploads\\\/2020\\\/06\\\/LOGO-512.jpg\",\"contentUrl\":\"https:\\\/\\\/noticiasmercedinas.com\\\/site\\\/wp-content\\\/uploads\\\/2020\\\/06\\\/LOGO-512.jpg\",\"width\":512,\"height\":512,\"caption\":\"NOTICIASMERCEDINAS.COM\"},\"image\":{\"@id\":\"https:\\\/\\\/noticiasmercedinas.com\\\/site\\\/#\\\/schema\\\/logo\\\/image\\\/\"},\"sameAs\":[\"https:\\\/\\\/www.facebook.com\\\/noticiasmercedinas\\\/\",\"https:\\\/\\\/x.com\\\/notmercedinas\",\"https:\\\/\\\/www.instagram.com\\\/noticiasmercedinas\\\/\"]},{\"@type\":\"Person\",\"@id\":\"https:\\\/\\\/noticiasmercedinas.com\\\/site\\\/#\\\/schema\\\/person\\\/84b59c099c28ff2e8b77d4ceec5d8063\",\"name\":\"NOTICIASMERCEDINAS.COM\",\"image\":{\"@type\":\"ImageObject\",\"inLanguage\":\"es\",\"@id\":\"https:\\\/\\\/secure.gravatar.com\\\/avatar\\\/4dfbf16b4d17945bfb6341b2d19043457132fcf478a5ee04f42e959fd8f5df0a?s=96&d=mm&r=g\",\"url\":\"https:\\\/\\\/secure.gravatar.com\\\/avatar\\\/4dfbf16b4d17945bfb6341b2d19043457132fcf478a5ee04f42e959fd8f5df0a?s=96&d=mm&r=g\",\"contentUrl\":\"https:\\\/\\\/secure.gravatar.com\\\/avatar\\\/4dfbf16b4d17945bfb6341b2d19043457132fcf478a5ee04f42e959fd8f5df0a?s=96&d=mm&r=g\",\"caption\":\"NOTICIASMERCEDINAS.COM\"},\"url\":\"https:\\\/\\\/noticiasmercedinas.com\\\/site\\\/author\\\/anonimo\\\/\"}]}<\/script>\n<!-- \/ Yoast SEO plugin. -->","yoast_head_json":{"title":"Vecinos de Agote reclaman por acceso a electricidad y piden financiamiento para tendido el\u00e9ctrico","robots":{"index":"index","follow":"follow","max-snippet":"max-snippet:-1","max-image-preview":"max-image-preview:large","max-video-preview":"max-video-preview:-1"},"canonical":"https:\/\/noticiasmercedinas.com\/site\/2025\/02\/13\/vecinos-de-agote-reclaman-por-acceso-a-electricidad-y-piden-financiamiento-para-tendido-electrico\/","og_locale":"es_ES","og_type":"article","og_title":"Vecinos de Agote reclaman por acceso a electricidad y piden financiamiento para tendido el\u00e9ctrico","og_description":"\u25a0 Se quejan de un tratamiento desigual, afirmando que se realizaron obras similares en otras zonas del partido en condiciones m\u00e1s favorables. Esperan desde hace tres a\u00f1os","og_url":"https:\/\/noticiasmercedinas.com\/site\/2025\/02\/13\/vecinos-de-agote-reclaman-por-acceso-a-electricidad-y-piden-financiamiento-para-tendido-electrico\/","og_site_name":"NOTICIASMERCEDINAS.COM","article_publisher":"https:\/\/www.facebook.com\/noticiasmercedinas\/","article_published_time":"2025-02-13T20:38:20+00:00","og_image":[{"width":640,"height":369,"url":"https:\/\/noticiasmercedinas.com\/site\/wp-content\/uploads\/2020\/10\/agote-e1601563059809.jpg","type":"image\/jpeg"}],"author":"NOTICIASMERCEDINAS.COM","twitter_card":"summary_large_image","twitter_creator":"@notmercedinas","twitter_site":"@notmercedinas","twitter_misc":{"Escrito por":"NOTICIASMERCEDINAS.COM","Tiempo de lectura":"1 minuto"},"schema":{"@context":"https:\/\/schema.org","@graph":[{"@type":"Article","@id":"https:\/\/noticiasmercedinas.com\/site\/2025\/02\/13\/vecinos-de-agote-reclaman-por-acceso-a-electricidad-y-piden-financiamiento-para-tendido-electrico\/#article","isPartOf":{"@id":"https:\/\/noticiasmercedinas.com\/site\/2025\/02\/13\/vecinos-de-agote-reclaman-por-acceso-a-electricidad-y-piden-financiamiento-para-tendido-electrico\/"},"author":{"name":"NOTICIASMERCEDINAS.COM","@id":"https:\/\/noticiasmercedinas.com\/site\/#\/schema\/person\/84b59c099c28ff2e8b77d4ceec5d8063"},"headline":"Vecinos de Agote reclaman por acceso a electricidad y piden financiamiento para tendido el\u00e9ctrico","datePublished":"2025-02-13T20:38:20+00:00","mainEntityOfPage":{"@id":"https:\/\/noticiasmercedinas.com\/site\/2025\/02\/13\/vecinos-de-agote-reclaman-por-acceso-a-electricidad-y-piden-financiamiento-para-tendido-electrico\/"},"wordCount":234,"publisher":{"@id":"https:\/\/noticiasmercedinas.com\/site\/#organization"},"image":{"@id":"https:\/\/noticiasmercedinas.com\/site\/2025\/02\/13\/vecinos-de-agote-reclaman-por-acceso-a-electricidad-y-piden-financiamiento-para-tendido-electrico\/#primaryimage"},"thumbnailUrl":"https:\/\/noticiasmercedinas.com\/site\/wp-content\/uploads\/2020\/10\/agote-e1601563059809.jpg","keywords":["agote","luz","vecinos"],"articleSection":["Sociedad"],"inLanguage":"es"},{"@type":"WebPage","@id":"https:\/\/noticiasmercedinas.com\/site\/2025\/02\/13\/vecinos-de-agote-reclaman-por-acceso-a-electricidad-y-piden-financiamiento-para-tendido-electrico\/","url":"https:\/\/noticiasmercedinas.com\/site\/2025\/02\/13\/vecinos-de-agote-reclaman-por-acceso-a-electricidad-y-piden-financiamiento-para-tendido-electrico\/","name":"Vecinos de Agote reclaman por acceso a electricidad y piden financiamiento para tendido el\u00e9ctrico","isPartOf":{"@id":"https:\/\/noticiasmercedinas.com\/site\/#website"},"primaryImageOfPage":{"@id":"https:\/\/noticiasmercedinas.com\/site\/2025\/02\/13\/vecinos-de-agote-reclaman-por-acceso-a-electricidad-y-piden-financiamiento-para-tendido-electrico\/#primaryimage"},"image":{"@id":"https:\/\/noticiasmercedinas.com\/site\/2025\/02\/13\/vecinos-de-agote-reclaman-por-acceso-a-electricidad-y-piden-financiamiento-para-tendido-electrico\/#primaryimage"},"thumbnailUrl":"https:\/\/noticiasmercedinas.com\/site\/wp-content\/uploads\/2020\/10\/agote-e1601563059809.jpg","datePublished":"2025-02-13T20:38:20+00:00","breadcrumb":{"@id":"https:\/\/noticiasmercedinas.com\/site\/2025\/02\/13\/vecinos-de-agote-reclaman-por-acceso-a-electricidad-y-piden-financiamiento-para-tendido-electrico\/#breadcrumb"},"inLanguage":"es","potentialAction":[{"@type":"ReadAction","target":["https:\/\/noticiasmercedinas.com\/site\/2025\/02\/13\/vecinos-de-agote-reclaman-por-acceso-a-electricidad-y-piden-financiamiento-para-tendido-electrico\/"]}]},{"@type":"ImageObject","inLanguage":"es","@id":"https:\/\/noticiasmercedinas.com\/site\/2025\/02\/13\/vecinos-de-agote-reclaman-por-acceso-a-electricidad-y-piden-financiamiento-para-tendido-electrico\/#primaryimage","url":"https:\/\/noticiasmercedinas.com\/site\/wp-content\/uploads\/2020\/10\/agote-e1601563059809.jpg","contentUrl":"https:\/\/noticiasmercedinas.com\/site\/wp-content\/uploads\/2020\/10\/agote-e1601563059809.jpg","width":640,"height":369},{"@type":"BreadcrumbList","@id":"https:\/\/noticiasmercedinas.com\/site\/2025\/02\/13\/vecinos-de-agote-reclaman-por-acceso-a-electricidad-y-piden-financiamiento-para-tendido-electrico\/#breadcrumb","itemListElement":[{"@type":"ListItem","position":1,"name":"Portada","item":"https:\/\/noticiasmercedinas.com\/site\/"},{"@type":"ListItem","position":2,"name":"Vecinos de Agote reclaman por acceso a electricidad y piden financiamiento para tendido el\u00e9ctrico"}]},{"@type":"WebSite","@id":"https:\/\/noticiasmercedinas.com\/site\/#website","url":"https:\/\/noticiasmercedinas.com\/site\/","name":"NOTICIASMERCEDINAS.COM","description":"Mercedes, Buenos Aires, Argentina","publisher":{"@id":"https:\/\/noticiasmercedinas.com\/site\/#organization"},"potentialAction":[{"@type":"SearchAction","target":{"@type":"EntryPoint","urlTemplate":"https:\/\/noticiasmercedinas.com\/site\/?s={search_term_string}"},"query-input":{"@type":"PropertyValueSpecification","valueRequired":true,"valueName":"search_term_string"}}],"inLanguage":"es"},{"@type":"Organization","@id":"https:\/\/noticiasmercedinas.com\/site\/#organization","name":"NOTICIASMERCEDINAS.COM","url":"https:\/\/noticiasmercedinas.com\/site\/","logo":{"@type":"ImageObject","inLanguage":"es","@id":"https:\/\/noticiasmercedinas.com\/site\/#\/schema\/logo\/image\/","url":"https:\/\/noticiasmercedinas.com\/site\/wp-content\/uploads\/2020\/06\/LOGO-512.jpg","contentUrl":"https:\/\/noticiasmercedinas.com\/site\/wp-content\/uploads\/2020\/06\/LOGO-512.jpg","width":512,"height":512,"caption":"NOTICIASMERCEDINAS.COM"},"image":{"@id":"https:\/\/noticiasmercedinas.com\/site\/#\/schema\/logo\/image\/"},"sameAs":["https:\/\/www.facebook.com\/noticiasmercedinas\/","https:\/\/x.com\/notmercedinas","https:\/\/www.instagram.com\/noticiasmercedinas\/"]},{"@type":"Person","@id":"https:\/\/noticiasmercedinas.com\/site\/#\/schema\/person\/84b59c099c28ff2e8b77d4ceec5d8063","name":"NOTICIASMERCEDINAS.COM","image":{"@type":"ImageObject","inLanguage":"es","@id":"https:\/\/secure.gravatar.com\/avatar\/4dfbf16b4d17945bfb6341b2d19043457132fcf478a5ee04f42e959fd8f5df0a?s=96&d=mm&r=g","url":"https:\/\/secure.gravatar.com\/avatar\/4dfbf16b4d17945bfb6341b2d19043457132fcf478a5ee04f42e959fd8f5df0a?s=96&d=mm&r=g","contentUrl":"https:\/\/secure.gravatar.com\/avatar\/4dfbf16b4d17945bfb6341b2d19043457132fcf478a5ee04f42e959fd8f5df0a?s=96&d=mm&r=g","caption":"NOTICIASMERCEDINAS.COM"},"url":"https:\/\/noticiasmercedinas.com\/site\/author\/anonimo\/"}]}},"amp_enabled":true,"_links":{"self":[{"href":"https:\/\/noticiasmercedinas.com\/site\/wp-json\/wp\/v2\/posts\/153477","targetHints":{"allow":["GET"]}}],"collection":[{"href":"https:\/\/noticiasmercedinas.com\/site\/wp-json\/wp\/v2\/posts"}],"about":[{"href":"https:\/\/noticiasmercedinas.com\/site\/wp-json\/wp\/v2\/types\/post"}],"author":[{"embeddable":true,"href":"https:\/\/noticiasmercedinas.com\/site\/wp-json\/wp\/v2\/users\/16"}],"replies":[{"embeddable":true,"href":"https:\/\/noticiasmercedinas.com\/site\/wp-json\/wp\/v2\/comments?post=153477"}],"version-history":[{"count":1,"href":"https:\/\/noticiasmercedinas.com\/site\/wp-json\/wp\/v2\/posts\/153477\/revisions"}],"predecessor-version":[{"id":153478,"href":"https:\/\/noticiasmercedinas.com\/site\/wp-json\/wp\/v2\/posts\/153477\/revisions\/153478"}],"wp:featuredmedia":[{"embeddable":true,"href":"https:\/\/noticiasmercedinas.com\/site\/wp-json\/wp\/v2\/media\/54042"}],"wp:attachment":[{"href":"https:\/\/noticiasmercedinas.com\/site\/wp-json\/wp\/v2\/media?parent=153477"}],"wp:term":[{"taxonomy":"category","embeddable":true,"href":"https:\/\/noticiasmercedinas.com\/site\/wp-json\/wp\/v2\/categories?post=153477"},{"taxonomy":"post_tag","embeddable":true,"href":"https:\/\/noticiasmercedinas.com\/site\/wp-json\/wp\/v2\/tags?post=153477"}],"curies":[{"name":"wp","href":"https:\/\/api.w.org\/{rel}","templated":true}]}}